{"id":12899,"date":"2025-12-17T13:50:04","date_gmt":"2025-12-17T12:50:04","guid":{"rendered":"https:\/\/nordnesrepublikken.no\/index.php\/2025\/12\/17\/bygge-en-egenomsorgsrutine-som-varer\/"},"modified":"2025-12-17T13:50:06","modified_gmt":"2025-12-17T12:50:06","slug":"bygge-en-egenomsorgsrutine-som-varer","status":"publish","type":"post","link":"https:\/\/nordnesrepublikken.no\/index.php\/2025\/12\/17\/bygge-en-egenomsorgsrutine-som-varer\/","title":{"rendered":"Bygge en egenomsorgsrutine som varer"},"content":{"rendered":"<p><\/p>\n<div class=\"wordpress-content\">\n                    <!-- Article Start --><\/p>\n<p>Det er ingen tid som starten p\u00e5 et helt nytt \u00e5r for \u00e5 begynne \u00e5 ta i bruk bedre vaner og ta vare p\u00e5 deg selv. En fersk kalender gir ofte en fornyet f\u00f8lelse av motivasjon, noe som gj\u00f8r den til den perfekte muligheten til \u00e5 reflektere over hva du trenger og hvordan du st\u00f8tter ditt velv\u00e6re.<\/p>\n<p>En fin m\u00e5te \u00e5 gj\u00f8re det p\u00e5 er \u00e5 bygge en egenomsorgsrutine, men trikset er \u00e5 finne en realistisk og hyggelig rutine som varer p\u00e5 lang sikt.<span id=\"more-556264\"><\/span><\/p>\n<h2><strong>Begynn i det sm\u00e5<\/strong><\/h2>\n<p>N\u00f8kkelen er \u00e5 begynne i det sm\u00e5. \u00c5 overhale hele livsstilen din kan f\u00f8les spennende i begynnelsen, men kan f\u00f8re til at du f\u00f8ler deg utbrent f\u00f8r du gj\u00f8r noen reelle fremskritt. Ikke overveld deg selv med \u00e5 f\u00e5 orden p\u00e5 hele livet ditt umiddelbart.<\/p>\n<div class=\"sra_unit\"><link rel=\"stylesheet\" id=\"block-sra\" href=\"https:\/\/euroweeklynews.com\/wp-content\/plugins\/snack-related-articles\/dist\/css\/snack-related.min.css?250312-193541\" type=\"text\/css\" media=\"all\">\n<\/div>\n<p>Velg ett omr\u00e5de du vil forbedre deg p\u00e5 og g\u00e5 derfra. Enkle, h\u00e5ndterbare oppgaver er s\u00e5 mye lettere \u00e5 utf\u00f8re. De gir deg ogs\u00e5 en f\u00f8lelse av prestasjon som vil motivere deg til \u00e5 fortsette. Babysteg vil komme deg mye lenger enn \u00e5 st\u00e5 stille.<\/p>\n<h2><strong>Skaper nye vaner<\/strong><\/h2>\n<p>Eksperter sier at det tar omtrent 66 dager \u00e5 danne nye vaner, s\u00e5 konsistens er langt viktigere enn perfeksjon. Hvis du holder deg utholdende med din enkle rutine, vil den snart bli en annen natur.<\/p>\n<p>N\u00e5r den vanen f\u00f8les etablert, kan du begynne \u00e5 utvikle den videre. Kanskje utvide hudpleierutinen din ved \u00e5 inkludere flere sunnere m\u00e5ltider. Vekst trenger ikke forhastes, det skal f\u00f8les st\u00f8ttende i stedet for forst\u00e5else.<\/p>\n<h2><strong>Hva er ditt &laquo;hvorfor&raquo;?<\/strong><\/h2>\n<p>\u00c5 forst\u00e5 &laquo;hvorfor&raquo; ditt vil g\u00e5 langt i \u00e5 venne deg selv til en ny rutine. N\u00e5r du vet fordelene bak en vane, blir det lettere \u00e5 holde seg motivert. \u00c5 drikke mer vann, for eksempel, handler ikke bare om hydrering, det forbedrer konsentrasjonen, st\u00f8tter ford\u00f8yelsen og hjelper huden din. Det er lettere \u00e5 motivere seg selv til \u00e5 drikke vann, hvis du vet hva du f\u00e5r ut av det i tillegg til flere badepauser.<\/p>\n<h2>Siste tanker<\/h2>\n<p>\u00c5 v\u00e6re sunn i kropp og sinn kan se annerledes ut for alle. Livet kommer selvf\u00f8lgelig til \u00e5 forstyrre rutinen din fra tid til annen. Ikke v\u00e6r hard mot deg selv hvis og n\u00e5r du vakler. V\u00e6r snill mot deg selv, juster n\u00e5r det er n\u00f8dvendig og fortsett videre med din egenomsorgsreise.<\/p>\n<p>                    <!-- Originally published at https:\/\/euroweeklynews.com\/2025\/12\/17\/building-a-self-care-routine-that-lasts\/ on 17 Dec 2025 at 11:02 by Elli Freeman --><br \/>\n                    <!-- Article End -->\n                <\/div>\n","protected":false},"excerpt":{"rendered":"<p>Det er ingen tid som starten p\u00e5 et helt nytt \u00e5r for \u00e5 begynne \u00e5<\/p>\n","protected":false},"author":1,"featured_media":12900,"comment_status":"closed","ping_status":"open","sticky":false,"template":"","format":"standard","meta":{"footnotes":""},"categories":[105],"tags":[570,8488,31,1035],"class_list":["post-12899","post","type-post","status-publish","format-standard","has-post-thumbnail","hentry","category-livsstil","tag-bygge","tag-egenomsorgsrutine","tag-som","tag-varer","generate-columns","tablet-grid-50","mobile-grid-100","grid-parent","grid-33","resize-featured-image"],"yoast_head":"<!-- This site is optimized with the Yoast SEO plugin v24.4 - https:\/\/yoast.com\/wordpress\/plugins\/seo\/ -->\n<title>Bygge en egenomsorgsrutine som varer - Nordnesrepublikken<\/title>\n<meta name=\"robots\" content=\"index, follow, max-snippet:-1, max-image-preview:large, max-video-preview:-1\" \/>\n<link rel=\"canonical\" href=\"https:\/\/nordnesrepublikken.no\/index.php\/2025\/12\/17\/bygge-en-egenomsorgsrutine-som-varer\/\" \/>\n<meta property=\"og:locale\" content=\"nb_NO\" \/>\n<meta property=\"og:type\" content=\"article\" \/>\n<meta property=\"og:title\" content=\"Bygge en egenomsorgsrutine som varer - Nordnesrepublikken\" \/>\n<meta property=\"og:description\" content=\"Det er ingen tid som starten p\u00e5 et helt nytt \u00e5r for \u00e5 begynne \u00e5\" \/>\n<meta property=\"og:url\" content=\"https:\/\/nordnesrepublikken.no\/index.php\/2025\/12\/17\/bygge-en-egenomsorgsrutine-som-varer\/\" \/>\n<meta property=\"og:site_name\" content=\"Nordnesrepublikken\" \/>\n<meta property=\"article:published_time\" content=\"2025-12-17T12:50:04+00:00\" \/>\n<meta property=\"article:modified_time\" content=\"2025-12-17T12:50:06+00:00\" \/>\n<meta property=\"og:image\" content=\"https:\/\/nordnesrepublikken.no\/wp-content\/uploads\/2025\/12\/1765975805_Bygge-en-egenomsorgsrutine-som-varer.jpg\" \/>\n\t<meta property=\"og:image:width\" content=\"1200\" \/>\n\t<meta property=\"og:image:height\" content=\"800\" \/>\n\t<meta property=\"og:image:type\" content=\"image\/jpeg\" \/>\n<meta name=\"author\" content=\"Ole Andersen\" \/>\n<meta name=\"twitter:card\" content=\"summary_large_image\" \/>\n<meta name=\"twitter:label1\" content=\"Skrevet av\" \/>\n\t<meta name=\"twitter:data1\" content=\"Ole Andersen\" \/>\n\t<meta name=\"twitter:label2\" content=\"Ansl. lesetid\" \/>\n\t<meta name=\"twitter:data2\" content=\"2 minutter\" \/>\n<script type=\"application\/ld+json\" class=\"yoast-schema-graph\">{\"@context\":\"https:\/\/schema.org\",\"@graph\":[{\"@type\":\"Article\",\"@id\":\"https:\/\/nordnesrepublikken.no\/index.php\/2025\/12\/17\/bygge-en-egenomsorgsrutine-som-varer\/#article\",\"isPartOf\":{\"@id\":\"https:\/\/nordnesrepublikken.no\/index.php\/2025\/12\/17\/bygge-en-egenomsorgsrutine-som-varer\/\"},\"author\":{\"name\":\"Ole Andersen\",\"@id\":\"https:\/\/nordnesrepublikken.no\/#\/schema\/person\/2e7e81935bab77882fffb79296240ff1\"},\"headline\":\"Bygge en egenomsorgsrutine som varer\",\"datePublished\":\"2025-12-17T12:50:04+00:00\",\"dateModified\":\"2025-12-17T12:50:06+00:00\",\"mainEntityOfPage\":{\"@id\":\"https:\/\/nordnesrepublikken.no\/index.php\/2025\/12\/17\/bygge-en-egenomsorgsrutine-som-varer\/\"},\"wordCount\":397,\"publisher\":{\"@id\":\"https:\/\/nordnesrepublikken.no\/#organization\"},\"image\":{\"@id\":\"https:\/\/nordnesrepublikken.no\/index.php\/2025\/12\/17\/bygge-en-egenomsorgsrutine-som-varer\/#primaryimage\"},\"thumbnailUrl\":\"https:\/\/nordnesrepublikken.no\/wp-content\/uploads\/2025\/12\/1765975805_Bygge-en-egenomsorgsrutine-som-varer.jpg\",\"keywords\":[\"bygge\",\"egenomsorgsrutine\",\"som\",\"varer\"],\"articleSection\":[\"Livsstil\"],\"inLanguage\":\"nb-NO\"},{\"@type\":\"WebPage\",\"@id\":\"https:\/\/nordnesrepublikken.no\/index.php\/2025\/12\/17\/bygge-en-egenomsorgsrutine-som-varer\/\",\"url\":\"https:\/\/nordnesrepublikken.no\/index.php\/2025\/12\/17\/bygge-en-egenomsorgsrutine-som-varer\/\",\"name\":\"Bygge en egenomsorgsrutine som varer - Nordnesrepublikken\",\"isPartOf\":{\"@id\":\"https:\/\/nordnesrepublikken.no\/#website\"},\"primaryImageOfPage\":{\"@id\":\"https:\/\/nordnesrepublikken.no\/index.php\/2025\/12\/17\/bygge-en-egenomsorgsrutine-som-varer\/#primaryimage\"},\"image\":{\"@id\":\"https:\/\/nordnesrepublikken.no\/index.php\/2025\/12\/17\/bygge-en-egenomsorgsrutine-som-varer\/#primaryimage\"},\"thumbnailUrl\":\"https:\/\/nordnesrepublikken.no\/wp-content\/uploads\/2025\/12\/1765975805_Bygge-en-egenomsorgsrutine-som-varer.jpg\",\"datePublished\":\"2025-12-17T12:50:04+00:00\",\"dateModified\":\"2025-12-17T12:50:06+00:00\",\"breadcrumb\":{\"@id\":\"https:\/\/nordnesrepublikken.no\/index.php\/2025\/12\/17\/bygge-en-egenomsorgsrutine-som-varer\/#breadcrumb\"},\"inLanguage\":\"nb-NO\",\"potentialAction\":[{\"@type\":\"ReadAction\",\"target\":[\"https:\/\/nordnesrepublikken.no\/index.php\/2025\/12\/17\/bygge-en-egenomsorgsrutine-som-varer\/\"]}]},{\"@type\":\"ImageObject\",\"inLanguage\":\"nb-NO\",\"@id\":\"https:\/\/nordnesrepublikken.no\/index.php\/2025\/12\/17\/bygge-en-egenomsorgsrutine-som-varer\/#primaryimage\",\"url\":\"https:\/\/nordnesrepublikken.no\/wp-content\/uploads\/2025\/12\/1765975805_Bygge-en-egenomsorgsrutine-som-varer.jpg\",\"contentUrl\":\"https:\/\/nordnesrepublikken.no\/wp-content\/uploads\/2025\/12\/1765975805_Bygge-en-egenomsorgsrutine-som-varer.jpg\",\"width\":1200,\"height\":800,\"caption\":\"Bygge en egenomsorgsrutine som varer\"},{\"@type\":\"BreadcrumbList\",\"@id\":\"https:\/\/nordnesrepublikken.no\/index.php\/2025\/12\/17\/bygge-en-egenomsorgsrutine-som-varer\/#breadcrumb\",\"itemListElement\":[{\"@type\":\"ListItem\",\"position\":1,\"name\":\"Home\",\"item\":\"https:\/\/nordnesrepublikken.no\/\"},{\"@type\":\"ListItem\",\"position\":2,\"name\":\"Bygge en egenomsorgsrutine som varer\"}]},{\"@type\":\"WebSite\",\"@id\":\"https:\/\/nordnesrepublikken.no\/#website\",\"url\":\"https:\/\/nordnesrepublikken.no\/\",\"name\":\"Nordnesrepublikken\",\"description\":\"Stemmer og Visjoner fra Republikkens Hjerte\",\"publisher\":{\"@id\":\"https:\/\/nordnesrepublikken.no\/#organization\"},\"potentialAction\":[{\"@type\":\"SearchAction\",\"target\":{\"@type\":\"EntryPoint\",\"urlTemplate\":\"https:\/\/nordnesrepublikken.no\/?s={search_term_string}\"},\"query-input\":{\"@type\":\"PropertyValueSpecification\",\"valueRequired\":true,\"valueName\":\"search_term_string\"}}],\"inLanguage\":\"nb-NO\"},{\"@type\":\"Organization\",\"@id\":\"https:\/\/nordnesrepublikken.no\/#organization\",\"name\":\"Nordnesrepublikken\",\"url\":\"https:\/\/nordnesrepublikken.no\/\",\"logo\":{\"@type\":\"ImageObject\",\"inLanguage\":\"nb-NO\",\"@id\":\"https:\/\/nordnesrepublikken.no\/#\/schema\/logo\/image\/\",\"url\":\"https:\/\/nordnesrepublikken.no\/wp-content\/uploads\/2025\/02\/cropped-nordnesrepublikken-2.png\",\"contentUrl\":\"https:\/\/nordnesrepublikken.no\/wp-content\/uploads\/2025\/02\/cropped-nordnesrepublikken-2.png\",\"width\":1248,\"height\":362,\"caption\":\"Nordnesrepublikken\"},\"image\":{\"@id\":\"https:\/\/nordnesrepublikken.no\/#\/schema\/logo\/image\/\"}},{\"@type\":\"Person\",\"@id\":\"https:\/\/nordnesrepublikken.no\/#\/schema\/person\/2e7e81935bab77882fffb79296240ff1\",\"name\":\"Ole Andersen\",\"image\":{\"@type\":\"ImageObject\",\"inLanguage\":\"nb-NO\",\"@id\":\"https:\/\/nordnesrepublikken.no\/#\/schema\/person\/image\/\",\"url\":\"https:\/\/nordnesrepublikken.no\/wp-content\/uploads\/2025\/02\/nordnesrepublikken-2-2-150x150.jpg\",\"contentUrl\":\"https:\/\/nordnesrepublikken.no\/wp-content\/uploads\/2025\/02\/nordnesrepublikken-2-2-150x150.jpg\",\"caption\":\"Ole Andersen\"},\"description\":\"Ettersom jeg vokste opp i Oslo, har jeg alltid v\u00e6rt fascinert av ordenes kraft og deres evne til \u00e5 skape endringer. Etter \u00e5 ha fullf\u00f8rt min utdannelse i kommunikasjon ved Universitetet i Bergen, fikk jeg muligheten til \u00e5 jobbe innen ulike medier, der jeg har s\u00f8kt \u00e5 belyse viktige samfunnssp\u00f8rsm\u00e5l. I dag, som redakt\u00f8r for Nordnesrepublikken, pr\u00f8ver jeg \u00e5 forene min kj\u00e6rlighet for journalistikk med min lidenskap for innovasjon og eventyr.\",\"sameAs\":[\"https:\/\/nordnesrepublikken.no\/\"]}]}<\/script>\n<!-- \/ Yoast SEO plugin. -->","yoast_head_json":{"title":"Bygge en egenomsorgsrutine som varer - Nordnesrepublikken","robots":{"index":"index","follow":"follow","max-snippet":"max-snippet:-1","max-image-preview":"max-image-preview:large","max-video-preview":"max-video-preview:-1"},"canonical":"https:\/\/nordnesrepublikken.no\/index.php\/2025\/12\/17\/bygge-en-egenomsorgsrutine-som-varer\/","og_locale":"nb_NO","og_type":"article","og_title":"Bygge en egenomsorgsrutine som varer - Nordnesrepublikken","og_description":"Det er ingen tid som starten p\u00e5 et helt nytt \u00e5r for \u00e5 begynne \u00e5","og_url":"https:\/\/nordnesrepublikken.no\/index.php\/2025\/12\/17\/bygge-en-egenomsorgsrutine-som-varer\/","og_site_name":"Nordnesrepublikken","article_published_time":"2025-12-17T12:50:04+00:00","article_modified_time":"2025-12-17T12:50:06+00:00","og_image":[{"width":1200,"height":800,"url":"https:\/\/nordnesrepublikken.no\/wp-content\/uploads\/2025\/12\/1765975805_Bygge-en-egenomsorgsrutine-som-varer.jpg","type":"image\/jpeg"}],"author":"Ole Andersen","twitter_card":"summary_large_image","twitter_misc":{"Skrevet av":"Ole Andersen","Ansl. lesetid":"2 minutter"},"schema":{"@context":"https:\/\/schema.org","@graph":[{"@type":"Article","@id":"https:\/\/nordnesrepublikken.no\/index.php\/2025\/12\/17\/bygge-en-egenomsorgsrutine-som-varer\/#article","isPartOf":{"@id":"https:\/\/nordnesrepublikken.no\/index.php\/2025\/12\/17\/bygge-en-egenomsorgsrutine-som-varer\/"},"author":{"name":"Ole Andersen","@id":"https:\/\/nordnesrepublikken.no\/#\/schema\/person\/2e7e81935bab77882fffb79296240ff1"},"headline":"Bygge en egenomsorgsrutine som varer","datePublished":"2025-12-17T12:50:04+00:00","dateModified":"2025-12-17T12:50:06+00:00","mainEntityOfPage":{"@id":"https:\/\/nordnesrepublikken.no\/index.php\/2025\/12\/17\/bygge-en-egenomsorgsrutine-som-varer\/"},"wordCount":397,"publisher":{"@id":"https:\/\/nordnesrepublikken.no\/#organization"},"image":{"@id":"https:\/\/nordnesrepublikken.no\/index.php\/2025\/12\/17\/bygge-en-egenomsorgsrutine-som-varer\/#primaryimage"},"thumbnailUrl":"https:\/\/nordnesrepublikken.no\/wp-content\/uploads\/2025\/12\/1765975805_Bygge-en-egenomsorgsrutine-som-varer.jpg","keywords":["bygge","egenomsorgsrutine","som","varer"],"articleSection":["Livsstil"],"inLanguage":"nb-NO"},{"@type":"WebPage","@id":"https:\/\/nordnesrepublikken.no\/index.php\/2025\/12\/17\/bygge-en-egenomsorgsrutine-som-varer\/","url":"https:\/\/nordnesrepublikken.no\/index.php\/2025\/12\/17\/bygge-en-egenomsorgsrutine-som-varer\/","name":"Bygge en egenomsorgsrutine som varer - Nordnesrepublikken","isPartOf":{"@id":"https:\/\/nordnesrepublikken.no\/#website"},"primaryImageOfPage":{"@id":"https:\/\/nordnesrepublikken.no\/index.php\/2025\/12\/17\/bygge-en-egenomsorgsrutine-som-varer\/#primaryimage"},"image":{"@id":"https:\/\/nordnesrepublikken.no\/index.php\/2025\/12\/17\/bygge-en-egenomsorgsrutine-som-varer\/#primaryimage"},"thumbnailUrl":"https:\/\/nordnesrepublikken.no\/wp-content\/uploads\/2025\/12\/1765975805_Bygge-en-egenomsorgsrutine-som-varer.jpg","datePublished":"2025-12-17T12:50:04+00:00","dateModified":"2025-12-17T12:50:06+00:00","breadcrumb":{"@id":"https:\/\/nordnesrepublikken.no\/index.php\/2025\/12\/17\/bygge-en-egenomsorgsrutine-som-varer\/#breadcrumb"},"inLanguage":"nb-NO","potentialAction":[{"@type":"ReadAction","target":["https:\/\/nordnesrepublikken.no\/index.php\/2025\/12\/17\/bygge-en-egenomsorgsrutine-som-varer\/"]}]},{"@type":"ImageObject","inLanguage":"nb-NO","@id":"https:\/\/nordnesrepublikken.no\/index.php\/2025\/12\/17\/bygge-en-egenomsorgsrutine-som-varer\/#primaryimage","url":"https:\/\/nordnesrepublikken.no\/wp-content\/uploads\/2025\/12\/1765975805_Bygge-en-egenomsorgsrutine-som-varer.jpg","contentUrl":"https:\/\/nordnesrepublikken.no\/wp-content\/uploads\/2025\/12\/1765975805_Bygge-en-egenomsorgsrutine-som-varer.jpg","width":1200,"height":800,"caption":"Bygge en egenomsorgsrutine som varer"},{"@type":"BreadcrumbList","@id":"https:\/\/nordnesrepublikken.no\/index.php\/2025\/12\/17\/bygge-en-egenomsorgsrutine-som-varer\/#breadcrumb","itemListElement":[{"@type":"ListItem","position":1,"name":"Home","item":"https:\/\/nordnesrepublikken.no\/"},{"@type":"ListItem","position":2,"name":"Bygge en egenomsorgsrutine som varer"}]},{"@type":"WebSite","@id":"https:\/\/nordnesrepublikken.no\/#website","url":"https:\/\/nordnesrepublikken.no\/","name":"Nordnesrepublikken","description":"Stemmer og Visjoner fra Republikkens Hjerte","publisher":{"@id":"https:\/\/nordnesrepublikken.no\/#organization"},"potentialAction":[{"@type":"SearchAction","target":{"@type":"EntryPoint","urlTemplate":"https:\/\/nordnesrepublikken.no\/?s={search_term_string}"},"query-input":{"@type":"PropertyValueSpecification","valueRequired":true,"valueName":"search_term_string"}}],"inLanguage":"nb-NO"},{"@type":"Organization","@id":"https:\/\/nordnesrepublikken.no\/#organization","name":"Nordnesrepublikken","url":"https:\/\/nordnesrepublikken.no\/","logo":{"@type":"ImageObject","inLanguage":"nb-NO","@id":"https:\/\/nordnesrepublikken.no\/#\/schema\/logo\/image\/","url":"https:\/\/nordnesrepublikken.no\/wp-content\/uploads\/2025\/02\/cropped-nordnesrepublikken-2.png","contentUrl":"https:\/\/nordnesrepublikken.no\/wp-content\/uploads\/2025\/02\/cropped-nordnesrepublikken-2.png","width":1248,"height":362,"caption":"Nordnesrepublikken"},"image":{"@id":"https:\/\/nordnesrepublikken.no\/#\/schema\/logo\/image\/"}},{"@type":"Person","@id":"https:\/\/nordnesrepublikken.no\/#\/schema\/person\/2e7e81935bab77882fffb79296240ff1","name":"Ole Andersen","image":{"@type":"ImageObject","inLanguage":"nb-NO","@id":"https:\/\/nordnesrepublikken.no\/#\/schema\/person\/image\/","url":"https:\/\/nordnesrepublikken.no\/wp-content\/uploads\/2025\/02\/nordnesrepublikken-2-2-150x150.jpg","contentUrl":"https:\/\/nordnesrepublikken.no\/wp-content\/uploads\/2025\/02\/nordnesrepublikken-2-2-150x150.jpg","caption":"Ole Andersen"},"description":"Ettersom jeg vokste opp i Oslo, har jeg alltid v\u00e6rt fascinert av ordenes kraft og deres evne til \u00e5 skape endringer. Etter \u00e5 ha fullf\u00f8rt min utdannelse i kommunikasjon ved Universitetet i Bergen, fikk jeg muligheten til \u00e5 jobbe innen ulike medier, der jeg har s\u00f8kt \u00e5 belyse viktige samfunnssp\u00f8rsm\u00e5l. I dag, som redakt\u00f8r for Nordnesrepublikken, pr\u00f8ver jeg \u00e5 forene min kj\u00e6rlighet for journalistikk med min lidenskap for innovasjon og eventyr.","sameAs":["https:\/\/nordnesrepublikken.no\/"]}]}},"_links":{"self":[{"href":"https:\/\/nordnesrepublikken.no\/index.php\/wp-json\/wp\/v2\/posts\/12899","targetHints":{"allow":["GET"]}}],"collection":[{"href":"https:\/\/nordnesrepublikken.no\/index.php\/wp-json\/wp\/v2\/posts"}],"about":[{"href":"https:\/\/nordnesrepublikken.no\/index.php\/wp-json\/wp\/v2\/types\/post"}],"author":[{"embeddable":true,"href":"https:\/\/nordnesrepublikken.no\/index.php\/wp-json\/wp\/v2\/users\/1"}],"replies":[{"embeddable":true,"href":"https:\/\/nordnesrepublikken.no\/index.php\/wp-json\/wp\/v2\/comments?post=12899"}],"version-history":[{"count":1,"href":"https:\/\/nordnesrepublikken.no\/index.php\/wp-json\/wp\/v2\/posts\/12899\/revisions"}],"predecessor-version":[{"id":12901,"href":"https:\/\/nordnesrepublikken.no\/index.php\/wp-json\/wp\/v2\/posts\/12899\/revisions\/12901"}],"wp:featuredmedia":[{"embeddable":true,"href":"https:\/\/nordnesrepublikken.no\/index.php\/wp-json\/wp\/v2\/media\/12900"}],"wp:attachment":[{"href":"https:\/\/nordnesrepublikken.no\/index.php\/wp-json\/wp\/v2\/media?parent=12899"}],"wp:term":[{"taxonomy":"category","embeddable":true,"href":"https:\/\/nordnesrepublikken.no\/index.php\/wp-json\/wp\/v2\/categories?post=12899"},{"taxonomy":"post_tag","embeddable":true,"href":"https:\/\/nordnesrepublikken.no\/index.php\/wp-json\/wp\/v2\/tags?post=12899"}],"curies":[{"name":"wp","href":"https:\/\/api.w.org\/{rel}","templated":true}]}}