{"id":12893,"date":"2025-12-17T11:52:05","date_gmt":"2025-12-17T10:52:05","guid":{"rendered":"https:\/\/nordnesrepublikken.no\/index.php\/2025\/12\/17\/har-vi-pa-oss-pelshetter-pa-feil-mate-la-oss-analysere-den-virale-videoen\/"},"modified":"2025-12-17T11:52:06","modified_gmt":"2025-12-17T10:52:06","slug":"har-vi-pa-oss-pelshetter-pa-feil-mate-la-oss-analysere-den-virale-videoen","status":"publish","type":"post","link":"https:\/\/nordnesrepublikken.no\/index.php\/2025\/12\/17\/har-vi-pa-oss-pelshetter-pa-feil-mate-la-oss-analysere-den-virale-videoen\/","title":{"rendered":"Har vi p\u00e5 oss pelshetter p\u00e5 feil m\u00e5te? La oss analysere den virale videoen"},"content":{"rendered":"<div>\n<div class=\"cp_wrapper cp_wrapper--fw mb-30 mb-20@tablet\">\n<figure class=\"mm\"><picture class=\"img\" style=\"padding-top:56.25%\"><source  media=\"(min-width: 1024px)\"><source  media=\"(min-width: 768px)\"><\/source><\/source><\/picture><\/figure>\n<\/p><\/div>\n<p>En kvinnes video har g\u00e5tt viralt p\u00e5 sosiale medier, if\u00f8lge hvilken vi ville b\u00e6re kl\u00e6r p\u00e5 feil m\u00e5te <strong>hetter med pels <\/strong>typisk for mange vinterjakker, som st\u00f8tter kanten med pels <strong>den skal brettes innvendig<\/strong> av selve hetten for \u00e5 holde hodet varmere. I kommentarfeltet br\u00f8t det ut en heftig debatt mellom tilhengere og motstandere av denne teorien. Men hva sier vitenskapen om det? Egentlig har pelsen p\u00e5 utsiden en veldig nyttig funksjon, dvs <strong>beskytte ansiktet ditt<\/strong>ikke bare fra kulde, men ogs\u00e5 fra vind og fuktighet.<\/p>\n<p>La oss f\u00f8rst lage en hellig premiss: hetter med pels har ogs\u00e5 en <strong>estetisk funksjon<\/strong>det vil si at de som liker denne stilen og foretrekker at hetten p\u00e5 jakken skal ha synlig pels uavhengig av varmeisolasjonsproblemer, bruker ikke hetten p\u00e5 feil m\u00e5te. For eksempel, de som liker \u00e5 bruke caps med visiret bakover, gj\u00f8r det av grunner <strong>stilistisk og<\/strong> <strong>sosiokulturelle<\/strong> som ikke har noe \u00e5 gj\u00f8re med det praktiske form\u00e5let med et visir, det vil si \u00e5 skjerme sollys fra \u00f8ynene. Kanskje for noen mennesker kan h\u00e5ret i direkte kontakt med hodet v\u00e6re en plage eller \u00f8delegge frisyrer og frisyrer.<\/p>\n<p>Men la oss g\u00e5 videre til de tekniske problemene. La oss ta utgangspunkt i en veldig enkel betraktning: selv om det er en &laquo;riktig m\u00e5te&raquo; \u00e5 b\u00e6re pelsen p\u00e5 en hette, hvis den &laquo;riktige m\u00e5ten&raquo; var inne i selve hetten, ville jakkeprodusenter laget hettene som dette. Som i alle ting, <strong>alt avhenger av form\u00e5let<\/strong> som du \u00f8nsker \u00e5 oppn\u00e5. De <strong>inuitter<\/strong>for eksempel har brukt hetten med pels i ytterkanten i \u00e5rtusener og knapt noen skulle tro at de hele denne tiden har tatt feil om noe s\u00e5 avgj\u00f8rende for dem.<\/p>\n<p>Faktum er at pelsen p\u00e5 utsiden har en helt spesifikk funksjon, dvs <strong>gj\u00f8r kulden mer utholdelig for ansiktet ditt<\/strong>som er den eneste delen av hodet som ikke dekkes av hetten. Pels \u2013 naturlig eller syntetisk \u2013 er faktisk det <strong>utmerkede termiske isolatorer <\/strong>fordi de &laquo;fanger&raquo; sm\u00e5 luftlommer inne i strukturen, og skaper effektivt en slags <strong>&laquo;mikroklima&raquo;<\/strong> som reduserer varmespredningen drastisk. Kort fortalt holder pelsen p\u00e5 hetten luften rundt ansiktet litt varmere enn luften rundt, og dette bidrar til at vi f\u00f8ler oss mindre kalde i ansiktet.<\/p>\n<p>S\u00e5 er det det faktum at h\u00e5ret mekanisk reparerer ansiktet fra<strong> vind<\/strong>, <strong>regn<\/strong> Og <strong>sn\u00f8<\/strong>og sparer oss for mange problemer n\u00e5r v\u00e6ret ikke akkurat er det beste. Til slutt skjermer h\u00e5rene mot fuktigheten i luften, som har en tendens til \u00e5 samle seg i sm\u00e5 dr\u00e5per rundt den tynne og langstrakte strukturen til h\u00e5rene. Jo mer &laquo;v\u00e5tt&raquo; h\u00e5ret blir, jo mindre fuktighet ender vi opp i ansiktet.<\/p>\n<p>Kort sagt, bretting av pelsen p\u00e5 hetten bakover hjelper absolutt hodet til \u00e5 varme opp, men p\u00e5 bekostning av komforten i ansiktet, som er hovedm\u00e5let med pelsen. Om ikke annet fikk den virale videoen mange til \u00e5 oppdage den <strong>at denne &laquo;konfigurasjonen&raquo; ogs\u00e5 eksisterer<\/strong> for hetten din, som du kan velge om du vil adoptere eller ikke avhengig av situasjonen.<\/p>\n<\/p><\/div>\n","protected":false},"excerpt":{"rendered":"<p>En kvinnes video har g\u00e5tt viralt p\u00e5 sosiale medier, if\u00f8lge hvilken vi ville b\u00e6re kl\u00e6r<\/p>\n","protected":false},"author":1,"featured_media":12894,"comment_status":"closed","ping_status":"open","sticky":false,"template":"","format":"standard","meta":{"footnotes":""},"categories":[24],"tags":[8487,74,2113,179,984,657,81,8486,2433,1338],"class_list":["post-12893","post","type-post","status-publish","format-standard","has-post-thumbnail","hentry","category-vitenskap","tag-analysere","tag-den","tag-feil","tag-har","tag-mate","tag-oss","tag-pa","tag-pelshetter","tag-videoen","tag-virale","generate-columns","tablet-grid-50","mobile-grid-100","grid-parent","grid-33","resize-featured-image"],"yoast_head":"<!-- This site is optimized with the Yoast SEO plugin v24.4 - https:\/\/yoast.com\/wordpress\/plugins\/seo\/ -->\n<title>Har vi p\u00e5 oss pelshetter p\u00e5 feil m\u00e5te? La oss analysere den virale videoen - Nordnesrepublikken<\/title>\n<meta name=\"robots\" content=\"index, follow, max-snippet:-1, max-image-preview:large, max-video-preview:-1\" \/>\n<link rel=\"canonical\" href=\"https:\/\/nordnesrepublikken.no\/index.php\/2025\/12\/17\/har-vi-pa-oss-pelshetter-pa-feil-mate-la-oss-analysere-den-virale-videoen\/\" \/>\n<meta property=\"og:locale\" content=\"nb_NO\" \/>\n<meta property=\"og:type\" content=\"article\" \/>\n<meta property=\"og:title\" content=\"Har vi p\u00e5 oss pelshetter p\u00e5 feil m\u00e5te? La oss analysere den virale videoen - Nordnesrepublikken\" \/>\n<meta property=\"og:description\" content=\"En kvinnes video har g\u00e5tt viralt p\u00e5 sosiale medier, if\u00f8lge hvilken vi ville b\u00e6re kl\u00e6r\" \/>\n<meta property=\"og:url\" content=\"https:\/\/nordnesrepublikken.no\/index.php\/2025\/12\/17\/har-vi-pa-oss-pelshetter-pa-feil-mate-la-oss-analysere-den-virale-videoen\/\" \/>\n<meta property=\"og:site_name\" content=\"Nordnesrepublikken\" \/>\n<meta property=\"article:published_time\" content=\"2025-12-17T10:52:05+00:00\" \/>\n<meta property=\"article:modified_time\" content=\"2025-12-17T10:52:06+00:00\" \/>\n<meta property=\"og:image\" content=\"https:\/\/nordnesrepublikken.no\/wp-content\/uploads\/2025\/12\/1765968725_Har-vi-pa-oss-pelshetter-pa-feil-mate-La-oss.jpg\" \/>\n\t<meta property=\"og:image:width\" content=\"1582\" \/>\n\t<meta property=\"og:image:height\" content=\"1170\" \/>\n\t<meta property=\"og:image:type\" content=\"image\/jpeg\" \/>\n<meta name=\"author\" content=\"Ole Andersen\" \/>\n<meta name=\"twitter:card\" content=\"summary_large_image\" \/>\n<meta name=\"twitter:label1\" content=\"Skrevet av\" \/>\n\t<meta name=\"twitter:data1\" content=\"Ole Andersen\" \/>\n\t<meta name=\"twitter:label2\" content=\"Ansl. lesetid\" \/>\n\t<meta name=\"twitter:data2\" content=\"3 minutter\" \/>\n<script type=\"application\/ld+json\" class=\"yoast-schema-graph\">{\"@context\":\"https:\/\/schema.org\",\"@graph\":[{\"@type\":\"Article\",\"@id\":\"https:\/\/nordnesrepublikken.no\/index.php\/2025\/12\/17\/har-vi-pa-oss-pelshetter-pa-feil-mate-la-oss-analysere-den-virale-videoen\/#article\",\"isPartOf\":{\"@id\":\"https:\/\/nordnesrepublikken.no\/index.php\/2025\/12\/17\/har-vi-pa-oss-pelshetter-pa-feil-mate-la-oss-analysere-den-virale-videoen\/\"},\"author\":{\"name\":\"Ole Andersen\",\"@id\":\"https:\/\/nordnesrepublikken.no\/#\/schema\/person\/2e7e81935bab77882fffb79296240ff1\"},\"headline\":\"Har vi p\u00e5 oss pelshetter p\u00e5 feil m\u00e5te? La oss analysere den virale videoen\",\"datePublished\":\"2025-12-17T10:52:05+00:00\",\"dateModified\":\"2025-12-17T10:52:06+00:00\",\"mainEntityOfPage\":{\"@id\":\"https:\/\/nordnesrepublikken.no\/index.php\/2025\/12\/17\/har-vi-pa-oss-pelshetter-pa-feil-mate-la-oss-analysere-den-virale-videoen\/\"},\"wordCount\":523,\"publisher\":{\"@id\":\"https:\/\/nordnesrepublikken.no\/#organization\"},\"image\":{\"@id\":\"https:\/\/nordnesrepublikken.no\/index.php\/2025\/12\/17\/har-vi-pa-oss-pelshetter-pa-feil-mate-la-oss-analysere-den-virale-videoen\/#primaryimage\"},\"thumbnailUrl\":\"https:\/\/nordnesrepublikken.no\/wp-content\/uploads\/2025\/12\/1765968725_Har-vi-pa-oss-pelshetter-pa-feil-mate-La-oss.jpg\",\"keywords\":[\"analysere\",\"den\",\"feil\",\"har\",\"m\u00e5te\",\"oss\",\"p\u00e5\",\"pelshetter\",\"videoen\",\"virale\"],\"articleSection\":[\"Vitenskap\"],\"inLanguage\":\"nb-NO\"},{\"@type\":\"WebPage\",\"@id\":\"https:\/\/nordnesrepublikken.no\/index.php\/2025\/12\/17\/har-vi-pa-oss-pelshetter-pa-feil-mate-la-oss-analysere-den-virale-videoen\/\",\"url\":\"https:\/\/nordnesrepublikken.no\/index.php\/2025\/12\/17\/har-vi-pa-oss-pelshetter-pa-feil-mate-la-oss-analysere-den-virale-videoen\/\",\"name\":\"Har vi p\u00e5 oss pelshetter p\u00e5 feil m\u00e5te? La oss analysere den virale videoen - Nordnesrepublikken\",\"isPartOf\":{\"@id\":\"https:\/\/nordnesrepublikken.no\/#website\"},\"primaryImageOfPage\":{\"@id\":\"https:\/\/nordnesrepublikken.no\/index.php\/2025\/12\/17\/har-vi-pa-oss-pelshetter-pa-feil-mate-la-oss-analysere-den-virale-videoen\/#primaryimage\"},\"image\":{\"@id\":\"https:\/\/nordnesrepublikken.no\/index.php\/2025\/12\/17\/har-vi-pa-oss-pelshetter-pa-feil-mate-la-oss-analysere-den-virale-videoen\/#primaryimage\"},\"thumbnailUrl\":\"https:\/\/nordnesrepublikken.no\/wp-content\/uploads\/2025\/12\/1765968725_Har-vi-pa-oss-pelshetter-pa-feil-mate-La-oss.jpg\",\"datePublished\":\"2025-12-17T10:52:05+00:00\",\"dateModified\":\"2025-12-17T10:52:06+00:00\",\"breadcrumb\":{\"@id\":\"https:\/\/nordnesrepublikken.no\/index.php\/2025\/12\/17\/har-vi-pa-oss-pelshetter-pa-feil-mate-la-oss-analysere-den-virale-videoen\/#breadcrumb\"},\"inLanguage\":\"nb-NO\",\"potentialAction\":[{\"@type\":\"ReadAction\",\"target\":[\"https:\/\/nordnesrepublikken.no\/index.php\/2025\/12\/17\/har-vi-pa-oss-pelshetter-pa-feil-mate-la-oss-analysere-den-virale-videoen\/\"]}]},{\"@type\":\"ImageObject\",\"inLanguage\":\"nb-NO\",\"@id\":\"https:\/\/nordnesrepublikken.no\/index.php\/2025\/12\/17\/har-vi-pa-oss-pelshetter-pa-feil-mate-la-oss-analysere-den-virale-videoen\/#primaryimage\",\"url\":\"https:\/\/nordnesrepublikken.no\/wp-content\/uploads\/2025\/12\/1765968725_Har-vi-pa-oss-pelshetter-pa-feil-mate-La-oss.jpg\",\"contentUrl\":\"https:\/\/nordnesrepublikken.no\/wp-content\/uploads\/2025\/12\/1765968725_Har-vi-pa-oss-pelshetter-pa-feil-mate-La-oss.jpg\",\"width\":1582,\"height\":1170,\"caption\":\"Har vi p\u00e5 oss pelshetter p\u00e5 feil m\u00e5te? La oss analysere den virale videoen\"},{\"@type\":\"BreadcrumbList\",\"@id\":\"https:\/\/nordnesrepublikken.no\/index.php\/2025\/12\/17\/har-vi-pa-oss-pelshetter-pa-feil-mate-la-oss-analysere-den-virale-videoen\/#breadcrumb\",\"itemListElement\":[{\"@type\":\"ListItem\",\"position\":1,\"name\":\"Home\",\"item\":\"https:\/\/nordnesrepublikken.no\/\"},{\"@type\":\"ListItem\",\"position\":2,\"name\":\"Har vi p\u00e5 oss pelshetter p\u00e5 feil m\u00e5te? La oss analysere den virale videoen\"}]},{\"@type\":\"WebSite\",\"@id\":\"https:\/\/nordnesrepublikken.no\/#website\",\"url\":\"https:\/\/nordnesrepublikken.no\/\",\"name\":\"Nordnesrepublikken\",\"description\":\"Stemmer og Visjoner fra Republikkens Hjerte\",\"publisher\":{\"@id\":\"https:\/\/nordnesrepublikken.no\/#organization\"},\"potentialAction\":[{\"@type\":\"SearchAction\",\"target\":{\"@type\":\"EntryPoint\",\"urlTemplate\":\"https:\/\/nordnesrepublikken.no\/?s={search_term_string}\"},\"query-input\":{\"@type\":\"PropertyValueSpecification\",\"valueRequired\":true,\"valueName\":\"search_term_string\"}}],\"inLanguage\":\"nb-NO\"},{\"@type\":\"Organization\",\"@id\":\"https:\/\/nordnesrepublikken.no\/#organization\",\"name\":\"Nordnesrepublikken\",\"url\":\"https:\/\/nordnesrepublikken.no\/\",\"logo\":{\"@type\":\"ImageObject\",\"inLanguage\":\"nb-NO\",\"@id\":\"https:\/\/nordnesrepublikken.no\/#\/schema\/logo\/image\/\",\"url\":\"https:\/\/nordnesrepublikken.no\/wp-content\/uploads\/2025\/02\/cropped-nordnesrepublikken-2.png\",\"contentUrl\":\"https:\/\/nordnesrepublikken.no\/wp-content\/uploads\/2025\/02\/cropped-nordnesrepublikken-2.png\",\"width\":1248,\"height\":362,\"caption\":\"Nordnesrepublikken\"},\"image\":{\"@id\":\"https:\/\/nordnesrepublikken.no\/#\/schema\/logo\/image\/\"}},{\"@type\":\"Person\",\"@id\":\"https:\/\/nordnesrepublikken.no\/#\/schema\/person\/2e7e81935bab77882fffb79296240ff1\",\"name\":\"Ole Andersen\",\"image\":{\"@type\":\"ImageObject\",\"inLanguage\":\"nb-NO\",\"@id\":\"https:\/\/nordnesrepublikken.no\/#\/schema\/person\/image\/\",\"url\":\"https:\/\/nordnesrepublikken.no\/wp-content\/uploads\/2025\/02\/nordnesrepublikken-2-2-150x150.jpg\",\"contentUrl\":\"https:\/\/nordnesrepublikken.no\/wp-content\/uploads\/2025\/02\/nordnesrepublikken-2-2-150x150.jpg\",\"caption\":\"Ole Andersen\"},\"description\":\"Ettersom jeg vokste opp i Oslo, har jeg alltid v\u00e6rt fascinert av ordenes kraft og deres evne til \u00e5 skape endringer. Etter \u00e5 ha fullf\u00f8rt min utdannelse i kommunikasjon ved Universitetet i Bergen, fikk jeg muligheten til \u00e5 jobbe innen ulike medier, der jeg har s\u00f8kt \u00e5 belyse viktige samfunnssp\u00f8rsm\u00e5l. I dag, som redakt\u00f8r for Nordnesrepublikken, pr\u00f8ver jeg \u00e5 forene min kj\u00e6rlighet for journalistikk med min lidenskap for innovasjon og eventyr.\",\"sameAs\":[\"https:\/\/nordnesrepublikken.no\/\"]}]}<\/script>\n<!-- \/ Yoast SEO plugin. -->","yoast_head_json":{"title":"Har vi p\u00e5 oss pelshetter p\u00e5 feil m\u00e5te? La oss analysere den virale videoen - Nordnesrepublikken","robots":{"index":"index","follow":"follow","max-snippet":"max-snippet:-1","max-image-preview":"max-image-preview:large","max-video-preview":"max-video-preview:-1"},"canonical":"https:\/\/nordnesrepublikken.no\/index.php\/2025\/12\/17\/har-vi-pa-oss-pelshetter-pa-feil-mate-la-oss-analysere-den-virale-videoen\/","og_locale":"nb_NO","og_type":"article","og_title":"Har vi p\u00e5 oss pelshetter p\u00e5 feil m\u00e5te? La oss analysere den virale videoen - Nordnesrepublikken","og_description":"En kvinnes video har g\u00e5tt viralt p\u00e5 sosiale medier, if\u00f8lge hvilken vi ville b\u00e6re kl\u00e6r","og_url":"https:\/\/nordnesrepublikken.no\/index.php\/2025\/12\/17\/har-vi-pa-oss-pelshetter-pa-feil-mate-la-oss-analysere-den-virale-videoen\/","og_site_name":"Nordnesrepublikken","article_published_time":"2025-12-17T10:52:05+00:00","article_modified_time":"2025-12-17T10:52:06+00:00","og_image":[{"width":1582,"height":1170,"url":"https:\/\/nordnesrepublikken.no\/wp-content\/uploads\/2025\/12\/1765968725_Har-vi-pa-oss-pelshetter-pa-feil-mate-La-oss.jpg","type":"image\/jpeg"}],"author":"Ole Andersen","twitter_card":"summary_large_image","twitter_misc":{"Skrevet av":"Ole Andersen","Ansl. lesetid":"3 minutter"},"schema":{"@context":"https:\/\/schema.org","@graph":[{"@type":"Article","@id":"https:\/\/nordnesrepublikken.no\/index.php\/2025\/12\/17\/har-vi-pa-oss-pelshetter-pa-feil-mate-la-oss-analysere-den-virale-videoen\/#article","isPartOf":{"@id":"https:\/\/nordnesrepublikken.no\/index.php\/2025\/12\/17\/har-vi-pa-oss-pelshetter-pa-feil-mate-la-oss-analysere-den-virale-videoen\/"},"author":{"name":"Ole Andersen","@id":"https:\/\/nordnesrepublikken.no\/#\/schema\/person\/2e7e81935bab77882fffb79296240ff1"},"headline":"Har vi p\u00e5 oss pelshetter p\u00e5 feil m\u00e5te? La oss analysere den virale videoen","datePublished":"2025-12-17T10:52:05+00:00","dateModified":"2025-12-17T10:52:06+00:00","mainEntityOfPage":{"@id":"https:\/\/nordnesrepublikken.no\/index.php\/2025\/12\/17\/har-vi-pa-oss-pelshetter-pa-feil-mate-la-oss-analysere-den-virale-videoen\/"},"wordCount":523,"publisher":{"@id":"https:\/\/nordnesrepublikken.no\/#organization"},"image":{"@id":"https:\/\/nordnesrepublikken.no\/index.php\/2025\/12\/17\/har-vi-pa-oss-pelshetter-pa-feil-mate-la-oss-analysere-den-virale-videoen\/#primaryimage"},"thumbnailUrl":"https:\/\/nordnesrepublikken.no\/wp-content\/uploads\/2025\/12\/1765968725_Har-vi-pa-oss-pelshetter-pa-feil-mate-La-oss.jpg","keywords":["analysere","den","feil","har","m\u00e5te","oss","p\u00e5","pelshetter","videoen","virale"],"articleSection":["Vitenskap"],"inLanguage":"nb-NO"},{"@type":"WebPage","@id":"https:\/\/nordnesrepublikken.no\/index.php\/2025\/12\/17\/har-vi-pa-oss-pelshetter-pa-feil-mate-la-oss-analysere-den-virale-videoen\/","url":"https:\/\/nordnesrepublikken.no\/index.php\/2025\/12\/17\/har-vi-pa-oss-pelshetter-pa-feil-mate-la-oss-analysere-den-virale-videoen\/","name":"Har vi p\u00e5 oss pelshetter p\u00e5 feil m\u00e5te? La oss analysere den virale videoen - Nordnesrepublikken","isPartOf":{"@id":"https:\/\/nordnesrepublikken.no\/#website"},"primaryImageOfPage":{"@id":"https:\/\/nordnesrepublikken.no\/index.php\/2025\/12\/17\/har-vi-pa-oss-pelshetter-pa-feil-mate-la-oss-analysere-den-virale-videoen\/#primaryimage"},"image":{"@id":"https:\/\/nordnesrepublikken.no\/index.php\/2025\/12\/17\/har-vi-pa-oss-pelshetter-pa-feil-mate-la-oss-analysere-den-virale-videoen\/#primaryimage"},"thumbnailUrl":"https:\/\/nordnesrepublikken.no\/wp-content\/uploads\/2025\/12\/1765968725_Har-vi-pa-oss-pelshetter-pa-feil-mate-La-oss.jpg","datePublished":"2025-12-17T10:52:05+00:00","dateModified":"2025-12-17T10:52:06+00:00","breadcrumb":{"@id":"https:\/\/nordnesrepublikken.no\/index.php\/2025\/12\/17\/har-vi-pa-oss-pelshetter-pa-feil-mate-la-oss-analysere-den-virale-videoen\/#breadcrumb"},"inLanguage":"nb-NO","potentialAction":[{"@type":"ReadAction","target":["https:\/\/nordnesrepublikken.no\/index.php\/2025\/12\/17\/har-vi-pa-oss-pelshetter-pa-feil-mate-la-oss-analysere-den-virale-videoen\/"]}]},{"@type":"ImageObject","inLanguage":"nb-NO","@id":"https:\/\/nordnesrepublikken.no\/index.php\/2025\/12\/17\/har-vi-pa-oss-pelshetter-pa-feil-mate-la-oss-analysere-den-virale-videoen\/#primaryimage","url":"https:\/\/nordnesrepublikken.no\/wp-content\/uploads\/2025\/12\/1765968725_Har-vi-pa-oss-pelshetter-pa-feil-mate-La-oss.jpg","contentUrl":"https:\/\/nordnesrepublikken.no\/wp-content\/uploads\/2025\/12\/1765968725_Har-vi-pa-oss-pelshetter-pa-feil-mate-La-oss.jpg","width":1582,"height":1170,"caption":"Har vi p\u00e5 oss pelshetter p\u00e5 feil m\u00e5te? La oss analysere den virale videoen"},{"@type":"BreadcrumbList","@id":"https:\/\/nordnesrepublikken.no\/index.php\/2025\/12\/17\/har-vi-pa-oss-pelshetter-pa-feil-mate-la-oss-analysere-den-virale-videoen\/#breadcrumb","itemListElement":[{"@type":"ListItem","position":1,"name":"Home","item":"https:\/\/nordnesrepublikken.no\/"},{"@type":"ListItem","position":2,"name":"Har vi p\u00e5 oss pelshetter p\u00e5 feil m\u00e5te? La oss analysere den virale videoen"}]},{"@type":"WebSite","@id":"https:\/\/nordnesrepublikken.no\/#website","url":"https:\/\/nordnesrepublikken.no\/","name":"Nordnesrepublikken","description":"Stemmer og Visjoner fra Republikkens Hjerte","publisher":{"@id":"https:\/\/nordnesrepublikken.no\/#organization"},"potentialAction":[{"@type":"SearchAction","target":{"@type":"EntryPoint","urlTemplate":"https:\/\/nordnesrepublikken.no\/?s={search_term_string}"},"query-input":{"@type":"PropertyValueSpecification","valueRequired":true,"valueName":"search_term_string"}}],"inLanguage":"nb-NO"},{"@type":"Organization","@id":"https:\/\/nordnesrepublikken.no\/#organization","name":"Nordnesrepublikken","url":"https:\/\/nordnesrepublikken.no\/","logo":{"@type":"ImageObject","inLanguage":"nb-NO","@id":"https:\/\/nordnesrepublikken.no\/#\/schema\/logo\/image\/","url":"https:\/\/nordnesrepublikken.no\/wp-content\/uploads\/2025\/02\/cropped-nordnesrepublikken-2.png","contentUrl":"https:\/\/nordnesrepublikken.no\/wp-content\/uploads\/2025\/02\/cropped-nordnesrepublikken-2.png","width":1248,"height":362,"caption":"Nordnesrepublikken"},"image":{"@id":"https:\/\/nordnesrepublikken.no\/#\/schema\/logo\/image\/"}},{"@type":"Person","@id":"https:\/\/nordnesrepublikken.no\/#\/schema\/person\/2e7e81935bab77882fffb79296240ff1","name":"Ole Andersen","image":{"@type":"ImageObject","inLanguage":"nb-NO","@id":"https:\/\/nordnesrepublikken.no\/#\/schema\/person\/image\/","url":"https:\/\/nordnesrepublikken.no\/wp-content\/uploads\/2025\/02\/nordnesrepublikken-2-2-150x150.jpg","contentUrl":"https:\/\/nordnesrepublikken.no\/wp-content\/uploads\/2025\/02\/nordnesrepublikken-2-2-150x150.jpg","caption":"Ole Andersen"},"description":"Ettersom jeg vokste opp i Oslo, har jeg alltid v\u00e6rt fascinert av ordenes kraft og deres evne til \u00e5 skape endringer. Etter \u00e5 ha fullf\u00f8rt min utdannelse i kommunikasjon ved Universitetet i Bergen, fikk jeg muligheten til \u00e5 jobbe innen ulike medier, der jeg har s\u00f8kt \u00e5 belyse viktige samfunnssp\u00f8rsm\u00e5l. I dag, som redakt\u00f8r for Nordnesrepublikken, pr\u00f8ver jeg \u00e5 forene min kj\u00e6rlighet for journalistikk med min lidenskap for innovasjon og eventyr.","sameAs":["https:\/\/nordnesrepublikken.no\/"]}]}},"_links":{"self":[{"href":"https:\/\/nordnesrepublikken.no\/index.php\/wp-json\/wp\/v2\/posts\/12893","targetHints":{"allow":["GET"]}}],"collection":[{"href":"https:\/\/nordnesrepublikken.no\/index.php\/wp-json\/wp\/v2\/posts"}],"about":[{"href":"https:\/\/nordnesrepublikken.no\/index.php\/wp-json\/wp\/v2\/types\/post"}],"author":[{"embeddable":true,"href":"https:\/\/nordnesrepublikken.no\/index.php\/wp-json\/wp\/v2\/users\/1"}],"replies":[{"embeddable":true,"href":"https:\/\/nordnesrepublikken.no\/index.php\/wp-json\/wp\/v2\/comments?post=12893"}],"version-history":[{"count":1,"href":"https:\/\/nordnesrepublikken.no\/index.php\/wp-json\/wp\/v2\/posts\/12893\/revisions"}],"predecessor-version":[{"id":12896,"href":"https:\/\/nordnesrepublikken.no\/index.php\/wp-json\/wp\/v2\/posts\/12893\/revisions\/12896"}],"wp:featuredmedia":[{"embeddable":true,"href":"https:\/\/nordnesrepublikken.no\/index.php\/wp-json\/wp\/v2\/media\/12894"}],"wp:attachment":[{"href":"https:\/\/nordnesrepublikken.no\/index.php\/wp-json\/wp\/v2\/media?parent=12893"}],"wp:term":[{"taxonomy":"category","embeddable":true,"href":"https:\/\/nordnesrepublikken.no\/index.php\/wp-json\/wp\/v2\/categories?post=12893"},{"taxonomy":"post_tag","embeddable":true,"href":"https:\/\/nordnesrepublikken.no\/index.php\/wp-json\/wp\/v2\/tags?post=12893"}],"curies":[{"name":"wp","href":"https:\/\/api.w.org\/{rel}","templated":true}]}}