{"id":12881,"date":"2025-12-17T01:51:30","date_gmt":"2025-12-17T00:51:30","guid":{"rendered":"https:\/\/nordnesrepublikken.no\/index.php\/2025\/12\/17\/hvor-mange-det-er-og-hvor-de-befinner-seg\/"},"modified":"2025-12-17T01:51:31","modified_gmt":"2025-12-17T00:51:31","slug":"hvor-mange-det-er-og-hvor-de-befinner-seg","status":"publish","type":"post","link":"https:\/\/nordnesrepublikken.no\/index.php\/2025\/12\/17\/hvor-mange-det-er-og-hvor-de-befinner-seg\/","title":{"rendered":"hvor mange det er og hvor de befinner seg"},"content":{"rendered":"<div>\n<div class=\"cp_wrapper cp_wrapper--fw mb-30 mb-20@tablet\">\n<figure class=\"mm\"><picture class=\"img\" style=\"padding-top:56.25%\"><source  media=\"(min-width: 1024px)\"><source  media=\"(min-width: 768px)\"><\/source><\/source><\/picture><\/figure>\n<\/p><\/div>\n<p>I <strong>Brasil<\/strong> kraftige vindkast opp til 90 km\/t for\u00e5rsaket kollapsen <strong>Frihetsgudinnen<\/strong> av Gua\u00edba, i Porto Alegre-regionen. Kollapsen &#8211; som ikke for\u00e5rsaket personskader &#8211; for\u00e5rsaket \u00f8deleggelsen av den \u00f8vre delen av monumentet, mens basen forble intakt. Det er klart det er en <strong>kopi av originalen<\/strong>innviet i New York i 1886 med en total h\u00f8yde p\u00e5 93 meter.<\/p>\n<p>Men visste du at det i verden er ca <strong>300 kopier av dette ber\u00f8mte monumentet, <\/strong>konsentrert spesielt i <strong>USA<\/strong> og inn <strong>Europa<\/strong>? Som ogs\u00e5 rapportert p\u00e5 den offisielle nettsiden til <em>Frihetsgudinnen, <\/em>i 1950 i<b> Boy Scouts of America<\/b> \u2013 for \u00e5 feire 40-\u00e5rsjubileet \u2013 bestilte de produksjon av ca<b> 200 kobberkopier, omtrent 2,5 meter h\u00f8ye, <\/b>distribuert i nesten alle stater i USA.<\/p>\n<p>Blant de viktigste eksemplarene er det de som finnes rett i <strong>New York<\/strong>: den f\u00f8rste som ligger inne i Metropolitan Museum of Art, som huser en av kopiene som ble solgt for \u00e5 finansiere byggingen av den originale statuen p\u00e5 1880-tallet. Utenfor Brooklyn Museum er det imidlertid installert en kopi p\u00e5 cirka 14 meter.<\/p>\n<p>Utenfor USA er imidlertid den n\u00e6rmeste koblingen mellom originalverket og replikaene <strong>Frankrike \u2013<\/strong>hjemlandet til forfatteren av verket <strong>Fr\u00e9d\u00e9ric Auguste Bartholdi <\/strong>\u2013 hvor de befinner seg <strong>8 eksemplarer<\/strong>. Den mest kjente, omtrent 11 meter h\u00f8y, ble donert av det amerikanske fellesskapet av <strong>Paris<\/strong> i 1889 for \u00e5 feire hundre\u00e5rsdagen for den franske revolusjonen og l\u00e5 noen f\u00e5 skritt fra <strong>Eiffelt\u00e5rnet<\/strong>symbolsk i retning av sin &laquo;stores\u00f8ster&raquo; i Big Apple. Bartholdi laget ogs\u00e5 en bronsekopi for<strong>Verdensutstillingen 1900<\/strong>som i 2012 ble overf\u00f8rt til Mus\u00e9e d&#8217;Orsay for \u00e5 sikre bevaring. I Japan finnes imidlertid en bronsekopi i havnen i <strong>Tokyo<\/strong>som n\u00e5 har blitt en permanent turistattraksjon.<\/p>\n<p>Og inn <strong>Italia<\/strong>? I v\u00e5rt land derimot <strong>det er ingen eksakte kopier<\/strong> av dette monumentet, selv om mange statuer er dedikert til frihet og demokratiske verdier som rettferdighet.<\/p>\n<p>Det m\u00e5 imidlertid sies at de fleste av disse kopiene ble bygget for kommersielle form\u00e5l, som i tilfellet med kopien av <strong>Las Vegas<\/strong> p\u00e5 Hotel New York-New York High ca <strong>46 meter<\/strong> (halvparten av den originale), men ogs\u00e5 som et symbol p\u00e5 demokrati og motstand, som &laquo;demokratiets gudinne&raquo;, reist av kinesiske studenter i <b>Den himmelske freds plass<\/b> i 1989.<\/p>\n<\/p><\/div>\n","protected":false},"excerpt":{"rendered":"<p>I Brasil kraftige vindkast opp til 90 km\/t for\u00e5rsaket kollapsen Frihetsgudinnen av Gua\u00edba, i Porto<\/p>\n","protected":false},"author":1,"featured_media":12882,"comment_status":"closed","ping_status":"open","sticky":false,"template":"","format":"standard","meta":{"footnotes":""},"categories":[104],"tags":[6934,66,449,450,96],"class_list":["post-12881","post","type-post","status-publish","format-standard","has-post-thumbnail","hentry","category-samfunn","tag-befinner","tag-det","tag-hvor","tag-mange","tag-seg","generate-columns","tablet-grid-50","mobile-grid-100","grid-parent","grid-33","resize-featured-image"],"yoast_head":"<!-- This site is optimized with the Yoast SEO plugin v24.4 - https:\/\/yoast.com\/wordpress\/plugins\/seo\/ -->\n<title>hvor mange det er og hvor de befinner seg - Nordnesrepublikken<\/title>\n<meta name=\"robots\" content=\"index, follow, max-snippet:-1, max-image-preview:large, max-video-preview:-1\" \/>\n<link rel=\"canonical\" href=\"https:\/\/nordnesrepublikken.no\/index.php\/2025\/12\/17\/hvor-mange-det-er-og-hvor-de-befinner-seg\/\" \/>\n<meta property=\"og:locale\" content=\"nb_NO\" \/>\n<meta property=\"og:type\" content=\"article\" \/>\n<meta property=\"og:title\" content=\"hvor mange det er og hvor de befinner seg - Nordnesrepublikken\" \/>\n<meta property=\"og:description\" content=\"I Brasil kraftige vindkast opp til 90 km\/t for\u00e5rsaket kollapsen Frihetsgudinnen av Gua\u00edba, i Porto\" \/>\n<meta property=\"og:url\" content=\"https:\/\/nordnesrepublikken.no\/index.php\/2025\/12\/17\/hvor-mange-det-er-og-hvor-de-befinner-seg\/\" \/>\n<meta property=\"og:site_name\" content=\"Nordnesrepublikken\" \/>\n<meta property=\"article:published_time\" content=\"2025-12-17T00:51:30+00:00\" \/>\n<meta property=\"article:modified_time\" content=\"2025-12-17T00:51:31+00:00\" \/>\n<meta property=\"og:image\" content=\"https:\/\/nordnesrepublikken.no\/wp-content\/uploads\/2025\/12\/1765932690_hvor-mange-det-er-og-hvor-de-befinner-seg.jpg\" \/>\n\t<meta property=\"og:image:width\" content=\"666\" \/>\n\t<meta property=\"og:image:height\" content=\"492\" \/>\n\t<meta property=\"og:image:type\" content=\"image\/jpeg\" \/>\n<meta name=\"author\" content=\"Ole Andersen\" \/>\n<meta name=\"twitter:card\" content=\"summary_large_image\" \/>\n<meta name=\"twitter:label1\" content=\"Skrevet av\" \/>\n\t<meta name=\"twitter:data1\" content=\"Ole Andersen\" \/>\n\t<meta name=\"twitter:label2\" content=\"Ansl. lesetid\" \/>\n\t<meta name=\"twitter:data2\" content=\"2 minutter\" \/>\n<script type=\"application\/ld+json\" class=\"yoast-schema-graph\">{\"@context\":\"https:\/\/schema.org\",\"@graph\":[{\"@type\":\"Article\",\"@id\":\"https:\/\/nordnesrepublikken.no\/index.php\/2025\/12\/17\/hvor-mange-det-er-og-hvor-de-befinner-seg\/#article\",\"isPartOf\":{\"@id\":\"https:\/\/nordnesrepublikken.no\/index.php\/2025\/12\/17\/hvor-mange-det-er-og-hvor-de-befinner-seg\/\"},\"author\":{\"name\":\"Ole Andersen\",\"@id\":\"https:\/\/nordnesrepublikken.no\/#\/schema\/person\/2e7e81935bab77882fffb79296240ff1\"},\"headline\":\"hvor mange det er og hvor de befinner seg\",\"datePublished\":\"2025-12-17T00:51:30+00:00\",\"dateModified\":\"2025-12-17T00:51:31+00:00\",\"mainEntityOfPage\":{\"@id\":\"https:\/\/nordnesrepublikken.no\/index.php\/2025\/12\/17\/hvor-mange-det-er-og-hvor-de-befinner-seg\/\"},\"wordCount\":370,\"publisher\":{\"@id\":\"https:\/\/nordnesrepublikken.no\/#organization\"},\"image\":{\"@id\":\"https:\/\/nordnesrepublikken.no\/index.php\/2025\/12\/17\/hvor-mange-det-er-og-hvor-de-befinner-seg\/#primaryimage\"},\"thumbnailUrl\":\"https:\/\/nordnesrepublikken.no\/wp-content\/uploads\/2025\/12\/1765932690_hvor-mange-det-er-og-hvor-de-befinner-seg.jpg\",\"keywords\":[\"befinner\",\"Det\",\"hvor\",\"mange\",\"seg\"],\"articleSection\":[\"Samfunn\"],\"inLanguage\":\"nb-NO\"},{\"@type\":\"WebPage\",\"@id\":\"https:\/\/nordnesrepublikken.no\/index.php\/2025\/12\/17\/hvor-mange-det-er-og-hvor-de-befinner-seg\/\",\"url\":\"https:\/\/nordnesrepublikken.no\/index.php\/2025\/12\/17\/hvor-mange-det-er-og-hvor-de-befinner-seg\/\",\"name\":\"hvor mange det er og hvor de befinner seg - Nordnesrepublikken\",\"isPartOf\":{\"@id\":\"https:\/\/nordnesrepublikken.no\/#website\"},\"primaryImageOfPage\":{\"@id\":\"https:\/\/nordnesrepublikken.no\/index.php\/2025\/12\/17\/hvor-mange-det-er-og-hvor-de-befinner-seg\/#primaryimage\"},\"image\":{\"@id\":\"https:\/\/nordnesrepublikken.no\/index.php\/2025\/12\/17\/hvor-mange-det-er-og-hvor-de-befinner-seg\/#primaryimage\"},\"thumbnailUrl\":\"https:\/\/nordnesrepublikken.no\/wp-content\/uploads\/2025\/12\/1765932690_hvor-mange-det-er-og-hvor-de-befinner-seg.jpg\",\"datePublished\":\"2025-12-17T00:51:30+00:00\",\"dateModified\":\"2025-12-17T00:51:31+00:00\",\"breadcrumb\":{\"@id\":\"https:\/\/nordnesrepublikken.no\/index.php\/2025\/12\/17\/hvor-mange-det-er-og-hvor-de-befinner-seg\/#breadcrumb\"},\"inLanguage\":\"nb-NO\",\"potentialAction\":[{\"@type\":\"ReadAction\",\"target\":[\"https:\/\/nordnesrepublikken.no\/index.php\/2025\/12\/17\/hvor-mange-det-er-og-hvor-de-befinner-seg\/\"]}]},{\"@type\":\"ImageObject\",\"inLanguage\":\"nb-NO\",\"@id\":\"https:\/\/nordnesrepublikken.no\/index.php\/2025\/12\/17\/hvor-mange-det-er-og-hvor-de-befinner-seg\/#primaryimage\",\"url\":\"https:\/\/nordnesrepublikken.no\/wp-content\/uploads\/2025\/12\/1765932690_hvor-mange-det-er-og-hvor-de-befinner-seg.jpg\",\"contentUrl\":\"https:\/\/nordnesrepublikken.no\/wp-content\/uploads\/2025\/12\/1765932690_hvor-mange-det-er-og-hvor-de-befinner-seg.jpg\",\"width\":666,\"height\":492,\"caption\":\"hvor mange det er og hvor de befinner seg\"},{\"@type\":\"BreadcrumbList\",\"@id\":\"https:\/\/nordnesrepublikken.no\/index.php\/2025\/12\/17\/hvor-mange-det-er-og-hvor-de-befinner-seg\/#breadcrumb\",\"itemListElement\":[{\"@type\":\"ListItem\",\"position\":1,\"name\":\"Home\",\"item\":\"https:\/\/nordnesrepublikken.no\/\"},{\"@type\":\"ListItem\",\"position\":2,\"name\":\"hvor mange det er og hvor de befinner seg\"}]},{\"@type\":\"WebSite\",\"@id\":\"https:\/\/nordnesrepublikken.no\/#website\",\"url\":\"https:\/\/nordnesrepublikken.no\/\",\"name\":\"Nordnesrepublikken\",\"description\":\"Stemmer og Visjoner fra Republikkens Hjerte\",\"publisher\":{\"@id\":\"https:\/\/nordnesrepublikken.no\/#organization\"},\"potentialAction\":[{\"@type\":\"SearchAction\",\"target\":{\"@type\":\"EntryPoint\",\"urlTemplate\":\"https:\/\/nordnesrepublikken.no\/?s={search_term_string}\"},\"query-input\":{\"@type\":\"PropertyValueSpecification\",\"valueRequired\":true,\"valueName\":\"search_term_string\"}}],\"inLanguage\":\"nb-NO\"},{\"@type\":\"Organization\",\"@id\":\"https:\/\/nordnesrepublikken.no\/#organization\",\"name\":\"Nordnesrepublikken\",\"url\":\"https:\/\/nordnesrepublikken.no\/\",\"logo\":{\"@type\":\"ImageObject\",\"inLanguage\":\"nb-NO\",\"@id\":\"https:\/\/nordnesrepublikken.no\/#\/schema\/logo\/image\/\",\"url\":\"https:\/\/nordnesrepublikken.no\/wp-content\/uploads\/2025\/02\/cropped-nordnesrepublikken-2.png\",\"contentUrl\":\"https:\/\/nordnesrepublikken.no\/wp-content\/uploads\/2025\/02\/cropped-nordnesrepublikken-2.png\",\"width\":1248,\"height\":362,\"caption\":\"Nordnesrepublikken\"},\"image\":{\"@id\":\"https:\/\/nordnesrepublikken.no\/#\/schema\/logo\/image\/\"}},{\"@type\":\"Person\",\"@id\":\"https:\/\/nordnesrepublikken.no\/#\/schema\/person\/2e7e81935bab77882fffb79296240ff1\",\"name\":\"Ole Andersen\",\"image\":{\"@type\":\"ImageObject\",\"inLanguage\":\"nb-NO\",\"@id\":\"https:\/\/nordnesrepublikken.no\/#\/schema\/person\/image\/\",\"url\":\"https:\/\/nordnesrepublikken.no\/wp-content\/uploads\/2025\/02\/nordnesrepublikken-2-2-150x150.jpg\",\"contentUrl\":\"https:\/\/nordnesrepublikken.no\/wp-content\/uploads\/2025\/02\/nordnesrepublikken-2-2-150x150.jpg\",\"caption\":\"Ole Andersen\"},\"description\":\"Ettersom jeg vokste opp i Oslo, har jeg alltid v\u00e6rt fascinert av ordenes kraft og deres evne til \u00e5 skape endringer. Etter \u00e5 ha fullf\u00f8rt min utdannelse i kommunikasjon ved Universitetet i Bergen, fikk jeg muligheten til \u00e5 jobbe innen ulike medier, der jeg har s\u00f8kt \u00e5 belyse viktige samfunnssp\u00f8rsm\u00e5l. I dag, som redakt\u00f8r for Nordnesrepublikken, pr\u00f8ver jeg \u00e5 forene min kj\u00e6rlighet for journalistikk med min lidenskap for innovasjon og eventyr.\",\"sameAs\":[\"https:\/\/nordnesrepublikken.no\/\"]}]}<\/script>\n<!-- \/ Yoast SEO plugin. -->","yoast_head_json":{"title":"hvor mange det er og hvor de befinner seg - Nordnesrepublikken","robots":{"index":"index","follow":"follow","max-snippet":"max-snippet:-1","max-image-preview":"max-image-preview:large","max-video-preview":"max-video-preview:-1"},"canonical":"https:\/\/nordnesrepublikken.no\/index.php\/2025\/12\/17\/hvor-mange-det-er-og-hvor-de-befinner-seg\/","og_locale":"nb_NO","og_type":"article","og_title":"hvor mange det er og hvor de befinner seg - Nordnesrepublikken","og_description":"I Brasil kraftige vindkast opp til 90 km\/t for\u00e5rsaket kollapsen Frihetsgudinnen av Gua\u00edba, i Porto","og_url":"https:\/\/nordnesrepublikken.no\/index.php\/2025\/12\/17\/hvor-mange-det-er-og-hvor-de-befinner-seg\/","og_site_name":"Nordnesrepublikken","article_published_time":"2025-12-17T00:51:30+00:00","article_modified_time":"2025-12-17T00:51:31+00:00","og_image":[{"width":666,"height":492,"url":"https:\/\/nordnesrepublikken.no\/wp-content\/uploads\/2025\/12\/1765932690_hvor-mange-det-er-og-hvor-de-befinner-seg.jpg","type":"image\/jpeg"}],"author":"Ole Andersen","twitter_card":"summary_large_image","twitter_misc":{"Skrevet av":"Ole Andersen","Ansl. lesetid":"2 minutter"},"schema":{"@context":"https:\/\/schema.org","@graph":[{"@type":"Article","@id":"https:\/\/nordnesrepublikken.no\/index.php\/2025\/12\/17\/hvor-mange-det-er-og-hvor-de-befinner-seg\/#article","isPartOf":{"@id":"https:\/\/nordnesrepublikken.no\/index.php\/2025\/12\/17\/hvor-mange-det-er-og-hvor-de-befinner-seg\/"},"author":{"name":"Ole Andersen","@id":"https:\/\/nordnesrepublikken.no\/#\/schema\/person\/2e7e81935bab77882fffb79296240ff1"},"headline":"hvor mange det er og hvor de befinner seg","datePublished":"2025-12-17T00:51:30+00:00","dateModified":"2025-12-17T00:51:31+00:00","mainEntityOfPage":{"@id":"https:\/\/nordnesrepublikken.no\/index.php\/2025\/12\/17\/hvor-mange-det-er-og-hvor-de-befinner-seg\/"},"wordCount":370,"publisher":{"@id":"https:\/\/nordnesrepublikken.no\/#organization"},"image":{"@id":"https:\/\/nordnesrepublikken.no\/index.php\/2025\/12\/17\/hvor-mange-det-er-og-hvor-de-befinner-seg\/#primaryimage"},"thumbnailUrl":"https:\/\/nordnesrepublikken.no\/wp-content\/uploads\/2025\/12\/1765932690_hvor-mange-det-er-og-hvor-de-befinner-seg.jpg","keywords":["befinner","Det","hvor","mange","seg"],"articleSection":["Samfunn"],"inLanguage":"nb-NO"},{"@type":"WebPage","@id":"https:\/\/nordnesrepublikken.no\/index.php\/2025\/12\/17\/hvor-mange-det-er-og-hvor-de-befinner-seg\/","url":"https:\/\/nordnesrepublikken.no\/index.php\/2025\/12\/17\/hvor-mange-det-er-og-hvor-de-befinner-seg\/","name":"hvor mange det er og hvor de befinner seg - Nordnesrepublikken","isPartOf":{"@id":"https:\/\/nordnesrepublikken.no\/#website"},"primaryImageOfPage":{"@id":"https:\/\/nordnesrepublikken.no\/index.php\/2025\/12\/17\/hvor-mange-det-er-og-hvor-de-befinner-seg\/#primaryimage"},"image":{"@id":"https:\/\/nordnesrepublikken.no\/index.php\/2025\/12\/17\/hvor-mange-det-er-og-hvor-de-befinner-seg\/#primaryimage"},"thumbnailUrl":"https:\/\/nordnesrepublikken.no\/wp-content\/uploads\/2025\/12\/1765932690_hvor-mange-det-er-og-hvor-de-befinner-seg.jpg","datePublished":"2025-12-17T00:51:30+00:00","dateModified":"2025-12-17T00:51:31+00:00","breadcrumb":{"@id":"https:\/\/nordnesrepublikken.no\/index.php\/2025\/12\/17\/hvor-mange-det-er-og-hvor-de-befinner-seg\/#breadcrumb"},"inLanguage":"nb-NO","potentialAction":[{"@type":"ReadAction","target":["https:\/\/nordnesrepublikken.no\/index.php\/2025\/12\/17\/hvor-mange-det-er-og-hvor-de-befinner-seg\/"]}]},{"@type":"ImageObject","inLanguage":"nb-NO","@id":"https:\/\/nordnesrepublikken.no\/index.php\/2025\/12\/17\/hvor-mange-det-er-og-hvor-de-befinner-seg\/#primaryimage","url":"https:\/\/nordnesrepublikken.no\/wp-content\/uploads\/2025\/12\/1765932690_hvor-mange-det-er-og-hvor-de-befinner-seg.jpg","contentUrl":"https:\/\/nordnesrepublikken.no\/wp-content\/uploads\/2025\/12\/1765932690_hvor-mange-det-er-og-hvor-de-befinner-seg.jpg","width":666,"height":492,"caption":"hvor mange det er og hvor de befinner seg"},{"@type":"BreadcrumbList","@id":"https:\/\/nordnesrepublikken.no\/index.php\/2025\/12\/17\/hvor-mange-det-er-og-hvor-de-befinner-seg\/#breadcrumb","itemListElement":[{"@type":"ListItem","position":1,"name":"Home","item":"https:\/\/nordnesrepublikken.no\/"},{"@type":"ListItem","position":2,"name":"hvor mange det er og hvor de befinner seg"}]},{"@type":"WebSite","@id":"https:\/\/nordnesrepublikken.no\/#website","url":"https:\/\/nordnesrepublikken.no\/","name":"Nordnesrepublikken","description":"Stemmer og Visjoner fra Republikkens Hjerte","publisher":{"@id":"https:\/\/nordnesrepublikken.no\/#organization"},"potentialAction":[{"@type":"SearchAction","target":{"@type":"EntryPoint","urlTemplate":"https:\/\/nordnesrepublikken.no\/?s={search_term_string}"},"query-input":{"@type":"PropertyValueSpecification","valueRequired":true,"valueName":"search_term_string"}}],"inLanguage":"nb-NO"},{"@type":"Organization","@id":"https:\/\/nordnesrepublikken.no\/#organization","name":"Nordnesrepublikken","url":"https:\/\/nordnesrepublikken.no\/","logo":{"@type":"ImageObject","inLanguage":"nb-NO","@id":"https:\/\/nordnesrepublikken.no\/#\/schema\/logo\/image\/","url":"https:\/\/nordnesrepublikken.no\/wp-content\/uploads\/2025\/02\/cropped-nordnesrepublikken-2.png","contentUrl":"https:\/\/nordnesrepublikken.no\/wp-content\/uploads\/2025\/02\/cropped-nordnesrepublikken-2.png","width":1248,"height":362,"caption":"Nordnesrepublikken"},"image":{"@id":"https:\/\/nordnesrepublikken.no\/#\/schema\/logo\/image\/"}},{"@type":"Person","@id":"https:\/\/nordnesrepublikken.no\/#\/schema\/person\/2e7e81935bab77882fffb79296240ff1","name":"Ole Andersen","image":{"@type":"ImageObject","inLanguage":"nb-NO","@id":"https:\/\/nordnesrepublikken.no\/#\/schema\/person\/image\/","url":"https:\/\/nordnesrepublikken.no\/wp-content\/uploads\/2025\/02\/nordnesrepublikken-2-2-150x150.jpg","contentUrl":"https:\/\/nordnesrepublikken.no\/wp-content\/uploads\/2025\/02\/nordnesrepublikken-2-2-150x150.jpg","caption":"Ole Andersen"},"description":"Ettersom jeg vokste opp i Oslo, har jeg alltid v\u00e6rt fascinert av ordenes kraft og deres evne til \u00e5 skape endringer. Etter \u00e5 ha fullf\u00f8rt min utdannelse i kommunikasjon ved Universitetet i Bergen, fikk jeg muligheten til \u00e5 jobbe innen ulike medier, der jeg har s\u00f8kt \u00e5 belyse viktige samfunnssp\u00f8rsm\u00e5l. I dag, som redakt\u00f8r for Nordnesrepublikken, pr\u00f8ver jeg \u00e5 forene min kj\u00e6rlighet for journalistikk med min lidenskap for innovasjon og eventyr.","sameAs":["https:\/\/nordnesrepublikken.no\/"]}]}},"_links":{"self":[{"href":"https:\/\/nordnesrepublikken.no\/index.php\/wp-json\/wp\/v2\/posts\/12881","targetHints":{"allow":["GET"]}}],"collection":[{"href":"https:\/\/nordnesrepublikken.no\/index.php\/wp-json\/wp\/v2\/posts"}],"about":[{"href":"https:\/\/nordnesrepublikken.no\/index.php\/wp-json\/wp\/v2\/types\/post"}],"author":[{"embeddable":true,"href":"https:\/\/nordnesrepublikken.no\/index.php\/wp-json\/wp\/v2\/users\/1"}],"replies":[{"embeddable":true,"href":"https:\/\/nordnesrepublikken.no\/index.php\/wp-json\/wp\/v2\/comments?post=12881"}],"version-history":[{"count":1,"href":"https:\/\/nordnesrepublikken.no\/index.php\/wp-json\/wp\/v2\/posts\/12881\/revisions"}],"predecessor-version":[{"id":12883,"href":"https:\/\/nordnesrepublikken.no\/index.php\/wp-json\/wp\/v2\/posts\/12881\/revisions\/12883"}],"wp:featuredmedia":[{"embeddable":true,"href":"https:\/\/nordnesrepublikken.no\/index.php\/wp-json\/wp\/v2\/media\/12882"}],"wp:attachment":[{"href":"https:\/\/nordnesrepublikken.no\/index.php\/wp-json\/wp\/v2\/media?parent=12881"}],"wp:term":[{"taxonomy":"category","embeddable":true,"href":"https:\/\/nordnesrepublikken.no\/index.php\/wp-json\/wp\/v2\/categories?post=12881"},{"taxonomy":"post_tag","embeddable":true,"href":"https:\/\/nordnesrepublikken.no\/index.php\/wp-json\/wp\/v2\/tags?post=12881"}],"curies":[{"name":"wp","href":"https:\/\/api.w.org\/{rel}","templated":true}]}}