{"id":12878,"date":"2025-12-17T01:51:28","date_gmt":"2025-12-17T00:51:28","guid":{"rendered":"https:\/\/nordnesrepublikken.no\/index.php\/2025\/12\/17\/stilige-mater-a-bruke-julefarger-pa\/"},"modified":"2025-12-17T01:51:30","modified_gmt":"2025-12-17T00:51:30","slug":"stilige-mater-a-bruke-julefarger-pa","status":"publish","type":"post","link":"https:\/\/nordnesrepublikken.no\/index.php\/2025\/12\/17\/stilige-mater-a-bruke-julefarger-pa\/","title":{"rendered":"Stilige m\u00e5ter \u00e5 bruke julefarger p\u00e5"},"content":{"rendered":"<p><\/p>\n<div class=\"wordpress-content\">\n                    <!-- Article Start --><\/p>\n<p>Julen er tiden for \u00e5 pynte i gangene og kle seg ut. Men, festdressingen kan g\u00e5 for langt. Hvis du ikke er forsiktig, kan du ende opp med \u00e5 se ut som et juletre, eller en av julenissens alver.<\/p>\n<p>Hvis det er det du g\u00e5r for, s\u00e5 fortsett, ta ikke notis fra meg. Men hvis du h\u00e5per \u00e5 se best ut, her er noen m\u00e5ter du kan inkorporere farger i antrekkene dine uten \u00e5 ofre julestemningen.<span id=\"more-556135\"><\/span><\/p>\n<h3>Bytt ut r\u00f8dt og gr\u00f8nt med luksuri\u00f8se alternativer<\/h3>\n<p>De vanlige r\u00f8de og gr\u00f8nne vi assosierer med jul kan v\u00e6re glorete, spesielt n\u00e5r de er sammenkoblet. Nyanser av smaragd og crimson er fasjonable, men festlige alternativer. Disse rikere fargetonene f\u00f8les luksuri\u00f8se, og f\u00e5r til og med en enkel kjole eller bluse til \u00e5 se ut som den h\u00f8rer hjemme som en feriefest.<\/p>\n<div class=\"sra_unit\"><link rel=\"stylesheet\" id=\"block-sra\" href=\"https:\/\/euroweeklynews.com\/wp-content\/plugins\/snack-related-articles\/dist\/css\/snack-related.min.css?250312-193541\" type=\"text\/css\" media=\"all\">\n<\/div>\n<h3>Legg til subtile, men sl\u00e5ende r\u00f8dt<\/h3>\n<p>Ved \u00e5 inkludere sm\u00e5 r\u00f8de prikker, jo lysere jo bedre, l\u00f8fter du umiddelbart ethvert utseende. Subtile r\u00f8de innslag som en r\u00f8d sl\u00f8yfe i h\u00e5ret ditt, r\u00f8de sko med et helt svart antrekk, eller til og med bare en enkel r\u00f8d leppe kan bringe julegleden uten \u00e5 overvelde antrekket ditt. \u00c5 bruke r\u00f8de tights har v\u00e6rt et popul\u00e6rt motevalg i \u00e5r, en du kan og b\u00f8r kopiere til jul. Det er lekent, i\u00f8ynefallende og helt festlig.<\/p>\n<h3>Mer stilige julefarger<\/h3>\n<p>Og hvis du vil droppe de r\u00f8de og gr\u00f8nne helt, er det fortsatt mange julefarger \u00e5 velge mellom. Kanaliser Sugar Plum Fairy og bruk lilla, en rik, kongelig og dristig farge som vil f\u00e5 deg til \u00e5 skille deg ut p\u00e5 de beste m\u00e5tene. En m\u00f8rk midnattsbl\u00e5 er ogs\u00e5 et godt valg, spesielt hvis du skal danse under glitrende julelys. Det er elegant, dramatisk og helt i tr\u00e5d med ferie\u00e5nden.<\/p>\n<h3>Ikke v\u00e6r redd for \u00e5 gnistre<\/h3>\n<p>Metallikk som s\u00f8lv og gull er alltid et morsomt alternativ, perfekt for \u00e5 gi skimmer og et snev av gnist til antrekket ditt uten \u00e5 bli full av tinsel. Subtile metalliske hint i antrekket ditt vil fange lyset vakkert. \u00c5 g\u00e5 all out vil f\u00e5 deg til \u00e5 skille deg ut, stjernen i enhver julefest.<\/p>\n<p>                    <!-- Originally published at https:\/\/euroweeklynews.com\/2025\/12\/16\/stylish-ways-to-wear-christmas-colours\/ on 16 Dec 2025 at 15:51 by Elli Freeman --><br \/>\n                    <!-- Article End -->\n                <\/div>\n","protected":false},"excerpt":{"rendered":"<p>Julen er tiden for \u00e5 pynte i gangene og kle seg ut. Men, festdressingen kan<\/p>\n","protected":false},"author":1,"featured_media":12879,"comment_status":"closed","ping_status":"open","sticky":false,"template":"","format":"standard","meta":{"footnotes":""},"categories":[105],"tags":[402,8478,8477,81,8476],"class_list":["post-12878","post","type-post","status-publish","format-standard","has-post-thumbnail","hentry","category-livsstil","tag-bruke","tag-julefarger","tag-mater","tag-pa","tag-stilige","generate-columns","tablet-grid-50","mobile-grid-100","grid-parent","grid-33","resize-featured-image"],"yoast_head":"<!-- This site is optimized with the Yoast SEO plugin v24.4 - https:\/\/yoast.com\/wordpress\/plugins\/seo\/ -->\n<title>Stilige m\u00e5ter \u00e5 bruke julefarger p\u00e5 - Nordnesrepublikken<\/title>\n<meta name=\"robots\" content=\"index, follow, max-snippet:-1, max-image-preview:large, max-video-preview:-1\" \/>\n<link rel=\"canonical\" href=\"https:\/\/nordnesrepublikken.no\/index.php\/2025\/12\/17\/stilige-mater-a-bruke-julefarger-pa\/\" \/>\n<meta property=\"og:locale\" content=\"nb_NO\" \/>\n<meta property=\"og:type\" content=\"article\" \/>\n<meta property=\"og:title\" content=\"Stilige m\u00e5ter \u00e5 bruke julefarger p\u00e5 - Nordnesrepublikken\" \/>\n<meta property=\"og:description\" content=\"Julen er tiden for \u00e5 pynte i gangene og kle seg ut. Men, festdressingen kan\" \/>\n<meta property=\"og:url\" content=\"https:\/\/nordnesrepublikken.no\/index.php\/2025\/12\/17\/stilige-mater-a-bruke-julefarger-pa\/\" \/>\n<meta property=\"og:site_name\" content=\"Nordnesrepublikken\" \/>\n<meta property=\"article:published_time\" content=\"2025-12-17T00:51:28+00:00\" \/>\n<meta property=\"article:modified_time\" content=\"2025-12-17T00:51:30+00:00\" \/>\n<meta property=\"og:image\" content=\"https:\/\/nordnesrepublikken.no\/wp-content\/uploads\/2025\/12\/1765932689_Stilige-mater-a-bruke-julefarger-pa.jpg\" \/>\n\t<meta property=\"og:image:width\" content=\"1200\" \/>\n\t<meta property=\"og:image:height\" content=\"800\" \/>\n\t<meta property=\"og:image:type\" content=\"image\/jpeg\" \/>\n<meta name=\"author\" content=\"Ole Andersen\" \/>\n<meta name=\"twitter:card\" content=\"summary_large_image\" \/>\n<meta name=\"twitter:label1\" content=\"Skrevet av\" \/>\n\t<meta name=\"twitter:data1\" content=\"Ole Andersen\" \/>\n\t<meta name=\"twitter:label2\" content=\"Ansl. lesetid\" \/>\n\t<meta name=\"twitter:data2\" content=\"2 minutter\" \/>\n<script type=\"application\/ld+json\" class=\"yoast-schema-graph\">{\"@context\":\"https:\/\/schema.org\",\"@graph\":[{\"@type\":\"Article\",\"@id\":\"https:\/\/nordnesrepublikken.no\/index.php\/2025\/12\/17\/stilige-mater-a-bruke-julefarger-pa\/#article\",\"isPartOf\":{\"@id\":\"https:\/\/nordnesrepublikken.no\/index.php\/2025\/12\/17\/stilige-mater-a-bruke-julefarger-pa\/\"},\"author\":{\"name\":\"Ole Andersen\",\"@id\":\"https:\/\/nordnesrepublikken.no\/#\/schema\/person\/2e7e81935bab77882fffb79296240ff1\"},\"headline\":\"Stilige m\u00e5ter \u00e5 bruke julefarger p\u00e5\",\"datePublished\":\"2025-12-17T00:51:28+00:00\",\"dateModified\":\"2025-12-17T00:51:30+00:00\",\"mainEntityOfPage\":{\"@id\":\"https:\/\/nordnesrepublikken.no\/index.php\/2025\/12\/17\/stilige-mater-a-bruke-julefarger-pa\/\"},\"wordCount\":380,\"publisher\":{\"@id\":\"https:\/\/nordnesrepublikken.no\/#organization\"},\"image\":{\"@id\":\"https:\/\/nordnesrepublikken.no\/index.php\/2025\/12\/17\/stilige-mater-a-bruke-julefarger-pa\/#primaryimage\"},\"thumbnailUrl\":\"https:\/\/nordnesrepublikken.no\/wp-content\/uploads\/2025\/12\/1765932689_Stilige-mater-a-bruke-julefarger-pa.jpg\",\"keywords\":[\"bruke\",\"julefarger\",\"m\u00e5ter\",\"p\u00e5\",\"Stilige\"],\"articleSection\":[\"Livsstil\"],\"inLanguage\":\"nb-NO\"},{\"@type\":\"WebPage\",\"@id\":\"https:\/\/nordnesrepublikken.no\/index.php\/2025\/12\/17\/stilige-mater-a-bruke-julefarger-pa\/\",\"url\":\"https:\/\/nordnesrepublikken.no\/index.php\/2025\/12\/17\/stilige-mater-a-bruke-julefarger-pa\/\",\"name\":\"Stilige m\u00e5ter \u00e5 bruke julefarger p\u00e5 - Nordnesrepublikken\",\"isPartOf\":{\"@id\":\"https:\/\/nordnesrepublikken.no\/#website\"},\"primaryImageOfPage\":{\"@id\":\"https:\/\/nordnesrepublikken.no\/index.php\/2025\/12\/17\/stilige-mater-a-bruke-julefarger-pa\/#primaryimage\"},\"image\":{\"@id\":\"https:\/\/nordnesrepublikken.no\/index.php\/2025\/12\/17\/stilige-mater-a-bruke-julefarger-pa\/#primaryimage\"},\"thumbnailUrl\":\"https:\/\/nordnesrepublikken.no\/wp-content\/uploads\/2025\/12\/1765932689_Stilige-mater-a-bruke-julefarger-pa.jpg\",\"datePublished\":\"2025-12-17T00:51:28+00:00\",\"dateModified\":\"2025-12-17T00:51:30+00:00\",\"breadcrumb\":{\"@id\":\"https:\/\/nordnesrepublikken.no\/index.php\/2025\/12\/17\/stilige-mater-a-bruke-julefarger-pa\/#breadcrumb\"},\"inLanguage\":\"nb-NO\",\"potentialAction\":[{\"@type\":\"ReadAction\",\"target\":[\"https:\/\/nordnesrepublikken.no\/index.php\/2025\/12\/17\/stilige-mater-a-bruke-julefarger-pa\/\"]}]},{\"@type\":\"ImageObject\",\"inLanguage\":\"nb-NO\",\"@id\":\"https:\/\/nordnesrepublikken.no\/index.php\/2025\/12\/17\/stilige-mater-a-bruke-julefarger-pa\/#primaryimage\",\"url\":\"https:\/\/nordnesrepublikken.no\/wp-content\/uploads\/2025\/12\/1765932689_Stilige-mater-a-bruke-julefarger-pa.jpg\",\"contentUrl\":\"https:\/\/nordnesrepublikken.no\/wp-content\/uploads\/2025\/12\/1765932689_Stilige-mater-a-bruke-julefarger-pa.jpg\",\"width\":1200,\"height\":800,\"caption\":\"Stilige m\u00e5ter \u00e5 bruke julefarger p\u00e5\"},{\"@type\":\"BreadcrumbList\",\"@id\":\"https:\/\/nordnesrepublikken.no\/index.php\/2025\/12\/17\/stilige-mater-a-bruke-julefarger-pa\/#breadcrumb\",\"itemListElement\":[{\"@type\":\"ListItem\",\"position\":1,\"name\":\"Home\",\"item\":\"https:\/\/nordnesrepublikken.no\/\"},{\"@type\":\"ListItem\",\"position\":2,\"name\":\"Stilige m\u00e5ter \u00e5 bruke julefarger p\u00e5\"}]},{\"@type\":\"WebSite\",\"@id\":\"https:\/\/nordnesrepublikken.no\/#website\",\"url\":\"https:\/\/nordnesrepublikken.no\/\",\"name\":\"Nordnesrepublikken\",\"description\":\"Stemmer og Visjoner fra Republikkens Hjerte\",\"publisher\":{\"@id\":\"https:\/\/nordnesrepublikken.no\/#organization\"},\"potentialAction\":[{\"@type\":\"SearchAction\",\"target\":{\"@type\":\"EntryPoint\",\"urlTemplate\":\"https:\/\/nordnesrepublikken.no\/?s={search_term_string}\"},\"query-input\":{\"@type\":\"PropertyValueSpecification\",\"valueRequired\":true,\"valueName\":\"search_term_string\"}}],\"inLanguage\":\"nb-NO\"},{\"@type\":\"Organization\",\"@id\":\"https:\/\/nordnesrepublikken.no\/#organization\",\"name\":\"Nordnesrepublikken\",\"url\":\"https:\/\/nordnesrepublikken.no\/\",\"logo\":{\"@type\":\"ImageObject\",\"inLanguage\":\"nb-NO\",\"@id\":\"https:\/\/nordnesrepublikken.no\/#\/schema\/logo\/image\/\",\"url\":\"https:\/\/nordnesrepublikken.no\/wp-content\/uploads\/2025\/02\/cropped-nordnesrepublikken-2.png\",\"contentUrl\":\"https:\/\/nordnesrepublikken.no\/wp-content\/uploads\/2025\/02\/cropped-nordnesrepublikken-2.png\",\"width\":1248,\"height\":362,\"caption\":\"Nordnesrepublikken\"},\"image\":{\"@id\":\"https:\/\/nordnesrepublikken.no\/#\/schema\/logo\/image\/\"}},{\"@type\":\"Person\",\"@id\":\"https:\/\/nordnesrepublikken.no\/#\/schema\/person\/2e7e81935bab77882fffb79296240ff1\",\"name\":\"Ole Andersen\",\"image\":{\"@type\":\"ImageObject\",\"inLanguage\":\"nb-NO\",\"@id\":\"https:\/\/nordnesrepublikken.no\/#\/schema\/person\/image\/\",\"url\":\"https:\/\/nordnesrepublikken.no\/wp-content\/uploads\/2025\/02\/nordnesrepublikken-2-2-150x150.jpg\",\"contentUrl\":\"https:\/\/nordnesrepublikken.no\/wp-content\/uploads\/2025\/02\/nordnesrepublikken-2-2-150x150.jpg\",\"caption\":\"Ole Andersen\"},\"description\":\"Ettersom jeg vokste opp i Oslo, har jeg alltid v\u00e6rt fascinert av ordenes kraft og deres evne til \u00e5 skape endringer. Etter \u00e5 ha fullf\u00f8rt min utdannelse i kommunikasjon ved Universitetet i Bergen, fikk jeg muligheten til \u00e5 jobbe innen ulike medier, der jeg har s\u00f8kt \u00e5 belyse viktige samfunnssp\u00f8rsm\u00e5l. I dag, som redakt\u00f8r for Nordnesrepublikken, pr\u00f8ver jeg \u00e5 forene min kj\u00e6rlighet for journalistikk med min lidenskap for innovasjon og eventyr.\",\"sameAs\":[\"https:\/\/nordnesrepublikken.no\/\"]}]}<\/script>\n<!-- \/ Yoast SEO plugin. -->","yoast_head_json":{"title":"Stilige m\u00e5ter \u00e5 bruke julefarger p\u00e5 - Nordnesrepublikken","robots":{"index":"index","follow":"follow","max-snippet":"max-snippet:-1","max-image-preview":"max-image-preview:large","max-video-preview":"max-video-preview:-1"},"canonical":"https:\/\/nordnesrepublikken.no\/index.php\/2025\/12\/17\/stilige-mater-a-bruke-julefarger-pa\/","og_locale":"nb_NO","og_type":"article","og_title":"Stilige m\u00e5ter \u00e5 bruke julefarger p\u00e5 - Nordnesrepublikken","og_description":"Julen er tiden for \u00e5 pynte i gangene og kle seg ut. Men, festdressingen kan","og_url":"https:\/\/nordnesrepublikken.no\/index.php\/2025\/12\/17\/stilige-mater-a-bruke-julefarger-pa\/","og_site_name":"Nordnesrepublikken","article_published_time":"2025-12-17T00:51:28+00:00","article_modified_time":"2025-12-17T00:51:30+00:00","og_image":[{"width":1200,"height":800,"url":"https:\/\/nordnesrepublikken.no\/wp-content\/uploads\/2025\/12\/1765932689_Stilige-mater-a-bruke-julefarger-pa.jpg","type":"image\/jpeg"}],"author":"Ole Andersen","twitter_card":"summary_large_image","twitter_misc":{"Skrevet av":"Ole Andersen","Ansl. lesetid":"2 minutter"},"schema":{"@context":"https:\/\/schema.org","@graph":[{"@type":"Article","@id":"https:\/\/nordnesrepublikken.no\/index.php\/2025\/12\/17\/stilige-mater-a-bruke-julefarger-pa\/#article","isPartOf":{"@id":"https:\/\/nordnesrepublikken.no\/index.php\/2025\/12\/17\/stilige-mater-a-bruke-julefarger-pa\/"},"author":{"name":"Ole Andersen","@id":"https:\/\/nordnesrepublikken.no\/#\/schema\/person\/2e7e81935bab77882fffb79296240ff1"},"headline":"Stilige m\u00e5ter \u00e5 bruke julefarger p\u00e5","datePublished":"2025-12-17T00:51:28+00:00","dateModified":"2025-12-17T00:51:30+00:00","mainEntityOfPage":{"@id":"https:\/\/nordnesrepublikken.no\/index.php\/2025\/12\/17\/stilige-mater-a-bruke-julefarger-pa\/"},"wordCount":380,"publisher":{"@id":"https:\/\/nordnesrepublikken.no\/#organization"},"image":{"@id":"https:\/\/nordnesrepublikken.no\/index.php\/2025\/12\/17\/stilige-mater-a-bruke-julefarger-pa\/#primaryimage"},"thumbnailUrl":"https:\/\/nordnesrepublikken.no\/wp-content\/uploads\/2025\/12\/1765932689_Stilige-mater-a-bruke-julefarger-pa.jpg","keywords":["bruke","julefarger","m\u00e5ter","p\u00e5","Stilige"],"articleSection":["Livsstil"],"inLanguage":"nb-NO"},{"@type":"WebPage","@id":"https:\/\/nordnesrepublikken.no\/index.php\/2025\/12\/17\/stilige-mater-a-bruke-julefarger-pa\/","url":"https:\/\/nordnesrepublikken.no\/index.php\/2025\/12\/17\/stilige-mater-a-bruke-julefarger-pa\/","name":"Stilige m\u00e5ter \u00e5 bruke julefarger p\u00e5 - Nordnesrepublikken","isPartOf":{"@id":"https:\/\/nordnesrepublikken.no\/#website"},"primaryImageOfPage":{"@id":"https:\/\/nordnesrepublikken.no\/index.php\/2025\/12\/17\/stilige-mater-a-bruke-julefarger-pa\/#primaryimage"},"image":{"@id":"https:\/\/nordnesrepublikken.no\/index.php\/2025\/12\/17\/stilige-mater-a-bruke-julefarger-pa\/#primaryimage"},"thumbnailUrl":"https:\/\/nordnesrepublikken.no\/wp-content\/uploads\/2025\/12\/1765932689_Stilige-mater-a-bruke-julefarger-pa.jpg","datePublished":"2025-12-17T00:51:28+00:00","dateModified":"2025-12-17T00:51:30+00:00","breadcrumb":{"@id":"https:\/\/nordnesrepublikken.no\/index.php\/2025\/12\/17\/stilige-mater-a-bruke-julefarger-pa\/#breadcrumb"},"inLanguage":"nb-NO","potentialAction":[{"@type":"ReadAction","target":["https:\/\/nordnesrepublikken.no\/index.php\/2025\/12\/17\/stilige-mater-a-bruke-julefarger-pa\/"]}]},{"@type":"ImageObject","inLanguage":"nb-NO","@id":"https:\/\/nordnesrepublikken.no\/index.php\/2025\/12\/17\/stilige-mater-a-bruke-julefarger-pa\/#primaryimage","url":"https:\/\/nordnesrepublikken.no\/wp-content\/uploads\/2025\/12\/1765932689_Stilige-mater-a-bruke-julefarger-pa.jpg","contentUrl":"https:\/\/nordnesrepublikken.no\/wp-content\/uploads\/2025\/12\/1765932689_Stilige-mater-a-bruke-julefarger-pa.jpg","width":1200,"height":800,"caption":"Stilige m\u00e5ter \u00e5 bruke julefarger p\u00e5"},{"@type":"BreadcrumbList","@id":"https:\/\/nordnesrepublikken.no\/index.php\/2025\/12\/17\/stilige-mater-a-bruke-julefarger-pa\/#breadcrumb","itemListElement":[{"@type":"ListItem","position":1,"name":"Home","item":"https:\/\/nordnesrepublikken.no\/"},{"@type":"ListItem","position":2,"name":"Stilige m\u00e5ter \u00e5 bruke julefarger p\u00e5"}]},{"@type":"WebSite","@id":"https:\/\/nordnesrepublikken.no\/#website","url":"https:\/\/nordnesrepublikken.no\/","name":"Nordnesrepublikken","description":"Stemmer og Visjoner fra Republikkens Hjerte","publisher":{"@id":"https:\/\/nordnesrepublikken.no\/#organization"},"potentialAction":[{"@type":"SearchAction","target":{"@type":"EntryPoint","urlTemplate":"https:\/\/nordnesrepublikken.no\/?s={search_term_string}"},"query-input":{"@type":"PropertyValueSpecification","valueRequired":true,"valueName":"search_term_string"}}],"inLanguage":"nb-NO"},{"@type":"Organization","@id":"https:\/\/nordnesrepublikken.no\/#organization","name":"Nordnesrepublikken","url":"https:\/\/nordnesrepublikken.no\/","logo":{"@type":"ImageObject","inLanguage":"nb-NO","@id":"https:\/\/nordnesrepublikken.no\/#\/schema\/logo\/image\/","url":"https:\/\/nordnesrepublikken.no\/wp-content\/uploads\/2025\/02\/cropped-nordnesrepublikken-2.png","contentUrl":"https:\/\/nordnesrepublikken.no\/wp-content\/uploads\/2025\/02\/cropped-nordnesrepublikken-2.png","width":1248,"height":362,"caption":"Nordnesrepublikken"},"image":{"@id":"https:\/\/nordnesrepublikken.no\/#\/schema\/logo\/image\/"}},{"@type":"Person","@id":"https:\/\/nordnesrepublikken.no\/#\/schema\/person\/2e7e81935bab77882fffb79296240ff1","name":"Ole Andersen","image":{"@type":"ImageObject","inLanguage":"nb-NO","@id":"https:\/\/nordnesrepublikken.no\/#\/schema\/person\/image\/","url":"https:\/\/nordnesrepublikken.no\/wp-content\/uploads\/2025\/02\/nordnesrepublikken-2-2-150x150.jpg","contentUrl":"https:\/\/nordnesrepublikken.no\/wp-content\/uploads\/2025\/02\/nordnesrepublikken-2-2-150x150.jpg","caption":"Ole Andersen"},"description":"Ettersom jeg vokste opp i Oslo, har jeg alltid v\u00e6rt fascinert av ordenes kraft og deres evne til \u00e5 skape endringer. Etter \u00e5 ha fullf\u00f8rt min utdannelse i kommunikasjon ved Universitetet i Bergen, fikk jeg muligheten til \u00e5 jobbe innen ulike medier, der jeg har s\u00f8kt \u00e5 belyse viktige samfunnssp\u00f8rsm\u00e5l. I dag, som redakt\u00f8r for Nordnesrepublikken, pr\u00f8ver jeg \u00e5 forene min kj\u00e6rlighet for journalistikk med min lidenskap for innovasjon og eventyr.","sameAs":["https:\/\/nordnesrepublikken.no\/"]}]}},"_links":{"self":[{"href":"https:\/\/nordnesrepublikken.no\/index.php\/wp-json\/wp\/v2\/posts\/12878","targetHints":{"allow":["GET"]}}],"collection":[{"href":"https:\/\/nordnesrepublikken.no\/index.php\/wp-json\/wp\/v2\/posts"}],"about":[{"href":"https:\/\/nordnesrepublikken.no\/index.php\/wp-json\/wp\/v2\/types\/post"}],"author":[{"embeddable":true,"href":"https:\/\/nordnesrepublikken.no\/index.php\/wp-json\/wp\/v2\/users\/1"}],"replies":[{"embeddable":true,"href":"https:\/\/nordnesrepublikken.no\/index.php\/wp-json\/wp\/v2\/comments?post=12878"}],"version-history":[{"count":1,"href":"https:\/\/nordnesrepublikken.no\/index.php\/wp-json\/wp\/v2\/posts\/12878\/revisions"}],"predecessor-version":[{"id":12880,"href":"https:\/\/nordnesrepublikken.no\/index.php\/wp-json\/wp\/v2\/posts\/12878\/revisions\/12880"}],"wp:featuredmedia":[{"embeddable":true,"href":"https:\/\/nordnesrepublikken.no\/index.php\/wp-json\/wp\/v2\/media\/12879"}],"wp:attachment":[{"href":"https:\/\/nordnesrepublikken.no\/index.php\/wp-json\/wp\/v2\/media?parent=12878"}],"wp:term":[{"taxonomy":"category","embeddable":true,"href":"https:\/\/nordnesrepublikken.no\/index.php\/wp-json\/wp\/v2\/categories?post=12878"},{"taxonomy":"post_tag","embeddable":true,"href":"https:\/\/nordnesrepublikken.no\/index.php\/wp-json\/wp\/v2\/tags?post=12878"}],"curies":[{"name":"wp","href":"https:\/\/api.w.org\/{rel}","templated":true}]}}