{"id":12863,"date":"2025-12-16T16:51:49","date_gmt":"2025-12-16T15:51:49","guid":{"rendered":"https:\/\/nordnesrepublikken.no\/index.php\/2025\/12\/16\/16-desember-2025-hvor-mange-c-var-det-i-dag-tidligere-ar-la-oss-sammenligne-temperaturer\/"},"modified":"2025-12-16T16:51:51","modified_gmt":"2025-12-16T15:51:51","slug":"16-desember-2025-hvor-mange-c-var-det-i-dag-tidligere-ar-la-oss-sammenligne-temperaturer","status":"publish","type":"post","link":"https:\/\/nordnesrepublikken.no\/index.php\/2025\/12\/16\/16-desember-2025-hvor-mange-c-var-det-i-dag-tidligere-ar-la-oss-sammenligne-temperaturer\/","title":{"rendered":"16. desember 2025, hvor mange \u00b0C var det i dag tidligere \u00e5r? La oss sammenligne temperaturer"},"content":{"rendered":"<div>\n<div class=\"cp_wrapper cp_wrapper--fw mb-30 mb-20@tablet\">\n<figure class=\"mm\"><picture class=\"img\" style=\"padding-top:56.25%\"><source  media=\"(min-width: 1024px)\"><source  media=\"(min-width: 768px)\"><\/source><\/source><\/picture><\/figure>\n<\/p><\/div>\n<p>Mange ganger finner vi oss selv i undring <strong>&laquo;Men var det s\u00e5 kaldt i fjor?&raquo;<\/strong> eller <strong>&laquo;Men var det s\u00e5 varmt i andre \u00e5r?&raquo;<\/strong>. Dette er sp\u00f8rsm\u00e5l som kan besvares ved \u00e5 s\u00f8ke gjennom de meteorologiske arkivene, og det er det vi gjorde: vi gir deg temperaturene p\u00e5 <strong>16. desember<\/strong> planlagt til <strong>Milan<\/strong>, <strong>Roma,<\/strong> <strong>Napoli<\/strong> Og<strong> Palermo<\/strong>sammenlignet med de av samme dato for 1, 2, 10 og 20 \u00e5r siden.<\/p>\n<p><strong>Milan<\/strong><\/p>\n<div class=\"cp_wrapper cp_wrapper--fw mb-50\">\n<figure class=\"mm\"><picture class=\"img\" style=\"padding-top:125%\"><source  media=\"(min-width: 1024px)\"><source  media=\"(min-width: 768px)\"><img decoding=\"async\" loading=\"lazy\" src=\"https:\/\/nordnesrepublikken.no\/wp-content\/uploads\/2025\/12\/1765900309_340_16-desember-2025-hvor-mange-\u00b0C-var-det-i-dag.jpg\" alt=\"Bilde\" width=\"1080\" height=\"1350\"\/><\/source><\/source><\/picture><\/figure>\n<\/p><\/div>\n<div class=\"cp_wrapper--table\">\n<table>\n<thead>\n<tr>\n<th>\u00c5r<\/th>\n<th>Minimum (\u00b0C)<\/th>\n<th>Maksimum (\u00b0C)<\/th>\n<\/tr>\n<\/thead>\n<tbody>\n<tr>\n<td data-label=\"Anno\"><strong>2025<\/strong><\/td>\n<td data-label=\"Minima (\u00b0C)\">5<\/td>\n<td data-label=\"Massima (\u00b0C)\">8<\/td>\n<\/tr>\n<tr>\n<td data-label=\"Anno\"><strong>2024<\/strong><\/td>\n<td data-label=\"Minima (\u00b0C)\">\u20130,2<\/td>\n<td data-label=\"Massima (\u00b0C)\">10.2<\/td>\n<\/tr>\n<tr>\n<td data-label=\"Anno\"><strong>2023<\/strong><\/td>\n<td data-label=\"Minima (\u00b0C)\">\u20130,7<\/td>\n<td data-label=\"Massima (\u00b0C)\">7.0<\/td>\n<\/tr>\n<tr>\n<td data-label=\"Anno\"><strong>2015<\/strong><\/td>\n<td data-label=\"Minima (\u00b0C)\">1.4<\/td>\n<td data-label=\"Massima (\u00b0C)\">9.2<\/td>\n<\/tr>\n<tr>\n<td data-label=\"Anno\"><strong>2005<\/strong><\/td>\n<td data-label=\"Minima (\u00b0C)\">\u20131.6<\/td>\n<td data-label=\"Massima (\u00b0C)\">8.7<\/td>\n<\/tr>\n<\/tbody>\n<\/table>\n<\/div>\n<p><strong>Roma<\/strong><\/p>\n<div class=\"cp_wrapper cp_wrapper--fw mb-50\">\n<figure class=\"mm\"><picture class=\"img\" style=\"padding-top:125%\"><source  media=\"(min-width: 1024px)\"><source  media=\"(min-width: 768px)\"><img decoding=\"async\" loading=\"lazy\" src=\"https:\/\/nordnesrepublikken.no\/wp-content\/uploads\/2025\/12\/1765900309_439_16-desember-2025-hvor-mange-\u00b0C-var-det-i-dag.jpg\" alt=\"Bilde\" width=\"1080\" height=\"1350\" class=\"js-seedtag-img\"\/><\/source><\/source><\/picture><\/figure>\n<\/p><\/div>\n<div class=\"cp_wrapper--table\">\n<table>\n<thead>\n<tr>\n<th>\u00c5r<\/th>\n<th>Minimum (\u00b0C)<\/th>\n<th>Maksimum (\u00b0C)<\/th>\n<\/tr>\n<\/thead>\n<tbody>\n<tr>\n<td data-label=\"Anno\"><strong>2025<\/strong><\/td>\n<td data-label=\"Minima (\u00b0C)\">11<\/td>\n<td data-label=\"Massima (\u00b0C)\">16<\/td>\n<\/tr>\n<tr>\n<td data-label=\"Anno\"><strong>2024<\/strong><\/td>\n<td data-label=\"Minima (\u00b0C)\">2,3<\/td>\n<td data-label=\"Massima (\u00b0C)\">12.3<\/td>\n<\/tr>\n<tr>\n<td data-label=\"Anno\"><strong>2023<\/strong><\/td>\n<td data-label=\"Minima (\u00b0C)\">4.2<\/td>\n<td data-label=\"Massima (\u00b0C)\">12.5<\/td>\n<\/tr>\n<tr>\n<td data-label=\"Anno\"><strong>2015<\/strong><\/td>\n<td data-label=\"Minima (\u00b0C)\">4.7<\/td>\n<td data-label=\"Massima (\u00b0C)\">13.8<\/td>\n<\/tr>\n<tr>\n<td data-label=\"Anno\"><strong>2005<\/strong><\/td>\n<td data-label=\"Minima (\u00b0C)\">\u20130,2<\/td>\n<td data-label=\"Massima (\u00b0C)\">10.5<\/td>\n<\/tr>\n<\/tbody>\n<\/table>\n<\/div>\n<p><strong>Napoli<\/strong><\/p>\n<div class=\"cp_wrapper cp_wrapper--fw mb-50\">\n<figure class=\"mm\"><picture class=\"img\" style=\"padding-top:125%\"><source  media=\"(min-width: 1024px)\"><source  media=\"(min-width: 768px)\"><img decoding=\"async\" loading=\"lazy\" src=\"https:\/\/nordnesrepublikken.no\/wp-content\/uploads\/2025\/12\/1765900309_905_16-desember-2025-hvor-mange-\u00b0C-var-det-i-dag.jpg\" alt=\"Bilde\" width=\"1080\" height=\"1350\"\/><\/source><\/source><\/picture><\/figure>\n<\/p><\/div>\n<div class=\"cp_wrapper--table\">\n<table>\n<thead>\n<tr>\n<th>\u00c5r<\/th>\n<th>Minimum (\u00b0C)<\/th>\n<th>Maksimum (\u00b0C)<\/th>\n<\/tr>\n<\/thead>\n<tbody>\n<tr>\n<td data-label=\"Anno\"><strong>2025<\/strong><\/td>\n<td data-label=\"Minima (\u00b0C)\">12<\/td>\n<td data-label=\"Massima (\u00b0C)\">15<\/td>\n<\/tr>\n<tr>\n<td data-label=\"Anno\"><strong>2024<\/strong><\/td>\n<td data-label=\"Minima (\u00b0C)\">5.8<\/td>\n<td data-label=\"Massima (\u00b0C)\">14.0<\/td>\n<\/tr>\n<tr>\n<td data-label=\"Anno\"><strong>2023<\/strong><\/td>\n<td data-label=\"Minima (\u00b0C)\">7.6<\/td>\n<td data-label=\"Massima (\u00b0C)\">11.0<\/td>\n<\/tr>\n<tr>\n<td data-label=\"Anno\"><strong>2015<\/strong><\/td>\n<td data-label=\"Minima (\u00b0C)\">4.1<\/td>\n<td data-label=\"Massima (\u00b0C)\">14.3<\/td>\n<\/tr>\n<tr>\n<td data-label=\"Anno\"><strong>2005<\/strong><\/td>\n<td data-label=\"Minima (\u00b0C)\">7.2<\/td>\n<td data-label=\"Massima (\u00b0C)\">11.5<\/td>\n<\/tr>\n<\/tbody>\n<\/table>\n<\/div>\n<p><strong>Palermo<\/strong><\/p>\n<div class=\"cp_wrapper cp_wrapper--fw mb-50\">\n<figure class=\"mm\"><picture class=\"img\" style=\"padding-top:125%\"><source  media=\"(min-width: 1024px)\"><source  media=\"(min-width: 768px)\"><img decoding=\"async\" loading=\"lazy\" src=\"https:\/\/nordnesrepublikken.no\/wp-content\/uploads\/2025\/12\/1765900309_869_16-desember-2025-hvor-mange-\u00b0C-var-det-i-dag.jpg\" alt=\"Bilde\" width=\"1080\" height=\"1350\" class=\"js-seedtag-img\"\/><\/source><\/source><\/picture><\/figure>\n<\/p><\/div>\n<div class=\"cp_wrapper--table\">\n<table>\n<thead>\n<tr>\n<th>\u00c5r<\/th>\n<th>Minimum (\u00b0C)<\/th>\n<th>Maksimum (\u00b0C)<\/th>\n<\/tr>\n<\/thead>\n<tbody>\n<tr>\n<td data-label=\"Anno\"><strong>2025<\/strong><\/td>\n<td data-label=\"Minima (\u00b0C)\">12<\/td>\n<td data-label=\"Massima (\u00b0C)\">16<\/td>\n<\/tr>\n<tr>\n<td data-label=\"Anno\"><strong>2024<\/strong><\/td>\n<td data-label=\"Minima (\u00b0C)\">9.5<\/td>\n<td data-label=\"Massima (\u00b0C)\">15.3<\/td>\n<\/tr>\n<tr>\n<td data-label=\"Anno\"><strong>2023<\/strong><\/td>\n<td data-label=\"Minima (\u00b0C)\">9.1<\/td>\n<td data-label=\"Massima (\u00b0C)\">13.5<\/td>\n<\/tr>\n<tr>\n<td data-label=\"Anno\"><strong>2015<\/strong><\/td>\n<td data-label=\"Minima (\u00b0C)\">10.5<\/td>\n<td data-label=\"Massima (\u00b0C)\">14.9<\/td>\n<\/tr>\n<tr>\n<td data-label=\"Anno\"><strong>2005<\/strong><\/td>\n<td data-label=\"Minima (\u00b0C)\">10.9<\/td>\n<td data-label=\"Massima (\u00b0C)\">14.4<\/td>\n<\/tr>\n<\/tbody>\n<\/table>\n<\/div>\n<p>Det m\u00e5 sies at \u00e5 sammenligne temperaturene i en by i forskjellige \u00e5r gir svar <strong>kuriositeter i hverdagen<\/strong> som vi alle tilfeldigvis har, men fra et vitenskapelig synspunkt har det ingen reell meteorologisk og klimatologisk verdi: enhver vurdering som &laquo;I dag er det varmere&raquo; eller &laquo;I dag er det kaldere&raquo; sammenlignet med fortiden kan bare tas med hensyn til en <strong>referansegjennomsnitt i minst tretti \u00e5r<\/strong>. Her er for eksempel gjennomsnittstemperaturen for de fire byene p\u00e5 dagens dato i perioden <strong>1991\u20132020<\/strong>for \u00e5 sammenlignes med dagens:<\/p>\n<div class=\"cp_wrapper--table\">\n<table>\n<thead>\n<tr>\n<th>By<\/th>\n<th>Gjennomsnittstemperatur 1991\u20132020 (\u00b0C)<\/th>\n<\/tr>\n<\/thead>\n<tbody>\n<tr>\n<td data-label=\"Citt\u00e0\"><strong>Milan<\/strong><\/td>\n<td data-label=\"Temperatura media 1991-2020 (\u00b0C)\">2.5<\/td>\n<\/tr>\n<tr>\n<td data-label=\"Citt\u00e0\"><strong>Roma<\/strong><\/td>\n<td data-label=\"Temperatura media 1991-2020 (\u00b0C)\">8.1<\/td>\n<\/tr>\n<tr>\n<td data-label=\"Citt\u00e0\"><strong>Napoli<\/strong><\/td>\n<td data-label=\"Temperatura media 1991-2020 (\u00b0C)\">9.7<\/td>\n<\/tr>\n<tr>\n<td data-label=\"Citt\u00e0\"><strong>Palermo<\/strong><\/td>\n<td data-label=\"Temperatura media 1991-2020 (\u00b0C)\">12.9<\/td>\n<\/tr>\n<\/tbody>\n<\/table>\n<\/div>\n<p>Dagens data er fra prognoser<strong>Luftforsvar<\/strong>mens historiske data kommer fra global klimaanalyse <strong>ERA5<\/strong> opprettet av European Space Agency med Copernicus-programmet.<\/p>\n<\/p><\/div>\n","protected":false},"excerpt":{"rendered":"<p>Mange ganger finner vi oss selv i undring &laquo;Men var det s\u00e5 kaldt i fjor?&raquo;<\/p>\n","protected":false},"author":1,"featured_media":12864,"comment_status":"closed","ping_status":"open","sticky":false,"template":"","format":"standard","meta":{"footnotes":""},"categories":[26],"tags":[595,568,8007,66,449,450,657,8109,4273,1051,100],"class_list":["post-12863","post","type-post","status-publish","format-standard","has-post-thumbnail","hentry","category-miljo","tag-ar","tag-dag","tag-desember","tag-det","tag-hvor","tag-mange","tag-oss","tag-sammenligne","tag-temperaturer","tag-tidligere","tag-var","generate-columns","tablet-grid-50","mobile-grid-100","grid-parent","grid-33","resize-featured-image"],"yoast_head":"<!-- This site is optimized with the Yoast SEO plugin v24.4 - https:\/\/yoast.com\/wordpress\/plugins\/seo\/ -->\n<title>16. desember 2025, hvor mange \u00b0C var det i dag tidligere \u00e5r? La oss sammenligne temperaturer - Nordnesrepublikken<\/title>\n<meta name=\"robots\" content=\"index, follow, max-snippet:-1, max-image-preview:large, max-video-preview:-1\" \/>\n<link rel=\"canonical\" href=\"https:\/\/nordnesrepublikken.no\/index.php\/2025\/12\/16\/16-desember-2025-hvor-mange-c-var-det-i-dag-tidligere-ar-la-oss-sammenligne-temperaturer\/\" \/>\n<meta property=\"og:locale\" content=\"nb_NO\" \/>\n<meta property=\"og:type\" content=\"article\" \/>\n<meta property=\"og:title\" content=\"16. desember 2025, hvor mange \u00b0C var det i dag tidligere \u00e5r? La oss sammenligne temperaturer - Nordnesrepublikken\" \/>\n<meta property=\"og:description\" content=\"Mange ganger finner vi oss selv i undring &laquo;Men var det s\u00e5 kaldt i fjor?&raquo;\" \/>\n<meta property=\"og:url\" content=\"https:\/\/nordnesrepublikken.no\/index.php\/2025\/12\/16\/16-desember-2025-hvor-mange-c-var-det-i-dag-tidligere-ar-la-oss-sammenligne-temperaturer\/\" \/>\n<meta property=\"og:site_name\" content=\"Nordnesrepublikken\" \/>\n<meta property=\"article:published_time\" content=\"2025-12-16T15:51:49+00:00\" \/>\n<meta property=\"article:modified_time\" content=\"2025-12-16T15:51:51+00:00\" \/>\n<meta property=\"og:image\" content=\"https:\/\/nordnesrepublikken.no\/wp-content\/uploads\/2025\/12\/1765900310_16-desember-2025-hvor-mange-\u00b0C-var-det-i-dag.jpg\" \/>\n\t<meta property=\"og:image:width\" content=\"1280\" \/>\n\t<meta property=\"og:image:height\" content=\"720\" \/>\n\t<meta property=\"og:image:type\" content=\"image\/jpeg\" \/>\n<meta name=\"author\" content=\"Ole Andersen\" \/>\n<meta name=\"twitter:card\" content=\"summary_large_image\" \/>\n<meta name=\"twitter:label1\" content=\"Skrevet av\" \/>\n\t<meta name=\"twitter:data1\" content=\"Ole Andersen\" \/>\n\t<meta name=\"twitter:label2\" content=\"Ansl. lesetid\" \/>\n\t<meta name=\"twitter:data2\" content=\"1 minutt\" \/>\n<script type=\"application\/ld+json\" class=\"yoast-schema-graph\">{\"@context\":\"https:\/\/schema.org\",\"@graph\":[{\"@type\":\"Article\",\"@id\":\"https:\/\/nordnesrepublikken.no\/index.php\/2025\/12\/16\/16-desember-2025-hvor-mange-c-var-det-i-dag-tidligere-ar-la-oss-sammenligne-temperaturer\/#article\",\"isPartOf\":{\"@id\":\"https:\/\/nordnesrepublikken.no\/index.php\/2025\/12\/16\/16-desember-2025-hvor-mange-c-var-det-i-dag-tidligere-ar-la-oss-sammenligne-temperaturer\/\"},\"author\":{\"name\":\"Ole Andersen\",\"@id\":\"https:\/\/nordnesrepublikken.no\/#\/schema\/person\/2e7e81935bab77882fffb79296240ff1\"},\"headline\":\"16. desember 2025, hvor mange \u00b0C var det i dag tidligere \u00e5r? La oss sammenligne temperaturer\",\"datePublished\":\"2025-12-16T15:51:49+00:00\",\"dateModified\":\"2025-12-16T15:51:51+00:00\",\"mainEntityOfPage\":{\"@id\":\"https:\/\/nordnesrepublikken.no\/index.php\/2025\/12\/16\/16-desember-2025-hvor-mange-c-var-det-i-dag-tidligere-ar-la-oss-sammenligne-temperaturer\/\"},\"wordCount\":213,\"publisher\":{\"@id\":\"https:\/\/nordnesrepublikken.no\/#organization\"},\"image\":{\"@id\":\"https:\/\/nordnesrepublikken.no\/index.php\/2025\/12\/16\/16-desember-2025-hvor-mange-c-var-det-i-dag-tidligere-ar-la-oss-sammenligne-temperaturer\/#primaryimage\"},\"thumbnailUrl\":\"https:\/\/nordnesrepublikken.no\/wp-content\/uploads\/2025\/12\/1765900310_16-desember-2025-hvor-mange-\u00b0C-var-det-i-dag.jpg\",\"keywords\":[\"\u00e5r\",\"dag\",\"desember\",\"Det\",\"hvor\",\"mange\",\"oss\",\"sammenligne\",\"temperaturer\",\"tidligere\",\"var\"],\"articleSection\":[\"Milj\u00f8\"],\"inLanguage\":\"nb-NO\"},{\"@type\":\"WebPage\",\"@id\":\"https:\/\/nordnesrepublikken.no\/index.php\/2025\/12\/16\/16-desember-2025-hvor-mange-c-var-det-i-dag-tidligere-ar-la-oss-sammenligne-temperaturer\/\",\"url\":\"https:\/\/nordnesrepublikken.no\/index.php\/2025\/12\/16\/16-desember-2025-hvor-mange-c-var-det-i-dag-tidligere-ar-la-oss-sammenligne-temperaturer\/\",\"name\":\"16. desember 2025, hvor mange \u00b0C var det i dag tidligere \u00e5r? La oss sammenligne temperaturer - Nordnesrepublikken\",\"isPartOf\":{\"@id\":\"https:\/\/nordnesrepublikken.no\/#website\"},\"primaryImageOfPage\":{\"@id\":\"https:\/\/nordnesrepublikken.no\/index.php\/2025\/12\/16\/16-desember-2025-hvor-mange-c-var-det-i-dag-tidligere-ar-la-oss-sammenligne-temperaturer\/#primaryimage\"},\"image\":{\"@id\":\"https:\/\/nordnesrepublikken.no\/index.php\/2025\/12\/16\/16-desember-2025-hvor-mange-c-var-det-i-dag-tidligere-ar-la-oss-sammenligne-temperaturer\/#primaryimage\"},\"thumbnailUrl\":\"https:\/\/nordnesrepublikken.no\/wp-content\/uploads\/2025\/12\/1765900310_16-desember-2025-hvor-mange-\u00b0C-var-det-i-dag.jpg\",\"datePublished\":\"2025-12-16T15:51:49+00:00\",\"dateModified\":\"2025-12-16T15:51:51+00:00\",\"breadcrumb\":{\"@id\":\"https:\/\/nordnesrepublikken.no\/index.php\/2025\/12\/16\/16-desember-2025-hvor-mange-c-var-det-i-dag-tidligere-ar-la-oss-sammenligne-temperaturer\/#breadcrumb\"},\"inLanguage\":\"nb-NO\",\"potentialAction\":[{\"@type\":\"ReadAction\",\"target\":[\"https:\/\/nordnesrepublikken.no\/index.php\/2025\/12\/16\/16-desember-2025-hvor-mange-c-var-det-i-dag-tidligere-ar-la-oss-sammenligne-temperaturer\/\"]}]},{\"@type\":\"ImageObject\",\"inLanguage\":\"nb-NO\",\"@id\":\"https:\/\/nordnesrepublikken.no\/index.php\/2025\/12\/16\/16-desember-2025-hvor-mange-c-var-det-i-dag-tidligere-ar-la-oss-sammenligne-temperaturer\/#primaryimage\",\"url\":\"https:\/\/nordnesrepublikken.no\/wp-content\/uploads\/2025\/12\/1765900310_16-desember-2025-hvor-mange-\u00b0C-var-det-i-dag.jpg\",\"contentUrl\":\"https:\/\/nordnesrepublikken.no\/wp-content\/uploads\/2025\/12\/1765900310_16-desember-2025-hvor-mange-\u00b0C-var-det-i-dag.jpg\",\"width\":1280,\"height\":720,\"caption\":\"16. desember 2025, hvor mange \u00b0C var det i dag tidligere \u00e5r? La oss sammenligne temperaturer\"},{\"@type\":\"BreadcrumbList\",\"@id\":\"https:\/\/nordnesrepublikken.no\/index.php\/2025\/12\/16\/16-desember-2025-hvor-mange-c-var-det-i-dag-tidligere-ar-la-oss-sammenligne-temperaturer\/#breadcrumb\",\"itemListElement\":[{\"@type\":\"ListItem\",\"position\":1,\"name\":\"Home\",\"item\":\"https:\/\/nordnesrepublikken.no\/\"},{\"@type\":\"ListItem\",\"position\":2,\"name\":\"16. desember 2025, hvor mange \u00b0C var det i dag tidligere \u00e5r? La oss sammenligne temperaturer\"}]},{\"@type\":\"WebSite\",\"@id\":\"https:\/\/nordnesrepublikken.no\/#website\",\"url\":\"https:\/\/nordnesrepublikken.no\/\",\"name\":\"Nordnesrepublikken\",\"description\":\"Stemmer og Visjoner fra Republikkens Hjerte\",\"publisher\":{\"@id\":\"https:\/\/nordnesrepublikken.no\/#organization\"},\"potentialAction\":[{\"@type\":\"SearchAction\",\"target\":{\"@type\":\"EntryPoint\",\"urlTemplate\":\"https:\/\/nordnesrepublikken.no\/?s={search_term_string}\"},\"query-input\":{\"@type\":\"PropertyValueSpecification\",\"valueRequired\":true,\"valueName\":\"search_term_string\"}}],\"inLanguage\":\"nb-NO\"},{\"@type\":\"Organization\",\"@id\":\"https:\/\/nordnesrepublikken.no\/#organization\",\"name\":\"Nordnesrepublikken\",\"url\":\"https:\/\/nordnesrepublikken.no\/\",\"logo\":{\"@type\":\"ImageObject\",\"inLanguage\":\"nb-NO\",\"@id\":\"https:\/\/nordnesrepublikken.no\/#\/schema\/logo\/image\/\",\"url\":\"https:\/\/nordnesrepublikken.no\/wp-content\/uploads\/2025\/02\/cropped-nordnesrepublikken-2.png\",\"contentUrl\":\"https:\/\/nordnesrepublikken.no\/wp-content\/uploads\/2025\/02\/cropped-nordnesrepublikken-2.png\",\"width\":1248,\"height\":362,\"caption\":\"Nordnesrepublikken\"},\"image\":{\"@id\":\"https:\/\/nordnesrepublikken.no\/#\/schema\/logo\/image\/\"}},{\"@type\":\"Person\",\"@id\":\"https:\/\/nordnesrepublikken.no\/#\/schema\/person\/2e7e81935bab77882fffb79296240ff1\",\"name\":\"Ole Andersen\",\"image\":{\"@type\":\"ImageObject\",\"inLanguage\":\"nb-NO\",\"@id\":\"https:\/\/nordnesrepublikken.no\/#\/schema\/person\/image\/\",\"url\":\"https:\/\/nordnesrepublikken.no\/wp-content\/uploads\/2025\/02\/nordnesrepublikken-2-2-150x150.jpg\",\"contentUrl\":\"https:\/\/nordnesrepublikken.no\/wp-content\/uploads\/2025\/02\/nordnesrepublikken-2-2-150x150.jpg\",\"caption\":\"Ole Andersen\"},\"description\":\"Ettersom jeg vokste opp i Oslo, har jeg alltid v\u00e6rt fascinert av ordenes kraft og deres evne til \u00e5 skape endringer. Etter \u00e5 ha fullf\u00f8rt min utdannelse i kommunikasjon ved Universitetet i Bergen, fikk jeg muligheten til \u00e5 jobbe innen ulike medier, der jeg har s\u00f8kt \u00e5 belyse viktige samfunnssp\u00f8rsm\u00e5l. I dag, som redakt\u00f8r for Nordnesrepublikken, pr\u00f8ver jeg \u00e5 forene min kj\u00e6rlighet for journalistikk med min lidenskap for innovasjon og eventyr.\",\"sameAs\":[\"https:\/\/nordnesrepublikken.no\/\"]}]}<\/script>\n<!-- \/ Yoast SEO plugin. -->","yoast_head_json":{"title":"16. desember 2025, hvor mange \u00b0C var det i dag tidligere \u00e5r? La oss sammenligne temperaturer - Nordnesrepublikken","robots":{"index":"index","follow":"follow","max-snippet":"max-snippet:-1","max-image-preview":"max-image-preview:large","max-video-preview":"max-video-preview:-1"},"canonical":"https:\/\/nordnesrepublikken.no\/index.php\/2025\/12\/16\/16-desember-2025-hvor-mange-c-var-det-i-dag-tidligere-ar-la-oss-sammenligne-temperaturer\/","og_locale":"nb_NO","og_type":"article","og_title":"16. desember 2025, hvor mange \u00b0C var det i dag tidligere \u00e5r? La oss sammenligne temperaturer - Nordnesrepublikken","og_description":"Mange ganger finner vi oss selv i undring &laquo;Men var det s\u00e5 kaldt i fjor?&raquo;","og_url":"https:\/\/nordnesrepublikken.no\/index.php\/2025\/12\/16\/16-desember-2025-hvor-mange-c-var-det-i-dag-tidligere-ar-la-oss-sammenligne-temperaturer\/","og_site_name":"Nordnesrepublikken","article_published_time":"2025-12-16T15:51:49+00:00","article_modified_time":"2025-12-16T15:51:51+00:00","og_image":[{"width":1280,"height":720,"url":"https:\/\/nordnesrepublikken.no\/wp-content\/uploads\/2025\/12\/1765900310_16-desember-2025-hvor-mange-\u00b0C-var-det-i-dag.jpg","type":"image\/jpeg"}],"author":"Ole Andersen","twitter_card":"summary_large_image","twitter_misc":{"Skrevet av":"Ole Andersen","Ansl. lesetid":"1 minutt"},"schema":{"@context":"https:\/\/schema.org","@graph":[{"@type":"Article","@id":"https:\/\/nordnesrepublikken.no\/index.php\/2025\/12\/16\/16-desember-2025-hvor-mange-c-var-det-i-dag-tidligere-ar-la-oss-sammenligne-temperaturer\/#article","isPartOf":{"@id":"https:\/\/nordnesrepublikken.no\/index.php\/2025\/12\/16\/16-desember-2025-hvor-mange-c-var-det-i-dag-tidligere-ar-la-oss-sammenligne-temperaturer\/"},"author":{"name":"Ole Andersen","@id":"https:\/\/nordnesrepublikken.no\/#\/schema\/person\/2e7e81935bab77882fffb79296240ff1"},"headline":"16. desember 2025, hvor mange \u00b0C var det i dag tidligere \u00e5r? La oss sammenligne temperaturer","datePublished":"2025-12-16T15:51:49+00:00","dateModified":"2025-12-16T15:51:51+00:00","mainEntityOfPage":{"@id":"https:\/\/nordnesrepublikken.no\/index.php\/2025\/12\/16\/16-desember-2025-hvor-mange-c-var-det-i-dag-tidligere-ar-la-oss-sammenligne-temperaturer\/"},"wordCount":213,"publisher":{"@id":"https:\/\/nordnesrepublikken.no\/#organization"},"image":{"@id":"https:\/\/nordnesrepublikken.no\/index.php\/2025\/12\/16\/16-desember-2025-hvor-mange-c-var-det-i-dag-tidligere-ar-la-oss-sammenligne-temperaturer\/#primaryimage"},"thumbnailUrl":"https:\/\/nordnesrepublikken.no\/wp-content\/uploads\/2025\/12\/1765900310_16-desember-2025-hvor-mange-\u00b0C-var-det-i-dag.jpg","keywords":["\u00e5r","dag","desember","Det","hvor","mange","oss","sammenligne","temperaturer","tidligere","var"],"articleSection":["Milj\u00f8"],"inLanguage":"nb-NO"},{"@type":"WebPage","@id":"https:\/\/nordnesrepublikken.no\/index.php\/2025\/12\/16\/16-desember-2025-hvor-mange-c-var-det-i-dag-tidligere-ar-la-oss-sammenligne-temperaturer\/","url":"https:\/\/nordnesrepublikken.no\/index.php\/2025\/12\/16\/16-desember-2025-hvor-mange-c-var-det-i-dag-tidligere-ar-la-oss-sammenligne-temperaturer\/","name":"16. desember 2025, hvor mange \u00b0C var det i dag tidligere \u00e5r? La oss sammenligne temperaturer - Nordnesrepublikken","isPartOf":{"@id":"https:\/\/nordnesrepublikken.no\/#website"},"primaryImageOfPage":{"@id":"https:\/\/nordnesrepublikken.no\/index.php\/2025\/12\/16\/16-desember-2025-hvor-mange-c-var-det-i-dag-tidligere-ar-la-oss-sammenligne-temperaturer\/#primaryimage"},"image":{"@id":"https:\/\/nordnesrepublikken.no\/index.php\/2025\/12\/16\/16-desember-2025-hvor-mange-c-var-det-i-dag-tidligere-ar-la-oss-sammenligne-temperaturer\/#primaryimage"},"thumbnailUrl":"https:\/\/nordnesrepublikken.no\/wp-content\/uploads\/2025\/12\/1765900310_16-desember-2025-hvor-mange-\u00b0C-var-det-i-dag.jpg","datePublished":"2025-12-16T15:51:49+00:00","dateModified":"2025-12-16T15:51:51+00:00","breadcrumb":{"@id":"https:\/\/nordnesrepublikken.no\/index.php\/2025\/12\/16\/16-desember-2025-hvor-mange-c-var-det-i-dag-tidligere-ar-la-oss-sammenligne-temperaturer\/#breadcrumb"},"inLanguage":"nb-NO","potentialAction":[{"@type":"ReadAction","target":["https:\/\/nordnesrepublikken.no\/index.php\/2025\/12\/16\/16-desember-2025-hvor-mange-c-var-det-i-dag-tidligere-ar-la-oss-sammenligne-temperaturer\/"]}]},{"@type":"ImageObject","inLanguage":"nb-NO","@id":"https:\/\/nordnesrepublikken.no\/index.php\/2025\/12\/16\/16-desember-2025-hvor-mange-c-var-det-i-dag-tidligere-ar-la-oss-sammenligne-temperaturer\/#primaryimage","url":"https:\/\/nordnesrepublikken.no\/wp-content\/uploads\/2025\/12\/1765900310_16-desember-2025-hvor-mange-\u00b0C-var-det-i-dag.jpg","contentUrl":"https:\/\/nordnesrepublikken.no\/wp-content\/uploads\/2025\/12\/1765900310_16-desember-2025-hvor-mange-\u00b0C-var-det-i-dag.jpg","width":1280,"height":720,"caption":"16. desember 2025, hvor mange \u00b0C var det i dag tidligere \u00e5r? La oss sammenligne temperaturer"},{"@type":"BreadcrumbList","@id":"https:\/\/nordnesrepublikken.no\/index.php\/2025\/12\/16\/16-desember-2025-hvor-mange-c-var-det-i-dag-tidligere-ar-la-oss-sammenligne-temperaturer\/#breadcrumb","itemListElement":[{"@type":"ListItem","position":1,"name":"Home","item":"https:\/\/nordnesrepublikken.no\/"},{"@type":"ListItem","position":2,"name":"16. desember 2025, hvor mange \u00b0C var det i dag tidligere \u00e5r? La oss sammenligne temperaturer"}]},{"@type":"WebSite","@id":"https:\/\/nordnesrepublikken.no\/#website","url":"https:\/\/nordnesrepublikken.no\/","name":"Nordnesrepublikken","description":"Stemmer og Visjoner fra Republikkens Hjerte","publisher":{"@id":"https:\/\/nordnesrepublikken.no\/#organization"},"potentialAction":[{"@type":"SearchAction","target":{"@type":"EntryPoint","urlTemplate":"https:\/\/nordnesrepublikken.no\/?s={search_term_string}"},"query-input":{"@type":"PropertyValueSpecification","valueRequired":true,"valueName":"search_term_string"}}],"inLanguage":"nb-NO"},{"@type":"Organization","@id":"https:\/\/nordnesrepublikken.no\/#organization","name":"Nordnesrepublikken","url":"https:\/\/nordnesrepublikken.no\/","logo":{"@type":"ImageObject","inLanguage":"nb-NO","@id":"https:\/\/nordnesrepublikken.no\/#\/schema\/logo\/image\/","url":"https:\/\/nordnesrepublikken.no\/wp-content\/uploads\/2025\/02\/cropped-nordnesrepublikken-2.png","contentUrl":"https:\/\/nordnesrepublikken.no\/wp-content\/uploads\/2025\/02\/cropped-nordnesrepublikken-2.png","width":1248,"height":362,"caption":"Nordnesrepublikken"},"image":{"@id":"https:\/\/nordnesrepublikken.no\/#\/schema\/logo\/image\/"}},{"@type":"Person","@id":"https:\/\/nordnesrepublikken.no\/#\/schema\/person\/2e7e81935bab77882fffb79296240ff1","name":"Ole Andersen","image":{"@type":"ImageObject","inLanguage":"nb-NO","@id":"https:\/\/nordnesrepublikken.no\/#\/schema\/person\/image\/","url":"https:\/\/nordnesrepublikken.no\/wp-content\/uploads\/2025\/02\/nordnesrepublikken-2-2-150x150.jpg","contentUrl":"https:\/\/nordnesrepublikken.no\/wp-content\/uploads\/2025\/02\/nordnesrepublikken-2-2-150x150.jpg","caption":"Ole Andersen"},"description":"Ettersom jeg vokste opp i Oslo, har jeg alltid v\u00e6rt fascinert av ordenes kraft og deres evne til \u00e5 skape endringer. Etter \u00e5 ha fullf\u00f8rt min utdannelse i kommunikasjon ved Universitetet i Bergen, fikk jeg muligheten til \u00e5 jobbe innen ulike medier, der jeg har s\u00f8kt \u00e5 belyse viktige samfunnssp\u00f8rsm\u00e5l. I dag, som redakt\u00f8r for Nordnesrepublikken, pr\u00f8ver jeg \u00e5 forene min kj\u00e6rlighet for journalistikk med min lidenskap for innovasjon og eventyr.","sameAs":["https:\/\/nordnesrepublikken.no\/"]}]}},"_links":{"self":[{"href":"https:\/\/nordnesrepublikken.no\/index.php\/wp-json\/wp\/v2\/posts\/12863","targetHints":{"allow":["GET"]}}],"collection":[{"href":"https:\/\/nordnesrepublikken.no\/index.php\/wp-json\/wp\/v2\/posts"}],"about":[{"href":"https:\/\/nordnesrepublikken.no\/index.php\/wp-json\/wp\/v2\/types\/post"}],"author":[{"embeddable":true,"href":"https:\/\/nordnesrepublikken.no\/index.php\/wp-json\/wp\/v2\/users\/1"}],"replies":[{"embeddable":true,"href":"https:\/\/nordnesrepublikken.no\/index.php\/wp-json\/wp\/v2\/comments?post=12863"}],"version-history":[{"count":1,"href":"https:\/\/nordnesrepublikken.no\/index.php\/wp-json\/wp\/v2\/posts\/12863\/revisions"}],"predecessor-version":[{"id":12865,"href":"https:\/\/nordnesrepublikken.no\/index.php\/wp-json\/wp\/v2\/posts\/12863\/revisions\/12865"}],"wp:featuredmedia":[{"embeddable":true,"href":"https:\/\/nordnesrepublikken.no\/index.php\/wp-json\/wp\/v2\/media\/12864"}],"wp:attachment":[{"href":"https:\/\/nordnesrepublikken.no\/index.php\/wp-json\/wp\/v2\/media?parent=12863"}],"wp:term":[{"taxonomy":"category","embeddable":true,"href":"https:\/\/nordnesrepublikken.no\/index.php\/wp-json\/wp\/v2\/categories?post=12863"},{"taxonomy":"post_tag","embeddable":true,"href":"https:\/\/nordnesrepublikken.no\/index.php\/wp-json\/wp\/v2\/tags?post=12863"}],"curies":[{"name":"wp","href":"https:\/\/api.w.org\/{rel}","templated":true}]}}