{"id":12845,"date":"2025-12-16T04:51:41","date_gmt":"2025-12-16T03:51:41","guid":{"rendered":"https:\/\/nordnesrepublikken.no\/index.php\/2025\/12\/16\/store-endringer-fremover-for-elektriske-scootere-i-spania\/"},"modified":"2025-12-16T04:51:43","modified_gmt":"2025-12-16T03:51:43","slug":"store-endringer-fremover-for-elektriske-scootere-i-spania","status":"publish","type":"post","link":"https:\/\/nordnesrepublikken.no\/index.php\/2025\/12\/16\/store-endringer-fremover-for-elektriske-scootere-i-spania\/","title":{"rendered":"Store endringer fremover for elektriske scootere i Spania"},"content":{"rendered":"<p><\/p>\n<div class=\"wordpress-content\">\n                    <!-- Article Start --><\/p>\n<p>Hvis du bruker en elektrisk sparkesykkel i Spania \u2013 eller du tenker p\u00e5 \u00e5 kj\u00f8pe en \u2013 er ting i ferd med \u00e5 endre seg i stor grad.<\/p>\n<p>Det som startet som en rask, billig og fleksibel m\u00e5te \u00e5 komme seg rundt i spanske byer p\u00e5, er n\u00e5 p\u00e5 vei inn i langt mer regulert territorium. Spanias trafikkmyndighet, Direcci\u00f3n General de Tr\u00e1fico (DGT), forbereder seg p\u00e5 \u00e5 ta direkte kontroll over hvem som kan produsere elektriske scootere, hvem som kan selge dem og hvilke modeller som er tillatt p\u00e5 offentlige veier.<\/p>\n<p>Endringen kommer etter en modifikasjon av Spanias generelle kj\u00f8ret\u00f8yforskrifter, en juridisk oppdatering som stille og rolig flytter elektriske scootere inn i en kategori som ser mye n\u00e6rmere biler enn personlige gadgets.<\/p>\n<div class=\"sra_unit\"><link rel=\"stylesheet\" id=\"block-sra\" href=\"https:\/\/euroweeklynews.com\/wp-content\/plugins\/snack-related-articles\/dist\/css\/snack-related.min.css?250312-193541\" type=\"text\/css\" media=\"all\">\n<\/div>\n<p>For mange ryttere kan dette markere slutten p\u00e5 scooter-\u00e6raen &laquo;alt som g\u00e5r&raquo;.<\/p>\n<h2>Elektriske scootere vil snart bli registrert, sporet og knyttet til en eier<\/h2>\n<p>En av de viktigste endringene er opprettelsen av et spesifikt nasjonalt register for elektriske scootere, offisielt klassifisert som <em>lette personbiler<\/em>. Til n\u00e5 har scootere stort sett eksistert utenfor det tradisjonelle kj\u00f8ret\u00f8ysystemet. Det er i ferd med \u00e5 ta slutt.<\/p>\n<p>I henhold til de nye reglene vil elektriske scootere bli registrert i Spanias nasjonale kj\u00f8ret\u00f8yregister, den samme databasen som brukes for biler og motorsykler. Hver scooter vil v\u00e6re knyttet til en eier og vil ha en detaljert administrativ og teknisk oversikt.<\/p>\n<p>I henhold til den oppdaterte forskriften vil denne informasjonen inkludere den registrerte eierens identitet og adresse, sirkulasjonssertifikatnummeret, scooterens tekniske egenskaper, produsent, merke, modell, sertifiseringslaboratorium, registreringsnummer og obligatoriske forsikringsdetaljer.<\/p>\n<p>Kanskje viktigst, eierskapsendringer vil bli registrert. Hvis en scooter selges, overf\u00f8res eller tas ut av sirkulasjon, vil denne endringen bli loggf\u00f8rt offisielt. I praksis betyr dette at scootere ikke lenger vil v\u00e6re anonyme kj\u00f8ret\u00f8y som driver gjennom byen.<\/p>\n<p>Bransjekilder sier at dette trekket bringer scootere n\u00e6rmere &laquo;bilstil&raquo;-regulering, noe som gj\u00f8r det lettere for myndighetene \u00e5 identifisere ansvar i tilfelle ulykker, b\u00f8ter eller misbruk.<\/p>\n<h2>Kun DGT-sertifiserte scootere vil v\u00e6re tillatt p\u00e5 spanske veier<\/h2>\n<p>Forskriften ber\u00f8rer ikke bare brukere. Det legger tungt nytt ansvar p\u00e5 produsenter og selgere.<\/p>\n<p>Fra n\u00e5 av vil elektriske scootere m\u00e5tte best\u00e5 en formell sertifiseringsprosess overv\u00e5ket av DGT. Denne sertifiseringen kan foresp\u00f8rres av produsenten, en autorisert representant eller, i unntakstilfeller, en individuell eier. Det uttalte m\u00e5let er \u00e5 sikre at kun modeller som oppfyller spesifikke sikkerhets- og tekniske standarder er tillatt p\u00e5 offentlig vei.<\/p>\n<p>Sertifisering vil inneb\u00e6re testing i laboratorier autorisert av DGT, som vil verifisere at hver modell oppfyller kravene for denne kategorien kj\u00f8ret\u00f8y. N\u00e5r den er godkjent, vil produsentene f\u00e5 lov til \u00e5 registrere modellen og vise etiketten &laquo;DGT-sertifisert&raquo;, inkludert bruk av DGT-logoen i reklamemateriell.<\/p>\n<p>Enkelt sagt gir dette DGT makten til \u00e5 bestemme hvilke scootermodeller som lovlig kan bygges, markedsf\u00f8res og selges i Spania. Modeller som ikke sertifiseres kan forsvinne fra butikkene helt.<\/p>\n<p>Dette markerer et stort skifte i markedet og kan p\u00e5virke priser, tilgjengelighet og variasjonen av scootere som tilbys.<\/p>\n<h2>Fartsgrenser, utelukkelser og hva som ikke blir p\u00e5virket<\/h2>\n<p>Forskriften bekrefter at elektriske scootere vil forbli begrenset til en maksimal hastighet p\u00e5 25 km\/t, og forsterker eksisterende restriksjoner designet for \u00e5 redusere alvorlige ulykker i travle byomr\u00e5der.<\/p>\n<p>Det er imidlertid ikke alle kj\u00f8ret\u00f8y som faller inn under det nye rammeverket. Flere kategorier er eksplisitt ekskludert, inkludert scootere designet eksklusivt for bruk p\u00e5 privat land eller konkurranser, kj\u00f8ret\u00f8y beregnet p\u00e5 personer med redusert mobilitet, h\u00f8yspentkj\u00f8ret\u00f8yer som overskrider spesifikke elektriske grenser, leker med en maksimal hastighet p\u00e5 6 km\/t, kj\u00f8ret\u00f8y for milit\u00e6r bruk og elektriske pedal-assistende sykler (EPAC).<\/p>\n<p>For hverdagsryttere er budskapet klart: scootere blir ikke lenger sett p\u00e5 som uformelle personlige enheter, men som kj\u00f8ret\u00f8y som krever sporbarhet, sertifisering og ansvarlighet.<\/p>\n<p>Tilhengere av endringen hevder at den vil forbedre sikkerheten, redusere d\u00e5rlig bygde scootere p\u00e5 veiene og tydeliggj\u00f8re ansvar. Kritikere advarer om at det kan presse mindre produsenter ut av markedet og gj\u00f8re scootere dyrere for forbrukerne.<\/p>\n<p>Uansett, Spania trekker en klar linje. Elektriske scootere blir v\u00e6rende \u2013 men de vil n\u00e5 gj\u00f8re det under regler som ligner langt mer p\u00e5 de som styrer biler enn tilfeldig bytransport.<\/p>\n<p>For alle som sykler gjennom spanske gater, kommer dette skiftet raskere enn du kanskje forventer.<\/p>\n<p>                    <!-- Originally published at https:\/\/euroweeklynews.com\/2025\/12\/16\/big-changes-ahead-for-electric-scooters-in-spain\/ on 16 Dec 2025 at 0:25 by Farah Mokrani --><br \/>\n                    <!-- Article End -->\n                <\/div>\n","protected":false},"excerpt":{"rendered":"<p>Hvis du bruker en elektrisk sparkesykkel i Spania \u2013 eller du tenker p\u00e5 \u00e5 kj\u00f8pe<\/p>\n","protected":false},"author":1,"featured_media":12846,"comment_status":"closed","ping_status":"open","sticky":false,"template":"","format":"standard","meta":{"footnotes":""},"categories":[105],"tags":[1652,785,2935,8460,529,1045],"class_list":["post-12845","post","type-post","status-publish","format-standard","has-post-thumbnail","hentry","category-livsstil","tag-elektriske","tag-endringer","tag-fremover","tag-scootere","tag-spania","tag-store","generate-columns","tablet-grid-50","mobile-grid-100","grid-parent","grid-33","resize-featured-image"],"yoast_head":"<!-- This site is optimized with the Yoast SEO plugin v24.4 - https:\/\/yoast.com\/wordpress\/plugins\/seo\/ -->\n<title>Store endringer fremover for elektriske scootere i Spania - Nordnesrepublikken<\/title>\n<meta name=\"robots\" content=\"index, follow, max-snippet:-1, max-image-preview:large, max-video-preview:-1\" \/>\n<link rel=\"canonical\" href=\"https:\/\/nordnesrepublikken.no\/index.php\/2025\/12\/16\/store-endringer-fremover-for-elektriske-scootere-i-spania\/\" \/>\n<meta property=\"og:locale\" content=\"nb_NO\" \/>\n<meta property=\"og:type\" content=\"article\" \/>\n<meta property=\"og:title\" content=\"Store endringer fremover for elektriske scootere i Spania - Nordnesrepublikken\" \/>\n<meta property=\"og:description\" content=\"Hvis du bruker en elektrisk sparkesykkel i Spania \u2013 eller du tenker p\u00e5 \u00e5 kj\u00f8pe\" \/>\n<meta property=\"og:url\" content=\"https:\/\/nordnesrepublikken.no\/index.php\/2025\/12\/16\/store-endringer-fremover-for-elektriske-scootere-i-spania\/\" \/>\n<meta property=\"og:site_name\" content=\"Nordnesrepublikken\" \/>\n<meta property=\"article:published_time\" content=\"2025-12-16T03:51:41+00:00\" \/>\n<meta property=\"article:modified_time\" content=\"2025-12-16T03:51:43+00:00\" \/>\n<meta property=\"og:image\" content=\"https:\/\/nordnesrepublikken.no\/wp-content\/uploads\/2025\/12\/1765857102_Store-endringer-fremover-for-elektriske-scootere-i-Spania.jpg\" \/>\n\t<meta property=\"og:image:width\" content=\"1200\" \/>\n\t<meta property=\"og:image:height\" content=\"775\" \/>\n\t<meta property=\"og:image:type\" content=\"image\/jpeg\" \/>\n<meta name=\"author\" content=\"Ole Andersen\" \/>\n<meta name=\"twitter:card\" content=\"summary_large_image\" \/>\n<meta name=\"twitter:label1\" content=\"Skrevet av\" \/>\n\t<meta name=\"twitter:data1\" content=\"Ole Andersen\" \/>\n\t<meta name=\"twitter:label2\" content=\"Ansl. lesetid\" \/>\n\t<meta name=\"twitter:data2\" content=\"4 minutter\" \/>\n<script type=\"application\/ld+json\" class=\"yoast-schema-graph\">{\"@context\":\"https:\/\/schema.org\",\"@graph\":[{\"@type\":\"Article\",\"@id\":\"https:\/\/nordnesrepublikken.no\/index.php\/2025\/12\/16\/store-endringer-fremover-for-elektriske-scootere-i-spania\/#article\",\"isPartOf\":{\"@id\":\"https:\/\/nordnesrepublikken.no\/index.php\/2025\/12\/16\/store-endringer-fremover-for-elektriske-scootere-i-spania\/\"},\"author\":{\"name\":\"Ole Andersen\",\"@id\":\"https:\/\/nordnesrepublikken.no\/#\/schema\/person\/2e7e81935bab77882fffb79296240ff1\"},\"headline\":\"Store endringer fremover for elektriske scootere i Spania\",\"datePublished\":\"2025-12-16T03:51:41+00:00\",\"dateModified\":\"2025-12-16T03:51:43+00:00\",\"mainEntityOfPage\":{\"@id\":\"https:\/\/nordnesrepublikken.no\/index.php\/2025\/12\/16\/store-endringer-fremover-for-elektriske-scootere-i-spania\/\"},\"wordCount\":730,\"publisher\":{\"@id\":\"https:\/\/nordnesrepublikken.no\/#organization\"},\"image\":{\"@id\":\"https:\/\/nordnesrepublikken.no\/index.php\/2025\/12\/16\/store-endringer-fremover-for-elektriske-scootere-i-spania\/#primaryimage\"},\"thumbnailUrl\":\"https:\/\/nordnesrepublikken.no\/wp-content\/uploads\/2025\/12\/1765857102_Store-endringer-fremover-for-elektriske-scootere-i-Spania.jpg\",\"keywords\":[\"elektriske\",\"endringer\",\"fremover\",\"scootere\",\"Spania\",\"Store\"],\"articleSection\":[\"Livsstil\"],\"inLanguage\":\"nb-NO\"},{\"@type\":\"WebPage\",\"@id\":\"https:\/\/nordnesrepublikken.no\/index.php\/2025\/12\/16\/store-endringer-fremover-for-elektriske-scootere-i-spania\/\",\"url\":\"https:\/\/nordnesrepublikken.no\/index.php\/2025\/12\/16\/store-endringer-fremover-for-elektriske-scootere-i-spania\/\",\"name\":\"Store endringer fremover for elektriske scootere i Spania - Nordnesrepublikken\",\"isPartOf\":{\"@id\":\"https:\/\/nordnesrepublikken.no\/#website\"},\"primaryImageOfPage\":{\"@id\":\"https:\/\/nordnesrepublikken.no\/index.php\/2025\/12\/16\/store-endringer-fremover-for-elektriske-scootere-i-spania\/#primaryimage\"},\"image\":{\"@id\":\"https:\/\/nordnesrepublikken.no\/index.php\/2025\/12\/16\/store-endringer-fremover-for-elektriske-scootere-i-spania\/#primaryimage\"},\"thumbnailUrl\":\"https:\/\/nordnesrepublikken.no\/wp-content\/uploads\/2025\/12\/1765857102_Store-endringer-fremover-for-elektriske-scootere-i-Spania.jpg\",\"datePublished\":\"2025-12-16T03:51:41+00:00\",\"dateModified\":\"2025-12-16T03:51:43+00:00\",\"breadcrumb\":{\"@id\":\"https:\/\/nordnesrepublikken.no\/index.php\/2025\/12\/16\/store-endringer-fremover-for-elektriske-scootere-i-spania\/#breadcrumb\"},\"inLanguage\":\"nb-NO\",\"potentialAction\":[{\"@type\":\"ReadAction\",\"target\":[\"https:\/\/nordnesrepublikken.no\/index.php\/2025\/12\/16\/store-endringer-fremover-for-elektriske-scootere-i-spania\/\"]}]},{\"@type\":\"ImageObject\",\"inLanguage\":\"nb-NO\",\"@id\":\"https:\/\/nordnesrepublikken.no\/index.php\/2025\/12\/16\/store-endringer-fremover-for-elektriske-scootere-i-spania\/#primaryimage\",\"url\":\"https:\/\/nordnesrepublikken.no\/wp-content\/uploads\/2025\/12\/1765857102_Store-endringer-fremover-for-elektriske-scootere-i-Spania.jpg\",\"contentUrl\":\"https:\/\/nordnesrepublikken.no\/wp-content\/uploads\/2025\/12\/1765857102_Store-endringer-fremover-for-elektriske-scootere-i-Spania.jpg\",\"width\":1200,\"height\":775,\"caption\":\"Store endringer fremover for elektriske scootere i Spania\"},{\"@type\":\"BreadcrumbList\",\"@id\":\"https:\/\/nordnesrepublikken.no\/index.php\/2025\/12\/16\/store-endringer-fremover-for-elektriske-scootere-i-spania\/#breadcrumb\",\"itemListElement\":[{\"@type\":\"ListItem\",\"position\":1,\"name\":\"Home\",\"item\":\"https:\/\/nordnesrepublikken.no\/\"},{\"@type\":\"ListItem\",\"position\":2,\"name\":\"Store endringer fremover for elektriske scootere i Spania\"}]},{\"@type\":\"WebSite\",\"@id\":\"https:\/\/nordnesrepublikken.no\/#website\",\"url\":\"https:\/\/nordnesrepublikken.no\/\",\"name\":\"Nordnesrepublikken\",\"description\":\"Stemmer og Visjoner fra Republikkens Hjerte\",\"publisher\":{\"@id\":\"https:\/\/nordnesrepublikken.no\/#organization\"},\"potentialAction\":[{\"@type\":\"SearchAction\",\"target\":{\"@type\":\"EntryPoint\",\"urlTemplate\":\"https:\/\/nordnesrepublikken.no\/?s={search_term_string}\"},\"query-input\":{\"@type\":\"PropertyValueSpecification\",\"valueRequired\":true,\"valueName\":\"search_term_string\"}}],\"inLanguage\":\"nb-NO\"},{\"@type\":\"Organization\",\"@id\":\"https:\/\/nordnesrepublikken.no\/#organization\",\"name\":\"Nordnesrepublikken\",\"url\":\"https:\/\/nordnesrepublikken.no\/\",\"logo\":{\"@type\":\"ImageObject\",\"inLanguage\":\"nb-NO\",\"@id\":\"https:\/\/nordnesrepublikken.no\/#\/schema\/logo\/image\/\",\"url\":\"https:\/\/nordnesrepublikken.no\/wp-content\/uploads\/2025\/02\/cropped-nordnesrepublikken-2.png\",\"contentUrl\":\"https:\/\/nordnesrepublikken.no\/wp-content\/uploads\/2025\/02\/cropped-nordnesrepublikken-2.png\",\"width\":1248,\"height\":362,\"caption\":\"Nordnesrepublikken\"},\"image\":{\"@id\":\"https:\/\/nordnesrepublikken.no\/#\/schema\/logo\/image\/\"}},{\"@type\":\"Person\",\"@id\":\"https:\/\/nordnesrepublikken.no\/#\/schema\/person\/2e7e81935bab77882fffb79296240ff1\",\"name\":\"Ole Andersen\",\"image\":{\"@type\":\"ImageObject\",\"inLanguage\":\"nb-NO\",\"@id\":\"https:\/\/nordnesrepublikken.no\/#\/schema\/person\/image\/\",\"url\":\"https:\/\/nordnesrepublikken.no\/wp-content\/uploads\/2025\/02\/nordnesrepublikken-2-2-150x150.jpg\",\"contentUrl\":\"https:\/\/nordnesrepublikken.no\/wp-content\/uploads\/2025\/02\/nordnesrepublikken-2-2-150x150.jpg\",\"caption\":\"Ole Andersen\"},\"description\":\"Ettersom jeg vokste opp i Oslo, har jeg alltid v\u00e6rt fascinert av ordenes kraft og deres evne til \u00e5 skape endringer. Etter \u00e5 ha fullf\u00f8rt min utdannelse i kommunikasjon ved Universitetet i Bergen, fikk jeg muligheten til \u00e5 jobbe innen ulike medier, der jeg har s\u00f8kt \u00e5 belyse viktige samfunnssp\u00f8rsm\u00e5l. I dag, som redakt\u00f8r for Nordnesrepublikken, pr\u00f8ver jeg \u00e5 forene min kj\u00e6rlighet for journalistikk med min lidenskap for innovasjon og eventyr.\",\"sameAs\":[\"https:\/\/nordnesrepublikken.no\/\"]}]}<\/script>\n<!-- \/ Yoast SEO plugin. -->","yoast_head_json":{"title":"Store endringer fremover for elektriske scootere i Spania - Nordnesrepublikken","robots":{"index":"index","follow":"follow","max-snippet":"max-snippet:-1","max-image-preview":"max-image-preview:large","max-video-preview":"max-video-preview:-1"},"canonical":"https:\/\/nordnesrepublikken.no\/index.php\/2025\/12\/16\/store-endringer-fremover-for-elektriske-scootere-i-spania\/","og_locale":"nb_NO","og_type":"article","og_title":"Store endringer fremover for elektriske scootere i Spania - Nordnesrepublikken","og_description":"Hvis du bruker en elektrisk sparkesykkel i Spania \u2013 eller du tenker p\u00e5 \u00e5 kj\u00f8pe","og_url":"https:\/\/nordnesrepublikken.no\/index.php\/2025\/12\/16\/store-endringer-fremover-for-elektriske-scootere-i-spania\/","og_site_name":"Nordnesrepublikken","article_published_time":"2025-12-16T03:51:41+00:00","article_modified_time":"2025-12-16T03:51:43+00:00","og_image":[{"width":1200,"height":775,"url":"https:\/\/nordnesrepublikken.no\/wp-content\/uploads\/2025\/12\/1765857102_Store-endringer-fremover-for-elektriske-scootere-i-Spania.jpg","type":"image\/jpeg"}],"author":"Ole Andersen","twitter_card":"summary_large_image","twitter_misc":{"Skrevet av":"Ole Andersen","Ansl. lesetid":"4 minutter"},"schema":{"@context":"https:\/\/schema.org","@graph":[{"@type":"Article","@id":"https:\/\/nordnesrepublikken.no\/index.php\/2025\/12\/16\/store-endringer-fremover-for-elektriske-scootere-i-spania\/#article","isPartOf":{"@id":"https:\/\/nordnesrepublikken.no\/index.php\/2025\/12\/16\/store-endringer-fremover-for-elektriske-scootere-i-spania\/"},"author":{"name":"Ole Andersen","@id":"https:\/\/nordnesrepublikken.no\/#\/schema\/person\/2e7e81935bab77882fffb79296240ff1"},"headline":"Store endringer fremover for elektriske scootere i Spania","datePublished":"2025-12-16T03:51:41+00:00","dateModified":"2025-12-16T03:51:43+00:00","mainEntityOfPage":{"@id":"https:\/\/nordnesrepublikken.no\/index.php\/2025\/12\/16\/store-endringer-fremover-for-elektriske-scootere-i-spania\/"},"wordCount":730,"publisher":{"@id":"https:\/\/nordnesrepublikken.no\/#organization"},"image":{"@id":"https:\/\/nordnesrepublikken.no\/index.php\/2025\/12\/16\/store-endringer-fremover-for-elektriske-scootere-i-spania\/#primaryimage"},"thumbnailUrl":"https:\/\/nordnesrepublikken.no\/wp-content\/uploads\/2025\/12\/1765857102_Store-endringer-fremover-for-elektriske-scootere-i-Spania.jpg","keywords":["elektriske","endringer","fremover","scootere","Spania","Store"],"articleSection":["Livsstil"],"inLanguage":"nb-NO"},{"@type":"WebPage","@id":"https:\/\/nordnesrepublikken.no\/index.php\/2025\/12\/16\/store-endringer-fremover-for-elektriske-scootere-i-spania\/","url":"https:\/\/nordnesrepublikken.no\/index.php\/2025\/12\/16\/store-endringer-fremover-for-elektriske-scootere-i-spania\/","name":"Store endringer fremover for elektriske scootere i Spania - Nordnesrepublikken","isPartOf":{"@id":"https:\/\/nordnesrepublikken.no\/#website"},"primaryImageOfPage":{"@id":"https:\/\/nordnesrepublikken.no\/index.php\/2025\/12\/16\/store-endringer-fremover-for-elektriske-scootere-i-spania\/#primaryimage"},"image":{"@id":"https:\/\/nordnesrepublikken.no\/index.php\/2025\/12\/16\/store-endringer-fremover-for-elektriske-scootere-i-spania\/#primaryimage"},"thumbnailUrl":"https:\/\/nordnesrepublikken.no\/wp-content\/uploads\/2025\/12\/1765857102_Store-endringer-fremover-for-elektriske-scootere-i-Spania.jpg","datePublished":"2025-12-16T03:51:41+00:00","dateModified":"2025-12-16T03:51:43+00:00","breadcrumb":{"@id":"https:\/\/nordnesrepublikken.no\/index.php\/2025\/12\/16\/store-endringer-fremover-for-elektriske-scootere-i-spania\/#breadcrumb"},"inLanguage":"nb-NO","potentialAction":[{"@type":"ReadAction","target":["https:\/\/nordnesrepublikken.no\/index.php\/2025\/12\/16\/store-endringer-fremover-for-elektriske-scootere-i-spania\/"]}]},{"@type":"ImageObject","inLanguage":"nb-NO","@id":"https:\/\/nordnesrepublikken.no\/index.php\/2025\/12\/16\/store-endringer-fremover-for-elektriske-scootere-i-spania\/#primaryimage","url":"https:\/\/nordnesrepublikken.no\/wp-content\/uploads\/2025\/12\/1765857102_Store-endringer-fremover-for-elektriske-scootere-i-Spania.jpg","contentUrl":"https:\/\/nordnesrepublikken.no\/wp-content\/uploads\/2025\/12\/1765857102_Store-endringer-fremover-for-elektriske-scootere-i-Spania.jpg","width":1200,"height":775,"caption":"Store endringer fremover for elektriske scootere i Spania"},{"@type":"BreadcrumbList","@id":"https:\/\/nordnesrepublikken.no\/index.php\/2025\/12\/16\/store-endringer-fremover-for-elektriske-scootere-i-spania\/#breadcrumb","itemListElement":[{"@type":"ListItem","position":1,"name":"Home","item":"https:\/\/nordnesrepublikken.no\/"},{"@type":"ListItem","position":2,"name":"Store endringer fremover for elektriske scootere i Spania"}]},{"@type":"WebSite","@id":"https:\/\/nordnesrepublikken.no\/#website","url":"https:\/\/nordnesrepublikken.no\/","name":"Nordnesrepublikken","description":"Stemmer og Visjoner fra Republikkens Hjerte","publisher":{"@id":"https:\/\/nordnesrepublikken.no\/#organization"},"potentialAction":[{"@type":"SearchAction","target":{"@type":"EntryPoint","urlTemplate":"https:\/\/nordnesrepublikken.no\/?s={search_term_string}"},"query-input":{"@type":"PropertyValueSpecification","valueRequired":true,"valueName":"search_term_string"}}],"inLanguage":"nb-NO"},{"@type":"Organization","@id":"https:\/\/nordnesrepublikken.no\/#organization","name":"Nordnesrepublikken","url":"https:\/\/nordnesrepublikken.no\/","logo":{"@type":"ImageObject","inLanguage":"nb-NO","@id":"https:\/\/nordnesrepublikken.no\/#\/schema\/logo\/image\/","url":"https:\/\/nordnesrepublikken.no\/wp-content\/uploads\/2025\/02\/cropped-nordnesrepublikken-2.png","contentUrl":"https:\/\/nordnesrepublikken.no\/wp-content\/uploads\/2025\/02\/cropped-nordnesrepublikken-2.png","width":1248,"height":362,"caption":"Nordnesrepublikken"},"image":{"@id":"https:\/\/nordnesrepublikken.no\/#\/schema\/logo\/image\/"}},{"@type":"Person","@id":"https:\/\/nordnesrepublikken.no\/#\/schema\/person\/2e7e81935bab77882fffb79296240ff1","name":"Ole Andersen","image":{"@type":"ImageObject","inLanguage":"nb-NO","@id":"https:\/\/nordnesrepublikken.no\/#\/schema\/person\/image\/","url":"https:\/\/nordnesrepublikken.no\/wp-content\/uploads\/2025\/02\/nordnesrepublikken-2-2-150x150.jpg","contentUrl":"https:\/\/nordnesrepublikken.no\/wp-content\/uploads\/2025\/02\/nordnesrepublikken-2-2-150x150.jpg","caption":"Ole Andersen"},"description":"Ettersom jeg vokste opp i Oslo, har jeg alltid v\u00e6rt fascinert av ordenes kraft og deres evne til \u00e5 skape endringer. Etter \u00e5 ha fullf\u00f8rt min utdannelse i kommunikasjon ved Universitetet i Bergen, fikk jeg muligheten til \u00e5 jobbe innen ulike medier, der jeg har s\u00f8kt \u00e5 belyse viktige samfunnssp\u00f8rsm\u00e5l. I dag, som redakt\u00f8r for Nordnesrepublikken, pr\u00f8ver jeg \u00e5 forene min kj\u00e6rlighet for journalistikk med min lidenskap for innovasjon og eventyr.","sameAs":["https:\/\/nordnesrepublikken.no\/"]}]}},"_links":{"self":[{"href":"https:\/\/nordnesrepublikken.no\/index.php\/wp-json\/wp\/v2\/posts\/12845","targetHints":{"allow":["GET"]}}],"collection":[{"href":"https:\/\/nordnesrepublikken.no\/index.php\/wp-json\/wp\/v2\/posts"}],"about":[{"href":"https:\/\/nordnesrepublikken.no\/index.php\/wp-json\/wp\/v2\/types\/post"}],"author":[{"embeddable":true,"href":"https:\/\/nordnesrepublikken.no\/index.php\/wp-json\/wp\/v2\/users\/1"}],"replies":[{"embeddable":true,"href":"https:\/\/nordnesrepublikken.no\/index.php\/wp-json\/wp\/v2\/comments?post=12845"}],"version-history":[{"count":1,"href":"https:\/\/nordnesrepublikken.no\/index.php\/wp-json\/wp\/v2\/posts\/12845\/revisions"}],"predecessor-version":[{"id":12847,"href":"https:\/\/nordnesrepublikken.no\/index.php\/wp-json\/wp\/v2\/posts\/12845\/revisions\/12847"}],"wp:featuredmedia":[{"embeddable":true,"href":"https:\/\/nordnesrepublikken.no\/index.php\/wp-json\/wp\/v2\/media\/12846"}],"wp:attachment":[{"href":"https:\/\/nordnesrepublikken.no\/index.php\/wp-json\/wp\/v2\/media?parent=12845"}],"wp:term":[{"taxonomy":"category","embeddable":true,"href":"https:\/\/nordnesrepublikken.no\/index.php\/wp-json\/wp\/v2\/categories?post=12845"},{"taxonomy":"post_tag","embeddable":true,"href":"https:\/\/nordnesrepublikken.no\/index.php\/wp-json\/wp\/v2\/tags?post=12845"}],"curies":[{"name":"wp","href":"https:\/\/api.w.org\/{rel}","templated":true}]}}