{"id":12842,"date":"2025-12-16T01:51:08","date_gmt":"2025-12-16T00:51:08","guid":{"rendered":"https:\/\/nordnesrepublikken.no\/index.php\/2025\/12\/16\/hvorfor-ble-det-aldri-brukt-i-krig\/"},"modified":"2025-12-16T01:51:11","modified_gmt":"2025-12-16T00:51:11","slug":"hvorfor-ble-det-aldri-brukt-i-krig","status":"publish","type":"post","link":"https:\/\/nordnesrepublikken.no\/index.php\/2025\/12\/16\/hvorfor-ble-det-aldri-brukt-i-krig\/","title":{"rendered":"hvorfor ble det aldri brukt i krig?"},"content":{"rendered":"<div>\n<div class=\"cp_wrapper cp_wrapper--fw mb-30 mb-20@tablet\">\n<figure class=\"mm\"><picture class=\"img\" style=\"padding-top:56.25%\"><source  media=\"(min-width: 1024px)\"><source  media=\"(min-width: 768px)\"><\/source><\/source><\/picture><\/figure>\n<\/p><\/div>\n<p>EN <strong>gigantisk russisk kampbil<\/strong> tung <strong>40 tonn <\/strong>og med to h\u00f8ye hjul <strong>9 meter<\/strong>: dette er <strong>Tsar tank<\/strong>ogs\u00e5 kjent som <em>Lebedenko <\/em>eller <em>Nepotir<\/em>. Dette er et milit\u00e6rt kj\u00f8ret\u00f8y som bare ett eksempel ble bygget mellom 1914 og 1915: gitt de d\u00e5rlige resultatene i testfasen, ble det faktisk aldri brukt p\u00e5 slagmarken. Men hvor kom ideen til et slikt spesielt design fra? Og hvorfor ble det ansett som en fiasko?<\/p>\n<h2>Konsept og egenskaper til Zar-tanken<\/h2>\n<p>Kj\u00f8ret\u00f8yet ble satt i drift <strong>1914<\/strong> gi det <strong>Tsar Nicholas II<\/strong> til ingeni\u00f8ren <strong>Nikolay Lebedenko<\/strong>som p\u00e5 den tiden jobbet for et privat selskap som samarbeidet med det russiske krigsdepartementet. Han hadde ideen om \u00e5 lage en kampmaskin som p\u00e5 papiret ville v\u00e6re i stand til \u00e5 overvinne enhver form for hindring. Fra et teknisk synspunkt besto den av en <strong>skrog a<\/strong> <strong>form av &laquo;stemmegaffel&raquo;<\/strong> fra <strong>40 tonn<\/strong> koblet til en <strong>tre-rullers vogn<\/strong> posterior og til <strong>to forhjul<\/strong> fra <strong>diameter<\/strong> Av <strong>9 meter<\/strong>. Hver av disse ble drevet av en motor <strong>240 hestekrefter Maybach<\/strong> gjenvunnet av tyske zeppelinere. N\u00e6rmere bestemt drev motoren hjulet p\u00e5 en bil som, hvilende p\u00e5 det indre trebelegget p\u00e5 forhjulet, gjorde det mulig \u00e5 starte den. I teorien ville denne tanken v\u00e6rt i stand til \u00e5 n\u00e5 <strong>17 km\/t<\/strong>en verdi som ikke var d\u00e5rlig i det hele tatt for tiden.<\/p>\n<p>N\u00e5r det gjelder bev\u00e6pningen, ville skroget v\u00e6rt utstyrt med en <strong>sentral t\u00e5rn<\/strong> utstyrt med <strong>maskingev\u00e6r<\/strong> Og <strong>lette kanoner<\/strong>mens de ville v\u00e6rt forberedt p\u00e5 utsiden og p\u00e5 buken av kj\u00f8ret\u00f8yet<strong> sm\u00e5 maskingev\u00e6rt\u00e5rn<\/strong>.<\/p>\n<div class=\"cp_wrapper cp_wrapper--fw mb-50\">\n<figure class=\"mm\"><picture class=\"img\" style=\"padding-top:70.247933884298%\"><source  media=\"(min-width: 1024px)\"><source  media=\"(min-width: 768px)\"><img decoding=\"async\" loading=\"lazy\" src=\"https:\/\/nordnesrepublikken.no\/wp-content\/uploads\/2025\/12\/1765846267_729_hvorfor-ble-det-aldri-brukt-i-krig.jpg\" alt=\"Bilde\" width=\"484\" height=\"340\"\/><\/source><\/source><\/picture><\/figure>\n<\/p><\/div>\n<p>F\u00f8r du oppretter en f\u00f8rste fungerende versjon<strong>,<\/strong> designerne laget en <strong>modell i treskala<\/strong> hvis m\u00e5l var \u00e5 imponere tsaren&#8230; og de lyktes faktisk, s\u00e5 mye at de fikk gr\u00f8nt lys for produksjonen av det f\u00f8rste eksemplet.<\/p>\n<h2>Den f\u00f8rste feltpr\u00f8ven<\/h2>\n<p>I <strong>juli 1915<\/strong> kj\u00f8ret\u00f8yet var klart for hans <strong>f\u00f8rste feltpr\u00f8ve.<\/strong> Gitt st\u00f8rrelsen ble den f\u00f8rst demontert i deler og deretter satt sammen p\u00e5 et skogkledd sted omtrent <strong>60 km fra Moskva<\/strong>. Nettopp under monteringsfasen skj\u00f8nte vi det <strong>vekten overskred de forventede verdiene med 50%.<\/strong>n\u00e5r den<strong> 60 tonn<\/strong>. \u00c5rsaken? Det ble brukt for tykke metallplater.<\/p>\n<div class=\"cp_wrapper cp_wrapper--fw mb-50\">\n<figure class=\"mm\"><picture class=\"img\" style=\"padding-top:74.903474903475%\"><source  media=\"(min-width: 1024px)\"><source  media=\"(min-width: 768px)\"><img decoding=\"async\" loading=\"lazy\" src=\"https:\/\/nordnesrepublikken.no\/wp-content\/uploads\/2025\/12\/1765846268_870_hvorfor-ble-det-aldri-brukt-i-krig.jpg\" alt=\"Bilde\" width=\"259\" height=\"194\" class=\"js-seedtag-img\"\/><\/source><\/source><\/picture><\/figure>\n<\/p><\/div>\n<p>Da testene begynte, s\u00e5 det imidlertid ut til at kj\u00f8ret\u00f8yet fungerte bra p\u00e5 kompakt underlag, og til og med knuste et tre, men s\u00e5 snart det kom inn i et mer sumpete omr\u00e5de et bakhjul <strong>ble sittende fast i en gr\u00f8ft<\/strong>immobilisering av tanken.<\/p>\n<p>Det ble senere forst\u00e5tt<strong> motorene var for sm\u00e5<\/strong> men det <strong>Zar bestemte seg for ikke \u00e5 fortsette videre<\/strong>: han hadde allerede brukt <strong>250 tusen rubler i prosjektet<\/strong> og var ikke villig til \u00e5 investere ytterligere. Ogs\u00e5 noen medlemmer av h\u00e6ren reiste <strong>tvil<\/strong> ang\u00e5ende <strong>mediets s\u00e5rbarhet<\/strong> til fiendens artilleri, og offisielt sette en stopper for prosjektet.<br \/>Lebedenko-eksemplaret som ble brukt til testing forble fast til slutten av krigen og ble det <strong>skrotet<\/strong> bare i <strong>1923<\/strong>.<\/p>\n<div class=\"cp_wrapper cp_wrapper--fw mb-50\">\n<figure class=\"mm\"><picture class=\"img\" style=\"padding-top:76.666666666667%\"><source  media=\"(min-width: 1024px)\"><source  media=\"(min-width: 768px)\"><img decoding=\"async\" loading=\"lazy\" src=\"https:\/\/nordnesrepublikken.no\/wp-content\/uploads\/2025\/12\/1765846268_376_hvorfor-ble-det-aldri-brukt-i-krig.jpg\" alt=\"Bilde\" width=\"300\" height=\"230\"\/><\/source><\/source><\/picture><\/figure>\n<\/p><\/div>\n<\/p><\/div>\n","protected":false},"excerpt":{"rendered":"<p>EN gigantisk russisk kampbil tung 40 tonn og med to h\u00f8ye hjul 9 meter: dette<\/p>\n","protected":false},"author":1,"featured_media":12843,"comment_status":"closed","ping_status":"open","sticky":false,"template":"","format":"standard","meta":{"footnotes":""},"categories":[24],"tags":[1558,373,771,66,101,903],"class_list":["post-12842","post","type-post","status-publish","format-standard","has-post-thumbnail","hentry","category-vitenskap","tag-aldri","tag-ble","tag-brukt","tag-det","tag-hvorfor","tag-krig","generate-columns","tablet-grid-50","mobile-grid-100","grid-parent","grid-33","resize-featured-image"],"yoast_head":"<!-- This site is optimized with the Yoast SEO plugin v24.4 - https:\/\/yoast.com\/wordpress\/plugins\/seo\/ -->\n<title>hvorfor ble det aldri brukt i krig? - Nordnesrepublikken<\/title>\n<meta name=\"robots\" content=\"index, follow, max-snippet:-1, max-image-preview:large, max-video-preview:-1\" \/>\n<link rel=\"canonical\" href=\"https:\/\/nordnesrepublikken.no\/index.php\/2025\/12\/16\/hvorfor-ble-det-aldri-brukt-i-krig\/\" \/>\n<meta property=\"og:locale\" content=\"nb_NO\" \/>\n<meta property=\"og:type\" content=\"article\" \/>\n<meta property=\"og:title\" content=\"hvorfor ble det aldri brukt i krig? - Nordnesrepublikken\" \/>\n<meta property=\"og:description\" content=\"EN gigantisk russisk kampbil tung 40 tonn og med to h\u00f8ye hjul 9 meter: dette\" \/>\n<meta property=\"og:url\" content=\"https:\/\/nordnesrepublikken.no\/index.php\/2025\/12\/16\/hvorfor-ble-det-aldri-brukt-i-krig\/\" \/>\n<meta property=\"og:site_name\" content=\"Nordnesrepublikken\" \/>\n<meta property=\"article:published_time\" content=\"2025-12-16T00:51:08+00:00\" \/>\n<meta property=\"article:modified_time\" content=\"2025-12-16T00:51:11+00:00\" \/>\n<meta property=\"og:image\" content=\"https:\/\/nordnesrepublikken.no\/wp-content\/uploads\/2025\/12\/1765846268_hvorfor-ble-det-aldri-brukt-i-krig.jpg\" \/>\n\t<meta property=\"og:image:width\" content=\"2549\" \/>\n\t<meta property=\"og:image:height\" content=\"1491\" \/>\n\t<meta property=\"og:image:type\" content=\"image\/jpeg\" \/>\n<meta name=\"author\" content=\"Ole Andersen\" \/>\n<meta name=\"twitter:card\" content=\"summary_large_image\" \/>\n<meta name=\"twitter:label1\" content=\"Skrevet av\" \/>\n\t<meta name=\"twitter:data1\" content=\"Ole Andersen\" \/>\n\t<meta name=\"twitter:label2\" content=\"Ansl. lesetid\" \/>\n\t<meta name=\"twitter:data2\" content=\"2 minutter\" \/>\n<script type=\"application\/ld+json\" class=\"yoast-schema-graph\">{\"@context\":\"https:\/\/schema.org\",\"@graph\":[{\"@type\":\"Article\",\"@id\":\"https:\/\/nordnesrepublikken.no\/index.php\/2025\/12\/16\/hvorfor-ble-det-aldri-brukt-i-krig\/#article\",\"isPartOf\":{\"@id\":\"https:\/\/nordnesrepublikken.no\/index.php\/2025\/12\/16\/hvorfor-ble-det-aldri-brukt-i-krig\/\"},\"author\":{\"name\":\"Ole Andersen\",\"@id\":\"https:\/\/nordnesrepublikken.no\/#\/schema\/person\/2e7e81935bab77882fffb79296240ff1\"},\"headline\":\"hvorfor ble det aldri brukt i krig?\",\"datePublished\":\"2025-12-16T00:51:08+00:00\",\"dateModified\":\"2025-12-16T00:51:11+00:00\",\"mainEntityOfPage\":{\"@id\":\"https:\/\/nordnesrepublikken.no\/index.php\/2025\/12\/16\/hvorfor-ble-det-aldri-brukt-i-krig\/\"},\"wordCount\":490,\"publisher\":{\"@id\":\"https:\/\/nordnesrepublikken.no\/#organization\"},\"image\":{\"@id\":\"https:\/\/nordnesrepublikken.no\/index.php\/2025\/12\/16\/hvorfor-ble-det-aldri-brukt-i-krig\/#primaryimage\"},\"thumbnailUrl\":\"https:\/\/nordnesrepublikken.no\/wp-content\/uploads\/2025\/12\/1765846268_hvorfor-ble-det-aldri-brukt-i-krig.jpg\",\"keywords\":[\"aldri\",\"ble\",\"brukt\",\"Det\",\"hvorfor\",\"krig\"],\"articleSection\":[\"Vitenskap\"],\"inLanguage\":\"nb-NO\"},{\"@type\":\"WebPage\",\"@id\":\"https:\/\/nordnesrepublikken.no\/index.php\/2025\/12\/16\/hvorfor-ble-det-aldri-brukt-i-krig\/\",\"url\":\"https:\/\/nordnesrepublikken.no\/index.php\/2025\/12\/16\/hvorfor-ble-det-aldri-brukt-i-krig\/\",\"name\":\"hvorfor ble det aldri brukt i krig? - Nordnesrepublikken\",\"isPartOf\":{\"@id\":\"https:\/\/nordnesrepublikken.no\/#website\"},\"primaryImageOfPage\":{\"@id\":\"https:\/\/nordnesrepublikken.no\/index.php\/2025\/12\/16\/hvorfor-ble-det-aldri-brukt-i-krig\/#primaryimage\"},\"image\":{\"@id\":\"https:\/\/nordnesrepublikken.no\/index.php\/2025\/12\/16\/hvorfor-ble-det-aldri-brukt-i-krig\/#primaryimage\"},\"thumbnailUrl\":\"https:\/\/nordnesrepublikken.no\/wp-content\/uploads\/2025\/12\/1765846268_hvorfor-ble-det-aldri-brukt-i-krig.jpg\",\"datePublished\":\"2025-12-16T00:51:08+00:00\",\"dateModified\":\"2025-12-16T00:51:11+00:00\",\"breadcrumb\":{\"@id\":\"https:\/\/nordnesrepublikken.no\/index.php\/2025\/12\/16\/hvorfor-ble-det-aldri-brukt-i-krig\/#breadcrumb\"},\"inLanguage\":\"nb-NO\",\"potentialAction\":[{\"@type\":\"ReadAction\",\"target\":[\"https:\/\/nordnesrepublikken.no\/index.php\/2025\/12\/16\/hvorfor-ble-det-aldri-brukt-i-krig\/\"]}]},{\"@type\":\"ImageObject\",\"inLanguage\":\"nb-NO\",\"@id\":\"https:\/\/nordnesrepublikken.no\/index.php\/2025\/12\/16\/hvorfor-ble-det-aldri-brukt-i-krig\/#primaryimage\",\"url\":\"https:\/\/nordnesrepublikken.no\/wp-content\/uploads\/2025\/12\/1765846268_hvorfor-ble-det-aldri-brukt-i-krig.jpg\",\"contentUrl\":\"https:\/\/nordnesrepublikken.no\/wp-content\/uploads\/2025\/12\/1765846268_hvorfor-ble-det-aldri-brukt-i-krig.jpg\",\"width\":2549,\"height\":1491,\"caption\":\"hvorfor ble det aldri brukt i krig?\"},{\"@type\":\"BreadcrumbList\",\"@id\":\"https:\/\/nordnesrepublikken.no\/index.php\/2025\/12\/16\/hvorfor-ble-det-aldri-brukt-i-krig\/#breadcrumb\",\"itemListElement\":[{\"@type\":\"ListItem\",\"position\":1,\"name\":\"Home\",\"item\":\"https:\/\/nordnesrepublikken.no\/\"},{\"@type\":\"ListItem\",\"position\":2,\"name\":\"hvorfor ble det aldri brukt i krig?\"}]},{\"@type\":\"WebSite\",\"@id\":\"https:\/\/nordnesrepublikken.no\/#website\",\"url\":\"https:\/\/nordnesrepublikken.no\/\",\"name\":\"Nordnesrepublikken\",\"description\":\"Stemmer og Visjoner fra Republikkens Hjerte\",\"publisher\":{\"@id\":\"https:\/\/nordnesrepublikken.no\/#organization\"},\"potentialAction\":[{\"@type\":\"SearchAction\",\"target\":{\"@type\":\"EntryPoint\",\"urlTemplate\":\"https:\/\/nordnesrepublikken.no\/?s={search_term_string}\"},\"query-input\":{\"@type\":\"PropertyValueSpecification\",\"valueRequired\":true,\"valueName\":\"search_term_string\"}}],\"inLanguage\":\"nb-NO\"},{\"@type\":\"Organization\",\"@id\":\"https:\/\/nordnesrepublikken.no\/#organization\",\"name\":\"Nordnesrepublikken\",\"url\":\"https:\/\/nordnesrepublikken.no\/\",\"logo\":{\"@type\":\"ImageObject\",\"inLanguage\":\"nb-NO\",\"@id\":\"https:\/\/nordnesrepublikken.no\/#\/schema\/logo\/image\/\",\"url\":\"https:\/\/nordnesrepublikken.no\/wp-content\/uploads\/2025\/02\/cropped-nordnesrepublikken-2.png\",\"contentUrl\":\"https:\/\/nordnesrepublikken.no\/wp-content\/uploads\/2025\/02\/cropped-nordnesrepublikken-2.png\",\"width\":1248,\"height\":362,\"caption\":\"Nordnesrepublikken\"},\"image\":{\"@id\":\"https:\/\/nordnesrepublikken.no\/#\/schema\/logo\/image\/\"}},{\"@type\":\"Person\",\"@id\":\"https:\/\/nordnesrepublikken.no\/#\/schema\/person\/2e7e81935bab77882fffb79296240ff1\",\"name\":\"Ole Andersen\",\"image\":{\"@type\":\"ImageObject\",\"inLanguage\":\"nb-NO\",\"@id\":\"https:\/\/nordnesrepublikken.no\/#\/schema\/person\/image\/\",\"url\":\"https:\/\/nordnesrepublikken.no\/wp-content\/uploads\/2025\/02\/nordnesrepublikken-2-2-150x150.jpg\",\"contentUrl\":\"https:\/\/nordnesrepublikken.no\/wp-content\/uploads\/2025\/02\/nordnesrepublikken-2-2-150x150.jpg\",\"caption\":\"Ole Andersen\"},\"description\":\"Ettersom jeg vokste opp i Oslo, har jeg alltid v\u00e6rt fascinert av ordenes kraft og deres evne til \u00e5 skape endringer. Etter \u00e5 ha fullf\u00f8rt min utdannelse i kommunikasjon ved Universitetet i Bergen, fikk jeg muligheten til \u00e5 jobbe innen ulike medier, der jeg har s\u00f8kt \u00e5 belyse viktige samfunnssp\u00f8rsm\u00e5l. I dag, som redakt\u00f8r for Nordnesrepublikken, pr\u00f8ver jeg \u00e5 forene min kj\u00e6rlighet for journalistikk med min lidenskap for innovasjon og eventyr.\",\"sameAs\":[\"https:\/\/nordnesrepublikken.no\/\"]}]}<\/script>\n<!-- \/ Yoast SEO plugin. -->","yoast_head_json":{"title":"hvorfor ble det aldri brukt i krig? - Nordnesrepublikken","robots":{"index":"index","follow":"follow","max-snippet":"max-snippet:-1","max-image-preview":"max-image-preview:large","max-video-preview":"max-video-preview:-1"},"canonical":"https:\/\/nordnesrepublikken.no\/index.php\/2025\/12\/16\/hvorfor-ble-det-aldri-brukt-i-krig\/","og_locale":"nb_NO","og_type":"article","og_title":"hvorfor ble det aldri brukt i krig? - Nordnesrepublikken","og_description":"EN gigantisk russisk kampbil tung 40 tonn og med to h\u00f8ye hjul 9 meter: dette","og_url":"https:\/\/nordnesrepublikken.no\/index.php\/2025\/12\/16\/hvorfor-ble-det-aldri-brukt-i-krig\/","og_site_name":"Nordnesrepublikken","article_published_time":"2025-12-16T00:51:08+00:00","article_modified_time":"2025-12-16T00:51:11+00:00","og_image":[{"width":2549,"height":1491,"url":"https:\/\/nordnesrepublikken.no\/wp-content\/uploads\/2025\/12\/1765846268_hvorfor-ble-det-aldri-brukt-i-krig.jpg","type":"image\/jpeg"}],"author":"Ole Andersen","twitter_card":"summary_large_image","twitter_misc":{"Skrevet av":"Ole Andersen","Ansl. lesetid":"2 minutter"},"schema":{"@context":"https:\/\/schema.org","@graph":[{"@type":"Article","@id":"https:\/\/nordnesrepublikken.no\/index.php\/2025\/12\/16\/hvorfor-ble-det-aldri-brukt-i-krig\/#article","isPartOf":{"@id":"https:\/\/nordnesrepublikken.no\/index.php\/2025\/12\/16\/hvorfor-ble-det-aldri-brukt-i-krig\/"},"author":{"name":"Ole Andersen","@id":"https:\/\/nordnesrepublikken.no\/#\/schema\/person\/2e7e81935bab77882fffb79296240ff1"},"headline":"hvorfor ble det aldri brukt i krig?","datePublished":"2025-12-16T00:51:08+00:00","dateModified":"2025-12-16T00:51:11+00:00","mainEntityOfPage":{"@id":"https:\/\/nordnesrepublikken.no\/index.php\/2025\/12\/16\/hvorfor-ble-det-aldri-brukt-i-krig\/"},"wordCount":490,"publisher":{"@id":"https:\/\/nordnesrepublikken.no\/#organization"},"image":{"@id":"https:\/\/nordnesrepublikken.no\/index.php\/2025\/12\/16\/hvorfor-ble-det-aldri-brukt-i-krig\/#primaryimage"},"thumbnailUrl":"https:\/\/nordnesrepublikken.no\/wp-content\/uploads\/2025\/12\/1765846268_hvorfor-ble-det-aldri-brukt-i-krig.jpg","keywords":["aldri","ble","brukt","Det","hvorfor","krig"],"articleSection":["Vitenskap"],"inLanguage":"nb-NO"},{"@type":"WebPage","@id":"https:\/\/nordnesrepublikken.no\/index.php\/2025\/12\/16\/hvorfor-ble-det-aldri-brukt-i-krig\/","url":"https:\/\/nordnesrepublikken.no\/index.php\/2025\/12\/16\/hvorfor-ble-det-aldri-brukt-i-krig\/","name":"hvorfor ble det aldri brukt i krig? - Nordnesrepublikken","isPartOf":{"@id":"https:\/\/nordnesrepublikken.no\/#website"},"primaryImageOfPage":{"@id":"https:\/\/nordnesrepublikken.no\/index.php\/2025\/12\/16\/hvorfor-ble-det-aldri-brukt-i-krig\/#primaryimage"},"image":{"@id":"https:\/\/nordnesrepublikken.no\/index.php\/2025\/12\/16\/hvorfor-ble-det-aldri-brukt-i-krig\/#primaryimage"},"thumbnailUrl":"https:\/\/nordnesrepublikken.no\/wp-content\/uploads\/2025\/12\/1765846268_hvorfor-ble-det-aldri-brukt-i-krig.jpg","datePublished":"2025-12-16T00:51:08+00:00","dateModified":"2025-12-16T00:51:11+00:00","breadcrumb":{"@id":"https:\/\/nordnesrepublikken.no\/index.php\/2025\/12\/16\/hvorfor-ble-det-aldri-brukt-i-krig\/#breadcrumb"},"inLanguage":"nb-NO","potentialAction":[{"@type":"ReadAction","target":["https:\/\/nordnesrepublikken.no\/index.php\/2025\/12\/16\/hvorfor-ble-det-aldri-brukt-i-krig\/"]}]},{"@type":"ImageObject","inLanguage":"nb-NO","@id":"https:\/\/nordnesrepublikken.no\/index.php\/2025\/12\/16\/hvorfor-ble-det-aldri-brukt-i-krig\/#primaryimage","url":"https:\/\/nordnesrepublikken.no\/wp-content\/uploads\/2025\/12\/1765846268_hvorfor-ble-det-aldri-brukt-i-krig.jpg","contentUrl":"https:\/\/nordnesrepublikken.no\/wp-content\/uploads\/2025\/12\/1765846268_hvorfor-ble-det-aldri-brukt-i-krig.jpg","width":2549,"height":1491,"caption":"hvorfor ble det aldri brukt i krig?"},{"@type":"BreadcrumbList","@id":"https:\/\/nordnesrepublikken.no\/index.php\/2025\/12\/16\/hvorfor-ble-det-aldri-brukt-i-krig\/#breadcrumb","itemListElement":[{"@type":"ListItem","position":1,"name":"Home","item":"https:\/\/nordnesrepublikken.no\/"},{"@type":"ListItem","position":2,"name":"hvorfor ble det aldri brukt i krig?"}]},{"@type":"WebSite","@id":"https:\/\/nordnesrepublikken.no\/#website","url":"https:\/\/nordnesrepublikken.no\/","name":"Nordnesrepublikken","description":"Stemmer og Visjoner fra Republikkens Hjerte","publisher":{"@id":"https:\/\/nordnesrepublikken.no\/#organization"},"potentialAction":[{"@type":"SearchAction","target":{"@type":"EntryPoint","urlTemplate":"https:\/\/nordnesrepublikken.no\/?s={search_term_string}"},"query-input":{"@type":"PropertyValueSpecification","valueRequired":true,"valueName":"search_term_string"}}],"inLanguage":"nb-NO"},{"@type":"Organization","@id":"https:\/\/nordnesrepublikken.no\/#organization","name":"Nordnesrepublikken","url":"https:\/\/nordnesrepublikken.no\/","logo":{"@type":"ImageObject","inLanguage":"nb-NO","@id":"https:\/\/nordnesrepublikken.no\/#\/schema\/logo\/image\/","url":"https:\/\/nordnesrepublikken.no\/wp-content\/uploads\/2025\/02\/cropped-nordnesrepublikken-2.png","contentUrl":"https:\/\/nordnesrepublikken.no\/wp-content\/uploads\/2025\/02\/cropped-nordnesrepublikken-2.png","width":1248,"height":362,"caption":"Nordnesrepublikken"},"image":{"@id":"https:\/\/nordnesrepublikken.no\/#\/schema\/logo\/image\/"}},{"@type":"Person","@id":"https:\/\/nordnesrepublikken.no\/#\/schema\/person\/2e7e81935bab77882fffb79296240ff1","name":"Ole Andersen","image":{"@type":"ImageObject","inLanguage":"nb-NO","@id":"https:\/\/nordnesrepublikken.no\/#\/schema\/person\/image\/","url":"https:\/\/nordnesrepublikken.no\/wp-content\/uploads\/2025\/02\/nordnesrepublikken-2-2-150x150.jpg","contentUrl":"https:\/\/nordnesrepublikken.no\/wp-content\/uploads\/2025\/02\/nordnesrepublikken-2-2-150x150.jpg","caption":"Ole Andersen"},"description":"Ettersom jeg vokste opp i Oslo, har jeg alltid v\u00e6rt fascinert av ordenes kraft og deres evne til \u00e5 skape endringer. Etter \u00e5 ha fullf\u00f8rt min utdannelse i kommunikasjon ved Universitetet i Bergen, fikk jeg muligheten til \u00e5 jobbe innen ulike medier, der jeg har s\u00f8kt \u00e5 belyse viktige samfunnssp\u00f8rsm\u00e5l. I dag, som redakt\u00f8r for Nordnesrepublikken, pr\u00f8ver jeg \u00e5 forene min kj\u00e6rlighet for journalistikk med min lidenskap for innovasjon og eventyr.","sameAs":["https:\/\/nordnesrepublikken.no\/"]}]}},"_links":{"self":[{"href":"https:\/\/nordnesrepublikken.no\/index.php\/wp-json\/wp\/v2\/posts\/12842","targetHints":{"allow":["GET"]}}],"collection":[{"href":"https:\/\/nordnesrepublikken.no\/index.php\/wp-json\/wp\/v2\/posts"}],"about":[{"href":"https:\/\/nordnesrepublikken.no\/index.php\/wp-json\/wp\/v2\/types\/post"}],"author":[{"embeddable":true,"href":"https:\/\/nordnesrepublikken.no\/index.php\/wp-json\/wp\/v2\/users\/1"}],"replies":[{"embeddable":true,"href":"https:\/\/nordnesrepublikken.no\/index.php\/wp-json\/wp\/v2\/comments?post=12842"}],"version-history":[{"count":1,"href":"https:\/\/nordnesrepublikken.no\/index.php\/wp-json\/wp\/v2\/posts\/12842\/revisions"}],"predecessor-version":[{"id":12844,"href":"https:\/\/nordnesrepublikken.no\/index.php\/wp-json\/wp\/v2\/posts\/12842\/revisions\/12844"}],"wp:featuredmedia":[{"embeddable":true,"href":"https:\/\/nordnesrepublikken.no\/index.php\/wp-json\/wp\/v2\/media\/12843"}],"wp:attachment":[{"href":"https:\/\/nordnesrepublikken.no\/index.php\/wp-json\/wp\/v2\/media?parent=12842"}],"wp:term":[{"taxonomy":"category","embeddable":true,"href":"https:\/\/nordnesrepublikken.no\/index.php\/wp-json\/wp\/v2\/categories?post=12842"},{"taxonomy":"post_tag","embeddable":true,"href":"https:\/\/nordnesrepublikken.no\/index.php\/wp-json\/wp\/v2\/tags?post=12842"}],"curies":[{"name":"wp","href":"https:\/\/api.w.org\/{rel}","templated":true}]}}