{"id":12839,"date":"2025-12-15T22:51:18","date_gmt":"2025-12-15T21:51:18","guid":{"rendered":"https:\/\/nordnesrepublikken.no\/index.php\/2025\/12\/15\/hvorfor-kollisjonen-mellom-to-fallskjermer-er-sa-farlig\/"},"modified":"2025-12-15T22:51:19","modified_gmt":"2025-12-15T21:51:19","slug":"hvorfor-kollisjonen-mellom-to-fallskjermer-er-sa-farlig","status":"publish","type":"post","link":"https:\/\/nordnesrepublikken.no\/index.php\/2025\/12\/15\/hvorfor-kollisjonen-mellom-to-fallskjermer-er-sa-farlig\/","title":{"rendered":"hvorfor kollisjonen mellom to fallskjermer er s\u00e5 farlig"},"content":{"rendered":"<div>\n<div class=\"cp_wrapper cp_wrapper--fw mb-30 mb-20@tablet\">\n<figure class=\"mm\"><picture class=\"img\" style=\"padding-top:56.25%\"><source  media=\"(min-width: 1024px)\"><source  media=\"(min-width: 768px)\"><\/source><\/source><\/picture><\/figure>\n<\/p><\/div>\n<p>De to ekspertene fallskjermhoppere <strong>Ermes Zampa<\/strong> (70 \u00e5r gammel) e <strong>Violetta Laiketsion<\/strong> (63 \u00e5r) d\u00f8de i en dramatisk ulykke under en oppskyting i <strong>Fano<\/strong>i Marche-regionen, s\u00f8ndag 14. desember 2025. If\u00f8lge vitnesbyrd fra de tilstedev\u00e6rende, spesielt fra <strong>Roberto Mascio<\/strong>direkt\u00f8r for den lokale fallskjermskolen, kolliderte hettene p\u00e5 de to fallskjermene ca <strong>40-50 meter<\/strong> fra bakken, for\u00e5rsaker<strong>kabelsammenfiltring<\/strong> med p\u00e5f\u00f8lgende kollaps av hettene, uten at de to sakkyndige fallskjermjegerne rakk \u00e5 gripe inn p\u00e5 noen m\u00e5te. For \u00f8yeblikket virker de slik <strong>hypoteser om teknisk feil er ekskludert<\/strong> eller av <strong>sykdom<\/strong>men den n\u00f8yaktige dynamikken til ulykken vil bli rekonstruert f\u00f8rst p\u00e5 slutten av unders\u00f8kelsene som allerede er startet av Carabinieri.<\/p>\n<p>Vi har derfor ikke til hensikt \u00e5 forklare hvordan den tragiske ulykken skjedde, men bare forklare fra et vitenskapelig synspunkt <strong>hvorfor kollisjonen mellom to fallskjermer kan v\u00e6re s\u00e5 farlig<\/strong> selv for erfarne fallskjermhoppere og for\u00e5rsake et nesten totalt tap av kontroll.<\/p>\n<p>Konseptuelt fungerer en fallskjerm <strong>\u00f8ke luftmotstanden mot fall <\/strong>takket v\u00e6re overflaten. Faktisk, mens et legeme faller i luften, virker to hovedkrefter p\u00e5 det: vektkraften som presser det nedover, og friksjonen med luften som virker i motsatt retning av bevegelsen og derfor bremser fallet. I denne dragkampen mellom tyngdekraft og friksjon gir fallskjermen en enorm assistanse til friksjonen. Faktisk, ved \u00e5 \u00e5pne den, \u00f8ker overflaten som eksponeres for luft drastisk, f.eks <strong>aerodynamisk friksjon \u00f8ker n\u00e5r overflaten \u00f8ker<\/strong>. Dette er nok til \u00e5 bringe farten til en fallskjermhopper fra ca <strong>200 km\/t<\/strong> til <strong>15-20 km\/t<\/strong>.<\/p>\n<p>For \u00e5 fungere trenger en fallskjerm derfor en stor overflate. Men hva holder kalesjen til en fallskjerm utplassert? Der <strong>tauspenning<\/strong> som forankrer den til fallskjermhopperen. Dette er grunnen til at det er veldig farlig hvis to fallskjermer f\u00e5r kablene sammenfiltret: sammenflettet, <strong>hindre seilet i \u00e5 utfolde seg<\/strong> og dette kompromitterer dens evne til \u00e5 tilby overflate til luften. Som han forklarte oss <strong>Emanuele Bielli<\/strong>fallskjerminstrukt\u00f8r og sekret\u00e6r for AIP (Association of Parachuting Instructors), \u00abfallskjermstoffet er laget av nylon dynket i silikon og har derfor null por\u00f8sitet. Imidlertid fungerer dette stoffet n\u00e5r det er der <strong>spenning p\u00e5 tauene<\/strong> og derfor n\u00e5r seilet er stramt. I det \u00f8yeblikket tauene mister denne spenningen \u2013 n\u00e5r det for eksempel er en kollisjon, en <strong>kollisjon med en annen fallskjermjeger<\/strong> \u2013 da t\u00f8mmes stoffet og har derfor ikke lenger den egenskapen til en brems, av et statisk anker som klarer \u00e5 bremse fallet nedover\u00bb.<\/p>\n<p>Kort sagt, hvis tauene mister spenningen, t\u00f8mmes seilet og fallskjermen er ikke lenger i stand til \u00e5 <strong>generere aerodynamisk friksjon<\/strong>: fallskjermhopperen akselererer nedover betydelig inn <strong>fritt fall.<\/strong> En av hovedsikkerhetsreglene for de som dykker med fallskjerm er \u00e5 holde trygg avstand til andre fallskjermhoppere, nettopp for \u00e5 unng\u00e5 denne typen ulykker. Faktisk skjer lanseringene med noen f\u00e5 sekunders mellomrom for \u00e5 gj\u00f8re det <strong>holde alle p\u00e5 forskjellige kvoter.<\/strong> Dessverre kan det noen ganger skje at forskjellige utgivelsestider for baldakinen kan &laquo;justere&raquo; to fallskjermjegere, slik det skjedde i g\u00e5r i Fano.<\/p>\n<p>N\u00e5r tauene til en fallskjerm er flettet sammen, er det noen<strong> n\u00f8dprosedyrer<\/strong> som kan vedtas; men s\u00e5 lenge de fungerer <strong>de m\u00e5 p\u00e5f\u00f8res mellom 1000 og 500 meter<\/strong> av h\u00f8yde slik at vi har materiell tid til \u00e5 unng\u00e5 det verste. Da tauene deres ble flettet sammen, var Zampa og Laiketsion i stedet kl<strong> 40-50 meter over bakken<\/strong>. Tatt i betraktning deres begynnelseshastighet og akselerasjon p\u00e5 grunn av tyngdekraften, betyr dette at de hadde litt over <strong>3 sekunder <\/strong>\u00e5 krasje i bakken i titalls km\/t.<\/p>\n<p>\u00abI denne typen ulykker er den f\u00f8rste regelen <strong>forst\u00e5 hvordan kollisjonen skjedde<\/strong> og hvordan fallskjermene ble flettet sammen,&raquo; forklarte instrukt\u00f8ren oss. &laquo;I tilfelle at en av de to fallskjermhopperne er fri for forviklinger med tau eller stoff, kan man <strong>hekte av hovedskjermselen<\/strong> og \u00e5pne deretter n\u00f8dfallskjermen. Den andre fallskjermhopperen m\u00e5 selvsagt ogs\u00e5 frigj\u00f8re seg og i dette tilfellet kan han bruke <strong>en<\/strong><b>blad<\/b>satt inn i selen spesielt for \u00e5 kutte deler av tau om n\u00f8dvendig. Tvert imot, i tilfelle de to fallskjermene blir sammenflettet med hverandre og derfor ikke gir mulighet for \u00e5 st\u00f8tte de tilknyttede personene, er det n\u00f8dvendig \u00e5 umiddelbart <strong>\u00e5pne n\u00f8dfallskjermen<\/strong>. For faktisk er det eneste som redder liv \u00e5 ha en \u00e5pen fallskjerm \u2013 helt eller delvis \u2013 som bremser nedstigningen mot bakken.&raquo;<\/p>\n<p>Med den tragiske ulykken som skjedde i Fano, <strong>antall d\u00f8delige fallskjermulykker<\/strong> skjedde i Italia lider av en <strong>\u00f8ke<\/strong>: \u00abI de siste 4 \u00e5rene i Italia har det v\u00e6rt gjennomsnittlig 1 d\u00f8dsulykke per \u00e5r. I september 2025 hadde det allerede v\u00e6rt en d\u00f8dsulykke i utkanten av Roma, der en 49 \u00e5r gammel mann mistet livet. Og statistikk viser at det st\u00f8rste antallet ulykker skjer med erfarne fallskjermhoppere, takket v\u00e6re \u00e9n<strong> undervurdering av risiko<\/strong> \u2013 knyttet til erfaring \u2013 men ogs\u00e5 en overvurdering av ens evne til \u00e5 reagere i n\u00f8dssituasjoner.\u00bb<\/p>\n<p>Ser i stedet p\u00e5 statistikken til st\u00f8rre land, i <strong>USA <\/strong>i hele 2024 skjedde 9 d\u00f8dsulykker, et historisk lavpunkt det siste ti\u00e5ret.<\/p>\n<p>Kort sagt <strong>fallskjermhopping<\/strong> forblir en ekstremsport og <strong>farlig<\/strong>: imidlertid ogs\u00e5 takket v\u00e6re den kontinuerlige oppdateringen av <strong>n\u00f8dprosedyrer<\/strong> og til nye treningsmetoder <strong>antall ulykker<\/strong> Og <strong>drastisk redusert<\/strong> sammenlignet med fortiden.<\/p>\n<\/p><\/div>\n","protected":false},"excerpt":{"rendered":"<p>De to ekspertene fallskjermhoppere Ermes Zampa (70 \u00e5r gammel) e Violetta Laiketsion (63 \u00e5r) d\u00f8de<\/p>\n","protected":false},"author":1,"featured_media":12840,"comment_status":"closed","ping_status":"open","sticky":false,"template":"","format":"standard","meta":{"footnotes":""},"categories":[104],"tags":[8459,400,101,8458,212,1472],"class_list":["post-12839","post","type-post","status-publish","format-standard","has-post-thumbnail","hentry","category-samfunn","tag-fallskjermer","tag-farlig","tag-hvorfor","tag-kollisjonen","tag-mellom","tag-sa","generate-columns","tablet-grid-50","mobile-grid-100","grid-parent","grid-33","resize-featured-image"],"yoast_head":"<!-- This site is optimized with the Yoast SEO plugin v24.4 - https:\/\/yoast.com\/wordpress\/plugins\/seo\/ -->\n<title>hvorfor kollisjonen mellom to fallskjermer er s\u00e5 farlig - Nordnesrepublikken<\/title>\n<meta name=\"robots\" content=\"index, follow, max-snippet:-1, max-image-preview:large, max-video-preview:-1\" \/>\n<link rel=\"canonical\" href=\"https:\/\/nordnesrepublikken.no\/index.php\/2025\/12\/15\/hvorfor-kollisjonen-mellom-to-fallskjermer-er-sa-farlig\/\" \/>\n<meta property=\"og:locale\" content=\"nb_NO\" \/>\n<meta property=\"og:type\" content=\"article\" \/>\n<meta property=\"og:title\" content=\"hvorfor kollisjonen mellom to fallskjermer er s\u00e5 farlig - Nordnesrepublikken\" \/>\n<meta property=\"og:description\" content=\"De to ekspertene fallskjermhoppere Ermes Zampa (70 \u00e5r gammel) e Violetta Laiketsion (63 \u00e5r) d\u00f8de\" \/>\n<meta property=\"og:url\" content=\"https:\/\/nordnesrepublikken.no\/index.php\/2025\/12\/15\/hvorfor-kollisjonen-mellom-to-fallskjermer-er-sa-farlig\/\" \/>\n<meta property=\"og:site_name\" content=\"Nordnesrepublikken\" \/>\n<meta property=\"article:published_time\" content=\"2025-12-15T21:51:18+00:00\" \/>\n<meta property=\"article:modified_time\" content=\"2025-12-15T21:51:19+00:00\" \/>\n<meta property=\"og:image\" content=\"https:\/\/nordnesrepublikken.no\/wp-content\/uploads\/2025\/12\/1765835478_hvorfor-kollisjonen-mellom-to-fallskjermer-er-sa-farlig.jpg\" \/>\n\t<meta property=\"og:image:width\" content=\"1376\" \/>\n\t<meta property=\"og:image:height\" content=\"768\" \/>\n\t<meta property=\"og:image:type\" content=\"image\/jpeg\" \/>\n<meta name=\"author\" content=\"Ole Andersen\" \/>\n<meta name=\"twitter:card\" content=\"summary_large_image\" \/>\n<meta name=\"twitter:label1\" content=\"Skrevet av\" \/>\n\t<meta name=\"twitter:data1\" content=\"Ole Andersen\" \/>\n\t<meta name=\"twitter:label2\" content=\"Ansl. lesetid\" \/>\n\t<meta name=\"twitter:data2\" content=\"4 minutter\" \/>\n<script type=\"application\/ld+json\" class=\"yoast-schema-graph\">{\"@context\":\"https:\/\/schema.org\",\"@graph\":[{\"@type\":\"Article\",\"@id\":\"https:\/\/nordnesrepublikken.no\/index.php\/2025\/12\/15\/hvorfor-kollisjonen-mellom-to-fallskjermer-er-sa-farlig\/#article\",\"isPartOf\":{\"@id\":\"https:\/\/nordnesrepublikken.no\/index.php\/2025\/12\/15\/hvorfor-kollisjonen-mellom-to-fallskjermer-er-sa-farlig\/\"},\"author\":{\"name\":\"Ole Andersen\",\"@id\":\"https:\/\/nordnesrepublikken.no\/#\/schema\/person\/2e7e81935bab77882fffb79296240ff1\"},\"headline\":\"hvorfor kollisjonen mellom to fallskjermer er s\u00e5 farlig\",\"datePublished\":\"2025-12-15T21:51:18+00:00\",\"dateModified\":\"2025-12-15T21:51:19+00:00\",\"mainEntityOfPage\":{\"@id\":\"https:\/\/nordnesrepublikken.no\/index.php\/2025\/12\/15\/hvorfor-kollisjonen-mellom-to-fallskjermer-er-sa-farlig\/\"},\"wordCount\":854,\"publisher\":{\"@id\":\"https:\/\/nordnesrepublikken.no\/#organization\"},\"image\":{\"@id\":\"https:\/\/nordnesrepublikken.no\/index.php\/2025\/12\/15\/hvorfor-kollisjonen-mellom-to-fallskjermer-er-sa-farlig\/#primaryimage\"},\"thumbnailUrl\":\"https:\/\/nordnesrepublikken.no\/wp-content\/uploads\/2025\/12\/1765835478_hvorfor-kollisjonen-mellom-to-fallskjermer-er-sa-farlig.jpg\",\"keywords\":[\"fallskjermer\",\"farlig\",\"hvorfor\",\"kollisjonen\",\"mellom\",\"s\u00e5\"],\"articleSection\":[\"Samfunn\"],\"inLanguage\":\"nb-NO\"},{\"@type\":\"WebPage\",\"@id\":\"https:\/\/nordnesrepublikken.no\/index.php\/2025\/12\/15\/hvorfor-kollisjonen-mellom-to-fallskjermer-er-sa-farlig\/\",\"url\":\"https:\/\/nordnesrepublikken.no\/index.php\/2025\/12\/15\/hvorfor-kollisjonen-mellom-to-fallskjermer-er-sa-farlig\/\",\"name\":\"hvorfor kollisjonen mellom to fallskjermer er s\u00e5 farlig - Nordnesrepublikken\",\"isPartOf\":{\"@id\":\"https:\/\/nordnesrepublikken.no\/#website\"},\"primaryImageOfPage\":{\"@id\":\"https:\/\/nordnesrepublikken.no\/index.php\/2025\/12\/15\/hvorfor-kollisjonen-mellom-to-fallskjermer-er-sa-farlig\/#primaryimage\"},\"image\":{\"@id\":\"https:\/\/nordnesrepublikken.no\/index.php\/2025\/12\/15\/hvorfor-kollisjonen-mellom-to-fallskjermer-er-sa-farlig\/#primaryimage\"},\"thumbnailUrl\":\"https:\/\/nordnesrepublikken.no\/wp-content\/uploads\/2025\/12\/1765835478_hvorfor-kollisjonen-mellom-to-fallskjermer-er-sa-farlig.jpg\",\"datePublished\":\"2025-12-15T21:51:18+00:00\",\"dateModified\":\"2025-12-15T21:51:19+00:00\",\"breadcrumb\":{\"@id\":\"https:\/\/nordnesrepublikken.no\/index.php\/2025\/12\/15\/hvorfor-kollisjonen-mellom-to-fallskjermer-er-sa-farlig\/#breadcrumb\"},\"inLanguage\":\"nb-NO\",\"potentialAction\":[{\"@type\":\"ReadAction\",\"target\":[\"https:\/\/nordnesrepublikken.no\/index.php\/2025\/12\/15\/hvorfor-kollisjonen-mellom-to-fallskjermer-er-sa-farlig\/\"]}]},{\"@type\":\"ImageObject\",\"inLanguage\":\"nb-NO\",\"@id\":\"https:\/\/nordnesrepublikken.no\/index.php\/2025\/12\/15\/hvorfor-kollisjonen-mellom-to-fallskjermer-er-sa-farlig\/#primaryimage\",\"url\":\"https:\/\/nordnesrepublikken.no\/wp-content\/uploads\/2025\/12\/1765835478_hvorfor-kollisjonen-mellom-to-fallskjermer-er-sa-farlig.jpg\",\"contentUrl\":\"https:\/\/nordnesrepublikken.no\/wp-content\/uploads\/2025\/12\/1765835478_hvorfor-kollisjonen-mellom-to-fallskjermer-er-sa-farlig.jpg\",\"width\":1376,\"height\":768,\"caption\":\"hvorfor kollisjonen mellom to fallskjermer er s\u00e5 farlig\"},{\"@type\":\"BreadcrumbList\",\"@id\":\"https:\/\/nordnesrepublikken.no\/index.php\/2025\/12\/15\/hvorfor-kollisjonen-mellom-to-fallskjermer-er-sa-farlig\/#breadcrumb\",\"itemListElement\":[{\"@type\":\"ListItem\",\"position\":1,\"name\":\"Home\",\"item\":\"https:\/\/nordnesrepublikken.no\/\"},{\"@type\":\"ListItem\",\"position\":2,\"name\":\"hvorfor kollisjonen mellom to fallskjermer er s\u00e5 farlig\"}]},{\"@type\":\"WebSite\",\"@id\":\"https:\/\/nordnesrepublikken.no\/#website\",\"url\":\"https:\/\/nordnesrepublikken.no\/\",\"name\":\"Nordnesrepublikken\",\"description\":\"Stemmer og Visjoner fra Republikkens Hjerte\",\"publisher\":{\"@id\":\"https:\/\/nordnesrepublikken.no\/#organization\"},\"potentialAction\":[{\"@type\":\"SearchAction\",\"target\":{\"@type\":\"EntryPoint\",\"urlTemplate\":\"https:\/\/nordnesrepublikken.no\/?s={search_term_string}\"},\"query-input\":{\"@type\":\"PropertyValueSpecification\",\"valueRequired\":true,\"valueName\":\"search_term_string\"}}],\"inLanguage\":\"nb-NO\"},{\"@type\":\"Organization\",\"@id\":\"https:\/\/nordnesrepublikken.no\/#organization\",\"name\":\"Nordnesrepublikken\",\"url\":\"https:\/\/nordnesrepublikken.no\/\",\"logo\":{\"@type\":\"ImageObject\",\"inLanguage\":\"nb-NO\",\"@id\":\"https:\/\/nordnesrepublikken.no\/#\/schema\/logo\/image\/\",\"url\":\"https:\/\/nordnesrepublikken.no\/wp-content\/uploads\/2025\/02\/cropped-nordnesrepublikken-2.png\",\"contentUrl\":\"https:\/\/nordnesrepublikken.no\/wp-content\/uploads\/2025\/02\/cropped-nordnesrepublikken-2.png\",\"width\":1248,\"height\":362,\"caption\":\"Nordnesrepublikken\"},\"image\":{\"@id\":\"https:\/\/nordnesrepublikken.no\/#\/schema\/logo\/image\/\"}},{\"@type\":\"Person\",\"@id\":\"https:\/\/nordnesrepublikken.no\/#\/schema\/person\/2e7e81935bab77882fffb79296240ff1\",\"name\":\"Ole Andersen\",\"image\":{\"@type\":\"ImageObject\",\"inLanguage\":\"nb-NO\",\"@id\":\"https:\/\/nordnesrepublikken.no\/#\/schema\/person\/image\/\",\"url\":\"https:\/\/nordnesrepublikken.no\/wp-content\/uploads\/2025\/02\/nordnesrepublikken-2-2-150x150.jpg\",\"contentUrl\":\"https:\/\/nordnesrepublikken.no\/wp-content\/uploads\/2025\/02\/nordnesrepublikken-2-2-150x150.jpg\",\"caption\":\"Ole Andersen\"},\"description\":\"Ettersom jeg vokste opp i Oslo, har jeg alltid v\u00e6rt fascinert av ordenes kraft og deres evne til \u00e5 skape endringer. Etter \u00e5 ha fullf\u00f8rt min utdannelse i kommunikasjon ved Universitetet i Bergen, fikk jeg muligheten til \u00e5 jobbe innen ulike medier, der jeg har s\u00f8kt \u00e5 belyse viktige samfunnssp\u00f8rsm\u00e5l. I dag, som redakt\u00f8r for Nordnesrepublikken, pr\u00f8ver jeg \u00e5 forene min kj\u00e6rlighet for journalistikk med min lidenskap for innovasjon og eventyr.\",\"sameAs\":[\"https:\/\/nordnesrepublikken.no\/\"]}]}<\/script>\n<!-- \/ Yoast SEO plugin. -->","yoast_head_json":{"title":"hvorfor kollisjonen mellom to fallskjermer er s\u00e5 farlig - Nordnesrepublikken","robots":{"index":"index","follow":"follow","max-snippet":"max-snippet:-1","max-image-preview":"max-image-preview:large","max-video-preview":"max-video-preview:-1"},"canonical":"https:\/\/nordnesrepublikken.no\/index.php\/2025\/12\/15\/hvorfor-kollisjonen-mellom-to-fallskjermer-er-sa-farlig\/","og_locale":"nb_NO","og_type":"article","og_title":"hvorfor kollisjonen mellom to fallskjermer er s\u00e5 farlig - Nordnesrepublikken","og_description":"De to ekspertene fallskjermhoppere Ermes Zampa (70 \u00e5r gammel) e Violetta Laiketsion (63 \u00e5r) d\u00f8de","og_url":"https:\/\/nordnesrepublikken.no\/index.php\/2025\/12\/15\/hvorfor-kollisjonen-mellom-to-fallskjermer-er-sa-farlig\/","og_site_name":"Nordnesrepublikken","article_published_time":"2025-12-15T21:51:18+00:00","article_modified_time":"2025-12-15T21:51:19+00:00","og_image":[{"width":1376,"height":768,"url":"https:\/\/nordnesrepublikken.no\/wp-content\/uploads\/2025\/12\/1765835478_hvorfor-kollisjonen-mellom-to-fallskjermer-er-sa-farlig.jpg","type":"image\/jpeg"}],"author":"Ole Andersen","twitter_card":"summary_large_image","twitter_misc":{"Skrevet av":"Ole Andersen","Ansl. lesetid":"4 minutter"},"schema":{"@context":"https:\/\/schema.org","@graph":[{"@type":"Article","@id":"https:\/\/nordnesrepublikken.no\/index.php\/2025\/12\/15\/hvorfor-kollisjonen-mellom-to-fallskjermer-er-sa-farlig\/#article","isPartOf":{"@id":"https:\/\/nordnesrepublikken.no\/index.php\/2025\/12\/15\/hvorfor-kollisjonen-mellom-to-fallskjermer-er-sa-farlig\/"},"author":{"name":"Ole Andersen","@id":"https:\/\/nordnesrepublikken.no\/#\/schema\/person\/2e7e81935bab77882fffb79296240ff1"},"headline":"hvorfor kollisjonen mellom to fallskjermer er s\u00e5 farlig","datePublished":"2025-12-15T21:51:18+00:00","dateModified":"2025-12-15T21:51:19+00:00","mainEntityOfPage":{"@id":"https:\/\/nordnesrepublikken.no\/index.php\/2025\/12\/15\/hvorfor-kollisjonen-mellom-to-fallskjermer-er-sa-farlig\/"},"wordCount":854,"publisher":{"@id":"https:\/\/nordnesrepublikken.no\/#organization"},"image":{"@id":"https:\/\/nordnesrepublikken.no\/index.php\/2025\/12\/15\/hvorfor-kollisjonen-mellom-to-fallskjermer-er-sa-farlig\/#primaryimage"},"thumbnailUrl":"https:\/\/nordnesrepublikken.no\/wp-content\/uploads\/2025\/12\/1765835478_hvorfor-kollisjonen-mellom-to-fallskjermer-er-sa-farlig.jpg","keywords":["fallskjermer","farlig","hvorfor","kollisjonen","mellom","s\u00e5"],"articleSection":["Samfunn"],"inLanguage":"nb-NO"},{"@type":"WebPage","@id":"https:\/\/nordnesrepublikken.no\/index.php\/2025\/12\/15\/hvorfor-kollisjonen-mellom-to-fallskjermer-er-sa-farlig\/","url":"https:\/\/nordnesrepublikken.no\/index.php\/2025\/12\/15\/hvorfor-kollisjonen-mellom-to-fallskjermer-er-sa-farlig\/","name":"hvorfor kollisjonen mellom to fallskjermer er s\u00e5 farlig - Nordnesrepublikken","isPartOf":{"@id":"https:\/\/nordnesrepublikken.no\/#website"},"primaryImageOfPage":{"@id":"https:\/\/nordnesrepublikken.no\/index.php\/2025\/12\/15\/hvorfor-kollisjonen-mellom-to-fallskjermer-er-sa-farlig\/#primaryimage"},"image":{"@id":"https:\/\/nordnesrepublikken.no\/index.php\/2025\/12\/15\/hvorfor-kollisjonen-mellom-to-fallskjermer-er-sa-farlig\/#primaryimage"},"thumbnailUrl":"https:\/\/nordnesrepublikken.no\/wp-content\/uploads\/2025\/12\/1765835478_hvorfor-kollisjonen-mellom-to-fallskjermer-er-sa-farlig.jpg","datePublished":"2025-12-15T21:51:18+00:00","dateModified":"2025-12-15T21:51:19+00:00","breadcrumb":{"@id":"https:\/\/nordnesrepublikken.no\/index.php\/2025\/12\/15\/hvorfor-kollisjonen-mellom-to-fallskjermer-er-sa-farlig\/#breadcrumb"},"inLanguage":"nb-NO","potentialAction":[{"@type":"ReadAction","target":["https:\/\/nordnesrepublikken.no\/index.php\/2025\/12\/15\/hvorfor-kollisjonen-mellom-to-fallskjermer-er-sa-farlig\/"]}]},{"@type":"ImageObject","inLanguage":"nb-NO","@id":"https:\/\/nordnesrepublikken.no\/index.php\/2025\/12\/15\/hvorfor-kollisjonen-mellom-to-fallskjermer-er-sa-farlig\/#primaryimage","url":"https:\/\/nordnesrepublikken.no\/wp-content\/uploads\/2025\/12\/1765835478_hvorfor-kollisjonen-mellom-to-fallskjermer-er-sa-farlig.jpg","contentUrl":"https:\/\/nordnesrepublikken.no\/wp-content\/uploads\/2025\/12\/1765835478_hvorfor-kollisjonen-mellom-to-fallskjermer-er-sa-farlig.jpg","width":1376,"height":768,"caption":"hvorfor kollisjonen mellom to fallskjermer er s\u00e5 farlig"},{"@type":"BreadcrumbList","@id":"https:\/\/nordnesrepublikken.no\/index.php\/2025\/12\/15\/hvorfor-kollisjonen-mellom-to-fallskjermer-er-sa-farlig\/#breadcrumb","itemListElement":[{"@type":"ListItem","position":1,"name":"Home","item":"https:\/\/nordnesrepublikken.no\/"},{"@type":"ListItem","position":2,"name":"hvorfor kollisjonen mellom to fallskjermer er s\u00e5 farlig"}]},{"@type":"WebSite","@id":"https:\/\/nordnesrepublikken.no\/#website","url":"https:\/\/nordnesrepublikken.no\/","name":"Nordnesrepublikken","description":"Stemmer og Visjoner fra Republikkens Hjerte","publisher":{"@id":"https:\/\/nordnesrepublikken.no\/#organization"},"potentialAction":[{"@type":"SearchAction","target":{"@type":"EntryPoint","urlTemplate":"https:\/\/nordnesrepublikken.no\/?s={search_term_string}"},"query-input":{"@type":"PropertyValueSpecification","valueRequired":true,"valueName":"search_term_string"}}],"inLanguage":"nb-NO"},{"@type":"Organization","@id":"https:\/\/nordnesrepublikken.no\/#organization","name":"Nordnesrepublikken","url":"https:\/\/nordnesrepublikken.no\/","logo":{"@type":"ImageObject","inLanguage":"nb-NO","@id":"https:\/\/nordnesrepublikken.no\/#\/schema\/logo\/image\/","url":"https:\/\/nordnesrepublikken.no\/wp-content\/uploads\/2025\/02\/cropped-nordnesrepublikken-2.png","contentUrl":"https:\/\/nordnesrepublikken.no\/wp-content\/uploads\/2025\/02\/cropped-nordnesrepublikken-2.png","width":1248,"height":362,"caption":"Nordnesrepublikken"},"image":{"@id":"https:\/\/nordnesrepublikken.no\/#\/schema\/logo\/image\/"}},{"@type":"Person","@id":"https:\/\/nordnesrepublikken.no\/#\/schema\/person\/2e7e81935bab77882fffb79296240ff1","name":"Ole Andersen","image":{"@type":"ImageObject","inLanguage":"nb-NO","@id":"https:\/\/nordnesrepublikken.no\/#\/schema\/person\/image\/","url":"https:\/\/nordnesrepublikken.no\/wp-content\/uploads\/2025\/02\/nordnesrepublikken-2-2-150x150.jpg","contentUrl":"https:\/\/nordnesrepublikken.no\/wp-content\/uploads\/2025\/02\/nordnesrepublikken-2-2-150x150.jpg","caption":"Ole Andersen"},"description":"Ettersom jeg vokste opp i Oslo, har jeg alltid v\u00e6rt fascinert av ordenes kraft og deres evne til \u00e5 skape endringer. Etter \u00e5 ha fullf\u00f8rt min utdannelse i kommunikasjon ved Universitetet i Bergen, fikk jeg muligheten til \u00e5 jobbe innen ulike medier, der jeg har s\u00f8kt \u00e5 belyse viktige samfunnssp\u00f8rsm\u00e5l. I dag, som redakt\u00f8r for Nordnesrepublikken, pr\u00f8ver jeg \u00e5 forene min kj\u00e6rlighet for journalistikk med min lidenskap for innovasjon og eventyr.","sameAs":["https:\/\/nordnesrepublikken.no\/"]}]}},"_links":{"self":[{"href":"https:\/\/nordnesrepublikken.no\/index.php\/wp-json\/wp\/v2\/posts\/12839","targetHints":{"allow":["GET"]}}],"collection":[{"href":"https:\/\/nordnesrepublikken.no\/index.php\/wp-json\/wp\/v2\/posts"}],"about":[{"href":"https:\/\/nordnesrepublikken.no\/index.php\/wp-json\/wp\/v2\/types\/post"}],"author":[{"embeddable":true,"href":"https:\/\/nordnesrepublikken.no\/index.php\/wp-json\/wp\/v2\/users\/1"}],"replies":[{"embeddable":true,"href":"https:\/\/nordnesrepublikken.no\/index.php\/wp-json\/wp\/v2\/comments?post=12839"}],"version-history":[{"count":1,"href":"https:\/\/nordnesrepublikken.no\/index.php\/wp-json\/wp\/v2\/posts\/12839\/revisions"}],"predecessor-version":[{"id":12841,"href":"https:\/\/nordnesrepublikken.no\/index.php\/wp-json\/wp\/v2\/posts\/12839\/revisions\/12841"}],"wp:featuredmedia":[{"embeddable":true,"href":"https:\/\/nordnesrepublikken.no\/index.php\/wp-json\/wp\/v2\/media\/12840"}],"wp:attachment":[{"href":"https:\/\/nordnesrepublikken.no\/index.php\/wp-json\/wp\/v2\/media?parent=12839"}],"wp:term":[{"taxonomy":"category","embeddable":true,"href":"https:\/\/nordnesrepublikken.no\/index.php\/wp-json\/wp\/v2\/categories?post=12839"},{"taxonomy":"post_tag","embeddable":true,"href":"https:\/\/nordnesrepublikken.no\/index.php\/wp-json\/wp\/v2\/tags?post=12839"}],"curies":[{"name":"wp","href":"https:\/\/api.w.org\/{rel}","templated":true}]}}