{"id":12664,"date":"2025-12-11T00:52:03","date_gmt":"2025-12-10T23:52:03","guid":{"rendered":"https:\/\/nordnesrepublikken.no\/index.php\/2025\/12\/11\/kia-ev3-praktisk-i-en-saeregent-slaende-pakke\/"},"modified":"2025-12-11T00:52:05","modified_gmt":"2025-12-10T23:52:05","slug":"kia-ev3-praktisk-i-en-saeregent-slaende-pakke","status":"publish","type":"post","link":"https:\/\/nordnesrepublikken.no\/index.php\/2025\/12\/11\/kia-ev3-praktisk-i-en-saeregent-slaende-pakke\/","title":{"rendered":"Kia EV3 \u2013 praktisk i en s\u00e6regent sl\u00e5ende pakke"},"content":{"rendered":"<p><\/p>\n<div class=\"wordpress-content\">\n                    <!-- Article Start --><\/p>\n<p>Det er vanskelig \u00e5 tro at for litt over 10 \u00e5r siden lanserte Kia sin f\u00f8rste brukbare EV, Kia Soul hadde en rekkevidde p\u00e5 rundt 209 km\/130 miles og solgte kun et lite antall gjennom et begrenset antall Kia-forhandlere. Et ti\u00e5r senere og Kia er en av de fremste leverand\u00f8rene av elbiler, og tallet du ser p\u00e5 veiene beviser hvor popul\u00e6re de har blitt blant milj\u00f8vennlige bilister.<\/p>\n<p><span id=\"more-555407\"><\/span><\/p>\n<p>Den koreanske bilprodusentens stil har ogs\u00e5 blitt en av de mest karakteristiske p\u00e5 veien, og uansett hvilken side av marmitegjerdet du st\u00e5r, er de et velkomment syn blant et bilhav av lookalikes.<\/p>\n<div class=\"sra_unit\"><link rel=\"stylesheet\" id=\"block-sra\" href=\"https:\/\/euroweeklynews.com\/wp-content\/plugins\/snack-related-articles\/dist\/css\/snack-related.min.css?250312-193541\" type=\"text\/css\" media=\"all\">\n<\/div>\n<p>EV3 er uten tvil en av deres mer konvensjonelle modeller, selv om det fortsatt er elementer av Kias karakteristiske stylingpenn. Det er faktisk en erstatning for den nevnte Soul, og dens kubiske utseende skjuler et spesielt spektakul\u00e6rt interi\u00f8r.<\/p>\n<p>En modellserie med tre trimmer \u2013 Air, GT-Line og GT-Line S \u2013 gj\u00f8r ting enkelt, og det er et standardbatteri p\u00e5 58kwh og en versjon p\u00e5 81kwh med lengre rekkevidde. Standardpris for alle modeller inkluderer automatiske lys og vindusviskere, elektriske oppvarmede og sammenleggbare sidespeil, oppvarmede forseter og ratt, klimaanlegg og n\u00f8kkelfri adgang og start.<\/p>\n<p>Priset fra \u20ac37,518\/\u00a333,005, vil standardserien Air-modellen b\u00e6re deg rundt 270 miles, men i den virkelige verden kj\u00f8rer du sannsynligvis 320-350 km\/200-220 miles. Selv om noen klager p\u00e5 produsentens oppgitte rekkeviddestall med elbiler, er det egentlig ikke annerledes enn MPG-tallene med ICE-biler, det er ideell verdenstesting.<\/p>\n<p>Ytterligere \u20ac3410\/\u00a33000 gir deg den st\u00f8rre 81kwh Air-modellen som legger til sannsynligvis 100 ekstra miles til rekkevidden din og standardutstyr forblir uendret fra den innledende modellen. I tillegg til den vanlige bagasjerommet f\u00e5r du en mindre, men likevel nyttig &#8216;frunk&#8217; og passasjerer har det bra inne i EV3 med veldig grei plass og en fin luftig f\u00f8lelse i interi\u00f8ret.<\/p>\n<p>P\u00e5 veien er EV3 jevn, raffinert og takler de forferdelig d\u00e5rlige veibanene som ser ut til \u00e5 befolke det meste av landet ekstremt godt. Den vil aldri bli en ytelsesmaskin, men tilbyr fortsatt den umiddelbare akselerasjonen som er elsket av elbilf\u00f8rere. Den er ekstremt nyttig for \u00e5 nappe forbi trafikken som beveger seg sakte, der du i en ICE-bil ville tenke deg om to ganger f\u00f8r du fors\u00f8ker samme man\u00f8ver.<\/p>\n<p>Som du forventer av Kia er byggekvaliteten utmerket, og EV3 er sannsynligvis en av de mest praktiske og brukbare elbilene der ute for \u00f8yeblikket. Det finnes billigere elbiler, men EV3 tilbyr, med forbehold om lunhetene og kostnadene ved offentlig lading, et mer praktisk alternativ for lengre reiser.<\/p>\n<h2><strong><u>Fakta p\u00e5 et \u00f8yeblikk<\/u><\/strong><\/h2>\n<ul>\n<li><strong>Modell:<\/strong> Kia EV3 &#8216;Air&#8217; 81,4kwh FWD<\/li>\n<li><strong>Batteri:<\/strong> 81,4kwh Li-ion polymer batteri, permanent magnet synkronmotor 170kw<\/li>\n<li><strong>Gir:<\/strong> Automatisk<\/li>\n<li><strong>Pris:<\/strong> \u20ac40 928\/\u00a336 005<\/li>\n<li><strong>Ytelse:<\/strong> 0-100 km\/t\/62 mph 7,7 sekunder Maksimal hastighet 169 km\/t\/105 mph<\/li>\n<li><strong>\u00d8konomi:<\/strong> Kombinert rekkevidde 603 km\/375 miles<\/li>\n<li><strong>Utslipp:<\/strong> 0<\/li>\n<\/ul>\n<p><strong>Testet modell var spesifisert i Storbritannia og utstyrsniv\u00e5er og priser kan variere i andre markeder<\/strong><\/p>\n<p>                    <!-- Originally published at https:\/\/euroweeklynews.com\/2025\/12\/10\/kia-ev3-practicality-in-a-distinctively-striking-package\/ on 10 Dec 2025 at 16:01 by Mark Slack --><br \/>\n                    <!-- Article End -->\n                <\/div>\n","protected":false},"excerpt":{"rendered":"<p>Det er vanskelig \u00e5 tro at for litt over 10 \u00e5r siden lanserte Kia sin<\/p>\n","protected":false},"author":1,"featured_media":12665,"comment_status":"closed","ping_status":"open","sticky":false,"template":"","format":"standard","meta":{"footnotes":""},"categories":[105],"tags":[8333,6308,8336,4470,8334,8335],"class_list":["post-12664","post","type-post","status-publish","format-standard","has-post-thumbnail","hentry","category-livsstil","tag-ev3","tag-kia","tag-pakke","tag-praktisk","tag-saeregent","tag-slaende","generate-columns","tablet-grid-50","mobile-grid-100","grid-parent","grid-33","resize-featured-image"],"yoast_head":"<!-- This site is optimized with the Yoast SEO plugin v24.4 - https:\/\/yoast.com\/wordpress\/plugins\/seo\/ -->\n<title>Kia EV3 \u2013 praktisk i en s\u00e6regent sl\u00e5ende pakke - Nordnesrepublikken<\/title>\n<meta name=\"robots\" content=\"index, follow, max-snippet:-1, max-image-preview:large, max-video-preview:-1\" \/>\n<link rel=\"canonical\" href=\"https:\/\/nordnesrepublikken.no\/index.php\/2025\/12\/11\/kia-ev3-praktisk-i-en-saeregent-slaende-pakke\/\" \/>\n<meta property=\"og:locale\" content=\"nb_NO\" \/>\n<meta property=\"og:type\" content=\"article\" \/>\n<meta property=\"og:title\" content=\"Kia EV3 \u2013 praktisk i en s\u00e6regent sl\u00e5ende pakke - Nordnesrepublikken\" \/>\n<meta property=\"og:description\" content=\"Det er vanskelig \u00e5 tro at for litt over 10 \u00e5r siden lanserte Kia sin\" \/>\n<meta property=\"og:url\" content=\"https:\/\/nordnesrepublikken.no\/index.php\/2025\/12\/11\/kia-ev3-praktisk-i-en-saeregent-slaende-pakke\/\" \/>\n<meta property=\"og:site_name\" content=\"Nordnesrepublikken\" \/>\n<meta property=\"article:published_time\" content=\"2025-12-10T23:52:03+00:00\" \/>\n<meta property=\"article:modified_time\" content=\"2025-12-10T23:52:05+00:00\" \/>\n<meta property=\"og:image\" content=\"https:\/\/nordnesrepublikken.no\/wp-content\/uploads\/2025\/12\/1765410724_Kia-EV3-\u2013-praktisk-i-en-saeregent-slaende-pakke.jpg\" \/>\n\t<meta property=\"og:image:width\" content=\"1200\" \/>\n\t<meta property=\"og:image:height\" content=\"799\" \/>\n\t<meta property=\"og:image:type\" content=\"image\/jpeg\" \/>\n<meta name=\"author\" content=\"Ole Andersen\" \/>\n<meta name=\"twitter:card\" content=\"summary_large_image\" \/>\n<meta name=\"twitter:label1\" content=\"Skrevet av\" \/>\n\t<meta name=\"twitter:data1\" content=\"Ole Andersen\" \/>\n\t<meta name=\"twitter:label2\" content=\"Ansl. lesetid\" \/>\n\t<meta name=\"twitter:data2\" content=\"2 minutter\" \/>\n<script type=\"application\/ld+json\" class=\"yoast-schema-graph\">{\"@context\":\"https:\/\/schema.org\",\"@graph\":[{\"@type\":\"Article\",\"@id\":\"https:\/\/nordnesrepublikken.no\/index.php\/2025\/12\/11\/kia-ev3-praktisk-i-en-saeregent-slaende-pakke\/#article\",\"isPartOf\":{\"@id\":\"https:\/\/nordnesrepublikken.no\/index.php\/2025\/12\/11\/kia-ev3-praktisk-i-en-saeregent-slaende-pakke\/\"},\"author\":{\"name\":\"Ole Andersen\",\"@id\":\"https:\/\/nordnesrepublikken.no\/#\/schema\/person\/2e7e81935bab77882fffb79296240ff1\"},\"headline\":\"Kia EV3 \u2013 praktisk i en s\u00e6regent sl\u00e5ende pakke\",\"datePublished\":\"2025-12-10T23:52:03+00:00\",\"dateModified\":\"2025-12-10T23:52:05+00:00\",\"mainEntityOfPage\":{\"@id\":\"https:\/\/nordnesrepublikken.no\/index.php\/2025\/12\/11\/kia-ev3-praktisk-i-en-saeregent-slaende-pakke\/\"},\"wordCount\":488,\"publisher\":{\"@id\":\"https:\/\/nordnesrepublikken.no\/#organization\"},\"image\":{\"@id\":\"https:\/\/nordnesrepublikken.no\/index.php\/2025\/12\/11\/kia-ev3-praktisk-i-en-saeregent-slaende-pakke\/#primaryimage\"},\"thumbnailUrl\":\"https:\/\/nordnesrepublikken.no\/wp-content\/uploads\/2025\/12\/1765410724_Kia-EV3-\u2013-praktisk-i-en-saeregent-slaende-pakke.jpg\",\"keywords\":[\"EV3\",\"Kia\",\"pakke\",\"praktisk\",\"s\u00e6regent\",\"sl\u00e5ende\"],\"articleSection\":[\"Livsstil\"],\"inLanguage\":\"nb-NO\"},{\"@type\":\"WebPage\",\"@id\":\"https:\/\/nordnesrepublikken.no\/index.php\/2025\/12\/11\/kia-ev3-praktisk-i-en-saeregent-slaende-pakke\/\",\"url\":\"https:\/\/nordnesrepublikken.no\/index.php\/2025\/12\/11\/kia-ev3-praktisk-i-en-saeregent-slaende-pakke\/\",\"name\":\"Kia EV3 \u2013 praktisk i en s\u00e6regent sl\u00e5ende pakke - Nordnesrepublikken\",\"isPartOf\":{\"@id\":\"https:\/\/nordnesrepublikken.no\/#website\"},\"primaryImageOfPage\":{\"@id\":\"https:\/\/nordnesrepublikken.no\/index.php\/2025\/12\/11\/kia-ev3-praktisk-i-en-saeregent-slaende-pakke\/#primaryimage\"},\"image\":{\"@id\":\"https:\/\/nordnesrepublikken.no\/index.php\/2025\/12\/11\/kia-ev3-praktisk-i-en-saeregent-slaende-pakke\/#primaryimage\"},\"thumbnailUrl\":\"https:\/\/nordnesrepublikken.no\/wp-content\/uploads\/2025\/12\/1765410724_Kia-EV3-\u2013-praktisk-i-en-saeregent-slaende-pakke.jpg\",\"datePublished\":\"2025-12-10T23:52:03+00:00\",\"dateModified\":\"2025-12-10T23:52:05+00:00\",\"breadcrumb\":{\"@id\":\"https:\/\/nordnesrepublikken.no\/index.php\/2025\/12\/11\/kia-ev3-praktisk-i-en-saeregent-slaende-pakke\/#breadcrumb\"},\"inLanguage\":\"nb-NO\",\"potentialAction\":[{\"@type\":\"ReadAction\",\"target\":[\"https:\/\/nordnesrepublikken.no\/index.php\/2025\/12\/11\/kia-ev3-praktisk-i-en-saeregent-slaende-pakke\/\"]}]},{\"@type\":\"ImageObject\",\"inLanguage\":\"nb-NO\",\"@id\":\"https:\/\/nordnesrepublikken.no\/index.php\/2025\/12\/11\/kia-ev3-praktisk-i-en-saeregent-slaende-pakke\/#primaryimage\",\"url\":\"https:\/\/nordnesrepublikken.no\/wp-content\/uploads\/2025\/12\/1765410724_Kia-EV3-\u2013-praktisk-i-en-saeregent-slaende-pakke.jpg\",\"contentUrl\":\"https:\/\/nordnesrepublikken.no\/wp-content\/uploads\/2025\/12\/1765410724_Kia-EV3-\u2013-praktisk-i-en-saeregent-slaende-pakke.jpg\",\"width\":1200,\"height\":799,\"caption\":\"Kia EV3 \u2013 praktisk i en s\u00e6regent sl\u00e5ende pakke\"},{\"@type\":\"BreadcrumbList\",\"@id\":\"https:\/\/nordnesrepublikken.no\/index.php\/2025\/12\/11\/kia-ev3-praktisk-i-en-saeregent-slaende-pakke\/#breadcrumb\",\"itemListElement\":[{\"@type\":\"ListItem\",\"position\":1,\"name\":\"Home\",\"item\":\"https:\/\/nordnesrepublikken.no\/\"},{\"@type\":\"ListItem\",\"position\":2,\"name\":\"Kia EV3 \u2013 praktisk i en s\u00e6regent sl\u00e5ende pakke\"}]},{\"@type\":\"WebSite\",\"@id\":\"https:\/\/nordnesrepublikken.no\/#website\",\"url\":\"https:\/\/nordnesrepublikken.no\/\",\"name\":\"Nordnesrepublikken\",\"description\":\"Stemmer og Visjoner fra Republikkens Hjerte\",\"publisher\":{\"@id\":\"https:\/\/nordnesrepublikken.no\/#organization\"},\"potentialAction\":[{\"@type\":\"SearchAction\",\"target\":{\"@type\":\"EntryPoint\",\"urlTemplate\":\"https:\/\/nordnesrepublikken.no\/?s={search_term_string}\"},\"query-input\":{\"@type\":\"PropertyValueSpecification\",\"valueRequired\":true,\"valueName\":\"search_term_string\"}}],\"inLanguage\":\"nb-NO\"},{\"@type\":\"Organization\",\"@id\":\"https:\/\/nordnesrepublikken.no\/#organization\",\"name\":\"Nordnesrepublikken\",\"url\":\"https:\/\/nordnesrepublikken.no\/\",\"logo\":{\"@type\":\"ImageObject\",\"inLanguage\":\"nb-NO\",\"@id\":\"https:\/\/nordnesrepublikken.no\/#\/schema\/logo\/image\/\",\"url\":\"https:\/\/nordnesrepublikken.no\/wp-content\/uploads\/2025\/02\/cropped-nordnesrepublikken-2.png\",\"contentUrl\":\"https:\/\/nordnesrepublikken.no\/wp-content\/uploads\/2025\/02\/cropped-nordnesrepublikken-2.png\",\"width\":1248,\"height\":362,\"caption\":\"Nordnesrepublikken\"},\"image\":{\"@id\":\"https:\/\/nordnesrepublikken.no\/#\/schema\/logo\/image\/\"}},{\"@type\":\"Person\",\"@id\":\"https:\/\/nordnesrepublikken.no\/#\/schema\/person\/2e7e81935bab77882fffb79296240ff1\",\"name\":\"Ole Andersen\",\"image\":{\"@type\":\"ImageObject\",\"inLanguage\":\"nb-NO\",\"@id\":\"https:\/\/nordnesrepublikken.no\/#\/schema\/person\/image\/\",\"url\":\"https:\/\/nordnesrepublikken.no\/wp-content\/uploads\/2025\/02\/nordnesrepublikken-2-2-150x150.jpg\",\"contentUrl\":\"https:\/\/nordnesrepublikken.no\/wp-content\/uploads\/2025\/02\/nordnesrepublikken-2-2-150x150.jpg\",\"caption\":\"Ole Andersen\"},\"description\":\"Ettersom jeg vokste opp i Oslo, har jeg alltid v\u00e6rt fascinert av ordenes kraft og deres evne til \u00e5 skape endringer. Etter \u00e5 ha fullf\u00f8rt min utdannelse i kommunikasjon ved Universitetet i Bergen, fikk jeg muligheten til \u00e5 jobbe innen ulike medier, der jeg har s\u00f8kt \u00e5 belyse viktige samfunnssp\u00f8rsm\u00e5l. I dag, som redakt\u00f8r for Nordnesrepublikken, pr\u00f8ver jeg \u00e5 forene min kj\u00e6rlighet for journalistikk med min lidenskap for innovasjon og eventyr.\",\"sameAs\":[\"https:\/\/nordnesrepublikken.no\/\"]}]}<\/script>\n<!-- \/ Yoast SEO plugin. -->","yoast_head_json":{"title":"Kia EV3 \u2013 praktisk i en s\u00e6regent sl\u00e5ende pakke - Nordnesrepublikken","robots":{"index":"index","follow":"follow","max-snippet":"max-snippet:-1","max-image-preview":"max-image-preview:large","max-video-preview":"max-video-preview:-1"},"canonical":"https:\/\/nordnesrepublikken.no\/index.php\/2025\/12\/11\/kia-ev3-praktisk-i-en-saeregent-slaende-pakke\/","og_locale":"nb_NO","og_type":"article","og_title":"Kia EV3 \u2013 praktisk i en s\u00e6regent sl\u00e5ende pakke - Nordnesrepublikken","og_description":"Det er vanskelig \u00e5 tro at for litt over 10 \u00e5r siden lanserte Kia sin","og_url":"https:\/\/nordnesrepublikken.no\/index.php\/2025\/12\/11\/kia-ev3-praktisk-i-en-saeregent-slaende-pakke\/","og_site_name":"Nordnesrepublikken","article_published_time":"2025-12-10T23:52:03+00:00","article_modified_time":"2025-12-10T23:52:05+00:00","og_image":[{"width":1200,"height":799,"url":"https:\/\/nordnesrepublikken.no\/wp-content\/uploads\/2025\/12\/1765410724_Kia-EV3-\u2013-praktisk-i-en-saeregent-slaende-pakke.jpg","type":"image\/jpeg"}],"author":"Ole Andersen","twitter_card":"summary_large_image","twitter_misc":{"Skrevet av":"Ole Andersen","Ansl. lesetid":"2 minutter"},"schema":{"@context":"https:\/\/schema.org","@graph":[{"@type":"Article","@id":"https:\/\/nordnesrepublikken.no\/index.php\/2025\/12\/11\/kia-ev3-praktisk-i-en-saeregent-slaende-pakke\/#article","isPartOf":{"@id":"https:\/\/nordnesrepublikken.no\/index.php\/2025\/12\/11\/kia-ev3-praktisk-i-en-saeregent-slaende-pakke\/"},"author":{"name":"Ole Andersen","@id":"https:\/\/nordnesrepublikken.no\/#\/schema\/person\/2e7e81935bab77882fffb79296240ff1"},"headline":"Kia EV3 \u2013 praktisk i en s\u00e6regent sl\u00e5ende pakke","datePublished":"2025-12-10T23:52:03+00:00","dateModified":"2025-12-10T23:52:05+00:00","mainEntityOfPage":{"@id":"https:\/\/nordnesrepublikken.no\/index.php\/2025\/12\/11\/kia-ev3-praktisk-i-en-saeregent-slaende-pakke\/"},"wordCount":488,"publisher":{"@id":"https:\/\/nordnesrepublikken.no\/#organization"},"image":{"@id":"https:\/\/nordnesrepublikken.no\/index.php\/2025\/12\/11\/kia-ev3-praktisk-i-en-saeregent-slaende-pakke\/#primaryimage"},"thumbnailUrl":"https:\/\/nordnesrepublikken.no\/wp-content\/uploads\/2025\/12\/1765410724_Kia-EV3-\u2013-praktisk-i-en-saeregent-slaende-pakke.jpg","keywords":["EV3","Kia","pakke","praktisk","s\u00e6regent","sl\u00e5ende"],"articleSection":["Livsstil"],"inLanguage":"nb-NO"},{"@type":"WebPage","@id":"https:\/\/nordnesrepublikken.no\/index.php\/2025\/12\/11\/kia-ev3-praktisk-i-en-saeregent-slaende-pakke\/","url":"https:\/\/nordnesrepublikken.no\/index.php\/2025\/12\/11\/kia-ev3-praktisk-i-en-saeregent-slaende-pakke\/","name":"Kia EV3 \u2013 praktisk i en s\u00e6regent sl\u00e5ende pakke - Nordnesrepublikken","isPartOf":{"@id":"https:\/\/nordnesrepublikken.no\/#website"},"primaryImageOfPage":{"@id":"https:\/\/nordnesrepublikken.no\/index.php\/2025\/12\/11\/kia-ev3-praktisk-i-en-saeregent-slaende-pakke\/#primaryimage"},"image":{"@id":"https:\/\/nordnesrepublikken.no\/index.php\/2025\/12\/11\/kia-ev3-praktisk-i-en-saeregent-slaende-pakke\/#primaryimage"},"thumbnailUrl":"https:\/\/nordnesrepublikken.no\/wp-content\/uploads\/2025\/12\/1765410724_Kia-EV3-\u2013-praktisk-i-en-saeregent-slaende-pakke.jpg","datePublished":"2025-12-10T23:52:03+00:00","dateModified":"2025-12-10T23:52:05+00:00","breadcrumb":{"@id":"https:\/\/nordnesrepublikken.no\/index.php\/2025\/12\/11\/kia-ev3-praktisk-i-en-saeregent-slaende-pakke\/#breadcrumb"},"inLanguage":"nb-NO","potentialAction":[{"@type":"ReadAction","target":["https:\/\/nordnesrepublikken.no\/index.php\/2025\/12\/11\/kia-ev3-praktisk-i-en-saeregent-slaende-pakke\/"]}]},{"@type":"ImageObject","inLanguage":"nb-NO","@id":"https:\/\/nordnesrepublikken.no\/index.php\/2025\/12\/11\/kia-ev3-praktisk-i-en-saeregent-slaende-pakke\/#primaryimage","url":"https:\/\/nordnesrepublikken.no\/wp-content\/uploads\/2025\/12\/1765410724_Kia-EV3-\u2013-praktisk-i-en-saeregent-slaende-pakke.jpg","contentUrl":"https:\/\/nordnesrepublikken.no\/wp-content\/uploads\/2025\/12\/1765410724_Kia-EV3-\u2013-praktisk-i-en-saeregent-slaende-pakke.jpg","width":1200,"height":799,"caption":"Kia EV3 \u2013 praktisk i en s\u00e6regent sl\u00e5ende pakke"},{"@type":"BreadcrumbList","@id":"https:\/\/nordnesrepublikken.no\/index.php\/2025\/12\/11\/kia-ev3-praktisk-i-en-saeregent-slaende-pakke\/#breadcrumb","itemListElement":[{"@type":"ListItem","position":1,"name":"Home","item":"https:\/\/nordnesrepublikken.no\/"},{"@type":"ListItem","position":2,"name":"Kia EV3 \u2013 praktisk i en s\u00e6regent sl\u00e5ende pakke"}]},{"@type":"WebSite","@id":"https:\/\/nordnesrepublikken.no\/#website","url":"https:\/\/nordnesrepublikken.no\/","name":"Nordnesrepublikken","description":"Stemmer og Visjoner fra Republikkens Hjerte","publisher":{"@id":"https:\/\/nordnesrepublikken.no\/#organization"},"potentialAction":[{"@type":"SearchAction","target":{"@type":"EntryPoint","urlTemplate":"https:\/\/nordnesrepublikken.no\/?s={search_term_string}"},"query-input":{"@type":"PropertyValueSpecification","valueRequired":true,"valueName":"search_term_string"}}],"inLanguage":"nb-NO"},{"@type":"Organization","@id":"https:\/\/nordnesrepublikken.no\/#organization","name":"Nordnesrepublikken","url":"https:\/\/nordnesrepublikken.no\/","logo":{"@type":"ImageObject","inLanguage":"nb-NO","@id":"https:\/\/nordnesrepublikken.no\/#\/schema\/logo\/image\/","url":"https:\/\/nordnesrepublikken.no\/wp-content\/uploads\/2025\/02\/cropped-nordnesrepublikken-2.png","contentUrl":"https:\/\/nordnesrepublikken.no\/wp-content\/uploads\/2025\/02\/cropped-nordnesrepublikken-2.png","width":1248,"height":362,"caption":"Nordnesrepublikken"},"image":{"@id":"https:\/\/nordnesrepublikken.no\/#\/schema\/logo\/image\/"}},{"@type":"Person","@id":"https:\/\/nordnesrepublikken.no\/#\/schema\/person\/2e7e81935bab77882fffb79296240ff1","name":"Ole Andersen","image":{"@type":"ImageObject","inLanguage":"nb-NO","@id":"https:\/\/nordnesrepublikken.no\/#\/schema\/person\/image\/","url":"https:\/\/nordnesrepublikken.no\/wp-content\/uploads\/2025\/02\/nordnesrepublikken-2-2-150x150.jpg","contentUrl":"https:\/\/nordnesrepublikken.no\/wp-content\/uploads\/2025\/02\/nordnesrepublikken-2-2-150x150.jpg","caption":"Ole Andersen"},"description":"Ettersom jeg vokste opp i Oslo, har jeg alltid v\u00e6rt fascinert av ordenes kraft og deres evne til \u00e5 skape endringer. Etter \u00e5 ha fullf\u00f8rt min utdannelse i kommunikasjon ved Universitetet i Bergen, fikk jeg muligheten til \u00e5 jobbe innen ulike medier, der jeg har s\u00f8kt \u00e5 belyse viktige samfunnssp\u00f8rsm\u00e5l. I dag, som redakt\u00f8r for Nordnesrepublikken, pr\u00f8ver jeg \u00e5 forene min kj\u00e6rlighet for journalistikk med min lidenskap for innovasjon og eventyr.","sameAs":["https:\/\/nordnesrepublikken.no\/"]}]}},"_links":{"self":[{"href":"https:\/\/nordnesrepublikken.no\/index.php\/wp-json\/wp\/v2\/posts\/12664","targetHints":{"allow":["GET"]}}],"collection":[{"href":"https:\/\/nordnesrepublikken.no\/index.php\/wp-json\/wp\/v2\/posts"}],"about":[{"href":"https:\/\/nordnesrepublikken.no\/index.php\/wp-json\/wp\/v2\/types\/post"}],"author":[{"embeddable":true,"href":"https:\/\/nordnesrepublikken.no\/index.php\/wp-json\/wp\/v2\/users\/1"}],"replies":[{"embeddable":true,"href":"https:\/\/nordnesrepublikken.no\/index.php\/wp-json\/wp\/v2\/comments?post=12664"}],"version-history":[{"count":1,"href":"https:\/\/nordnesrepublikken.no\/index.php\/wp-json\/wp\/v2\/posts\/12664\/revisions"}],"predecessor-version":[{"id":12666,"href":"https:\/\/nordnesrepublikken.no\/index.php\/wp-json\/wp\/v2\/posts\/12664\/revisions\/12666"}],"wp:featuredmedia":[{"embeddable":true,"href":"https:\/\/nordnesrepublikken.no\/index.php\/wp-json\/wp\/v2\/media\/12665"}],"wp:attachment":[{"href":"https:\/\/nordnesrepublikken.no\/index.php\/wp-json\/wp\/v2\/media?parent=12664"}],"wp:term":[{"taxonomy":"category","embeddable":true,"href":"https:\/\/nordnesrepublikken.no\/index.php\/wp-json\/wp\/v2\/categories?post=12664"},{"taxonomy":"post_tag","embeddable":true,"href":"https:\/\/nordnesrepublikken.no\/index.php\/wp-json\/wp\/v2\/tags?post=12664"}],"curies":[{"name":"wp","href":"https:\/\/api.w.org\/{rel}","templated":true}]}}