{"id":12658,"date":"2025-12-10T18:50:43","date_gmt":"2025-12-10T17:50:43","guid":{"rendered":"https:\/\/nordnesrepublikken.no\/index.php\/2025\/12\/10\/australia-forbyr-sosiale-medier-for-personer-under-16-ar-det-er-det-forste-landet-i-verden-grunner-og-tvil\/"},"modified":"2025-12-10T18:50:45","modified_gmt":"2025-12-10T17:50:45","slug":"australia-forbyr-sosiale-medier-for-personer-under-16-ar-det-er-det-forste-landet-i-verden-grunner-og-tvil","status":"publish","type":"post","link":"https:\/\/nordnesrepublikken.no\/index.php\/2025\/12\/10\/australia-forbyr-sosiale-medier-for-personer-under-16-ar-det-er-det-forste-landet-i-verden-grunner-og-tvil\/","title":{"rendered":"Australia forbyr sosiale medier for personer under 16 \u00e5r, det er det f\u00f8rste landet i verden: grunner og tvil"},"content":{"rendered":"<div>\n<div class=\"cp_wrapper cp_wrapper--fw mb-30 mb-20@tablet\">\n<figure class=\"mm\"><picture class=\"img\" style=\"padding-top:56.25%\"><source  media=\"(min-width: 1024px)\"><source  media=\"(min-width: 768px)\"><\/source><\/source><\/picture><\/figure>\n<\/p><\/div>\n<p><strong>I Australia er det ulovlig \u00e5 bruke sosiale nettverk for alle under 16 \u00e5r<\/strong>. Det er det f\u00f8rste &laquo;forbudet&raquo; av denne typen i verden: en enest\u00e5ende beslutning n\u00f8ye observert av regjeringer og regulatorer rundt om i verden, som noen ten\u00e5ringer allerede har tydd til. M\u00e5let med loven, som tr\u00e5dte i kraft i dag, <strong>Onsdag 10. desember 2025<\/strong>har som m\u00e5l \u00e5 redusere eksponeringen for skadelig innhold blant unge mennesker. Canberra-regjeringen uttaler faktisk at den \u00f8nsker \u00e5 dempe den negative effekten av \u00ab<em>designfunksjoner for sosiale medier som oppmuntrer (unge mennesker) til \u00e5 bruke mer tid foran skjermer, samtidig som de gir innhold som kan skade deres helse og velv\u00e6re<\/em>\u00bb. I denne studien vil vi analysere dem n\u00e6rmere <strong>motivasjoner<\/strong> bak lovgivningen, som ikke straffer mindre\u00e5rige, men legger byrden med \u00e5 verifisere brukernes alder p\u00e5 plattformene. Vi f\u00e5r ogs\u00e5 se hva de viktigste er <strong>tvil om gjennomf\u00f8rbarheten av tingen<\/strong>for eksempel de som er knyttet til personvernrisiko, muligheten for \u00e5 unndra kontroller via VPN eller falske kontoer og den begrensede dekningen av tiltaket.<\/p>\n<h2>Fordi Australia har forbudt sosiale medier for barn under 16 \u00e5r<\/h2>\n<p>For \u00e5 forst\u00e5 <strong>\u00e5rsaker bak loven i Australia som forbyr bruk av sosiale medier av under 16 \u00e5r<\/strong>nevner vi en studie av <em>Age Assurance Technology Trial<\/em> igangsatt tidlig i 2025 i henhold til dette <strong>96 % av unge mellom 10 og 15 \u00e5r<\/strong> brukte sosiale medier og at 7 av 10 av dem hadde blitt utsatt for skadelig innhold, inkludert kvinnefiendtlig, voldelig innhold, innhold som fremmer spiseforstyrrelser og til og med selvmord. I 1 av 7 tilfeller ble farlige situasjoner avsl\u00f8rt, for eksempel oppfordring fra voksne, og minst 5 av 10 brukere blant de som deltok i studien var ofre for nettmobbing.<\/p>\n<p>Stilt overfor et s\u00e5 bekymringsfullt bilde har den ut\u00f8vende myndigheten innf\u00f8rt en minstealdersgrense som teknisk sett ikke representerer et forbud for mindre\u00e5rige, gitt at det ikke gir sanksjoner for dem eller deres foreldre: snarere er det en <strong>forpliktelse p\u00e5lagt plattformer<\/strong> som tilbyr disse nettbaserte tjenestene for \u00e5 ta realistiske tiltak for \u00e5 holde under 16 \u00e5r utenfor \u00f8kosystemene sine. N\u00e5r det gjelder sistnevnte faller alle de som oppfyller tre betingelser inn under bestemmelsens virkeomr\u00e5de:<\/p>\n<ol>\n<li>Tillate <strong>sosiale interaksjoner<\/strong> mellom brukere.<\/li>\n<li>Tillate <strong>forbindelser eller gjensidig synlighet<\/strong>.<\/li>\n<li>Tilby muligheten for <strong>publisere innhold<\/strong>.<\/li>\n<\/ol>\n<p>Dette er <strong>liste over plattformer identifisert som ubrukelige sosiale nettverk<\/strong> fra under 16 \u00e5r av <strong>eSafety Commissioner<\/strong>det uavhengige australske myndighetsorganet som er ansvarlig for \u00e5 regulere nettsikkerhet:<\/p>\n<p>Tjenester som ikke prim\u00e6rt er basert p\u00e5 sosialitet er ekskludert (for eksempel YouTube Kids, Google Classroom eller \u00abrene\u00bb meldingsapper), men ogs\u00e5 noen tydelig sosiale plattformer, som LinkedIn (sistnevnte ekskludert, mest sannsynlig, p\u00e5 grunn av at det hovedsakelig brukes av fagfolk og arbeidere generelt). Det m\u00e5 imidlertid ogs\u00e5 sies at hybridplattformer, de som kombinerer meldingstjenester og sosiale funksjoner (se WhatsApp og Telegram) lett kan falle innenfor definisjonen av \u00absosialt nettverk\u00bb gitt at de har funksjoner som lener mot sistnevnte retning (som staten). Deres frav\u00e6r fra den australske regjeringens \u00absvarteliste\u00bb kan skape en tolkningsgrense som ikke alltid er klar og helt sammenhengende.<\/p>\n<h2>Tviler p\u00e5 gjennomf\u00f8rbarheten av det australske \u00abforbudet mot sosiale medier\u00bb.<\/h2>\n<p>De store involverte teknologiselskapene har \u00f8nsket den australske loven velkommen <strong>med en viss fiendtlighet<\/strong>. Noen, liker <strong>YouTube<\/strong>hevder at de ikke er ekte \u00absosiale nettverk\u00bb og sier at forskriften kan presse unge mennesker mot uoverv\u00e5kede bruksmetoder, for eksempel ved \u00e5 logge inn uten konto og dermed miste sikkerhetsfiltre. Andre liker <strong>Halv<\/strong>har satt i gang prosesser for \u00e5 deaktivere ten\u00e5ringskontoer, samtidig som de erkjenner at hele \u00f8kosystemet kan vise seg \u00e5 v\u00e6re inkonsekvent: barn kan migrere til andre tjenester som for \u00f8yeblikket ikke er under Canberra-regjeringens linse, eller opprette kontoer via VPN-er og alternative identiteter.<\/p>\n<p>Den viktigste kritikken gjelder imidlertid <strong>privatliv<\/strong>: \u00c5 h\u00e5ndheve aldersgrensen krever effektivt enorme mengder data, inkludert <strong>identitetsdokumenter og biometrisk informasjon<\/strong>og i et land som har lidd av store cybersikkerhetsbrudd de siste \u00e5rene er temaet ganske f\u00f8lsomt. Regjeringen, for \u00e5 forsvare sin posisjon, argumenterer for at all informasjon som samles inn for aldersverifiseringsform\u00e5l, m\u00e5 destrueres etter verifisering, med strenge straffer for misbruk.<\/p>\n<p>Fortsatt p\u00e5 temaet sanksjoner har de blitt tatt opp <strong>tvil om den reelle nytten av de som er p\u00e5f\u00f8rt plattformene<\/strong> i tilfelle manglende overholdelse. Den tidligere Facebook-sjefen, <strong>Stephen Scheeler<\/strong>uttalte at \u00ab<em>Det tar Meta omtrent \u00e9n time og 52 minutter \u00e5 oppn\u00e5 salg p\u00e5 50 millioner dollar<\/em>\u00bb. I kraft av dette er det som kan virke avskrekkende \u00e5 id\u00f8mme maksimumsstraffen (<strong>49,5 millioner australske dollar<\/strong>tilsvarende ca. 28,2 millioner euro) til en slik gigant?<\/p>\n<p>Til slutt gjenst\u00e5r det <strong>kjernen av tiltakets reelle effektivitet<\/strong>. Kritikere mener at en tiln\u00e6rming basert utelukkende p\u00e5 \u00e5 begrense tilgangen er utilstrekkelig til \u00e5 redusere risiko, og at mer robuste utdanningsprogrammer vil ha st\u00f8rre innvirkning p\u00e5 lang sikt.<\/p>\n<p>Uansett vil det v\u00e6re interessant \u00e5 se hvordan tiln\u00e6rmingen som brukes av Australia kan p\u00e5virke andre land. Bare for \u00e5 nevne et par <strong>Danmark<\/strong> kunngjorde sin intensjon om \u00e5 forby sosiale medier for de under 15 og ogs\u00e5 <strong>Norge<\/strong> vurderer en lignende l\u00f8sning. Vi f\u00e5r se.<\/p>\n<\/p><\/div>\n","protected":false},"excerpt":{"rendered":"<p>I Australia er det ulovlig \u00e5 bruke sosiale nettverk for alle under 16 \u00e5r. Det<\/p>\n","protected":false},"author":1,"featured_media":12659,"comment_status":"closed","ping_status":"open","sticky":false,"template":"","format":"standard","meta":{"footnotes":""},"categories":[104],"tags":[595,3917,66,3785,67,569,3027,2980,4201,2979,3488,598],"class_list":["post-12658","post","type-post","status-publish","format-standard","has-post-thumbnail","hentry","category-samfunn","tag-ar","tag-australia","tag-det","tag-forbyr","tag-forste","tag-grunner","tag-landet","tag-medier","tag-personer","tag-sosiale","tag-tvil","tag-verden","generate-columns","tablet-grid-50","mobile-grid-100","grid-parent","grid-33","resize-featured-image"],"yoast_head":"<!-- This site is optimized with the Yoast SEO plugin v24.4 - https:\/\/yoast.com\/wordpress\/plugins\/seo\/ -->\n<title>Australia forbyr sosiale medier for personer under 16 \u00e5r, det er det f\u00f8rste landet i verden: grunner og tvil - Nordnesrepublikken<\/title>\n<meta name=\"robots\" content=\"index, follow, max-snippet:-1, max-image-preview:large, max-video-preview:-1\" \/>\n<link rel=\"canonical\" href=\"https:\/\/nordnesrepublikken.no\/index.php\/2025\/12\/10\/australia-forbyr-sosiale-medier-for-personer-under-16-ar-det-er-det-forste-landet-i-verden-grunner-og-tvil\/\" \/>\n<meta property=\"og:locale\" content=\"nb_NO\" \/>\n<meta property=\"og:type\" content=\"article\" \/>\n<meta property=\"og:title\" content=\"Australia forbyr sosiale medier for personer under 16 \u00e5r, det er det f\u00f8rste landet i verden: grunner og tvil - Nordnesrepublikken\" \/>\n<meta property=\"og:description\" content=\"I Australia er det ulovlig \u00e5 bruke sosiale nettverk for alle under 16 \u00e5r. Det\" \/>\n<meta property=\"og:url\" content=\"https:\/\/nordnesrepublikken.no\/index.php\/2025\/12\/10\/australia-forbyr-sosiale-medier-for-personer-under-16-ar-det-er-det-forste-landet-i-verden-grunner-og-tvil\/\" \/>\n<meta property=\"og:site_name\" content=\"Nordnesrepublikken\" \/>\n<meta property=\"article:published_time\" content=\"2025-12-10T17:50:43+00:00\" \/>\n<meta property=\"article:modified_time\" content=\"2025-12-10T17:50:45+00:00\" \/>\n<meta property=\"og:image\" content=\"https:\/\/nordnesrepublikken.no\/wp-content\/uploads\/2025\/12\/1765389044_Australia-forbyr-sosiale-medier-for-personer-under-16-ar-det.jpg\" \/>\n\t<meta property=\"og:image:width\" content=\"1228\" \/>\n\t<meta property=\"og:image:height\" content=\"854\" \/>\n\t<meta property=\"og:image:type\" content=\"image\/jpeg\" \/>\n<meta name=\"author\" content=\"Ole Andersen\" \/>\n<meta name=\"twitter:card\" content=\"summary_large_image\" \/>\n<meta name=\"twitter:label1\" content=\"Skrevet av\" \/>\n\t<meta name=\"twitter:data1\" content=\"Ole Andersen\" \/>\n\t<meta name=\"twitter:label2\" content=\"Ansl. lesetid\" \/>\n\t<meta name=\"twitter:data2\" content=\"4 minutter\" \/>\n<script type=\"application\/ld+json\" class=\"yoast-schema-graph\">{\"@context\":\"https:\/\/schema.org\",\"@graph\":[{\"@type\":\"Article\",\"@id\":\"https:\/\/nordnesrepublikken.no\/index.php\/2025\/12\/10\/australia-forbyr-sosiale-medier-for-personer-under-16-ar-det-er-det-forste-landet-i-verden-grunner-og-tvil\/#article\",\"isPartOf\":{\"@id\":\"https:\/\/nordnesrepublikken.no\/index.php\/2025\/12\/10\/australia-forbyr-sosiale-medier-for-personer-under-16-ar-det-er-det-forste-landet-i-verden-grunner-og-tvil\/\"},\"author\":{\"name\":\"Ole Andersen\",\"@id\":\"https:\/\/nordnesrepublikken.no\/#\/schema\/person\/2e7e81935bab77882fffb79296240ff1\"},\"headline\":\"Australia forbyr sosiale medier for personer under 16 \u00e5r, det er det f\u00f8rste landet i verden: grunner og tvil\",\"datePublished\":\"2025-12-10T17:50:43+00:00\",\"dateModified\":\"2025-12-10T17:50:45+00:00\",\"mainEntityOfPage\":{\"@id\":\"https:\/\/nordnesrepublikken.no\/index.php\/2025\/12\/10\/australia-forbyr-sosiale-medier-for-personer-under-16-ar-det-er-det-forste-landet-i-verden-grunner-og-tvil\/\"},\"wordCount\":829,\"publisher\":{\"@id\":\"https:\/\/nordnesrepublikken.no\/#organization\"},\"image\":{\"@id\":\"https:\/\/nordnesrepublikken.no\/index.php\/2025\/12\/10\/australia-forbyr-sosiale-medier-for-personer-under-16-ar-det-er-det-forste-landet-i-verden-grunner-og-tvil\/#primaryimage\"},\"thumbnailUrl\":\"https:\/\/nordnesrepublikken.no\/wp-content\/uploads\/2025\/12\/1765389044_Australia-forbyr-sosiale-medier-for-personer-under-16-ar-det.jpg\",\"keywords\":[\"\u00e5r\",\"Australia\",\"Det\",\"forbyr\",\"f\u00f8rste\",\"grunner\",\"Landet\",\"medier\",\"personer\",\"sosiale\",\"tvil\",\"verden\"],\"articleSection\":[\"Samfunn\"],\"inLanguage\":\"nb-NO\"},{\"@type\":\"WebPage\",\"@id\":\"https:\/\/nordnesrepublikken.no\/index.php\/2025\/12\/10\/australia-forbyr-sosiale-medier-for-personer-under-16-ar-det-er-det-forste-landet-i-verden-grunner-og-tvil\/\",\"url\":\"https:\/\/nordnesrepublikken.no\/index.php\/2025\/12\/10\/australia-forbyr-sosiale-medier-for-personer-under-16-ar-det-er-det-forste-landet-i-verden-grunner-og-tvil\/\",\"name\":\"Australia forbyr sosiale medier for personer under 16 \u00e5r, det er det f\u00f8rste landet i verden: grunner og tvil - Nordnesrepublikken\",\"isPartOf\":{\"@id\":\"https:\/\/nordnesrepublikken.no\/#website\"},\"primaryImageOfPage\":{\"@id\":\"https:\/\/nordnesrepublikken.no\/index.php\/2025\/12\/10\/australia-forbyr-sosiale-medier-for-personer-under-16-ar-det-er-det-forste-landet-i-verden-grunner-og-tvil\/#primaryimage\"},\"image\":{\"@id\":\"https:\/\/nordnesrepublikken.no\/index.php\/2025\/12\/10\/australia-forbyr-sosiale-medier-for-personer-under-16-ar-det-er-det-forste-landet-i-verden-grunner-og-tvil\/#primaryimage\"},\"thumbnailUrl\":\"https:\/\/nordnesrepublikken.no\/wp-content\/uploads\/2025\/12\/1765389044_Australia-forbyr-sosiale-medier-for-personer-under-16-ar-det.jpg\",\"datePublished\":\"2025-12-10T17:50:43+00:00\",\"dateModified\":\"2025-12-10T17:50:45+00:00\",\"breadcrumb\":{\"@id\":\"https:\/\/nordnesrepublikken.no\/index.php\/2025\/12\/10\/australia-forbyr-sosiale-medier-for-personer-under-16-ar-det-er-det-forste-landet-i-verden-grunner-og-tvil\/#breadcrumb\"},\"inLanguage\":\"nb-NO\",\"potentialAction\":[{\"@type\":\"ReadAction\",\"target\":[\"https:\/\/nordnesrepublikken.no\/index.php\/2025\/12\/10\/australia-forbyr-sosiale-medier-for-personer-under-16-ar-det-er-det-forste-landet-i-verden-grunner-og-tvil\/\"]}]},{\"@type\":\"ImageObject\",\"inLanguage\":\"nb-NO\",\"@id\":\"https:\/\/nordnesrepublikken.no\/index.php\/2025\/12\/10\/australia-forbyr-sosiale-medier-for-personer-under-16-ar-det-er-det-forste-landet-i-verden-grunner-og-tvil\/#primaryimage\",\"url\":\"https:\/\/nordnesrepublikken.no\/wp-content\/uploads\/2025\/12\/1765389044_Australia-forbyr-sosiale-medier-for-personer-under-16-ar-det.jpg\",\"contentUrl\":\"https:\/\/nordnesrepublikken.no\/wp-content\/uploads\/2025\/12\/1765389044_Australia-forbyr-sosiale-medier-for-personer-under-16-ar-det.jpg\",\"width\":1228,\"height\":854,\"caption\":\"Australia forbyr sosiale medier for personer under 16 \u00e5r, det er det f\u00f8rste landet i verden: grunner og tvil\"},{\"@type\":\"BreadcrumbList\",\"@id\":\"https:\/\/nordnesrepublikken.no\/index.php\/2025\/12\/10\/australia-forbyr-sosiale-medier-for-personer-under-16-ar-det-er-det-forste-landet-i-verden-grunner-og-tvil\/#breadcrumb\",\"itemListElement\":[{\"@type\":\"ListItem\",\"position\":1,\"name\":\"Home\",\"item\":\"https:\/\/nordnesrepublikken.no\/\"},{\"@type\":\"ListItem\",\"position\":2,\"name\":\"Australia forbyr sosiale medier for personer under 16 \u00e5r, det er det f\u00f8rste landet i verden: grunner og tvil\"}]},{\"@type\":\"WebSite\",\"@id\":\"https:\/\/nordnesrepublikken.no\/#website\",\"url\":\"https:\/\/nordnesrepublikken.no\/\",\"name\":\"Nordnesrepublikken\",\"description\":\"Stemmer og Visjoner fra Republikkens Hjerte\",\"publisher\":{\"@id\":\"https:\/\/nordnesrepublikken.no\/#organization\"},\"potentialAction\":[{\"@type\":\"SearchAction\",\"target\":{\"@type\":\"EntryPoint\",\"urlTemplate\":\"https:\/\/nordnesrepublikken.no\/?s={search_term_string}\"},\"query-input\":{\"@type\":\"PropertyValueSpecification\",\"valueRequired\":true,\"valueName\":\"search_term_string\"}}],\"inLanguage\":\"nb-NO\"},{\"@type\":\"Organization\",\"@id\":\"https:\/\/nordnesrepublikken.no\/#organization\",\"name\":\"Nordnesrepublikken\",\"url\":\"https:\/\/nordnesrepublikken.no\/\",\"logo\":{\"@type\":\"ImageObject\",\"inLanguage\":\"nb-NO\",\"@id\":\"https:\/\/nordnesrepublikken.no\/#\/schema\/logo\/image\/\",\"url\":\"https:\/\/nordnesrepublikken.no\/wp-content\/uploads\/2025\/02\/cropped-nordnesrepublikken-2.png\",\"contentUrl\":\"https:\/\/nordnesrepublikken.no\/wp-content\/uploads\/2025\/02\/cropped-nordnesrepublikken-2.png\",\"width\":1248,\"height\":362,\"caption\":\"Nordnesrepublikken\"},\"image\":{\"@id\":\"https:\/\/nordnesrepublikken.no\/#\/schema\/logo\/image\/\"}},{\"@type\":\"Person\",\"@id\":\"https:\/\/nordnesrepublikken.no\/#\/schema\/person\/2e7e81935bab77882fffb79296240ff1\",\"name\":\"Ole Andersen\",\"image\":{\"@type\":\"ImageObject\",\"inLanguage\":\"nb-NO\",\"@id\":\"https:\/\/nordnesrepublikken.no\/#\/schema\/person\/image\/\",\"url\":\"https:\/\/nordnesrepublikken.no\/wp-content\/uploads\/2025\/02\/nordnesrepublikken-2-2-150x150.jpg\",\"contentUrl\":\"https:\/\/nordnesrepublikken.no\/wp-content\/uploads\/2025\/02\/nordnesrepublikken-2-2-150x150.jpg\",\"caption\":\"Ole Andersen\"},\"description\":\"Ettersom jeg vokste opp i Oslo, har jeg alltid v\u00e6rt fascinert av ordenes kraft og deres evne til \u00e5 skape endringer. Etter \u00e5 ha fullf\u00f8rt min utdannelse i kommunikasjon ved Universitetet i Bergen, fikk jeg muligheten til \u00e5 jobbe innen ulike medier, der jeg har s\u00f8kt \u00e5 belyse viktige samfunnssp\u00f8rsm\u00e5l. I dag, som redakt\u00f8r for Nordnesrepublikken, pr\u00f8ver jeg \u00e5 forene min kj\u00e6rlighet for journalistikk med min lidenskap for innovasjon og eventyr.\",\"sameAs\":[\"https:\/\/nordnesrepublikken.no\/\"]}]}<\/script>\n<!-- \/ Yoast SEO plugin. -->","yoast_head_json":{"title":"Australia forbyr sosiale medier for personer under 16 \u00e5r, det er det f\u00f8rste landet i verden: grunner og tvil - Nordnesrepublikken","robots":{"index":"index","follow":"follow","max-snippet":"max-snippet:-1","max-image-preview":"max-image-preview:large","max-video-preview":"max-video-preview:-1"},"canonical":"https:\/\/nordnesrepublikken.no\/index.php\/2025\/12\/10\/australia-forbyr-sosiale-medier-for-personer-under-16-ar-det-er-det-forste-landet-i-verden-grunner-og-tvil\/","og_locale":"nb_NO","og_type":"article","og_title":"Australia forbyr sosiale medier for personer under 16 \u00e5r, det er det f\u00f8rste landet i verden: grunner og tvil - Nordnesrepublikken","og_description":"I Australia er det ulovlig \u00e5 bruke sosiale nettverk for alle under 16 \u00e5r. Det","og_url":"https:\/\/nordnesrepublikken.no\/index.php\/2025\/12\/10\/australia-forbyr-sosiale-medier-for-personer-under-16-ar-det-er-det-forste-landet-i-verden-grunner-og-tvil\/","og_site_name":"Nordnesrepublikken","article_published_time":"2025-12-10T17:50:43+00:00","article_modified_time":"2025-12-10T17:50:45+00:00","og_image":[{"width":1228,"height":854,"url":"https:\/\/nordnesrepublikken.no\/wp-content\/uploads\/2025\/12\/1765389044_Australia-forbyr-sosiale-medier-for-personer-under-16-ar-det.jpg","type":"image\/jpeg"}],"author":"Ole Andersen","twitter_card":"summary_large_image","twitter_misc":{"Skrevet av":"Ole Andersen","Ansl. lesetid":"4 minutter"},"schema":{"@context":"https:\/\/schema.org","@graph":[{"@type":"Article","@id":"https:\/\/nordnesrepublikken.no\/index.php\/2025\/12\/10\/australia-forbyr-sosiale-medier-for-personer-under-16-ar-det-er-det-forste-landet-i-verden-grunner-og-tvil\/#article","isPartOf":{"@id":"https:\/\/nordnesrepublikken.no\/index.php\/2025\/12\/10\/australia-forbyr-sosiale-medier-for-personer-under-16-ar-det-er-det-forste-landet-i-verden-grunner-og-tvil\/"},"author":{"name":"Ole Andersen","@id":"https:\/\/nordnesrepublikken.no\/#\/schema\/person\/2e7e81935bab77882fffb79296240ff1"},"headline":"Australia forbyr sosiale medier for personer under 16 \u00e5r, det er det f\u00f8rste landet i verden: grunner og tvil","datePublished":"2025-12-10T17:50:43+00:00","dateModified":"2025-12-10T17:50:45+00:00","mainEntityOfPage":{"@id":"https:\/\/nordnesrepublikken.no\/index.php\/2025\/12\/10\/australia-forbyr-sosiale-medier-for-personer-under-16-ar-det-er-det-forste-landet-i-verden-grunner-og-tvil\/"},"wordCount":829,"publisher":{"@id":"https:\/\/nordnesrepublikken.no\/#organization"},"image":{"@id":"https:\/\/nordnesrepublikken.no\/index.php\/2025\/12\/10\/australia-forbyr-sosiale-medier-for-personer-under-16-ar-det-er-det-forste-landet-i-verden-grunner-og-tvil\/#primaryimage"},"thumbnailUrl":"https:\/\/nordnesrepublikken.no\/wp-content\/uploads\/2025\/12\/1765389044_Australia-forbyr-sosiale-medier-for-personer-under-16-ar-det.jpg","keywords":["\u00e5r","Australia","Det","forbyr","f\u00f8rste","grunner","Landet","medier","personer","sosiale","tvil","verden"],"articleSection":["Samfunn"],"inLanguage":"nb-NO"},{"@type":"WebPage","@id":"https:\/\/nordnesrepublikken.no\/index.php\/2025\/12\/10\/australia-forbyr-sosiale-medier-for-personer-under-16-ar-det-er-det-forste-landet-i-verden-grunner-og-tvil\/","url":"https:\/\/nordnesrepublikken.no\/index.php\/2025\/12\/10\/australia-forbyr-sosiale-medier-for-personer-under-16-ar-det-er-det-forste-landet-i-verden-grunner-og-tvil\/","name":"Australia forbyr sosiale medier for personer under 16 \u00e5r, det er det f\u00f8rste landet i verden: grunner og tvil - Nordnesrepublikken","isPartOf":{"@id":"https:\/\/nordnesrepublikken.no\/#website"},"primaryImageOfPage":{"@id":"https:\/\/nordnesrepublikken.no\/index.php\/2025\/12\/10\/australia-forbyr-sosiale-medier-for-personer-under-16-ar-det-er-det-forste-landet-i-verden-grunner-og-tvil\/#primaryimage"},"image":{"@id":"https:\/\/nordnesrepublikken.no\/index.php\/2025\/12\/10\/australia-forbyr-sosiale-medier-for-personer-under-16-ar-det-er-det-forste-landet-i-verden-grunner-og-tvil\/#primaryimage"},"thumbnailUrl":"https:\/\/nordnesrepublikken.no\/wp-content\/uploads\/2025\/12\/1765389044_Australia-forbyr-sosiale-medier-for-personer-under-16-ar-det.jpg","datePublished":"2025-12-10T17:50:43+00:00","dateModified":"2025-12-10T17:50:45+00:00","breadcrumb":{"@id":"https:\/\/nordnesrepublikken.no\/index.php\/2025\/12\/10\/australia-forbyr-sosiale-medier-for-personer-under-16-ar-det-er-det-forste-landet-i-verden-grunner-og-tvil\/#breadcrumb"},"inLanguage":"nb-NO","potentialAction":[{"@type":"ReadAction","target":["https:\/\/nordnesrepublikken.no\/index.php\/2025\/12\/10\/australia-forbyr-sosiale-medier-for-personer-under-16-ar-det-er-det-forste-landet-i-verden-grunner-og-tvil\/"]}]},{"@type":"ImageObject","inLanguage":"nb-NO","@id":"https:\/\/nordnesrepublikken.no\/index.php\/2025\/12\/10\/australia-forbyr-sosiale-medier-for-personer-under-16-ar-det-er-det-forste-landet-i-verden-grunner-og-tvil\/#primaryimage","url":"https:\/\/nordnesrepublikken.no\/wp-content\/uploads\/2025\/12\/1765389044_Australia-forbyr-sosiale-medier-for-personer-under-16-ar-det.jpg","contentUrl":"https:\/\/nordnesrepublikken.no\/wp-content\/uploads\/2025\/12\/1765389044_Australia-forbyr-sosiale-medier-for-personer-under-16-ar-det.jpg","width":1228,"height":854,"caption":"Australia forbyr sosiale medier for personer under 16 \u00e5r, det er det f\u00f8rste landet i verden: grunner og tvil"},{"@type":"BreadcrumbList","@id":"https:\/\/nordnesrepublikken.no\/index.php\/2025\/12\/10\/australia-forbyr-sosiale-medier-for-personer-under-16-ar-det-er-det-forste-landet-i-verden-grunner-og-tvil\/#breadcrumb","itemListElement":[{"@type":"ListItem","position":1,"name":"Home","item":"https:\/\/nordnesrepublikken.no\/"},{"@type":"ListItem","position":2,"name":"Australia forbyr sosiale medier for personer under 16 \u00e5r, det er det f\u00f8rste landet i verden: grunner og tvil"}]},{"@type":"WebSite","@id":"https:\/\/nordnesrepublikken.no\/#website","url":"https:\/\/nordnesrepublikken.no\/","name":"Nordnesrepublikken","description":"Stemmer og Visjoner fra Republikkens Hjerte","publisher":{"@id":"https:\/\/nordnesrepublikken.no\/#organization"},"potentialAction":[{"@type":"SearchAction","target":{"@type":"EntryPoint","urlTemplate":"https:\/\/nordnesrepublikken.no\/?s={search_term_string}"},"query-input":{"@type":"PropertyValueSpecification","valueRequired":true,"valueName":"search_term_string"}}],"inLanguage":"nb-NO"},{"@type":"Organization","@id":"https:\/\/nordnesrepublikken.no\/#organization","name":"Nordnesrepublikken","url":"https:\/\/nordnesrepublikken.no\/","logo":{"@type":"ImageObject","inLanguage":"nb-NO","@id":"https:\/\/nordnesrepublikken.no\/#\/schema\/logo\/image\/","url":"https:\/\/nordnesrepublikken.no\/wp-content\/uploads\/2025\/02\/cropped-nordnesrepublikken-2.png","contentUrl":"https:\/\/nordnesrepublikken.no\/wp-content\/uploads\/2025\/02\/cropped-nordnesrepublikken-2.png","width":1248,"height":362,"caption":"Nordnesrepublikken"},"image":{"@id":"https:\/\/nordnesrepublikken.no\/#\/schema\/logo\/image\/"}},{"@type":"Person","@id":"https:\/\/nordnesrepublikken.no\/#\/schema\/person\/2e7e81935bab77882fffb79296240ff1","name":"Ole Andersen","image":{"@type":"ImageObject","inLanguage":"nb-NO","@id":"https:\/\/nordnesrepublikken.no\/#\/schema\/person\/image\/","url":"https:\/\/nordnesrepublikken.no\/wp-content\/uploads\/2025\/02\/nordnesrepublikken-2-2-150x150.jpg","contentUrl":"https:\/\/nordnesrepublikken.no\/wp-content\/uploads\/2025\/02\/nordnesrepublikken-2-2-150x150.jpg","caption":"Ole Andersen"},"description":"Ettersom jeg vokste opp i Oslo, har jeg alltid v\u00e6rt fascinert av ordenes kraft og deres evne til \u00e5 skape endringer. Etter \u00e5 ha fullf\u00f8rt min utdannelse i kommunikasjon ved Universitetet i Bergen, fikk jeg muligheten til \u00e5 jobbe innen ulike medier, der jeg har s\u00f8kt \u00e5 belyse viktige samfunnssp\u00f8rsm\u00e5l. I dag, som redakt\u00f8r for Nordnesrepublikken, pr\u00f8ver jeg \u00e5 forene min kj\u00e6rlighet for journalistikk med min lidenskap for innovasjon og eventyr.","sameAs":["https:\/\/nordnesrepublikken.no\/"]}]}},"_links":{"self":[{"href":"https:\/\/nordnesrepublikken.no\/index.php\/wp-json\/wp\/v2\/posts\/12658","targetHints":{"allow":["GET"]}}],"collection":[{"href":"https:\/\/nordnesrepublikken.no\/index.php\/wp-json\/wp\/v2\/posts"}],"about":[{"href":"https:\/\/nordnesrepublikken.no\/index.php\/wp-json\/wp\/v2\/types\/post"}],"author":[{"embeddable":true,"href":"https:\/\/nordnesrepublikken.no\/index.php\/wp-json\/wp\/v2\/users\/1"}],"replies":[{"embeddable":true,"href":"https:\/\/nordnesrepublikken.no\/index.php\/wp-json\/wp\/v2\/comments?post=12658"}],"version-history":[{"count":1,"href":"https:\/\/nordnesrepublikken.no\/index.php\/wp-json\/wp\/v2\/posts\/12658\/revisions"}],"predecessor-version":[{"id":12660,"href":"https:\/\/nordnesrepublikken.no\/index.php\/wp-json\/wp\/v2\/posts\/12658\/revisions\/12660"}],"wp:featuredmedia":[{"embeddable":true,"href":"https:\/\/nordnesrepublikken.no\/index.php\/wp-json\/wp\/v2\/media\/12659"}],"wp:attachment":[{"href":"https:\/\/nordnesrepublikken.no\/index.php\/wp-json\/wp\/v2\/media?parent=12658"}],"wp:term":[{"taxonomy":"category","embeddable":true,"href":"https:\/\/nordnesrepublikken.no\/index.php\/wp-json\/wp\/v2\/categories?post=12658"},{"taxonomy":"post_tag","embeddable":true,"href":"https:\/\/nordnesrepublikken.no\/index.php\/wp-json\/wp\/v2\/tags?post=12658"}],"curies":[{"name":"wp","href":"https:\/\/api.w.org\/{rel}","templated":true}]}}