{"id":12643,"date":"2025-12-10T07:51:50","date_gmt":"2025-12-10T06:51:50","guid":{"rendered":"https:\/\/nordnesrepublikken.no\/index.php\/2025\/12\/10\/jordskjelv-i-japan-med-styrke-76-foltes-sa-langt-som-tokyo-tsunamivarsel-opphevet-video\/"},"modified":"2025-12-10T07:51:52","modified_gmt":"2025-12-10T06:51:52","slug":"jordskjelv-i-japan-med-styrke-76-foltes-sa-langt-som-tokyo-tsunamivarsel-opphevet-video","status":"publish","type":"post","link":"https:\/\/nordnesrepublikken.no\/index.php\/2025\/12\/10\/jordskjelv-i-japan-med-styrke-76-foltes-sa-langt-som-tokyo-tsunamivarsel-opphevet-video\/","title":{"rendered":"Jordskjelv i Japan med styrke 7,6 f\u00f8ltes s\u00e5 langt som Tokyo, tsunamivarsel opphevet: video"},"content":{"rendered":"<div>\n<div class=\"cp_wrapper cp_wrapper--fw mb-30 mb-20@tablet\">\n<figure class=\"mm\"><picture class=\"img\" style=\"padding-top:56.25%\"><source  media=\"(min-width: 1024px)\"><source  media=\"(min-width: 768px)\"><\/source><\/source><\/picture><\/figure>\n<\/p><\/div>\n<p>En sterk en<b> jordskjelv med styrke 7,6<\/b> treffer <b>Japan <\/b>klokken 23.15 (lokal tid, 15.15 i Italia) i g\u00e5r. If\u00f8lge USGS er episenteret lokalisert <strong>til sj\u00f8s<\/strong>ca. 70 km fra kysten av Misawa (Aomori Prefecture), en <strong>dybde<\/strong> Av <strong>44 km<\/strong>. Japan Meteorological Agency utstedte opprinnelig <strong>et tsunamivarsel <\/strong>av et h\u00f8yere niv\u00e5, advarsel om muligheten for <strong>b\u00f8lger opp til 3 meter h\u00f8ye. <\/strong>Etter en stund ble varselet hevet av JMA, selv om det ble oppdaget sm\u00e5 useri\u00f8se b\u00f8lger p\u00e5 40 cm kl. <strong>Urakawa <\/strong>(Hokkaido) og i havnen i <strong>Mutsu Ogawara<\/strong> (Aomori).<\/p>\n<p>For en forholdsregel har myndighetene uansett <strong>evakuerte omtrent 94 600 mennesker<\/strong> i prefekturene Hokkaido, Aomori, Iwate, Miyagi og i noen omr\u00e5der av Samemachi. Sjokket kjentes tydelig frem til <strong>Tokyo<\/strong>som ligger omtrent 700 km fra episenteret, med mange <strong>video<\/strong> Og <strong>rapporter<\/strong> p\u00e5 sosiale medier av innbyggerne som l\u00f8p ut p\u00e5 gaten selv om det var natt. If\u00f8lge det som ble rapportert av den lokale kringkasteren NHK &#8211; som publiserte videoen under &#8211; skulle det v\u00e6re ca <strong>30 skadd p\u00e5 grunn av knust glass og nedfallne gjenstander<\/strong> p\u00e5 et hotell i Hachinohe (Aomori Prefecture), mens det ikke ble rapportert om andre betydelige skader.<\/p>\n<p>Som ofte skjer, er de forel\u00f8pige estimatene litt annerledes: INGV rapporterte en<strong> styrke p\u00e5 7,4<\/strong> og en dybde p\u00e5 57,4 km. Oppdaterte offisielle data vil v\u00e6re tilgjengelig i l\u00f8pet av de neste timene.<\/p>\n<p>De fulgte det f\u00f8rste jordskjelvet <strong>to st\u00f8t til<\/strong>: den <strong>F\u00f8r<\/strong> <strong>av st\u00f8rrelsesorden 5,5<\/strong>registrert klokken 03:56 lokal tid (19:56 i Italia) og oppdaget p\u00e5 en dybde p\u00e5 31 km, og <strong>sekund av styrke 6,7, <\/strong>registrert klokken 06:52 lokal tid (22:52 i Italia) p\u00e5 en dybde p\u00e5 bare 9 km.<\/p>\n<p>Fra et geologisk synspunkt er Japan et ekstremt seismisk land, som et resultat av <strong>sammenst\u00f8t mellom tektoniske plater<\/strong>: spesifikt er det <strong>Stillehavsplate, som subdukterer under den nordamerikanske platen<\/strong>. Denne aktive tektoniske konteksten oversetter til tilstedev\u00e6relsen av tusenvis av kompresjonsfeil, hvis reaktivering kan generere hyppige og intense jordskjelv.<\/p>\n<p>Landet ligger blant annet innenfor den s\u00e5kalte \u00abRing of Fire\u00bb, det vil si planetens b\u00e5nd som er mest ber\u00f8rt av vulkanutbrudd og jordskjelv.<\/p>\n<\/p><\/div>\n","protected":false},"excerpt":{"rendered":"<p>En sterk en jordskjelv med styrke 7,6 treffer Japan klokken 23.15 (lokal tid, 15.15 i<\/p>\n","protected":false},"author":1,"featured_media":12644,"comment_status":"closed","ping_status":"open","sticky":false,"template":"","format":"standard","meta":{"footnotes":""},"categories":[24],"tags":[1256,772,137,1694,79,8319,1472,31,6954,8318,7579,926],"class_list":["post-12643","post","type-post","status-publish","format-standard","has-post-thumbnail","hentry","category-vitenskap","tag-foltes","tag-japan","tag-jordskjelv","tag-langt","tag-med","tag-opphevet","tag-sa","tag-som","tag-styrke","tag-tokyo","tag-tsunamivarsel","tag-video","generate-columns","tablet-grid-50","mobile-grid-100","grid-parent","grid-33","resize-featured-image"],"yoast_head":"<!-- This site is optimized with the Yoast SEO plugin v24.4 - https:\/\/yoast.com\/wordpress\/plugins\/seo\/ -->\n<title>Jordskjelv i Japan med styrke 7,6 f\u00f8ltes s\u00e5 langt som Tokyo, tsunamivarsel opphevet: video - Nordnesrepublikken<\/title>\n<meta name=\"robots\" content=\"index, follow, max-snippet:-1, max-image-preview:large, max-video-preview:-1\" \/>\n<link rel=\"canonical\" href=\"https:\/\/nordnesrepublikken.no\/index.php\/2025\/12\/10\/jordskjelv-i-japan-med-styrke-76-foltes-sa-langt-som-tokyo-tsunamivarsel-opphevet-video\/\" \/>\n<meta property=\"og:locale\" content=\"nb_NO\" \/>\n<meta property=\"og:type\" content=\"article\" \/>\n<meta property=\"og:title\" content=\"Jordskjelv i Japan med styrke 7,6 f\u00f8ltes s\u00e5 langt som Tokyo, tsunamivarsel opphevet: video - Nordnesrepublikken\" \/>\n<meta property=\"og:description\" content=\"En sterk en jordskjelv med styrke 7,6 treffer Japan klokken 23.15 (lokal tid, 15.15 i\" \/>\n<meta property=\"og:url\" content=\"https:\/\/nordnesrepublikken.no\/index.php\/2025\/12\/10\/jordskjelv-i-japan-med-styrke-76-foltes-sa-langt-som-tokyo-tsunamivarsel-opphevet-video\/\" \/>\n<meta property=\"og:site_name\" content=\"Nordnesrepublikken\" \/>\n<meta property=\"article:published_time\" content=\"2025-12-10T06:51:50+00:00\" \/>\n<meta property=\"article:modified_time\" content=\"2025-12-10T06:51:52+00:00\" \/>\n<meta property=\"og:image\" content=\"https:\/\/nordnesrepublikken.no\/wp-content\/uploads\/2025\/12\/1765349511_Jordskjelv-i-Japan-med-styrke-76-foltes-sa-langt-som.jpg\" \/>\n\t<meta property=\"og:image:width\" content=\"1280\" \/>\n\t<meta property=\"og:image:height\" content=\"720\" \/>\n\t<meta property=\"og:image:type\" content=\"image\/jpeg\" \/>\n<meta name=\"author\" content=\"Ole Andersen\" \/>\n<meta name=\"twitter:card\" content=\"summary_large_image\" \/>\n<meta name=\"twitter:label1\" content=\"Skrevet av\" \/>\n\t<meta name=\"twitter:data1\" content=\"Ole Andersen\" \/>\n\t<meta name=\"twitter:label2\" content=\"Ansl. lesetid\" \/>\n\t<meta name=\"twitter:data2\" content=\"2 minutter\" \/>\n<script type=\"application\/ld+json\" class=\"yoast-schema-graph\">{\"@context\":\"https:\/\/schema.org\",\"@graph\":[{\"@type\":\"Article\",\"@id\":\"https:\/\/nordnesrepublikken.no\/index.php\/2025\/12\/10\/jordskjelv-i-japan-med-styrke-76-foltes-sa-langt-som-tokyo-tsunamivarsel-opphevet-video\/#article\",\"isPartOf\":{\"@id\":\"https:\/\/nordnesrepublikken.no\/index.php\/2025\/12\/10\/jordskjelv-i-japan-med-styrke-76-foltes-sa-langt-som-tokyo-tsunamivarsel-opphevet-video\/\"},\"author\":{\"name\":\"Ole Andersen\",\"@id\":\"https:\/\/nordnesrepublikken.no\/#\/schema\/person\/2e7e81935bab77882fffb79296240ff1\"},\"headline\":\"Jordskjelv i Japan med styrke 7,6 f\u00f8ltes s\u00e5 langt som Tokyo, tsunamivarsel opphevet: video\",\"datePublished\":\"2025-12-10T06:51:50+00:00\",\"dateModified\":\"2025-12-10T06:51:52+00:00\",\"mainEntityOfPage\":{\"@id\":\"https:\/\/nordnesrepublikken.no\/index.php\/2025\/12\/10\/jordskjelv-i-japan-med-styrke-76-foltes-sa-langt-som-tokyo-tsunamivarsel-opphevet-video\/\"},\"wordCount\":358,\"publisher\":{\"@id\":\"https:\/\/nordnesrepublikken.no\/#organization\"},\"image\":{\"@id\":\"https:\/\/nordnesrepublikken.no\/index.php\/2025\/12\/10\/jordskjelv-i-japan-med-styrke-76-foltes-sa-langt-som-tokyo-tsunamivarsel-opphevet-video\/#primaryimage\"},\"thumbnailUrl\":\"https:\/\/nordnesrepublikken.no\/wp-content\/uploads\/2025\/12\/1765349511_Jordskjelv-i-Japan-med-styrke-76-foltes-sa-langt-som.jpg\",\"keywords\":[\"f\u00f8ltes\",\"Japan\",\"Jordskjelv\",\"langt\",\"med\",\"opphevet\",\"s\u00e5\",\"som\",\"styrke\",\"Tokyo\",\"Tsunamivarsel\",\"video\"],\"articleSection\":[\"Vitenskap\"],\"inLanguage\":\"nb-NO\"},{\"@type\":\"WebPage\",\"@id\":\"https:\/\/nordnesrepublikken.no\/index.php\/2025\/12\/10\/jordskjelv-i-japan-med-styrke-76-foltes-sa-langt-som-tokyo-tsunamivarsel-opphevet-video\/\",\"url\":\"https:\/\/nordnesrepublikken.no\/index.php\/2025\/12\/10\/jordskjelv-i-japan-med-styrke-76-foltes-sa-langt-som-tokyo-tsunamivarsel-opphevet-video\/\",\"name\":\"Jordskjelv i Japan med styrke 7,6 f\u00f8ltes s\u00e5 langt som Tokyo, tsunamivarsel opphevet: video - Nordnesrepublikken\",\"isPartOf\":{\"@id\":\"https:\/\/nordnesrepublikken.no\/#website\"},\"primaryImageOfPage\":{\"@id\":\"https:\/\/nordnesrepublikken.no\/index.php\/2025\/12\/10\/jordskjelv-i-japan-med-styrke-76-foltes-sa-langt-som-tokyo-tsunamivarsel-opphevet-video\/#primaryimage\"},\"image\":{\"@id\":\"https:\/\/nordnesrepublikken.no\/index.php\/2025\/12\/10\/jordskjelv-i-japan-med-styrke-76-foltes-sa-langt-som-tokyo-tsunamivarsel-opphevet-video\/#primaryimage\"},\"thumbnailUrl\":\"https:\/\/nordnesrepublikken.no\/wp-content\/uploads\/2025\/12\/1765349511_Jordskjelv-i-Japan-med-styrke-76-foltes-sa-langt-som.jpg\",\"datePublished\":\"2025-12-10T06:51:50+00:00\",\"dateModified\":\"2025-12-10T06:51:52+00:00\",\"breadcrumb\":{\"@id\":\"https:\/\/nordnesrepublikken.no\/index.php\/2025\/12\/10\/jordskjelv-i-japan-med-styrke-76-foltes-sa-langt-som-tokyo-tsunamivarsel-opphevet-video\/#breadcrumb\"},\"inLanguage\":\"nb-NO\",\"potentialAction\":[{\"@type\":\"ReadAction\",\"target\":[\"https:\/\/nordnesrepublikken.no\/index.php\/2025\/12\/10\/jordskjelv-i-japan-med-styrke-76-foltes-sa-langt-som-tokyo-tsunamivarsel-opphevet-video\/\"]}]},{\"@type\":\"ImageObject\",\"inLanguage\":\"nb-NO\",\"@id\":\"https:\/\/nordnesrepublikken.no\/index.php\/2025\/12\/10\/jordskjelv-i-japan-med-styrke-76-foltes-sa-langt-som-tokyo-tsunamivarsel-opphevet-video\/#primaryimage\",\"url\":\"https:\/\/nordnesrepublikken.no\/wp-content\/uploads\/2025\/12\/1765349511_Jordskjelv-i-Japan-med-styrke-76-foltes-sa-langt-som.jpg\",\"contentUrl\":\"https:\/\/nordnesrepublikken.no\/wp-content\/uploads\/2025\/12\/1765349511_Jordskjelv-i-Japan-med-styrke-76-foltes-sa-langt-som.jpg\",\"width\":1280,\"height\":720,\"caption\":\"Jordskjelv i Japan med styrke 7,6 f\u00f8ltes s\u00e5 langt som Tokyo, tsunamivarsel opphevet: video\"},{\"@type\":\"BreadcrumbList\",\"@id\":\"https:\/\/nordnesrepublikken.no\/index.php\/2025\/12\/10\/jordskjelv-i-japan-med-styrke-76-foltes-sa-langt-som-tokyo-tsunamivarsel-opphevet-video\/#breadcrumb\",\"itemListElement\":[{\"@type\":\"ListItem\",\"position\":1,\"name\":\"Home\",\"item\":\"https:\/\/nordnesrepublikken.no\/\"},{\"@type\":\"ListItem\",\"position\":2,\"name\":\"Jordskjelv i Japan med styrke 7,6 f\u00f8ltes s\u00e5 langt som Tokyo, tsunamivarsel opphevet: video\"}]},{\"@type\":\"WebSite\",\"@id\":\"https:\/\/nordnesrepublikken.no\/#website\",\"url\":\"https:\/\/nordnesrepublikken.no\/\",\"name\":\"Nordnesrepublikken\",\"description\":\"Stemmer og Visjoner fra Republikkens Hjerte\",\"publisher\":{\"@id\":\"https:\/\/nordnesrepublikken.no\/#organization\"},\"potentialAction\":[{\"@type\":\"SearchAction\",\"target\":{\"@type\":\"EntryPoint\",\"urlTemplate\":\"https:\/\/nordnesrepublikken.no\/?s={search_term_string}\"},\"query-input\":{\"@type\":\"PropertyValueSpecification\",\"valueRequired\":true,\"valueName\":\"search_term_string\"}}],\"inLanguage\":\"nb-NO\"},{\"@type\":\"Organization\",\"@id\":\"https:\/\/nordnesrepublikken.no\/#organization\",\"name\":\"Nordnesrepublikken\",\"url\":\"https:\/\/nordnesrepublikken.no\/\",\"logo\":{\"@type\":\"ImageObject\",\"inLanguage\":\"nb-NO\",\"@id\":\"https:\/\/nordnesrepublikken.no\/#\/schema\/logo\/image\/\",\"url\":\"https:\/\/nordnesrepublikken.no\/wp-content\/uploads\/2025\/02\/cropped-nordnesrepublikken-2.png\",\"contentUrl\":\"https:\/\/nordnesrepublikken.no\/wp-content\/uploads\/2025\/02\/cropped-nordnesrepublikken-2.png\",\"width\":1248,\"height\":362,\"caption\":\"Nordnesrepublikken\"},\"image\":{\"@id\":\"https:\/\/nordnesrepublikken.no\/#\/schema\/logo\/image\/\"}},{\"@type\":\"Person\",\"@id\":\"https:\/\/nordnesrepublikken.no\/#\/schema\/person\/2e7e81935bab77882fffb79296240ff1\",\"name\":\"Ole Andersen\",\"image\":{\"@type\":\"ImageObject\",\"inLanguage\":\"nb-NO\",\"@id\":\"https:\/\/nordnesrepublikken.no\/#\/schema\/person\/image\/\",\"url\":\"https:\/\/nordnesrepublikken.no\/wp-content\/uploads\/2025\/02\/nordnesrepublikken-2-2-150x150.jpg\",\"contentUrl\":\"https:\/\/nordnesrepublikken.no\/wp-content\/uploads\/2025\/02\/nordnesrepublikken-2-2-150x150.jpg\",\"caption\":\"Ole Andersen\"},\"description\":\"Ettersom jeg vokste opp i Oslo, har jeg alltid v\u00e6rt fascinert av ordenes kraft og deres evne til \u00e5 skape endringer. Etter \u00e5 ha fullf\u00f8rt min utdannelse i kommunikasjon ved Universitetet i Bergen, fikk jeg muligheten til \u00e5 jobbe innen ulike medier, der jeg har s\u00f8kt \u00e5 belyse viktige samfunnssp\u00f8rsm\u00e5l. I dag, som redakt\u00f8r for Nordnesrepublikken, pr\u00f8ver jeg \u00e5 forene min kj\u00e6rlighet for journalistikk med min lidenskap for innovasjon og eventyr.\",\"sameAs\":[\"https:\/\/nordnesrepublikken.no\/\"]}]}<\/script>\n<!-- \/ Yoast SEO plugin. -->","yoast_head_json":{"title":"Jordskjelv i Japan med styrke 7,6 f\u00f8ltes s\u00e5 langt som Tokyo, tsunamivarsel opphevet: video - Nordnesrepublikken","robots":{"index":"index","follow":"follow","max-snippet":"max-snippet:-1","max-image-preview":"max-image-preview:large","max-video-preview":"max-video-preview:-1"},"canonical":"https:\/\/nordnesrepublikken.no\/index.php\/2025\/12\/10\/jordskjelv-i-japan-med-styrke-76-foltes-sa-langt-som-tokyo-tsunamivarsel-opphevet-video\/","og_locale":"nb_NO","og_type":"article","og_title":"Jordskjelv i Japan med styrke 7,6 f\u00f8ltes s\u00e5 langt som Tokyo, tsunamivarsel opphevet: video - Nordnesrepublikken","og_description":"En sterk en jordskjelv med styrke 7,6 treffer Japan klokken 23.15 (lokal tid, 15.15 i","og_url":"https:\/\/nordnesrepublikken.no\/index.php\/2025\/12\/10\/jordskjelv-i-japan-med-styrke-76-foltes-sa-langt-som-tokyo-tsunamivarsel-opphevet-video\/","og_site_name":"Nordnesrepublikken","article_published_time":"2025-12-10T06:51:50+00:00","article_modified_time":"2025-12-10T06:51:52+00:00","og_image":[{"width":1280,"height":720,"url":"https:\/\/nordnesrepublikken.no\/wp-content\/uploads\/2025\/12\/1765349511_Jordskjelv-i-Japan-med-styrke-76-foltes-sa-langt-som.jpg","type":"image\/jpeg"}],"author":"Ole Andersen","twitter_card":"summary_large_image","twitter_misc":{"Skrevet av":"Ole Andersen","Ansl. lesetid":"2 minutter"},"schema":{"@context":"https:\/\/schema.org","@graph":[{"@type":"Article","@id":"https:\/\/nordnesrepublikken.no\/index.php\/2025\/12\/10\/jordskjelv-i-japan-med-styrke-76-foltes-sa-langt-som-tokyo-tsunamivarsel-opphevet-video\/#article","isPartOf":{"@id":"https:\/\/nordnesrepublikken.no\/index.php\/2025\/12\/10\/jordskjelv-i-japan-med-styrke-76-foltes-sa-langt-som-tokyo-tsunamivarsel-opphevet-video\/"},"author":{"name":"Ole Andersen","@id":"https:\/\/nordnesrepublikken.no\/#\/schema\/person\/2e7e81935bab77882fffb79296240ff1"},"headline":"Jordskjelv i Japan med styrke 7,6 f\u00f8ltes s\u00e5 langt som Tokyo, tsunamivarsel opphevet: video","datePublished":"2025-12-10T06:51:50+00:00","dateModified":"2025-12-10T06:51:52+00:00","mainEntityOfPage":{"@id":"https:\/\/nordnesrepublikken.no\/index.php\/2025\/12\/10\/jordskjelv-i-japan-med-styrke-76-foltes-sa-langt-som-tokyo-tsunamivarsel-opphevet-video\/"},"wordCount":358,"publisher":{"@id":"https:\/\/nordnesrepublikken.no\/#organization"},"image":{"@id":"https:\/\/nordnesrepublikken.no\/index.php\/2025\/12\/10\/jordskjelv-i-japan-med-styrke-76-foltes-sa-langt-som-tokyo-tsunamivarsel-opphevet-video\/#primaryimage"},"thumbnailUrl":"https:\/\/nordnesrepublikken.no\/wp-content\/uploads\/2025\/12\/1765349511_Jordskjelv-i-Japan-med-styrke-76-foltes-sa-langt-som.jpg","keywords":["f\u00f8ltes","Japan","Jordskjelv","langt","med","opphevet","s\u00e5","som","styrke","Tokyo","Tsunamivarsel","video"],"articleSection":["Vitenskap"],"inLanguage":"nb-NO"},{"@type":"WebPage","@id":"https:\/\/nordnesrepublikken.no\/index.php\/2025\/12\/10\/jordskjelv-i-japan-med-styrke-76-foltes-sa-langt-som-tokyo-tsunamivarsel-opphevet-video\/","url":"https:\/\/nordnesrepublikken.no\/index.php\/2025\/12\/10\/jordskjelv-i-japan-med-styrke-76-foltes-sa-langt-som-tokyo-tsunamivarsel-opphevet-video\/","name":"Jordskjelv i Japan med styrke 7,6 f\u00f8ltes s\u00e5 langt som Tokyo, tsunamivarsel opphevet: video - Nordnesrepublikken","isPartOf":{"@id":"https:\/\/nordnesrepublikken.no\/#website"},"primaryImageOfPage":{"@id":"https:\/\/nordnesrepublikken.no\/index.php\/2025\/12\/10\/jordskjelv-i-japan-med-styrke-76-foltes-sa-langt-som-tokyo-tsunamivarsel-opphevet-video\/#primaryimage"},"image":{"@id":"https:\/\/nordnesrepublikken.no\/index.php\/2025\/12\/10\/jordskjelv-i-japan-med-styrke-76-foltes-sa-langt-som-tokyo-tsunamivarsel-opphevet-video\/#primaryimage"},"thumbnailUrl":"https:\/\/nordnesrepublikken.no\/wp-content\/uploads\/2025\/12\/1765349511_Jordskjelv-i-Japan-med-styrke-76-foltes-sa-langt-som.jpg","datePublished":"2025-12-10T06:51:50+00:00","dateModified":"2025-12-10T06:51:52+00:00","breadcrumb":{"@id":"https:\/\/nordnesrepublikken.no\/index.php\/2025\/12\/10\/jordskjelv-i-japan-med-styrke-76-foltes-sa-langt-som-tokyo-tsunamivarsel-opphevet-video\/#breadcrumb"},"inLanguage":"nb-NO","potentialAction":[{"@type":"ReadAction","target":["https:\/\/nordnesrepublikken.no\/index.php\/2025\/12\/10\/jordskjelv-i-japan-med-styrke-76-foltes-sa-langt-som-tokyo-tsunamivarsel-opphevet-video\/"]}]},{"@type":"ImageObject","inLanguage":"nb-NO","@id":"https:\/\/nordnesrepublikken.no\/index.php\/2025\/12\/10\/jordskjelv-i-japan-med-styrke-76-foltes-sa-langt-som-tokyo-tsunamivarsel-opphevet-video\/#primaryimage","url":"https:\/\/nordnesrepublikken.no\/wp-content\/uploads\/2025\/12\/1765349511_Jordskjelv-i-Japan-med-styrke-76-foltes-sa-langt-som.jpg","contentUrl":"https:\/\/nordnesrepublikken.no\/wp-content\/uploads\/2025\/12\/1765349511_Jordskjelv-i-Japan-med-styrke-76-foltes-sa-langt-som.jpg","width":1280,"height":720,"caption":"Jordskjelv i Japan med styrke 7,6 f\u00f8ltes s\u00e5 langt som Tokyo, tsunamivarsel opphevet: video"},{"@type":"BreadcrumbList","@id":"https:\/\/nordnesrepublikken.no\/index.php\/2025\/12\/10\/jordskjelv-i-japan-med-styrke-76-foltes-sa-langt-som-tokyo-tsunamivarsel-opphevet-video\/#breadcrumb","itemListElement":[{"@type":"ListItem","position":1,"name":"Home","item":"https:\/\/nordnesrepublikken.no\/"},{"@type":"ListItem","position":2,"name":"Jordskjelv i Japan med styrke 7,6 f\u00f8ltes s\u00e5 langt som Tokyo, tsunamivarsel opphevet: video"}]},{"@type":"WebSite","@id":"https:\/\/nordnesrepublikken.no\/#website","url":"https:\/\/nordnesrepublikken.no\/","name":"Nordnesrepublikken","description":"Stemmer og Visjoner fra Republikkens Hjerte","publisher":{"@id":"https:\/\/nordnesrepublikken.no\/#organization"},"potentialAction":[{"@type":"SearchAction","target":{"@type":"EntryPoint","urlTemplate":"https:\/\/nordnesrepublikken.no\/?s={search_term_string}"},"query-input":{"@type":"PropertyValueSpecification","valueRequired":true,"valueName":"search_term_string"}}],"inLanguage":"nb-NO"},{"@type":"Organization","@id":"https:\/\/nordnesrepublikken.no\/#organization","name":"Nordnesrepublikken","url":"https:\/\/nordnesrepublikken.no\/","logo":{"@type":"ImageObject","inLanguage":"nb-NO","@id":"https:\/\/nordnesrepublikken.no\/#\/schema\/logo\/image\/","url":"https:\/\/nordnesrepublikken.no\/wp-content\/uploads\/2025\/02\/cropped-nordnesrepublikken-2.png","contentUrl":"https:\/\/nordnesrepublikken.no\/wp-content\/uploads\/2025\/02\/cropped-nordnesrepublikken-2.png","width":1248,"height":362,"caption":"Nordnesrepublikken"},"image":{"@id":"https:\/\/nordnesrepublikken.no\/#\/schema\/logo\/image\/"}},{"@type":"Person","@id":"https:\/\/nordnesrepublikken.no\/#\/schema\/person\/2e7e81935bab77882fffb79296240ff1","name":"Ole Andersen","image":{"@type":"ImageObject","inLanguage":"nb-NO","@id":"https:\/\/nordnesrepublikken.no\/#\/schema\/person\/image\/","url":"https:\/\/nordnesrepublikken.no\/wp-content\/uploads\/2025\/02\/nordnesrepublikken-2-2-150x150.jpg","contentUrl":"https:\/\/nordnesrepublikken.no\/wp-content\/uploads\/2025\/02\/nordnesrepublikken-2-2-150x150.jpg","caption":"Ole Andersen"},"description":"Ettersom jeg vokste opp i Oslo, har jeg alltid v\u00e6rt fascinert av ordenes kraft og deres evne til \u00e5 skape endringer. Etter \u00e5 ha fullf\u00f8rt min utdannelse i kommunikasjon ved Universitetet i Bergen, fikk jeg muligheten til \u00e5 jobbe innen ulike medier, der jeg har s\u00f8kt \u00e5 belyse viktige samfunnssp\u00f8rsm\u00e5l. I dag, som redakt\u00f8r for Nordnesrepublikken, pr\u00f8ver jeg \u00e5 forene min kj\u00e6rlighet for journalistikk med min lidenskap for innovasjon og eventyr.","sameAs":["https:\/\/nordnesrepublikken.no\/"]}]}},"_links":{"self":[{"href":"https:\/\/nordnesrepublikken.no\/index.php\/wp-json\/wp\/v2\/posts\/12643","targetHints":{"allow":["GET"]}}],"collection":[{"href":"https:\/\/nordnesrepublikken.no\/index.php\/wp-json\/wp\/v2\/posts"}],"about":[{"href":"https:\/\/nordnesrepublikken.no\/index.php\/wp-json\/wp\/v2\/types\/post"}],"author":[{"embeddable":true,"href":"https:\/\/nordnesrepublikken.no\/index.php\/wp-json\/wp\/v2\/users\/1"}],"replies":[{"embeddable":true,"href":"https:\/\/nordnesrepublikken.no\/index.php\/wp-json\/wp\/v2\/comments?post=12643"}],"version-history":[{"count":1,"href":"https:\/\/nordnesrepublikken.no\/index.php\/wp-json\/wp\/v2\/posts\/12643\/revisions"}],"predecessor-version":[{"id":12645,"href":"https:\/\/nordnesrepublikken.no\/index.php\/wp-json\/wp\/v2\/posts\/12643\/revisions\/12645"}],"wp:featuredmedia":[{"embeddable":true,"href":"https:\/\/nordnesrepublikken.no\/index.php\/wp-json\/wp\/v2\/media\/12644"}],"wp:attachment":[{"href":"https:\/\/nordnesrepublikken.no\/index.php\/wp-json\/wp\/v2\/media?parent=12643"}],"wp:term":[{"taxonomy":"category","embeddable":true,"href":"https:\/\/nordnesrepublikken.no\/index.php\/wp-json\/wp\/v2\/categories?post=12643"},{"taxonomy":"post_tag","embeddable":true,"href":"https:\/\/nordnesrepublikken.no\/index.php\/wp-json\/wp\/v2\/tags?post=12643"}],"curies":[{"name":"wp","href":"https:\/\/api.w.org\/{rel}","templated":true}]}}