{"id":12640,"date":"2025-12-10T01:51:06","date_gmt":"2025-12-10T00:51:06","guid":{"rendered":"https:\/\/nordnesrepublikken.no\/index.php\/2025\/12\/10\/tsjernobyl-situasjonen-etter-angrepet-pa-sarkofagen-til-reaktor-4-er-ikke-sa-alarmerende-la-oss-avklare\/"},"modified":"2025-12-10T01:51:07","modified_gmt":"2025-12-10T00:51:07","slug":"tsjernobyl-situasjonen-etter-angrepet-pa-sarkofagen-til-reaktor-4-er-ikke-sa-alarmerende-la-oss-avklare","status":"publish","type":"post","link":"https:\/\/nordnesrepublikken.no\/index.php\/2025\/12\/10\/tsjernobyl-situasjonen-etter-angrepet-pa-sarkofagen-til-reaktor-4-er-ikke-sa-alarmerende-la-oss-avklare\/","title":{"rendered":"Tsjernobyl, situasjonen etter angrepet p\u00e5 sarkofagen til reaktor 4 er ikke s\u00e5 alarmerende: la oss avklare"},"content":{"rendered":"<div>\n<div class=\"cp_wrapper cp_wrapper--fw mb-30 mb-20@tablet\">\n<figure class=\"mm\"><picture class=\"img\" style=\"padding-top:56.25%\"><source  media=\"(min-width: 1024px)\"><source  media=\"(min-width: 768px)\"><\/source><\/source><\/picture><\/figure>\n<\/p><\/div>\n<p>Etter angrepet av en <strong>eksplosiv drone<\/strong> som traff <strong>sarkofag<\/strong> av <strong>Tsjernobyl reaktor 4 <\/strong>14. februar 2025,<strong> til 1:50 <\/strong>om natten \u2013 og for\u00e5rsaket en stor brann \u2013 ble atomkraftverket igjen sentrum for oppmerksomheten. Til tross for skadeomfanget ble det ikke registrert <strong>unormale dispersjoner<\/strong> Av <strong>radioaktivt materiale<\/strong> og dette er fortsatt situasjonen <strong>under kontroll.<\/strong> Hvorfor har da skadene p\u00e5 utvendig kledning skapt s\u00e5 mye ramaskrik de siste timene? La oss avklare.<\/p>\n<h2><b>Angrepet p\u00e5 New Safe Confinement-kuppelen <\/b><\/h2>\n<p><strong>14. februar 2025<\/strong>. Der <strong>Tsjernobyl atomkraftverk<\/strong> ble innhyllet i stillhet da sikkerhetsvaktene plutselig h\u00f8rte en <strong>br\u00f8le<\/strong> veldig sterk: kraftverket &#8211; eller rettere sagt, den ytre beskyttende sarkofagen til reaktor 4 &#8211; hadde blitt truffet av en drone utstyrt med en eksplosiv ladning. Det var en<strong> Shahed 136<\/strong>en lang drone <strong>3,5 meter<\/strong>med et vingespenn p\u00e5 <strong>2,5 meter<\/strong> og i stand til \u00e5 b\u00e6re et eksplosivt stridshode som veier opptil 500g<strong> mellom 50 og 90 kg<\/strong>. Hvordan vet vi at det er nettopp denne modellen? Enkelt, myndighetene fant restene, for eksempel motoren.<\/p>\n<p>Hvem lanserte den? <strong>Ukraina<\/strong> anklaget <strong>Russland<\/strong>men Kreml benektet det. Her er vi imidlertid ikke interessert i \u00e5 forst\u00e5 hvem som satte i gang angrepet, men heller konsekvensene det medf\u00f8rte. Faktisk var eksplosjonen slik at den gjennomboret <strong>sarkofag<\/strong> og gi liv til en <strong>ild<\/strong>. Og tydeligvis p\u00e5 den tiden hadde aviser fra hele verden \u00f8ynene opp for anlegget, fryktet for et mulig utslipp av radioaktivt materiale&#8230; men fra begynnelsen ble det ikke registrert h\u00f8yere enn gjennomsnittlig str\u00e5lingsniv\u00e5. Og niv\u00e5ene er fortsatt opp til standard, som gjentatt av IAEA ved flere anledninger. Men hvordan er dette mulig?<br \/>For \u00e5 forst\u00e5 dette m\u00e5 vi spole tilbake b\u00e5ndet og forst\u00e5 hvordan de beskyttende sarkofagene i Tsjernobyl fungerer.<\/p>\n<h2>Tsjernobyl-ulykken i 1986: den mest alvorlige i historien<\/h2>\n<p>De<strong> 26. april 1986<\/strong> den alvorligste atomulykken i historien skjedde. N\u00e6rmere bestemt var den involverte personen <strong>reaktor 4<\/strong> fra atomkraftverket i Tsjernobyl. I dag vil jeg ikke g\u00e5 gjennom n\u00f8yaktig hva som skjedde, men det vi er interessert i \u00e5 vite er at prioriteringen den gang var \u00e5 innkapsle <strong>smeltet kjerne<\/strong> og om <strong>200 tonn materiale<\/strong> <strong>h\u00f8yt<\/strong> <strong>radioaktive<\/strong>.<\/p>\n<p>Nettopp derfor ble en f\u00f8rste opprettet <strong>sarkofag<\/strong> beskyttende i <strong>sement<\/strong> Og <strong>st\u00e5l<\/strong> som imidlertid ikke var designet med lang forventet levetid: la oss snakke om ca <strong>30 \u00e5r<\/strong>. Motivasjonen bak dette valget er at situasjonen var sv\u00e6rt alvorlig og prioriteringen var ikke \u00e5 planlegge et evig arbeid, men \u00e5 begrense problemet p\u00e5 kortest mulig tid. Nettopp derfor ble det imidlertid besluttet \u00e5 ogs\u00e5 opprette en <strong>ny beskyttende sarkofag,<\/strong> denne gangen med mye h\u00f8yere tekniske egenskaper.<\/p>\n<p>Dette er hvordan ideen om det ble f\u00f8dt<strong> Ny sikker innesperring<\/strong>en maxi st\u00e5lkledning hvis forventet levetid ville v\u00e6rt omtrentlig <strong>en<\/strong> <strong>\u00e5rhundre<\/strong>.<\/p>\n<h2>Hva er New Safe Confinement og hva vi vet<\/h2>\n<p>Konstruksjonen av denne nye sarkofagen, fra et teknisk synspunkt, er utrolig: Tenk faktisk p\u00e5 at den kostet ca. <strong>1,7 milliarder dollar<\/strong> og det er der<strong> st\u00f8rste mobilstruktur i verden<\/strong>. Dette enorme dekningstiltaket <strong>108 meter h\u00f8y<\/strong> Til <strong>164 i lengde<\/strong> Og <strong>257 bred<\/strong> og det vurderes <strong>mobil<\/strong> fordi den ikke ble bygget direkte p\u00e5 den indre sarkofagen, men ble flyttet hit gjennom spesielle innretninger <strong>bin\u00e6re filer<\/strong> I <strong>2016<\/strong>.<\/p>\n<p>Dette belegget best\u00e5r av en <strong>st\u00e5lramme<\/strong>dekket av ytterligere lag av <strong>rustfritt st\u00e5l<\/strong> Og <strong>polykarbonat<\/strong>. Det er ogs\u00e5 en <strong>membran<\/strong> hvis m\u00e5l er \u00e5 garantere hermetisk lukking med den opprinnelige strukturen og unng\u00e5 spredning av st\u00f8v. Men sarkofagen tjener ikke bare til \u00e5 begrense skaden av en mulig spredning av radioaktivt materiale. M\u00e5let er ogs\u00e5 \u00e5 sikre at den indre sarkofagen viser seg <strong>reparert,<\/strong> spesielt fra vann. Hvorfor fra vann? Fordi denne kanskje <strong>korrodere den<\/strong>.<\/p>\n<p>Nettopp derfor er det ogs\u00e5 installert et system inne <strong>ventilasjon<\/strong> Og <strong>klimaanlegg,<\/strong> for \u00e5 garantere konstant kontroll av fuktighet og temperatur. Som du kanskje har forst\u00e5tt er det en struktur designet ned til minste detalj og som ville kunne t\u00e5le jordskjelv opp til styrke 6,0, orkaner og plutselige temperaturvariasjoner&#8230; selv om byggherrene dessverre ikke vurderte krig blant de mulige skadekildene.<\/p>\n<p>Dronen klarte lett \u00e5 stikke hull p\u00e5 den ytre sarkofagen, mens for det mer <strong>innvendig<\/strong> vi har ikke <strong>veldig tydelig informasjon.<\/strong> Faktisk vet vi ikke om den ikke ble skadet i det hele tatt eller om den bare ble lettere skadet &#8211; men faktum er at i alle fall, <strong>ingen utslipp av radioaktivt materiale ble observert<\/strong> og for dette er str\u00e5lingsniv\u00e5ene i tr\u00e5d med <strong>de f\u00f8r angrepet<\/strong>.<\/p>\n<p>S\u00e5 hvis situasjonen virker under kontroll for \u00f8yeblikket, hvorfor er det all denne panikken?<\/p>\n<h2><b>Er Tsjernobyl trygt?<\/b><\/h2>\n<p>Alt har \u00e5 gj\u00f8re med <strong>pressemelding nummer 331<\/strong> utgitt av <strong>IAEA<\/strong> \u2013 det vil si Det internasjonale atomenergibyr\u00e5et \u2013 som snakker om et oppdrag utf\u00f8rt de siste ukene med sikte p\u00e5 \u00e5 vurdere helsetilstanden til sarkofagen. Jeg siterer ordrett:<\/p>\n<blockquote>\n<p>Oppdraget bekreftet at sarkofagen hadde mistet sine prim\u00e6re sikkerhetsfunksjoner, inkludert innesperringsevne, men fant ogs\u00e5 at det ikke var noen permanent skade p\u00e5 dens b\u00e6rende strukturer eller overv\u00e5kingssystem.<\/p>\n<\/blockquote>\n<p>Dette er den st\u00f8tende setningen: <em><strong>sarkofagen har mistet sine prim\u00e6re sikkerhetsfunksjoner. <\/strong><\/em>Det er sant: Som vi s\u00e5, for\u00e5rsaket dronen en flekker og omfattende skade. De siste m\u00e5nedene er det utf\u00f8rt mye arbeid for <strong>reparere skaden,<\/strong> men som IAEA-president Rafael Grossi minnes \u2013 igjen ordrett:<\/p>\n<blockquote>\n<p>Begrensede midlertidige reparasjoner er utf\u00f8rt p\u00e5 taket, men rettidig og omfattende restaurering er fortsatt viktig for \u00e5 forhindre ytterligere forringelse og sikre langsiktig kjernefysisk sikkerhet.<\/p>\n<\/blockquote>\n<p>S\u00e5 kort fortalt er skaden reparert, men det er ikke nok, vi trenger en <strong>fullstendig restaurering<\/strong> for \u00e5 sikre at strukturen forblir trygg i fremtiden. Men dette \u2013 og her er sakens kjerne \u2013 <strong>det betyr ikke at det eksisterer <em>N\u00e5<\/em> en lekkasje av radioaktivt materiale<\/strong>. Det virker som en subtilitet, men det utgj\u00f8r en enorm forskjell: sarkofagen er ikke trygg, men vi er langt fra p\u00e5 randen av en ny atomkatastrofe.<\/p>\n<p>Nettopp derfor har ulike eksperter gitt uttrykk for sine meninger om temaet de siste timene, som f.eks <strong>Shaun Burnie<\/strong>en ekspert p\u00e5 kjernefysisk teknologi, som erkl\u00e6rte \u00e5 <em>NY Times<\/em> at det for \u00f8yeblikket ikke er noen spesielt alvorlige problemer der; eller som professoren <strong>Jim Smith<\/strong>en ekspert atomkatastrofeforsker, som erkl\u00e6rte til <em>BBC<\/em> at risikoen knyttet til spredning av radioaktivt st\u00f8v er lav.<\/p>\n<p>S\u00e5 oppsummert er sarkofagen skadet, men <strong>str\u00e5ling er under kontroll for \u00f8yeblikket<\/strong>. De har f\u00e5tt p\u00e5 plass en midlertidig lapp \u2013 hvis vi kan kalle det det \u2013 og studerer m\u00e5ter \u00e5 gj\u00f8re justeringen permanent p\u00e5, men IAEA har ikke sagt noe som rettferdiggj\u00f8r overdreven bekymring. S\u00e5 jeg vil gjerne gjenta at det alltid er n\u00f8dvendig \u00e5 f\u00f8lge n\u00f8ye med p\u00e5 det vi leser p\u00e5 nettet, og at spesielt for nyheter som dette er det alltid greit \u00e5 konsultere prim\u00e6rkilder.<\/p>\n<\/p><\/div>\n","protected":false},"excerpt":{"rendered":"<p>Etter angrepet av en eksplosiv drone som traff sarkofag av Tsjernobyl reaktor 4 14. februar<\/p>\n","protected":false},"author":1,"featured_media":12641,"comment_status":"closed","ping_status":"open","sticky":false,"template":"","format":"standard","meta":{"footnotes":""},"categories":[26],"tags":[8317,950,658,92,187,657,81,971,1472,8316,567,117,413],"class_list":["post-12640","post","type-post","status-publish","format-standard","has-post-thumbnail","hentry","category-miljo","tag-alarmerende","tag-angrepet","tag-avklare","tag-etter","tag-ikke","tag-oss","tag-pa","tag-reaktor","tag-sa","tag-sarkofagen","tag-situasjonen","tag-til","tag-tsjernobyl","generate-columns","tablet-grid-50","mobile-grid-100","grid-parent","grid-33","resize-featured-image"],"yoast_head":"<!-- This site is optimized with the Yoast SEO plugin v24.4 - https:\/\/yoast.com\/wordpress\/plugins\/seo\/ -->\n<title>Tsjernobyl, situasjonen etter angrepet p\u00e5 sarkofagen til reaktor 4 er ikke s\u00e5 alarmerende: la oss avklare - Nordnesrepublikken<\/title>\n<meta name=\"robots\" content=\"index, follow, max-snippet:-1, max-image-preview:large, max-video-preview:-1\" \/>\n<link rel=\"canonical\" href=\"https:\/\/nordnesrepublikken.no\/index.php\/2025\/12\/10\/tsjernobyl-situasjonen-etter-angrepet-pa-sarkofagen-til-reaktor-4-er-ikke-sa-alarmerende-la-oss-avklare\/\" \/>\n<meta property=\"og:locale\" content=\"nb_NO\" \/>\n<meta property=\"og:type\" content=\"article\" \/>\n<meta property=\"og:title\" content=\"Tsjernobyl, situasjonen etter angrepet p\u00e5 sarkofagen til reaktor 4 er ikke s\u00e5 alarmerende: la oss avklare - Nordnesrepublikken\" \/>\n<meta property=\"og:description\" content=\"Etter angrepet av en eksplosiv drone som traff sarkofag av Tsjernobyl reaktor 4 14. februar\" \/>\n<meta property=\"og:url\" content=\"https:\/\/nordnesrepublikken.no\/index.php\/2025\/12\/10\/tsjernobyl-situasjonen-etter-angrepet-pa-sarkofagen-til-reaktor-4-er-ikke-sa-alarmerende-la-oss-avklare\/\" \/>\n<meta property=\"og:site_name\" content=\"Nordnesrepublikken\" \/>\n<meta property=\"article:published_time\" content=\"2025-12-10T00:51:06+00:00\" \/>\n<meta property=\"article:modified_time\" content=\"2025-12-10T00:51:07+00:00\" \/>\n<meta property=\"og:image\" content=\"https:\/\/nordnesrepublikken.no\/wp-content\/uploads\/2025\/12\/1765327867_Tsjernobyl-situasjonen-etter-angrepet-pa-sarkofagen-til-reaktor-4-er.jpg\" \/>\n\t<meta property=\"og:image:width\" content=\"1280\" \/>\n\t<meta property=\"og:image:height\" content=\"720\" \/>\n\t<meta property=\"og:image:type\" content=\"image\/jpeg\" \/>\n<meta name=\"author\" content=\"Ole Andersen\" \/>\n<meta name=\"twitter:card\" content=\"summary_large_image\" \/>\n<meta name=\"twitter:label1\" content=\"Skrevet av\" \/>\n\t<meta name=\"twitter:data1\" content=\"Ole Andersen\" \/>\n\t<meta name=\"twitter:label2\" content=\"Ansl. lesetid\" \/>\n\t<meta name=\"twitter:data2\" content=\"5 minutter\" \/>\n<script type=\"application\/ld+json\" class=\"yoast-schema-graph\">{\"@context\":\"https:\/\/schema.org\",\"@graph\":[{\"@type\":\"Article\",\"@id\":\"https:\/\/nordnesrepublikken.no\/index.php\/2025\/12\/10\/tsjernobyl-situasjonen-etter-angrepet-pa-sarkofagen-til-reaktor-4-er-ikke-sa-alarmerende-la-oss-avklare\/#article\",\"isPartOf\":{\"@id\":\"https:\/\/nordnesrepublikken.no\/index.php\/2025\/12\/10\/tsjernobyl-situasjonen-etter-angrepet-pa-sarkofagen-til-reaktor-4-er-ikke-sa-alarmerende-la-oss-avklare\/\"},\"author\":{\"name\":\"Ole Andersen\",\"@id\":\"https:\/\/nordnesrepublikken.no\/#\/schema\/person\/2e7e81935bab77882fffb79296240ff1\"},\"headline\":\"Tsjernobyl, situasjonen etter angrepet p\u00e5 sarkofagen til reaktor 4 er ikke s\u00e5 alarmerende: la oss avklare\",\"datePublished\":\"2025-12-10T00:51:06+00:00\",\"dateModified\":\"2025-12-10T00:51:07+00:00\",\"mainEntityOfPage\":{\"@id\":\"https:\/\/nordnesrepublikken.no\/index.php\/2025\/12\/10\/tsjernobyl-situasjonen-etter-angrepet-pa-sarkofagen-til-reaktor-4-er-ikke-sa-alarmerende-la-oss-avklare\/\"},\"wordCount\":1102,\"publisher\":{\"@id\":\"https:\/\/nordnesrepublikken.no\/#organization\"},\"image\":{\"@id\":\"https:\/\/nordnesrepublikken.no\/index.php\/2025\/12\/10\/tsjernobyl-situasjonen-etter-angrepet-pa-sarkofagen-til-reaktor-4-er-ikke-sa-alarmerende-la-oss-avklare\/#primaryimage\"},\"thumbnailUrl\":\"https:\/\/nordnesrepublikken.no\/wp-content\/uploads\/2025\/12\/1765327867_Tsjernobyl-situasjonen-etter-angrepet-pa-sarkofagen-til-reaktor-4-er.jpg\",\"keywords\":[\"alarmerende\",\"Angrepet\",\"avklare\",\"Etter\",\"ikke\",\"oss\",\"p\u00e5\",\"reaktor\",\"s\u00e5\",\"sarkofagen\",\"situasjonen\",\"til\",\"Tsjernobyl\"],\"articleSection\":[\"Milj\u00f8\"],\"inLanguage\":\"nb-NO\"},{\"@type\":\"WebPage\",\"@id\":\"https:\/\/nordnesrepublikken.no\/index.php\/2025\/12\/10\/tsjernobyl-situasjonen-etter-angrepet-pa-sarkofagen-til-reaktor-4-er-ikke-sa-alarmerende-la-oss-avklare\/\",\"url\":\"https:\/\/nordnesrepublikken.no\/index.php\/2025\/12\/10\/tsjernobyl-situasjonen-etter-angrepet-pa-sarkofagen-til-reaktor-4-er-ikke-sa-alarmerende-la-oss-avklare\/\",\"name\":\"Tsjernobyl, situasjonen etter angrepet p\u00e5 sarkofagen til reaktor 4 er ikke s\u00e5 alarmerende: la oss avklare - Nordnesrepublikken\",\"isPartOf\":{\"@id\":\"https:\/\/nordnesrepublikken.no\/#website\"},\"primaryImageOfPage\":{\"@id\":\"https:\/\/nordnesrepublikken.no\/index.php\/2025\/12\/10\/tsjernobyl-situasjonen-etter-angrepet-pa-sarkofagen-til-reaktor-4-er-ikke-sa-alarmerende-la-oss-avklare\/#primaryimage\"},\"image\":{\"@id\":\"https:\/\/nordnesrepublikken.no\/index.php\/2025\/12\/10\/tsjernobyl-situasjonen-etter-angrepet-pa-sarkofagen-til-reaktor-4-er-ikke-sa-alarmerende-la-oss-avklare\/#primaryimage\"},\"thumbnailUrl\":\"https:\/\/nordnesrepublikken.no\/wp-content\/uploads\/2025\/12\/1765327867_Tsjernobyl-situasjonen-etter-angrepet-pa-sarkofagen-til-reaktor-4-er.jpg\",\"datePublished\":\"2025-12-10T00:51:06+00:00\",\"dateModified\":\"2025-12-10T00:51:07+00:00\",\"breadcrumb\":{\"@id\":\"https:\/\/nordnesrepublikken.no\/index.php\/2025\/12\/10\/tsjernobyl-situasjonen-etter-angrepet-pa-sarkofagen-til-reaktor-4-er-ikke-sa-alarmerende-la-oss-avklare\/#breadcrumb\"},\"inLanguage\":\"nb-NO\",\"potentialAction\":[{\"@type\":\"ReadAction\",\"target\":[\"https:\/\/nordnesrepublikken.no\/index.php\/2025\/12\/10\/tsjernobyl-situasjonen-etter-angrepet-pa-sarkofagen-til-reaktor-4-er-ikke-sa-alarmerende-la-oss-avklare\/\"]}]},{\"@type\":\"ImageObject\",\"inLanguage\":\"nb-NO\",\"@id\":\"https:\/\/nordnesrepublikken.no\/index.php\/2025\/12\/10\/tsjernobyl-situasjonen-etter-angrepet-pa-sarkofagen-til-reaktor-4-er-ikke-sa-alarmerende-la-oss-avklare\/#primaryimage\",\"url\":\"https:\/\/nordnesrepublikken.no\/wp-content\/uploads\/2025\/12\/1765327867_Tsjernobyl-situasjonen-etter-angrepet-pa-sarkofagen-til-reaktor-4-er.jpg\",\"contentUrl\":\"https:\/\/nordnesrepublikken.no\/wp-content\/uploads\/2025\/12\/1765327867_Tsjernobyl-situasjonen-etter-angrepet-pa-sarkofagen-til-reaktor-4-er.jpg\",\"width\":1280,\"height\":720,\"caption\":\"Tsjernobyl, situasjonen etter angrepet p\u00e5 sarkofagen til reaktor 4 er ikke s\u00e5 alarmerende: la oss avklare\"},{\"@type\":\"BreadcrumbList\",\"@id\":\"https:\/\/nordnesrepublikken.no\/index.php\/2025\/12\/10\/tsjernobyl-situasjonen-etter-angrepet-pa-sarkofagen-til-reaktor-4-er-ikke-sa-alarmerende-la-oss-avklare\/#breadcrumb\",\"itemListElement\":[{\"@type\":\"ListItem\",\"position\":1,\"name\":\"Home\",\"item\":\"https:\/\/nordnesrepublikken.no\/\"},{\"@type\":\"ListItem\",\"position\":2,\"name\":\"Tsjernobyl, situasjonen etter angrepet p\u00e5 sarkofagen til reaktor 4 er ikke s\u00e5 alarmerende: la oss avklare\"}]},{\"@type\":\"WebSite\",\"@id\":\"https:\/\/nordnesrepublikken.no\/#website\",\"url\":\"https:\/\/nordnesrepublikken.no\/\",\"name\":\"Nordnesrepublikken\",\"description\":\"Stemmer og Visjoner fra Republikkens Hjerte\",\"publisher\":{\"@id\":\"https:\/\/nordnesrepublikken.no\/#organization\"},\"potentialAction\":[{\"@type\":\"SearchAction\",\"target\":{\"@type\":\"EntryPoint\",\"urlTemplate\":\"https:\/\/nordnesrepublikken.no\/?s={search_term_string}\"},\"query-input\":{\"@type\":\"PropertyValueSpecification\",\"valueRequired\":true,\"valueName\":\"search_term_string\"}}],\"inLanguage\":\"nb-NO\"},{\"@type\":\"Organization\",\"@id\":\"https:\/\/nordnesrepublikken.no\/#organization\",\"name\":\"Nordnesrepublikken\",\"url\":\"https:\/\/nordnesrepublikken.no\/\",\"logo\":{\"@type\":\"ImageObject\",\"inLanguage\":\"nb-NO\",\"@id\":\"https:\/\/nordnesrepublikken.no\/#\/schema\/logo\/image\/\",\"url\":\"https:\/\/nordnesrepublikken.no\/wp-content\/uploads\/2025\/02\/cropped-nordnesrepublikken-2.png\",\"contentUrl\":\"https:\/\/nordnesrepublikken.no\/wp-content\/uploads\/2025\/02\/cropped-nordnesrepublikken-2.png\",\"width\":1248,\"height\":362,\"caption\":\"Nordnesrepublikken\"},\"image\":{\"@id\":\"https:\/\/nordnesrepublikken.no\/#\/schema\/logo\/image\/\"}},{\"@type\":\"Person\",\"@id\":\"https:\/\/nordnesrepublikken.no\/#\/schema\/person\/2e7e81935bab77882fffb79296240ff1\",\"name\":\"Ole Andersen\",\"image\":{\"@type\":\"ImageObject\",\"inLanguage\":\"nb-NO\",\"@id\":\"https:\/\/nordnesrepublikken.no\/#\/schema\/person\/image\/\",\"url\":\"https:\/\/nordnesrepublikken.no\/wp-content\/uploads\/2025\/02\/nordnesrepublikken-2-2-150x150.jpg\",\"contentUrl\":\"https:\/\/nordnesrepublikken.no\/wp-content\/uploads\/2025\/02\/nordnesrepublikken-2-2-150x150.jpg\",\"caption\":\"Ole Andersen\"},\"description\":\"Ettersom jeg vokste opp i Oslo, har jeg alltid v\u00e6rt fascinert av ordenes kraft og deres evne til \u00e5 skape endringer. Etter \u00e5 ha fullf\u00f8rt min utdannelse i kommunikasjon ved Universitetet i Bergen, fikk jeg muligheten til \u00e5 jobbe innen ulike medier, der jeg har s\u00f8kt \u00e5 belyse viktige samfunnssp\u00f8rsm\u00e5l. I dag, som redakt\u00f8r for Nordnesrepublikken, pr\u00f8ver jeg \u00e5 forene min kj\u00e6rlighet for journalistikk med min lidenskap for innovasjon og eventyr.\",\"sameAs\":[\"https:\/\/nordnesrepublikken.no\/\"]}]}<\/script>\n<!-- \/ Yoast SEO plugin. -->","yoast_head_json":{"title":"Tsjernobyl, situasjonen etter angrepet p\u00e5 sarkofagen til reaktor 4 er ikke s\u00e5 alarmerende: la oss avklare - Nordnesrepublikken","robots":{"index":"index","follow":"follow","max-snippet":"max-snippet:-1","max-image-preview":"max-image-preview:large","max-video-preview":"max-video-preview:-1"},"canonical":"https:\/\/nordnesrepublikken.no\/index.php\/2025\/12\/10\/tsjernobyl-situasjonen-etter-angrepet-pa-sarkofagen-til-reaktor-4-er-ikke-sa-alarmerende-la-oss-avklare\/","og_locale":"nb_NO","og_type":"article","og_title":"Tsjernobyl, situasjonen etter angrepet p\u00e5 sarkofagen til reaktor 4 er ikke s\u00e5 alarmerende: la oss avklare - Nordnesrepublikken","og_description":"Etter angrepet av en eksplosiv drone som traff sarkofag av Tsjernobyl reaktor 4 14. februar","og_url":"https:\/\/nordnesrepublikken.no\/index.php\/2025\/12\/10\/tsjernobyl-situasjonen-etter-angrepet-pa-sarkofagen-til-reaktor-4-er-ikke-sa-alarmerende-la-oss-avklare\/","og_site_name":"Nordnesrepublikken","article_published_time":"2025-12-10T00:51:06+00:00","article_modified_time":"2025-12-10T00:51:07+00:00","og_image":[{"width":1280,"height":720,"url":"https:\/\/nordnesrepublikken.no\/wp-content\/uploads\/2025\/12\/1765327867_Tsjernobyl-situasjonen-etter-angrepet-pa-sarkofagen-til-reaktor-4-er.jpg","type":"image\/jpeg"}],"author":"Ole Andersen","twitter_card":"summary_large_image","twitter_misc":{"Skrevet av":"Ole Andersen","Ansl. lesetid":"5 minutter"},"schema":{"@context":"https:\/\/schema.org","@graph":[{"@type":"Article","@id":"https:\/\/nordnesrepublikken.no\/index.php\/2025\/12\/10\/tsjernobyl-situasjonen-etter-angrepet-pa-sarkofagen-til-reaktor-4-er-ikke-sa-alarmerende-la-oss-avklare\/#article","isPartOf":{"@id":"https:\/\/nordnesrepublikken.no\/index.php\/2025\/12\/10\/tsjernobyl-situasjonen-etter-angrepet-pa-sarkofagen-til-reaktor-4-er-ikke-sa-alarmerende-la-oss-avklare\/"},"author":{"name":"Ole Andersen","@id":"https:\/\/nordnesrepublikken.no\/#\/schema\/person\/2e7e81935bab77882fffb79296240ff1"},"headline":"Tsjernobyl, situasjonen etter angrepet p\u00e5 sarkofagen til reaktor 4 er ikke s\u00e5 alarmerende: la oss avklare","datePublished":"2025-12-10T00:51:06+00:00","dateModified":"2025-12-10T00:51:07+00:00","mainEntityOfPage":{"@id":"https:\/\/nordnesrepublikken.no\/index.php\/2025\/12\/10\/tsjernobyl-situasjonen-etter-angrepet-pa-sarkofagen-til-reaktor-4-er-ikke-sa-alarmerende-la-oss-avklare\/"},"wordCount":1102,"publisher":{"@id":"https:\/\/nordnesrepublikken.no\/#organization"},"image":{"@id":"https:\/\/nordnesrepublikken.no\/index.php\/2025\/12\/10\/tsjernobyl-situasjonen-etter-angrepet-pa-sarkofagen-til-reaktor-4-er-ikke-sa-alarmerende-la-oss-avklare\/#primaryimage"},"thumbnailUrl":"https:\/\/nordnesrepublikken.no\/wp-content\/uploads\/2025\/12\/1765327867_Tsjernobyl-situasjonen-etter-angrepet-pa-sarkofagen-til-reaktor-4-er.jpg","keywords":["alarmerende","Angrepet","avklare","Etter","ikke","oss","p\u00e5","reaktor","s\u00e5","sarkofagen","situasjonen","til","Tsjernobyl"],"articleSection":["Milj\u00f8"],"inLanguage":"nb-NO"},{"@type":"WebPage","@id":"https:\/\/nordnesrepublikken.no\/index.php\/2025\/12\/10\/tsjernobyl-situasjonen-etter-angrepet-pa-sarkofagen-til-reaktor-4-er-ikke-sa-alarmerende-la-oss-avklare\/","url":"https:\/\/nordnesrepublikken.no\/index.php\/2025\/12\/10\/tsjernobyl-situasjonen-etter-angrepet-pa-sarkofagen-til-reaktor-4-er-ikke-sa-alarmerende-la-oss-avklare\/","name":"Tsjernobyl, situasjonen etter angrepet p\u00e5 sarkofagen til reaktor 4 er ikke s\u00e5 alarmerende: la oss avklare - Nordnesrepublikken","isPartOf":{"@id":"https:\/\/nordnesrepublikken.no\/#website"},"primaryImageOfPage":{"@id":"https:\/\/nordnesrepublikken.no\/index.php\/2025\/12\/10\/tsjernobyl-situasjonen-etter-angrepet-pa-sarkofagen-til-reaktor-4-er-ikke-sa-alarmerende-la-oss-avklare\/#primaryimage"},"image":{"@id":"https:\/\/nordnesrepublikken.no\/index.php\/2025\/12\/10\/tsjernobyl-situasjonen-etter-angrepet-pa-sarkofagen-til-reaktor-4-er-ikke-sa-alarmerende-la-oss-avklare\/#primaryimage"},"thumbnailUrl":"https:\/\/nordnesrepublikken.no\/wp-content\/uploads\/2025\/12\/1765327867_Tsjernobyl-situasjonen-etter-angrepet-pa-sarkofagen-til-reaktor-4-er.jpg","datePublished":"2025-12-10T00:51:06+00:00","dateModified":"2025-12-10T00:51:07+00:00","breadcrumb":{"@id":"https:\/\/nordnesrepublikken.no\/index.php\/2025\/12\/10\/tsjernobyl-situasjonen-etter-angrepet-pa-sarkofagen-til-reaktor-4-er-ikke-sa-alarmerende-la-oss-avklare\/#breadcrumb"},"inLanguage":"nb-NO","potentialAction":[{"@type":"ReadAction","target":["https:\/\/nordnesrepublikken.no\/index.php\/2025\/12\/10\/tsjernobyl-situasjonen-etter-angrepet-pa-sarkofagen-til-reaktor-4-er-ikke-sa-alarmerende-la-oss-avklare\/"]}]},{"@type":"ImageObject","inLanguage":"nb-NO","@id":"https:\/\/nordnesrepublikken.no\/index.php\/2025\/12\/10\/tsjernobyl-situasjonen-etter-angrepet-pa-sarkofagen-til-reaktor-4-er-ikke-sa-alarmerende-la-oss-avklare\/#primaryimage","url":"https:\/\/nordnesrepublikken.no\/wp-content\/uploads\/2025\/12\/1765327867_Tsjernobyl-situasjonen-etter-angrepet-pa-sarkofagen-til-reaktor-4-er.jpg","contentUrl":"https:\/\/nordnesrepublikken.no\/wp-content\/uploads\/2025\/12\/1765327867_Tsjernobyl-situasjonen-etter-angrepet-pa-sarkofagen-til-reaktor-4-er.jpg","width":1280,"height":720,"caption":"Tsjernobyl, situasjonen etter angrepet p\u00e5 sarkofagen til reaktor 4 er ikke s\u00e5 alarmerende: la oss avklare"},{"@type":"BreadcrumbList","@id":"https:\/\/nordnesrepublikken.no\/index.php\/2025\/12\/10\/tsjernobyl-situasjonen-etter-angrepet-pa-sarkofagen-til-reaktor-4-er-ikke-sa-alarmerende-la-oss-avklare\/#breadcrumb","itemListElement":[{"@type":"ListItem","position":1,"name":"Home","item":"https:\/\/nordnesrepublikken.no\/"},{"@type":"ListItem","position":2,"name":"Tsjernobyl, situasjonen etter angrepet p\u00e5 sarkofagen til reaktor 4 er ikke s\u00e5 alarmerende: la oss avklare"}]},{"@type":"WebSite","@id":"https:\/\/nordnesrepublikken.no\/#website","url":"https:\/\/nordnesrepublikken.no\/","name":"Nordnesrepublikken","description":"Stemmer og Visjoner fra Republikkens Hjerte","publisher":{"@id":"https:\/\/nordnesrepublikken.no\/#organization"},"potentialAction":[{"@type":"SearchAction","target":{"@type":"EntryPoint","urlTemplate":"https:\/\/nordnesrepublikken.no\/?s={search_term_string}"},"query-input":{"@type":"PropertyValueSpecification","valueRequired":true,"valueName":"search_term_string"}}],"inLanguage":"nb-NO"},{"@type":"Organization","@id":"https:\/\/nordnesrepublikken.no\/#organization","name":"Nordnesrepublikken","url":"https:\/\/nordnesrepublikken.no\/","logo":{"@type":"ImageObject","inLanguage":"nb-NO","@id":"https:\/\/nordnesrepublikken.no\/#\/schema\/logo\/image\/","url":"https:\/\/nordnesrepublikken.no\/wp-content\/uploads\/2025\/02\/cropped-nordnesrepublikken-2.png","contentUrl":"https:\/\/nordnesrepublikken.no\/wp-content\/uploads\/2025\/02\/cropped-nordnesrepublikken-2.png","width":1248,"height":362,"caption":"Nordnesrepublikken"},"image":{"@id":"https:\/\/nordnesrepublikken.no\/#\/schema\/logo\/image\/"}},{"@type":"Person","@id":"https:\/\/nordnesrepublikken.no\/#\/schema\/person\/2e7e81935bab77882fffb79296240ff1","name":"Ole Andersen","image":{"@type":"ImageObject","inLanguage":"nb-NO","@id":"https:\/\/nordnesrepublikken.no\/#\/schema\/person\/image\/","url":"https:\/\/nordnesrepublikken.no\/wp-content\/uploads\/2025\/02\/nordnesrepublikken-2-2-150x150.jpg","contentUrl":"https:\/\/nordnesrepublikken.no\/wp-content\/uploads\/2025\/02\/nordnesrepublikken-2-2-150x150.jpg","caption":"Ole Andersen"},"description":"Ettersom jeg vokste opp i Oslo, har jeg alltid v\u00e6rt fascinert av ordenes kraft og deres evne til \u00e5 skape endringer. Etter \u00e5 ha fullf\u00f8rt min utdannelse i kommunikasjon ved Universitetet i Bergen, fikk jeg muligheten til \u00e5 jobbe innen ulike medier, der jeg har s\u00f8kt \u00e5 belyse viktige samfunnssp\u00f8rsm\u00e5l. I dag, som redakt\u00f8r for Nordnesrepublikken, pr\u00f8ver jeg \u00e5 forene min kj\u00e6rlighet for journalistikk med min lidenskap for innovasjon og eventyr.","sameAs":["https:\/\/nordnesrepublikken.no\/"]}]}},"_links":{"self":[{"href":"https:\/\/nordnesrepublikken.no\/index.php\/wp-json\/wp\/v2\/posts\/12640","targetHints":{"allow":["GET"]}}],"collection":[{"href":"https:\/\/nordnesrepublikken.no\/index.php\/wp-json\/wp\/v2\/posts"}],"about":[{"href":"https:\/\/nordnesrepublikken.no\/index.php\/wp-json\/wp\/v2\/types\/post"}],"author":[{"embeddable":true,"href":"https:\/\/nordnesrepublikken.no\/index.php\/wp-json\/wp\/v2\/users\/1"}],"replies":[{"embeddable":true,"href":"https:\/\/nordnesrepublikken.no\/index.php\/wp-json\/wp\/v2\/comments?post=12640"}],"version-history":[{"count":1,"href":"https:\/\/nordnesrepublikken.no\/index.php\/wp-json\/wp\/v2\/posts\/12640\/revisions"}],"predecessor-version":[{"id":12642,"href":"https:\/\/nordnesrepublikken.no\/index.php\/wp-json\/wp\/v2\/posts\/12640\/revisions\/12642"}],"wp:featuredmedia":[{"embeddable":true,"href":"https:\/\/nordnesrepublikken.no\/index.php\/wp-json\/wp\/v2\/media\/12641"}],"wp:attachment":[{"href":"https:\/\/nordnesrepublikken.no\/index.php\/wp-json\/wp\/v2\/media?parent=12640"}],"wp:term":[{"taxonomy":"category","embeddable":true,"href":"https:\/\/nordnesrepublikken.no\/index.php\/wp-json\/wp\/v2\/categories?post=12640"},{"taxonomy":"post_tag","embeddable":true,"href":"https:\/\/nordnesrepublikken.no\/index.php\/wp-json\/wp\/v2\/tags?post=12640"}],"curies":[{"name":"wp","href":"https:\/\/api.w.org\/{rel}","templated":true}]}}