{"id":12637,"date":"2025-12-10T00:51:35","date_gmt":"2025-12-09T23:51:35","guid":{"rendered":"https:\/\/nordnesrepublikken.no\/index.php\/2025\/12\/10\/seismisiteten-avtar-i-campi-flegrei-men-temperaturokningen-i-solfatara-er-bekreftet-den-siste-ingv-bulletinen\/"},"modified":"2025-12-10T00:51:37","modified_gmt":"2025-12-09T23:51:37","slug":"seismisiteten-avtar-i-campi-flegrei-men-temperaturokningen-i-solfatara-er-bekreftet-den-siste-ingv-bulletinen","status":"publish","type":"post","link":"https:\/\/nordnesrepublikken.no\/index.php\/2025\/12\/10\/seismisiteten-avtar-i-campi-flegrei-men-temperaturokningen-i-solfatara-er-bekreftet-den-siste-ingv-bulletinen\/","title":{"rendered":"Seismisiteten avtar i Campi Flegrei, men temperatur\u00f8kningen i Solfatara er bekreftet: den siste INGV-bulletinen"},"content":{"rendered":"<div>\n<div class=\"cp_wrapper cp_wrapper--fw mb-30 mb-20@tablet\">\n<figure class=\"mm\"><picture class=\"img\" style=\"padding-top:56.25%\"><source  media=\"(min-width: 1024px)\"><source  media=\"(min-width: 768px)\"><\/source><\/source><\/picture><\/figure>\n<\/p><\/div>\n<p>Antall jordskjelv synker <strong>Phlegraean Fields<\/strong> med 48 jordskjelv (maksimal styrke 2,3), men den geokjemiske aktiviteten fortsetter \u00e5 \u00f8ke, spesielt temperaturen p\u00e5 <strong>173\u00b0C<\/strong> ved <strong>hovedfumarol i Solfatara-krateret<\/strong>. Dette er det som kommer frem av den siste ukentlige bulletinen fra INGV Vesuvian Observatory, knyttet til perioden <strong>fra 1. til 7. desember 2025<\/strong>. N\u00e5r det gjelder markl\u00f8ftet p\u00e5 grunn av bradyseisme i omr\u00e5det, bekreftes stigningshastigheten \u00e5 v\u00e6re stabil kl. <strong>25 \u00b1 3 millimeter per m\u00e5ned <\/strong>starter 10. oktober.<\/p>\n<h2>Jordskjelv minker i Campi Flegrei: 48 rystelser og en jordskjelvsverm<\/h2>\n<p><span style=\"font-size: 16px\">Seismografene til Vesuvian Observatory registrert i referanseperioden <strong>48 jordskjelvskjelv<\/strong> av maksimal styrke 2,3, med 7 skjelvinger av styrke st\u00f8rre enn 1,0 og en <strong>seismisk sverm p\u00e5 8 sjokk<\/strong> (styrke opp til 1,8) skjedde 1. desember i Pisciarelli-omr\u00e5det.<\/span><\/p>\n<div class=\"cp_wrapper cp_wrapper--fw mb-50\">\n<figure class=\"mm\"><picture class=\"img\" style=\"padding-top:73.103448275862%\"><source  media=\"(min-width: 1024px)\"><source  media=\"(min-width: 768px)\"><img decoding=\"async\" loading=\"lazy\" src=\"https:\/\/nordnesrepublikken.no\/wp-content\/uploads\/2025\/12\/1765324295_766_Seismisiteten-avtar-i-Campi-Flegrei-men-temperaturokningen-i-Solfatara-er.jpg\" alt=\"jordskjelv i de flegreiske feltene\" width=\"1450\" height=\"1060\"\/><\/source><\/source><\/picture><\/figure>\n<\/p><\/div>\n<p>Geokjemien i omr\u00e5det forblir stabil sammenlignet med den siste trenden med \u00f8kning i fumaroler, med <strong>93\u00b0C<\/strong> gjennomsnitt registrert i Pisciarelli fumarole e <strong>173\u00b0C<\/strong> i hovedfumarolen til Solfatara.<\/p>\n<h2><strong>Bradyseisme stabil: data om bakkeheving<\/strong><\/h2>\n<p>Fra et bradyseismesynspunkt har INGV fra og med 10. oktober 2025 registrert en <strong>\u00f8kning i markl\u00f8fthastighet<\/strong>med en gjennomsnittlig m\u00e5nedlig verdi som har <strong>f\u00f8rst<\/strong> n\u00e5dde 20\u00b15 mm\/m\u00e5ned i de forrige, og slo seg s\u00e5 ned p\u00e5 de n\u00e5v\u00e6rende <strong>25\u00b13 mm\/mnd<\/strong>.<\/p>\n<div class=\"cp_wrapper cp_wrapper--fw mb-50\">\n<figure class=\"mm\"><picture class=\"img\" style=\"padding-top:47.066014669927%\"><source  media=\"(min-width: 1024px)\"><source  media=\"(min-width: 768px)\"><img decoding=\"async\" loading=\"lazy\" src=\"https:\/\/nordnesrepublikken.no\/wp-content\/uploads\/2025\/12\/1765324295_106_Seismisiteten-avtar-i-Campi-Flegrei-men-temperaturokningen-i-Solfatara-er.jpg\" alt=\"bradyseisme i de flegreiske feltene\" width=\"1636\" height=\"770\" class=\"js-seedtag-img\"\/><\/source><\/source><\/picture><\/figure>\n<\/p><\/div>\n<p>Denne akselerasjonen markerer derfor en <strong>\u00f8ke<\/strong> sammenlignet med 15 \u00b1 3 mm\/mnd observert fra tidlig april til midten av oktober. Siden januar 2025 er den totale heisen registrert p\u00e5 Rione Terra GNSS-stasjonen <strong>20,5 cm<\/strong>.<\/p>\n<h2>Sammendrag av den siste INGV-bulletinen om Campi Flegrei<\/h2>\n<p>Oppsummert indikerer dataene fra den siste ukentlige bulletinen om overv\u00e5king av Campi Flegrei:<\/p>\n<ul>\n<li><strong>Seismisitet<\/strong>: 48 jordskjelv (Mdmax 2,3), en kraftig nedgang sammenlignet med 137 (Mdmax 3,3) forrige uke.<\/li>\n<li><strong>Svermer: <\/strong>en jordskjelvsverm registrert 1\/12, for totalt 8 rystelser.<\/li>\n<li><strong>Jordl\u00f8fting<\/strong>: gjennomsnittshastigheten er bekreftet til 25 \u00b1 3 mm\/mnd, opp mot 15 \u00b1 3 mm\/mnd i perioden april-oktober 2025.<\/li>\n<li><strong>Geokjemi<\/strong>: Bekreftelse av oppvarmingstrenden til det hydrotermiske systemet, med Solfatara fumarol stabil ved 173 \u00b0C.<\/li>\n<\/ul><\/div>\n","protected":false},"excerpt":{"rendered":"<p>Antall jordskjelv synker Phlegraean Fields med 48 jordskjelv (maksimal styrke 2,3), men den geokjemiske aktiviteten<\/p>\n","protected":false},"author":1,"featured_media":12638,"comment_status":"closed","ping_status":"open","sticky":false,"template":"","format":"standard","meta":{"footnotes":""},"categories":[24],"tags":[8313,3234,432,74,1222,7138,355,1226,779,8315,8314],"class_list":["post-12637","post","type-post","status-publish","format-standard","has-post-thumbnail","hentry","category-vitenskap","tag-avtar","tag-bekreftet","tag-campi","tag-den","tag-flegrei","tag-ingvbulletinen","tag-men","tag-seismisiteten","tag-siste","tag-solfatara","tag-temperaturokningen","generate-columns","tablet-grid-50","mobile-grid-100","grid-parent","grid-33","resize-featured-image"],"yoast_head":"<!-- This site is optimized with the Yoast SEO plugin v24.4 - https:\/\/yoast.com\/wordpress\/plugins\/seo\/ -->\n<title>Seismisiteten avtar i Campi Flegrei, men temperatur\u00f8kningen i Solfatara er bekreftet: den siste INGV-bulletinen - Nordnesrepublikken<\/title>\n<meta name=\"robots\" content=\"index, follow, max-snippet:-1, max-image-preview:large, max-video-preview:-1\" \/>\n<link rel=\"canonical\" href=\"https:\/\/nordnesrepublikken.no\/index.php\/2025\/12\/10\/seismisiteten-avtar-i-campi-flegrei-men-temperaturokningen-i-solfatara-er-bekreftet-den-siste-ingv-bulletinen\/\" \/>\n<meta property=\"og:locale\" content=\"nb_NO\" \/>\n<meta property=\"og:type\" content=\"article\" \/>\n<meta property=\"og:title\" content=\"Seismisiteten avtar i Campi Flegrei, men temperatur\u00f8kningen i Solfatara er bekreftet: den siste INGV-bulletinen - Nordnesrepublikken\" \/>\n<meta property=\"og:description\" content=\"Antall jordskjelv synker Phlegraean Fields med 48 jordskjelv (maksimal styrke 2,3), men den geokjemiske aktiviteten\" \/>\n<meta property=\"og:url\" content=\"https:\/\/nordnesrepublikken.no\/index.php\/2025\/12\/10\/seismisiteten-avtar-i-campi-flegrei-men-temperaturokningen-i-solfatara-er-bekreftet-den-siste-ingv-bulletinen\/\" \/>\n<meta property=\"og:site_name\" content=\"Nordnesrepublikken\" \/>\n<meta property=\"article:published_time\" content=\"2025-12-09T23:51:35+00:00\" \/>\n<meta property=\"article:modified_time\" content=\"2025-12-09T23:51:37+00:00\" \/>\n<meta property=\"og:image\" content=\"https:\/\/nordnesrepublikken.no\/wp-content\/uploads\/2025\/12\/1765324295_Seismisiteten-avtar-i-Campi-Flegrei-men-temperaturokningen-i-Solfatara-er.jpg\" \/>\n\t<meta property=\"og:image:width\" content=\"2006\" \/>\n\t<meta property=\"og:image:height\" content=\"1126\" \/>\n\t<meta property=\"og:image:type\" content=\"image\/jpeg\" \/>\n<meta name=\"author\" content=\"Ole Andersen\" \/>\n<meta name=\"twitter:card\" content=\"summary_large_image\" \/>\n<meta name=\"twitter:label1\" content=\"Skrevet av\" \/>\n\t<meta name=\"twitter:data1\" content=\"Ole Andersen\" \/>\n\t<meta name=\"twitter:label2\" content=\"Ansl. lesetid\" \/>\n\t<meta name=\"twitter:data2\" content=\"1 minutt\" \/>\n<script type=\"application\/ld+json\" class=\"yoast-schema-graph\">{\"@context\":\"https:\/\/schema.org\",\"@graph\":[{\"@type\":\"Article\",\"@id\":\"https:\/\/nordnesrepublikken.no\/index.php\/2025\/12\/10\/seismisiteten-avtar-i-campi-flegrei-men-temperaturokningen-i-solfatara-er-bekreftet-den-siste-ingv-bulletinen\/#article\",\"isPartOf\":{\"@id\":\"https:\/\/nordnesrepublikken.no\/index.php\/2025\/12\/10\/seismisiteten-avtar-i-campi-flegrei-men-temperaturokningen-i-solfatara-er-bekreftet-den-siste-ingv-bulletinen\/\"},\"author\":{\"name\":\"Ole Andersen\",\"@id\":\"https:\/\/nordnesrepublikken.no\/#\/schema\/person\/2e7e81935bab77882fffb79296240ff1\"},\"headline\":\"Seismisiteten avtar i Campi Flegrei, men temperatur\u00f8kningen i Solfatara er bekreftet: den siste INGV-bulletinen\",\"datePublished\":\"2025-12-09T23:51:35+00:00\",\"dateModified\":\"2025-12-09T23:51:37+00:00\",\"mainEntityOfPage\":{\"@id\":\"https:\/\/nordnesrepublikken.no\/index.php\/2025\/12\/10\/seismisiteten-avtar-i-campi-flegrei-men-temperaturokningen-i-solfatara-er-bekreftet-den-siste-ingv-bulletinen\/\"},\"wordCount\":301,\"publisher\":{\"@id\":\"https:\/\/nordnesrepublikken.no\/#organization\"},\"image\":{\"@id\":\"https:\/\/nordnesrepublikken.no\/index.php\/2025\/12\/10\/seismisiteten-avtar-i-campi-flegrei-men-temperaturokningen-i-solfatara-er-bekreftet-den-siste-ingv-bulletinen\/#primaryimage\"},\"thumbnailUrl\":\"https:\/\/nordnesrepublikken.no\/wp-content\/uploads\/2025\/12\/1765324295_Seismisiteten-avtar-i-Campi-Flegrei-men-temperaturokningen-i-Solfatara-er.jpg\",\"keywords\":[\"avtar\",\"bekreftet\",\"Campi\",\"den\",\"flegrei\",\"INGVbulletinen\",\"men\",\"seismisiteten\",\"siste\",\"Solfatara\",\"temperatur\u00f8kningen\"],\"articleSection\":[\"Vitenskap\"],\"inLanguage\":\"nb-NO\"},{\"@type\":\"WebPage\",\"@id\":\"https:\/\/nordnesrepublikken.no\/index.php\/2025\/12\/10\/seismisiteten-avtar-i-campi-flegrei-men-temperaturokningen-i-solfatara-er-bekreftet-den-siste-ingv-bulletinen\/\",\"url\":\"https:\/\/nordnesrepublikken.no\/index.php\/2025\/12\/10\/seismisiteten-avtar-i-campi-flegrei-men-temperaturokningen-i-solfatara-er-bekreftet-den-siste-ingv-bulletinen\/\",\"name\":\"Seismisiteten avtar i Campi Flegrei, men temperatur\u00f8kningen i Solfatara er bekreftet: den siste INGV-bulletinen - Nordnesrepublikken\",\"isPartOf\":{\"@id\":\"https:\/\/nordnesrepublikken.no\/#website\"},\"primaryImageOfPage\":{\"@id\":\"https:\/\/nordnesrepublikken.no\/index.php\/2025\/12\/10\/seismisiteten-avtar-i-campi-flegrei-men-temperaturokningen-i-solfatara-er-bekreftet-den-siste-ingv-bulletinen\/#primaryimage\"},\"image\":{\"@id\":\"https:\/\/nordnesrepublikken.no\/index.php\/2025\/12\/10\/seismisiteten-avtar-i-campi-flegrei-men-temperaturokningen-i-solfatara-er-bekreftet-den-siste-ingv-bulletinen\/#primaryimage\"},\"thumbnailUrl\":\"https:\/\/nordnesrepublikken.no\/wp-content\/uploads\/2025\/12\/1765324295_Seismisiteten-avtar-i-Campi-Flegrei-men-temperaturokningen-i-Solfatara-er.jpg\",\"datePublished\":\"2025-12-09T23:51:35+00:00\",\"dateModified\":\"2025-12-09T23:51:37+00:00\",\"breadcrumb\":{\"@id\":\"https:\/\/nordnesrepublikken.no\/index.php\/2025\/12\/10\/seismisiteten-avtar-i-campi-flegrei-men-temperaturokningen-i-solfatara-er-bekreftet-den-siste-ingv-bulletinen\/#breadcrumb\"},\"inLanguage\":\"nb-NO\",\"potentialAction\":[{\"@type\":\"ReadAction\",\"target\":[\"https:\/\/nordnesrepublikken.no\/index.php\/2025\/12\/10\/seismisiteten-avtar-i-campi-flegrei-men-temperaturokningen-i-solfatara-er-bekreftet-den-siste-ingv-bulletinen\/\"]}]},{\"@type\":\"ImageObject\",\"inLanguage\":\"nb-NO\",\"@id\":\"https:\/\/nordnesrepublikken.no\/index.php\/2025\/12\/10\/seismisiteten-avtar-i-campi-flegrei-men-temperaturokningen-i-solfatara-er-bekreftet-den-siste-ingv-bulletinen\/#primaryimage\",\"url\":\"https:\/\/nordnesrepublikken.no\/wp-content\/uploads\/2025\/12\/1765324295_Seismisiteten-avtar-i-Campi-Flegrei-men-temperaturokningen-i-Solfatara-er.jpg\",\"contentUrl\":\"https:\/\/nordnesrepublikken.no\/wp-content\/uploads\/2025\/12\/1765324295_Seismisiteten-avtar-i-Campi-Flegrei-men-temperaturokningen-i-Solfatara-er.jpg\",\"width\":2006,\"height\":1126,\"caption\":\"Seismisiteten avtar i Campi Flegrei, men temperatur\u00f8kningen i Solfatara er bekreftet: den siste INGV-bulletinen\"},{\"@type\":\"BreadcrumbList\",\"@id\":\"https:\/\/nordnesrepublikken.no\/index.php\/2025\/12\/10\/seismisiteten-avtar-i-campi-flegrei-men-temperaturokningen-i-solfatara-er-bekreftet-den-siste-ingv-bulletinen\/#breadcrumb\",\"itemListElement\":[{\"@type\":\"ListItem\",\"position\":1,\"name\":\"Home\",\"item\":\"https:\/\/nordnesrepublikken.no\/\"},{\"@type\":\"ListItem\",\"position\":2,\"name\":\"Seismisiteten avtar i Campi Flegrei, men temperatur\u00f8kningen i Solfatara er bekreftet: den siste INGV-bulletinen\"}]},{\"@type\":\"WebSite\",\"@id\":\"https:\/\/nordnesrepublikken.no\/#website\",\"url\":\"https:\/\/nordnesrepublikken.no\/\",\"name\":\"Nordnesrepublikken\",\"description\":\"Stemmer og Visjoner fra Republikkens Hjerte\",\"publisher\":{\"@id\":\"https:\/\/nordnesrepublikken.no\/#organization\"},\"potentialAction\":[{\"@type\":\"SearchAction\",\"target\":{\"@type\":\"EntryPoint\",\"urlTemplate\":\"https:\/\/nordnesrepublikken.no\/?s={search_term_string}\"},\"query-input\":{\"@type\":\"PropertyValueSpecification\",\"valueRequired\":true,\"valueName\":\"search_term_string\"}}],\"inLanguage\":\"nb-NO\"},{\"@type\":\"Organization\",\"@id\":\"https:\/\/nordnesrepublikken.no\/#organization\",\"name\":\"Nordnesrepublikken\",\"url\":\"https:\/\/nordnesrepublikken.no\/\",\"logo\":{\"@type\":\"ImageObject\",\"inLanguage\":\"nb-NO\",\"@id\":\"https:\/\/nordnesrepublikken.no\/#\/schema\/logo\/image\/\",\"url\":\"https:\/\/nordnesrepublikken.no\/wp-content\/uploads\/2025\/02\/cropped-nordnesrepublikken-2.png\",\"contentUrl\":\"https:\/\/nordnesrepublikken.no\/wp-content\/uploads\/2025\/02\/cropped-nordnesrepublikken-2.png\",\"width\":1248,\"height\":362,\"caption\":\"Nordnesrepublikken\"},\"image\":{\"@id\":\"https:\/\/nordnesrepublikken.no\/#\/schema\/logo\/image\/\"}},{\"@type\":\"Person\",\"@id\":\"https:\/\/nordnesrepublikken.no\/#\/schema\/person\/2e7e81935bab77882fffb79296240ff1\",\"name\":\"Ole Andersen\",\"image\":{\"@type\":\"ImageObject\",\"inLanguage\":\"nb-NO\",\"@id\":\"https:\/\/nordnesrepublikken.no\/#\/schema\/person\/image\/\",\"url\":\"https:\/\/nordnesrepublikken.no\/wp-content\/uploads\/2025\/02\/nordnesrepublikken-2-2-150x150.jpg\",\"contentUrl\":\"https:\/\/nordnesrepublikken.no\/wp-content\/uploads\/2025\/02\/nordnesrepublikken-2-2-150x150.jpg\",\"caption\":\"Ole Andersen\"},\"description\":\"Ettersom jeg vokste opp i Oslo, har jeg alltid v\u00e6rt fascinert av ordenes kraft og deres evne til \u00e5 skape endringer. Etter \u00e5 ha fullf\u00f8rt min utdannelse i kommunikasjon ved Universitetet i Bergen, fikk jeg muligheten til \u00e5 jobbe innen ulike medier, der jeg har s\u00f8kt \u00e5 belyse viktige samfunnssp\u00f8rsm\u00e5l. I dag, som redakt\u00f8r for Nordnesrepublikken, pr\u00f8ver jeg \u00e5 forene min kj\u00e6rlighet for journalistikk med min lidenskap for innovasjon og eventyr.\",\"sameAs\":[\"https:\/\/nordnesrepublikken.no\/\"]}]}<\/script>\n<!-- \/ Yoast SEO plugin. -->","yoast_head_json":{"title":"Seismisiteten avtar i Campi Flegrei, men temperatur\u00f8kningen i Solfatara er bekreftet: den siste INGV-bulletinen - Nordnesrepublikken","robots":{"index":"index","follow":"follow","max-snippet":"max-snippet:-1","max-image-preview":"max-image-preview:large","max-video-preview":"max-video-preview:-1"},"canonical":"https:\/\/nordnesrepublikken.no\/index.php\/2025\/12\/10\/seismisiteten-avtar-i-campi-flegrei-men-temperaturokningen-i-solfatara-er-bekreftet-den-siste-ingv-bulletinen\/","og_locale":"nb_NO","og_type":"article","og_title":"Seismisiteten avtar i Campi Flegrei, men temperatur\u00f8kningen i Solfatara er bekreftet: den siste INGV-bulletinen - Nordnesrepublikken","og_description":"Antall jordskjelv synker Phlegraean Fields med 48 jordskjelv (maksimal styrke 2,3), men den geokjemiske aktiviteten","og_url":"https:\/\/nordnesrepublikken.no\/index.php\/2025\/12\/10\/seismisiteten-avtar-i-campi-flegrei-men-temperaturokningen-i-solfatara-er-bekreftet-den-siste-ingv-bulletinen\/","og_site_name":"Nordnesrepublikken","article_published_time":"2025-12-09T23:51:35+00:00","article_modified_time":"2025-12-09T23:51:37+00:00","og_image":[{"width":2006,"height":1126,"url":"https:\/\/nordnesrepublikken.no\/wp-content\/uploads\/2025\/12\/1765324295_Seismisiteten-avtar-i-Campi-Flegrei-men-temperaturokningen-i-Solfatara-er.jpg","type":"image\/jpeg"}],"author":"Ole Andersen","twitter_card":"summary_large_image","twitter_misc":{"Skrevet av":"Ole Andersen","Ansl. lesetid":"1 minutt"},"schema":{"@context":"https:\/\/schema.org","@graph":[{"@type":"Article","@id":"https:\/\/nordnesrepublikken.no\/index.php\/2025\/12\/10\/seismisiteten-avtar-i-campi-flegrei-men-temperaturokningen-i-solfatara-er-bekreftet-den-siste-ingv-bulletinen\/#article","isPartOf":{"@id":"https:\/\/nordnesrepublikken.no\/index.php\/2025\/12\/10\/seismisiteten-avtar-i-campi-flegrei-men-temperaturokningen-i-solfatara-er-bekreftet-den-siste-ingv-bulletinen\/"},"author":{"name":"Ole Andersen","@id":"https:\/\/nordnesrepublikken.no\/#\/schema\/person\/2e7e81935bab77882fffb79296240ff1"},"headline":"Seismisiteten avtar i Campi Flegrei, men temperatur\u00f8kningen i Solfatara er bekreftet: den siste INGV-bulletinen","datePublished":"2025-12-09T23:51:35+00:00","dateModified":"2025-12-09T23:51:37+00:00","mainEntityOfPage":{"@id":"https:\/\/nordnesrepublikken.no\/index.php\/2025\/12\/10\/seismisiteten-avtar-i-campi-flegrei-men-temperaturokningen-i-solfatara-er-bekreftet-den-siste-ingv-bulletinen\/"},"wordCount":301,"publisher":{"@id":"https:\/\/nordnesrepublikken.no\/#organization"},"image":{"@id":"https:\/\/nordnesrepublikken.no\/index.php\/2025\/12\/10\/seismisiteten-avtar-i-campi-flegrei-men-temperaturokningen-i-solfatara-er-bekreftet-den-siste-ingv-bulletinen\/#primaryimage"},"thumbnailUrl":"https:\/\/nordnesrepublikken.no\/wp-content\/uploads\/2025\/12\/1765324295_Seismisiteten-avtar-i-Campi-Flegrei-men-temperaturokningen-i-Solfatara-er.jpg","keywords":["avtar","bekreftet","Campi","den","flegrei","INGVbulletinen","men","seismisiteten","siste","Solfatara","temperatur\u00f8kningen"],"articleSection":["Vitenskap"],"inLanguage":"nb-NO"},{"@type":"WebPage","@id":"https:\/\/nordnesrepublikken.no\/index.php\/2025\/12\/10\/seismisiteten-avtar-i-campi-flegrei-men-temperaturokningen-i-solfatara-er-bekreftet-den-siste-ingv-bulletinen\/","url":"https:\/\/nordnesrepublikken.no\/index.php\/2025\/12\/10\/seismisiteten-avtar-i-campi-flegrei-men-temperaturokningen-i-solfatara-er-bekreftet-den-siste-ingv-bulletinen\/","name":"Seismisiteten avtar i Campi Flegrei, men temperatur\u00f8kningen i Solfatara er bekreftet: den siste INGV-bulletinen - Nordnesrepublikken","isPartOf":{"@id":"https:\/\/nordnesrepublikken.no\/#website"},"primaryImageOfPage":{"@id":"https:\/\/nordnesrepublikken.no\/index.php\/2025\/12\/10\/seismisiteten-avtar-i-campi-flegrei-men-temperaturokningen-i-solfatara-er-bekreftet-den-siste-ingv-bulletinen\/#primaryimage"},"image":{"@id":"https:\/\/nordnesrepublikken.no\/index.php\/2025\/12\/10\/seismisiteten-avtar-i-campi-flegrei-men-temperaturokningen-i-solfatara-er-bekreftet-den-siste-ingv-bulletinen\/#primaryimage"},"thumbnailUrl":"https:\/\/nordnesrepublikken.no\/wp-content\/uploads\/2025\/12\/1765324295_Seismisiteten-avtar-i-Campi-Flegrei-men-temperaturokningen-i-Solfatara-er.jpg","datePublished":"2025-12-09T23:51:35+00:00","dateModified":"2025-12-09T23:51:37+00:00","breadcrumb":{"@id":"https:\/\/nordnesrepublikken.no\/index.php\/2025\/12\/10\/seismisiteten-avtar-i-campi-flegrei-men-temperaturokningen-i-solfatara-er-bekreftet-den-siste-ingv-bulletinen\/#breadcrumb"},"inLanguage":"nb-NO","potentialAction":[{"@type":"ReadAction","target":["https:\/\/nordnesrepublikken.no\/index.php\/2025\/12\/10\/seismisiteten-avtar-i-campi-flegrei-men-temperaturokningen-i-solfatara-er-bekreftet-den-siste-ingv-bulletinen\/"]}]},{"@type":"ImageObject","inLanguage":"nb-NO","@id":"https:\/\/nordnesrepublikken.no\/index.php\/2025\/12\/10\/seismisiteten-avtar-i-campi-flegrei-men-temperaturokningen-i-solfatara-er-bekreftet-den-siste-ingv-bulletinen\/#primaryimage","url":"https:\/\/nordnesrepublikken.no\/wp-content\/uploads\/2025\/12\/1765324295_Seismisiteten-avtar-i-Campi-Flegrei-men-temperaturokningen-i-Solfatara-er.jpg","contentUrl":"https:\/\/nordnesrepublikken.no\/wp-content\/uploads\/2025\/12\/1765324295_Seismisiteten-avtar-i-Campi-Flegrei-men-temperaturokningen-i-Solfatara-er.jpg","width":2006,"height":1126,"caption":"Seismisiteten avtar i Campi Flegrei, men temperatur\u00f8kningen i Solfatara er bekreftet: den siste INGV-bulletinen"},{"@type":"BreadcrumbList","@id":"https:\/\/nordnesrepublikken.no\/index.php\/2025\/12\/10\/seismisiteten-avtar-i-campi-flegrei-men-temperaturokningen-i-solfatara-er-bekreftet-den-siste-ingv-bulletinen\/#breadcrumb","itemListElement":[{"@type":"ListItem","position":1,"name":"Home","item":"https:\/\/nordnesrepublikken.no\/"},{"@type":"ListItem","position":2,"name":"Seismisiteten avtar i Campi Flegrei, men temperatur\u00f8kningen i Solfatara er bekreftet: den siste INGV-bulletinen"}]},{"@type":"WebSite","@id":"https:\/\/nordnesrepublikken.no\/#website","url":"https:\/\/nordnesrepublikken.no\/","name":"Nordnesrepublikken","description":"Stemmer og Visjoner fra Republikkens Hjerte","publisher":{"@id":"https:\/\/nordnesrepublikken.no\/#organization"},"potentialAction":[{"@type":"SearchAction","target":{"@type":"EntryPoint","urlTemplate":"https:\/\/nordnesrepublikken.no\/?s={search_term_string}"},"query-input":{"@type":"PropertyValueSpecification","valueRequired":true,"valueName":"search_term_string"}}],"inLanguage":"nb-NO"},{"@type":"Organization","@id":"https:\/\/nordnesrepublikken.no\/#organization","name":"Nordnesrepublikken","url":"https:\/\/nordnesrepublikken.no\/","logo":{"@type":"ImageObject","inLanguage":"nb-NO","@id":"https:\/\/nordnesrepublikken.no\/#\/schema\/logo\/image\/","url":"https:\/\/nordnesrepublikken.no\/wp-content\/uploads\/2025\/02\/cropped-nordnesrepublikken-2.png","contentUrl":"https:\/\/nordnesrepublikken.no\/wp-content\/uploads\/2025\/02\/cropped-nordnesrepublikken-2.png","width":1248,"height":362,"caption":"Nordnesrepublikken"},"image":{"@id":"https:\/\/nordnesrepublikken.no\/#\/schema\/logo\/image\/"}},{"@type":"Person","@id":"https:\/\/nordnesrepublikken.no\/#\/schema\/person\/2e7e81935bab77882fffb79296240ff1","name":"Ole Andersen","image":{"@type":"ImageObject","inLanguage":"nb-NO","@id":"https:\/\/nordnesrepublikken.no\/#\/schema\/person\/image\/","url":"https:\/\/nordnesrepublikken.no\/wp-content\/uploads\/2025\/02\/nordnesrepublikken-2-2-150x150.jpg","contentUrl":"https:\/\/nordnesrepublikken.no\/wp-content\/uploads\/2025\/02\/nordnesrepublikken-2-2-150x150.jpg","caption":"Ole Andersen"},"description":"Ettersom jeg vokste opp i Oslo, har jeg alltid v\u00e6rt fascinert av ordenes kraft og deres evne til \u00e5 skape endringer. Etter \u00e5 ha fullf\u00f8rt min utdannelse i kommunikasjon ved Universitetet i Bergen, fikk jeg muligheten til \u00e5 jobbe innen ulike medier, der jeg har s\u00f8kt \u00e5 belyse viktige samfunnssp\u00f8rsm\u00e5l. I dag, som redakt\u00f8r for Nordnesrepublikken, pr\u00f8ver jeg \u00e5 forene min kj\u00e6rlighet for journalistikk med min lidenskap for innovasjon og eventyr.","sameAs":["https:\/\/nordnesrepublikken.no\/"]}]}},"_links":{"self":[{"href":"https:\/\/nordnesrepublikken.no\/index.php\/wp-json\/wp\/v2\/posts\/12637","targetHints":{"allow":["GET"]}}],"collection":[{"href":"https:\/\/nordnesrepublikken.no\/index.php\/wp-json\/wp\/v2\/posts"}],"about":[{"href":"https:\/\/nordnesrepublikken.no\/index.php\/wp-json\/wp\/v2\/types\/post"}],"author":[{"embeddable":true,"href":"https:\/\/nordnesrepublikken.no\/index.php\/wp-json\/wp\/v2\/users\/1"}],"replies":[{"embeddable":true,"href":"https:\/\/nordnesrepublikken.no\/index.php\/wp-json\/wp\/v2\/comments?post=12637"}],"version-history":[{"count":1,"href":"https:\/\/nordnesrepublikken.no\/index.php\/wp-json\/wp\/v2\/posts\/12637\/revisions"}],"predecessor-version":[{"id":12639,"href":"https:\/\/nordnesrepublikken.no\/index.php\/wp-json\/wp\/v2\/posts\/12637\/revisions\/12639"}],"wp:featuredmedia":[{"embeddable":true,"href":"https:\/\/nordnesrepublikken.no\/index.php\/wp-json\/wp\/v2\/media\/12638"}],"wp:attachment":[{"href":"https:\/\/nordnesrepublikken.no\/index.php\/wp-json\/wp\/v2\/media?parent=12637"}],"wp:term":[{"taxonomy":"category","embeddable":true,"href":"https:\/\/nordnesrepublikken.no\/index.php\/wp-json\/wp\/v2\/categories?post=12637"},{"taxonomy":"post_tag","embeddable":true,"href":"https:\/\/nordnesrepublikken.no\/index.php\/wp-json\/wp\/v2\/tags?post=12637"}],"curies":[{"name":"wp","href":"https:\/\/api.w.org\/{rel}","templated":true}]}}