{"id":12622,"date":"2025-12-09T14:50:35","date_gmt":"2025-12-09T13:50:35","guid":{"rendered":"https:\/\/nordnesrepublikken.no\/index.php\/2025\/12\/09\/hvordan-ta-31-dager-ferie-mens-du-bare-tar-8-dager-ferie\/"},"modified":"2025-12-09T14:50:36","modified_gmt":"2025-12-09T13:50:36","slug":"hvordan-ta-31-dager-ferie-mens-du-bare-tar-8-dager-ferie","status":"publish","type":"post","link":"https:\/\/nordnesrepublikken.no\/index.php\/2025\/12\/09\/hvordan-ta-31-dager-ferie-mens-du-bare-tar-8-dager-ferie\/","title":{"rendered":"hvordan ta 31 dager ferie mens du bare tar 8 dager ferie"},"content":{"rendered":"<div>\n<div class=\"cp_wrapper cp_wrapper--fw mb-30 mb-20@tablet\">\n<figure class=\"mm\"><picture class=\"img\" style=\"padding-top:56.25%\"><source  media=\"(min-width: 1024px)\"><source  media=\"(min-width: 768px)\"><\/source><\/source><\/picture><\/figure>\n<\/p><\/div>\n<p>Hvis du planlegger \u00e5 reise litt, vil 2026 definitivt bli et gunstig \u00e5r, som det vil bli <strong>full av broer<\/strong>: ved \u00e5 ta bare 8 dager ferie kan du faktisk n\u00e5 totalt 31 dager.<\/p>\n<p>Det begynner med <strong>Nytt\u00e5r og helligtrekonger<\/strong>: hvis 1. og 6. vanligvis regnes som helligdager p\u00e5 grunn av bedriftsnedleggelse. Men det er en ekstra perle \u00e5 vurdere: ved \u00e5 ta 2. og 5. februar, kan de som ikke jobber p\u00e5 l\u00f8rdag ha 6 sammenhengende feriedager (fra 1. til 6., derfor seks sammenhengende dager).<\/p>\n<p>Til neste langhelg m\u00e5 vi vente til april, med h\u00f8ytider<strong> p\u00e5ske og p\u00e5skedag<\/strong> som faller s\u00f8ndag 5. og mandag 6. april. Ved \u00e5 legge til fredag \u200b\u200b3. og &#8211; for de som jobber l\u00f8rdag &#8211; 4. april, kan du n\u00e5 totalt fire dager ferie. Den 25. april faller imidlertid frigj\u00f8ringsdagen p\u00e5 en l\u00f8rdag, til glede for de som vanligvis jobber i helgene (det samme vil gjelde Ferragosto).<\/p>\n<p>S\u00e5 kommer vi i mai: den <strong>1. mai<\/strong> det er en fredag, s\u00e5 du kan holde deg til den p\u00e5f\u00f8lgende helgen, for en tre dager lang helg.<\/p>\n<p>Den mest interessante broen er imidlertid utvilsomt den av <strong>Republikkens dag<\/strong>: med bare \u00e9n feriedag f\u00e5r du faktisk fire sammenhengende dager (30., 31. mai, 1. og 2. juni).<\/p>\n<p>Det er heller ingen lange helgeferier, gitt at allehelgensdag faller p\u00e5 s\u00f8ndag. De siste langhelgene i \u00e5ret, s\u00e5 de er i desember: gitt at <strong>Festen for den ulastelige unnfangelsen<\/strong> faller p\u00e5 en tirsdag, tar ogs\u00e5 mandag fri, medregnet helgen kan du komme til fire p\u00e5f\u00f8lgende lange dager.<\/p>\n<p>Julen faller imidlertid p\u00e5 en fredag, og skaper en tredagers bro. Til slutt beveger vi oss mot <strong>nytt\u00e5r<\/strong>: Hvis du tar torsdag 31. desember som en fridag, vil du f\u00e5 fire dager fri (fra torsdag 31. desember til s\u00f8ndag 3.).<\/p>\n<p><strong>Datoer \u00e5 huske p\u00e5<\/strong>:<\/p>\n<ul>\n<li>Langhelger og h\u00f8ytider: den komplette 2026-kalenderen<\/li>\n<li>Nytt\u00e5rsaften 2026: 1. januar 2026 (torsdag)<\/li>\n<li>Helligtrekonger: 6. januar (tirsdag)<\/li>\n<li>P\u00e5ske- og p\u00e5skedag: 5. og 6. april (s\u00f8ndag og mandag)<\/li>\n<li>Frigj\u00f8ringsdag: 25. april (l\u00f8rdag)<\/li>\n<li>Arbeidernes dag: 1. mai (fredag)<\/li>\n<li>Republikkens dag: 2. juni (tirsdag)<\/li>\n<li>Ferragosto: 15. august (l\u00f8rdag)<\/li>\n<li>Allehelgensdag: 1. november (s\u00f8ndag)<\/li>\n<li>Festen for den ulastelige unnfangelsen: 8. desember (tirsdag)<\/li>\n<li>Jul og 2. juledag: 25. og 26. desember (fredag \u200b\u200bog l\u00f8rdag)<\/li>\n<li>Nytt\u00e5rsaften 2027: 1. januar 2027 (fredag)<\/li>\n<\/ul>\n<h2>Ferier for skole\u00e5ret 2025\/2026<\/h2>\n<p>For de som g\u00e5r p\u00e5 skolen, reserverer skole\u00e5ret 2025\/2026 flere helligdager og langhelger:<\/p>\n<ul>\n<li>Karnevalsferier: avhengig av regionen. Fetttirsdag blir 17. februar 2026<\/li>\n<li>P\u00e5skeferie: fra torsdag 2. april til tirsdag 7. april 2026<\/li>\n<li>Arbeidernes dag 2026: fredag \u200b\u200b1. mai 2026<\/li>\n<li>Republikkens dag 2026: fra l\u00f8rdag 30. mai til tirsdag 2. juni 2026<\/li>\n<li>Festen for den ulastelige unnfangelsen 2026: fra l\u00f8rdag 5. desember til tirsdag 8. desember 2026<\/li>\n<li>Juleferie 2026 og nytt\u00e5r 2027: fra fredag \u200b\u200b25. desember 2026 til onsdag 6. januar 2027<\/li>\n<\/ul><\/div>\n","protected":false},"excerpt":{"rendered":"<p>Hvis du planlegger \u00e5 reise litt, vil 2026 definitivt bli et gunstig \u00e5r, som det<\/p>\n","protected":false},"author":1,"featured_media":12623,"comment_status":"closed","ping_status":"open","sticky":false,"template":"","format":"standard","meta":{"footnotes":""},"categories":[104],"tags":[1930,1866,124,112,2088,114],"class_list":["post-12622","post","type-post","status-publish","format-standard","has-post-thumbnail","hentry","category-samfunn","tag-bare","tag-dager","tag-ferie","tag-hvordan","tag-mens","tag-tar","generate-columns","tablet-grid-50","mobile-grid-100","grid-parent","grid-33","resize-featured-image"],"yoast_head":"<!-- This site is optimized with the Yoast SEO plugin v24.4 - https:\/\/yoast.com\/wordpress\/plugins\/seo\/ -->\n<title>hvordan ta 31 dager ferie mens du bare tar 8 dager ferie - Nordnesrepublikken<\/title>\n<meta name=\"robots\" content=\"index, follow, max-snippet:-1, max-image-preview:large, max-video-preview:-1\" \/>\n<link rel=\"canonical\" href=\"https:\/\/nordnesrepublikken.no\/index.php\/2025\/12\/09\/hvordan-ta-31-dager-ferie-mens-du-bare-tar-8-dager-ferie\/\" \/>\n<meta property=\"og:locale\" content=\"nb_NO\" \/>\n<meta property=\"og:type\" content=\"article\" \/>\n<meta property=\"og:title\" content=\"hvordan ta 31 dager ferie mens du bare tar 8 dager ferie - Nordnesrepublikken\" \/>\n<meta property=\"og:description\" content=\"Hvis du planlegger \u00e5 reise litt, vil 2026 definitivt bli et gunstig \u00e5r, som det\" \/>\n<meta property=\"og:url\" content=\"https:\/\/nordnesrepublikken.no\/index.php\/2025\/12\/09\/hvordan-ta-31-dager-ferie-mens-du-bare-tar-8-dager-ferie\/\" \/>\n<meta property=\"og:site_name\" content=\"Nordnesrepublikken\" \/>\n<meta property=\"article:published_time\" content=\"2025-12-09T13:50:35+00:00\" \/>\n<meta property=\"article:modified_time\" content=\"2025-12-09T13:50:36+00:00\" \/>\n<meta property=\"og:image\" content=\"https:\/\/nordnesrepublikken.no\/wp-content\/uploads\/2025\/12\/1765288236_hvordan-ta-31-dager-ferie-mens-du-bare-tar-8.jpg\" \/>\n\t<meta property=\"og:image:width\" content=\"1627\" \/>\n\t<meta property=\"og:image:height\" content=\"916\" \/>\n\t<meta property=\"og:image:type\" content=\"image\/jpeg\" \/>\n<meta name=\"author\" content=\"Ole Andersen\" \/>\n<meta name=\"twitter:card\" content=\"summary_large_image\" \/>\n<meta name=\"twitter:label1\" content=\"Skrevet av\" \/>\n\t<meta name=\"twitter:data1\" content=\"Ole Andersen\" \/>\n\t<meta name=\"twitter:label2\" content=\"Ansl. lesetid\" \/>\n\t<meta name=\"twitter:data2\" content=\"2 minutter\" \/>\n<script type=\"application\/ld+json\" class=\"yoast-schema-graph\">{\"@context\":\"https:\/\/schema.org\",\"@graph\":[{\"@type\":\"Article\",\"@id\":\"https:\/\/nordnesrepublikken.no\/index.php\/2025\/12\/09\/hvordan-ta-31-dager-ferie-mens-du-bare-tar-8-dager-ferie\/#article\",\"isPartOf\":{\"@id\":\"https:\/\/nordnesrepublikken.no\/index.php\/2025\/12\/09\/hvordan-ta-31-dager-ferie-mens-du-bare-tar-8-dager-ferie\/\"},\"author\":{\"name\":\"Ole Andersen\",\"@id\":\"https:\/\/nordnesrepublikken.no\/#\/schema\/person\/2e7e81935bab77882fffb79296240ff1\"},\"headline\":\"hvordan ta 31 dager ferie mens du bare tar 8 dager ferie\",\"datePublished\":\"2025-12-09T13:50:35+00:00\",\"dateModified\":\"2025-12-09T13:50:36+00:00\",\"mainEntityOfPage\":{\"@id\":\"https:\/\/nordnesrepublikken.no\/index.php\/2025\/12\/09\/hvordan-ta-31-dager-ferie-mens-du-bare-tar-8-dager-ferie\/\"},\"wordCount\":431,\"publisher\":{\"@id\":\"https:\/\/nordnesrepublikken.no\/#organization\"},\"image\":{\"@id\":\"https:\/\/nordnesrepublikken.no\/index.php\/2025\/12\/09\/hvordan-ta-31-dager-ferie-mens-du-bare-tar-8-dager-ferie\/#primaryimage\"},\"thumbnailUrl\":\"https:\/\/nordnesrepublikken.no\/wp-content\/uploads\/2025\/12\/1765288236_hvordan-ta-31-dager-ferie-mens-du-bare-tar-8.jpg\",\"keywords\":[\"bare\",\"dager\",\"ferie\",\"Hvordan\",\"mens\",\"tar\"],\"articleSection\":[\"Samfunn\"],\"inLanguage\":\"nb-NO\"},{\"@type\":\"WebPage\",\"@id\":\"https:\/\/nordnesrepublikken.no\/index.php\/2025\/12\/09\/hvordan-ta-31-dager-ferie-mens-du-bare-tar-8-dager-ferie\/\",\"url\":\"https:\/\/nordnesrepublikken.no\/index.php\/2025\/12\/09\/hvordan-ta-31-dager-ferie-mens-du-bare-tar-8-dager-ferie\/\",\"name\":\"hvordan ta 31 dager ferie mens du bare tar 8 dager ferie - Nordnesrepublikken\",\"isPartOf\":{\"@id\":\"https:\/\/nordnesrepublikken.no\/#website\"},\"primaryImageOfPage\":{\"@id\":\"https:\/\/nordnesrepublikken.no\/index.php\/2025\/12\/09\/hvordan-ta-31-dager-ferie-mens-du-bare-tar-8-dager-ferie\/#primaryimage\"},\"image\":{\"@id\":\"https:\/\/nordnesrepublikken.no\/index.php\/2025\/12\/09\/hvordan-ta-31-dager-ferie-mens-du-bare-tar-8-dager-ferie\/#primaryimage\"},\"thumbnailUrl\":\"https:\/\/nordnesrepublikken.no\/wp-content\/uploads\/2025\/12\/1765288236_hvordan-ta-31-dager-ferie-mens-du-bare-tar-8.jpg\",\"datePublished\":\"2025-12-09T13:50:35+00:00\",\"dateModified\":\"2025-12-09T13:50:36+00:00\",\"breadcrumb\":{\"@id\":\"https:\/\/nordnesrepublikken.no\/index.php\/2025\/12\/09\/hvordan-ta-31-dager-ferie-mens-du-bare-tar-8-dager-ferie\/#breadcrumb\"},\"inLanguage\":\"nb-NO\",\"potentialAction\":[{\"@type\":\"ReadAction\",\"target\":[\"https:\/\/nordnesrepublikken.no\/index.php\/2025\/12\/09\/hvordan-ta-31-dager-ferie-mens-du-bare-tar-8-dager-ferie\/\"]}]},{\"@type\":\"ImageObject\",\"inLanguage\":\"nb-NO\",\"@id\":\"https:\/\/nordnesrepublikken.no\/index.php\/2025\/12\/09\/hvordan-ta-31-dager-ferie-mens-du-bare-tar-8-dager-ferie\/#primaryimage\",\"url\":\"https:\/\/nordnesrepublikken.no\/wp-content\/uploads\/2025\/12\/1765288236_hvordan-ta-31-dager-ferie-mens-du-bare-tar-8.jpg\",\"contentUrl\":\"https:\/\/nordnesrepublikken.no\/wp-content\/uploads\/2025\/12\/1765288236_hvordan-ta-31-dager-ferie-mens-du-bare-tar-8.jpg\",\"width\":1627,\"height\":916,\"caption\":\"hvordan ta 31 dager ferie mens du bare tar 8 dager ferie\"},{\"@type\":\"BreadcrumbList\",\"@id\":\"https:\/\/nordnesrepublikken.no\/index.php\/2025\/12\/09\/hvordan-ta-31-dager-ferie-mens-du-bare-tar-8-dager-ferie\/#breadcrumb\",\"itemListElement\":[{\"@type\":\"ListItem\",\"position\":1,\"name\":\"Home\",\"item\":\"https:\/\/nordnesrepublikken.no\/\"},{\"@type\":\"ListItem\",\"position\":2,\"name\":\"hvordan ta 31 dager ferie mens du bare tar 8 dager ferie\"}]},{\"@type\":\"WebSite\",\"@id\":\"https:\/\/nordnesrepublikken.no\/#website\",\"url\":\"https:\/\/nordnesrepublikken.no\/\",\"name\":\"Nordnesrepublikken\",\"description\":\"Stemmer og Visjoner fra Republikkens Hjerte\",\"publisher\":{\"@id\":\"https:\/\/nordnesrepublikken.no\/#organization\"},\"potentialAction\":[{\"@type\":\"SearchAction\",\"target\":{\"@type\":\"EntryPoint\",\"urlTemplate\":\"https:\/\/nordnesrepublikken.no\/?s={search_term_string}\"},\"query-input\":{\"@type\":\"PropertyValueSpecification\",\"valueRequired\":true,\"valueName\":\"search_term_string\"}}],\"inLanguage\":\"nb-NO\"},{\"@type\":\"Organization\",\"@id\":\"https:\/\/nordnesrepublikken.no\/#organization\",\"name\":\"Nordnesrepublikken\",\"url\":\"https:\/\/nordnesrepublikken.no\/\",\"logo\":{\"@type\":\"ImageObject\",\"inLanguage\":\"nb-NO\",\"@id\":\"https:\/\/nordnesrepublikken.no\/#\/schema\/logo\/image\/\",\"url\":\"https:\/\/nordnesrepublikken.no\/wp-content\/uploads\/2025\/02\/cropped-nordnesrepublikken-2.png\",\"contentUrl\":\"https:\/\/nordnesrepublikken.no\/wp-content\/uploads\/2025\/02\/cropped-nordnesrepublikken-2.png\",\"width\":1248,\"height\":362,\"caption\":\"Nordnesrepublikken\"},\"image\":{\"@id\":\"https:\/\/nordnesrepublikken.no\/#\/schema\/logo\/image\/\"}},{\"@type\":\"Person\",\"@id\":\"https:\/\/nordnesrepublikken.no\/#\/schema\/person\/2e7e81935bab77882fffb79296240ff1\",\"name\":\"Ole Andersen\",\"image\":{\"@type\":\"ImageObject\",\"inLanguage\":\"nb-NO\",\"@id\":\"https:\/\/nordnesrepublikken.no\/#\/schema\/person\/image\/\",\"url\":\"https:\/\/nordnesrepublikken.no\/wp-content\/uploads\/2025\/02\/nordnesrepublikken-2-2-150x150.jpg\",\"contentUrl\":\"https:\/\/nordnesrepublikken.no\/wp-content\/uploads\/2025\/02\/nordnesrepublikken-2-2-150x150.jpg\",\"caption\":\"Ole Andersen\"},\"description\":\"Ettersom jeg vokste opp i Oslo, har jeg alltid v\u00e6rt fascinert av ordenes kraft og deres evne til \u00e5 skape endringer. Etter \u00e5 ha fullf\u00f8rt min utdannelse i kommunikasjon ved Universitetet i Bergen, fikk jeg muligheten til \u00e5 jobbe innen ulike medier, der jeg har s\u00f8kt \u00e5 belyse viktige samfunnssp\u00f8rsm\u00e5l. I dag, som redakt\u00f8r for Nordnesrepublikken, pr\u00f8ver jeg \u00e5 forene min kj\u00e6rlighet for journalistikk med min lidenskap for innovasjon og eventyr.\",\"sameAs\":[\"https:\/\/nordnesrepublikken.no\/\"]}]}<\/script>\n<!-- \/ Yoast SEO plugin. -->","yoast_head_json":{"title":"hvordan ta 31 dager ferie mens du bare tar 8 dager ferie - Nordnesrepublikken","robots":{"index":"index","follow":"follow","max-snippet":"max-snippet:-1","max-image-preview":"max-image-preview:large","max-video-preview":"max-video-preview:-1"},"canonical":"https:\/\/nordnesrepublikken.no\/index.php\/2025\/12\/09\/hvordan-ta-31-dager-ferie-mens-du-bare-tar-8-dager-ferie\/","og_locale":"nb_NO","og_type":"article","og_title":"hvordan ta 31 dager ferie mens du bare tar 8 dager ferie - Nordnesrepublikken","og_description":"Hvis du planlegger \u00e5 reise litt, vil 2026 definitivt bli et gunstig \u00e5r, som det","og_url":"https:\/\/nordnesrepublikken.no\/index.php\/2025\/12\/09\/hvordan-ta-31-dager-ferie-mens-du-bare-tar-8-dager-ferie\/","og_site_name":"Nordnesrepublikken","article_published_time":"2025-12-09T13:50:35+00:00","article_modified_time":"2025-12-09T13:50:36+00:00","og_image":[{"width":1627,"height":916,"url":"https:\/\/nordnesrepublikken.no\/wp-content\/uploads\/2025\/12\/1765288236_hvordan-ta-31-dager-ferie-mens-du-bare-tar-8.jpg","type":"image\/jpeg"}],"author":"Ole Andersen","twitter_card":"summary_large_image","twitter_misc":{"Skrevet av":"Ole Andersen","Ansl. lesetid":"2 minutter"},"schema":{"@context":"https:\/\/schema.org","@graph":[{"@type":"Article","@id":"https:\/\/nordnesrepublikken.no\/index.php\/2025\/12\/09\/hvordan-ta-31-dager-ferie-mens-du-bare-tar-8-dager-ferie\/#article","isPartOf":{"@id":"https:\/\/nordnesrepublikken.no\/index.php\/2025\/12\/09\/hvordan-ta-31-dager-ferie-mens-du-bare-tar-8-dager-ferie\/"},"author":{"name":"Ole Andersen","@id":"https:\/\/nordnesrepublikken.no\/#\/schema\/person\/2e7e81935bab77882fffb79296240ff1"},"headline":"hvordan ta 31 dager ferie mens du bare tar 8 dager ferie","datePublished":"2025-12-09T13:50:35+00:00","dateModified":"2025-12-09T13:50:36+00:00","mainEntityOfPage":{"@id":"https:\/\/nordnesrepublikken.no\/index.php\/2025\/12\/09\/hvordan-ta-31-dager-ferie-mens-du-bare-tar-8-dager-ferie\/"},"wordCount":431,"publisher":{"@id":"https:\/\/nordnesrepublikken.no\/#organization"},"image":{"@id":"https:\/\/nordnesrepublikken.no\/index.php\/2025\/12\/09\/hvordan-ta-31-dager-ferie-mens-du-bare-tar-8-dager-ferie\/#primaryimage"},"thumbnailUrl":"https:\/\/nordnesrepublikken.no\/wp-content\/uploads\/2025\/12\/1765288236_hvordan-ta-31-dager-ferie-mens-du-bare-tar-8.jpg","keywords":["bare","dager","ferie","Hvordan","mens","tar"],"articleSection":["Samfunn"],"inLanguage":"nb-NO"},{"@type":"WebPage","@id":"https:\/\/nordnesrepublikken.no\/index.php\/2025\/12\/09\/hvordan-ta-31-dager-ferie-mens-du-bare-tar-8-dager-ferie\/","url":"https:\/\/nordnesrepublikken.no\/index.php\/2025\/12\/09\/hvordan-ta-31-dager-ferie-mens-du-bare-tar-8-dager-ferie\/","name":"hvordan ta 31 dager ferie mens du bare tar 8 dager ferie - Nordnesrepublikken","isPartOf":{"@id":"https:\/\/nordnesrepublikken.no\/#website"},"primaryImageOfPage":{"@id":"https:\/\/nordnesrepublikken.no\/index.php\/2025\/12\/09\/hvordan-ta-31-dager-ferie-mens-du-bare-tar-8-dager-ferie\/#primaryimage"},"image":{"@id":"https:\/\/nordnesrepublikken.no\/index.php\/2025\/12\/09\/hvordan-ta-31-dager-ferie-mens-du-bare-tar-8-dager-ferie\/#primaryimage"},"thumbnailUrl":"https:\/\/nordnesrepublikken.no\/wp-content\/uploads\/2025\/12\/1765288236_hvordan-ta-31-dager-ferie-mens-du-bare-tar-8.jpg","datePublished":"2025-12-09T13:50:35+00:00","dateModified":"2025-12-09T13:50:36+00:00","breadcrumb":{"@id":"https:\/\/nordnesrepublikken.no\/index.php\/2025\/12\/09\/hvordan-ta-31-dager-ferie-mens-du-bare-tar-8-dager-ferie\/#breadcrumb"},"inLanguage":"nb-NO","potentialAction":[{"@type":"ReadAction","target":["https:\/\/nordnesrepublikken.no\/index.php\/2025\/12\/09\/hvordan-ta-31-dager-ferie-mens-du-bare-tar-8-dager-ferie\/"]}]},{"@type":"ImageObject","inLanguage":"nb-NO","@id":"https:\/\/nordnesrepublikken.no\/index.php\/2025\/12\/09\/hvordan-ta-31-dager-ferie-mens-du-bare-tar-8-dager-ferie\/#primaryimage","url":"https:\/\/nordnesrepublikken.no\/wp-content\/uploads\/2025\/12\/1765288236_hvordan-ta-31-dager-ferie-mens-du-bare-tar-8.jpg","contentUrl":"https:\/\/nordnesrepublikken.no\/wp-content\/uploads\/2025\/12\/1765288236_hvordan-ta-31-dager-ferie-mens-du-bare-tar-8.jpg","width":1627,"height":916,"caption":"hvordan ta 31 dager ferie mens du bare tar 8 dager ferie"},{"@type":"BreadcrumbList","@id":"https:\/\/nordnesrepublikken.no\/index.php\/2025\/12\/09\/hvordan-ta-31-dager-ferie-mens-du-bare-tar-8-dager-ferie\/#breadcrumb","itemListElement":[{"@type":"ListItem","position":1,"name":"Home","item":"https:\/\/nordnesrepublikken.no\/"},{"@type":"ListItem","position":2,"name":"hvordan ta 31 dager ferie mens du bare tar 8 dager ferie"}]},{"@type":"WebSite","@id":"https:\/\/nordnesrepublikken.no\/#website","url":"https:\/\/nordnesrepublikken.no\/","name":"Nordnesrepublikken","description":"Stemmer og Visjoner fra Republikkens Hjerte","publisher":{"@id":"https:\/\/nordnesrepublikken.no\/#organization"},"potentialAction":[{"@type":"SearchAction","target":{"@type":"EntryPoint","urlTemplate":"https:\/\/nordnesrepublikken.no\/?s={search_term_string}"},"query-input":{"@type":"PropertyValueSpecification","valueRequired":true,"valueName":"search_term_string"}}],"inLanguage":"nb-NO"},{"@type":"Organization","@id":"https:\/\/nordnesrepublikken.no\/#organization","name":"Nordnesrepublikken","url":"https:\/\/nordnesrepublikken.no\/","logo":{"@type":"ImageObject","inLanguage":"nb-NO","@id":"https:\/\/nordnesrepublikken.no\/#\/schema\/logo\/image\/","url":"https:\/\/nordnesrepublikken.no\/wp-content\/uploads\/2025\/02\/cropped-nordnesrepublikken-2.png","contentUrl":"https:\/\/nordnesrepublikken.no\/wp-content\/uploads\/2025\/02\/cropped-nordnesrepublikken-2.png","width":1248,"height":362,"caption":"Nordnesrepublikken"},"image":{"@id":"https:\/\/nordnesrepublikken.no\/#\/schema\/logo\/image\/"}},{"@type":"Person","@id":"https:\/\/nordnesrepublikken.no\/#\/schema\/person\/2e7e81935bab77882fffb79296240ff1","name":"Ole Andersen","image":{"@type":"ImageObject","inLanguage":"nb-NO","@id":"https:\/\/nordnesrepublikken.no\/#\/schema\/person\/image\/","url":"https:\/\/nordnesrepublikken.no\/wp-content\/uploads\/2025\/02\/nordnesrepublikken-2-2-150x150.jpg","contentUrl":"https:\/\/nordnesrepublikken.no\/wp-content\/uploads\/2025\/02\/nordnesrepublikken-2-2-150x150.jpg","caption":"Ole Andersen"},"description":"Ettersom jeg vokste opp i Oslo, har jeg alltid v\u00e6rt fascinert av ordenes kraft og deres evne til \u00e5 skape endringer. Etter \u00e5 ha fullf\u00f8rt min utdannelse i kommunikasjon ved Universitetet i Bergen, fikk jeg muligheten til \u00e5 jobbe innen ulike medier, der jeg har s\u00f8kt \u00e5 belyse viktige samfunnssp\u00f8rsm\u00e5l. I dag, som redakt\u00f8r for Nordnesrepublikken, pr\u00f8ver jeg \u00e5 forene min kj\u00e6rlighet for journalistikk med min lidenskap for innovasjon og eventyr.","sameAs":["https:\/\/nordnesrepublikken.no\/"]}]}},"_links":{"self":[{"href":"https:\/\/nordnesrepublikken.no\/index.php\/wp-json\/wp\/v2\/posts\/12622","targetHints":{"allow":["GET"]}}],"collection":[{"href":"https:\/\/nordnesrepublikken.no\/index.php\/wp-json\/wp\/v2\/posts"}],"about":[{"href":"https:\/\/nordnesrepublikken.no\/index.php\/wp-json\/wp\/v2\/types\/post"}],"author":[{"embeddable":true,"href":"https:\/\/nordnesrepublikken.no\/index.php\/wp-json\/wp\/v2\/users\/1"}],"replies":[{"embeddable":true,"href":"https:\/\/nordnesrepublikken.no\/index.php\/wp-json\/wp\/v2\/comments?post=12622"}],"version-history":[{"count":1,"href":"https:\/\/nordnesrepublikken.no\/index.php\/wp-json\/wp\/v2\/posts\/12622\/revisions"}],"predecessor-version":[{"id":12624,"href":"https:\/\/nordnesrepublikken.no\/index.php\/wp-json\/wp\/v2\/posts\/12622\/revisions\/12624"}],"wp:featuredmedia":[{"embeddable":true,"href":"https:\/\/nordnesrepublikken.no\/index.php\/wp-json\/wp\/v2\/media\/12623"}],"wp:attachment":[{"href":"https:\/\/nordnesrepublikken.no\/index.php\/wp-json\/wp\/v2\/media?parent=12622"}],"wp:term":[{"taxonomy":"category","embeddable":true,"href":"https:\/\/nordnesrepublikken.no\/index.php\/wp-json\/wp\/v2\/categories?post=12622"},{"taxonomy":"post_tag","embeddable":true,"href":"https:\/\/nordnesrepublikken.no\/index.php\/wp-json\/wp\/v2\/tags?post=12622"}],"curies":[{"name":"wp","href":"https:\/\/api.w.org\/{rel}","templated":true}]}}