{"id":12619,"date":"2025-12-09T13:51:53","date_gmt":"2025-12-09T12:51:53","guid":{"rendered":"https:\/\/nordnesrepublikken.no\/index.php\/2025\/12\/09\/spanias-legestreik-hva-kan-du-forvente-denne-uken\/"},"modified":"2025-12-09T13:51:56","modified_gmt":"2025-12-09T12:51:56","slug":"spanias-legestreik-hva-kan-du-forvente-denne-uken","status":"publish","type":"post","link":"https:\/\/nordnesrepublikken.no\/index.php\/2025\/12\/09\/spanias-legestreik-hva-kan-du-forvente-denne-uken\/","title":{"rendered":"Spanias legestreik: Hva kan du forvente denne uken"},"content":{"rendered":"<p><\/p>\n<div class=\"wordpress-content\">\n                    <!-- Article Start --><\/p>\n<p class=\"p2\">Spania forbereder seg p\u00e5 betydelige forstyrrelser ettersom leger over hele landet gjennomf\u00f8rer en fire dager lang nasjonal streik fra 9. til 12. desember, i det fagforeningene beskriver som en av de mest alvorlige helseprotestene p\u00e5 flere ti\u00e5r. Aksjonen har blitt kalt inn av den spanske konf\u00f8derasjonen av medisinske fagforeninger (CESM) og den andalusiske medisinske foreningen (SMA) i opposisjon til regjeringens foresl\u00e5tte reform av Estatuto Marco, det juridiske rammeverket for helsearbeidere.<\/p>\n<p class=\"p2\">Medisinske organisasjoner hevder at lovutkastet ikke anerkjenner niv\u00e5et p\u00e5 oppl\u00e6ring, ansvar og risiko som legene b\u00e6rer. De krever en egen lov for legestanden, bedret arbeidstid, rettferdig l\u00f8nn for vaktvakter og slutt p\u00e5 tvangsflyttinger innenfor det offentlige helsevesenet.<\/p>\n<p class=\"p2\">Sykehus og helsesentre i alle regioner, inkludert Balearene, Madrid, Catalu\u00f1a, Valencia og Andalucia, har bekreftet deltakelse. N\u00f8dtjenester og kritiske tjenester vil operere under minimumstjenesteregler, men ikke-hastehjelp forventes \u00e5 bli sterkt p\u00e5virket.<\/p>\n<div class=\"sra_unit\"><link rel=\"stylesheet\" id=\"block-sra\" href=\"https:\/\/euroweeklynews.com\/wp-content\/plugins\/snack-related-articles\/dist\/css\/snack-related.min.css?250312-193541\" type=\"text\/css\" media=\"all\">\n<\/div>\n<h2 class=\"p4\"><b>Hva innbyggerne kan forvente<\/b><\/h2>\n<h3 class=\"p5\"><b>Forsinkelser, kanselleringer og reduserte tjenester<\/b><\/h3>\n<p class=\"p2\">Beboere blir advart om \u00e5 forberede seg p\u00e5 kansellerte avtaler, forsinkede tester og utsatte operasjoner, spesielt de som anses som ikke-haster. Prim\u00e6rsentrene forventes ogs\u00e5 \u00e5 operere med redusert bemanning, noe som f\u00f8rer til lengre ventetid p\u00e5 fastlegekonsultasjoner og administrative tjenester.<\/p>\n<p class=\"p2\">Akutt og livstruende omsorg, inkludert akuttmottak, onkologi og intensivavdelinger, vil fortsette \u00e5 operere, men under press p\u00e5 grunn av redusert bemanning. Helsemyndighetene har utstedt veiledning som oppmuntrer pasienter til \u00e5 bes\u00f8ke sykehus kun for reelle n\u00f8dsituasjoner i streikeperioden.<\/p>\n<p class=\"p2\">I regioner som Balearene, inkludert Mallorca og Ibiza, har lokale medisinske fagforeninger bekreftet deltakelse og planlagt demonstrasjoner utenfor store sykehus, med sykehusledere som aktiverer beredskapsplaner.<\/p>\n<h2 class=\"p4\"><b>Innvirkning p\u00e5 expats som bor i Spania<\/b><\/h2>\n<h3 class=\"p5\"><b>Spesielle utfordringer for utenlandske innbyggere<\/b><\/h3>\n<p class=\"p2\">Expats og utenlandske innbyggere som bor i Spania kan m\u00f8te spesielle vanskeligheter under streiken. Mange private klinikker er fortsatt i drift, men tilgangen til offentlige helsetjenester (Seguridad Social) forventes \u00e5 v\u00e6re mer begrenset.<\/p>\n<p class=\"p2\">Spr\u00e5kbarrierer kan forverre situasjonen, ettersom f\u00e6rre ansatte vil v\u00e6re tilgjengelig for \u00e5 hjelpe ikke-spansktalende. Utvandrere som er avhengige av offentlige fastleger for fornyelse av resepter, henvisninger fra spesialist eller rutinemessige kontroller, kan oppleve betydelige forsinkelser.<\/p>\n<p class=\"p2\">De med kroniske lidelser anbefales \u00e5 s\u00f8rge for at de har tilstrekkelig med medisiner p\u00e5 forh\u00e5nd. Reiseforsikringsinnehavere kan ogs\u00e5 m\u00f8te forsinkelser i behandlingen av medisinske rapporter som kreves for forsikringskrav.<\/p>\n<p class=\"p2\">Private sykehus deltar ikke offisielt i streiken, noe som betyr at noen utvandrere kan velge \u00e5 s\u00f8ke privat omsorg, selv om dette ofte inneb\u00e6rer h\u00f8yere egenutgifter og begrensede refusjonsmuligheter.<\/p>\n<h2 class=\"p4\"><b>Politisk spenning bak streiken<\/b><\/h2>\n<h3 class=\"p5\"><b>Regjeringen forsvarer reformer mens fagforeningene trekker tilbake<\/b><\/h3>\n<p class=\"p2\">Det spanske helsedepartementet har forsvart de foresl\u00e5tte reformene, og hevdet at de vil modernisere systemet, redusere overdreven vakttid og forbedre balansen mellom arbeid og privatliv. Fagforeninger har imidlertid avvist det siste statlige tilbudet og bekreftet at streiken vil fortsette.<\/p>\n<p class=\"p2\">Legeorganisasjoner insisterer p\u00e5 at reformene risikerer \u00e5 forverre personalmangel og fremskynde emigrasjonen av spanskutdannede leger til andre EU-land. Analytikere advarer om at en langvarig standoff kan destabilisere et allerede anstrengt offentlig helsesystem.<\/p>\n<h3 class=\"p5\"><b>Sammendrag av streikevirkningen<\/b><\/h3>\n<p class=\"p2\">\u2022 Leger gjennomf\u00f8rer en landsomfattende firedagers streik over hele Spania.<br \/>\n\u2022 Ikke-hastende avtaler, tester og operasjoner forventes \u00e5 bli forsinket.<br \/>\n\u2022 N\u00f8detatene vil fortsette under minimumsbemanningsregler.<br \/>\n\u2022 Expats kan f\u00e5 ekstra problemer med \u00e5 f\u00e5 tilgang til offentlig helsetjeneste.<br \/>\n\u2022 Det \u00f8ker presset p\u00e5 regjeringen for \u00e5 endre foresl\u00e5tte helsereformer.<\/p>\n<h3 class=\"p5\"><b>En kritisk uke for spansk helsevesen<\/b><\/h3>\n<p class=\"p2\">N\u00e5r Spania g\u00e5r inn i fire dager med enest\u00e5ende medisinsk forstyrrelse, oppfordres b\u00e5de innbyggere og expats til \u00e5 forberede seg p\u00e5 forsinkelser og begrenset tilgang til omsorg. Mens n\u00f8detatene vil forbli operative, kan den bredere innvirkningen p\u00e5 rutinemessig helsehjelp v\u00e6re betydelig.<\/p>\n<p class=\"p2\">Med ytterligere arbeidskamp som allerede er diskutert av fagforeninger, kan utfallet av denne streiken forme fremtiden til Spanias offentlige helsesystem i \u00e5rene som kommer.<\/p>\n<p>                    <!-- Originally published at https:\/\/euroweeklynews.com\/2025\/12\/09\/spain-doctor-strike-what-to-expect-this-week\/ on 09 Dec 2025 at 11:24 by Molly Grace --><br \/>\n                    <!-- Article End -->\n                <\/div>\n","protected":false},"excerpt":{"rendered":"<p>Spania forbereder seg p\u00e5 betydelige forstyrrelser ettersom leger over hele landet gjennomf\u00f8rer en fire dager<\/p>\n","protected":false},"author":1,"featured_media":12620,"comment_status":"closed","ping_status":"open","sticky":false,"template":"","format":"standard","meta":{"footnotes":""},"categories":[105],"tags":[1717,3601,144,339,8300,1892,3899],"class_list":["post-12619","post","type-post","status-publish","format-standard","has-post-thumbnail","hentry","category-livsstil","tag-denne","tag-forvente","tag-hva","tag-kan","tag-legestreik","tag-spanias","tag-uken","generate-columns","tablet-grid-50","mobile-grid-100","grid-parent","grid-33","resize-featured-image"],"yoast_head":"<!-- This site is optimized with the Yoast SEO plugin v24.4 - https:\/\/yoast.com\/wordpress\/plugins\/seo\/ -->\n<title>Spanias legestreik: Hva kan du forvente denne uken - Nordnesrepublikken<\/title>\n<meta name=\"robots\" content=\"index, follow, max-snippet:-1, max-image-preview:large, max-video-preview:-1\" \/>\n<link rel=\"canonical\" href=\"https:\/\/nordnesrepublikken.no\/index.php\/2025\/12\/09\/spanias-legestreik-hva-kan-du-forvente-denne-uken\/\" \/>\n<meta property=\"og:locale\" content=\"nb_NO\" \/>\n<meta property=\"og:type\" content=\"article\" \/>\n<meta property=\"og:title\" content=\"Spanias legestreik: Hva kan du forvente denne uken - Nordnesrepublikken\" \/>\n<meta property=\"og:description\" content=\"Spania forbereder seg p\u00e5 betydelige forstyrrelser ettersom leger over hele landet gjennomf\u00f8rer en fire dager\" \/>\n<meta property=\"og:url\" content=\"https:\/\/nordnesrepublikken.no\/index.php\/2025\/12\/09\/spanias-legestreik-hva-kan-du-forvente-denne-uken\/\" \/>\n<meta property=\"og:site_name\" content=\"Nordnesrepublikken\" \/>\n<meta property=\"article:published_time\" content=\"2025-12-09T12:51:53+00:00\" \/>\n<meta property=\"article:modified_time\" content=\"2025-12-09T12:51:56+00:00\" \/>\n<meta property=\"og:image\" content=\"https:\/\/nordnesrepublikken.no\/wp-content\/uploads\/2025\/12\/1765284714_Spanias-legestreik-Hva-kan-du-forvente-denne-uken.png\" \/>\n\t<meta property=\"og:image:width\" content=\"1200\" \/>\n\t<meta property=\"og:image:height\" content=\"804\" \/>\n\t<meta property=\"og:image:type\" content=\"image\/png\" \/>\n<meta name=\"author\" content=\"Ole Andersen\" \/>\n<meta name=\"twitter:card\" content=\"summary_large_image\" \/>\n<meta name=\"twitter:label1\" content=\"Skrevet av\" \/>\n\t<meta name=\"twitter:data1\" content=\"Ole Andersen\" \/>\n\t<meta name=\"twitter:label2\" content=\"Ansl. lesetid\" \/>\n\t<meta name=\"twitter:data2\" content=\"3 minutter\" \/>\n<script type=\"application\/ld+json\" class=\"yoast-schema-graph\">{\"@context\":\"https:\/\/schema.org\",\"@graph\":[{\"@type\":\"Article\",\"@id\":\"https:\/\/nordnesrepublikken.no\/index.php\/2025\/12\/09\/spanias-legestreik-hva-kan-du-forvente-denne-uken\/#article\",\"isPartOf\":{\"@id\":\"https:\/\/nordnesrepublikken.no\/index.php\/2025\/12\/09\/spanias-legestreik-hva-kan-du-forvente-denne-uken\/\"},\"author\":{\"name\":\"Ole Andersen\",\"@id\":\"https:\/\/nordnesrepublikken.no\/#\/schema\/person\/2e7e81935bab77882fffb79296240ff1\"},\"headline\":\"Spanias legestreik: Hva kan du forvente denne uken\",\"datePublished\":\"2025-12-09T12:51:53+00:00\",\"dateModified\":\"2025-12-09T12:51:56+00:00\",\"mainEntityOfPage\":{\"@id\":\"https:\/\/nordnesrepublikken.no\/index.php\/2025\/12\/09\/spanias-legestreik-hva-kan-du-forvente-denne-uken\/\"},\"wordCount\":618,\"publisher\":{\"@id\":\"https:\/\/nordnesrepublikken.no\/#organization\"},\"image\":{\"@id\":\"https:\/\/nordnesrepublikken.no\/index.php\/2025\/12\/09\/spanias-legestreik-hva-kan-du-forvente-denne-uken\/#primaryimage\"},\"thumbnailUrl\":\"https:\/\/nordnesrepublikken.no\/wp-content\/uploads\/2025\/12\/1765284714_Spanias-legestreik-Hva-kan-du-forvente-denne-uken.png\",\"keywords\":[\"denne\",\"forvente\",\"Hva\",\"kan\",\"legestreik\",\"Spanias\",\"uken\"],\"articleSection\":[\"Livsstil\"],\"inLanguage\":\"nb-NO\"},{\"@type\":\"WebPage\",\"@id\":\"https:\/\/nordnesrepublikken.no\/index.php\/2025\/12\/09\/spanias-legestreik-hva-kan-du-forvente-denne-uken\/\",\"url\":\"https:\/\/nordnesrepublikken.no\/index.php\/2025\/12\/09\/spanias-legestreik-hva-kan-du-forvente-denne-uken\/\",\"name\":\"Spanias legestreik: Hva kan du forvente denne uken - Nordnesrepublikken\",\"isPartOf\":{\"@id\":\"https:\/\/nordnesrepublikken.no\/#website\"},\"primaryImageOfPage\":{\"@id\":\"https:\/\/nordnesrepublikken.no\/index.php\/2025\/12\/09\/spanias-legestreik-hva-kan-du-forvente-denne-uken\/#primaryimage\"},\"image\":{\"@id\":\"https:\/\/nordnesrepublikken.no\/index.php\/2025\/12\/09\/spanias-legestreik-hva-kan-du-forvente-denne-uken\/#primaryimage\"},\"thumbnailUrl\":\"https:\/\/nordnesrepublikken.no\/wp-content\/uploads\/2025\/12\/1765284714_Spanias-legestreik-Hva-kan-du-forvente-denne-uken.png\",\"datePublished\":\"2025-12-09T12:51:53+00:00\",\"dateModified\":\"2025-12-09T12:51:56+00:00\",\"breadcrumb\":{\"@id\":\"https:\/\/nordnesrepublikken.no\/index.php\/2025\/12\/09\/spanias-legestreik-hva-kan-du-forvente-denne-uken\/#breadcrumb\"},\"inLanguage\":\"nb-NO\",\"potentialAction\":[{\"@type\":\"ReadAction\",\"target\":[\"https:\/\/nordnesrepublikken.no\/index.php\/2025\/12\/09\/spanias-legestreik-hva-kan-du-forvente-denne-uken\/\"]}]},{\"@type\":\"ImageObject\",\"inLanguage\":\"nb-NO\",\"@id\":\"https:\/\/nordnesrepublikken.no\/index.php\/2025\/12\/09\/spanias-legestreik-hva-kan-du-forvente-denne-uken\/#primaryimage\",\"url\":\"https:\/\/nordnesrepublikken.no\/wp-content\/uploads\/2025\/12\/1765284714_Spanias-legestreik-Hva-kan-du-forvente-denne-uken.png\",\"contentUrl\":\"https:\/\/nordnesrepublikken.no\/wp-content\/uploads\/2025\/12\/1765284714_Spanias-legestreik-Hva-kan-du-forvente-denne-uken.png\",\"width\":1200,\"height\":804,\"caption\":\"Spanias legestreik: Hva kan du forvente denne uken\"},{\"@type\":\"BreadcrumbList\",\"@id\":\"https:\/\/nordnesrepublikken.no\/index.php\/2025\/12\/09\/spanias-legestreik-hva-kan-du-forvente-denne-uken\/#breadcrumb\",\"itemListElement\":[{\"@type\":\"ListItem\",\"position\":1,\"name\":\"Home\",\"item\":\"https:\/\/nordnesrepublikken.no\/\"},{\"@type\":\"ListItem\",\"position\":2,\"name\":\"Spanias legestreik: Hva kan du forvente denne uken\"}]},{\"@type\":\"WebSite\",\"@id\":\"https:\/\/nordnesrepublikken.no\/#website\",\"url\":\"https:\/\/nordnesrepublikken.no\/\",\"name\":\"Nordnesrepublikken\",\"description\":\"Stemmer og Visjoner fra Republikkens Hjerte\",\"publisher\":{\"@id\":\"https:\/\/nordnesrepublikken.no\/#organization\"},\"potentialAction\":[{\"@type\":\"SearchAction\",\"target\":{\"@type\":\"EntryPoint\",\"urlTemplate\":\"https:\/\/nordnesrepublikken.no\/?s={search_term_string}\"},\"query-input\":{\"@type\":\"PropertyValueSpecification\",\"valueRequired\":true,\"valueName\":\"search_term_string\"}}],\"inLanguage\":\"nb-NO\"},{\"@type\":\"Organization\",\"@id\":\"https:\/\/nordnesrepublikken.no\/#organization\",\"name\":\"Nordnesrepublikken\",\"url\":\"https:\/\/nordnesrepublikken.no\/\",\"logo\":{\"@type\":\"ImageObject\",\"inLanguage\":\"nb-NO\",\"@id\":\"https:\/\/nordnesrepublikken.no\/#\/schema\/logo\/image\/\",\"url\":\"https:\/\/nordnesrepublikken.no\/wp-content\/uploads\/2025\/02\/cropped-nordnesrepublikken-2.png\",\"contentUrl\":\"https:\/\/nordnesrepublikken.no\/wp-content\/uploads\/2025\/02\/cropped-nordnesrepublikken-2.png\",\"width\":1248,\"height\":362,\"caption\":\"Nordnesrepublikken\"},\"image\":{\"@id\":\"https:\/\/nordnesrepublikken.no\/#\/schema\/logo\/image\/\"}},{\"@type\":\"Person\",\"@id\":\"https:\/\/nordnesrepublikken.no\/#\/schema\/person\/2e7e81935bab77882fffb79296240ff1\",\"name\":\"Ole Andersen\",\"image\":{\"@type\":\"ImageObject\",\"inLanguage\":\"nb-NO\",\"@id\":\"https:\/\/nordnesrepublikken.no\/#\/schema\/person\/image\/\",\"url\":\"https:\/\/nordnesrepublikken.no\/wp-content\/uploads\/2025\/02\/nordnesrepublikken-2-2-150x150.jpg\",\"contentUrl\":\"https:\/\/nordnesrepublikken.no\/wp-content\/uploads\/2025\/02\/nordnesrepublikken-2-2-150x150.jpg\",\"caption\":\"Ole Andersen\"},\"description\":\"Ettersom jeg vokste opp i Oslo, har jeg alltid v\u00e6rt fascinert av ordenes kraft og deres evne til \u00e5 skape endringer. Etter \u00e5 ha fullf\u00f8rt min utdannelse i kommunikasjon ved Universitetet i Bergen, fikk jeg muligheten til \u00e5 jobbe innen ulike medier, der jeg har s\u00f8kt \u00e5 belyse viktige samfunnssp\u00f8rsm\u00e5l. I dag, som redakt\u00f8r for Nordnesrepublikken, pr\u00f8ver jeg \u00e5 forene min kj\u00e6rlighet for journalistikk med min lidenskap for innovasjon og eventyr.\",\"sameAs\":[\"https:\/\/nordnesrepublikken.no\/\"]}]}<\/script>\n<!-- \/ Yoast SEO plugin. -->","yoast_head_json":{"title":"Spanias legestreik: Hva kan du forvente denne uken - Nordnesrepublikken","robots":{"index":"index","follow":"follow","max-snippet":"max-snippet:-1","max-image-preview":"max-image-preview:large","max-video-preview":"max-video-preview:-1"},"canonical":"https:\/\/nordnesrepublikken.no\/index.php\/2025\/12\/09\/spanias-legestreik-hva-kan-du-forvente-denne-uken\/","og_locale":"nb_NO","og_type":"article","og_title":"Spanias legestreik: Hva kan du forvente denne uken - Nordnesrepublikken","og_description":"Spania forbereder seg p\u00e5 betydelige forstyrrelser ettersom leger over hele landet gjennomf\u00f8rer en fire dager","og_url":"https:\/\/nordnesrepublikken.no\/index.php\/2025\/12\/09\/spanias-legestreik-hva-kan-du-forvente-denne-uken\/","og_site_name":"Nordnesrepublikken","article_published_time":"2025-12-09T12:51:53+00:00","article_modified_time":"2025-12-09T12:51:56+00:00","og_image":[{"width":1200,"height":804,"url":"https:\/\/nordnesrepublikken.no\/wp-content\/uploads\/2025\/12\/1765284714_Spanias-legestreik-Hva-kan-du-forvente-denne-uken.png","type":"image\/png"}],"author":"Ole Andersen","twitter_card":"summary_large_image","twitter_misc":{"Skrevet av":"Ole Andersen","Ansl. lesetid":"3 minutter"},"schema":{"@context":"https:\/\/schema.org","@graph":[{"@type":"Article","@id":"https:\/\/nordnesrepublikken.no\/index.php\/2025\/12\/09\/spanias-legestreik-hva-kan-du-forvente-denne-uken\/#article","isPartOf":{"@id":"https:\/\/nordnesrepublikken.no\/index.php\/2025\/12\/09\/spanias-legestreik-hva-kan-du-forvente-denne-uken\/"},"author":{"name":"Ole Andersen","@id":"https:\/\/nordnesrepublikken.no\/#\/schema\/person\/2e7e81935bab77882fffb79296240ff1"},"headline":"Spanias legestreik: Hva kan du forvente denne uken","datePublished":"2025-12-09T12:51:53+00:00","dateModified":"2025-12-09T12:51:56+00:00","mainEntityOfPage":{"@id":"https:\/\/nordnesrepublikken.no\/index.php\/2025\/12\/09\/spanias-legestreik-hva-kan-du-forvente-denne-uken\/"},"wordCount":618,"publisher":{"@id":"https:\/\/nordnesrepublikken.no\/#organization"},"image":{"@id":"https:\/\/nordnesrepublikken.no\/index.php\/2025\/12\/09\/spanias-legestreik-hva-kan-du-forvente-denne-uken\/#primaryimage"},"thumbnailUrl":"https:\/\/nordnesrepublikken.no\/wp-content\/uploads\/2025\/12\/1765284714_Spanias-legestreik-Hva-kan-du-forvente-denne-uken.png","keywords":["denne","forvente","Hva","kan","legestreik","Spanias","uken"],"articleSection":["Livsstil"],"inLanguage":"nb-NO"},{"@type":"WebPage","@id":"https:\/\/nordnesrepublikken.no\/index.php\/2025\/12\/09\/spanias-legestreik-hva-kan-du-forvente-denne-uken\/","url":"https:\/\/nordnesrepublikken.no\/index.php\/2025\/12\/09\/spanias-legestreik-hva-kan-du-forvente-denne-uken\/","name":"Spanias legestreik: Hva kan du forvente denne uken - Nordnesrepublikken","isPartOf":{"@id":"https:\/\/nordnesrepublikken.no\/#website"},"primaryImageOfPage":{"@id":"https:\/\/nordnesrepublikken.no\/index.php\/2025\/12\/09\/spanias-legestreik-hva-kan-du-forvente-denne-uken\/#primaryimage"},"image":{"@id":"https:\/\/nordnesrepublikken.no\/index.php\/2025\/12\/09\/spanias-legestreik-hva-kan-du-forvente-denne-uken\/#primaryimage"},"thumbnailUrl":"https:\/\/nordnesrepublikken.no\/wp-content\/uploads\/2025\/12\/1765284714_Spanias-legestreik-Hva-kan-du-forvente-denne-uken.png","datePublished":"2025-12-09T12:51:53+00:00","dateModified":"2025-12-09T12:51:56+00:00","breadcrumb":{"@id":"https:\/\/nordnesrepublikken.no\/index.php\/2025\/12\/09\/spanias-legestreik-hva-kan-du-forvente-denne-uken\/#breadcrumb"},"inLanguage":"nb-NO","potentialAction":[{"@type":"ReadAction","target":["https:\/\/nordnesrepublikken.no\/index.php\/2025\/12\/09\/spanias-legestreik-hva-kan-du-forvente-denne-uken\/"]}]},{"@type":"ImageObject","inLanguage":"nb-NO","@id":"https:\/\/nordnesrepublikken.no\/index.php\/2025\/12\/09\/spanias-legestreik-hva-kan-du-forvente-denne-uken\/#primaryimage","url":"https:\/\/nordnesrepublikken.no\/wp-content\/uploads\/2025\/12\/1765284714_Spanias-legestreik-Hva-kan-du-forvente-denne-uken.png","contentUrl":"https:\/\/nordnesrepublikken.no\/wp-content\/uploads\/2025\/12\/1765284714_Spanias-legestreik-Hva-kan-du-forvente-denne-uken.png","width":1200,"height":804,"caption":"Spanias legestreik: Hva kan du forvente denne uken"},{"@type":"BreadcrumbList","@id":"https:\/\/nordnesrepublikken.no\/index.php\/2025\/12\/09\/spanias-legestreik-hva-kan-du-forvente-denne-uken\/#breadcrumb","itemListElement":[{"@type":"ListItem","position":1,"name":"Home","item":"https:\/\/nordnesrepublikken.no\/"},{"@type":"ListItem","position":2,"name":"Spanias legestreik: Hva kan du forvente denne uken"}]},{"@type":"WebSite","@id":"https:\/\/nordnesrepublikken.no\/#website","url":"https:\/\/nordnesrepublikken.no\/","name":"Nordnesrepublikken","description":"Stemmer og Visjoner fra Republikkens Hjerte","publisher":{"@id":"https:\/\/nordnesrepublikken.no\/#organization"},"potentialAction":[{"@type":"SearchAction","target":{"@type":"EntryPoint","urlTemplate":"https:\/\/nordnesrepublikken.no\/?s={search_term_string}"},"query-input":{"@type":"PropertyValueSpecification","valueRequired":true,"valueName":"search_term_string"}}],"inLanguage":"nb-NO"},{"@type":"Organization","@id":"https:\/\/nordnesrepublikken.no\/#organization","name":"Nordnesrepublikken","url":"https:\/\/nordnesrepublikken.no\/","logo":{"@type":"ImageObject","inLanguage":"nb-NO","@id":"https:\/\/nordnesrepublikken.no\/#\/schema\/logo\/image\/","url":"https:\/\/nordnesrepublikken.no\/wp-content\/uploads\/2025\/02\/cropped-nordnesrepublikken-2.png","contentUrl":"https:\/\/nordnesrepublikken.no\/wp-content\/uploads\/2025\/02\/cropped-nordnesrepublikken-2.png","width":1248,"height":362,"caption":"Nordnesrepublikken"},"image":{"@id":"https:\/\/nordnesrepublikken.no\/#\/schema\/logo\/image\/"}},{"@type":"Person","@id":"https:\/\/nordnesrepublikken.no\/#\/schema\/person\/2e7e81935bab77882fffb79296240ff1","name":"Ole Andersen","image":{"@type":"ImageObject","inLanguage":"nb-NO","@id":"https:\/\/nordnesrepublikken.no\/#\/schema\/person\/image\/","url":"https:\/\/nordnesrepublikken.no\/wp-content\/uploads\/2025\/02\/nordnesrepublikken-2-2-150x150.jpg","contentUrl":"https:\/\/nordnesrepublikken.no\/wp-content\/uploads\/2025\/02\/nordnesrepublikken-2-2-150x150.jpg","caption":"Ole Andersen"},"description":"Ettersom jeg vokste opp i Oslo, har jeg alltid v\u00e6rt fascinert av ordenes kraft og deres evne til \u00e5 skape endringer. Etter \u00e5 ha fullf\u00f8rt min utdannelse i kommunikasjon ved Universitetet i Bergen, fikk jeg muligheten til \u00e5 jobbe innen ulike medier, der jeg har s\u00f8kt \u00e5 belyse viktige samfunnssp\u00f8rsm\u00e5l. I dag, som redakt\u00f8r for Nordnesrepublikken, pr\u00f8ver jeg \u00e5 forene min kj\u00e6rlighet for journalistikk med min lidenskap for innovasjon og eventyr.","sameAs":["https:\/\/nordnesrepublikken.no\/"]}]}},"_links":{"self":[{"href":"https:\/\/nordnesrepublikken.no\/index.php\/wp-json\/wp\/v2\/posts\/12619","targetHints":{"allow":["GET"]}}],"collection":[{"href":"https:\/\/nordnesrepublikken.no\/index.php\/wp-json\/wp\/v2\/posts"}],"about":[{"href":"https:\/\/nordnesrepublikken.no\/index.php\/wp-json\/wp\/v2\/types\/post"}],"author":[{"embeddable":true,"href":"https:\/\/nordnesrepublikken.no\/index.php\/wp-json\/wp\/v2\/users\/1"}],"replies":[{"embeddable":true,"href":"https:\/\/nordnesrepublikken.no\/index.php\/wp-json\/wp\/v2\/comments?post=12619"}],"version-history":[{"count":1,"href":"https:\/\/nordnesrepublikken.no\/index.php\/wp-json\/wp\/v2\/posts\/12619\/revisions"}],"predecessor-version":[{"id":12621,"href":"https:\/\/nordnesrepublikken.no\/index.php\/wp-json\/wp\/v2\/posts\/12619\/revisions\/12621"}],"wp:featuredmedia":[{"embeddable":true,"href":"https:\/\/nordnesrepublikken.no\/index.php\/wp-json\/wp\/v2\/media\/12620"}],"wp:attachment":[{"href":"https:\/\/nordnesrepublikken.no\/index.php\/wp-json\/wp\/v2\/media?parent=12619"}],"wp:term":[{"taxonomy":"category","embeddable":true,"href":"https:\/\/nordnesrepublikken.no\/index.php\/wp-json\/wp\/v2\/categories?post=12619"},{"taxonomy":"post_tag","embeddable":true,"href":"https:\/\/nordnesrepublikken.no\/index.php\/wp-json\/wp\/v2\/tags?post=12619"}],"curies":[{"name":"wp","href":"https:\/\/api.w.org\/{rel}","templated":true}]}}