{"id":12610,"date":"2025-12-08T23:51:25","date_gmt":"2025-12-08T22:51:25","guid":{"rendered":"https:\/\/nordnesrepublikken.no\/index.php\/2025\/12\/08\/benalmadenas-jul-blir-glam-barcrawl-og-dragshow-for-voksne\/"},"modified":"2025-12-08T23:51:26","modified_gmt":"2025-12-08T22:51:26","slug":"benalmadenas-jul-blir-glam-barcrawl-og-dragshow-for-voksne","status":"publish","type":"post","link":"https:\/\/nordnesrepublikken.no\/index.php\/2025\/12\/08\/benalmadenas-jul-blir-glam-barcrawl-og-dragshow-for-voksne\/","title":{"rendered":"Benalmadenas jul blir glam: barcrawl og dragshow for voksne"},"content":{"rendered":"<p><\/p>\n<div class=\"wordpress-content\">\n                    <!-- Article Start --><\/p>\n<p data-start=\"91\" data-end=\"140\">Akkurat n\u00e5r du trodde julen var for barn, gj\u00f8r Benalmadena alt med glitrende dragshow og den \u00e5rlige festlige barcrawlen.<\/p>\n<h2 data-start=\"1093\" data-end=\"1129\">Minnellis juledragshow<\/h2>\n<p data-start=\"1131\" data-end=\"1562\">Drag-kabaretbaren Minnellis starter sin h\u00f8ytid denne fredagen og l\u00f8rdagen 5.\u20136. desember fra kl. 19.00. Juleshowhelgen lover en glitrende blanding av underholdning med Spice, King Key og hele Minnelli-familien. Alopecia Keys tar imot gjester ved d\u00f8ren begge netter. Showene er tematisert rundt moro og gnist, og lover en livlig start p\u00e5 h\u00f8ytiden p\u00e5 denne oppslukende og intime dragopplevelsen.<\/p>\n<p data-start=\"1564\" data-end=\"1653\">For mer informasjon og billetter, bes\u00f8k minnellis.com eller s\u00f8k Minnellis p\u00e5 sosiale medier.<\/p>\n<div class=\"sra_unit\"><link rel=\"stylesheet\" id=\"block-sra\" href=\"https:\/\/euroweeklynews.com\/wp-content\/plugins\/snack-related-articles\/dist\/css\/snack-related.min.css?250312-193541\" type=\"text\/css\" media=\"all\">\n<\/div>\n<h2 data-start=\"242\" data-end=\"289\">12 barer med julepyntbar crawl<\/h2>\n<p data-start=\"291\" data-end=\"458\">L\u00f8rdag 13. desember vil den \u00e5rlige 12 Bars of Christmas fancy dress barcrawl finne sted, med start klokken 13.00, fra The Hole In The Wall Bar i Arroyo de la Miel.<\/p>\n<p data-start=\"460\" data-end=\"805\">Deltakerne oppfordres til \u00e5 v\u00e6re kreative med sine festlige antrekk og kle seg for \u00e5 imponere n\u00e5r de bes\u00f8ker barer over Arroyo de la Miel. Hver bar vil v\u00e6re vert for en utlodning med premier donert av bareierne, med strips tilgjengelig for \u20ac1. Det vil finne sted en utlodning i finalebaren, med alle gaver, flasker og kuponger donert av deltakerne.<\/p>\n<p data-start=\"807\" data-end=\"991\">Barer langs ruten vil tilby gratis snacks, tapas, shots og festlige vibber. Ingen barn er tillatt, men det vil v\u00e6re spill, utlodninger og en samling for \u00e5 st\u00f8tte en lokal familie.<\/p>\n<p data-start=\"993\" data-end=\"1091\">For mer informasjon og hele ruten, s\u00f8k \u00abThe Hole in the Wall, Benalmadena\u00bb p\u00e5 Facebook.<\/p>\n<h2 data-start=\"1655\" data-end=\"1687\">Festlig moro for voksne<\/h2>\n<p data-start=\"1689\" data-end=\"1931\">Benalmadena beviser at julen ikke bare er for barn. Enten du kryper mellom barene i festlig fancy dress eller nyter en glitrende kveld med levende underholdning, byr byen p\u00e5 mange m\u00e5ter for voksne \u00e5 feire sesongen p\u00e5.<\/p>\n<p>For mer om hva som skjer p\u00e5 Costa del Sol, f\u00f8lg Euro Weeklys sosiale scene.<\/p>\n<p>                    <!-- Originally published at https:\/\/euroweeklynews.com\/2025\/12\/02\/benalmadenas-christmas-goes-glam-bar-crawls-and-drag-shows-for-grown-ups\/ on 02 Dec 2025 at 11:54 by Donna Neely --><br \/>\n                    <!-- Article End -->\n                <\/div>\n","protected":false},"excerpt":{"rendered":"<p>Akkurat n\u00e5r du trodde julen var for barn, gj\u00f8r Benalmadena alt med glitrende dragshow og<\/p>\n","protected":false},"author":1,"featured_media":12611,"comment_status":"closed","ping_status":"open","sticky":false,"template":"","format":"standard","meta":{"footnotes":""},"categories":[105],"tags":[8293,8291,123,8294,8292,7773,3666],"class_list":["post-12610","post","type-post","status-publish","format-standard","has-post-thumbnail","hentry","category-livsstil","tag-barcrawl","tag-benalmadenas","tag-blir","tag-dragshow","tag-glam","tag-jul","tag-voksne","generate-columns","tablet-grid-50","mobile-grid-100","grid-parent","grid-33","resize-featured-image"],"yoast_head":"<!-- This site is optimized with the Yoast SEO plugin v24.4 - https:\/\/yoast.com\/wordpress\/plugins\/seo\/ -->\n<title>Benalmadenas jul blir glam: barcrawl og dragshow for voksne - Nordnesrepublikken<\/title>\n<meta name=\"robots\" content=\"index, follow, max-snippet:-1, max-image-preview:large, max-video-preview:-1\" \/>\n<link rel=\"canonical\" href=\"https:\/\/nordnesrepublikken.no\/index.php\/2025\/12\/08\/benalmadenas-jul-blir-glam-barcrawl-og-dragshow-for-voksne\/\" \/>\n<meta property=\"og:locale\" content=\"nb_NO\" \/>\n<meta property=\"og:type\" content=\"article\" \/>\n<meta property=\"og:title\" content=\"Benalmadenas jul blir glam: barcrawl og dragshow for voksne - Nordnesrepublikken\" \/>\n<meta property=\"og:description\" content=\"Akkurat n\u00e5r du trodde julen var for barn, gj\u00f8r Benalmadena alt med glitrende dragshow og\" \/>\n<meta property=\"og:url\" content=\"https:\/\/nordnesrepublikken.no\/index.php\/2025\/12\/08\/benalmadenas-jul-blir-glam-barcrawl-og-dragshow-for-voksne\/\" \/>\n<meta property=\"og:site_name\" content=\"Nordnesrepublikken\" \/>\n<meta property=\"article:published_time\" content=\"2025-12-08T22:51:25+00:00\" \/>\n<meta property=\"article:modified_time\" content=\"2025-12-08T22:51:26+00:00\" \/>\n<meta property=\"og:image\" content=\"https:\/\/nordnesrepublikken.no\/wp-content\/uploads\/2025\/12\/1765234286_Benalmadenas-jul-blir-glam-barcrawl-og-dragshow-for-voksne.jpg\" \/>\n\t<meta property=\"og:image:width\" content=\"1200\" \/>\n\t<meta property=\"og:image:height\" content=\"888\" \/>\n\t<meta property=\"og:image:type\" content=\"image\/jpeg\" \/>\n<meta name=\"author\" content=\"Ole Andersen\" \/>\n<meta name=\"twitter:card\" content=\"summary_large_image\" \/>\n<meta name=\"twitter:label1\" content=\"Skrevet av\" \/>\n\t<meta name=\"twitter:data1\" content=\"Ole Andersen\" \/>\n\t<meta name=\"twitter:label2\" content=\"Ansl. lesetid\" \/>\n\t<meta name=\"twitter:data2\" content=\"1 minutt\" \/>\n<script type=\"application\/ld+json\" class=\"yoast-schema-graph\">{\"@context\":\"https:\/\/schema.org\",\"@graph\":[{\"@type\":\"Article\",\"@id\":\"https:\/\/nordnesrepublikken.no\/index.php\/2025\/12\/08\/benalmadenas-jul-blir-glam-barcrawl-og-dragshow-for-voksne\/#article\",\"isPartOf\":{\"@id\":\"https:\/\/nordnesrepublikken.no\/index.php\/2025\/12\/08\/benalmadenas-jul-blir-glam-barcrawl-og-dragshow-for-voksne\/\"},\"author\":{\"name\":\"Ole Andersen\",\"@id\":\"https:\/\/nordnesrepublikken.no\/#\/schema\/person\/2e7e81935bab77882fffb79296240ff1\"},\"headline\":\"Benalmadenas jul blir glam: barcrawl og dragshow for voksne\",\"datePublished\":\"2025-12-08T22:51:25+00:00\",\"dateModified\":\"2025-12-08T22:51:26+00:00\",\"mainEntityOfPage\":{\"@id\":\"https:\/\/nordnesrepublikken.no\/index.php\/2025\/12\/08\/benalmadenas-jul-blir-glam-barcrawl-og-dragshow-for-voksne\/\"},\"wordCount\":306,\"publisher\":{\"@id\":\"https:\/\/nordnesrepublikken.no\/#organization\"},\"image\":{\"@id\":\"https:\/\/nordnesrepublikken.no\/index.php\/2025\/12\/08\/benalmadenas-jul-blir-glam-barcrawl-og-dragshow-for-voksne\/#primaryimage\"},\"thumbnailUrl\":\"https:\/\/nordnesrepublikken.no\/wp-content\/uploads\/2025\/12\/1765234286_Benalmadenas-jul-blir-glam-barcrawl-og-dragshow-for-voksne.jpg\",\"keywords\":[\"barcrawl\",\"Benalmadenas\",\"blir\",\"dragshow\",\"glam\",\"Jul\",\"voksne\"],\"articleSection\":[\"Livsstil\"],\"inLanguage\":\"nb-NO\"},{\"@type\":\"WebPage\",\"@id\":\"https:\/\/nordnesrepublikken.no\/index.php\/2025\/12\/08\/benalmadenas-jul-blir-glam-barcrawl-og-dragshow-for-voksne\/\",\"url\":\"https:\/\/nordnesrepublikken.no\/index.php\/2025\/12\/08\/benalmadenas-jul-blir-glam-barcrawl-og-dragshow-for-voksne\/\",\"name\":\"Benalmadenas jul blir glam: barcrawl og dragshow for voksne - Nordnesrepublikken\",\"isPartOf\":{\"@id\":\"https:\/\/nordnesrepublikken.no\/#website\"},\"primaryImageOfPage\":{\"@id\":\"https:\/\/nordnesrepublikken.no\/index.php\/2025\/12\/08\/benalmadenas-jul-blir-glam-barcrawl-og-dragshow-for-voksne\/#primaryimage\"},\"image\":{\"@id\":\"https:\/\/nordnesrepublikken.no\/index.php\/2025\/12\/08\/benalmadenas-jul-blir-glam-barcrawl-og-dragshow-for-voksne\/#primaryimage\"},\"thumbnailUrl\":\"https:\/\/nordnesrepublikken.no\/wp-content\/uploads\/2025\/12\/1765234286_Benalmadenas-jul-blir-glam-barcrawl-og-dragshow-for-voksne.jpg\",\"datePublished\":\"2025-12-08T22:51:25+00:00\",\"dateModified\":\"2025-12-08T22:51:26+00:00\",\"breadcrumb\":{\"@id\":\"https:\/\/nordnesrepublikken.no\/index.php\/2025\/12\/08\/benalmadenas-jul-blir-glam-barcrawl-og-dragshow-for-voksne\/#breadcrumb\"},\"inLanguage\":\"nb-NO\",\"potentialAction\":[{\"@type\":\"ReadAction\",\"target\":[\"https:\/\/nordnesrepublikken.no\/index.php\/2025\/12\/08\/benalmadenas-jul-blir-glam-barcrawl-og-dragshow-for-voksne\/\"]}]},{\"@type\":\"ImageObject\",\"inLanguage\":\"nb-NO\",\"@id\":\"https:\/\/nordnesrepublikken.no\/index.php\/2025\/12\/08\/benalmadenas-jul-blir-glam-barcrawl-og-dragshow-for-voksne\/#primaryimage\",\"url\":\"https:\/\/nordnesrepublikken.no\/wp-content\/uploads\/2025\/12\/1765234286_Benalmadenas-jul-blir-glam-barcrawl-og-dragshow-for-voksne.jpg\",\"contentUrl\":\"https:\/\/nordnesrepublikken.no\/wp-content\/uploads\/2025\/12\/1765234286_Benalmadenas-jul-blir-glam-barcrawl-og-dragshow-for-voksne.jpg\",\"width\":1200,\"height\":888,\"caption\":\"Benalmadenas jul blir glam: barcrawl og dragshow for voksne\"},{\"@type\":\"BreadcrumbList\",\"@id\":\"https:\/\/nordnesrepublikken.no\/index.php\/2025\/12\/08\/benalmadenas-jul-blir-glam-barcrawl-og-dragshow-for-voksne\/#breadcrumb\",\"itemListElement\":[{\"@type\":\"ListItem\",\"position\":1,\"name\":\"Home\",\"item\":\"https:\/\/nordnesrepublikken.no\/\"},{\"@type\":\"ListItem\",\"position\":2,\"name\":\"Benalmadenas jul blir glam: barcrawl og dragshow for voksne\"}]},{\"@type\":\"WebSite\",\"@id\":\"https:\/\/nordnesrepublikken.no\/#website\",\"url\":\"https:\/\/nordnesrepublikken.no\/\",\"name\":\"Nordnesrepublikken\",\"description\":\"Stemmer og Visjoner fra Republikkens Hjerte\",\"publisher\":{\"@id\":\"https:\/\/nordnesrepublikken.no\/#organization\"},\"potentialAction\":[{\"@type\":\"SearchAction\",\"target\":{\"@type\":\"EntryPoint\",\"urlTemplate\":\"https:\/\/nordnesrepublikken.no\/?s={search_term_string}\"},\"query-input\":{\"@type\":\"PropertyValueSpecification\",\"valueRequired\":true,\"valueName\":\"search_term_string\"}}],\"inLanguage\":\"nb-NO\"},{\"@type\":\"Organization\",\"@id\":\"https:\/\/nordnesrepublikken.no\/#organization\",\"name\":\"Nordnesrepublikken\",\"url\":\"https:\/\/nordnesrepublikken.no\/\",\"logo\":{\"@type\":\"ImageObject\",\"inLanguage\":\"nb-NO\",\"@id\":\"https:\/\/nordnesrepublikken.no\/#\/schema\/logo\/image\/\",\"url\":\"https:\/\/nordnesrepublikken.no\/wp-content\/uploads\/2025\/02\/cropped-nordnesrepublikken-2.png\",\"contentUrl\":\"https:\/\/nordnesrepublikken.no\/wp-content\/uploads\/2025\/02\/cropped-nordnesrepublikken-2.png\",\"width\":1248,\"height\":362,\"caption\":\"Nordnesrepublikken\"},\"image\":{\"@id\":\"https:\/\/nordnesrepublikken.no\/#\/schema\/logo\/image\/\"}},{\"@type\":\"Person\",\"@id\":\"https:\/\/nordnesrepublikken.no\/#\/schema\/person\/2e7e81935bab77882fffb79296240ff1\",\"name\":\"Ole Andersen\",\"image\":{\"@type\":\"ImageObject\",\"inLanguage\":\"nb-NO\",\"@id\":\"https:\/\/nordnesrepublikken.no\/#\/schema\/person\/image\/\",\"url\":\"https:\/\/nordnesrepublikken.no\/wp-content\/uploads\/2025\/02\/nordnesrepublikken-2-2-150x150.jpg\",\"contentUrl\":\"https:\/\/nordnesrepublikken.no\/wp-content\/uploads\/2025\/02\/nordnesrepublikken-2-2-150x150.jpg\",\"caption\":\"Ole Andersen\"},\"description\":\"Ettersom jeg vokste opp i Oslo, har jeg alltid v\u00e6rt fascinert av ordenes kraft og deres evne til \u00e5 skape endringer. Etter \u00e5 ha fullf\u00f8rt min utdannelse i kommunikasjon ved Universitetet i Bergen, fikk jeg muligheten til \u00e5 jobbe innen ulike medier, der jeg har s\u00f8kt \u00e5 belyse viktige samfunnssp\u00f8rsm\u00e5l. I dag, som redakt\u00f8r for Nordnesrepublikken, pr\u00f8ver jeg \u00e5 forene min kj\u00e6rlighet for journalistikk med min lidenskap for innovasjon og eventyr.\",\"sameAs\":[\"https:\/\/nordnesrepublikken.no\/\"]}]}<\/script>\n<!-- \/ Yoast SEO plugin. -->","yoast_head_json":{"title":"Benalmadenas jul blir glam: barcrawl og dragshow for voksne - Nordnesrepublikken","robots":{"index":"index","follow":"follow","max-snippet":"max-snippet:-1","max-image-preview":"max-image-preview:large","max-video-preview":"max-video-preview:-1"},"canonical":"https:\/\/nordnesrepublikken.no\/index.php\/2025\/12\/08\/benalmadenas-jul-blir-glam-barcrawl-og-dragshow-for-voksne\/","og_locale":"nb_NO","og_type":"article","og_title":"Benalmadenas jul blir glam: barcrawl og dragshow for voksne - Nordnesrepublikken","og_description":"Akkurat n\u00e5r du trodde julen var for barn, gj\u00f8r Benalmadena alt med glitrende dragshow og","og_url":"https:\/\/nordnesrepublikken.no\/index.php\/2025\/12\/08\/benalmadenas-jul-blir-glam-barcrawl-og-dragshow-for-voksne\/","og_site_name":"Nordnesrepublikken","article_published_time":"2025-12-08T22:51:25+00:00","article_modified_time":"2025-12-08T22:51:26+00:00","og_image":[{"width":1200,"height":888,"url":"https:\/\/nordnesrepublikken.no\/wp-content\/uploads\/2025\/12\/1765234286_Benalmadenas-jul-blir-glam-barcrawl-og-dragshow-for-voksne.jpg","type":"image\/jpeg"}],"author":"Ole Andersen","twitter_card":"summary_large_image","twitter_misc":{"Skrevet av":"Ole Andersen","Ansl. lesetid":"1 minutt"},"schema":{"@context":"https:\/\/schema.org","@graph":[{"@type":"Article","@id":"https:\/\/nordnesrepublikken.no\/index.php\/2025\/12\/08\/benalmadenas-jul-blir-glam-barcrawl-og-dragshow-for-voksne\/#article","isPartOf":{"@id":"https:\/\/nordnesrepublikken.no\/index.php\/2025\/12\/08\/benalmadenas-jul-blir-glam-barcrawl-og-dragshow-for-voksne\/"},"author":{"name":"Ole Andersen","@id":"https:\/\/nordnesrepublikken.no\/#\/schema\/person\/2e7e81935bab77882fffb79296240ff1"},"headline":"Benalmadenas jul blir glam: barcrawl og dragshow for voksne","datePublished":"2025-12-08T22:51:25+00:00","dateModified":"2025-12-08T22:51:26+00:00","mainEntityOfPage":{"@id":"https:\/\/nordnesrepublikken.no\/index.php\/2025\/12\/08\/benalmadenas-jul-blir-glam-barcrawl-og-dragshow-for-voksne\/"},"wordCount":306,"publisher":{"@id":"https:\/\/nordnesrepublikken.no\/#organization"},"image":{"@id":"https:\/\/nordnesrepublikken.no\/index.php\/2025\/12\/08\/benalmadenas-jul-blir-glam-barcrawl-og-dragshow-for-voksne\/#primaryimage"},"thumbnailUrl":"https:\/\/nordnesrepublikken.no\/wp-content\/uploads\/2025\/12\/1765234286_Benalmadenas-jul-blir-glam-barcrawl-og-dragshow-for-voksne.jpg","keywords":["barcrawl","Benalmadenas","blir","dragshow","glam","Jul","voksne"],"articleSection":["Livsstil"],"inLanguage":"nb-NO"},{"@type":"WebPage","@id":"https:\/\/nordnesrepublikken.no\/index.php\/2025\/12\/08\/benalmadenas-jul-blir-glam-barcrawl-og-dragshow-for-voksne\/","url":"https:\/\/nordnesrepublikken.no\/index.php\/2025\/12\/08\/benalmadenas-jul-blir-glam-barcrawl-og-dragshow-for-voksne\/","name":"Benalmadenas jul blir glam: barcrawl og dragshow for voksne - Nordnesrepublikken","isPartOf":{"@id":"https:\/\/nordnesrepublikken.no\/#website"},"primaryImageOfPage":{"@id":"https:\/\/nordnesrepublikken.no\/index.php\/2025\/12\/08\/benalmadenas-jul-blir-glam-barcrawl-og-dragshow-for-voksne\/#primaryimage"},"image":{"@id":"https:\/\/nordnesrepublikken.no\/index.php\/2025\/12\/08\/benalmadenas-jul-blir-glam-barcrawl-og-dragshow-for-voksne\/#primaryimage"},"thumbnailUrl":"https:\/\/nordnesrepublikken.no\/wp-content\/uploads\/2025\/12\/1765234286_Benalmadenas-jul-blir-glam-barcrawl-og-dragshow-for-voksne.jpg","datePublished":"2025-12-08T22:51:25+00:00","dateModified":"2025-12-08T22:51:26+00:00","breadcrumb":{"@id":"https:\/\/nordnesrepublikken.no\/index.php\/2025\/12\/08\/benalmadenas-jul-blir-glam-barcrawl-og-dragshow-for-voksne\/#breadcrumb"},"inLanguage":"nb-NO","potentialAction":[{"@type":"ReadAction","target":["https:\/\/nordnesrepublikken.no\/index.php\/2025\/12\/08\/benalmadenas-jul-blir-glam-barcrawl-og-dragshow-for-voksne\/"]}]},{"@type":"ImageObject","inLanguage":"nb-NO","@id":"https:\/\/nordnesrepublikken.no\/index.php\/2025\/12\/08\/benalmadenas-jul-blir-glam-barcrawl-og-dragshow-for-voksne\/#primaryimage","url":"https:\/\/nordnesrepublikken.no\/wp-content\/uploads\/2025\/12\/1765234286_Benalmadenas-jul-blir-glam-barcrawl-og-dragshow-for-voksne.jpg","contentUrl":"https:\/\/nordnesrepublikken.no\/wp-content\/uploads\/2025\/12\/1765234286_Benalmadenas-jul-blir-glam-barcrawl-og-dragshow-for-voksne.jpg","width":1200,"height":888,"caption":"Benalmadenas jul blir glam: barcrawl og dragshow for voksne"},{"@type":"BreadcrumbList","@id":"https:\/\/nordnesrepublikken.no\/index.php\/2025\/12\/08\/benalmadenas-jul-blir-glam-barcrawl-og-dragshow-for-voksne\/#breadcrumb","itemListElement":[{"@type":"ListItem","position":1,"name":"Home","item":"https:\/\/nordnesrepublikken.no\/"},{"@type":"ListItem","position":2,"name":"Benalmadenas jul blir glam: barcrawl og dragshow for voksne"}]},{"@type":"WebSite","@id":"https:\/\/nordnesrepublikken.no\/#website","url":"https:\/\/nordnesrepublikken.no\/","name":"Nordnesrepublikken","description":"Stemmer og Visjoner fra Republikkens Hjerte","publisher":{"@id":"https:\/\/nordnesrepublikken.no\/#organization"},"potentialAction":[{"@type":"SearchAction","target":{"@type":"EntryPoint","urlTemplate":"https:\/\/nordnesrepublikken.no\/?s={search_term_string}"},"query-input":{"@type":"PropertyValueSpecification","valueRequired":true,"valueName":"search_term_string"}}],"inLanguage":"nb-NO"},{"@type":"Organization","@id":"https:\/\/nordnesrepublikken.no\/#organization","name":"Nordnesrepublikken","url":"https:\/\/nordnesrepublikken.no\/","logo":{"@type":"ImageObject","inLanguage":"nb-NO","@id":"https:\/\/nordnesrepublikken.no\/#\/schema\/logo\/image\/","url":"https:\/\/nordnesrepublikken.no\/wp-content\/uploads\/2025\/02\/cropped-nordnesrepublikken-2.png","contentUrl":"https:\/\/nordnesrepublikken.no\/wp-content\/uploads\/2025\/02\/cropped-nordnesrepublikken-2.png","width":1248,"height":362,"caption":"Nordnesrepublikken"},"image":{"@id":"https:\/\/nordnesrepublikken.no\/#\/schema\/logo\/image\/"}},{"@type":"Person","@id":"https:\/\/nordnesrepublikken.no\/#\/schema\/person\/2e7e81935bab77882fffb79296240ff1","name":"Ole Andersen","image":{"@type":"ImageObject","inLanguage":"nb-NO","@id":"https:\/\/nordnesrepublikken.no\/#\/schema\/person\/image\/","url":"https:\/\/nordnesrepublikken.no\/wp-content\/uploads\/2025\/02\/nordnesrepublikken-2-2-150x150.jpg","contentUrl":"https:\/\/nordnesrepublikken.no\/wp-content\/uploads\/2025\/02\/nordnesrepublikken-2-2-150x150.jpg","caption":"Ole Andersen"},"description":"Ettersom jeg vokste opp i Oslo, har jeg alltid v\u00e6rt fascinert av ordenes kraft og deres evne til \u00e5 skape endringer. Etter \u00e5 ha fullf\u00f8rt min utdannelse i kommunikasjon ved Universitetet i Bergen, fikk jeg muligheten til \u00e5 jobbe innen ulike medier, der jeg har s\u00f8kt \u00e5 belyse viktige samfunnssp\u00f8rsm\u00e5l. I dag, som redakt\u00f8r for Nordnesrepublikken, pr\u00f8ver jeg \u00e5 forene min kj\u00e6rlighet for journalistikk med min lidenskap for innovasjon og eventyr.","sameAs":["https:\/\/nordnesrepublikken.no\/"]}]}},"_links":{"self":[{"href":"https:\/\/nordnesrepublikken.no\/index.php\/wp-json\/wp\/v2\/posts\/12610","targetHints":{"allow":["GET"]}}],"collection":[{"href":"https:\/\/nordnesrepublikken.no\/index.php\/wp-json\/wp\/v2\/posts"}],"about":[{"href":"https:\/\/nordnesrepublikken.no\/index.php\/wp-json\/wp\/v2\/types\/post"}],"author":[{"embeddable":true,"href":"https:\/\/nordnesrepublikken.no\/index.php\/wp-json\/wp\/v2\/users\/1"}],"replies":[{"embeddable":true,"href":"https:\/\/nordnesrepublikken.no\/index.php\/wp-json\/wp\/v2\/comments?post=12610"}],"version-history":[{"count":1,"href":"https:\/\/nordnesrepublikken.no\/index.php\/wp-json\/wp\/v2\/posts\/12610\/revisions"}],"predecessor-version":[{"id":12612,"href":"https:\/\/nordnesrepublikken.no\/index.php\/wp-json\/wp\/v2\/posts\/12610\/revisions\/12612"}],"wp:featuredmedia":[{"embeddable":true,"href":"https:\/\/nordnesrepublikken.no\/index.php\/wp-json\/wp\/v2\/media\/12611"}],"wp:attachment":[{"href":"https:\/\/nordnesrepublikken.no\/index.php\/wp-json\/wp\/v2\/media?parent=12610"}],"wp:term":[{"taxonomy":"category","embeddable":true,"href":"https:\/\/nordnesrepublikken.no\/index.php\/wp-json\/wp\/v2\/categories?post=12610"},{"taxonomy":"post_tag","embeddable":true,"href":"https:\/\/nordnesrepublikken.no\/index.php\/wp-json\/wp\/v2\/tags?post=12610"}],"curies":[{"name":"wp","href":"https:\/\/api.w.org\/{rel}","templated":true}]}}