{"id":12601,"date":"2025-12-08T17:51:36","date_gmt":"2025-12-08T16:51:36","guid":{"rendered":"https:\/\/nordnesrepublikken.no\/index.php\/2025\/12\/08\/historien-til-oya-tabarka-i-tunisia-da-genoveserne-migrerte-for-koraller\/"},"modified":"2025-12-08T17:51:38","modified_gmt":"2025-12-08T16:51:38","slug":"historien-til-oya-tabarka-i-tunisia-da-genoveserne-migrerte-for-koraller","status":"publish","type":"post","link":"https:\/\/nordnesrepublikken.no\/index.php\/2025\/12\/08\/historien-til-oya-tabarka-i-tunisia-da-genoveserne-migrerte-for-koraller\/","title":{"rendered":"Historien til \u00f8ya Tabarka i Tunisia, da genoveserne migrerte for koraller"},"content":{"rendered":"<div>\n<div class=\"cp_wrapper cp_wrapper--fw mb-30 mb-20@tablet\">\n<figure class=\"mm\"><picture class=\"img\" style=\"padding-top:56.25%\"><source  media=\"(min-width: 1024px)\"><source  media=\"(min-width: 768px)\"><\/source><\/source><\/picture><\/figure>\n<\/p><\/div>\n<p>P\u00e5 midten av det sekstende \u00e5rhundre <b>en gruppe genovesere flyttet til \u00f8ya Tabarka<\/b>et lite stykke fra kysten av Tunisia, for \u00e5 dyrke koraller og kontrollere handelsruten. F\u00f8r dem, i fire hundre \u00e5r, hadde \u00f8ya v\u00e6rt pisanernes territorium. P\u00e5 slutten av 1700-tallet forlot genuerne Tabarka fordi korallen var tom og forholdet til lokalbefolkningen begynte \u00e5 bli problematisk: De grunnla deretter byen Carloforte p\u00e5 Sardinia, hvor dialekten fortsatt snakkes i dag. <b>&laquo;tabarchino&raquo;<\/b>et spesifikt formspr\u00e5k av Tabarka.<\/p>\n<p>Navnet &laquo;Tabarka&raquo; betyr <strong>\u00abgodt ly for skip\u00bb<\/strong>nettopp fordi det var en trygg havn, brukt siden antikken takket v\u00e6re den lune bukten som \u00e5pner seg langs den nordvestlige kysten av Tunisia, og fortsatt eksisterer i dag, men <strong>det er ikke lenger en \u00f8y<\/strong> fordi sanden dekket den korte avstanden fra havet som forbinder den med fastlandet.<\/p>\n<div class=\"cp_wrapper cp_wrapper--fw mb-50\">\n<figure class=\"mm\"><picture class=\"img\" style=\"padding-top:75%\"><source  media=\"(min-width: 1024px)\"><source  media=\"(min-width: 768px)\"><img decoding=\"async\" loading=\"lazy\" src=\"https:\/\/nordnesrepublikken.no\/wp-content\/uploads\/2025\/12\/1765212695_337_Historien-til-oya-Tabarka-i-Tunisia-da-genoveserne-migrerte-for.jpg\" alt=\"VueCollineTabarka\" width=\"1600\" height=\"1200\"\/><\/source><\/source><\/picture><\/figure>\n<\/p><\/div>\n<h2>Ankomsten av italienerne til \u00f8ya Tabarka p\u00e5 korallruten<\/h2>\n<p>Historien som binder <b>&laquo;korall\u00f8y&raquo;<\/b> til Italia begynner i 1167 da <strong>Bey av Tunis<\/strong> &#8211; adelig tittel som ligner v\u00e5r &laquo;Herre&raquo; &#8211; Abdallah Bockora, avstod til Pisa, p\u00e5 den tiden en sj\u00f8fartsrepublikk, eierskapet til \u00f8ya Tabarka, n\u00e6r grensen til Algerie.<\/p>\n<p>De f\u00f8rste landsmennene som tok p\u00e5 seg kommersielle, og f\u00f8lgelig ogs\u00e5 kulturelle og sosiale forbindelser med Tunisia, var pisanerne, som var interessert i dyrking og deretter handel med stedets hovedressurs, koraller. Navnet &laquo;korall\u00f8ya&raquo; som Tabarka fortsatt er kjent under i dag kommer herfra: i fire hundre \u00e5r, <b>Pisa opprettholdt kontrollen over stedet og handelsruten<\/b>ogs\u00e5 interessert i kommersiell mekling mellom Italia og Nord-Afrika, hvor Tunisia var en av inngangene.<\/p>\n<div class=\"cp_wrapper cp_wrapper--fw mb-50\">\n<figure class=\"mm\"><picture class=\"img\" style=\"padding-top:67.1875%\"><source  media=\"(min-width: 1024px)\"><source  media=\"(min-width: 768px)\"><img decoding=\"async\" loading=\"lazy\" src=\"https:\/\/nordnesrepublikken.no\/wp-content\/uploads\/2025\/12\/1765212696_493_Historien-til-oya-Tabarka-i-Tunisia-da-genoveserne-migrerte-for.jpg\" alt=\"Tabarka\" width=\"640\" height=\"430\" class=\"js-seedtag-img\"\/><\/source><\/source><\/picture><\/figure>\n<\/p><\/div>\n<h2>Genuaserne i Tabarka: historien<\/h2>\n<p>Ordningene endret seg i 1542 da den osmanske sjefen <strong>Khair ed-Din Barbarossa<\/strong>for \u00e5 balansere politiske strukturer med korsaren Dragut, hans allierte, overf\u00f8rte han eiendommen til Tabarka til <b>Lomellini<\/b>Genoesisk aristokratisk familie knyttet til Andrea Doria og Grimaldis. Lomellinis kommersielle interesse var tydeligvis <b>korall<\/b>: For \u00e5 forvalte dens dyrking og spesifikke interesser i omr\u00e5det, ble det organisert en masseoverf\u00f8ring fra det genovesiske nabolaget Pegli til \u00f8ya Tabarka. I to hundre \u00e5r siden<b> 1542 til 1738<\/b>bebodde genoveserne denne holmen p\u00e5 den tunisiske kysten, og tok navnet <b>&laquo;tabarchini&raquo;<\/b>.<\/p>\n<p>Tabarkaene forlot Tabarka fordi korallrevene, <strong>etter nesten et \u00e5rhundre<\/strong> av prosessering og utnyttelse, var ikke lenger fruktbare, og tilstedev\u00e6relsen av den fremmede befolkningen p\u00e5 \u00f8ya <strong>skapte friksjon med de lokale tuniserne<\/strong>.<\/p>\n<p>En liten del av dem ble igjen p\u00e5 \u00f8ya, men de aller fleste flyttet til Sardinia, hvor <b>grunnla byen Carloforte<\/b>oppkalt til \u00e6re for Carlo Emanuele III av Savoy, som hadde fremmet og tilrettelagt deres nye bosetting. Da Bey of Tunis kort tid etter invaderte \u00f8ya og gjorde de gjenv\u00e6rende innbyggerne i Tabarka til slaver, krevde de siste gjenv\u00e6rende genoveserne l\u00f8sepenger og dro. Noen ble gjenforent med sine landsmenn fra Tabarchini i Carloforte, andre flyttet<strong> i Spania<\/strong>hvor de grunnla<b> Nye Tabarca<\/b>andre fortsatt i det sardinske omr\u00e5det Calasetta.<\/p>\n<h2>Det tabakiske spr\u00e5ket, som fortsatt snakkes p\u00e5 Sardinia<\/h2>\n<p>DE <b>tabarchini av Carloforte og Calasetta<\/b>selv i dag, hold liv i forbindelsen med spr\u00e5ket som deres forfedre snakket for to \u00e5rhundrer siden <b>ved kysten av Tunisia<\/b>: det tabakiske spr\u00e5ket er et ligurisk spr\u00e5k, forurenset av tunisisk, som deretter utviklet seg p\u00e5 Sardinia.<\/p>\n<p>Noen arabiske ord er faktisk ogs\u00e5 en del av det, som f.eks <em><b>facussa<\/b><\/em>et begrep som indikerer en type squash som dyrkes i Tunisia og importeres til Sardinia, eller ordet <em><b>casca<\/b><\/em>som betyr couscous, uttales p\u00e5 tunisisk vis.<\/p>\n<p>Den sardiske regionale loven n. 26 av 15. oktober 1997 beskytter valoriseringen av den regionale spr\u00e5klige og etnografiske arven, men den p\u00e5f\u00f8lgende nasjonale loven om historiske spr\u00e5klige minoriteter \u2013 lov nr. 482 av 15. desember 1999 \u2013 gjenkjenner ikke tabarchinoen. Til tross for dette, <b>spr\u00e5ket er kjent, talt og beskyttet<\/b>bevis p\u00e5 en binding og den lange bosettingsperioden for genuaserne i Tabarka.<\/p>\n<\/p><\/div>\n","protected":false},"excerpt":{"rendered":"<p>P\u00e5 midten av det sekstende \u00e5rhundre en gruppe genovesere flyttet til \u00f8ya Tabarkaet lite stykke<\/p>\n","protected":false},"author":1,"featured_media":12602,"comment_status":"closed","ping_status":"open","sticky":false,"template":"","format":"standard","meta":{"footnotes":""},"categories":[104],"tags":[8286,521,6342,8287,669,8285,117,5309],"class_list":["post-12601","post","type-post","status-publish","format-standard","has-post-thumbnail","hentry","category-samfunn","tag-genoveserne","tag-historien","tag-koraller","tag-migrerte","tag-oya","tag-tabarka","tag-til","tag-tunisia","generate-columns","tablet-grid-50","mobile-grid-100","grid-parent","grid-33","resize-featured-image"],"yoast_head":"<!-- This site is optimized with the Yoast SEO plugin v24.4 - https:\/\/yoast.com\/wordpress\/plugins\/seo\/ -->\n<title>Historien til \u00f8ya Tabarka i Tunisia, da genoveserne migrerte for koraller - Nordnesrepublikken<\/title>\n<meta name=\"robots\" content=\"index, follow, max-snippet:-1, max-image-preview:large, max-video-preview:-1\" \/>\n<link rel=\"canonical\" href=\"https:\/\/nordnesrepublikken.no\/index.php\/2025\/12\/08\/historien-til-oya-tabarka-i-tunisia-da-genoveserne-migrerte-for-koraller\/\" \/>\n<meta property=\"og:locale\" content=\"nb_NO\" \/>\n<meta property=\"og:type\" content=\"article\" \/>\n<meta property=\"og:title\" content=\"Historien til \u00f8ya Tabarka i Tunisia, da genoveserne migrerte for koraller - Nordnesrepublikken\" \/>\n<meta property=\"og:description\" content=\"P\u00e5 midten av det sekstende \u00e5rhundre en gruppe genovesere flyttet til \u00f8ya Tabarkaet lite stykke\" \/>\n<meta property=\"og:url\" content=\"https:\/\/nordnesrepublikken.no\/index.php\/2025\/12\/08\/historien-til-oya-tabarka-i-tunisia-da-genoveserne-migrerte-for-koraller\/\" \/>\n<meta property=\"og:site_name\" content=\"Nordnesrepublikken\" \/>\n<meta property=\"article:published_time\" content=\"2025-12-08T16:51:36+00:00\" \/>\n<meta property=\"article:modified_time\" content=\"2025-12-08T16:51:38+00:00\" \/>\n<meta property=\"og:image\" content=\"https:\/\/nordnesrepublikken.no\/wp-content\/uploads\/2025\/12\/1765212698_Historien-til-oya-Tabarka-i-Tunisia-da-genoveserne-migrerte-for.jpg\" \/>\n\t<meta property=\"og:image:width\" content=\"1376\" \/>\n\t<meta property=\"og:image:height\" content=\"768\" \/>\n\t<meta property=\"og:image:type\" content=\"image\/jpeg\" \/>\n<meta name=\"author\" content=\"Ole Andersen\" \/>\n<meta name=\"twitter:card\" content=\"summary_large_image\" \/>\n<meta name=\"twitter:label1\" content=\"Skrevet av\" \/>\n\t<meta name=\"twitter:data1\" content=\"Ole Andersen\" \/>\n\t<meta name=\"twitter:label2\" content=\"Ansl. lesetid\" \/>\n\t<meta name=\"twitter:data2\" content=\"3 minutter\" \/>\n<script type=\"application\/ld+json\" class=\"yoast-schema-graph\">{\"@context\":\"https:\/\/schema.org\",\"@graph\":[{\"@type\":\"Article\",\"@id\":\"https:\/\/nordnesrepublikken.no\/index.php\/2025\/12\/08\/historien-til-oya-tabarka-i-tunisia-da-genoveserne-migrerte-for-koraller\/#article\",\"isPartOf\":{\"@id\":\"https:\/\/nordnesrepublikken.no\/index.php\/2025\/12\/08\/historien-til-oya-tabarka-i-tunisia-da-genoveserne-migrerte-for-koraller\/\"},\"author\":{\"name\":\"Ole Andersen\",\"@id\":\"https:\/\/nordnesrepublikken.no\/#\/schema\/person\/2e7e81935bab77882fffb79296240ff1\"},\"headline\":\"Historien til \u00f8ya Tabarka i Tunisia, da genoveserne migrerte for koraller\",\"datePublished\":\"2025-12-08T16:51:36+00:00\",\"dateModified\":\"2025-12-08T16:51:38+00:00\",\"mainEntityOfPage\":{\"@id\":\"https:\/\/nordnesrepublikken.no\/index.php\/2025\/12\/08\/historien-til-oya-tabarka-i-tunisia-da-genoveserne-migrerte-for-koraller\/\"},\"wordCount\":625,\"publisher\":{\"@id\":\"https:\/\/nordnesrepublikken.no\/#organization\"},\"image\":{\"@id\":\"https:\/\/nordnesrepublikken.no\/index.php\/2025\/12\/08\/historien-til-oya-tabarka-i-tunisia-da-genoveserne-migrerte-for-koraller\/#primaryimage\"},\"thumbnailUrl\":\"https:\/\/nordnesrepublikken.no\/wp-content\/uploads\/2025\/12\/1765212698_Historien-til-oya-Tabarka-i-Tunisia-da-genoveserne-migrerte-for.jpg\",\"keywords\":[\"genoveserne\",\"Historien\",\"koraller\",\"migrerte\",\"\u00d8ya\",\"Tabarka\",\"til\",\"Tunisia\"],\"articleSection\":[\"Samfunn\"],\"inLanguage\":\"nb-NO\"},{\"@type\":\"WebPage\",\"@id\":\"https:\/\/nordnesrepublikken.no\/index.php\/2025\/12\/08\/historien-til-oya-tabarka-i-tunisia-da-genoveserne-migrerte-for-koraller\/\",\"url\":\"https:\/\/nordnesrepublikken.no\/index.php\/2025\/12\/08\/historien-til-oya-tabarka-i-tunisia-da-genoveserne-migrerte-for-koraller\/\",\"name\":\"Historien til \u00f8ya Tabarka i Tunisia, da genoveserne migrerte for koraller - Nordnesrepublikken\",\"isPartOf\":{\"@id\":\"https:\/\/nordnesrepublikken.no\/#website\"},\"primaryImageOfPage\":{\"@id\":\"https:\/\/nordnesrepublikken.no\/index.php\/2025\/12\/08\/historien-til-oya-tabarka-i-tunisia-da-genoveserne-migrerte-for-koraller\/#primaryimage\"},\"image\":{\"@id\":\"https:\/\/nordnesrepublikken.no\/index.php\/2025\/12\/08\/historien-til-oya-tabarka-i-tunisia-da-genoveserne-migrerte-for-koraller\/#primaryimage\"},\"thumbnailUrl\":\"https:\/\/nordnesrepublikken.no\/wp-content\/uploads\/2025\/12\/1765212698_Historien-til-oya-Tabarka-i-Tunisia-da-genoveserne-migrerte-for.jpg\",\"datePublished\":\"2025-12-08T16:51:36+00:00\",\"dateModified\":\"2025-12-08T16:51:38+00:00\",\"breadcrumb\":{\"@id\":\"https:\/\/nordnesrepublikken.no\/index.php\/2025\/12\/08\/historien-til-oya-tabarka-i-tunisia-da-genoveserne-migrerte-for-koraller\/#breadcrumb\"},\"inLanguage\":\"nb-NO\",\"potentialAction\":[{\"@type\":\"ReadAction\",\"target\":[\"https:\/\/nordnesrepublikken.no\/index.php\/2025\/12\/08\/historien-til-oya-tabarka-i-tunisia-da-genoveserne-migrerte-for-koraller\/\"]}]},{\"@type\":\"ImageObject\",\"inLanguage\":\"nb-NO\",\"@id\":\"https:\/\/nordnesrepublikken.no\/index.php\/2025\/12\/08\/historien-til-oya-tabarka-i-tunisia-da-genoveserne-migrerte-for-koraller\/#primaryimage\",\"url\":\"https:\/\/nordnesrepublikken.no\/wp-content\/uploads\/2025\/12\/1765212698_Historien-til-oya-Tabarka-i-Tunisia-da-genoveserne-migrerte-for.jpg\",\"contentUrl\":\"https:\/\/nordnesrepublikken.no\/wp-content\/uploads\/2025\/12\/1765212698_Historien-til-oya-Tabarka-i-Tunisia-da-genoveserne-migrerte-for.jpg\",\"width\":1376,\"height\":768,\"caption\":\"Historien til \u00f8ya Tabarka i Tunisia, da genoveserne migrerte for koraller\"},{\"@type\":\"BreadcrumbList\",\"@id\":\"https:\/\/nordnesrepublikken.no\/index.php\/2025\/12\/08\/historien-til-oya-tabarka-i-tunisia-da-genoveserne-migrerte-for-koraller\/#breadcrumb\",\"itemListElement\":[{\"@type\":\"ListItem\",\"position\":1,\"name\":\"Home\",\"item\":\"https:\/\/nordnesrepublikken.no\/\"},{\"@type\":\"ListItem\",\"position\":2,\"name\":\"Historien til \u00f8ya Tabarka i Tunisia, da genoveserne migrerte for koraller\"}]},{\"@type\":\"WebSite\",\"@id\":\"https:\/\/nordnesrepublikken.no\/#website\",\"url\":\"https:\/\/nordnesrepublikken.no\/\",\"name\":\"Nordnesrepublikken\",\"description\":\"Stemmer og Visjoner fra Republikkens Hjerte\",\"publisher\":{\"@id\":\"https:\/\/nordnesrepublikken.no\/#organization\"},\"potentialAction\":[{\"@type\":\"SearchAction\",\"target\":{\"@type\":\"EntryPoint\",\"urlTemplate\":\"https:\/\/nordnesrepublikken.no\/?s={search_term_string}\"},\"query-input\":{\"@type\":\"PropertyValueSpecification\",\"valueRequired\":true,\"valueName\":\"search_term_string\"}}],\"inLanguage\":\"nb-NO\"},{\"@type\":\"Organization\",\"@id\":\"https:\/\/nordnesrepublikken.no\/#organization\",\"name\":\"Nordnesrepublikken\",\"url\":\"https:\/\/nordnesrepublikken.no\/\",\"logo\":{\"@type\":\"ImageObject\",\"inLanguage\":\"nb-NO\",\"@id\":\"https:\/\/nordnesrepublikken.no\/#\/schema\/logo\/image\/\",\"url\":\"https:\/\/nordnesrepublikken.no\/wp-content\/uploads\/2025\/02\/cropped-nordnesrepublikken-2.png\",\"contentUrl\":\"https:\/\/nordnesrepublikken.no\/wp-content\/uploads\/2025\/02\/cropped-nordnesrepublikken-2.png\",\"width\":1248,\"height\":362,\"caption\":\"Nordnesrepublikken\"},\"image\":{\"@id\":\"https:\/\/nordnesrepublikken.no\/#\/schema\/logo\/image\/\"}},{\"@type\":\"Person\",\"@id\":\"https:\/\/nordnesrepublikken.no\/#\/schema\/person\/2e7e81935bab77882fffb79296240ff1\",\"name\":\"Ole Andersen\",\"image\":{\"@type\":\"ImageObject\",\"inLanguage\":\"nb-NO\",\"@id\":\"https:\/\/nordnesrepublikken.no\/#\/schema\/person\/image\/\",\"url\":\"https:\/\/nordnesrepublikken.no\/wp-content\/uploads\/2025\/02\/nordnesrepublikken-2-2-150x150.jpg\",\"contentUrl\":\"https:\/\/nordnesrepublikken.no\/wp-content\/uploads\/2025\/02\/nordnesrepublikken-2-2-150x150.jpg\",\"caption\":\"Ole Andersen\"},\"description\":\"Ettersom jeg vokste opp i Oslo, har jeg alltid v\u00e6rt fascinert av ordenes kraft og deres evne til \u00e5 skape endringer. Etter \u00e5 ha fullf\u00f8rt min utdannelse i kommunikasjon ved Universitetet i Bergen, fikk jeg muligheten til \u00e5 jobbe innen ulike medier, der jeg har s\u00f8kt \u00e5 belyse viktige samfunnssp\u00f8rsm\u00e5l. I dag, som redakt\u00f8r for Nordnesrepublikken, pr\u00f8ver jeg \u00e5 forene min kj\u00e6rlighet for journalistikk med min lidenskap for innovasjon og eventyr.\",\"sameAs\":[\"https:\/\/nordnesrepublikken.no\/\"]}]}<\/script>\n<!-- \/ Yoast SEO plugin. -->","yoast_head_json":{"title":"Historien til \u00f8ya Tabarka i Tunisia, da genoveserne migrerte for koraller - Nordnesrepublikken","robots":{"index":"index","follow":"follow","max-snippet":"max-snippet:-1","max-image-preview":"max-image-preview:large","max-video-preview":"max-video-preview:-1"},"canonical":"https:\/\/nordnesrepublikken.no\/index.php\/2025\/12\/08\/historien-til-oya-tabarka-i-tunisia-da-genoveserne-migrerte-for-koraller\/","og_locale":"nb_NO","og_type":"article","og_title":"Historien til \u00f8ya Tabarka i Tunisia, da genoveserne migrerte for koraller - Nordnesrepublikken","og_description":"P\u00e5 midten av det sekstende \u00e5rhundre en gruppe genovesere flyttet til \u00f8ya Tabarkaet lite stykke","og_url":"https:\/\/nordnesrepublikken.no\/index.php\/2025\/12\/08\/historien-til-oya-tabarka-i-tunisia-da-genoveserne-migrerte-for-koraller\/","og_site_name":"Nordnesrepublikken","article_published_time":"2025-12-08T16:51:36+00:00","article_modified_time":"2025-12-08T16:51:38+00:00","og_image":[{"width":1376,"height":768,"url":"https:\/\/nordnesrepublikken.no\/wp-content\/uploads\/2025\/12\/1765212698_Historien-til-oya-Tabarka-i-Tunisia-da-genoveserne-migrerte-for.jpg","type":"image\/jpeg"}],"author":"Ole Andersen","twitter_card":"summary_large_image","twitter_misc":{"Skrevet av":"Ole Andersen","Ansl. lesetid":"3 minutter"},"schema":{"@context":"https:\/\/schema.org","@graph":[{"@type":"Article","@id":"https:\/\/nordnesrepublikken.no\/index.php\/2025\/12\/08\/historien-til-oya-tabarka-i-tunisia-da-genoveserne-migrerte-for-koraller\/#article","isPartOf":{"@id":"https:\/\/nordnesrepublikken.no\/index.php\/2025\/12\/08\/historien-til-oya-tabarka-i-tunisia-da-genoveserne-migrerte-for-koraller\/"},"author":{"name":"Ole Andersen","@id":"https:\/\/nordnesrepublikken.no\/#\/schema\/person\/2e7e81935bab77882fffb79296240ff1"},"headline":"Historien til \u00f8ya Tabarka i Tunisia, da genoveserne migrerte for koraller","datePublished":"2025-12-08T16:51:36+00:00","dateModified":"2025-12-08T16:51:38+00:00","mainEntityOfPage":{"@id":"https:\/\/nordnesrepublikken.no\/index.php\/2025\/12\/08\/historien-til-oya-tabarka-i-tunisia-da-genoveserne-migrerte-for-koraller\/"},"wordCount":625,"publisher":{"@id":"https:\/\/nordnesrepublikken.no\/#organization"},"image":{"@id":"https:\/\/nordnesrepublikken.no\/index.php\/2025\/12\/08\/historien-til-oya-tabarka-i-tunisia-da-genoveserne-migrerte-for-koraller\/#primaryimage"},"thumbnailUrl":"https:\/\/nordnesrepublikken.no\/wp-content\/uploads\/2025\/12\/1765212698_Historien-til-oya-Tabarka-i-Tunisia-da-genoveserne-migrerte-for.jpg","keywords":["genoveserne","Historien","koraller","migrerte","\u00d8ya","Tabarka","til","Tunisia"],"articleSection":["Samfunn"],"inLanguage":"nb-NO"},{"@type":"WebPage","@id":"https:\/\/nordnesrepublikken.no\/index.php\/2025\/12\/08\/historien-til-oya-tabarka-i-tunisia-da-genoveserne-migrerte-for-koraller\/","url":"https:\/\/nordnesrepublikken.no\/index.php\/2025\/12\/08\/historien-til-oya-tabarka-i-tunisia-da-genoveserne-migrerte-for-koraller\/","name":"Historien til \u00f8ya Tabarka i Tunisia, da genoveserne migrerte for koraller - Nordnesrepublikken","isPartOf":{"@id":"https:\/\/nordnesrepublikken.no\/#website"},"primaryImageOfPage":{"@id":"https:\/\/nordnesrepublikken.no\/index.php\/2025\/12\/08\/historien-til-oya-tabarka-i-tunisia-da-genoveserne-migrerte-for-koraller\/#primaryimage"},"image":{"@id":"https:\/\/nordnesrepublikken.no\/index.php\/2025\/12\/08\/historien-til-oya-tabarka-i-tunisia-da-genoveserne-migrerte-for-koraller\/#primaryimage"},"thumbnailUrl":"https:\/\/nordnesrepublikken.no\/wp-content\/uploads\/2025\/12\/1765212698_Historien-til-oya-Tabarka-i-Tunisia-da-genoveserne-migrerte-for.jpg","datePublished":"2025-12-08T16:51:36+00:00","dateModified":"2025-12-08T16:51:38+00:00","breadcrumb":{"@id":"https:\/\/nordnesrepublikken.no\/index.php\/2025\/12\/08\/historien-til-oya-tabarka-i-tunisia-da-genoveserne-migrerte-for-koraller\/#breadcrumb"},"inLanguage":"nb-NO","potentialAction":[{"@type":"ReadAction","target":["https:\/\/nordnesrepublikken.no\/index.php\/2025\/12\/08\/historien-til-oya-tabarka-i-tunisia-da-genoveserne-migrerte-for-koraller\/"]}]},{"@type":"ImageObject","inLanguage":"nb-NO","@id":"https:\/\/nordnesrepublikken.no\/index.php\/2025\/12\/08\/historien-til-oya-tabarka-i-tunisia-da-genoveserne-migrerte-for-koraller\/#primaryimage","url":"https:\/\/nordnesrepublikken.no\/wp-content\/uploads\/2025\/12\/1765212698_Historien-til-oya-Tabarka-i-Tunisia-da-genoveserne-migrerte-for.jpg","contentUrl":"https:\/\/nordnesrepublikken.no\/wp-content\/uploads\/2025\/12\/1765212698_Historien-til-oya-Tabarka-i-Tunisia-da-genoveserne-migrerte-for.jpg","width":1376,"height":768,"caption":"Historien til \u00f8ya Tabarka i Tunisia, da genoveserne migrerte for koraller"},{"@type":"BreadcrumbList","@id":"https:\/\/nordnesrepublikken.no\/index.php\/2025\/12\/08\/historien-til-oya-tabarka-i-tunisia-da-genoveserne-migrerte-for-koraller\/#breadcrumb","itemListElement":[{"@type":"ListItem","position":1,"name":"Home","item":"https:\/\/nordnesrepublikken.no\/"},{"@type":"ListItem","position":2,"name":"Historien til \u00f8ya Tabarka i Tunisia, da genoveserne migrerte for koraller"}]},{"@type":"WebSite","@id":"https:\/\/nordnesrepublikken.no\/#website","url":"https:\/\/nordnesrepublikken.no\/","name":"Nordnesrepublikken","description":"Stemmer og Visjoner fra Republikkens Hjerte","publisher":{"@id":"https:\/\/nordnesrepublikken.no\/#organization"},"potentialAction":[{"@type":"SearchAction","target":{"@type":"EntryPoint","urlTemplate":"https:\/\/nordnesrepublikken.no\/?s={search_term_string}"},"query-input":{"@type":"PropertyValueSpecification","valueRequired":true,"valueName":"search_term_string"}}],"inLanguage":"nb-NO"},{"@type":"Organization","@id":"https:\/\/nordnesrepublikken.no\/#organization","name":"Nordnesrepublikken","url":"https:\/\/nordnesrepublikken.no\/","logo":{"@type":"ImageObject","inLanguage":"nb-NO","@id":"https:\/\/nordnesrepublikken.no\/#\/schema\/logo\/image\/","url":"https:\/\/nordnesrepublikken.no\/wp-content\/uploads\/2025\/02\/cropped-nordnesrepublikken-2.png","contentUrl":"https:\/\/nordnesrepublikken.no\/wp-content\/uploads\/2025\/02\/cropped-nordnesrepublikken-2.png","width":1248,"height":362,"caption":"Nordnesrepublikken"},"image":{"@id":"https:\/\/nordnesrepublikken.no\/#\/schema\/logo\/image\/"}},{"@type":"Person","@id":"https:\/\/nordnesrepublikken.no\/#\/schema\/person\/2e7e81935bab77882fffb79296240ff1","name":"Ole Andersen","image":{"@type":"ImageObject","inLanguage":"nb-NO","@id":"https:\/\/nordnesrepublikken.no\/#\/schema\/person\/image\/","url":"https:\/\/nordnesrepublikken.no\/wp-content\/uploads\/2025\/02\/nordnesrepublikken-2-2-150x150.jpg","contentUrl":"https:\/\/nordnesrepublikken.no\/wp-content\/uploads\/2025\/02\/nordnesrepublikken-2-2-150x150.jpg","caption":"Ole Andersen"},"description":"Ettersom jeg vokste opp i Oslo, har jeg alltid v\u00e6rt fascinert av ordenes kraft og deres evne til \u00e5 skape endringer. Etter \u00e5 ha fullf\u00f8rt min utdannelse i kommunikasjon ved Universitetet i Bergen, fikk jeg muligheten til \u00e5 jobbe innen ulike medier, der jeg har s\u00f8kt \u00e5 belyse viktige samfunnssp\u00f8rsm\u00e5l. I dag, som redakt\u00f8r for Nordnesrepublikken, pr\u00f8ver jeg \u00e5 forene min kj\u00e6rlighet for journalistikk med min lidenskap for innovasjon og eventyr.","sameAs":["https:\/\/nordnesrepublikken.no\/"]}]}},"_links":{"self":[{"href":"https:\/\/nordnesrepublikken.no\/index.php\/wp-json\/wp\/v2\/posts\/12601","targetHints":{"allow":["GET"]}}],"collection":[{"href":"https:\/\/nordnesrepublikken.no\/index.php\/wp-json\/wp\/v2\/posts"}],"about":[{"href":"https:\/\/nordnesrepublikken.no\/index.php\/wp-json\/wp\/v2\/types\/post"}],"author":[{"embeddable":true,"href":"https:\/\/nordnesrepublikken.no\/index.php\/wp-json\/wp\/v2\/users\/1"}],"replies":[{"embeddable":true,"href":"https:\/\/nordnesrepublikken.no\/index.php\/wp-json\/wp\/v2\/comments?post=12601"}],"version-history":[{"count":1,"href":"https:\/\/nordnesrepublikken.no\/index.php\/wp-json\/wp\/v2\/posts\/12601\/revisions"}],"predecessor-version":[{"id":12603,"href":"https:\/\/nordnesrepublikken.no\/index.php\/wp-json\/wp\/v2\/posts\/12601\/revisions\/12603"}],"wp:featuredmedia":[{"embeddable":true,"href":"https:\/\/nordnesrepublikken.no\/index.php\/wp-json\/wp\/v2\/media\/12602"}],"wp:attachment":[{"href":"https:\/\/nordnesrepublikken.no\/index.php\/wp-json\/wp\/v2\/media?parent=12601"}],"wp:term":[{"taxonomy":"category","embeddable":true,"href":"https:\/\/nordnesrepublikken.no\/index.php\/wp-json\/wp\/v2\/categories?post=12601"},{"taxonomy":"post_tag","embeddable":true,"href":"https:\/\/nordnesrepublikken.no\/index.php\/wp-json\/wp\/v2\/tags?post=12601"}],"curies":[{"name":"wp","href":"https:\/\/api.w.org\/{rel}","templated":true}]}}