{"id":12541,"date":"2025-12-06T21:50:37","date_gmt":"2025-12-06T20:50:37","guid":{"rendered":"https:\/\/nordnesrepublikken.no\/index.php\/2025\/12\/06\/hva-var-arsakene\/"},"modified":"2025-12-06T21:50:40","modified_gmt":"2025-12-06T20:50:40","slug":"hva-var-arsakene","status":"publish","type":"post","link":"https:\/\/nordnesrepublikken.no\/index.php\/2025\/12\/06\/hva-var-arsakene\/","title":{"rendered":"hva var \u00e5rsakene"},"content":{"rendered":"<div>\n<div class=\"cp_wrapper cp_wrapper--fw mb-30 mb-20@tablet\">\n<figure class=\"mm\"><picture class=\"img\" style=\"padding-top:56.25%\"><source  media=\"(min-width: 1024px)\"><source  media=\"(min-width: 768px)\"><\/source><\/source><\/picture><\/figure>\n<\/p><\/div>\n<p>Morgenen den <strong>25. juli 2001<\/strong> innbyggerne i regionen <strong>Kerala,<\/strong> i <strong>India,<\/strong> de v\u00e5knet til en uventet overraskelse: den <strong>regn<\/strong> \u2013 hyppig i omr\u00e5det \u2013 begynte \u00e5 ta farge <strong>blodr\u00f8d<\/strong>farget alt det landet p\u00e5 og gir opphav til formodninger om en hypotetisk utenomjordisk opprinnelse til fenomenet. I l\u00f8pet av kort tid avklarte analysene situasjonen, og identifiserte den ansvarlige i en bestemt sak <strong>alger<\/strong> tilstede i omr\u00e5det, den <em>Trentepohlia abietina<\/em>. Nedenfor noen bilder tatt av lokale innbyggere.<\/p>\n<h2>\u00c5rsakene til det mystiske r\u00f8de regnet i India<\/h2>\n<p>Som forventet, fra kl <strong>25. juli 2001<\/strong> et omr\u00e5de p\u00e5 ca <strong>450 x 150 km<\/strong> innenfor den indiske regionen Kerala ble rammet av <strong>r\u00f8d farget regn<\/strong>. Universitetene begynte umiddelbart \u00e5 samle pr\u00f8ver, og etter \u00e5 ha analysert dem, ble det innsett at partiklene inne i dem hadde et ekstremt likt utseende som en celle av <strong>r\u00f8d-brun farge<\/strong>var hovedsakelig sammensatt av <strong>karbon<\/strong> Og <strong>oksygen<\/strong> og hver hadde en diameter mellom<strong> 4\u201310 \u00b5m<\/strong>.<\/p>\n<div class=\"cp_wrapper cp_wrapper--fw mb-50\">\n<figure class=\"mm\"><picture class=\"img\" style=\"padding-top:56.774193548387%\"><source  media=\"(min-width: 1024px)\"><source  media=\"(min-width: 768px)\"><img decoding=\"async\" loading=\"lazy\" src=\"https:\/\/nordnesrepublikken.no\/wp-content\/uploads\/2025\/12\/1765054236_700_hva-var-arsakene.jpg\" alt=\"Bilde\" width=\"310\" height=\"176\"\/><\/source><\/source><\/picture><\/figure>\n<\/p><\/div>\n<p>Det ble snart innsett at dette ikke var noe mer enn slike alger <em>Trentepohlia abietina.<\/em> En av deres mest typiske egenskaper er tilstedev\u00e6relsen i dem <strong>karotenoider<\/strong>pigmenter som betakaroten som er ansvarlige for den typiske r\u00f8d-oransje fargen. Vanligvis kan disse algene finnes p\u00e5 <strong>bark<\/strong> av planter, men i tilfelle sterk vind er det mulig at disse spres i atmosf\u00e6ren, faller tilbake til bakken med regnet og gir den den typiske r\u00f8de fargen.<\/p>\n<div class=\"cp_wrapper cp_wrapper--fw mb-50\">\n<figure class=\"mm\"><picture class=\"img\" style=\"padding-top:139.7972972973%\"><source  media=\"(min-width: 1024px)\"><source  media=\"(min-width: 768px)\"><img decoding=\"async\" loading=\"lazy\" src=\"https:\/\/nordnesrepublikken.no\/wp-content\/uploads\/2025\/12\/hva-var-arsakene.jpeg\" alt=\"Bilde\" width=\"1480\" height=\"2069\" class=\"js-seedtag-img\"\/><\/source><\/source><\/picture><\/figure>\n<\/p><\/div>\n<p>Imidlertid var ikke alle overbevist om denne teorien, og parallelt ble det utviklet en hypotese &#8211; n\u00e5 avvist &#8211; knyttet til en hypotetisk opprinnelse <strong>utenomjordisk.<\/strong><\/p>\n<h2>Den utenomjordiske hypotesen<\/h2>\n<p>En av de f\u00f8rste studiene om emnet, kalt <em>Det r\u00f8de regnfenomenet i Kerala og dets mulige utenomjordiske opprinnelse<\/em>ble publisert i januar 2006 av forskere <strong>Godfrey Louis<\/strong> Og <strong>Santhosh Kumar<\/strong>. De to antok at opprinnelsen til <strong>partikler<\/strong> tilstede i dr\u00e5pene ville ha v\u00e6rt av utenomjordisk opprinnelse &#8211; som om de kom fra oppl\u00f8sningen av en liten komet eller fragmentet av en meteoritt.<\/p>\n<p>For \u00e5 s\u00f8ke ytterligere bekreftelse, sendte forskerne <strong>15 ml regn<\/strong> til en annen forsker, <strong>J. Thomas Brenna<\/strong> fra avdelingen for ern\u00e6ringsvitenskap ved Cornell University. Han gjennomf\u00f8rte en rekke tester, bl.a <strong>R\u00f8ntgenmikroanalyse<\/strong> Og <strong>infrar\u00f8d massespektrometri<\/strong>og kom til den konklusjonen at verdien av nitrogen inne i dem var perfekt forenlig med den til terrestriske partikler. Han bekreftet ogs\u00e5 tilstedev\u00e6relsen av DNA, og fremhevet ogs\u00e5 hvordan <strong>prosentandel karbon<\/strong> p\u00e5vist var forenlig med biologiske pr\u00f8ver p\u00e5 land. Kombinasjonen av disse bevisene gjorde at denne hypotesen ble definitivt tilbakevist.<\/p>\n<\/p><\/div>\n","protected":false},"excerpt":{"rendered":"<p>Morgenen den 25. juli 2001 innbyggerne i regionen Kerala, i India, de v\u00e5knet til en<\/p>\n","protected":false},"author":1,"featured_media":12542,"comment_status":"closed","ping_status":"open","sticky":false,"template":"","format":"standard","meta":{"footnotes":""},"categories":[26],"tags":[1003,144,100],"class_list":["post-12541","post","type-post","status-publish","format-standard","has-post-thumbnail","hentry","category-miljo","tag-arsakene","tag-hva","tag-var","generate-columns","tablet-grid-50","mobile-grid-100","grid-parent","grid-33","resize-featured-image"],"yoast_head":"<!-- This site is optimized with the Yoast SEO plugin v24.4 - https:\/\/yoast.com\/wordpress\/plugins\/seo\/ -->\n<title>hva var \u00e5rsakene - Nordnesrepublikken<\/title>\n<meta name=\"robots\" content=\"index, follow, max-snippet:-1, max-image-preview:large, max-video-preview:-1\" \/>\n<link rel=\"canonical\" href=\"https:\/\/nordnesrepublikken.no\/index.php\/2025\/12\/06\/hva-var-arsakene\/\" \/>\n<meta property=\"og:locale\" content=\"nb_NO\" \/>\n<meta property=\"og:type\" content=\"article\" \/>\n<meta property=\"og:title\" content=\"hva var \u00e5rsakene - Nordnesrepublikken\" \/>\n<meta property=\"og:description\" content=\"Morgenen den 25. juli 2001 innbyggerne i regionen Kerala, i India, de v\u00e5knet til en\" \/>\n<meta property=\"og:url\" content=\"https:\/\/nordnesrepublikken.no\/index.php\/2025\/12\/06\/hva-var-arsakene\/\" \/>\n<meta property=\"og:site_name\" content=\"Nordnesrepublikken\" \/>\n<meta property=\"article:published_time\" content=\"2025-12-06T20:50:37+00:00\" \/>\n<meta property=\"article:modified_time\" content=\"2025-12-06T20:50:40+00:00\" \/>\n<meta property=\"og:image\" content=\"https:\/\/nordnesrepublikken.no\/wp-content\/uploads\/2025\/12\/1765054237_hva-var-arsakene.jpg\" \/>\n\t<meta property=\"og:image:width\" content=\"2549\" \/>\n\t<meta property=\"og:image:height\" content=\"1491\" \/>\n\t<meta property=\"og:image:type\" content=\"image\/jpeg\" \/>\n<meta name=\"author\" content=\"Ole Andersen\" \/>\n<meta name=\"twitter:card\" content=\"summary_large_image\" \/>\n<meta name=\"twitter:label1\" content=\"Skrevet av\" \/>\n\t<meta name=\"twitter:data1\" content=\"Ole Andersen\" \/>\n\t<meta name=\"twitter:label2\" content=\"Ansl. lesetid\" \/>\n\t<meta name=\"twitter:data2\" content=\"2 minutter\" \/>\n<script type=\"application\/ld+json\" class=\"yoast-schema-graph\">{\"@context\":\"https:\/\/schema.org\",\"@graph\":[{\"@type\":\"Article\",\"@id\":\"https:\/\/nordnesrepublikken.no\/index.php\/2025\/12\/06\/hva-var-arsakene\/#article\",\"isPartOf\":{\"@id\":\"https:\/\/nordnesrepublikken.no\/index.php\/2025\/12\/06\/hva-var-arsakene\/\"},\"author\":{\"name\":\"Ole Andersen\",\"@id\":\"https:\/\/nordnesrepublikken.no\/#\/schema\/person\/2e7e81935bab77882fffb79296240ff1\"},\"headline\":\"hva var \u00e5rsakene\",\"datePublished\":\"2025-12-06T20:50:37+00:00\",\"dateModified\":\"2025-12-06T20:50:40+00:00\",\"mainEntityOfPage\":{\"@id\":\"https:\/\/nordnesrepublikken.no\/index.php\/2025\/12\/06\/hva-var-arsakene\/\"},\"wordCount\":414,\"publisher\":{\"@id\":\"https:\/\/nordnesrepublikken.no\/#organization\"},\"image\":{\"@id\":\"https:\/\/nordnesrepublikken.no\/index.php\/2025\/12\/06\/hva-var-arsakene\/#primaryimage\"},\"thumbnailUrl\":\"https:\/\/nordnesrepublikken.no\/wp-content\/uploads\/2025\/12\/1765054237_hva-var-arsakene.jpg\",\"keywords\":[\"\u00e5rsakene\",\"Hva\",\"var\"],\"articleSection\":[\"Milj\u00f8\"],\"inLanguage\":\"nb-NO\"},{\"@type\":\"WebPage\",\"@id\":\"https:\/\/nordnesrepublikken.no\/index.php\/2025\/12\/06\/hva-var-arsakene\/\",\"url\":\"https:\/\/nordnesrepublikken.no\/index.php\/2025\/12\/06\/hva-var-arsakene\/\",\"name\":\"hva var \u00e5rsakene - Nordnesrepublikken\",\"isPartOf\":{\"@id\":\"https:\/\/nordnesrepublikken.no\/#website\"},\"primaryImageOfPage\":{\"@id\":\"https:\/\/nordnesrepublikken.no\/index.php\/2025\/12\/06\/hva-var-arsakene\/#primaryimage\"},\"image\":{\"@id\":\"https:\/\/nordnesrepublikken.no\/index.php\/2025\/12\/06\/hva-var-arsakene\/#primaryimage\"},\"thumbnailUrl\":\"https:\/\/nordnesrepublikken.no\/wp-content\/uploads\/2025\/12\/1765054237_hva-var-arsakene.jpg\",\"datePublished\":\"2025-12-06T20:50:37+00:00\",\"dateModified\":\"2025-12-06T20:50:40+00:00\",\"breadcrumb\":{\"@id\":\"https:\/\/nordnesrepublikken.no\/index.php\/2025\/12\/06\/hva-var-arsakene\/#breadcrumb\"},\"inLanguage\":\"nb-NO\",\"potentialAction\":[{\"@type\":\"ReadAction\",\"target\":[\"https:\/\/nordnesrepublikken.no\/index.php\/2025\/12\/06\/hva-var-arsakene\/\"]}]},{\"@type\":\"ImageObject\",\"inLanguage\":\"nb-NO\",\"@id\":\"https:\/\/nordnesrepublikken.no\/index.php\/2025\/12\/06\/hva-var-arsakene\/#primaryimage\",\"url\":\"https:\/\/nordnesrepublikken.no\/wp-content\/uploads\/2025\/12\/1765054237_hva-var-arsakene.jpg\",\"contentUrl\":\"https:\/\/nordnesrepublikken.no\/wp-content\/uploads\/2025\/12\/1765054237_hva-var-arsakene.jpg\",\"width\":2549,\"height\":1491,\"caption\":\"hva var \u00e5rsakene\"},{\"@type\":\"BreadcrumbList\",\"@id\":\"https:\/\/nordnesrepublikken.no\/index.php\/2025\/12\/06\/hva-var-arsakene\/#breadcrumb\",\"itemListElement\":[{\"@type\":\"ListItem\",\"position\":1,\"name\":\"Home\",\"item\":\"https:\/\/nordnesrepublikken.no\/\"},{\"@type\":\"ListItem\",\"position\":2,\"name\":\"hva var \u00e5rsakene\"}]},{\"@type\":\"WebSite\",\"@id\":\"https:\/\/nordnesrepublikken.no\/#website\",\"url\":\"https:\/\/nordnesrepublikken.no\/\",\"name\":\"Nordnesrepublikken\",\"description\":\"Stemmer og Visjoner fra Republikkens Hjerte\",\"publisher\":{\"@id\":\"https:\/\/nordnesrepublikken.no\/#organization\"},\"potentialAction\":[{\"@type\":\"SearchAction\",\"target\":{\"@type\":\"EntryPoint\",\"urlTemplate\":\"https:\/\/nordnesrepublikken.no\/?s={search_term_string}\"},\"query-input\":{\"@type\":\"PropertyValueSpecification\",\"valueRequired\":true,\"valueName\":\"search_term_string\"}}],\"inLanguage\":\"nb-NO\"},{\"@type\":\"Organization\",\"@id\":\"https:\/\/nordnesrepublikken.no\/#organization\",\"name\":\"Nordnesrepublikken\",\"url\":\"https:\/\/nordnesrepublikken.no\/\",\"logo\":{\"@type\":\"ImageObject\",\"inLanguage\":\"nb-NO\",\"@id\":\"https:\/\/nordnesrepublikken.no\/#\/schema\/logo\/image\/\",\"url\":\"https:\/\/nordnesrepublikken.no\/wp-content\/uploads\/2025\/02\/cropped-nordnesrepublikken-2.png\",\"contentUrl\":\"https:\/\/nordnesrepublikken.no\/wp-content\/uploads\/2025\/02\/cropped-nordnesrepublikken-2.png\",\"width\":1248,\"height\":362,\"caption\":\"Nordnesrepublikken\"},\"image\":{\"@id\":\"https:\/\/nordnesrepublikken.no\/#\/schema\/logo\/image\/\"}},{\"@type\":\"Person\",\"@id\":\"https:\/\/nordnesrepublikken.no\/#\/schema\/person\/2e7e81935bab77882fffb79296240ff1\",\"name\":\"Ole Andersen\",\"image\":{\"@type\":\"ImageObject\",\"inLanguage\":\"nb-NO\",\"@id\":\"https:\/\/nordnesrepublikken.no\/#\/schema\/person\/image\/\",\"url\":\"https:\/\/nordnesrepublikken.no\/wp-content\/uploads\/2025\/02\/nordnesrepublikken-2-2-150x150.jpg\",\"contentUrl\":\"https:\/\/nordnesrepublikken.no\/wp-content\/uploads\/2025\/02\/nordnesrepublikken-2-2-150x150.jpg\",\"caption\":\"Ole Andersen\"},\"description\":\"Ettersom jeg vokste opp i Oslo, har jeg alltid v\u00e6rt fascinert av ordenes kraft og deres evne til \u00e5 skape endringer. Etter \u00e5 ha fullf\u00f8rt min utdannelse i kommunikasjon ved Universitetet i Bergen, fikk jeg muligheten til \u00e5 jobbe innen ulike medier, der jeg har s\u00f8kt \u00e5 belyse viktige samfunnssp\u00f8rsm\u00e5l. I dag, som redakt\u00f8r for Nordnesrepublikken, pr\u00f8ver jeg \u00e5 forene min kj\u00e6rlighet for journalistikk med min lidenskap for innovasjon og eventyr.\",\"sameAs\":[\"https:\/\/nordnesrepublikken.no\/\"]}]}<\/script>\n<!-- \/ Yoast SEO plugin. -->","yoast_head_json":{"title":"hva var \u00e5rsakene - Nordnesrepublikken","robots":{"index":"index","follow":"follow","max-snippet":"max-snippet:-1","max-image-preview":"max-image-preview:large","max-video-preview":"max-video-preview:-1"},"canonical":"https:\/\/nordnesrepublikken.no\/index.php\/2025\/12\/06\/hva-var-arsakene\/","og_locale":"nb_NO","og_type":"article","og_title":"hva var \u00e5rsakene - Nordnesrepublikken","og_description":"Morgenen den 25. juli 2001 innbyggerne i regionen Kerala, i India, de v\u00e5knet til en","og_url":"https:\/\/nordnesrepublikken.no\/index.php\/2025\/12\/06\/hva-var-arsakene\/","og_site_name":"Nordnesrepublikken","article_published_time":"2025-12-06T20:50:37+00:00","article_modified_time":"2025-12-06T20:50:40+00:00","og_image":[{"width":2549,"height":1491,"url":"https:\/\/nordnesrepublikken.no\/wp-content\/uploads\/2025\/12\/1765054237_hva-var-arsakene.jpg","type":"image\/jpeg"}],"author":"Ole Andersen","twitter_card":"summary_large_image","twitter_misc":{"Skrevet av":"Ole Andersen","Ansl. lesetid":"2 minutter"},"schema":{"@context":"https:\/\/schema.org","@graph":[{"@type":"Article","@id":"https:\/\/nordnesrepublikken.no\/index.php\/2025\/12\/06\/hva-var-arsakene\/#article","isPartOf":{"@id":"https:\/\/nordnesrepublikken.no\/index.php\/2025\/12\/06\/hva-var-arsakene\/"},"author":{"name":"Ole Andersen","@id":"https:\/\/nordnesrepublikken.no\/#\/schema\/person\/2e7e81935bab77882fffb79296240ff1"},"headline":"hva var \u00e5rsakene","datePublished":"2025-12-06T20:50:37+00:00","dateModified":"2025-12-06T20:50:40+00:00","mainEntityOfPage":{"@id":"https:\/\/nordnesrepublikken.no\/index.php\/2025\/12\/06\/hva-var-arsakene\/"},"wordCount":414,"publisher":{"@id":"https:\/\/nordnesrepublikken.no\/#organization"},"image":{"@id":"https:\/\/nordnesrepublikken.no\/index.php\/2025\/12\/06\/hva-var-arsakene\/#primaryimage"},"thumbnailUrl":"https:\/\/nordnesrepublikken.no\/wp-content\/uploads\/2025\/12\/1765054237_hva-var-arsakene.jpg","keywords":["\u00e5rsakene","Hva","var"],"articleSection":["Milj\u00f8"],"inLanguage":"nb-NO"},{"@type":"WebPage","@id":"https:\/\/nordnesrepublikken.no\/index.php\/2025\/12\/06\/hva-var-arsakene\/","url":"https:\/\/nordnesrepublikken.no\/index.php\/2025\/12\/06\/hva-var-arsakene\/","name":"hva var \u00e5rsakene - Nordnesrepublikken","isPartOf":{"@id":"https:\/\/nordnesrepublikken.no\/#website"},"primaryImageOfPage":{"@id":"https:\/\/nordnesrepublikken.no\/index.php\/2025\/12\/06\/hva-var-arsakene\/#primaryimage"},"image":{"@id":"https:\/\/nordnesrepublikken.no\/index.php\/2025\/12\/06\/hva-var-arsakene\/#primaryimage"},"thumbnailUrl":"https:\/\/nordnesrepublikken.no\/wp-content\/uploads\/2025\/12\/1765054237_hva-var-arsakene.jpg","datePublished":"2025-12-06T20:50:37+00:00","dateModified":"2025-12-06T20:50:40+00:00","breadcrumb":{"@id":"https:\/\/nordnesrepublikken.no\/index.php\/2025\/12\/06\/hva-var-arsakene\/#breadcrumb"},"inLanguage":"nb-NO","potentialAction":[{"@type":"ReadAction","target":["https:\/\/nordnesrepublikken.no\/index.php\/2025\/12\/06\/hva-var-arsakene\/"]}]},{"@type":"ImageObject","inLanguage":"nb-NO","@id":"https:\/\/nordnesrepublikken.no\/index.php\/2025\/12\/06\/hva-var-arsakene\/#primaryimage","url":"https:\/\/nordnesrepublikken.no\/wp-content\/uploads\/2025\/12\/1765054237_hva-var-arsakene.jpg","contentUrl":"https:\/\/nordnesrepublikken.no\/wp-content\/uploads\/2025\/12\/1765054237_hva-var-arsakene.jpg","width":2549,"height":1491,"caption":"hva var \u00e5rsakene"},{"@type":"BreadcrumbList","@id":"https:\/\/nordnesrepublikken.no\/index.php\/2025\/12\/06\/hva-var-arsakene\/#breadcrumb","itemListElement":[{"@type":"ListItem","position":1,"name":"Home","item":"https:\/\/nordnesrepublikken.no\/"},{"@type":"ListItem","position":2,"name":"hva var \u00e5rsakene"}]},{"@type":"WebSite","@id":"https:\/\/nordnesrepublikken.no\/#website","url":"https:\/\/nordnesrepublikken.no\/","name":"Nordnesrepublikken","description":"Stemmer og Visjoner fra Republikkens Hjerte","publisher":{"@id":"https:\/\/nordnesrepublikken.no\/#organization"},"potentialAction":[{"@type":"SearchAction","target":{"@type":"EntryPoint","urlTemplate":"https:\/\/nordnesrepublikken.no\/?s={search_term_string}"},"query-input":{"@type":"PropertyValueSpecification","valueRequired":true,"valueName":"search_term_string"}}],"inLanguage":"nb-NO"},{"@type":"Organization","@id":"https:\/\/nordnesrepublikken.no\/#organization","name":"Nordnesrepublikken","url":"https:\/\/nordnesrepublikken.no\/","logo":{"@type":"ImageObject","inLanguage":"nb-NO","@id":"https:\/\/nordnesrepublikken.no\/#\/schema\/logo\/image\/","url":"https:\/\/nordnesrepublikken.no\/wp-content\/uploads\/2025\/02\/cropped-nordnesrepublikken-2.png","contentUrl":"https:\/\/nordnesrepublikken.no\/wp-content\/uploads\/2025\/02\/cropped-nordnesrepublikken-2.png","width":1248,"height":362,"caption":"Nordnesrepublikken"},"image":{"@id":"https:\/\/nordnesrepublikken.no\/#\/schema\/logo\/image\/"}},{"@type":"Person","@id":"https:\/\/nordnesrepublikken.no\/#\/schema\/person\/2e7e81935bab77882fffb79296240ff1","name":"Ole Andersen","image":{"@type":"ImageObject","inLanguage":"nb-NO","@id":"https:\/\/nordnesrepublikken.no\/#\/schema\/person\/image\/","url":"https:\/\/nordnesrepublikken.no\/wp-content\/uploads\/2025\/02\/nordnesrepublikken-2-2-150x150.jpg","contentUrl":"https:\/\/nordnesrepublikken.no\/wp-content\/uploads\/2025\/02\/nordnesrepublikken-2-2-150x150.jpg","caption":"Ole Andersen"},"description":"Ettersom jeg vokste opp i Oslo, har jeg alltid v\u00e6rt fascinert av ordenes kraft og deres evne til \u00e5 skape endringer. Etter \u00e5 ha fullf\u00f8rt min utdannelse i kommunikasjon ved Universitetet i Bergen, fikk jeg muligheten til \u00e5 jobbe innen ulike medier, der jeg har s\u00f8kt \u00e5 belyse viktige samfunnssp\u00f8rsm\u00e5l. I dag, som redakt\u00f8r for Nordnesrepublikken, pr\u00f8ver jeg \u00e5 forene min kj\u00e6rlighet for journalistikk med min lidenskap for innovasjon og eventyr.","sameAs":["https:\/\/nordnesrepublikken.no\/"]}]}},"_links":{"self":[{"href":"https:\/\/nordnesrepublikken.no\/index.php\/wp-json\/wp\/v2\/posts\/12541","targetHints":{"allow":["GET"]}}],"collection":[{"href":"https:\/\/nordnesrepublikken.no\/index.php\/wp-json\/wp\/v2\/posts"}],"about":[{"href":"https:\/\/nordnesrepublikken.no\/index.php\/wp-json\/wp\/v2\/types\/post"}],"author":[{"embeddable":true,"href":"https:\/\/nordnesrepublikken.no\/index.php\/wp-json\/wp\/v2\/users\/1"}],"replies":[{"embeddable":true,"href":"https:\/\/nordnesrepublikken.no\/index.php\/wp-json\/wp\/v2\/comments?post=12541"}],"version-history":[{"count":1,"href":"https:\/\/nordnesrepublikken.no\/index.php\/wp-json\/wp\/v2\/posts\/12541\/revisions"}],"predecessor-version":[{"id":12543,"href":"https:\/\/nordnesrepublikken.no\/index.php\/wp-json\/wp\/v2\/posts\/12541\/revisions\/12543"}],"wp:featuredmedia":[{"embeddable":true,"href":"https:\/\/nordnesrepublikken.no\/index.php\/wp-json\/wp\/v2\/media\/12542"}],"wp:attachment":[{"href":"https:\/\/nordnesrepublikken.no\/index.php\/wp-json\/wp\/v2\/media?parent=12541"}],"wp:term":[{"taxonomy":"category","embeddable":true,"href":"https:\/\/nordnesrepublikken.no\/index.php\/wp-json\/wp\/v2\/categories?post=12541"},{"taxonomy":"post_tag","embeddable":true,"href":"https:\/\/nordnesrepublikken.no\/index.php\/wp-json\/wp\/v2\/tags?post=12541"}],"curies":[{"name":"wp","href":"https:\/\/api.w.org\/{rel}","templated":true}]}}