{"id":12526,"date":"2025-12-06T12:51:23","date_gmt":"2025-12-06T11:51:23","guid":{"rendered":"https:\/\/nordnesrepublikken.no\/index.php\/2025\/12\/06\/rommet-blir-stadig-mer-avgjorende-for-europeisk-forsvar-intervju-med-andrius-kubilius\/"},"modified":"2025-12-06T12:51:24","modified_gmt":"2025-12-06T11:51:24","slug":"rommet-blir-stadig-mer-avgjorende-for-europeisk-forsvar-intervju-med-andrius-kubilius","status":"publish","type":"post","link":"https:\/\/nordnesrepublikken.no\/index.php\/2025\/12\/06\/rommet-blir-stadig-mer-avgjorende-for-europeisk-forsvar-intervju-med-andrius-kubilius\/","title":{"rendered":"Rommet blir stadig mer avgj\u00f8rende for europeisk forsvar: intervju med Andrius Kubilius"},"content":{"rendered":"<div>\n<div class=\"cp_wrapper cp_wrapper--fw mb-30 mb-20@tablet\">\n<figure class=\"mm\"><picture class=\"img\" style=\"padding-top:56.25%\"><source  media=\"(min-width: 1024px)\"><source  media=\"(min-width: 768px)\"><\/source><\/source><\/picture><\/figure>\n<\/p><\/div>\n<p>I denne epoken med geopolitiske spenninger mellom Europa, Russland og USA, har EU som m\u00e5l \u00e5 styrke sitt forsvar. Det ikke alle vet er at den viktigste ressursen vi investerer i er plass, med prosjekter som dette <strong>Space Defense Shield<\/strong>analogt med den israelske Iron Dome. Faktisk er det ingen tilfeldighet at unionen har \u00e9n enkelt kommiss\u00e6r for b\u00e5de forsvar og rom. Stillingen innehas for tiden av litaueren <strong>Andrius Kubilius<\/strong>som vi fikk anledning til \u00e5 intervjue i anledning <strong>Ministerr\u00e5d 2025<\/strong> av European Space Agency holdt 26. og 27. november i Bremen, Tyskland.<\/p>\n<p><strong>Det nittende \u00e5rhundre var togenes \u00e5rhundre, det tjuende \u00e5rhundre for biler og fly: vil dette v\u00e6re verdensrommets \u00e5rhundre? <\/strong><\/p>\n<p>Absolutt. Det er klart for meg at det tjuef\u00f8rste \u00e5rhundre vil v\u00e6re, fra dette synspunktet, verdensrommets \u00e5rhundre. Kanskje begynner vi \u00e5 se det vi kaller \u00abromrevolusjonen\u00bb, der antallet kunstige satellitter \u00f8ker eksponentielt og nye muligheter byr seg. Ingen kan forutsi hva som vil skje i l\u00f8pet av de neste 10 eller 20 \u00e5rene, men vi vil helt sikkert ha nye utviklinger innen m\u00e5neutforskning, romindustrien og andre felt.<\/p>\n<p><strong>Det geopolitiske spillet spilles i \u00f8kende grad i bane: satellittkommunikasjon, posisjonering og navigasjon, observasjon av jorden ovenfra. Kan du forklare oss hvilken rolle romteknologi spiller i internasjonalt forsvar?<\/strong><\/p>\n<p>Romteknologiens rolle er helt avgj\u00f8rende i moderne krigf\u00f8ring. Hvis vi for eksempel ser p\u00e5 krigen i Ukraina, ser vi tydelig hvor mye ukrainske defensive evner er avhengige av Starlink, derfor av satellittkommunikasjon. Satellittdata er ogs\u00e5 avgj\u00f8rende for etterretning, fordi det lar deg observere hva rivaler gj\u00f8r eller styre m\u00e5lene til v\u00e5pnene dine. Det er grunnen til at n\u00e5r vi snakker om utvikling av forsvarsevner, er verdensrommet gitt h\u00f8yeste prioritet. Vi har ogs\u00e5 inkludert Space Defense Shield-initiativet som et flaggskipprosjekt i Roadmap of Defensive Readiness, et sv\u00e6rt viktig dokument som nylig ble godkjent av EU-kommisjonen, som er et paraplybegrep for \u00e5 indikere alle prosjektene vi utvikler i denne forstand og som vil v\u00e6re avgj\u00f8rende for \u00e5 utvikle europeiske defensive evner. Vi utvikler disse prosjektene rett i verdensrommet: sikre satellittkommunikasjonssystemer som \u00f8nsker \u00e5 v\u00e6re bedre enn Starlink; statlige jordobservasjonssystemer, avgj\u00f8rende for \u00e5 f\u00e5 ekstremt presise etterretningsdata. Dette er retninger som vi absolutt m\u00e5 forbedre oss i, vi har ikke r\u00e5d til \u00e5 ikke ha disse evnene fordi de er veldig viktige slik at vi er klare til \u00e5 forsvare oss selv og til \u00e5 virke avskrekkende mot enhver form for aggresjon.<\/p>\n<p><strong>Europa befinner seg i et delikat \u00f8yeblikk, med krigen i Ukraina, spenninger med Russland og nedgangen i forholdet til USA. Hva er EUs strategier og hvilken rolle spiller ESA? <\/strong><\/p>\n<p>P\u00e5 den ene siden forteller v\u00e5re etterretningstjenester oss at det er en mulighet for angrep i \u00f8st fra Russland, p\u00e5 den andre ber USA oss ta mer ansvar for europeisk forsvar, slik at de kan allokere flere ressurser i Indo-Stillehavet. Av grunnene ovenfor er samarbeidet mellom EU-kommisjonen og European Space Agency sv\u00e6rt viktig og utvikler seg veldig godt. Vi m\u00e5 ikke glemme at vi i verdensrommet kan oppn\u00e5 utmerkede resultater: Noen av rominfrastrukturene v\u00e5re er de beste i verden. Det er omr\u00e5der hvor vi har tapt terreng til konkurrenter, for eksempel Elon Musk og hans lanseringsevner. V\u00e5rt institusjonelle samarbeid med ESA fungerer i denne forstand: vi som EU etablerer en politisk retning som vi \u00f8nsker \u00e5 ta, og romfartsorganisasjonen utvikler avanserte teknologiske prosjekter som omsetter beslutningene tatt av Kommisjonen og Europaparlamentet. Dette systemet er veldig godt kalibrert og lar oss utvikle prosjektene v\u00e5re med suksess.<\/p>\n<\/p><\/div>\n","protected":false},"excerpt":{"rendered":"<p>I denne epoken med geopolitiske spenninger mellom Europa, Russland og USA, har EU som m\u00e5l<\/p>\n","protected":false},"author":1,"featured_media":12527,"comment_status":"closed","ping_status":"open","sticky":false,"template":"","format":"standard","meta":{"footnotes":""},"categories":[23],"tags":[8245,3926,123,572,934,2253,8246,79,379,4015,8244],"class_list":["post-12526","post","type-post","status-publish","format-standard","has-post-thumbnail","hentry","category-politikk","tag-andrius","tag-avgjorende","tag-blir","tag-europeisk","tag-forsvar","tag-intervju","tag-kubilius","tag-med","tag-mer","tag-rommet","tag-stadig","generate-columns","tablet-grid-50","mobile-grid-100","grid-parent","grid-33","resize-featured-image"],"yoast_head":"<!-- This site is optimized with the Yoast SEO plugin v24.4 - https:\/\/yoast.com\/wordpress\/plugins\/seo\/ -->\n<title>Rommet blir stadig mer avgj\u00f8rende for europeisk forsvar: intervju med Andrius Kubilius - Nordnesrepublikken<\/title>\n<meta name=\"robots\" content=\"index, follow, max-snippet:-1, max-image-preview:large, max-video-preview:-1\" \/>\n<link rel=\"canonical\" href=\"https:\/\/nordnesrepublikken.no\/index.php\/2025\/12\/06\/rommet-blir-stadig-mer-avgjorende-for-europeisk-forsvar-intervju-med-andrius-kubilius\/\" \/>\n<meta property=\"og:locale\" content=\"nb_NO\" \/>\n<meta property=\"og:type\" content=\"article\" \/>\n<meta property=\"og:title\" content=\"Rommet blir stadig mer avgj\u00f8rende for europeisk forsvar: intervju med Andrius Kubilius - Nordnesrepublikken\" \/>\n<meta property=\"og:description\" content=\"I denne epoken med geopolitiske spenninger mellom Europa, Russland og USA, har EU som m\u00e5l\" \/>\n<meta property=\"og:url\" content=\"https:\/\/nordnesrepublikken.no\/index.php\/2025\/12\/06\/rommet-blir-stadig-mer-avgjorende-for-europeisk-forsvar-intervju-med-andrius-kubilius\/\" \/>\n<meta property=\"og:site_name\" content=\"Nordnesrepublikken\" \/>\n<meta property=\"article:published_time\" content=\"2025-12-06T11:51:23+00:00\" \/>\n<meta property=\"article:modified_time\" content=\"2025-12-06T11:51:24+00:00\" \/>\n<meta property=\"og:image\" content=\"https:\/\/nordnesrepublikken.no\/wp-content\/uploads\/2025\/12\/1765021883_Rommet-blir-stadig-mer-avgjorende-for-europeisk-forsvar-intervju-med.jpg\" \/>\n\t<meta property=\"og:image:width\" content=\"1000\" \/>\n\t<meta property=\"og:image:height\" content=\"500\" \/>\n\t<meta property=\"og:image:type\" content=\"image\/jpeg\" \/>\n<meta name=\"author\" content=\"Ole Andersen\" \/>\n<meta name=\"twitter:card\" content=\"summary_large_image\" \/>\n<meta name=\"twitter:label1\" content=\"Skrevet av\" \/>\n\t<meta name=\"twitter:data1\" content=\"Ole Andersen\" \/>\n\t<meta name=\"twitter:label2\" content=\"Ansl. lesetid\" \/>\n\t<meta name=\"twitter:data2\" content=\"3 minutter\" \/>\n<script type=\"application\/ld+json\" class=\"yoast-schema-graph\">{\"@context\":\"https:\/\/schema.org\",\"@graph\":[{\"@type\":\"Article\",\"@id\":\"https:\/\/nordnesrepublikken.no\/index.php\/2025\/12\/06\/rommet-blir-stadig-mer-avgjorende-for-europeisk-forsvar-intervju-med-andrius-kubilius\/#article\",\"isPartOf\":{\"@id\":\"https:\/\/nordnesrepublikken.no\/index.php\/2025\/12\/06\/rommet-blir-stadig-mer-avgjorende-for-europeisk-forsvar-intervju-med-andrius-kubilius\/\"},\"author\":{\"name\":\"Ole Andersen\",\"@id\":\"https:\/\/nordnesrepublikken.no\/#\/schema\/person\/2e7e81935bab77882fffb79296240ff1\"},\"headline\":\"Rommet blir stadig mer avgj\u00f8rende for europeisk forsvar: intervju med Andrius Kubilius\",\"datePublished\":\"2025-12-06T11:51:23+00:00\",\"dateModified\":\"2025-12-06T11:51:24+00:00\",\"mainEntityOfPage\":{\"@id\":\"https:\/\/nordnesrepublikken.no\/index.php\/2025\/12\/06\/rommet-blir-stadig-mer-avgjorende-for-europeisk-forsvar-intervju-med-andrius-kubilius\/\"},\"wordCount\":593,\"publisher\":{\"@id\":\"https:\/\/nordnesrepublikken.no\/#organization\"},\"image\":{\"@id\":\"https:\/\/nordnesrepublikken.no\/index.php\/2025\/12\/06\/rommet-blir-stadig-mer-avgjorende-for-europeisk-forsvar-intervju-med-andrius-kubilius\/#primaryimage\"},\"thumbnailUrl\":\"https:\/\/nordnesrepublikken.no\/wp-content\/uploads\/2025\/12\/1765021883_Rommet-blir-stadig-mer-avgjorende-for-europeisk-forsvar-intervju-med.jpg\",\"keywords\":[\"Andrius\",\"avgj\u00f8rende\",\"blir\",\"europeisk\",\"forsvar\",\"Intervju\",\"Kubilius\",\"med\",\"mer\",\"rommet\",\"stadig\"],\"articleSection\":[\"Politikk\"],\"inLanguage\":\"nb-NO\"},{\"@type\":\"WebPage\",\"@id\":\"https:\/\/nordnesrepublikken.no\/index.php\/2025\/12\/06\/rommet-blir-stadig-mer-avgjorende-for-europeisk-forsvar-intervju-med-andrius-kubilius\/\",\"url\":\"https:\/\/nordnesrepublikken.no\/index.php\/2025\/12\/06\/rommet-blir-stadig-mer-avgjorende-for-europeisk-forsvar-intervju-med-andrius-kubilius\/\",\"name\":\"Rommet blir stadig mer avgj\u00f8rende for europeisk forsvar: intervju med Andrius Kubilius - Nordnesrepublikken\",\"isPartOf\":{\"@id\":\"https:\/\/nordnesrepublikken.no\/#website\"},\"primaryImageOfPage\":{\"@id\":\"https:\/\/nordnesrepublikken.no\/index.php\/2025\/12\/06\/rommet-blir-stadig-mer-avgjorende-for-europeisk-forsvar-intervju-med-andrius-kubilius\/#primaryimage\"},\"image\":{\"@id\":\"https:\/\/nordnesrepublikken.no\/index.php\/2025\/12\/06\/rommet-blir-stadig-mer-avgjorende-for-europeisk-forsvar-intervju-med-andrius-kubilius\/#primaryimage\"},\"thumbnailUrl\":\"https:\/\/nordnesrepublikken.no\/wp-content\/uploads\/2025\/12\/1765021883_Rommet-blir-stadig-mer-avgjorende-for-europeisk-forsvar-intervju-med.jpg\",\"datePublished\":\"2025-12-06T11:51:23+00:00\",\"dateModified\":\"2025-12-06T11:51:24+00:00\",\"breadcrumb\":{\"@id\":\"https:\/\/nordnesrepublikken.no\/index.php\/2025\/12\/06\/rommet-blir-stadig-mer-avgjorende-for-europeisk-forsvar-intervju-med-andrius-kubilius\/#breadcrumb\"},\"inLanguage\":\"nb-NO\",\"potentialAction\":[{\"@type\":\"ReadAction\",\"target\":[\"https:\/\/nordnesrepublikken.no\/index.php\/2025\/12\/06\/rommet-blir-stadig-mer-avgjorende-for-europeisk-forsvar-intervju-med-andrius-kubilius\/\"]}]},{\"@type\":\"ImageObject\",\"inLanguage\":\"nb-NO\",\"@id\":\"https:\/\/nordnesrepublikken.no\/index.php\/2025\/12\/06\/rommet-blir-stadig-mer-avgjorende-for-europeisk-forsvar-intervju-med-andrius-kubilius\/#primaryimage\",\"url\":\"https:\/\/nordnesrepublikken.no\/wp-content\/uploads\/2025\/12\/1765021883_Rommet-blir-stadig-mer-avgjorende-for-europeisk-forsvar-intervju-med.jpg\",\"contentUrl\":\"https:\/\/nordnesrepublikken.no\/wp-content\/uploads\/2025\/12\/1765021883_Rommet-blir-stadig-mer-avgjorende-for-europeisk-forsvar-intervju-med.jpg\",\"width\":1000,\"height\":500,\"caption\":\"Rommet blir stadig mer avgj\u00f8rende for europeisk forsvar: intervju med Andrius Kubilius\"},{\"@type\":\"BreadcrumbList\",\"@id\":\"https:\/\/nordnesrepublikken.no\/index.php\/2025\/12\/06\/rommet-blir-stadig-mer-avgjorende-for-europeisk-forsvar-intervju-med-andrius-kubilius\/#breadcrumb\",\"itemListElement\":[{\"@type\":\"ListItem\",\"position\":1,\"name\":\"Home\",\"item\":\"https:\/\/nordnesrepublikken.no\/\"},{\"@type\":\"ListItem\",\"position\":2,\"name\":\"Rommet blir stadig mer avgj\u00f8rende for europeisk forsvar: intervju med Andrius Kubilius\"}]},{\"@type\":\"WebSite\",\"@id\":\"https:\/\/nordnesrepublikken.no\/#website\",\"url\":\"https:\/\/nordnesrepublikken.no\/\",\"name\":\"Nordnesrepublikken\",\"description\":\"Stemmer og Visjoner fra Republikkens Hjerte\",\"publisher\":{\"@id\":\"https:\/\/nordnesrepublikken.no\/#organization\"},\"potentialAction\":[{\"@type\":\"SearchAction\",\"target\":{\"@type\":\"EntryPoint\",\"urlTemplate\":\"https:\/\/nordnesrepublikken.no\/?s={search_term_string}\"},\"query-input\":{\"@type\":\"PropertyValueSpecification\",\"valueRequired\":true,\"valueName\":\"search_term_string\"}}],\"inLanguage\":\"nb-NO\"},{\"@type\":\"Organization\",\"@id\":\"https:\/\/nordnesrepublikken.no\/#organization\",\"name\":\"Nordnesrepublikken\",\"url\":\"https:\/\/nordnesrepublikken.no\/\",\"logo\":{\"@type\":\"ImageObject\",\"inLanguage\":\"nb-NO\",\"@id\":\"https:\/\/nordnesrepublikken.no\/#\/schema\/logo\/image\/\",\"url\":\"https:\/\/nordnesrepublikken.no\/wp-content\/uploads\/2025\/02\/cropped-nordnesrepublikken-2.png\",\"contentUrl\":\"https:\/\/nordnesrepublikken.no\/wp-content\/uploads\/2025\/02\/cropped-nordnesrepublikken-2.png\",\"width\":1248,\"height\":362,\"caption\":\"Nordnesrepublikken\"},\"image\":{\"@id\":\"https:\/\/nordnesrepublikken.no\/#\/schema\/logo\/image\/\"}},{\"@type\":\"Person\",\"@id\":\"https:\/\/nordnesrepublikken.no\/#\/schema\/person\/2e7e81935bab77882fffb79296240ff1\",\"name\":\"Ole Andersen\",\"image\":{\"@type\":\"ImageObject\",\"inLanguage\":\"nb-NO\",\"@id\":\"https:\/\/nordnesrepublikken.no\/#\/schema\/person\/image\/\",\"url\":\"https:\/\/nordnesrepublikken.no\/wp-content\/uploads\/2025\/02\/nordnesrepublikken-2-2-150x150.jpg\",\"contentUrl\":\"https:\/\/nordnesrepublikken.no\/wp-content\/uploads\/2025\/02\/nordnesrepublikken-2-2-150x150.jpg\",\"caption\":\"Ole Andersen\"},\"description\":\"Ettersom jeg vokste opp i Oslo, har jeg alltid v\u00e6rt fascinert av ordenes kraft og deres evne til \u00e5 skape endringer. Etter \u00e5 ha fullf\u00f8rt min utdannelse i kommunikasjon ved Universitetet i Bergen, fikk jeg muligheten til \u00e5 jobbe innen ulike medier, der jeg har s\u00f8kt \u00e5 belyse viktige samfunnssp\u00f8rsm\u00e5l. I dag, som redakt\u00f8r for Nordnesrepublikken, pr\u00f8ver jeg \u00e5 forene min kj\u00e6rlighet for journalistikk med min lidenskap for innovasjon og eventyr.\",\"sameAs\":[\"https:\/\/nordnesrepublikken.no\/\"]}]}<\/script>\n<!-- \/ Yoast SEO plugin. -->","yoast_head_json":{"title":"Rommet blir stadig mer avgj\u00f8rende for europeisk forsvar: intervju med Andrius Kubilius - Nordnesrepublikken","robots":{"index":"index","follow":"follow","max-snippet":"max-snippet:-1","max-image-preview":"max-image-preview:large","max-video-preview":"max-video-preview:-1"},"canonical":"https:\/\/nordnesrepublikken.no\/index.php\/2025\/12\/06\/rommet-blir-stadig-mer-avgjorende-for-europeisk-forsvar-intervju-med-andrius-kubilius\/","og_locale":"nb_NO","og_type":"article","og_title":"Rommet blir stadig mer avgj\u00f8rende for europeisk forsvar: intervju med Andrius Kubilius - Nordnesrepublikken","og_description":"I denne epoken med geopolitiske spenninger mellom Europa, Russland og USA, har EU som m\u00e5l","og_url":"https:\/\/nordnesrepublikken.no\/index.php\/2025\/12\/06\/rommet-blir-stadig-mer-avgjorende-for-europeisk-forsvar-intervju-med-andrius-kubilius\/","og_site_name":"Nordnesrepublikken","article_published_time":"2025-12-06T11:51:23+00:00","article_modified_time":"2025-12-06T11:51:24+00:00","og_image":[{"width":1000,"height":500,"url":"https:\/\/nordnesrepublikken.no\/wp-content\/uploads\/2025\/12\/1765021883_Rommet-blir-stadig-mer-avgjorende-for-europeisk-forsvar-intervju-med.jpg","type":"image\/jpeg"}],"author":"Ole Andersen","twitter_card":"summary_large_image","twitter_misc":{"Skrevet av":"Ole Andersen","Ansl. lesetid":"3 minutter"},"schema":{"@context":"https:\/\/schema.org","@graph":[{"@type":"Article","@id":"https:\/\/nordnesrepublikken.no\/index.php\/2025\/12\/06\/rommet-blir-stadig-mer-avgjorende-for-europeisk-forsvar-intervju-med-andrius-kubilius\/#article","isPartOf":{"@id":"https:\/\/nordnesrepublikken.no\/index.php\/2025\/12\/06\/rommet-blir-stadig-mer-avgjorende-for-europeisk-forsvar-intervju-med-andrius-kubilius\/"},"author":{"name":"Ole Andersen","@id":"https:\/\/nordnesrepublikken.no\/#\/schema\/person\/2e7e81935bab77882fffb79296240ff1"},"headline":"Rommet blir stadig mer avgj\u00f8rende for europeisk forsvar: intervju med Andrius Kubilius","datePublished":"2025-12-06T11:51:23+00:00","dateModified":"2025-12-06T11:51:24+00:00","mainEntityOfPage":{"@id":"https:\/\/nordnesrepublikken.no\/index.php\/2025\/12\/06\/rommet-blir-stadig-mer-avgjorende-for-europeisk-forsvar-intervju-med-andrius-kubilius\/"},"wordCount":593,"publisher":{"@id":"https:\/\/nordnesrepublikken.no\/#organization"},"image":{"@id":"https:\/\/nordnesrepublikken.no\/index.php\/2025\/12\/06\/rommet-blir-stadig-mer-avgjorende-for-europeisk-forsvar-intervju-med-andrius-kubilius\/#primaryimage"},"thumbnailUrl":"https:\/\/nordnesrepublikken.no\/wp-content\/uploads\/2025\/12\/1765021883_Rommet-blir-stadig-mer-avgjorende-for-europeisk-forsvar-intervju-med.jpg","keywords":["Andrius","avgj\u00f8rende","blir","europeisk","forsvar","Intervju","Kubilius","med","mer","rommet","stadig"],"articleSection":["Politikk"],"inLanguage":"nb-NO"},{"@type":"WebPage","@id":"https:\/\/nordnesrepublikken.no\/index.php\/2025\/12\/06\/rommet-blir-stadig-mer-avgjorende-for-europeisk-forsvar-intervju-med-andrius-kubilius\/","url":"https:\/\/nordnesrepublikken.no\/index.php\/2025\/12\/06\/rommet-blir-stadig-mer-avgjorende-for-europeisk-forsvar-intervju-med-andrius-kubilius\/","name":"Rommet blir stadig mer avgj\u00f8rende for europeisk forsvar: intervju med Andrius Kubilius - Nordnesrepublikken","isPartOf":{"@id":"https:\/\/nordnesrepublikken.no\/#website"},"primaryImageOfPage":{"@id":"https:\/\/nordnesrepublikken.no\/index.php\/2025\/12\/06\/rommet-blir-stadig-mer-avgjorende-for-europeisk-forsvar-intervju-med-andrius-kubilius\/#primaryimage"},"image":{"@id":"https:\/\/nordnesrepublikken.no\/index.php\/2025\/12\/06\/rommet-blir-stadig-mer-avgjorende-for-europeisk-forsvar-intervju-med-andrius-kubilius\/#primaryimage"},"thumbnailUrl":"https:\/\/nordnesrepublikken.no\/wp-content\/uploads\/2025\/12\/1765021883_Rommet-blir-stadig-mer-avgjorende-for-europeisk-forsvar-intervju-med.jpg","datePublished":"2025-12-06T11:51:23+00:00","dateModified":"2025-12-06T11:51:24+00:00","breadcrumb":{"@id":"https:\/\/nordnesrepublikken.no\/index.php\/2025\/12\/06\/rommet-blir-stadig-mer-avgjorende-for-europeisk-forsvar-intervju-med-andrius-kubilius\/#breadcrumb"},"inLanguage":"nb-NO","potentialAction":[{"@type":"ReadAction","target":["https:\/\/nordnesrepublikken.no\/index.php\/2025\/12\/06\/rommet-blir-stadig-mer-avgjorende-for-europeisk-forsvar-intervju-med-andrius-kubilius\/"]}]},{"@type":"ImageObject","inLanguage":"nb-NO","@id":"https:\/\/nordnesrepublikken.no\/index.php\/2025\/12\/06\/rommet-blir-stadig-mer-avgjorende-for-europeisk-forsvar-intervju-med-andrius-kubilius\/#primaryimage","url":"https:\/\/nordnesrepublikken.no\/wp-content\/uploads\/2025\/12\/1765021883_Rommet-blir-stadig-mer-avgjorende-for-europeisk-forsvar-intervju-med.jpg","contentUrl":"https:\/\/nordnesrepublikken.no\/wp-content\/uploads\/2025\/12\/1765021883_Rommet-blir-stadig-mer-avgjorende-for-europeisk-forsvar-intervju-med.jpg","width":1000,"height":500,"caption":"Rommet blir stadig mer avgj\u00f8rende for europeisk forsvar: intervju med Andrius Kubilius"},{"@type":"BreadcrumbList","@id":"https:\/\/nordnesrepublikken.no\/index.php\/2025\/12\/06\/rommet-blir-stadig-mer-avgjorende-for-europeisk-forsvar-intervju-med-andrius-kubilius\/#breadcrumb","itemListElement":[{"@type":"ListItem","position":1,"name":"Home","item":"https:\/\/nordnesrepublikken.no\/"},{"@type":"ListItem","position":2,"name":"Rommet blir stadig mer avgj\u00f8rende for europeisk forsvar: intervju med Andrius Kubilius"}]},{"@type":"WebSite","@id":"https:\/\/nordnesrepublikken.no\/#website","url":"https:\/\/nordnesrepublikken.no\/","name":"Nordnesrepublikken","description":"Stemmer og Visjoner fra Republikkens Hjerte","publisher":{"@id":"https:\/\/nordnesrepublikken.no\/#organization"},"potentialAction":[{"@type":"SearchAction","target":{"@type":"EntryPoint","urlTemplate":"https:\/\/nordnesrepublikken.no\/?s={search_term_string}"},"query-input":{"@type":"PropertyValueSpecification","valueRequired":true,"valueName":"search_term_string"}}],"inLanguage":"nb-NO"},{"@type":"Organization","@id":"https:\/\/nordnesrepublikken.no\/#organization","name":"Nordnesrepublikken","url":"https:\/\/nordnesrepublikken.no\/","logo":{"@type":"ImageObject","inLanguage":"nb-NO","@id":"https:\/\/nordnesrepublikken.no\/#\/schema\/logo\/image\/","url":"https:\/\/nordnesrepublikken.no\/wp-content\/uploads\/2025\/02\/cropped-nordnesrepublikken-2.png","contentUrl":"https:\/\/nordnesrepublikken.no\/wp-content\/uploads\/2025\/02\/cropped-nordnesrepublikken-2.png","width":1248,"height":362,"caption":"Nordnesrepublikken"},"image":{"@id":"https:\/\/nordnesrepublikken.no\/#\/schema\/logo\/image\/"}},{"@type":"Person","@id":"https:\/\/nordnesrepublikken.no\/#\/schema\/person\/2e7e81935bab77882fffb79296240ff1","name":"Ole Andersen","image":{"@type":"ImageObject","inLanguage":"nb-NO","@id":"https:\/\/nordnesrepublikken.no\/#\/schema\/person\/image\/","url":"https:\/\/nordnesrepublikken.no\/wp-content\/uploads\/2025\/02\/nordnesrepublikken-2-2-150x150.jpg","contentUrl":"https:\/\/nordnesrepublikken.no\/wp-content\/uploads\/2025\/02\/nordnesrepublikken-2-2-150x150.jpg","caption":"Ole Andersen"},"description":"Ettersom jeg vokste opp i Oslo, har jeg alltid v\u00e6rt fascinert av ordenes kraft og deres evne til \u00e5 skape endringer. Etter \u00e5 ha fullf\u00f8rt min utdannelse i kommunikasjon ved Universitetet i Bergen, fikk jeg muligheten til \u00e5 jobbe innen ulike medier, der jeg har s\u00f8kt \u00e5 belyse viktige samfunnssp\u00f8rsm\u00e5l. I dag, som redakt\u00f8r for Nordnesrepublikken, pr\u00f8ver jeg \u00e5 forene min kj\u00e6rlighet for journalistikk med min lidenskap for innovasjon og eventyr.","sameAs":["https:\/\/nordnesrepublikken.no\/"]}]}},"_links":{"self":[{"href":"https:\/\/nordnesrepublikken.no\/index.php\/wp-json\/wp\/v2\/posts\/12526","targetHints":{"allow":["GET"]}}],"collection":[{"href":"https:\/\/nordnesrepublikken.no\/index.php\/wp-json\/wp\/v2\/posts"}],"about":[{"href":"https:\/\/nordnesrepublikken.no\/index.php\/wp-json\/wp\/v2\/types\/post"}],"author":[{"embeddable":true,"href":"https:\/\/nordnesrepublikken.no\/index.php\/wp-json\/wp\/v2\/users\/1"}],"replies":[{"embeddable":true,"href":"https:\/\/nordnesrepublikken.no\/index.php\/wp-json\/wp\/v2\/comments?post=12526"}],"version-history":[{"count":1,"href":"https:\/\/nordnesrepublikken.no\/index.php\/wp-json\/wp\/v2\/posts\/12526\/revisions"}],"predecessor-version":[{"id":12528,"href":"https:\/\/nordnesrepublikken.no\/index.php\/wp-json\/wp\/v2\/posts\/12526\/revisions\/12528"}],"wp:featuredmedia":[{"embeddable":true,"href":"https:\/\/nordnesrepublikken.no\/index.php\/wp-json\/wp\/v2\/media\/12527"}],"wp:attachment":[{"href":"https:\/\/nordnesrepublikken.no\/index.php\/wp-json\/wp\/v2\/media?parent=12526"}],"wp:term":[{"taxonomy":"category","embeddable":true,"href":"https:\/\/nordnesrepublikken.no\/index.php\/wp-json\/wp\/v2\/categories?post=12526"},{"taxonomy":"post_tag","embeddable":true,"href":"https:\/\/nordnesrepublikken.no\/index.php\/wp-json\/wp\/v2\/tags?post=12526"}],"curies":[{"name":"wp","href":"https:\/\/api.w.org\/{rel}","templated":true}]}}