{"id":12517,"date":"2025-12-06T09:52:39","date_gmt":"2025-12-06T08:52:39","guid":{"rendered":"https:\/\/nordnesrepublikken.no\/index.php\/2025\/12\/06\/sok-etter-savnet-malaysia-airlines-fly-mh370-ny-dyphavsjakt-begynner-11-ar-senere\/"},"modified":"2025-12-06T09:52:41","modified_gmt":"2025-12-06T08:52:41","slug":"sok-etter-savnet-malaysia-airlines-fly-mh370-ny-dyphavsjakt-begynner-11-ar-senere","status":"publish","type":"post","link":"https:\/\/nordnesrepublikken.no\/index.php\/2025\/12\/06\/sok-etter-savnet-malaysia-airlines-fly-mh370-ny-dyphavsjakt-begynner-11-ar-senere\/","title":{"rendered":"S\u00f8k etter savnet Malaysia Airlines-fly MH370: Ny dyphavsjakt begynner 11 \u00e5r senere"},"content":{"rendered":"<p><\/p>\n<div class=\"wordpress-content\">\n                    <!-- Article Start --><\/p>\n<p>Malaysia har bekreftet at et nytt s\u00f8k etter <strong>Malaysia Airlines flight MH370<\/strong> vil begynne p\u00e5 <strong>30. desember 2025,<\/strong> mer enn elleve \u00e5r etter at flyet forsvant p\u00e5 vei fra Kuala Lumpur til Beijing.<\/p>\n<p>Marine robotikk selskap <strong>Ocean Infinity<\/strong> vil lede oppdraget under a <strong>\u00abno-find, no-fee\u00bb-avtale<\/strong>med fokus p\u00e5 en sone p\u00e5 15 000 km\u00b2 i det s\u00f8rlige Indiahavet.<\/p>\n<p>Malaysias transportminister, Anthony Loke, fortalte journalister at tilbudet ble akseptert fordi ny analyse hadde begrenset det sannsynlige ulykkesstedet, mens han understreket at skattebetalerne ikke ville betale hvis oppdraget mislykkes.<\/p>\n<div class=\"sra_unit\"><link rel=\"stylesheet\" id=\"block-sra\" href=\"https:\/\/euroweeklynews.com\/wp-content\/plugins\/snack-related-articles\/dist\/css\/snack-related.min.css?250312-193541\" type=\"text\/css\" media=\"all\">\n<\/div>\n<p>Ocean Infinity sier at den oppdaterte fl\u00e5ten av autonome undervannsfarkoster kan skanne havbunnen raskere og i finere detaljer enn systemer som ble brukt under det originale fler\u00e5rige s\u00f8ket.<\/p>\n<h2><strong>MH370: Flyet som forsvant uten forvarsel eller spor<\/strong><\/h2>\n<p>MH370 forlot Kuala Lumpur like etter midnatt 8. mars 2014, med 239 passasjerer og mannskap. Omtrent 40 minutter etter flyturen stoppet kommunikasjonssystemene \u00e5 sende og sivile flygeledere mistet kontakten da flyet krysset inn i vietnamesisk-kontrollert luftrom.<\/p>\n<p>Milit\u00e6r radar viste senere at Boeing 777 snudde tilbake over den malaysiske halv\u00f8ya f\u00f8r den dro nordvestover mot Andamanhavet. Jetflyet forsvant deretter helt fra radaren.<\/p>\n<h2><strong>De ledende teoriene: hva etterforskerne tror skjedde med flight MH370<\/strong><\/h2>\n<p><strong>Bevisst kursendring<\/strong><\/p>\n<p>Malaysias offisielle unders\u00f8kelse fra 2018 rapporterte at flyets avledning innebar &laquo;manuelle inndata&raquo;, selv om ingen person ble identifisert som ansvarlig. Rapporten sa at det ikke var noen bevis som impliserte pilotene og ingen bekreftet motiv.<\/p>\n<p><strong>Ulovlig innblanding<\/strong><\/p>\n<p>Kapring eller ekstern innblanding ble ikke utelukket, men ingen troverdig p\u00e5stand om ansvar har noen gang fremkommet, og ingen rettsmedisinske bevis st\u00f8tter en tredjeparts overtakelse.<\/p>\n<p><strong>Teknisk svikt og mannskapssvikt<\/strong><\/p>\n<p>Noen eksperter hevder at en katastrofal systemsvikt eller dekompresjon kunne ha gjort alle om bord uf\u00f8re, og latt flyet fly p\u00e5 autopilot til drivstoffet er utmattet. Australian Transport Safety Bureau (ATSB) har bemerket at de endelige satellittsignalene stemmer overens med flyet som g\u00e5r inn i en ukontrollert nedstigning med h\u00f8y hastighet.<\/p>\n<p>Til tross for mange \u00e5rs analyser, er \u00e5rsaken fortsatt ukjent. Alle offisielle unders\u00f8kelser konkluderer med at bare gjenvinning av vraket og flygeregistratorer kan gi definitive svar.<\/p>\n<h2><strong>Avfall funnet fra MH370<\/strong><\/h2>\n<p>I juli 2015 skyllet en vingekomponent i land p\u00e5 R\u00e9union Island. Franske myndigheter bekreftet senere at det tilh\u00f8rte MH370 &#8211; det f\u00f8rste fysiske beviset p\u00e5 at flyet hadde styrtet i havet.<\/p>\n<p>Ytterligere rusk ble senere funnet i Mosambik, Tanzania, S\u00f8r-Afrika og Mauritius, med flere deler bekreftet som en del av den savnede Boeing 777.<\/p>\n<p>Oceanografer ved Australias CSIRO demonstrerte at dette m\u00f8nsteret av ruskspredning stemte overens med et sammenst\u00f8t langs den &laquo;syvende buen&raquo;, banen indikert av satellittdata. Nyere vitenskapelige studier, inkludert isotopanalyse av havbarkelskall, har fors\u00f8kt \u00e5 identifisere vanntemperaturer rusket reiste gjennom, og potensielt begrenset breddegraden til ulykkesstedet.<\/p>\n<h2><strong>Hvorfor s\u00f8ket etter MH370 gjenopptas etter mer enn et ti\u00e5r<\/strong><\/h2>\n<p>Siden 2017 har oppdaterte havsimuleringer ved bruk av st\u00f8rre datasett og avanserte ensemblemodelleringsteknikker produsert mer konsistente overlappingssoner langs den syvende buen.<\/p>\n<p>Etterforskere har unders\u00f8kt Inmarsat-dataene p\u00e5 nytt ved \u00e5 bruke oppgraderte flyytelsesmodeller og statistiske metoder, og strammet det forventede drivstoffutmattelsespunktet.<\/p>\n<p>En av de mest omdiskuterte nyvinningene er WSPR (Weak Signal Propagation Reporter) forskning. WSPR er et globalt nettverk av amat\u00f8rradiosendinger som logger svake signaler i sanntid. Noen forskere hevder at forstyrrelser i WSPR-signaler tilsvarer et fly \u2013 potensielt MH370 \u2013 som krysser radiostier p\u00e5 viktige \u00f8yeblikk den natten det forsvant.<\/p>\n<p>Familier til de 239 personene om bord har i \u00e5revis kjempet for at Malaysia skal godkjenne et nytt s\u00f8k. Advokatgrupper som Voice370 har gjentatte ganger bedt om \u00e5penhet og reengasjement med Ocean Infinity.<\/p>\n<h2><strong>Hvordan MH370 endret global luftfartssikkerhet<\/strong><\/h2>\n<p>Siden 2014 har ICAO fremskyndet globale endringer, inkludert:<\/p>\n<ul>\n<li>Et krav om at flyselskaper skal spore de fleste store fly minst hvert 15. minutt p\u00e5 langdistanse- og havsegmenter<\/li>\n<li>Utbredt bruk av satellittbaserte sporingsteknologier som rombasert ADS-B for \u00e5 dekke fjerntliggende havruter<\/li>\n<li>Nye GADSS-bestemmelser (Global Aeronautical Distress and Safety System) som krever automatisk n\u00f8dsporing n\u00e5r et fly ser ut til \u00e5 v\u00e6re i tr\u00f8bbel, selv om implementeringen fortsatt fases inn.<\/li>\n<\/ul>\n<p>Disse endringene betyr at langdistanseflyvninger \u2013 spesielt de som forbinder Europa og Asia \u2013 n\u00e5 overv\u00e5kes langt tettere enn da MH370 forsvant.<\/p>\n<p>Se alle verdensnyheter.<\/p>\n<p>                    <!-- Originally published at https:\/\/euroweeklynews.com\/2025\/12\/05\/search-for-missing-malaysia-airlines-flight-mh370-resumes\/ on 05 Dec 2025 at 8:57 by Letara Draghia --><br \/>\n                    <!-- Article End -->\n                <\/div>\n","protected":false},"excerpt":{"rendered":"<p>Malaysia har bekreftet at et nytt s\u00f8k etter Malaysia Airlines flight MH370 vil begynne p\u00e5<\/p>\n","protected":false},"author":1,"featured_media":12518,"comment_status":"closed","ping_status":"open","sticky":false,"template":"","format":"standard","meta":{"footnotes":""},"categories":[105],"tags":[8238,595,6446,8240,92,8237,8239,4202,5720,4977],"class_list":["post-12517","post","type-post","status-publish","format-standard","has-post-thumbnail","hentry","category-livsstil","tag-airlinesfly","tag-ar","tag-begynner","tag-dyphavsjakt","tag-etter","tag-malaysia","tag-mh370","tag-savnet","tag-senere","tag-sok","generate-columns","tablet-grid-50","mobile-grid-100","grid-parent","grid-33","resize-featured-image"],"yoast_head":"<!-- This site is optimized with the Yoast SEO plugin v24.4 - https:\/\/yoast.com\/wordpress\/plugins\/seo\/ -->\n<title>S\u00f8k etter savnet Malaysia Airlines-fly MH370: Ny dyphavsjakt begynner 11 \u00e5r senere - Nordnesrepublikken<\/title>\n<meta name=\"robots\" content=\"index, follow, max-snippet:-1, max-image-preview:large, max-video-preview:-1\" \/>\n<link rel=\"canonical\" href=\"https:\/\/nordnesrepublikken.no\/index.php\/2025\/12\/06\/sok-etter-savnet-malaysia-airlines-fly-mh370-ny-dyphavsjakt-begynner-11-ar-senere\/\" \/>\n<meta property=\"og:locale\" content=\"nb_NO\" \/>\n<meta property=\"og:type\" content=\"article\" \/>\n<meta property=\"og:title\" content=\"S\u00f8k etter savnet Malaysia Airlines-fly MH370: Ny dyphavsjakt begynner 11 \u00e5r senere - Nordnesrepublikken\" \/>\n<meta property=\"og:description\" content=\"Malaysia har bekreftet at et nytt s\u00f8k etter Malaysia Airlines flight MH370 vil begynne p\u00e5\" \/>\n<meta property=\"og:url\" content=\"https:\/\/nordnesrepublikken.no\/index.php\/2025\/12\/06\/sok-etter-savnet-malaysia-airlines-fly-mh370-ny-dyphavsjakt-begynner-11-ar-senere\/\" \/>\n<meta property=\"og:site_name\" content=\"Nordnesrepublikken\" \/>\n<meta property=\"article:published_time\" content=\"2025-12-06T08:52:39+00:00\" \/>\n<meta property=\"article:modified_time\" content=\"2025-12-06T08:52:41+00:00\" \/>\n<meta property=\"og:image\" content=\"https:\/\/nordnesrepublikken.no\/wp-content\/uploads\/2025\/12\/1765011160_Sok-etter-savnet-Malaysia-Airlines-fly-MH370-Ny-dyphavsjakt-begynner-11.jpg\" \/>\n\t<meta property=\"og:image:width\" content=\"1200\" \/>\n\t<meta property=\"og:image:height\" content=\"800\" \/>\n\t<meta property=\"og:image:type\" content=\"image\/jpeg\" \/>\n<meta name=\"author\" content=\"Ole Andersen\" \/>\n<meta name=\"twitter:card\" content=\"summary_large_image\" \/>\n<meta name=\"twitter:label1\" content=\"Skrevet av\" \/>\n\t<meta name=\"twitter:data1\" content=\"Ole Andersen\" \/>\n\t<meta name=\"twitter:label2\" content=\"Ansl. lesetid\" \/>\n\t<meta name=\"twitter:data2\" content=\"3 minutter\" \/>\n<script type=\"application\/ld+json\" class=\"yoast-schema-graph\">{\"@context\":\"https:\/\/schema.org\",\"@graph\":[{\"@type\":\"Article\",\"@id\":\"https:\/\/nordnesrepublikken.no\/index.php\/2025\/12\/06\/sok-etter-savnet-malaysia-airlines-fly-mh370-ny-dyphavsjakt-begynner-11-ar-senere\/#article\",\"isPartOf\":{\"@id\":\"https:\/\/nordnesrepublikken.no\/index.php\/2025\/12\/06\/sok-etter-savnet-malaysia-airlines-fly-mh370-ny-dyphavsjakt-begynner-11-ar-senere\/\"},\"author\":{\"name\":\"Ole Andersen\",\"@id\":\"https:\/\/nordnesrepublikken.no\/#\/schema\/person\/2e7e81935bab77882fffb79296240ff1\"},\"headline\":\"S\u00f8k etter savnet Malaysia Airlines-fly MH370: Ny dyphavsjakt begynner 11 \u00e5r senere\",\"datePublished\":\"2025-12-06T08:52:39+00:00\",\"dateModified\":\"2025-12-06T08:52:41+00:00\",\"mainEntityOfPage\":{\"@id\":\"https:\/\/nordnesrepublikken.no\/index.php\/2025\/12\/06\/sok-etter-savnet-malaysia-airlines-fly-mh370-ny-dyphavsjakt-begynner-11-ar-senere\/\"},\"wordCount\":692,\"publisher\":{\"@id\":\"https:\/\/nordnesrepublikken.no\/#organization\"},\"image\":{\"@id\":\"https:\/\/nordnesrepublikken.no\/index.php\/2025\/12\/06\/sok-etter-savnet-malaysia-airlines-fly-mh370-ny-dyphavsjakt-begynner-11-ar-senere\/#primaryimage\"},\"thumbnailUrl\":\"https:\/\/nordnesrepublikken.no\/wp-content\/uploads\/2025\/12\/1765011160_Sok-etter-savnet-Malaysia-Airlines-fly-MH370-Ny-dyphavsjakt-begynner-11.jpg\",\"keywords\":[\"Airlinesfly\",\"\u00e5r\",\"begynner\",\"dyphavsjakt\",\"Etter\",\"Malaysia\",\"MH370\",\"savnet\",\"senere\",\"s\u00f8k\"],\"articleSection\":[\"Livsstil\"],\"inLanguage\":\"nb-NO\"},{\"@type\":\"WebPage\",\"@id\":\"https:\/\/nordnesrepublikken.no\/index.php\/2025\/12\/06\/sok-etter-savnet-malaysia-airlines-fly-mh370-ny-dyphavsjakt-begynner-11-ar-senere\/\",\"url\":\"https:\/\/nordnesrepublikken.no\/index.php\/2025\/12\/06\/sok-etter-savnet-malaysia-airlines-fly-mh370-ny-dyphavsjakt-begynner-11-ar-senere\/\",\"name\":\"S\u00f8k etter savnet Malaysia Airlines-fly MH370: Ny dyphavsjakt begynner 11 \u00e5r senere - Nordnesrepublikken\",\"isPartOf\":{\"@id\":\"https:\/\/nordnesrepublikken.no\/#website\"},\"primaryImageOfPage\":{\"@id\":\"https:\/\/nordnesrepublikken.no\/index.php\/2025\/12\/06\/sok-etter-savnet-malaysia-airlines-fly-mh370-ny-dyphavsjakt-begynner-11-ar-senere\/#primaryimage\"},\"image\":{\"@id\":\"https:\/\/nordnesrepublikken.no\/index.php\/2025\/12\/06\/sok-etter-savnet-malaysia-airlines-fly-mh370-ny-dyphavsjakt-begynner-11-ar-senere\/#primaryimage\"},\"thumbnailUrl\":\"https:\/\/nordnesrepublikken.no\/wp-content\/uploads\/2025\/12\/1765011160_Sok-etter-savnet-Malaysia-Airlines-fly-MH370-Ny-dyphavsjakt-begynner-11.jpg\",\"datePublished\":\"2025-12-06T08:52:39+00:00\",\"dateModified\":\"2025-12-06T08:52:41+00:00\",\"breadcrumb\":{\"@id\":\"https:\/\/nordnesrepublikken.no\/index.php\/2025\/12\/06\/sok-etter-savnet-malaysia-airlines-fly-mh370-ny-dyphavsjakt-begynner-11-ar-senere\/#breadcrumb\"},\"inLanguage\":\"nb-NO\",\"potentialAction\":[{\"@type\":\"ReadAction\",\"target\":[\"https:\/\/nordnesrepublikken.no\/index.php\/2025\/12\/06\/sok-etter-savnet-malaysia-airlines-fly-mh370-ny-dyphavsjakt-begynner-11-ar-senere\/\"]}]},{\"@type\":\"ImageObject\",\"inLanguage\":\"nb-NO\",\"@id\":\"https:\/\/nordnesrepublikken.no\/index.php\/2025\/12\/06\/sok-etter-savnet-malaysia-airlines-fly-mh370-ny-dyphavsjakt-begynner-11-ar-senere\/#primaryimage\",\"url\":\"https:\/\/nordnesrepublikken.no\/wp-content\/uploads\/2025\/12\/1765011160_Sok-etter-savnet-Malaysia-Airlines-fly-MH370-Ny-dyphavsjakt-begynner-11.jpg\",\"contentUrl\":\"https:\/\/nordnesrepublikken.no\/wp-content\/uploads\/2025\/12\/1765011160_Sok-etter-savnet-Malaysia-Airlines-fly-MH370-Ny-dyphavsjakt-begynner-11.jpg\",\"width\":1200,\"height\":800,\"caption\":\"S\u00f8k etter savnet Malaysia Airlines-fly MH370: Ny dyphavsjakt begynner 11 \u00e5r senere\"},{\"@type\":\"BreadcrumbList\",\"@id\":\"https:\/\/nordnesrepublikken.no\/index.php\/2025\/12\/06\/sok-etter-savnet-malaysia-airlines-fly-mh370-ny-dyphavsjakt-begynner-11-ar-senere\/#breadcrumb\",\"itemListElement\":[{\"@type\":\"ListItem\",\"position\":1,\"name\":\"Home\",\"item\":\"https:\/\/nordnesrepublikken.no\/\"},{\"@type\":\"ListItem\",\"position\":2,\"name\":\"S\u00f8k etter savnet Malaysia Airlines-fly MH370: Ny dyphavsjakt begynner 11 \u00e5r senere\"}]},{\"@type\":\"WebSite\",\"@id\":\"https:\/\/nordnesrepublikken.no\/#website\",\"url\":\"https:\/\/nordnesrepublikken.no\/\",\"name\":\"Nordnesrepublikken\",\"description\":\"Stemmer og Visjoner fra Republikkens Hjerte\",\"publisher\":{\"@id\":\"https:\/\/nordnesrepublikken.no\/#organization\"},\"potentialAction\":[{\"@type\":\"SearchAction\",\"target\":{\"@type\":\"EntryPoint\",\"urlTemplate\":\"https:\/\/nordnesrepublikken.no\/?s={search_term_string}\"},\"query-input\":{\"@type\":\"PropertyValueSpecification\",\"valueRequired\":true,\"valueName\":\"search_term_string\"}}],\"inLanguage\":\"nb-NO\"},{\"@type\":\"Organization\",\"@id\":\"https:\/\/nordnesrepublikken.no\/#organization\",\"name\":\"Nordnesrepublikken\",\"url\":\"https:\/\/nordnesrepublikken.no\/\",\"logo\":{\"@type\":\"ImageObject\",\"inLanguage\":\"nb-NO\",\"@id\":\"https:\/\/nordnesrepublikken.no\/#\/schema\/logo\/image\/\",\"url\":\"https:\/\/nordnesrepublikken.no\/wp-content\/uploads\/2025\/02\/cropped-nordnesrepublikken-2.png\",\"contentUrl\":\"https:\/\/nordnesrepublikken.no\/wp-content\/uploads\/2025\/02\/cropped-nordnesrepublikken-2.png\",\"width\":1248,\"height\":362,\"caption\":\"Nordnesrepublikken\"},\"image\":{\"@id\":\"https:\/\/nordnesrepublikken.no\/#\/schema\/logo\/image\/\"}},{\"@type\":\"Person\",\"@id\":\"https:\/\/nordnesrepublikken.no\/#\/schema\/person\/2e7e81935bab77882fffb79296240ff1\",\"name\":\"Ole Andersen\",\"image\":{\"@type\":\"ImageObject\",\"inLanguage\":\"nb-NO\",\"@id\":\"https:\/\/nordnesrepublikken.no\/#\/schema\/person\/image\/\",\"url\":\"https:\/\/nordnesrepublikken.no\/wp-content\/uploads\/2025\/02\/nordnesrepublikken-2-2-150x150.jpg\",\"contentUrl\":\"https:\/\/nordnesrepublikken.no\/wp-content\/uploads\/2025\/02\/nordnesrepublikken-2-2-150x150.jpg\",\"caption\":\"Ole Andersen\"},\"description\":\"Ettersom jeg vokste opp i Oslo, har jeg alltid v\u00e6rt fascinert av ordenes kraft og deres evne til \u00e5 skape endringer. Etter \u00e5 ha fullf\u00f8rt min utdannelse i kommunikasjon ved Universitetet i Bergen, fikk jeg muligheten til \u00e5 jobbe innen ulike medier, der jeg har s\u00f8kt \u00e5 belyse viktige samfunnssp\u00f8rsm\u00e5l. I dag, som redakt\u00f8r for Nordnesrepublikken, pr\u00f8ver jeg \u00e5 forene min kj\u00e6rlighet for journalistikk med min lidenskap for innovasjon og eventyr.\",\"sameAs\":[\"https:\/\/nordnesrepublikken.no\/\"]}]}<\/script>\n<!-- \/ Yoast SEO plugin. -->","yoast_head_json":{"title":"S\u00f8k etter savnet Malaysia Airlines-fly MH370: Ny dyphavsjakt begynner 11 \u00e5r senere - Nordnesrepublikken","robots":{"index":"index","follow":"follow","max-snippet":"max-snippet:-1","max-image-preview":"max-image-preview:large","max-video-preview":"max-video-preview:-1"},"canonical":"https:\/\/nordnesrepublikken.no\/index.php\/2025\/12\/06\/sok-etter-savnet-malaysia-airlines-fly-mh370-ny-dyphavsjakt-begynner-11-ar-senere\/","og_locale":"nb_NO","og_type":"article","og_title":"S\u00f8k etter savnet Malaysia Airlines-fly MH370: Ny dyphavsjakt begynner 11 \u00e5r senere - Nordnesrepublikken","og_description":"Malaysia har bekreftet at et nytt s\u00f8k etter Malaysia Airlines flight MH370 vil begynne p\u00e5","og_url":"https:\/\/nordnesrepublikken.no\/index.php\/2025\/12\/06\/sok-etter-savnet-malaysia-airlines-fly-mh370-ny-dyphavsjakt-begynner-11-ar-senere\/","og_site_name":"Nordnesrepublikken","article_published_time":"2025-12-06T08:52:39+00:00","article_modified_time":"2025-12-06T08:52:41+00:00","og_image":[{"width":1200,"height":800,"url":"https:\/\/nordnesrepublikken.no\/wp-content\/uploads\/2025\/12\/1765011160_Sok-etter-savnet-Malaysia-Airlines-fly-MH370-Ny-dyphavsjakt-begynner-11.jpg","type":"image\/jpeg"}],"author":"Ole Andersen","twitter_card":"summary_large_image","twitter_misc":{"Skrevet av":"Ole Andersen","Ansl. lesetid":"3 minutter"},"schema":{"@context":"https:\/\/schema.org","@graph":[{"@type":"Article","@id":"https:\/\/nordnesrepublikken.no\/index.php\/2025\/12\/06\/sok-etter-savnet-malaysia-airlines-fly-mh370-ny-dyphavsjakt-begynner-11-ar-senere\/#article","isPartOf":{"@id":"https:\/\/nordnesrepublikken.no\/index.php\/2025\/12\/06\/sok-etter-savnet-malaysia-airlines-fly-mh370-ny-dyphavsjakt-begynner-11-ar-senere\/"},"author":{"name":"Ole Andersen","@id":"https:\/\/nordnesrepublikken.no\/#\/schema\/person\/2e7e81935bab77882fffb79296240ff1"},"headline":"S\u00f8k etter savnet Malaysia Airlines-fly MH370: Ny dyphavsjakt begynner 11 \u00e5r senere","datePublished":"2025-12-06T08:52:39+00:00","dateModified":"2025-12-06T08:52:41+00:00","mainEntityOfPage":{"@id":"https:\/\/nordnesrepublikken.no\/index.php\/2025\/12\/06\/sok-etter-savnet-malaysia-airlines-fly-mh370-ny-dyphavsjakt-begynner-11-ar-senere\/"},"wordCount":692,"publisher":{"@id":"https:\/\/nordnesrepublikken.no\/#organization"},"image":{"@id":"https:\/\/nordnesrepublikken.no\/index.php\/2025\/12\/06\/sok-etter-savnet-malaysia-airlines-fly-mh370-ny-dyphavsjakt-begynner-11-ar-senere\/#primaryimage"},"thumbnailUrl":"https:\/\/nordnesrepublikken.no\/wp-content\/uploads\/2025\/12\/1765011160_Sok-etter-savnet-Malaysia-Airlines-fly-MH370-Ny-dyphavsjakt-begynner-11.jpg","keywords":["Airlinesfly","\u00e5r","begynner","dyphavsjakt","Etter","Malaysia","MH370","savnet","senere","s\u00f8k"],"articleSection":["Livsstil"],"inLanguage":"nb-NO"},{"@type":"WebPage","@id":"https:\/\/nordnesrepublikken.no\/index.php\/2025\/12\/06\/sok-etter-savnet-malaysia-airlines-fly-mh370-ny-dyphavsjakt-begynner-11-ar-senere\/","url":"https:\/\/nordnesrepublikken.no\/index.php\/2025\/12\/06\/sok-etter-savnet-malaysia-airlines-fly-mh370-ny-dyphavsjakt-begynner-11-ar-senere\/","name":"S\u00f8k etter savnet Malaysia Airlines-fly MH370: Ny dyphavsjakt begynner 11 \u00e5r senere - Nordnesrepublikken","isPartOf":{"@id":"https:\/\/nordnesrepublikken.no\/#website"},"primaryImageOfPage":{"@id":"https:\/\/nordnesrepublikken.no\/index.php\/2025\/12\/06\/sok-etter-savnet-malaysia-airlines-fly-mh370-ny-dyphavsjakt-begynner-11-ar-senere\/#primaryimage"},"image":{"@id":"https:\/\/nordnesrepublikken.no\/index.php\/2025\/12\/06\/sok-etter-savnet-malaysia-airlines-fly-mh370-ny-dyphavsjakt-begynner-11-ar-senere\/#primaryimage"},"thumbnailUrl":"https:\/\/nordnesrepublikken.no\/wp-content\/uploads\/2025\/12\/1765011160_Sok-etter-savnet-Malaysia-Airlines-fly-MH370-Ny-dyphavsjakt-begynner-11.jpg","datePublished":"2025-12-06T08:52:39+00:00","dateModified":"2025-12-06T08:52:41+00:00","breadcrumb":{"@id":"https:\/\/nordnesrepublikken.no\/index.php\/2025\/12\/06\/sok-etter-savnet-malaysia-airlines-fly-mh370-ny-dyphavsjakt-begynner-11-ar-senere\/#breadcrumb"},"inLanguage":"nb-NO","potentialAction":[{"@type":"ReadAction","target":["https:\/\/nordnesrepublikken.no\/index.php\/2025\/12\/06\/sok-etter-savnet-malaysia-airlines-fly-mh370-ny-dyphavsjakt-begynner-11-ar-senere\/"]}]},{"@type":"ImageObject","inLanguage":"nb-NO","@id":"https:\/\/nordnesrepublikken.no\/index.php\/2025\/12\/06\/sok-etter-savnet-malaysia-airlines-fly-mh370-ny-dyphavsjakt-begynner-11-ar-senere\/#primaryimage","url":"https:\/\/nordnesrepublikken.no\/wp-content\/uploads\/2025\/12\/1765011160_Sok-etter-savnet-Malaysia-Airlines-fly-MH370-Ny-dyphavsjakt-begynner-11.jpg","contentUrl":"https:\/\/nordnesrepublikken.no\/wp-content\/uploads\/2025\/12\/1765011160_Sok-etter-savnet-Malaysia-Airlines-fly-MH370-Ny-dyphavsjakt-begynner-11.jpg","width":1200,"height":800,"caption":"S\u00f8k etter savnet Malaysia Airlines-fly MH370: Ny dyphavsjakt begynner 11 \u00e5r senere"},{"@type":"BreadcrumbList","@id":"https:\/\/nordnesrepublikken.no\/index.php\/2025\/12\/06\/sok-etter-savnet-malaysia-airlines-fly-mh370-ny-dyphavsjakt-begynner-11-ar-senere\/#breadcrumb","itemListElement":[{"@type":"ListItem","position":1,"name":"Home","item":"https:\/\/nordnesrepublikken.no\/"},{"@type":"ListItem","position":2,"name":"S\u00f8k etter savnet Malaysia Airlines-fly MH370: Ny dyphavsjakt begynner 11 \u00e5r senere"}]},{"@type":"WebSite","@id":"https:\/\/nordnesrepublikken.no\/#website","url":"https:\/\/nordnesrepublikken.no\/","name":"Nordnesrepublikken","description":"Stemmer og Visjoner fra Republikkens Hjerte","publisher":{"@id":"https:\/\/nordnesrepublikken.no\/#organization"},"potentialAction":[{"@type":"SearchAction","target":{"@type":"EntryPoint","urlTemplate":"https:\/\/nordnesrepublikken.no\/?s={search_term_string}"},"query-input":{"@type":"PropertyValueSpecification","valueRequired":true,"valueName":"search_term_string"}}],"inLanguage":"nb-NO"},{"@type":"Organization","@id":"https:\/\/nordnesrepublikken.no\/#organization","name":"Nordnesrepublikken","url":"https:\/\/nordnesrepublikken.no\/","logo":{"@type":"ImageObject","inLanguage":"nb-NO","@id":"https:\/\/nordnesrepublikken.no\/#\/schema\/logo\/image\/","url":"https:\/\/nordnesrepublikken.no\/wp-content\/uploads\/2025\/02\/cropped-nordnesrepublikken-2.png","contentUrl":"https:\/\/nordnesrepublikken.no\/wp-content\/uploads\/2025\/02\/cropped-nordnesrepublikken-2.png","width":1248,"height":362,"caption":"Nordnesrepublikken"},"image":{"@id":"https:\/\/nordnesrepublikken.no\/#\/schema\/logo\/image\/"}},{"@type":"Person","@id":"https:\/\/nordnesrepublikken.no\/#\/schema\/person\/2e7e81935bab77882fffb79296240ff1","name":"Ole Andersen","image":{"@type":"ImageObject","inLanguage":"nb-NO","@id":"https:\/\/nordnesrepublikken.no\/#\/schema\/person\/image\/","url":"https:\/\/nordnesrepublikken.no\/wp-content\/uploads\/2025\/02\/nordnesrepublikken-2-2-150x150.jpg","contentUrl":"https:\/\/nordnesrepublikken.no\/wp-content\/uploads\/2025\/02\/nordnesrepublikken-2-2-150x150.jpg","caption":"Ole Andersen"},"description":"Ettersom jeg vokste opp i Oslo, har jeg alltid v\u00e6rt fascinert av ordenes kraft og deres evne til \u00e5 skape endringer. Etter \u00e5 ha fullf\u00f8rt min utdannelse i kommunikasjon ved Universitetet i Bergen, fikk jeg muligheten til \u00e5 jobbe innen ulike medier, der jeg har s\u00f8kt \u00e5 belyse viktige samfunnssp\u00f8rsm\u00e5l. I dag, som redakt\u00f8r for Nordnesrepublikken, pr\u00f8ver jeg \u00e5 forene min kj\u00e6rlighet for journalistikk med min lidenskap for innovasjon og eventyr.","sameAs":["https:\/\/nordnesrepublikken.no\/"]}]}},"_links":{"self":[{"href":"https:\/\/nordnesrepublikken.no\/index.php\/wp-json\/wp\/v2\/posts\/12517","targetHints":{"allow":["GET"]}}],"collection":[{"href":"https:\/\/nordnesrepublikken.no\/index.php\/wp-json\/wp\/v2\/posts"}],"about":[{"href":"https:\/\/nordnesrepublikken.no\/index.php\/wp-json\/wp\/v2\/types\/post"}],"author":[{"embeddable":true,"href":"https:\/\/nordnesrepublikken.no\/index.php\/wp-json\/wp\/v2\/users\/1"}],"replies":[{"embeddable":true,"href":"https:\/\/nordnesrepublikken.no\/index.php\/wp-json\/wp\/v2\/comments?post=12517"}],"version-history":[{"count":1,"href":"https:\/\/nordnesrepublikken.no\/index.php\/wp-json\/wp\/v2\/posts\/12517\/revisions"}],"predecessor-version":[{"id":12519,"href":"https:\/\/nordnesrepublikken.no\/index.php\/wp-json\/wp\/v2\/posts\/12517\/revisions\/12519"}],"wp:featuredmedia":[{"embeddable":true,"href":"https:\/\/nordnesrepublikken.no\/index.php\/wp-json\/wp\/v2\/media\/12518"}],"wp:attachment":[{"href":"https:\/\/nordnesrepublikken.no\/index.php\/wp-json\/wp\/v2\/media?parent=12517"}],"wp:term":[{"taxonomy":"category","embeddable":true,"href":"https:\/\/nordnesrepublikken.no\/index.php\/wp-json\/wp\/v2\/categories?post=12517"},{"taxonomy":"post_tag","embeddable":true,"href":"https:\/\/nordnesrepublikken.no\/index.php\/wp-json\/wp\/v2\/tags?post=12517"}],"curies":[{"name":"wp","href":"https:\/\/api.w.org\/{rel}","templated":true}]}}