{"id":12499,"date":"2025-12-05T19:51:29","date_gmt":"2025-12-05T18:51:29","guid":{"rendered":"https:\/\/nordnesrepublikken.no\/index.php\/2025\/12\/05\/dgt-forventer-57-millioner-reiser-over-grunnlovshelgen-tider-for-a-unnga-a-reise-denne-helgen\/"},"modified":"2025-12-05T19:51:30","modified_gmt":"2025-12-05T18:51:30","slug":"dgt-forventer-57-millioner-reiser-over-grunnlovshelgen-tider-for-a-unnga-a-reise-denne-helgen","status":"publish","type":"post","link":"https:\/\/nordnesrepublikken.no\/index.php\/2025\/12\/05\/dgt-forventer-57-millioner-reiser-over-grunnlovshelgen-tider-for-a-unnga-a-reise-denne-helgen\/","title":{"rendered":"DGT forventer 5,7 millioner reiser over grunnlovshelgen: Tider for \u00e5 unng\u00e5 \u00e5 reise denne helgen"},"content":{"rendered":"<p><\/p>\n<div class=\"wordpress-content\">\n                    <!-- Article Start --><\/p>\n<p><span style=\"font-weight: 400\">DET SPANSKE Generaldirektoratet for Trafikk, eller DGT, har regnet med at rundt 5,7 millioner reiser vil finne sted i l\u00f8pet av langhelgen Constitution-Immaculate Conception, som begynner p\u00e5 ettermiddagen fredag 5. desember. For \u00e5 kontrollere trafikkstr\u00f8mmen, som forventes \u00e5 v\u00e6re tung n\u00e5r familier og turister reiser til st\u00f8rre byer i helgen, vil DGT gjennomf\u00f8re sin operasjon kl. 15.00. mandag 8. desember.<\/span><\/p>\n<h2><b>En massiv operasjon for \u00e5 lette trafikkflyten og trafikksikkerheten<\/b><\/h2>\n<p><span style=\"font-weight: 400\">Operasjonen vil implementere kontroller og restriksjoner p\u00e5 tunge kj\u00f8ret\u00f8y og ekstra kj\u00f8refelt for \u00e5 styre trafikken p\u00e5 veier med h\u00f8y kapasitet n\u00e5r familier reiser til sitt andre hjem, turistrasteplasser eller byer med popul\u00e6re juletradisjoner, som vil registrere den h\u00f8yeste trafikken.<\/span><\/p>\n<p><span style=\"font-weight: 400\">Offiserer fra Trafikkavdelingen til Guardia Civil, samt ansatte fra de \u00e5tte DGT Traffic Management Centres, personell som er ansvarlig for utstyrsvedlikehold, installasjon og veikanttiltak, og n\u00f8detatenes personell, vil jobbe med \u00e5 overv\u00e5ke overholdelse av trafikkregler og styre flyten.<\/span><\/p>\n<div class=\"sra_unit\"><link rel=\"stylesheet\" id=\"block-sra\" href=\"https:\/\/euroweeklynews.com\/wp-content\/plugins\/snack-related-articles\/dist\/css\/snack-related.min.css?250312-193541\" type=\"text\/css\" media=\"all\">\n<\/div>\n<p><span style=\"font-weight: 400\">Tekniske ressurser vil ogs\u00e5 bli brukt, inkludert faste og mobile hastighetskontrollradarer, helikoptre, droner og kameraer for \u00e5 overv\u00e5ke trafikken og sikre sikkerheten til alle planlagte reiser.<\/span><\/p>\n<p><span style=\"font-weight: 400\">For \u00e5 lette trafikkavviklingen i de tettest fylte omr\u00e5dene, vil det bli lagt inn ekstra kj\u00f8refelt ved bruk av trafikkskilt og kjegler. Disse vil v\u00e6re reversible og tre i kraft i rushtiden. Det skal ogs\u00e5 etableres alternative ruter.<\/span><\/p>\n<h2><b>I tillegg til disse tiltakene har DGT ogs\u00e5 beordret:<\/b><\/h2>\n<ul>\n<li style=\"font-weight: 400\"><span style=\"font-weight: 400\">Midlertidig stans av alt veiarbeid<\/span><\/li>\n<li style=\"font-weight: 400\"><span style=\"font-weight: 400\">Begrensningen av sportsarrangementer og andre arrangementer som er tungt opptatt av veiene eller n\u00f8dvendiggj\u00f8r veistenging i l\u00f8pet av <\/span><i><span style=\"font-weight: 400\">puente<\/span><\/i><\/li>\n<li style=\"font-weight: 400\"><span style=\"font-weight: 400\">Begrensningen av lastebiler generelt, samt de som transporterer visse varer p\u00e5 en rekke seksjoner, datoer og tider i l\u00f8pet av <\/span><i><span style=\"font-weight: 400\">puente<\/span><\/i><\/li>\n<\/ul>\n<h2><b>De travleste tidene for \u00e5 unng\u00e5 \u00e5 reise denne helgen<\/b><\/h2>\n<p><span style=\"font-weight: 400\">DGT har ogs\u00e5 sluppet tidene i l\u00f8pet av denne langhelgen som forventes \u00e5 ha den tyngste trafikkflyten:<\/span><\/p>\n<ul>\n<li style=\"font-weight: 400\"><b>Fredag \u200b\u200b5. desember:<\/b><span style=\"font-weight: 400\">  Sterke avgangsbevegelser fra <\/span><b>16:00 til 23:00<\/b><\/li>\n<li style=\"font-weight: 400\"><b>L\u00f8rdag 6. desember:<\/b><span style=\"font-weight: 400\">  Meget stor trafikk b\u00e5de for lange reiser og korte reiser til friomr\u00e5der fra <\/span><b>9:00 til 15:00<\/b><\/li>\n<li style=\"font-weight: 400\"><b>S\u00f8ndag 7. desember:<\/b><span style=\"font-weight: 400\">  Det vil genereres tungtrafikk i retning avkj\u00f8rselen fra de store bysentrene, p\u00e5 korte reiser til fritids- og rekreasjonsomr\u00e5der, og til n\u00e6ringsomr\u00e5der n\u00e6r disse bysentrene i <\/span><b>morgenen<\/b><span style=\"font-weight: 400\">med returen som skjer i <\/span><b>tidlig ettermiddag<\/b><span style=\"font-weight: 400\">.<\/span><\/li>\n<li style=\"font-weight: 400\"><b>Mandag 8. desember:<\/b><span style=\"font-weight: 400\">  Returtrafikken for feriehelgen vil begynne i <\/span><b>tidlig ettermiddag<\/b><span style=\"font-weight: 400\">tunge veier. Den ugunstige tidsrammen for denne dagen vil v\u00e6re fra kl <\/span><b>15.00 til midnatt.<\/b><\/li>\n<\/ul>\n<h2>V\u00e6rforhold over langhelgen<\/h2>\n<p>V\u00e6rforholdene kan ha stor innvirkning p\u00e5 trafikken, og derfor anbefales det \u00e5 f\u00f8lge n\u00f8ye med p\u00e5 lokale prognoser f\u00f8r du reiser. Spesielt denne helgen kan det se t\u00e5ke og t\u00e5ke i mange omr\u00e5der av Spania p\u00e5 grunn av \u00f8kende luftfuktighet og temperaturer. Her er hva v\u00e6ret har i vente for oss over dette <em>puente<\/em>.<\/p>\n<h2><b>DGTs liste over anbefalinger<\/b><\/h2>\n<p><span style=\"font-weight: 400\">DGT har ogs\u00e5 gitt ut en liste med anbefalinger for \u00e5 unng\u00e5 den tyngste trafikken og legge til rette for sikkerheten under trafikken p\u00e5 veiene:<\/span><\/p>\n<ol>\n<li style=\"font-weight: 400\"><span style=\"font-weight: 400\"><strong>V\u00e6r oppmerksom p\u00e5 ugunstige v\u00e6rforhold<\/strong> p\u00e5 veien, noe som kan skje n\u00e5r som helst.<\/span><\/li>\n<li style=\"font-weight: 400\"><span style=\"font-weight: 400\">Handle p\u00e5 hastighet og <strong>\u00f8kt sikkerhetsavstand.<\/strong><\/span><\/li>\n<li style=\"font-weight: 400\"><span style=\"font-weight: 400\"><strong>Hold deg informert<\/strong> p\u00e5 veien.<\/span><\/li>\n<li style=\"font-weight: 400\"><span style=\"font-weight: 400\"><strong>Stopp utenfor veien<\/strong> i ekstreme situasjoner.<\/span><\/li>\n<li style=\"font-weight: 400\"><span style=\"font-weight: 400\"><strong>Tilrettelegge<\/strong> veihjelp og vedlikehold.<\/span><\/li>\n<\/ol>\n<p><span style=\"font-weight: 400\">DGTs Constitution-Immaculate Conception Operation vil avsluttes ved midnatt mandag 8. desember. Lastebilrestriksjoner vil v\u00e6re p\u00e5 plass frem til 9. desember.<\/span><\/p>\n<p><span style=\"font-weight: 400\">For \u00e5 v\u00e6re i forkant med trafikkoppdateringer, planlegge turer langs de sikreste rutene og unng\u00e5 uforutsette hendelser, anbefaler DGT \u00e5 sjekke veiforholdene gjennom sine offisielle kontoer, @informacionDGT og @DGTes via X, radio- og TV-nyhetsbulletiner, ved \u00e5 ringe 011, eller bruke det direkte trafikkkartet, tilgjengelig p\u00e5 det offisielle DGT-nettstedet.<\/span><\/p>\n<p>                    <!-- Originally published at https:\/\/euroweeklynews.com\/2025\/12\/05\/dgt-expects-5-7m-trips-over-constitution-weekend-times-to-avoid-travelling-this-weekend\/ on 05 Dec 2025 at 10:28 by Natascha Rivera --><br \/>\n                    <!-- Article End -->\n                <\/div>\n","protected":false},"excerpt":{"rendered":"<p>DET SPANSKE Generaldirektoratet for Trafikk, eller DGT, har regnet med at rundt 5,7 millioner reiser<\/p>\n","protected":false},"author":1,"featured_media":12500,"comment_status":"closed","ping_status":"open","sticky":false,"template":"","format":"standard","meta":{"footnotes":""},"categories":[105],"tags":[1717,1599,3392,8224,2639,34,169,4267,8225,1059],"class_list":["post-12499","post","type-post","status-publish","format-standard","has-post-thumbnail","hentry","category-livsstil","tag-denne","tag-dgt","tag-forventer","tag-grunnlovshelgen","tag-helgen","tag-millioner","tag-reise","tag-reiser","tag-tider","tag-unnga","generate-columns","tablet-grid-50","mobile-grid-100","grid-parent","grid-33","resize-featured-image"],"yoast_head":"<!-- This site is optimized with the Yoast SEO plugin v24.4 - https:\/\/yoast.com\/wordpress\/plugins\/seo\/ -->\n<title>DGT forventer 5,7 millioner reiser over grunnlovshelgen: Tider for \u00e5 unng\u00e5 \u00e5 reise denne helgen - Nordnesrepublikken<\/title>\n<meta name=\"robots\" content=\"index, follow, max-snippet:-1, max-image-preview:large, max-video-preview:-1\" \/>\n<link rel=\"canonical\" href=\"https:\/\/nordnesrepublikken.no\/index.php\/2025\/12\/05\/dgt-forventer-57-millioner-reiser-over-grunnlovshelgen-tider-for-a-unnga-a-reise-denne-helgen\/\" \/>\n<meta property=\"og:locale\" content=\"nb_NO\" \/>\n<meta property=\"og:type\" content=\"article\" \/>\n<meta property=\"og:title\" content=\"DGT forventer 5,7 millioner reiser over grunnlovshelgen: Tider for \u00e5 unng\u00e5 \u00e5 reise denne helgen - Nordnesrepublikken\" \/>\n<meta property=\"og:description\" content=\"DET SPANSKE Generaldirektoratet for Trafikk, eller DGT, har regnet med at rundt 5,7 millioner reiser\" \/>\n<meta property=\"og:url\" content=\"https:\/\/nordnesrepublikken.no\/index.php\/2025\/12\/05\/dgt-forventer-57-millioner-reiser-over-grunnlovshelgen-tider-for-a-unnga-a-reise-denne-helgen\/\" \/>\n<meta property=\"og:site_name\" content=\"Nordnesrepublikken\" \/>\n<meta property=\"article:published_time\" content=\"2025-12-05T18:51:29+00:00\" \/>\n<meta property=\"article:modified_time\" content=\"2025-12-05T18:51:30+00:00\" \/>\n<meta property=\"og:image\" content=\"https:\/\/nordnesrepublikken.no\/wp-content\/uploads\/2025\/12\/1764960690_DGT-forventer-57-millioner-reiser-over-grunnlovshelgen-Tider-for-a.jpg\" \/>\n\t<meta property=\"og:image:width\" content=\"1200\" \/>\n\t<meta property=\"og:image:height\" content=\"800\" \/>\n\t<meta property=\"og:image:type\" content=\"image\/jpeg\" \/>\n<meta name=\"author\" content=\"Ole Andersen\" \/>\n<meta name=\"twitter:card\" content=\"summary_large_image\" \/>\n<meta name=\"twitter:label1\" content=\"Skrevet av\" \/>\n\t<meta name=\"twitter:data1\" content=\"Ole Andersen\" \/>\n\t<meta name=\"twitter:label2\" content=\"Ansl. lesetid\" \/>\n\t<meta name=\"twitter:data2\" content=\"3 minutter\" \/>\n<script type=\"application\/ld+json\" class=\"yoast-schema-graph\">{\"@context\":\"https:\/\/schema.org\",\"@graph\":[{\"@type\":\"Article\",\"@id\":\"https:\/\/nordnesrepublikken.no\/index.php\/2025\/12\/05\/dgt-forventer-57-millioner-reiser-over-grunnlovshelgen-tider-for-a-unnga-a-reise-denne-helgen\/#article\",\"isPartOf\":{\"@id\":\"https:\/\/nordnesrepublikken.no\/index.php\/2025\/12\/05\/dgt-forventer-57-millioner-reiser-over-grunnlovshelgen-tider-for-a-unnga-a-reise-denne-helgen\/\"},\"author\":{\"name\":\"Ole Andersen\",\"@id\":\"https:\/\/nordnesrepublikken.no\/#\/schema\/person\/2e7e81935bab77882fffb79296240ff1\"},\"headline\":\"DGT forventer 5,7 millioner reiser over grunnlovshelgen: Tider for \u00e5 unng\u00e5 \u00e5 reise denne helgen\",\"datePublished\":\"2025-12-05T18:51:29+00:00\",\"dateModified\":\"2025-12-05T18:51:30+00:00\",\"mainEntityOfPage\":{\"@id\":\"https:\/\/nordnesrepublikken.no\/index.php\/2025\/12\/05\/dgt-forventer-57-millioner-reiser-over-grunnlovshelgen-tider-for-a-unnga-a-reise-denne-helgen\/\"},\"wordCount\":600,\"publisher\":{\"@id\":\"https:\/\/nordnesrepublikken.no\/#organization\"},\"image\":{\"@id\":\"https:\/\/nordnesrepublikken.no\/index.php\/2025\/12\/05\/dgt-forventer-57-millioner-reiser-over-grunnlovshelgen-tider-for-a-unnga-a-reise-denne-helgen\/#primaryimage\"},\"thumbnailUrl\":\"https:\/\/nordnesrepublikken.no\/wp-content\/uploads\/2025\/12\/1764960690_DGT-forventer-57-millioner-reiser-over-grunnlovshelgen-Tider-for-a.jpg\",\"keywords\":[\"denne\",\"DGT\",\"forventer\",\"grunnlovshelgen\",\"helgen\",\"millioner\",\"reise\",\"Reiser\",\"Tider\",\"unng\u00e5\"],\"articleSection\":[\"Livsstil\"],\"inLanguage\":\"nb-NO\"},{\"@type\":\"WebPage\",\"@id\":\"https:\/\/nordnesrepublikken.no\/index.php\/2025\/12\/05\/dgt-forventer-57-millioner-reiser-over-grunnlovshelgen-tider-for-a-unnga-a-reise-denne-helgen\/\",\"url\":\"https:\/\/nordnesrepublikken.no\/index.php\/2025\/12\/05\/dgt-forventer-57-millioner-reiser-over-grunnlovshelgen-tider-for-a-unnga-a-reise-denne-helgen\/\",\"name\":\"DGT forventer 5,7 millioner reiser over grunnlovshelgen: Tider for \u00e5 unng\u00e5 \u00e5 reise denne helgen - Nordnesrepublikken\",\"isPartOf\":{\"@id\":\"https:\/\/nordnesrepublikken.no\/#website\"},\"primaryImageOfPage\":{\"@id\":\"https:\/\/nordnesrepublikken.no\/index.php\/2025\/12\/05\/dgt-forventer-57-millioner-reiser-over-grunnlovshelgen-tider-for-a-unnga-a-reise-denne-helgen\/#primaryimage\"},\"image\":{\"@id\":\"https:\/\/nordnesrepublikken.no\/index.php\/2025\/12\/05\/dgt-forventer-57-millioner-reiser-over-grunnlovshelgen-tider-for-a-unnga-a-reise-denne-helgen\/#primaryimage\"},\"thumbnailUrl\":\"https:\/\/nordnesrepublikken.no\/wp-content\/uploads\/2025\/12\/1764960690_DGT-forventer-57-millioner-reiser-over-grunnlovshelgen-Tider-for-a.jpg\",\"datePublished\":\"2025-12-05T18:51:29+00:00\",\"dateModified\":\"2025-12-05T18:51:30+00:00\",\"breadcrumb\":{\"@id\":\"https:\/\/nordnesrepublikken.no\/index.php\/2025\/12\/05\/dgt-forventer-57-millioner-reiser-over-grunnlovshelgen-tider-for-a-unnga-a-reise-denne-helgen\/#breadcrumb\"},\"inLanguage\":\"nb-NO\",\"potentialAction\":[{\"@type\":\"ReadAction\",\"target\":[\"https:\/\/nordnesrepublikken.no\/index.php\/2025\/12\/05\/dgt-forventer-57-millioner-reiser-over-grunnlovshelgen-tider-for-a-unnga-a-reise-denne-helgen\/\"]}]},{\"@type\":\"ImageObject\",\"inLanguage\":\"nb-NO\",\"@id\":\"https:\/\/nordnesrepublikken.no\/index.php\/2025\/12\/05\/dgt-forventer-57-millioner-reiser-over-grunnlovshelgen-tider-for-a-unnga-a-reise-denne-helgen\/#primaryimage\",\"url\":\"https:\/\/nordnesrepublikken.no\/wp-content\/uploads\/2025\/12\/1764960690_DGT-forventer-57-millioner-reiser-over-grunnlovshelgen-Tider-for-a.jpg\",\"contentUrl\":\"https:\/\/nordnesrepublikken.no\/wp-content\/uploads\/2025\/12\/1764960690_DGT-forventer-57-millioner-reiser-over-grunnlovshelgen-Tider-for-a.jpg\",\"width\":1200,\"height\":800,\"caption\":\"DGT forventer 5,7 millioner reiser over grunnlovshelgen: Tider for \u00e5 unng\u00e5 \u00e5 reise denne helgen\"},{\"@type\":\"BreadcrumbList\",\"@id\":\"https:\/\/nordnesrepublikken.no\/index.php\/2025\/12\/05\/dgt-forventer-57-millioner-reiser-over-grunnlovshelgen-tider-for-a-unnga-a-reise-denne-helgen\/#breadcrumb\",\"itemListElement\":[{\"@type\":\"ListItem\",\"position\":1,\"name\":\"Home\",\"item\":\"https:\/\/nordnesrepublikken.no\/\"},{\"@type\":\"ListItem\",\"position\":2,\"name\":\"DGT forventer 5,7 millioner reiser over grunnlovshelgen: Tider for \u00e5 unng\u00e5 \u00e5 reise denne helgen\"}]},{\"@type\":\"WebSite\",\"@id\":\"https:\/\/nordnesrepublikken.no\/#website\",\"url\":\"https:\/\/nordnesrepublikken.no\/\",\"name\":\"Nordnesrepublikken\",\"description\":\"Stemmer og Visjoner fra Republikkens Hjerte\",\"publisher\":{\"@id\":\"https:\/\/nordnesrepublikken.no\/#organization\"},\"potentialAction\":[{\"@type\":\"SearchAction\",\"target\":{\"@type\":\"EntryPoint\",\"urlTemplate\":\"https:\/\/nordnesrepublikken.no\/?s={search_term_string}\"},\"query-input\":{\"@type\":\"PropertyValueSpecification\",\"valueRequired\":true,\"valueName\":\"search_term_string\"}}],\"inLanguage\":\"nb-NO\"},{\"@type\":\"Organization\",\"@id\":\"https:\/\/nordnesrepublikken.no\/#organization\",\"name\":\"Nordnesrepublikken\",\"url\":\"https:\/\/nordnesrepublikken.no\/\",\"logo\":{\"@type\":\"ImageObject\",\"inLanguage\":\"nb-NO\",\"@id\":\"https:\/\/nordnesrepublikken.no\/#\/schema\/logo\/image\/\",\"url\":\"https:\/\/nordnesrepublikken.no\/wp-content\/uploads\/2025\/02\/cropped-nordnesrepublikken-2.png\",\"contentUrl\":\"https:\/\/nordnesrepublikken.no\/wp-content\/uploads\/2025\/02\/cropped-nordnesrepublikken-2.png\",\"width\":1248,\"height\":362,\"caption\":\"Nordnesrepublikken\"},\"image\":{\"@id\":\"https:\/\/nordnesrepublikken.no\/#\/schema\/logo\/image\/\"}},{\"@type\":\"Person\",\"@id\":\"https:\/\/nordnesrepublikken.no\/#\/schema\/person\/2e7e81935bab77882fffb79296240ff1\",\"name\":\"Ole Andersen\",\"image\":{\"@type\":\"ImageObject\",\"inLanguage\":\"nb-NO\",\"@id\":\"https:\/\/nordnesrepublikken.no\/#\/schema\/person\/image\/\",\"url\":\"https:\/\/nordnesrepublikken.no\/wp-content\/uploads\/2025\/02\/nordnesrepublikken-2-2-150x150.jpg\",\"contentUrl\":\"https:\/\/nordnesrepublikken.no\/wp-content\/uploads\/2025\/02\/nordnesrepublikken-2-2-150x150.jpg\",\"caption\":\"Ole Andersen\"},\"description\":\"Ettersom jeg vokste opp i Oslo, har jeg alltid v\u00e6rt fascinert av ordenes kraft og deres evne til \u00e5 skape endringer. Etter \u00e5 ha fullf\u00f8rt min utdannelse i kommunikasjon ved Universitetet i Bergen, fikk jeg muligheten til \u00e5 jobbe innen ulike medier, der jeg har s\u00f8kt \u00e5 belyse viktige samfunnssp\u00f8rsm\u00e5l. I dag, som redakt\u00f8r for Nordnesrepublikken, pr\u00f8ver jeg \u00e5 forene min kj\u00e6rlighet for journalistikk med min lidenskap for innovasjon og eventyr.\",\"sameAs\":[\"https:\/\/nordnesrepublikken.no\/\"]}]}<\/script>\n<!-- \/ Yoast SEO plugin. -->","yoast_head_json":{"title":"DGT forventer 5,7 millioner reiser over grunnlovshelgen: Tider for \u00e5 unng\u00e5 \u00e5 reise denne helgen - Nordnesrepublikken","robots":{"index":"index","follow":"follow","max-snippet":"max-snippet:-1","max-image-preview":"max-image-preview:large","max-video-preview":"max-video-preview:-1"},"canonical":"https:\/\/nordnesrepublikken.no\/index.php\/2025\/12\/05\/dgt-forventer-57-millioner-reiser-over-grunnlovshelgen-tider-for-a-unnga-a-reise-denne-helgen\/","og_locale":"nb_NO","og_type":"article","og_title":"DGT forventer 5,7 millioner reiser over grunnlovshelgen: Tider for \u00e5 unng\u00e5 \u00e5 reise denne helgen - Nordnesrepublikken","og_description":"DET SPANSKE Generaldirektoratet for Trafikk, eller DGT, har regnet med at rundt 5,7 millioner reiser","og_url":"https:\/\/nordnesrepublikken.no\/index.php\/2025\/12\/05\/dgt-forventer-57-millioner-reiser-over-grunnlovshelgen-tider-for-a-unnga-a-reise-denne-helgen\/","og_site_name":"Nordnesrepublikken","article_published_time":"2025-12-05T18:51:29+00:00","article_modified_time":"2025-12-05T18:51:30+00:00","og_image":[{"width":1200,"height":800,"url":"https:\/\/nordnesrepublikken.no\/wp-content\/uploads\/2025\/12\/1764960690_DGT-forventer-57-millioner-reiser-over-grunnlovshelgen-Tider-for-a.jpg","type":"image\/jpeg"}],"author":"Ole Andersen","twitter_card":"summary_large_image","twitter_misc":{"Skrevet av":"Ole Andersen","Ansl. lesetid":"3 minutter"},"schema":{"@context":"https:\/\/schema.org","@graph":[{"@type":"Article","@id":"https:\/\/nordnesrepublikken.no\/index.php\/2025\/12\/05\/dgt-forventer-57-millioner-reiser-over-grunnlovshelgen-tider-for-a-unnga-a-reise-denne-helgen\/#article","isPartOf":{"@id":"https:\/\/nordnesrepublikken.no\/index.php\/2025\/12\/05\/dgt-forventer-57-millioner-reiser-over-grunnlovshelgen-tider-for-a-unnga-a-reise-denne-helgen\/"},"author":{"name":"Ole Andersen","@id":"https:\/\/nordnesrepublikken.no\/#\/schema\/person\/2e7e81935bab77882fffb79296240ff1"},"headline":"DGT forventer 5,7 millioner reiser over grunnlovshelgen: Tider for \u00e5 unng\u00e5 \u00e5 reise denne helgen","datePublished":"2025-12-05T18:51:29+00:00","dateModified":"2025-12-05T18:51:30+00:00","mainEntityOfPage":{"@id":"https:\/\/nordnesrepublikken.no\/index.php\/2025\/12\/05\/dgt-forventer-57-millioner-reiser-over-grunnlovshelgen-tider-for-a-unnga-a-reise-denne-helgen\/"},"wordCount":600,"publisher":{"@id":"https:\/\/nordnesrepublikken.no\/#organization"},"image":{"@id":"https:\/\/nordnesrepublikken.no\/index.php\/2025\/12\/05\/dgt-forventer-57-millioner-reiser-over-grunnlovshelgen-tider-for-a-unnga-a-reise-denne-helgen\/#primaryimage"},"thumbnailUrl":"https:\/\/nordnesrepublikken.no\/wp-content\/uploads\/2025\/12\/1764960690_DGT-forventer-57-millioner-reiser-over-grunnlovshelgen-Tider-for-a.jpg","keywords":["denne","DGT","forventer","grunnlovshelgen","helgen","millioner","reise","Reiser","Tider","unng\u00e5"],"articleSection":["Livsstil"],"inLanguage":"nb-NO"},{"@type":"WebPage","@id":"https:\/\/nordnesrepublikken.no\/index.php\/2025\/12\/05\/dgt-forventer-57-millioner-reiser-over-grunnlovshelgen-tider-for-a-unnga-a-reise-denne-helgen\/","url":"https:\/\/nordnesrepublikken.no\/index.php\/2025\/12\/05\/dgt-forventer-57-millioner-reiser-over-grunnlovshelgen-tider-for-a-unnga-a-reise-denne-helgen\/","name":"DGT forventer 5,7 millioner reiser over grunnlovshelgen: Tider for \u00e5 unng\u00e5 \u00e5 reise denne helgen - Nordnesrepublikken","isPartOf":{"@id":"https:\/\/nordnesrepublikken.no\/#website"},"primaryImageOfPage":{"@id":"https:\/\/nordnesrepublikken.no\/index.php\/2025\/12\/05\/dgt-forventer-57-millioner-reiser-over-grunnlovshelgen-tider-for-a-unnga-a-reise-denne-helgen\/#primaryimage"},"image":{"@id":"https:\/\/nordnesrepublikken.no\/index.php\/2025\/12\/05\/dgt-forventer-57-millioner-reiser-over-grunnlovshelgen-tider-for-a-unnga-a-reise-denne-helgen\/#primaryimage"},"thumbnailUrl":"https:\/\/nordnesrepublikken.no\/wp-content\/uploads\/2025\/12\/1764960690_DGT-forventer-57-millioner-reiser-over-grunnlovshelgen-Tider-for-a.jpg","datePublished":"2025-12-05T18:51:29+00:00","dateModified":"2025-12-05T18:51:30+00:00","breadcrumb":{"@id":"https:\/\/nordnesrepublikken.no\/index.php\/2025\/12\/05\/dgt-forventer-57-millioner-reiser-over-grunnlovshelgen-tider-for-a-unnga-a-reise-denne-helgen\/#breadcrumb"},"inLanguage":"nb-NO","potentialAction":[{"@type":"ReadAction","target":["https:\/\/nordnesrepublikken.no\/index.php\/2025\/12\/05\/dgt-forventer-57-millioner-reiser-over-grunnlovshelgen-tider-for-a-unnga-a-reise-denne-helgen\/"]}]},{"@type":"ImageObject","inLanguage":"nb-NO","@id":"https:\/\/nordnesrepublikken.no\/index.php\/2025\/12\/05\/dgt-forventer-57-millioner-reiser-over-grunnlovshelgen-tider-for-a-unnga-a-reise-denne-helgen\/#primaryimage","url":"https:\/\/nordnesrepublikken.no\/wp-content\/uploads\/2025\/12\/1764960690_DGT-forventer-57-millioner-reiser-over-grunnlovshelgen-Tider-for-a.jpg","contentUrl":"https:\/\/nordnesrepublikken.no\/wp-content\/uploads\/2025\/12\/1764960690_DGT-forventer-57-millioner-reiser-over-grunnlovshelgen-Tider-for-a.jpg","width":1200,"height":800,"caption":"DGT forventer 5,7 millioner reiser over grunnlovshelgen: Tider for \u00e5 unng\u00e5 \u00e5 reise denne helgen"},{"@type":"BreadcrumbList","@id":"https:\/\/nordnesrepublikken.no\/index.php\/2025\/12\/05\/dgt-forventer-57-millioner-reiser-over-grunnlovshelgen-tider-for-a-unnga-a-reise-denne-helgen\/#breadcrumb","itemListElement":[{"@type":"ListItem","position":1,"name":"Home","item":"https:\/\/nordnesrepublikken.no\/"},{"@type":"ListItem","position":2,"name":"DGT forventer 5,7 millioner reiser over grunnlovshelgen: Tider for \u00e5 unng\u00e5 \u00e5 reise denne helgen"}]},{"@type":"WebSite","@id":"https:\/\/nordnesrepublikken.no\/#website","url":"https:\/\/nordnesrepublikken.no\/","name":"Nordnesrepublikken","description":"Stemmer og Visjoner fra Republikkens Hjerte","publisher":{"@id":"https:\/\/nordnesrepublikken.no\/#organization"},"potentialAction":[{"@type":"SearchAction","target":{"@type":"EntryPoint","urlTemplate":"https:\/\/nordnesrepublikken.no\/?s={search_term_string}"},"query-input":{"@type":"PropertyValueSpecification","valueRequired":true,"valueName":"search_term_string"}}],"inLanguage":"nb-NO"},{"@type":"Organization","@id":"https:\/\/nordnesrepublikken.no\/#organization","name":"Nordnesrepublikken","url":"https:\/\/nordnesrepublikken.no\/","logo":{"@type":"ImageObject","inLanguage":"nb-NO","@id":"https:\/\/nordnesrepublikken.no\/#\/schema\/logo\/image\/","url":"https:\/\/nordnesrepublikken.no\/wp-content\/uploads\/2025\/02\/cropped-nordnesrepublikken-2.png","contentUrl":"https:\/\/nordnesrepublikken.no\/wp-content\/uploads\/2025\/02\/cropped-nordnesrepublikken-2.png","width":1248,"height":362,"caption":"Nordnesrepublikken"},"image":{"@id":"https:\/\/nordnesrepublikken.no\/#\/schema\/logo\/image\/"}},{"@type":"Person","@id":"https:\/\/nordnesrepublikken.no\/#\/schema\/person\/2e7e81935bab77882fffb79296240ff1","name":"Ole Andersen","image":{"@type":"ImageObject","inLanguage":"nb-NO","@id":"https:\/\/nordnesrepublikken.no\/#\/schema\/person\/image\/","url":"https:\/\/nordnesrepublikken.no\/wp-content\/uploads\/2025\/02\/nordnesrepublikken-2-2-150x150.jpg","contentUrl":"https:\/\/nordnesrepublikken.no\/wp-content\/uploads\/2025\/02\/nordnesrepublikken-2-2-150x150.jpg","caption":"Ole Andersen"},"description":"Ettersom jeg vokste opp i Oslo, har jeg alltid v\u00e6rt fascinert av ordenes kraft og deres evne til \u00e5 skape endringer. Etter \u00e5 ha fullf\u00f8rt min utdannelse i kommunikasjon ved Universitetet i Bergen, fikk jeg muligheten til \u00e5 jobbe innen ulike medier, der jeg har s\u00f8kt \u00e5 belyse viktige samfunnssp\u00f8rsm\u00e5l. I dag, som redakt\u00f8r for Nordnesrepublikken, pr\u00f8ver jeg \u00e5 forene min kj\u00e6rlighet for journalistikk med min lidenskap for innovasjon og eventyr.","sameAs":["https:\/\/nordnesrepublikken.no\/"]}]}},"_links":{"self":[{"href":"https:\/\/nordnesrepublikken.no\/index.php\/wp-json\/wp\/v2\/posts\/12499","targetHints":{"allow":["GET"]}}],"collection":[{"href":"https:\/\/nordnesrepublikken.no\/index.php\/wp-json\/wp\/v2\/posts"}],"about":[{"href":"https:\/\/nordnesrepublikken.no\/index.php\/wp-json\/wp\/v2\/types\/post"}],"author":[{"embeddable":true,"href":"https:\/\/nordnesrepublikken.no\/index.php\/wp-json\/wp\/v2\/users\/1"}],"replies":[{"embeddable":true,"href":"https:\/\/nordnesrepublikken.no\/index.php\/wp-json\/wp\/v2\/comments?post=12499"}],"version-history":[{"count":1,"href":"https:\/\/nordnesrepublikken.no\/index.php\/wp-json\/wp\/v2\/posts\/12499\/revisions"}],"predecessor-version":[{"id":12501,"href":"https:\/\/nordnesrepublikken.no\/index.php\/wp-json\/wp\/v2\/posts\/12499\/revisions\/12501"}],"wp:featuredmedia":[{"embeddable":true,"href":"https:\/\/nordnesrepublikken.no\/index.php\/wp-json\/wp\/v2\/media\/12500"}],"wp:attachment":[{"href":"https:\/\/nordnesrepublikken.no\/index.php\/wp-json\/wp\/v2\/media?parent=12499"}],"wp:term":[{"taxonomy":"category","embeddable":true,"href":"https:\/\/nordnesrepublikken.no\/index.php\/wp-json\/wp\/v2\/categories?post=12499"},{"taxonomy":"post_tag","embeddable":true,"href":"https:\/\/nordnesrepublikken.no\/index.php\/wp-json\/wp\/v2\/tags?post=12499"}],"curies":[{"name":"wp","href":"https:\/\/api.w.org\/{rel}","templated":true}]}}