{"id":12496,"date":"2025-12-05T16:52:10","date_gmt":"2025-12-05T15:52:10","guid":{"rendered":"https:\/\/nordnesrepublikken.no\/index.php\/2025\/12\/05\/virkningene-pa-urfolk-og-lokal-fauna\/"},"modified":"2025-12-05T16:52:19","modified_gmt":"2025-12-05T15:52:19","slug":"virkningene-pa-urfolk-og-lokal-fauna","status":"publish","type":"post","link":"https:\/\/nordnesrepublikken.no\/index.php\/2025\/12\/05\/virkningene-pa-urfolk-og-lokal-fauna\/","title":{"rendered":"virkningene p\u00e5 urfolk og lokal fauna"},"content":{"rendered":"<div>\n<div class=\"cp_wrapper cp_wrapper--fw mb-30 mb-20@tablet\">\n<figure class=\"mm\"><picture class=\"img\" style=\"padding-top:56.25%\"><source  media=\"(min-width: 1024px)\"><source  media=\"(min-width: 768px)\"><\/source><\/source><\/picture><\/figure>\n<\/p><\/div>\n<p>Der<strong> Belo Monte dam<\/strong> i <strong>Brasil<\/strong>som ligger langs <strong>Xingu-elven<\/strong> (en av de store sideelvene til Amazonas), er et av de mest ambisi\u00f8se infrastrukturprosjektene som noen gang er utf\u00f8rt i landet. Bygget mellom 2011 og 2016, den har en kapasitet p\u00e5 <strong>11.233 megawatt<\/strong> og er det nest st\u00f8rste vannkraftverket i Brasil og <strong>femte i verden<\/strong>bare forut for tre store kinesiske demninger (de tre kl\u00f8ftene ved Yangtze-elven og Baihetan- og Xiluodu-kompleksene p\u00e5 Jinsha) og faktisk av Itaipu-demningen ved Paran\u00e1-elven, p\u00e5 grensen til Paraguay.<\/p>\n<p>M\u00e5let med prosjektet er \u00e5 bidra til <strong>styrking av str\u00f8mnettet<\/strong> p\u00e5 nasjonal skala etter energikrisen i 2001, og utnyttet det store potensialet i Xingu-elvebassenget. Dette m\u00e5let kolliderte imidlertid med en <strong>sv\u00e6rt h\u00f8ye kostnader for elve\u00f8kosystemet,<\/strong> for lokale urbefolkninger og dyreliv. Dermed havnet det som skulle v\u00e6re et stort verk, et symbol p\u00e5 fremgang, i sentrum av <strong>opphetet kontrovers<\/strong>husket mer for sin kontrovers enn sin rekkevidde.<\/p>\n<h2>Belo Monte damprosjektet i Brasil<\/h2>\n<p>Med en hoveddemning<strong> mer enn 90 meter h\u00f8y<\/strong> og et reservoar av <strong>516 km<sup>2<\/sup><\/strong>produserer Belo Monte-komplekset nok energi til ca <strong>60 millioner mennesker<\/strong>. Men for \u00e5 gj\u00f8re driften mulig, var det n\u00f8dvendig \u00e5 gripe direkte inn i Xingu-elven: et avledningsarbeid av stor ingeni\u00f8rinteresse, uunnv\u00e6rlig for \u00e5 f\u00f8re vannet mot kraftverket, som teller i alt.<strong> 24 turbiner<\/strong>. Til dette ble det bygget to imponerende bygninger<strong> kunstige kanaler<\/strong>omtrent 500 meter bred og 75 km lang, noe som gj\u00f8r at anlegget kan operere med en <strong>avkastning<\/strong> <strong>medium<\/strong> <strong>p\u00e5 4.571 megawatt<\/strong>et estimat som tar hensyn til de naturlige sesongvariasjonene i elvef\u00f8ringen og som imidlertid er mindre enn 30 % av installert effekt. Denne ytelsen fremhever et visst avvik mellom forventninger og resultater, oppn\u00e5dd gjennom et prosjekt som anses som ekstremt kontroversielt for sine form\u00e5l <strong>milj\u00f8messig og sosial p\u00e5virkning<\/strong>.<\/p>\n<h2>Dammens innvirkning p\u00e5 urfolk og milj\u00f8<\/h2>\n<p>Byggingen av de to avledningskanalene fant sted <strong>tunge ettervirkninger<\/strong>spesielt i n\u00e6rheten av den s\u00e5kalte Volta Grande, b\u00f8yningen av Xingu-elven, hvor vannstr\u00f8mmen har blitt drastisk redusert: over 80 % er faktisk rettet mot kraftverket, og etterlater lokalsamfunn med utilstrekkelige mengder til \u00e5 leve og arbeide.<\/p>\n<div class=\"cp_wrapper cp_wrapper--fw mb-50\">\n<figure class=\"mm\"><picture class=\"img\" style=\"padding-top:66%\"><source  media=\"(min-width: 1024px)\"><source  media=\"(min-width: 768px)\"><img decoding=\"async\" loading=\"lazy\" src=\"https:\/\/nordnesrepublikken.no\/wp-content\/uploads\/2025\/12\/virkningene-pa-urfolk-og-lokal-fauna.jpeg\" alt=\"Bilde\" width=\"400\" height=\"264\"\/><\/source><\/source><\/picture><\/figure>\n<\/p><\/div>\n<p><strong>Urfolk<\/strong> som Kayap\u00f3, Arara og Juruna, som er avhengige av elven for fiske, vannforsyning og daglige aktiviteter, befant seg plutselig med en <strong>nesten null vanntilgjengelighet<\/strong> \u2013 spesielt i den t\u00f8rre \u00e5rstiden \u2013 lider av sv\u00e6rt alvorlige konsekvenser for lokalsamfunnene deres p\u00e5 \u00f8konomisk og sosialt niv\u00e5. Stilt overfor forhold som har blitt uholdbare, har titusenvis av mennesker blitt tvunget til \u00e5 forlate hjemlandet sitt, og migrert andre steder p\u00e5 jakt etter nye livsopphold.<\/p>\n<p>11. mars 2025, en<strong> forel\u00f8pig avgj\u00f8relse<\/strong> av den h\u00f8yeste f\u00f8derale domstolen (STF) avgjorde at urbefolkningen i Volta Grande do Xingu skulle motta en andel av royaltyene generert av vannkraftverket; denne retten ble anerkjent etter en <strong>begj\u00e6ring<\/strong> promotert av syv urfolksforeninger.<\/p>\n<\/p><\/div>\n","protected":false},"excerpt":{"rendered":"<p>Der Belo Monte dam i Brasilsom ligger langs Xingu-elven (en av de store sideelvene til<\/p>\n","protected":false},"author":1,"featured_media":12497,"comment_status":"closed","ping_status":"open","sticky":false,"template":"","format":"standard","meta":{"footnotes":""},"categories":[24],"tags":[8223,3744,81,8222,8221],"class_list":["post-12496","post","type-post","status-publish","format-standard","has-post-thumbnail","hentry","category-vitenskap","tag-fauna","tag-lokal","tag-pa","tag-urfolk","tag-virkningene","generate-columns","tablet-grid-50","mobile-grid-100","grid-parent","grid-33","resize-featured-image"],"yoast_head":"<!-- This site is optimized with the Yoast SEO plugin v24.4 - https:\/\/yoast.com\/wordpress\/plugins\/seo\/ -->\n<title>virkningene p\u00e5 urfolk og lokal fauna - Nordnesrepublikken<\/title>\n<meta name=\"robots\" content=\"index, follow, max-snippet:-1, max-image-preview:large, max-video-preview:-1\" \/>\n<link rel=\"canonical\" href=\"https:\/\/nordnesrepublikken.no\/index.php\/2025\/12\/05\/virkningene-pa-urfolk-og-lokal-fauna\/\" \/>\n<meta property=\"og:locale\" content=\"nb_NO\" \/>\n<meta property=\"og:type\" content=\"article\" \/>\n<meta property=\"og:title\" content=\"virkningene p\u00e5 urfolk og lokal fauna - Nordnesrepublikken\" \/>\n<meta property=\"og:description\" content=\"Der Belo Monte dam i Brasilsom ligger langs Xingu-elven (en av de store sideelvene til\" \/>\n<meta property=\"og:url\" content=\"https:\/\/nordnesrepublikken.no\/index.php\/2025\/12\/05\/virkningene-pa-urfolk-og-lokal-fauna\/\" \/>\n<meta property=\"og:site_name\" content=\"Nordnesrepublikken\" \/>\n<meta property=\"article:published_time\" content=\"2025-12-05T15:52:10+00:00\" \/>\n<meta property=\"article:modified_time\" content=\"2025-12-05T15:52:19+00:00\" \/>\n<meta property=\"og:image\" content=\"https:\/\/nordnesrepublikken.no\/wp-content\/uploads\/2025\/12\/1764949931_virkningene-pa-urfolk-og-lokal-fauna-scaled.jpg\" \/>\n\t<meta property=\"og:image:width\" content=\"2560\" \/>\n\t<meta property=\"og:image:height\" content=\"1707\" \/>\n\t<meta property=\"og:image:type\" content=\"image\/jpeg\" \/>\n<meta name=\"author\" content=\"Ole Andersen\" \/>\n<meta name=\"twitter:card\" content=\"summary_large_image\" \/>\n<meta name=\"twitter:label1\" content=\"Skrevet av\" \/>\n\t<meta name=\"twitter:data1\" content=\"Ole Andersen\" \/>\n\t<meta name=\"twitter:label2\" content=\"Ansl. lesetid\" \/>\n\t<meta name=\"twitter:data2\" content=\"2 minutter\" \/>\n<script type=\"application\/ld+json\" class=\"yoast-schema-graph\">{\"@context\":\"https:\/\/schema.org\",\"@graph\":[{\"@type\":\"Article\",\"@id\":\"https:\/\/nordnesrepublikken.no\/index.php\/2025\/12\/05\/virkningene-pa-urfolk-og-lokal-fauna\/#article\",\"isPartOf\":{\"@id\":\"https:\/\/nordnesrepublikken.no\/index.php\/2025\/12\/05\/virkningene-pa-urfolk-og-lokal-fauna\/\"},\"author\":{\"name\":\"Ole Andersen\",\"@id\":\"https:\/\/nordnesrepublikken.no\/#\/schema\/person\/2e7e81935bab77882fffb79296240ff1\"},\"headline\":\"virkningene p\u00e5 urfolk og lokal fauna\",\"datePublished\":\"2025-12-05T15:52:10+00:00\",\"dateModified\":\"2025-12-05T15:52:19+00:00\",\"mainEntityOfPage\":{\"@id\":\"https:\/\/nordnesrepublikken.no\/index.php\/2025\/12\/05\/virkningene-pa-urfolk-og-lokal-fauna\/\"},\"wordCount\":464,\"publisher\":{\"@id\":\"https:\/\/nordnesrepublikken.no\/#organization\"},\"image\":{\"@id\":\"https:\/\/nordnesrepublikken.no\/index.php\/2025\/12\/05\/virkningene-pa-urfolk-og-lokal-fauna\/#primaryimage\"},\"thumbnailUrl\":\"https:\/\/nordnesrepublikken.no\/wp-content\/uploads\/2025\/12\/1764949931_virkningene-pa-urfolk-og-lokal-fauna-scaled.jpg\",\"keywords\":[\"fauna\",\"lokal\",\"p\u00e5\",\"urfolk\",\"virkningene\"],\"articleSection\":[\"Vitenskap\"],\"inLanguage\":\"nb-NO\"},{\"@type\":\"WebPage\",\"@id\":\"https:\/\/nordnesrepublikken.no\/index.php\/2025\/12\/05\/virkningene-pa-urfolk-og-lokal-fauna\/\",\"url\":\"https:\/\/nordnesrepublikken.no\/index.php\/2025\/12\/05\/virkningene-pa-urfolk-og-lokal-fauna\/\",\"name\":\"virkningene p\u00e5 urfolk og lokal fauna - Nordnesrepublikken\",\"isPartOf\":{\"@id\":\"https:\/\/nordnesrepublikken.no\/#website\"},\"primaryImageOfPage\":{\"@id\":\"https:\/\/nordnesrepublikken.no\/index.php\/2025\/12\/05\/virkningene-pa-urfolk-og-lokal-fauna\/#primaryimage\"},\"image\":{\"@id\":\"https:\/\/nordnesrepublikken.no\/index.php\/2025\/12\/05\/virkningene-pa-urfolk-og-lokal-fauna\/#primaryimage\"},\"thumbnailUrl\":\"https:\/\/nordnesrepublikken.no\/wp-content\/uploads\/2025\/12\/1764949931_virkningene-pa-urfolk-og-lokal-fauna-scaled.jpg\",\"datePublished\":\"2025-12-05T15:52:10+00:00\",\"dateModified\":\"2025-12-05T15:52:19+00:00\",\"breadcrumb\":{\"@id\":\"https:\/\/nordnesrepublikken.no\/index.php\/2025\/12\/05\/virkningene-pa-urfolk-og-lokal-fauna\/#breadcrumb\"},\"inLanguage\":\"nb-NO\",\"potentialAction\":[{\"@type\":\"ReadAction\",\"target\":[\"https:\/\/nordnesrepublikken.no\/index.php\/2025\/12\/05\/virkningene-pa-urfolk-og-lokal-fauna\/\"]}]},{\"@type\":\"ImageObject\",\"inLanguage\":\"nb-NO\",\"@id\":\"https:\/\/nordnesrepublikken.no\/index.php\/2025\/12\/05\/virkningene-pa-urfolk-og-lokal-fauna\/#primaryimage\",\"url\":\"https:\/\/nordnesrepublikken.no\/wp-content\/uploads\/2025\/12\/1764949931_virkningene-pa-urfolk-og-lokal-fauna-scaled.jpg\",\"contentUrl\":\"https:\/\/nordnesrepublikken.no\/wp-content\/uploads\/2025\/12\/1764949931_virkningene-pa-urfolk-og-lokal-fauna-scaled.jpg\",\"width\":2560,\"height\":1707,\"caption\":\"virkningene p\u00e5 urfolk og lokal fauna\"},{\"@type\":\"BreadcrumbList\",\"@id\":\"https:\/\/nordnesrepublikken.no\/index.php\/2025\/12\/05\/virkningene-pa-urfolk-og-lokal-fauna\/#breadcrumb\",\"itemListElement\":[{\"@type\":\"ListItem\",\"position\":1,\"name\":\"Home\",\"item\":\"https:\/\/nordnesrepublikken.no\/\"},{\"@type\":\"ListItem\",\"position\":2,\"name\":\"virkningene p\u00e5 urfolk og lokal fauna\"}]},{\"@type\":\"WebSite\",\"@id\":\"https:\/\/nordnesrepublikken.no\/#website\",\"url\":\"https:\/\/nordnesrepublikken.no\/\",\"name\":\"Nordnesrepublikken\",\"description\":\"Stemmer og Visjoner fra Republikkens Hjerte\",\"publisher\":{\"@id\":\"https:\/\/nordnesrepublikken.no\/#organization\"},\"potentialAction\":[{\"@type\":\"SearchAction\",\"target\":{\"@type\":\"EntryPoint\",\"urlTemplate\":\"https:\/\/nordnesrepublikken.no\/?s={search_term_string}\"},\"query-input\":{\"@type\":\"PropertyValueSpecification\",\"valueRequired\":true,\"valueName\":\"search_term_string\"}}],\"inLanguage\":\"nb-NO\"},{\"@type\":\"Organization\",\"@id\":\"https:\/\/nordnesrepublikken.no\/#organization\",\"name\":\"Nordnesrepublikken\",\"url\":\"https:\/\/nordnesrepublikken.no\/\",\"logo\":{\"@type\":\"ImageObject\",\"inLanguage\":\"nb-NO\",\"@id\":\"https:\/\/nordnesrepublikken.no\/#\/schema\/logo\/image\/\",\"url\":\"https:\/\/nordnesrepublikken.no\/wp-content\/uploads\/2025\/02\/cropped-nordnesrepublikken-2.png\",\"contentUrl\":\"https:\/\/nordnesrepublikken.no\/wp-content\/uploads\/2025\/02\/cropped-nordnesrepublikken-2.png\",\"width\":1248,\"height\":362,\"caption\":\"Nordnesrepublikken\"},\"image\":{\"@id\":\"https:\/\/nordnesrepublikken.no\/#\/schema\/logo\/image\/\"}},{\"@type\":\"Person\",\"@id\":\"https:\/\/nordnesrepublikken.no\/#\/schema\/person\/2e7e81935bab77882fffb79296240ff1\",\"name\":\"Ole Andersen\",\"image\":{\"@type\":\"ImageObject\",\"inLanguage\":\"nb-NO\",\"@id\":\"https:\/\/nordnesrepublikken.no\/#\/schema\/person\/image\/\",\"url\":\"https:\/\/nordnesrepublikken.no\/wp-content\/uploads\/2025\/02\/nordnesrepublikken-2-2-150x150.jpg\",\"contentUrl\":\"https:\/\/nordnesrepublikken.no\/wp-content\/uploads\/2025\/02\/nordnesrepublikken-2-2-150x150.jpg\",\"caption\":\"Ole Andersen\"},\"description\":\"Ettersom jeg vokste opp i Oslo, har jeg alltid v\u00e6rt fascinert av ordenes kraft og deres evne til \u00e5 skape endringer. Etter \u00e5 ha fullf\u00f8rt min utdannelse i kommunikasjon ved Universitetet i Bergen, fikk jeg muligheten til \u00e5 jobbe innen ulike medier, der jeg har s\u00f8kt \u00e5 belyse viktige samfunnssp\u00f8rsm\u00e5l. I dag, som redakt\u00f8r for Nordnesrepublikken, pr\u00f8ver jeg \u00e5 forene min kj\u00e6rlighet for journalistikk med min lidenskap for innovasjon og eventyr.\",\"sameAs\":[\"https:\/\/nordnesrepublikken.no\/\"]}]}<\/script>\n<!-- \/ Yoast SEO plugin. -->","yoast_head_json":{"title":"virkningene p\u00e5 urfolk og lokal fauna - Nordnesrepublikken","robots":{"index":"index","follow":"follow","max-snippet":"max-snippet:-1","max-image-preview":"max-image-preview:large","max-video-preview":"max-video-preview:-1"},"canonical":"https:\/\/nordnesrepublikken.no\/index.php\/2025\/12\/05\/virkningene-pa-urfolk-og-lokal-fauna\/","og_locale":"nb_NO","og_type":"article","og_title":"virkningene p\u00e5 urfolk og lokal fauna - Nordnesrepublikken","og_description":"Der Belo Monte dam i Brasilsom ligger langs Xingu-elven (en av de store sideelvene til","og_url":"https:\/\/nordnesrepublikken.no\/index.php\/2025\/12\/05\/virkningene-pa-urfolk-og-lokal-fauna\/","og_site_name":"Nordnesrepublikken","article_published_time":"2025-12-05T15:52:10+00:00","article_modified_time":"2025-12-05T15:52:19+00:00","og_image":[{"width":2560,"height":1707,"url":"https:\/\/nordnesrepublikken.no\/wp-content\/uploads\/2025\/12\/1764949931_virkningene-pa-urfolk-og-lokal-fauna-scaled.jpg","type":"image\/jpeg"}],"author":"Ole Andersen","twitter_card":"summary_large_image","twitter_misc":{"Skrevet av":"Ole Andersen","Ansl. lesetid":"2 minutter"},"schema":{"@context":"https:\/\/schema.org","@graph":[{"@type":"Article","@id":"https:\/\/nordnesrepublikken.no\/index.php\/2025\/12\/05\/virkningene-pa-urfolk-og-lokal-fauna\/#article","isPartOf":{"@id":"https:\/\/nordnesrepublikken.no\/index.php\/2025\/12\/05\/virkningene-pa-urfolk-og-lokal-fauna\/"},"author":{"name":"Ole Andersen","@id":"https:\/\/nordnesrepublikken.no\/#\/schema\/person\/2e7e81935bab77882fffb79296240ff1"},"headline":"virkningene p\u00e5 urfolk og lokal fauna","datePublished":"2025-12-05T15:52:10+00:00","dateModified":"2025-12-05T15:52:19+00:00","mainEntityOfPage":{"@id":"https:\/\/nordnesrepublikken.no\/index.php\/2025\/12\/05\/virkningene-pa-urfolk-og-lokal-fauna\/"},"wordCount":464,"publisher":{"@id":"https:\/\/nordnesrepublikken.no\/#organization"},"image":{"@id":"https:\/\/nordnesrepublikken.no\/index.php\/2025\/12\/05\/virkningene-pa-urfolk-og-lokal-fauna\/#primaryimage"},"thumbnailUrl":"https:\/\/nordnesrepublikken.no\/wp-content\/uploads\/2025\/12\/1764949931_virkningene-pa-urfolk-og-lokal-fauna-scaled.jpg","keywords":["fauna","lokal","p\u00e5","urfolk","virkningene"],"articleSection":["Vitenskap"],"inLanguage":"nb-NO"},{"@type":"WebPage","@id":"https:\/\/nordnesrepublikken.no\/index.php\/2025\/12\/05\/virkningene-pa-urfolk-og-lokal-fauna\/","url":"https:\/\/nordnesrepublikken.no\/index.php\/2025\/12\/05\/virkningene-pa-urfolk-og-lokal-fauna\/","name":"virkningene p\u00e5 urfolk og lokal fauna - Nordnesrepublikken","isPartOf":{"@id":"https:\/\/nordnesrepublikken.no\/#website"},"primaryImageOfPage":{"@id":"https:\/\/nordnesrepublikken.no\/index.php\/2025\/12\/05\/virkningene-pa-urfolk-og-lokal-fauna\/#primaryimage"},"image":{"@id":"https:\/\/nordnesrepublikken.no\/index.php\/2025\/12\/05\/virkningene-pa-urfolk-og-lokal-fauna\/#primaryimage"},"thumbnailUrl":"https:\/\/nordnesrepublikken.no\/wp-content\/uploads\/2025\/12\/1764949931_virkningene-pa-urfolk-og-lokal-fauna-scaled.jpg","datePublished":"2025-12-05T15:52:10+00:00","dateModified":"2025-12-05T15:52:19+00:00","breadcrumb":{"@id":"https:\/\/nordnesrepublikken.no\/index.php\/2025\/12\/05\/virkningene-pa-urfolk-og-lokal-fauna\/#breadcrumb"},"inLanguage":"nb-NO","potentialAction":[{"@type":"ReadAction","target":["https:\/\/nordnesrepublikken.no\/index.php\/2025\/12\/05\/virkningene-pa-urfolk-og-lokal-fauna\/"]}]},{"@type":"ImageObject","inLanguage":"nb-NO","@id":"https:\/\/nordnesrepublikken.no\/index.php\/2025\/12\/05\/virkningene-pa-urfolk-og-lokal-fauna\/#primaryimage","url":"https:\/\/nordnesrepublikken.no\/wp-content\/uploads\/2025\/12\/1764949931_virkningene-pa-urfolk-og-lokal-fauna-scaled.jpg","contentUrl":"https:\/\/nordnesrepublikken.no\/wp-content\/uploads\/2025\/12\/1764949931_virkningene-pa-urfolk-og-lokal-fauna-scaled.jpg","width":2560,"height":1707,"caption":"virkningene p\u00e5 urfolk og lokal fauna"},{"@type":"BreadcrumbList","@id":"https:\/\/nordnesrepublikken.no\/index.php\/2025\/12\/05\/virkningene-pa-urfolk-og-lokal-fauna\/#breadcrumb","itemListElement":[{"@type":"ListItem","position":1,"name":"Home","item":"https:\/\/nordnesrepublikken.no\/"},{"@type":"ListItem","position":2,"name":"virkningene p\u00e5 urfolk og lokal fauna"}]},{"@type":"WebSite","@id":"https:\/\/nordnesrepublikken.no\/#website","url":"https:\/\/nordnesrepublikken.no\/","name":"Nordnesrepublikken","description":"Stemmer og Visjoner fra Republikkens Hjerte","publisher":{"@id":"https:\/\/nordnesrepublikken.no\/#organization"},"potentialAction":[{"@type":"SearchAction","target":{"@type":"EntryPoint","urlTemplate":"https:\/\/nordnesrepublikken.no\/?s={search_term_string}"},"query-input":{"@type":"PropertyValueSpecification","valueRequired":true,"valueName":"search_term_string"}}],"inLanguage":"nb-NO"},{"@type":"Organization","@id":"https:\/\/nordnesrepublikken.no\/#organization","name":"Nordnesrepublikken","url":"https:\/\/nordnesrepublikken.no\/","logo":{"@type":"ImageObject","inLanguage":"nb-NO","@id":"https:\/\/nordnesrepublikken.no\/#\/schema\/logo\/image\/","url":"https:\/\/nordnesrepublikken.no\/wp-content\/uploads\/2025\/02\/cropped-nordnesrepublikken-2.png","contentUrl":"https:\/\/nordnesrepublikken.no\/wp-content\/uploads\/2025\/02\/cropped-nordnesrepublikken-2.png","width":1248,"height":362,"caption":"Nordnesrepublikken"},"image":{"@id":"https:\/\/nordnesrepublikken.no\/#\/schema\/logo\/image\/"}},{"@type":"Person","@id":"https:\/\/nordnesrepublikken.no\/#\/schema\/person\/2e7e81935bab77882fffb79296240ff1","name":"Ole Andersen","image":{"@type":"ImageObject","inLanguage":"nb-NO","@id":"https:\/\/nordnesrepublikken.no\/#\/schema\/person\/image\/","url":"https:\/\/nordnesrepublikken.no\/wp-content\/uploads\/2025\/02\/nordnesrepublikken-2-2-150x150.jpg","contentUrl":"https:\/\/nordnesrepublikken.no\/wp-content\/uploads\/2025\/02\/nordnesrepublikken-2-2-150x150.jpg","caption":"Ole Andersen"},"description":"Ettersom jeg vokste opp i Oslo, har jeg alltid v\u00e6rt fascinert av ordenes kraft og deres evne til \u00e5 skape endringer. Etter \u00e5 ha fullf\u00f8rt min utdannelse i kommunikasjon ved Universitetet i Bergen, fikk jeg muligheten til \u00e5 jobbe innen ulike medier, der jeg har s\u00f8kt \u00e5 belyse viktige samfunnssp\u00f8rsm\u00e5l. I dag, som redakt\u00f8r for Nordnesrepublikken, pr\u00f8ver jeg \u00e5 forene min kj\u00e6rlighet for journalistikk med min lidenskap for innovasjon og eventyr.","sameAs":["https:\/\/nordnesrepublikken.no\/"]}]}},"_links":{"self":[{"href":"https:\/\/nordnesrepublikken.no\/index.php\/wp-json\/wp\/v2\/posts\/12496","targetHints":{"allow":["GET"]}}],"collection":[{"href":"https:\/\/nordnesrepublikken.no\/index.php\/wp-json\/wp\/v2\/posts"}],"about":[{"href":"https:\/\/nordnesrepublikken.no\/index.php\/wp-json\/wp\/v2\/types\/post"}],"author":[{"embeddable":true,"href":"https:\/\/nordnesrepublikken.no\/index.php\/wp-json\/wp\/v2\/users\/1"}],"replies":[{"embeddable":true,"href":"https:\/\/nordnesrepublikken.no\/index.php\/wp-json\/wp\/v2\/comments?post=12496"}],"version-history":[{"count":1,"href":"https:\/\/nordnesrepublikken.no\/index.php\/wp-json\/wp\/v2\/posts\/12496\/revisions"}],"predecessor-version":[{"id":12498,"href":"https:\/\/nordnesrepublikken.no\/index.php\/wp-json\/wp\/v2\/posts\/12496\/revisions\/12498"}],"wp:featuredmedia":[{"embeddable":true,"href":"https:\/\/nordnesrepublikken.no\/index.php\/wp-json\/wp\/v2\/media\/12497"}],"wp:attachment":[{"href":"https:\/\/nordnesrepublikken.no\/index.php\/wp-json\/wp\/v2\/media?parent=12496"}],"wp:term":[{"taxonomy":"category","embeddable":true,"href":"https:\/\/nordnesrepublikken.no\/index.php\/wp-json\/wp\/v2\/categories?post=12496"},{"taxonomy":"post_tag","embeddable":true,"href":"https:\/\/nordnesrepublikken.no\/index.php\/wp-json\/wp\/v2\/tags?post=12496"}],"curies":[{"name":"wp","href":"https:\/\/api.w.org\/{rel}","templated":true}]}}