{"id":12487,"date":"2025-12-05T12:51:21","date_gmt":"2025-12-05T11:51:21","guid":{"rendered":"https:\/\/nordnesrepublikken.no\/index.php\/2025\/12\/05\/nyheter-edinburgh-lufthavn-suspenderer-alle-flyr-etter-stor-it-feil\/"},"modified":"2025-12-05T12:51:22","modified_gmt":"2025-12-05T11:51:22","slug":"nyheter-edinburgh-lufthavn-suspenderer-alle-flyr-etter-stor-it-feil","status":"publish","type":"post","link":"https:\/\/nordnesrepublikken.no\/index.php\/2025\/12\/05\/nyheter-edinburgh-lufthavn-suspenderer-alle-flyr-etter-stor-it-feil\/","title":{"rendered":"Nyheter: Edinburgh lufthavn SUSPENDERER ALLE FLYR etter stor IT-feil"},"content":{"rendered":"<div class=\"wordpress-content\">\n                    <!-- Article Start --><\/p>\n<p><strong>Edinburgh lufthavn stanset alle flyvninger i morges (5. desember),<\/strong> etter en major <strong>IT-feil som p\u00e5virker leverand\u00f8ren av flykontroll<\/strong>som utl\u00f8ser omfattende forstyrrelser for passasjerer. Str\u00f8mbruddet, rapportert rundt klokken 08.30, tvang flyplassen til \u00e5 stoppe b\u00e5de ankomster og avganger mens ingeni\u00f8rer jobbet med \u00e5 gjenopprette tjenesten.<\/p>\n<p>I en uttalelse utstedt av flyplassen p\u00e5 sosiale medier, bekreftet tjenestemenn: &laquo;P\u00e5 grunn av et IT-problem med leverand\u00f8ren av flykontroll, opererer ingen fly for \u00f8yeblikket fra Edinburgh Airport. Team jobber med problemet og vil l\u00f8se s\u00e5 snart som mulig.&raquo; Flyplassen la til at passasjerer b\u00f8r kontakte flyselskapet deres direkte for oppdatert informasjon.<\/p>\n<div class=\"sra_unit\"><link rel=\"stylesheet\" id=\"block-sra\" href=\"https:\/\/euroweeklynews.com\/wp-content\/plugins\/snack-related-articles\/dist\/css\/snack-related.min.css?250312-193541\" type=\"text\/css\" media=\"all\">\n<\/div>\n<p>Mens noen passasjerer uttrykte frustrasjon, understreket flyplasser og flyselskaper at sikkerhetsprotokoller krever full bakkestopp inntil lufttrafikkkontrollsystemer fungerer normalt.<\/p>\n<h2><strong>Breaking News: Flyreiser GJENOPPTATT N\u00c5 p\u00e5 Edinburgh flyplass<\/strong><\/h2>\n<p>En offisiell oppdatering p\u00e5 X omtrent klokken 11:40 uttalte at &laquo;Flyene har n\u00e5 gjenopptatt etter IT-problemet med leverand\u00f8ren av flykontroll. Vi takker passasjerene for deres t\u00e5lmodighet og forst\u00e5else.&#8217;<\/p>\n<figure id=\"attachment_555033\" aria-describedby=\"caption-attachment-555033\" style=\"width: 300px\" class=\"wp-caption aligncenter\"><figcaption id=\"caption-attachment-555033\" class=\"wp-caption-text\">Vicky Doninger og s\u00f8nnen Oliver Green. Kreditt: EWN<\/figcaption><\/figure>\n<p>Vicky og Oliver var p\u00e5 asfalten i totalt to timer og st\u00e5r for \u00f8yeblikket i k\u00f8 for take-off.<\/p>\n<h2><strong>R\u00e5d til passasjerene<\/strong><\/h2>\n<p>IT-brudd kan ofte oppst\u00e5 igjen. Det er best \u00e5 kontinuerlig sjekke flyselskapsapper og e-postvarsler for automatiske oppdateringer, ombestillinger eller kanselleringer. Overv\u00e5k ogs\u00e5 offisielle kanaler, inkludert Edinburgh Airports nettsted og X-feed, for sanntidskunngj\u00f8ringer.<\/p>\n<p>Edinburgh er et viktig utgangspunkt for innbyggere i Storbritannia som reiser til Spania, Portugal, Frankrike og andre expat-destinasjoner. Dagens korte str\u00f8mbrudd kan forstyrre forbindelser til flyplasser inkludert Alicante, Malaga, Barcelona og Palma de Mallorca, selv om individuelle flystatuser avhenger av hvert flyselskaps tidsplan.<\/p>\n<p>Forstyrrelsen p\u00e5virker ogs\u00e5 reisende p\u00e5 vei til Storbritannia fra hele Europa, med flere morgentjenester som ikke kan lande eller ta av i tide.<\/p>\n<p>Se alle reisenyheter.<\/p>\n<p>                    <!-- Originally published at https:\/\/euroweeklynews.com\/2025\/12\/05\/breaking-news-edinburgh-airport-suspends-all-flights-after-major-it-failure\/ on 05 Dec 2025 at 12:00 by Letara Draghia --><br \/>\n                    <!-- Article End -->\n                <\/div>\n","protected":false},"excerpt":{"rendered":"<p>Edinburgh lufthavn stanset alle flyvninger i morges (5. desember), etter en major IT-feil som p\u00e5virker<\/p>\n","protected":false},"author":1,"featured_media":12488,"comment_status":"closed","ping_status":"open","sticky":false,"template":"","format":"standard","meta":{"footnotes":""},"categories":[105],"tags":[1515,4222,92,4173,8218,8216,832,1131,8217],"class_list":["post-12487","post","type-post","status-publish","format-standard","has-post-thumbnail","hentry","category-livsstil","tag-alle","tag-edinburgh","tag-etter","tag-flyr","tag-itfeil","tag-lufthavn","tag-nyheter","tag-stor","tag-suspenderer","generate-columns","tablet-grid-50","mobile-grid-100","grid-parent","grid-33","resize-featured-image"],"yoast_head":"<!-- This site is optimized with the Yoast SEO plugin v24.4 - https:\/\/yoast.com\/wordpress\/plugins\/seo\/ -->\n<title>Nyheter: Edinburgh lufthavn SUSPENDERER ALLE FLYR etter stor IT-feil - Nordnesrepublikken<\/title>\n<meta name=\"robots\" content=\"index, follow, max-snippet:-1, max-image-preview:large, max-video-preview:-1\" \/>\n<link rel=\"canonical\" href=\"https:\/\/nordnesrepublikken.no\/index.php\/2025\/12\/05\/nyheter-edinburgh-lufthavn-suspenderer-alle-flyr-etter-stor-it-feil\/\" \/>\n<meta property=\"og:locale\" content=\"nb_NO\" \/>\n<meta property=\"og:type\" content=\"article\" \/>\n<meta property=\"og:title\" content=\"Nyheter: Edinburgh lufthavn SUSPENDERER ALLE FLYR etter stor IT-feil - Nordnesrepublikken\" \/>\n<meta property=\"og:description\" content=\"Edinburgh lufthavn stanset alle flyvninger i morges (5. desember), etter en major IT-feil som p\u00e5virker\" \/>\n<meta property=\"og:url\" content=\"https:\/\/nordnesrepublikken.no\/index.php\/2025\/12\/05\/nyheter-edinburgh-lufthavn-suspenderer-alle-flyr-etter-stor-it-feil\/\" \/>\n<meta property=\"og:site_name\" content=\"Nordnesrepublikken\" \/>\n<meta property=\"article:published_time\" content=\"2025-12-05T11:51:21+00:00\" \/>\n<meta property=\"article:modified_time\" content=\"2025-12-05T11:51:22+00:00\" \/>\n<meta property=\"og:image\" content=\"https:\/\/nordnesrepublikken.no\/wp-content\/uploads\/2025\/12\/1764935482_Nyheter-Edinburgh-lufthavn-SUSPENDERER-ALLE-FLYR-etter-stor-IT-feil.jpg\" \/>\n\t<meta property=\"og:image:width\" content=\"1200\" \/>\n\t<meta property=\"og:image:height\" content=\"801\" \/>\n\t<meta property=\"og:image:type\" content=\"image\/jpeg\" \/>\n<meta name=\"author\" content=\"Ole Andersen\" \/>\n<meta name=\"twitter:card\" content=\"summary_large_image\" \/>\n<meta name=\"twitter:label1\" content=\"Skrevet av\" \/>\n\t<meta name=\"twitter:data1\" content=\"Ole Andersen\" \/>\n\t<meta name=\"twitter:label2\" content=\"Ansl. lesetid\" \/>\n\t<meta name=\"twitter:data2\" content=\"1 minutt\" \/>\n<script type=\"application\/ld+json\" class=\"yoast-schema-graph\">{\"@context\":\"https:\/\/schema.org\",\"@graph\":[{\"@type\":\"Article\",\"@id\":\"https:\/\/nordnesrepublikken.no\/index.php\/2025\/12\/05\/nyheter-edinburgh-lufthavn-suspenderer-alle-flyr-etter-stor-it-feil\/#article\",\"isPartOf\":{\"@id\":\"https:\/\/nordnesrepublikken.no\/index.php\/2025\/12\/05\/nyheter-edinburgh-lufthavn-suspenderer-alle-flyr-etter-stor-it-feil\/\"},\"author\":{\"name\":\"Ole Andersen\",\"@id\":\"https:\/\/nordnesrepublikken.no\/#\/schema\/person\/2e7e81935bab77882fffb79296240ff1\"},\"headline\":\"Nyheter: Edinburgh lufthavn SUSPENDERER ALLE FLYR etter stor IT-feil\",\"datePublished\":\"2025-12-05T11:51:21+00:00\",\"dateModified\":\"2025-12-05T11:51:22+00:00\",\"mainEntityOfPage\":{\"@id\":\"https:\/\/nordnesrepublikken.no\/index.php\/2025\/12\/05\/nyheter-edinburgh-lufthavn-suspenderer-alle-flyr-etter-stor-it-feil\/\"},\"wordCount\":302,\"publisher\":{\"@id\":\"https:\/\/nordnesrepublikken.no\/#organization\"},\"image\":{\"@id\":\"https:\/\/nordnesrepublikken.no\/index.php\/2025\/12\/05\/nyheter-edinburgh-lufthavn-suspenderer-alle-flyr-etter-stor-it-feil\/#primaryimage\"},\"thumbnailUrl\":\"https:\/\/nordnesrepublikken.no\/wp-content\/uploads\/2025\/12\/1764935482_Nyheter-Edinburgh-lufthavn-SUSPENDERER-ALLE-FLYR-etter-stor-IT-feil.jpg\",\"keywords\":[\"alle\",\"Edinburgh\",\"Etter\",\"Flyr\",\"ITfeil\",\"lufthavn\",\"nyheter\",\"stor\",\"SUSPENDERER\"],\"articleSection\":[\"Livsstil\"],\"inLanguage\":\"nb-NO\"},{\"@type\":\"WebPage\",\"@id\":\"https:\/\/nordnesrepublikken.no\/index.php\/2025\/12\/05\/nyheter-edinburgh-lufthavn-suspenderer-alle-flyr-etter-stor-it-feil\/\",\"url\":\"https:\/\/nordnesrepublikken.no\/index.php\/2025\/12\/05\/nyheter-edinburgh-lufthavn-suspenderer-alle-flyr-etter-stor-it-feil\/\",\"name\":\"Nyheter: Edinburgh lufthavn SUSPENDERER ALLE FLYR etter stor IT-feil - Nordnesrepublikken\",\"isPartOf\":{\"@id\":\"https:\/\/nordnesrepublikken.no\/#website\"},\"primaryImageOfPage\":{\"@id\":\"https:\/\/nordnesrepublikken.no\/index.php\/2025\/12\/05\/nyheter-edinburgh-lufthavn-suspenderer-alle-flyr-etter-stor-it-feil\/#primaryimage\"},\"image\":{\"@id\":\"https:\/\/nordnesrepublikken.no\/index.php\/2025\/12\/05\/nyheter-edinburgh-lufthavn-suspenderer-alle-flyr-etter-stor-it-feil\/#primaryimage\"},\"thumbnailUrl\":\"https:\/\/nordnesrepublikken.no\/wp-content\/uploads\/2025\/12\/1764935482_Nyheter-Edinburgh-lufthavn-SUSPENDERER-ALLE-FLYR-etter-stor-IT-feil.jpg\",\"datePublished\":\"2025-12-05T11:51:21+00:00\",\"dateModified\":\"2025-12-05T11:51:22+00:00\",\"breadcrumb\":{\"@id\":\"https:\/\/nordnesrepublikken.no\/index.php\/2025\/12\/05\/nyheter-edinburgh-lufthavn-suspenderer-alle-flyr-etter-stor-it-feil\/#breadcrumb\"},\"inLanguage\":\"nb-NO\",\"potentialAction\":[{\"@type\":\"ReadAction\",\"target\":[\"https:\/\/nordnesrepublikken.no\/index.php\/2025\/12\/05\/nyheter-edinburgh-lufthavn-suspenderer-alle-flyr-etter-stor-it-feil\/\"]}]},{\"@type\":\"ImageObject\",\"inLanguage\":\"nb-NO\",\"@id\":\"https:\/\/nordnesrepublikken.no\/index.php\/2025\/12\/05\/nyheter-edinburgh-lufthavn-suspenderer-alle-flyr-etter-stor-it-feil\/#primaryimage\",\"url\":\"https:\/\/nordnesrepublikken.no\/wp-content\/uploads\/2025\/12\/1764935482_Nyheter-Edinburgh-lufthavn-SUSPENDERER-ALLE-FLYR-etter-stor-IT-feil.jpg\",\"contentUrl\":\"https:\/\/nordnesrepublikken.no\/wp-content\/uploads\/2025\/12\/1764935482_Nyheter-Edinburgh-lufthavn-SUSPENDERER-ALLE-FLYR-etter-stor-IT-feil.jpg\",\"width\":1200,\"height\":801,\"caption\":\"Nyheter: Edinburgh lufthavn SUSPENDERER ALLE FLYR etter stor IT-feil\"},{\"@type\":\"BreadcrumbList\",\"@id\":\"https:\/\/nordnesrepublikken.no\/index.php\/2025\/12\/05\/nyheter-edinburgh-lufthavn-suspenderer-alle-flyr-etter-stor-it-feil\/#breadcrumb\",\"itemListElement\":[{\"@type\":\"ListItem\",\"position\":1,\"name\":\"Home\",\"item\":\"https:\/\/nordnesrepublikken.no\/\"},{\"@type\":\"ListItem\",\"position\":2,\"name\":\"Nyheter: Edinburgh lufthavn SUSPENDERER ALLE FLYR etter stor IT-feil\"}]},{\"@type\":\"WebSite\",\"@id\":\"https:\/\/nordnesrepublikken.no\/#website\",\"url\":\"https:\/\/nordnesrepublikken.no\/\",\"name\":\"Nordnesrepublikken\",\"description\":\"Stemmer og Visjoner fra Republikkens Hjerte\",\"publisher\":{\"@id\":\"https:\/\/nordnesrepublikken.no\/#organization\"},\"potentialAction\":[{\"@type\":\"SearchAction\",\"target\":{\"@type\":\"EntryPoint\",\"urlTemplate\":\"https:\/\/nordnesrepublikken.no\/?s={search_term_string}\"},\"query-input\":{\"@type\":\"PropertyValueSpecification\",\"valueRequired\":true,\"valueName\":\"search_term_string\"}}],\"inLanguage\":\"nb-NO\"},{\"@type\":\"Organization\",\"@id\":\"https:\/\/nordnesrepublikken.no\/#organization\",\"name\":\"Nordnesrepublikken\",\"url\":\"https:\/\/nordnesrepublikken.no\/\",\"logo\":{\"@type\":\"ImageObject\",\"inLanguage\":\"nb-NO\",\"@id\":\"https:\/\/nordnesrepublikken.no\/#\/schema\/logo\/image\/\",\"url\":\"https:\/\/nordnesrepublikken.no\/wp-content\/uploads\/2025\/02\/cropped-nordnesrepublikken-2.png\",\"contentUrl\":\"https:\/\/nordnesrepublikken.no\/wp-content\/uploads\/2025\/02\/cropped-nordnesrepublikken-2.png\",\"width\":1248,\"height\":362,\"caption\":\"Nordnesrepublikken\"},\"image\":{\"@id\":\"https:\/\/nordnesrepublikken.no\/#\/schema\/logo\/image\/\"}},{\"@type\":\"Person\",\"@id\":\"https:\/\/nordnesrepublikken.no\/#\/schema\/person\/2e7e81935bab77882fffb79296240ff1\",\"name\":\"Ole Andersen\",\"image\":{\"@type\":\"ImageObject\",\"inLanguage\":\"nb-NO\",\"@id\":\"https:\/\/nordnesrepublikken.no\/#\/schema\/person\/image\/\",\"url\":\"https:\/\/nordnesrepublikken.no\/wp-content\/uploads\/2025\/02\/nordnesrepublikken-2-2-150x150.jpg\",\"contentUrl\":\"https:\/\/nordnesrepublikken.no\/wp-content\/uploads\/2025\/02\/nordnesrepublikken-2-2-150x150.jpg\",\"caption\":\"Ole Andersen\"},\"description\":\"Ettersom jeg vokste opp i Oslo, har jeg alltid v\u00e6rt fascinert av ordenes kraft og deres evne til \u00e5 skape endringer. Etter \u00e5 ha fullf\u00f8rt min utdannelse i kommunikasjon ved Universitetet i Bergen, fikk jeg muligheten til \u00e5 jobbe innen ulike medier, der jeg har s\u00f8kt \u00e5 belyse viktige samfunnssp\u00f8rsm\u00e5l. I dag, som redakt\u00f8r for Nordnesrepublikken, pr\u00f8ver jeg \u00e5 forene min kj\u00e6rlighet for journalistikk med min lidenskap for innovasjon og eventyr.\",\"sameAs\":[\"https:\/\/nordnesrepublikken.no\/\"]}]}<\/script>\n<!-- \/ Yoast SEO plugin. -->","yoast_head_json":{"title":"Nyheter: Edinburgh lufthavn SUSPENDERER ALLE FLYR etter stor IT-feil - Nordnesrepublikken","robots":{"index":"index","follow":"follow","max-snippet":"max-snippet:-1","max-image-preview":"max-image-preview:large","max-video-preview":"max-video-preview:-1"},"canonical":"https:\/\/nordnesrepublikken.no\/index.php\/2025\/12\/05\/nyheter-edinburgh-lufthavn-suspenderer-alle-flyr-etter-stor-it-feil\/","og_locale":"nb_NO","og_type":"article","og_title":"Nyheter: Edinburgh lufthavn SUSPENDERER ALLE FLYR etter stor IT-feil - Nordnesrepublikken","og_description":"Edinburgh lufthavn stanset alle flyvninger i morges (5. desember), etter en major IT-feil som p\u00e5virker","og_url":"https:\/\/nordnesrepublikken.no\/index.php\/2025\/12\/05\/nyheter-edinburgh-lufthavn-suspenderer-alle-flyr-etter-stor-it-feil\/","og_site_name":"Nordnesrepublikken","article_published_time":"2025-12-05T11:51:21+00:00","article_modified_time":"2025-12-05T11:51:22+00:00","og_image":[{"width":1200,"height":801,"url":"https:\/\/nordnesrepublikken.no\/wp-content\/uploads\/2025\/12\/1764935482_Nyheter-Edinburgh-lufthavn-SUSPENDERER-ALLE-FLYR-etter-stor-IT-feil.jpg","type":"image\/jpeg"}],"author":"Ole Andersen","twitter_card":"summary_large_image","twitter_misc":{"Skrevet av":"Ole Andersen","Ansl. lesetid":"1 minutt"},"schema":{"@context":"https:\/\/schema.org","@graph":[{"@type":"Article","@id":"https:\/\/nordnesrepublikken.no\/index.php\/2025\/12\/05\/nyheter-edinburgh-lufthavn-suspenderer-alle-flyr-etter-stor-it-feil\/#article","isPartOf":{"@id":"https:\/\/nordnesrepublikken.no\/index.php\/2025\/12\/05\/nyheter-edinburgh-lufthavn-suspenderer-alle-flyr-etter-stor-it-feil\/"},"author":{"name":"Ole Andersen","@id":"https:\/\/nordnesrepublikken.no\/#\/schema\/person\/2e7e81935bab77882fffb79296240ff1"},"headline":"Nyheter: Edinburgh lufthavn SUSPENDERER ALLE FLYR etter stor IT-feil","datePublished":"2025-12-05T11:51:21+00:00","dateModified":"2025-12-05T11:51:22+00:00","mainEntityOfPage":{"@id":"https:\/\/nordnesrepublikken.no\/index.php\/2025\/12\/05\/nyheter-edinburgh-lufthavn-suspenderer-alle-flyr-etter-stor-it-feil\/"},"wordCount":302,"publisher":{"@id":"https:\/\/nordnesrepublikken.no\/#organization"},"image":{"@id":"https:\/\/nordnesrepublikken.no\/index.php\/2025\/12\/05\/nyheter-edinburgh-lufthavn-suspenderer-alle-flyr-etter-stor-it-feil\/#primaryimage"},"thumbnailUrl":"https:\/\/nordnesrepublikken.no\/wp-content\/uploads\/2025\/12\/1764935482_Nyheter-Edinburgh-lufthavn-SUSPENDERER-ALLE-FLYR-etter-stor-IT-feil.jpg","keywords":["alle","Edinburgh","Etter","Flyr","ITfeil","lufthavn","nyheter","stor","SUSPENDERER"],"articleSection":["Livsstil"],"inLanguage":"nb-NO"},{"@type":"WebPage","@id":"https:\/\/nordnesrepublikken.no\/index.php\/2025\/12\/05\/nyheter-edinburgh-lufthavn-suspenderer-alle-flyr-etter-stor-it-feil\/","url":"https:\/\/nordnesrepublikken.no\/index.php\/2025\/12\/05\/nyheter-edinburgh-lufthavn-suspenderer-alle-flyr-etter-stor-it-feil\/","name":"Nyheter: Edinburgh lufthavn SUSPENDERER ALLE FLYR etter stor IT-feil - Nordnesrepublikken","isPartOf":{"@id":"https:\/\/nordnesrepublikken.no\/#website"},"primaryImageOfPage":{"@id":"https:\/\/nordnesrepublikken.no\/index.php\/2025\/12\/05\/nyheter-edinburgh-lufthavn-suspenderer-alle-flyr-etter-stor-it-feil\/#primaryimage"},"image":{"@id":"https:\/\/nordnesrepublikken.no\/index.php\/2025\/12\/05\/nyheter-edinburgh-lufthavn-suspenderer-alle-flyr-etter-stor-it-feil\/#primaryimage"},"thumbnailUrl":"https:\/\/nordnesrepublikken.no\/wp-content\/uploads\/2025\/12\/1764935482_Nyheter-Edinburgh-lufthavn-SUSPENDERER-ALLE-FLYR-etter-stor-IT-feil.jpg","datePublished":"2025-12-05T11:51:21+00:00","dateModified":"2025-12-05T11:51:22+00:00","breadcrumb":{"@id":"https:\/\/nordnesrepublikken.no\/index.php\/2025\/12\/05\/nyheter-edinburgh-lufthavn-suspenderer-alle-flyr-etter-stor-it-feil\/#breadcrumb"},"inLanguage":"nb-NO","potentialAction":[{"@type":"ReadAction","target":["https:\/\/nordnesrepublikken.no\/index.php\/2025\/12\/05\/nyheter-edinburgh-lufthavn-suspenderer-alle-flyr-etter-stor-it-feil\/"]}]},{"@type":"ImageObject","inLanguage":"nb-NO","@id":"https:\/\/nordnesrepublikken.no\/index.php\/2025\/12\/05\/nyheter-edinburgh-lufthavn-suspenderer-alle-flyr-etter-stor-it-feil\/#primaryimage","url":"https:\/\/nordnesrepublikken.no\/wp-content\/uploads\/2025\/12\/1764935482_Nyheter-Edinburgh-lufthavn-SUSPENDERER-ALLE-FLYR-etter-stor-IT-feil.jpg","contentUrl":"https:\/\/nordnesrepublikken.no\/wp-content\/uploads\/2025\/12\/1764935482_Nyheter-Edinburgh-lufthavn-SUSPENDERER-ALLE-FLYR-etter-stor-IT-feil.jpg","width":1200,"height":801,"caption":"Nyheter: Edinburgh lufthavn SUSPENDERER ALLE FLYR etter stor IT-feil"},{"@type":"BreadcrumbList","@id":"https:\/\/nordnesrepublikken.no\/index.php\/2025\/12\/05\/nyheter-edinburgh-lufthavn-suspenderer-alle-flyr-etter-stor-it-feil\/#breadcrumb","itemListElement":[{"@type":"ListItem","position":1,"name":"Home","item":"https:\/\/nordnesrepublikken.no\/"},{"@type":"ListItem","position":2,"name":"Nyheter: Edinburgh lufthavn SUSPENDERER ALLE FLYR etter stor IT-feil"}]},{"@type":"WebSite","@id":"https:\/\/nordnesrepublikken.no\/#website","url":"https:\/\/nordnesrepublikken.no\/","name":"Nordnesrepublikken","description":"Stemmer og Visjoner fra Republikkens Hjerte","publisher":{"@id":"https:\/\/nordnesrepublikken.no\/#organization"},"potentialAction":[{"@type":"SearchAction","target":{"@type":"EntryPoint","urlTemplate":"https:\/\/nordnesrepublikken.no\/?s={search_term_string}"},"query-input":{"@type":"PropertyValueSpecification","valueRequired":true,"valueName":"search_term_string"}}],"inLanguage":"nb-NO"},{"@type":"Organization","@id":"https:\/\/nordnesrepublikken.no\/#organization","name":"Nordnesrepublikken","url":"https:\/\/nordnesrepublikken.no\/","logo":{"@type":"ImageObject","inLanguage":"nb-NO","@id":"https:\/\/nordnesrepublikken.no\/#\/schema\/logo\/image\/","url":"https:\/\/nordnesrepublikken.no\/wp-content\/uploads\/2025\/02\/cropped-nordnesrepublikken-2.png","contentUrl":"https:\/\/nordnesrepublikken.no\/wp-content\/uploads\/2025\/02\/cropped-nordnesrepublikken-2.png","width":1248,"height":362,"caption":"Nordnesrepublikken"},"image":{"@id":"https:\/\/nordnesrepublikken.no\/#\/schema\/logo\/image\/"}},{"@type":"Person","@id":"https:\/\/nordnesrepublikken.no\/#\/schema\/person\/2e7e81935bab77882fffb79296240ff1","name":"Ole Andersen","image":{"@type":"ImageObject","inLanguage":"nb-NO","@id":"https:\/\/nordnesrepublikken.no\/#\/schema\/person\/image\/","url":"https:\/\/nordnesrepublikken.no\/wp-content\/uploads\/2025\/02\/nordnesrepublikken-2-2-150x150.jpg","contentUrl":"https:\/\/nordnesrepublikken.no\/wp-content\/uploads\/2025\/02\/nordnesrepublikken-2-2-150x150.jpg","caption":"Ole Andersen"},"description":"Ettersom jeg vokste opp i Oslo, har jeg alltid v\u00e6rt fascinert av ordenes kraft og deres evne til \u00e5 skape endringer. Etter \u00e5 ha fullf\u00f8rt min utdannelse i kommunikasjon ved Universitetet i Bergen, fikk jeg muligheten til \u00e5 jobbe innen ulike medier, der jeg har s\u00f8kt \u00e5 belyse viktige samfunnssp\u00f8rsm\u00e5l. I dag, som redakt\u00f8r for Nordnesrepublikken, pr\u00f8ver jeg \u00e5 forene min kj\u00e6rlighet for journalistikk med min lidenskap for innovasjon og eventyr.","sameAs":["https:\/\/nordnesrepublikken.no\/"]}]}},"_links":{"self":[{"href":"https:\/\/nordnesrepublikken.no\/index.php\/wp-json\/wp\/v2\/posts\/12487","targetHints":{"allow":["GET"]}}],"collection":[{"href":"https:\/\/nordnesrepublikken.no\/index.php\/wp-json\/wp\/v2\/posts"}],"about":[{"href":"https:\/\/nordnesrepublikken.no\/index.php\/wp-json\/wp\/v2\/types\/post"}],"author":[{"embeddable":true,"href":"https:\/\/nordnesrepublikken.no\/index.php\/wp-json\/wp\/v2\/users\/1"}],"replies":[{"embeddable":true,"href":"https:\/\/nordnesrepublikken.no\/index.php\/wp-json\/wp\/v2\/comments?post=12487"}],"version-history":[{"count":1,"href":"https:\/\/nordnesrepublikken.no\/index.php\/wp-json\/wp\/v2\/posts\/12487\/revisions"}],"predecessor-version":[{"id":12489,"href":"https:\/\/nordnesrepublikken.no\/index.php\/wp-json\/wp\/v2\/posts\/12487\/revisions\/12489"}],"wp:featuredmedia":[{"embeddable":true,"href":"https:\/\/nordnesrepublikken.no\/index.php\/wp-json\/wp\/v2\/media\/12488"}],"wp:attachment":[{"href":"https:\/\/nordnesrepublikken.no\/index.php\/wp-json\/wp\/v2\/media?parent=12487"}],"wp:term":[{"taxonomy":"category","embeddable":true,"href":"https:\/\/nordnesrepublikken.no\/index.php\/wp-json\/wp\/v2\/categories?post=12487"},{"taxonomy":"post_tag","embeddable":true,"href":"https:\/\/nordnesrepublikken.no\/index.php\/wp-json\/wp\/v2\/tags?post=12487"}],"curies":[{"name":"wp","href":"https:\/\/api.w.org\/{rel}","templated":true}]}}