{"id":12460,"date":"2025-12-04T17:50:36","date_gmt":"2025-12-04T16:50:36","guid":{"rendered":"https:\/\/nordnesrepublikken.no\/index.php\/2025\/12\/04\/fra-pave-frans-til-gaza-alle-arets-trender\/"},"modified":"2025-12-04T17:50:39","modified_gmt":"2025-12-04T16:50:39","slug":"fra-pave-frans-til-gaza-alle-arets-trender","status":"publish","type":"post","link":"https:\/\/nordnesrepublikken.no\/index.php\/2025\/12\/04\/fra-pave-frans-til-gaza-alle-arets-trender\/","title":{"rendered":"fra pave Frans til Gaza, alle \u00e5rets trender"},"content":{"rendered":"<div>\n<div class=\"cp_wrapper cp_wrapper--fw mb-30 mb-20@tablet\">\n<figure class=\"mm\"><picture class=\"img\" style=\"padding-top:56.25%\"><source  media=\"(min-width: 1024px)\"><source  media=\"(min-width: 768px)\"><\/source><\/source><\/picture><\/figure>\n<\/p><\/div>\n<p>Analyserer dataene som returneres av kampanjen <strong>\u00abEt \u00e5r med forskning\u00bb<\/strong>bildet som dukker opp fra <strong>s\u00f8k gjort p\u00e5 Google i 2025 av italienere<\/strong> det er et land som er dypt knyttet til den globale virkeligheten, men som samtidig desperat s\u00f8ker stabilitet i tradisjoner og i &laquo;\u00e5 vite hvordan man gj\u00f8r ting&raquo;, spesielt p\u00e5 kj\u00f8kkenet. Mange brukere har spurt s\u00f8kemotoren for \u00e5 dekode en stadig mer fragmentert og kompleks geopolitisk virkelighet, noe som fremg\u00e5r av mange n\u00f8kkelord som f.eks. <strong>Iran<\/strong>, <strong>Gaza<\/strong> eller <strong>Charlie Kirk <\/strong>eller<strong> plikter<\/strong>. Hvis aktuelle hendelser p\u00e5 den ene siden har presset oss til \u00e5 sp\u00f8rre \u00abhvorfor\u00bb bak konflikter i Midt\u00f8sten eller beslutninger fra internasjonale ledere, p\u00e5 den andre siden har italienere f\u00f8lt behov for \u00e5 bearbeide kollektiv sorg som har markert slutten p\u00e5 en \u00e6ra, og tatt farvel med ikoniske skikkelser som f.eks. <strong>Pave Frans<\/strong> Og <strong>Pippo Baudo<\/strong>.<\/p>\n<p> <!-- SUMMARY --><\/p>\n<div class=\"cp_wrapper mb-20 mb-40@desktop\">\n<div class=\"smy\" data-sticky-btn-text=\"\">\n<p>TOPPE GOOGLE-S\u00d8K 2025 I ITALIA<\/p>\n<\/div>\n<\/div>\n<h2 id=\"cosa-hanno-cercato-gli-italiani-su-google-nel-2025\">Mellom geopolitikk og Sanremo: Google-s\u00f8k etter italienere p\u00e5 trend i 2025<\/h2>\n<p>N\u00e5r vi g\u00e5r i detalj om sp\u00f8rsm\u00e5lene som har dominert enhetene v\u00e5re, er det klart hvordan <strong>internasjonal politikk har monopolisert v\u00e5r kritiske oppmerksomhet<\/strong>. Sp\u00f8rsm\u00e5l som begynner med <strong>&laquo;Hvorfor&raquo;<\/strong> de fungerte som et utgangspunkt for \u00e5 orientere oss i intrikate krigs- og diplomatiske scenarier: vi spurte oss selv \u00e5rsakene til kryssangrepene mellom Israel, Iran og Gaza, eller motivasjonen bak Donald Trumps trekk. Samtidig har rettslige nyheter og intern sosial dynamikk i USA, som trusselen om nedleggelse av TikTok eller brannene i Los Angeles, blitt et tema for daglig diskusjon. Men internpolitikken har ogs\u00e5 stimulert v\u00e5r t\u00f8rst etter forst\u00e5else, noe som har f\u00f8rt til at vi har unders\u00f8kt betydningen av faguttrykk som \u00abkarriereseparasjon\u00bb, et juridisk begrep som ang\u00e5r skillet mellom faglige veier mellom dommere og p\u00e5talemyndigheter, eller til \u00e5 sp\u00f8rre oss selv \u00e5rsaken til mediehendelser som involverer personer som Cecilia Sala.<\/p>\n<p>2025 var imidlertid ikke bare et \u00e5r med geopolitiske analyser, men ogs\u00e5 av<strong> sterk f\u00f8lelsesmessig p\u00e5virkning knyttet til underholdningsverdenen og popkulturen<\/strong>. Italiensk musikk bekreftet sin sentralitet, med artister som Lucio Corsi, Olly og veteranene Marcella Bella og Massimo Ranieri som dominerte s\u00f8kelistene, ofte i kj\u00f8lvannet av Sanremo-festivalens evige relevans. De <strong>kino og tv-serier<\/strong> de har sett triumfen til m\u00f8rke eller historiske fortellinger: fra det dystopiske <em>Blekksprut spill<\/em> til den gotiske sjarmen til <em>Nosferatu<\/em>opp til interessen for krimnyheter dramatisert i <em>Monster: Ed Gein-historien<\/em> Og <em>Monsteret i Firenze<\/em>. Filmen vakte ogs\u00e5 spesiell interesse <em>Konklave<\/em>.<\/p>\n<p>V\u00e5r kollektive reaksjon p\u00e5 det fortjener et eget kapittel <strong>tap av store skikkelser<\/strong>. Forskningen i <strong>\u00abFarvel\u00bb-kategorien<\/strong> de viser oss et Italia som har stoppet opp for \u00e5 reflektere over forsvinningen av giganter som formet landets religi\u00f8se og TV-fantasi, som pave Frans og programlederen Pippo Baudo, og kanskje ogs\u00e5 presser oss til \u00e5 se etter spesifikke termer som &laquo;thanatopraxis&raquo;, eller settet med estetisk og konservativ omsorg gitt til kroppen til den avd\u00f8de f\u00f8r protokollen til begravelsen, trolig f\u00f8r begravelsesprotokollen. eller religi\u00f8se begravelser.<\/p>\n<h2 id=\"le-top-10-delle-ricerche-su-google-del-2025\">Rangeringen av de 10 beste Google-s\u00f8kene i 2025 i Italia: trendene<\/h2>\n<p>Nedenfor lar vi deg <strong>detalj av trends\u00f8k i Italia<\/strong> delt inn i makrokategoriene som Google fanger opp.<\/p>\n<h3 id=\"personaggi\">Personer<\/h3>\n<ol>\n<li>Lucio Corsi<\/li>\n<li>Olly<\/li>\n<li>Lorenzo Musetti<\/li>\n<li>Bianca Balti<\/li>\n<li>Jasmine Paolini<\/li>\n<li>Marcella Bella<\/li>\n<li>Serena Brancale<\/li>\n<li>Cecilia Sala<\/li>\n<li>Achille Lauro<\/li>\n<li>Brunori Sas<\/li>\n<\/ol>\n<h3 id=\"addii\">Farvel<\/h3>\n<ol>\n<li>Pave Frans<\/li>\n<li>Pippo Baudo<\/li>\n<li>Eleonora Giorgi<\/li>\n<li>Giorgio Armani<\/li>\n<li>Charlie Kirk<\/li>\n<li>Diogo Jota<\/li>\n<li>Ozzy Osbourne<\/li>\n<li>Robert Redford<\/li>\n<li>Alvaro Vitali<\/li>\n<li>Kessler tvillinger<\/li>\n<\/ol>\n<h3 id=\"serie-tv\">TV-serier<\/h3>\n<ol>\n<li><em>Monster: Ed Gein-historien<\/em><\/li>\n<li><em>Blekksprut spill<\/em><\/li>\n<li><em>Ungdomstiden<\/em><\/li>\n<li><em>M \u00c5rhundrets s\u00f8nn<\/em><\/li>\n<li><em>Leoparden<\/em><\/li>\n<li><em>Ginny og Georgia<\/em><\/li>\n<li><em>Sommer i dine \u00f8yne<\/em><\/li>\n<li><em>Monsteret i Firenze<\/em><\/li>\n<li><em>ACAB \u2013 Serien<\/em><\/li>\n<li><em>Alt jeg har<\/em><\/li>\n<\/ol>\n<h3 id=\"film\">Filmer<\/h3>\n<ol>\n<li><em>Konklave<\/em><\/li>\n<li><em>Nosferatu<\/em><\/li>\n<li><em>Anora<\/em><\/li>\n<li><em>Vanvittig<\/em><\/li>\n<li><em>Hvordan trene dragen din<\/em><\/li>\n<li><em>Brutalisten<\/em><\/li>\n<li><em>Jeg er verdens ende<\/em><\/li>\n<li><em>Thunderbolts<\/em><\/li>\n<li><em>Mikke 17<\/em><\/li>\n<li><em>Supermann<\/em><\/li>\n<\/ol>\n<h3 id=\"cantanti\">Sangere<\/h3>\n<ol>\n<li>Lucio Corsi<\/li>\n<li>Olly<\/li>\n<li>Marcella Bella<\/li>\n<li>Serena Brancale<\/li>\n<li>Achille Lauro<\/li>\n<li>Brunori Sas<\/li>\n<li>Tony Effe<\/li>\n<li>Gianni Bella<\/li>\n<li>Joan Thiele<\/li>\n<li>Massimo Ranieri<\/li>\n<\/ol>\n<h3 id=\"ricette\">Oppskrifter<\/h3>\n<ol>\n<li>napolitanske Casatiello<\/li>\n<li>p\u00e5skedue<\/li>\n<li>Egg Jova stil<\/li>\n<li>Sm\u00e5prat<\/li>\n<li>Crumbl cookies<\/li>\n<li>Squid Game kjeks<\/li>\n<li>p\u00e5skekjeks<\/li>\n<li>p\u00e5skekake<\/li>\n<li>Kastanjer<\/li>\n<li>Sjokolade salami<\/li>\n<\/ol>\n<h3 id=\"come-vestirsi\">Hvordan kle seg<\/h3>\n<ol>\n<li>Hvordan kle seg til p\u00e5ske?<\/li>\n<li>Hvordan kle seg til en f\u00f8rste nattverd?<\/li>\n<li>Hvordan kle seg til et bryllup?<\/li>\n<li>Hvordan kle seg til karneval?<\/li>\n<li>Hvordan kle seg for \u00e5 g\u00e5 til sn\u00f8en?<\/li>\n<li>Hvordan kle seg om v\u00e5ren?<\/li>\n<li>Hvordan kle seg i London i mars?<\/li>\n<li>Hvordan kle seg til en begravelse?<\/li>\n<li>Hvordan kle seg ved 50 for \u00e5 se yngre ut?<\/li>\n<li>Hvordan kle seg til MOC?<\/li>\n<\/ol>\n<h3 id=\"perche\">Hvorfor?<\/h3>\n<ol>\n<li>Hvorfor angrep Israel Iran?<\/li>\n<li>Hvorfor Leo XIV?<\/li>\n<li>Hvorfor g\u00e5r ikke Olly p\u00e5 Eurovision?<\/li>\n<li>Hvorfor angrep Trump Iran?<\/li>\n<li>Hvorfor stenger The Couple?<\/li>\n<li>Hvorfor brenner Los Angeles?<\/li>\n<li>Hvorfor angriper Israel Gaza?<\/li>\n<li>Hvorfor sitter Sarkozy i fengsel?<\/li>\n<li>Hvorfor ble Cecilia Sala arrestert?<\/li>\n<li>Hvorfor stenger Tiktok i Amerika?<\/li>\n<\/ol>\n<h3 id=\"cosa-significa\">Hva betyr det?<\/h3>\n<ol>\n<li>Hva betyr parafili?<\/li>\n<li>Hva betyr karriereseparasjon?<\/li>\n<li>Hva betyr synshemmede?<\/li>\n<li>Hva betyr Augustinian?<\/li>\n<li>Hva betyr ACAB?<\/li>\n<li>Hva betyr &#8216;Si na pret&#8217;?<\/li>\n<li>Hva betyr Cubiculario?<\/li>\n<li>Hva betyr Amarcord?<\/li>\n<li>Hva betyr sengr\u00e5tne?<\/li>\n<li>Hva betyr &laquo;Trump-tariffer&raquo;?<\/li>\n<\/ol>\n<h3 id=\"testo\">Musikalske tekster<\/h3>\n<ol>\n<li><em>Jeg ville v\u00e6re t\u00f8ff<\/em><\/li>\n<li><em>Dum nostalgi<\/em><\/li>\n<li><em>Cr\u00eauza de m\u00e4<\/em><\/li>\n<li><em>Bevisstl\u00f8se unge mennesker<\/em><\/li>\n<li><em>Sl\u00e5<\/em><\/li>\n<li><em>Kuren for meg<\/em><\/li>\n<li><em>N\u00e5r du er liten<\/em><\/li>\n<li><em>Sm\u00e5 hjerter<\/em><\/li>\n<li><em>Fin tispe<\/em><\/li>\n<li><em>Valn\u00f8tttreet<\/em><\/li>\n<\/ol>\n<h3 id=\"come-si-fa\">Hvordan gj\u00f8res det?<\/h3>\n<ol>\n<li>Hvordan lages gr\u00f8t?<\/li>\n<li>Hvordan gj\u00f8res thanatopraxi?<\/li>\n<li>Hvordan utf\u00f8res abdominal vakuum?<\/li>\n<li>Hvordan tar du et skjermbilde p\u00e5 PC-en?<\/li>\n<li>Hvordan er actionfiguren laget?<\/li>\n<li>Hvordan lages iskaffe?<\/li>\n<li>Hvordan gj\u00f8res t\u00f8rrb\u00f8rsting?<\/li>\n<li>Hvordan lages napolitansk casatiello?<\/li>\n<li>Hvordan lages bl\u00e5skjellsuppe?<\/li>\n<li>Hvordan gj\u00f8res en koloskopi?<\/li>\n<\/ol>\n<h3 id=\"come-fare-in-cucina\">Hvordan gj\u00f8re det (p\u00e5 kj\u00f8kkenet)?<\/h3>\n<ol>\n<li>Hvordan sm\u00e5prate?<\/li>\n<li>Hvordan lage saltet kapers?<\/li>\n<li>Hvordan lage kefir hjemme?<\/li>\n<li>Hvordan lage guacamole?<\/li>\n<li>Hvordan lage s\u00f8tpoteter?<\/li>\n<li>Hvordan lage en casatiello?<\/li>\n<li>Hvordan lage pastiera?<\/li>\n<li>Hvordan lage hjemmelaget bechamel?<\/li>\n<li>Hvordan lage kylling?<\/li>\n<li>Hvordan lage pasta og linser?<\/li>\n<\/ol><\/div>\n","protected":false},"excerpt":{"rendered":"<p>Analyserer dataene som returneres av kampanjen \u00abEt \u00e5r med forskning\u00bbbildet som dukker opp fra s\u00f8k<\/p>\n","protected":false},"author":1,"featured_media":12461,"comment_status":"closed","ping_status":"open","sticky":false,"template":"","format":"standard","meta":{"footnotes":""},"categories":[25],"tags":[1515,6914,125,8199,85,1492,117,8200],"class_list":["post-12460","post","type-post","status-publish","format-standard","has-post-thumbnail","hentry","category-teknologi","tag-alle","tag-arets","tag-fra","tag-frans","tag-gaza","tag-pave","tag-til","tag-trender","generate-columns","tablet-grid-50","mobile-grid-100","grid-parent","grid-33","resize-featured-image"],"yoast_head":"<!-- This site is optimized with the Yoast SEO plugin v24.4 - https:\/\/yoast.com\/wordpress\/plugins\/seo\/ -->\n<title>fra pave Frans til Gaza, alle \u00e5rets trender - Nordnesrepublikken<\/title>\n<meta name=\"robots\" content=\"index, follow, max-snippet:-1, max-image-preview:large, max-video-preview:-1\" \/>\n<link rel=\"canonical\" href=\"https:\/\/nordnesrepublikken.no\/index.php\/2025\/12\/04\/fra-pave-frans-til-gaza-alle-arets-trender\/\" \/>\n<meta property=\"og:locale\" content=\"nb_NO\" \/>\n<meta property=\"og:type\" content=\"article\" \/>\n<meta property=\"og:title\" content=\"fra pave Frans til Gaza, alle \u00e5rets trender - Nordnesrepublikken\" \/>\n<meta property=\"og:description\" content=\"Analyserer dataene som returneres av kampanjen \u00abEt \u00e5r med forskning\u00bbbildet som dukker opp fra s\u00f8k\" \/>\n<meta property=\"og:url\" content=\"https:\/\/nordnesrepublikken.no\/index.php\/2025\/12\/04\/fra-pave-frans-til-gaza-alle-arets-trender\/\" \/>\n<meta property=\"og:site_name\" content=\"Nordnesrepublikken\" \/>\n<meta property=\"article:published_time\" content=\"2025-12-04T16:50:36+00:00\" \/>\n<meta property=\"article:modified_time\" content=\"2025-12-04T16:50:39+00:00\" \/>\n<meta property=\"og:image\" content=\"https:\/\/nordnesrepublikken.no\/wp-content\/uploads\/2025\/12\/1764867038_fra-pave-Frans-til-Gaza-alle-arets-trender.jpg\" \/>\n\t<meta property=\"og:image:width\" content=\"1200\" \/>\n\t<meta property=\"og:image:height\" content=\"678\" \/>\n\t<meta property=\"og:image:type\" content=\"image\/jpeg\" \/>\n<meta name=\"author\" content=\"Ole Andersen\" \/>\n<meta name=\"twitter:card\" content=\"summary_large_image\" \/>\n<meta name=\"twitter:label1\" content=\"Skrevet av\" \/>\n\t<meta name=\"twitter:data1\" content=\"Ole Andersen\" \/>\n\t<meta name=\"twitter:label2\" content=\"Ansl. lesetid\" \/>\n\t<meta name=\"twitter:data2\" content=\"5 minutter\" \/>\n<script type=\"application\/ld+json\" class=\"yoast-schema-graph\">{\"@context\":\"https:\/\/schema.org\",\"@graph\":[{\"@type\":\"Article\",\"@id\":\"https:\/\/nordnesrepublikken.no\/index.php\/2025\/12\/04\/fra-pave-frans-til-gaza-alle-arets-trender\/#article\",\"isPartOf\":{\"@id\":\"https:\/\/nordnesrepublikken.no\/index.php\/2025\/12\/04\/fra-pave-frans-til-gaza-alle-arets-trender\/\"},\"author\":{\"name\":\"Ole Andersen\",\"@id\":\"https:\/\/nordnesrepublikken.no\/#\/schema\/person\/2e7e81935bab77882fffb79296240ff1\"},\"headline\":\"fra pave Frans til Gaza, alle \u00e5rets trender\",\"datePublished\":\"2025-12-04T16:50:36+00:00\",\"dateModified\":\"2025-12-04T16:50:39+00:00\",\"mainEntityOfPage\":{\"@id\":\"https:\/\/nordnesrepublikken.no\/index.php\/2025\/12\/04\/fra-pave-frans-til-gaza-alle-arets-trender\/\"},\"wordCount\":939,\"publisher\":{\"@id\":\"https:\/\/nordnesrepublikken.no\/#organization\"},\"image\":{\"@id\":\"https:\/\/nordnesrepublikken.no\/index.php\/2025\/12\/04\/fra-pave-frans-til-gaza-alle-arets-trender\/#primaryimage\"},\"thumbnailUrl\":\"https:\/\/nordnesrepublikken.no\/wp-content\/uploads\/2025\/12\/1764867038_fra-pave-Frans-til-Gaza-alle-arets-trender.jpg\",\"keywords\":[\"alle\",\"\u00e5rets\",\"fra\",\"Frans\",\"Gaza\",\"pave\",\"til\",\"trender\"],\"articleSection\":[\"Teknologi\"],\"inLanguage\":\"nb-NO\"},{\"@type\":\"WebPage\",\"@id\":\"https:\/\/nordnesrepublikken.no\/index.php\/2025\/12\/04\/fra-pave-frans-til-gaza-alle-arets-trender\/\",\"url\":\"https:\/\/nordnesrepublikken.no\/index.php\/2025\/12\/04\/fra-pave-frans-til-gaza-alle-arets-trender\/\",\"name\":\"fra pave Frans til Gaza, alle \u00e5rets trender - Nordnesrepublikken\",\"isPartOf\":{\"@id\":\"https:\/\/nordnesrepublikken.no\/#website\"},\"primaryImageOfPage\":{\"@id\":\"https:\/\/nordnesrepublikken.no\/index.php\/2025\/12\/04\/fra-pave-frans-til-gaza-alle-arets-trender\/#primaryimage\"},\"image\":{\"@id\":\"https:\/\/nordnesrepublikken.no\/index.php\/2025\/12\/04\/fra-pave-frans-til-gaza-alle-arets-trender\/#primaryimage\"},\"thumbnailUrl\":\"https:\/\/nordnesrepublikken.no\/wp-content\/uploads\/2025\/12\/1764867038_fra-pave-Frans-til-Gaza-alle-arets-trender.jpg\",\"datePublished\":\"2025-12-04T16:50:36+00:00\",\"dateModified\":\"2025-12-04T16:50:39+00:00\",\"breadcrumb\":{\"@id\":\"https:\/\/nordnesrepublikken.no\/index.php\/2025\/12\/04\/fra-pave-frans-til-gaza-alle-arets-trender\/#breadcrumb\"},\"inLanguage\":\"nb-NO\",\"potentialAction\":[{\"@type\":\"ReadAction\",\"target\":[\"https:\/\/nordnesrepublikken.no\/index.php\/2025\/12\/04\/fra-pave-frans-til-gaza-alle-arets-trender\/\"]}]},{\"@type\":\"ImageObject\",\"inLanguage\":\"nb-NO\",\"@id\":\"https:\/\/nordnesrepublikken.no\/index.php\/2025\/12\/04\/fra-pave-frans-til-gaza-alle-arets-trender\/#primaryimage\",\"url\":\"https:\/\/nordnesrepublikken.no\/wp-content\/uploads\/2025\/12\/1764867038_fra-pave-Frans-til-Gaza-alle-arets-trender.jpg\",\"contentUrl\":\"https:\/\/nordnesrepublikken.no\/wp-content\/uploads\/2025\/12\/1764867038_fra-pave-Frans-til-Gaza-alle-arets-trender.jpg\",\"width\":1200,\"height\":678,\"caption\":\"fra pave Frans til Gaza, alle \u00e5rets trender\"},{\"@type\":\"BreadcrumbList\",\"@id\":\"https:\/\/nordnesrepublikken.no\/index.php\/2025\/12\/04\/fra-pave-frans-til-gaza-alle-arets-trender\/#breadcrumb\",\"itemListElement\":[{\"@type\":\"ListItem\",\"position\":1,\"name\":\"Home\",\"item\":\"https:\/\/nordnesrepublikken.no\/\"},{\"@type\":\"ListItem\",\"position\":2,\"name\":\"fra pave Frans til Gaza, alle \u00e5rets trender\"}]},{\"@type\":\"WebSite\",\"@id\":\"https:\/\/nordnesrepublikken.no\/#website\",\"url\":\"https:\/\/nordnesrepublikken.no\/\",\"name\":\"Nordnesrepublikken\",\"description\":\"Stemmer og Visjoner fra Republikkens Hjerte\",\"publisher\":{\"@id\":\"https:\/\/nordnesrepublikken.no\/#organization\"},\"potentialAction\":[{\"@type\":\"SearchAction\",\"target\":{\"@type\":\"EntryPoint\",\"urlTemplate\":\"https:\/\/nordnesrepublikken.no\/?s={search_term_string}\"},\"query-input\":{\"@type\":\"PropertyValueSpecification\",\"valueRequired\":true,\"valueName\":\"search_term_string\"}}],\"inLanguage\":\"nb-NO\"},{\"@type\":\"Organization\",\"@id\":\"https:\/\/nordnesrepublikken.no\/#organization\",\"name\":\"Nordnesrepublikken\",\"url\":\"https:\/\/nordnesrepublikken.no\/\",\"logo\":{\"@type\":\"ImageObject\",\"inLanguage\":\"nb-NO\",\"@id\":\"https:\/\/nordnesrepublikken.no\/#\/schema\/logo\/image\/\",\"url\":\"https:\/\/nordnesrepublikken.no\/wp-content\/uploads\/2025\/02\/cropped-nordnesrepublikken-2.png\",\"contentUrl\":\"https:\/\/nordnesrepublikken.no\/wp-content\/uploads\/2025\/02\/cropped-nordnesrepublikken-2.png\",\"width\":1248,\"height\":362,\"caption\":\"Nordnesrepublikken\"},\"image\":{\"@id\":\"https:\/\/nordnesrepublikken.no\/#\/schema\/logo\/image\/\"}},{\"@type\":\"Person\",\"@id\":\"https:\/\/nordnesrepublikken.no\/#\/schema\/person\/2e7e81935bab77882fffb79296240ff1\",\"name\":\"Ole Andersen\",\"image\":{\"@type\":\"ImageObject\",\"inLanguage\":\"nb-NO\",\"@id\":\"https:\/\/nordnesrepublikken.no\/#\/schema\/person\/image\/\",\"url\":\"https:\/\/nordnesrepublikken.no\/wp-content\/uploads\/2025\/02\/nordnesrepublikken-2-2-150x150.jpg\",\"contentUrl\":\"https:\/\/nordnesrepublikken.no\/wp-content\/uploads\/2025\/02\/nordnesrepublikken-2-2-150x150.jpg\",\"caption\":\"Ole Andersen\"},\"description\":\"Ettersom jeg vokste opp i Oslo, har jeg alltid v\u00e6rt fascinert av ordenes kraft og deres evne til \u00e5 skape endringer. Etter \u00e5 ha fullf\u00f8rt min utdannelse i kommunikasjon ved Universitetet i Bergen, fikk jeg muligheten til \u00e5 jobbe innen ulike medier, der jeg har s\u00f8kt \u00e5 belyse viktige samfunnssp\u00f8rsm\u00e5l. I dag, som redakt\u00f8r for Nordnesrepublikken, pr\u00f8ver jeg \u00e5 forene min kj\u00e6rlighet for journalistikk med min lidenskap for innovasjon og eventyr.\",\"sameAs\":[\"https:\/\/nordnesrepublikken.no\/\"]}]}<\/script>\n<!-- \/ Yoast SEO plugin. -->","yoast_head_json":{"title":"fra pave Frans til Gaza, alle \u00e5rets trender - Nordnesrepublikken","robots":{"index":"index","follow":"follow","max-snippet":"max-snippet:-1","max-image-preview":"max-image-preview:large","max-video-preview":"max-video-preview:-1"},"canonical":"https:\/\/nordnesrepublikken.no\/index.php\/2025\/12\/04\/fra-pave-frans-til-gaza-alle-arets-trender\/","og_locale":"nb_NO","og_type":"article","og_title":"fra pave Frans til Gaza, alle \u00e5rets trender - Nordnesrepublikken","og_description":"Analyserer dataene som returneres av kampanjen \u00abEt \u00e5r med forskning\u00bbbildet som dukker opp fra s\u00f8k","og_url":"https:\/\/nordnesrepublikken.no\/index.php\/2025\/12\/04\/fra-pave-frans-til-gaza-alle-arets-trender\/","og_site_name":"Nordnesrepublikken","article_published_time":"2025-12-04T16:50:36+00:00","article_modified_time":"2025-12-04T16:50:39+00:00","og_image":[{"width":1200,"height":678,"url":"https:\/\/nordnesrepublikken.no\/wp-content\/uploads\/2025\/12\/1764867038_fra-pave-Frans-til-Gaza-alle-arets-trender.jpg","type":"image\/jpeg"}],"author":"Ole Andersen","twitter_card":"summary_large_image","twitter_misc":{"Skrevet av":"Ole Andersen","Ansl. lesetid":"5 minutter"},"schema":{"@context":"https:\/\/schema.org","@graph":[{"@type":"Article","@id":"https:\/\/nordnesrepublikken.no\/index.php\/2025\/12\/04\/fra-pave-frans-til-gaza-alle-arets-trender\/#article","isPartOf":{"@id":"https:\/\/nordnesrepublikken.no\/index.php\/2025\/12\/04\/fra-pave-frans-til-gaza-alle-arets-trender\/"},"author":{"name":"Ole Andersen","@id":"https:\/\/nordnesrepublikken.no\/#\/schema\/person\/2e7e81935bab77882fffb79296240ff1"},"headline":"fra pave Frans til Gaza, alle \u00e5rets trender","datePublished":"2025-12-04T16:50:36+00:00","dateModified":"2025-12-04T16:50:39+00:00","mainEntityOfPage":{"@id":"https:\/\/nordnesrepublikken.no\/index.php\/2025\/12\/04\/fra-pave-frans-til-gaza-alle-arets-trender\/"},"wordCount":939,"publisher":{"@id":"https:\/\/nordnesrepublikken.no\/#organization"},"image":{"@id":"https:\/\/nordnesrepublikken.no\/index.php\/2025\/12\/04\/fra-pave-frans-til-gaza-alle-arets-trender\/#primaryimage"},"thumbnailUrl":"https:\/\/nordnesrepublikken.no\/wp-content\/uploads\/2025\/12\/1764867038_fra-pave-Frans-til-Gaza-alle-arets-trender.jpg","keywords":["alle","\u00e5rets","fra","Frans","Gaza","pave","til","trender"],"articleSection":["Teknologi"],"inLanguage":"nb-NO"},{"@type":"WebPage","@id":"https:\/\/nordnesrepublikken.no\/index.php\/2025\/12\/04\/fra-pave-frans-til-gaza-alle-arets-trender\/","url":"https:\/\/nordnesrepublikken.no\/index.php\/2025\/12\/04\/fra-pave-frans-til-gaza-alle-arets-trender\/","name":"fra pave Frans til Gaza, alle \u00e5rets trender - Nordnesrepublikken","isPartOf":{"@id":"https:\/\/nordnesrepublikken.no\/#website"},"primaryImageOfPage":{"@id":"https:\/\/nordnesrepublikken.no\/index.php\/2025\/12\/04\/fra-pave-frans-til-gaza-alle-arets-trender\/#primaryimage"},"image":{"@id":"https:\/\/nordnesrepublikken.no\/index.php\/2025\/12\/04\/fra-pave-frans-til-gaza-alle-arets-trender\/#primaryimage"},"thumbnailUrl":"https:\/\/nordnesrepublikken.no\/wp-content\/uploads\/2025\/12\/1764867038_fra-pave-Frans-til-Gaza-alle-arets-trender.jpg","datePublished":"2025-12-04T16:50:36+00:00","dateModified":"2025-12-04T16:50:39+00:00","breadcrumb":{"@id":"https:\/\/nordnesrepublikken.no\/index.php\/2025\/12\/04\/fra-pave-frans-til-gaza-alle-arets-trender\/#breadcrumb"},"inLanguage":"nb-NO","potentialAction":[{"@type":"ReadAction","target":["https:\/\/nordnesrepublikken.no\/index.php\/2025\/12\/04\/fra-pave-frans-til-gaza-alle-arets-trender\/"]}]},{"@type":"ImageObject","inLanguage":"nb-NO","@id":"https:\/\/nordnesrepublikken.no\/index.php\/2025\/12\/04\/fra-pave-frans-til-gaza-alle-arets-trender\/#primaryimage","url":"https:\/\/nordnesrepublikken.no\/wp-content\/uploads\/2025\/12\/1764867038_fra-pave-Frans-til-Gaza-alle-arets-trender.jpg","contentUrl":"https:\/\/nordnesrepublikken.no\/wp-content\/uploads\/2025\/12\/1764867038_fra-pave-Frans-til-Gaza-alle-arets-trender.jpg","width":1200,"height":678,"caption":"fra pave Frans til Gaza, alle \u00e5rets trender"},{"@type":"BreadcrumbList","@id":"https:\/\/nordnesrepublikken.no\/index.php\/2025\/12\/04\/fra-pave-frans-til-gaza-alle-arets-trender\/#breadcrumb","itemListElement":[{"@type":"ListItem","position":1,"name":"Home","item":"https:\/\/nordnesrepublikken.no\/"},{"@type":"ListItem","position":2,"name":"fra pave Frans til Gaza, alle \u00e5rets trender"}]},{"@type":"WebSite","@id":"https:\/\/nordnesrepublikken.no\/#website","url":"https:\/\/nordnesrepublikken.no\/","name":"Nordnesrepublikken","description":"Stemmer og Visjoner fra Republikkens Hjerte","publisher":{"@id":"https:\/\/nordnesrepublikken.no\/#organization"},"potentialAction":[{"@type":"SearchAction","target":{"@type":"EntryPoint","urlTemplate":"https:\/\/nordnesrepublikken.no\/?s={search_term_string}"},"query-input":{"@type":"PropertyValueSpecification","valueRequired":true,"valueName":"search_term_string"}}],"inLanguage":"nb-NO"},{"@type":"Organization","@id":"https:\/\/nordnesrepublikken.no\/#organization","name":"Nordnesrepublikken","url":"https:\/\/nordnesrepublikken.no\/","logo":{"@type":"ImageObject","inLanguage":"nb-NO","@id":"https:\/\/nordnesrepublikken.no\/#\/schema\/logo\/image\/","url":"https:\/\/nordnesrepublikken.no\/wp-content\/uploads\/2025\/02\/cropped-nordnesrepublikken-2.png","contentUrl":"https:\/\/nordnesrepublikken.no\/wp-content\/uploads\/2025\/02\/cropped-nordnesrepublikken-2.png","width":1248,"height":362,"caption":"Nordnesrepublikken"},"image":{"@id":"https:\/\/nordnesrepublikken.no\/#\/schema\/logo\/image\/"}},{"@type":"Person","@id":"https:\/\/nordnesrepublikken.no\/#\/schema\/person\/2e7e81935bab77882fffb79296240ff1","name":"Ole Andersen","image":{"@type":"ImageObject","inLanguage":"nb-NO","@id":"https:\/\/nordnesrepublikken.no\/#\/schema\/person\/image\/","url":"https:\/\/nordnesrepublikken.no\/wp-content\/uploads\/2025\/02\/nordnesrepublikken-2-2-150x150.jpg","contentUrl":"https:\/\/nordnesrepublikken.no\/wp-content\/uploads\/2025\/02\/nordnesrepublikken-2-2-150x150.jpg","caption":"Ole Andersen"},"description":"Ettersom jeg vokste opp i Oslo, har jeg alltid v\u00e6rt fascinert av ordenes kraft og deres evne til \u00e5 skape endringer. Etter \u00e5 ha fullf\u00f8rt min utdannelse i kommunikasjon ved Universitetet i Bergen, fikk jeg muligheten til \u00e5 jobbe innen ulike medier, der jeg har s\u00f8kt \u00e5 belyse viktige samfunnssp\u00f8rsm\u00e5l. I dag, som redakt\u00f8r for Nordnesrepublikken, pr\u00f8ver jeg \u00e5 forene min kj\u00e6rlighet for journalistikk med min lidenskap for innovasjon og eventyr.","sameAs":["https:\/\/nordnesrepublikken.no\/"]}]}},"_links":{"self":[{"href":"https:\/\/nordnesrepublikken.no\/index.php\/wp-json\/wp\/v2\/posts\/12460","targetHints":{"allow":["GET"]}}],"collection":[{"href":"https:\/\/nordnesrepublikken.no\/index.php\/wp-json\/wp\/v2\/posts"}],"about":[{"href":"https:\/\/nordnesrepublikken.no\/index.php\/wp-json\/wp\/v2\/types\/post"}],"author":[{"embeddable":true,"href":"https:\/\/nordnesrepublikken.no\/index.php\/wp-json\/wp\/v2\/users\/1"}],"replies":[{"embeddable":true,"href":"https:\/\/nordnesrepublikken.no\/index.php\/wp-json\/wp\/v2\/comments?post=12460"}],"version-history":[{"count":1,"href":"https:\/\/nordnesrepublikken.no\/index.php\/wp-json\/wp\/v2\/posts\/12460\/revisions"}],"predecessor-version":[{"id":12462,"href":"https:\/\/nordnesrepublikken.no\/index.php\/wp-json\/wp\/v2\/posts\/12460\/revisions\/12462"}],"wp:featuredmedia":[{"embeddable":true,"href":"https:\/\/nordnesrepublikken.no\/index.php\/wp-json\/wp\/v2\/media\/12461"}],"wp:attachment":[{"href":"https:\/\/nordnesrepublikken.no\/index.php\/wp-json\/wp\/v2\/media?parent=12460"}],"wp:term":[{"taxonomy":"category","embeddable":true,"href":"https:\/\/nordnesrepublikken.no\/index.php\/wp-json\/wp\/v2\/categories?post=12460"},{"taxonomy":"post_tag","embeddable":true,"href":"https:\/\/nordnesrepublikken.no\/index.php\/wp-json\/wp\/v2\/tags?post=12460"}],"curies":[{"name":"wp","href":"https:\/\/api.w.org\/{rel}","templated":true}]}}