{"id":12451,"date":"2025-12-04T15:51:14","date_gmt":"2025-12-04T14:51:14","guid":{"rendered":"https:\/\/nordnesrepublikken.no\/index.php\/2025\/12\/04\/kjore-reise-hjem-til-jul-fra-spania-trafikk-flyplasskoer-og-viktige-rad-for-utlendinger\/"},"modified":"2025-12-04T15:51:17","modified_gmt":"2025-12-04T14:51:17","slug":"kjore-reise-hjem-til-jul-fra-spania-trafikk-flyplasskoer-og-viktige-rad-for-utlendinger","status":"publish","type":"post","link":"https:\/\/nordnesrepublikken.no\/index.php\/2025\/12\/04\/kjore-reise-hjem-til-jul-fra-spania-trafikk-flyplasskoer-og-viktige-rad-for-utlendinger\/","title":{"rendered":"Kj\u00f8re (reise) hjem til jul, fra Spania? Trafikk, flyplassk\u00f8er og viktige r\u00e5d for utlendinger"},"content":{"rendered":"<p><\/p>\n<div class=\"wordpress-content\">\n                    <!-- Article Start --><\/p>\n<p>Hvis du forbereder deg <strong>reise hjem til jul<\/strong>husk at Spanias transportnettverk g\u00e5r inn i en av sine travleste perioder. I fjor ble <em>Direcci\u00f3n General de Tr\u00e1fico <\/em>(DGT) sp\u00e5dde mer enn 20 millioner veireiser mellom 20. desember og 6. januar. S\u00e5 langt i \u00e5r varsler de <strong>Det forventes 5,7 millioner reiser for langhelgen for grunnlovsfri unnfangelse.<\/strong><\/p>\n<p>Samtidig h\u00e5ndterer Aena lufthavner rekordh\u00f8ye passasjerer. I fjor, <strong>309,3 millioner reisende<\/strong> gikk gjennom spanske terminaler, en \u00f8kning p\u00e5 9,2 prosent fra \u00e5ret f\u00f8r (\u00e5rstall fra Aena). Til <strong>Utvandrere til Storbritannia fra Spania<\/strong>dette betyr overfylte terminaler, lengre k\u00f8er og stor mulighet for forsinkelser rundt den festlige toppen.<\/p>\n<h2><strong>Spanias veier ved juletider: Hva DGT forventer<\/strong><\/h2>\n<p>DGT-ene <em>Operaci\u00f3n Especial Navidad<\/em> spenner fra 20. desember til 6. januar, og dekker jul, nytt\u00e5r og tre konger. Fjor\u00e5rets kampanje registrert <strong>20,8 millioner reiser<\/strong>overstiger sp\u00e5dommer. Tragisk nok, <strong>51 mennesker d\u00f8de<\/strong> i 48 d\u00f8dsulykker i perioden (DGT ulykkesbulletin).<\/p>\n<div class=\"sra_unit\"><link rel=\"stylesheet\" id=\"block-sra\" href=\"https:\/\/euroweeklynews.com\/wp-content\/plugins\/snack-related-articles\/dist\/css\/snack-related.min.css?250312-193541\" type=\"text\/css\" media=\"all\">\n<\/div>\n<h2><strong>Verste reisetider over langhelgen i Spania (Constitution-Immaculate Conception, 2025)<\/strong><\/h2>\n<p>I f\u00f8lge en offisiell pressemelding <strong>travleste reisevinduene<\/strong> vil v\u00e6re:<\/p>\n<p><strong>Fredag \u200b\u200b5. desember<\/strong><\/p>\n<ul>\n<li>Tyngst trafikk ventet 17.00\u201322.00.<\/li>\n<li>Hovedoverbelastning i l\u00f8pet av ettermiddagen n\u00e5r folk begynner langhelgen.<\/li>\n<\/ul>\n<p><strong>L\u00f8rdag 6. desember (helligdag)<\/strong><\/p>\n<ul>\n<li>Det er ventet stor trafikk kl 10\u201314.<\/li>\n<li>Mange korte turer til fritids-, underholdnings- og shoppingomr\u00e5der i n\u00e6rheten av bysentre.<\/li>\n<\/ul>\n<p><strong>S\u00f8ndag 7. desember<\/strong><\/p>\n<ul>\n<li>Tung utg\u00e5ende trafikk fra st\u00f8rre bysentre om morgenen og middag.<\/li>\n<li>Returtrafikk forventes tidlig p\u00e5 ettermiddagen.<\/li>\n<\/ul>\n<p><strong>Mandag 8. desember<\/strong><\/p>\n<ul>\n<li>Betydelig returtrafikk starter tidlig p\u00e5 ettermiddagen.<\/li>\n<li>H\u00f8ye volumer forventes p\u00e5:\n<ul>\n<li>Store motorveier og to kj\u00f8rebaner<\/li>\n<li>Veier som f\u00f8rer tilbake fra fjell- og fritidsomr\u00e5der<\/li>\n<\/ul>\n<\/li>\n<li>Senere p\u00e5 dagen vil k\u00f8en flytte seg til adkomstveier som kommer inn i store bysentre.<\/li>\n<\/ul>\n<h2><strong>Verste reisetider over jul i Spania<\/strong><\/h2>\n<ul>\n<li><strong>22.\u201323. desember (18.00\u201321.00)<\/strong><\/li>\n<li><strong>29. desember (18.00\u201321.00)<\/strong><\/li>\n<li><strong>5. januar (19:00\u201321:00)<\/strong><\/li>\n<li><strong>L\u00f8rdag morgen (10:00\u201313:00)<\/strong><\/li>\n<\/ul>\n<h2><strong>Roligere perioder \u00e5 reise over julen i Spania<\/strong><\/h2>\n<ul>\n<li><strong>Tidlig morgen (07:00\u201310:00)<\/strong><\/li>\n<li><strong>juledag<\/strong><\/li>\n<li><strong>26. desember<\/strong><\/li>\n<li><strong>Midtukereise.<\/strong><\/li>\n<\/ul>\n<h2><strong>Ulykkes hotspots i Spania<\/strong><\/h2>\n<p>Mange ulykker skjer p\u00e5 enkj\u00f8rte riksveier:<\/p>\n<ul>\n<li>Madrid\u2013Valencia (A-3\/N-III) \u2013 t\u00e5ke og tung lastebiltrafikk<\/li>\n<li>AP-7\/N-340 Middelhavskorridor \u2013 overbelastning og kj\u00f8refelt sl\u00e5s sammen<\/li>\n<li>Costa del Sol kyst N-veier \u2013 h\u00f8y lokal trafikktetthet<\/li>\n<\/ul>\n<p>Hvis du kj\u00f8rer nordover eller mot flyplasser, v\u00e6r forsiktig med Monrep\u00f3s-passet i Huesca, som ofte ser h\u00f8y trafikk og hyppige sn\u00f8varsler.<\/p>\n<h2><strong>Grensel\u00e5s i sentrum i Spania<\/strong><\/h2>\n<p>Overbelastning i byene er ogs\u00e5 en utfordring. Malaga, for eksempel, har utplassert mer enn 10 000 ekstra timer med juletrafikk og publikumskontroll p\u00e5 grunn av populariteten til Calle Larios lysshow.<\/p>\n<p>Hvis du kj\u00f8rer inn til byen f\u00f8r du rekker et fly, sett av ekstra tid eller bytt til offentlig transport.<\/p>\n<h2><strong>Fly tilbake til Storbritannia til jul: Hva utvandrere i Spania kan forvente<\/strong><\/h2>\n<p>Flyreiser mellom Spania og Storbritannia er blant Europas travleste juleruter, spesielt mellom 20.-24. desember, 27.-30. desember og 2.-6. januar.<\/p>\n<p>Disse periodene stemmer overens med DGTs &laquo;ugunstige&raquo; trafikktider, noe som betyr at veier til flyplasser, parkeringsplasser og avleveringssoner kan v\u00e6re overfylte.<\/p>\n<h2><strong>Lengre k\u00f8er p\u00e5 spanske flyplasser i julen<\/strong><\/h2>\n<p>Reisende til Storbritannia b\u00f8r forberede seg p\u00e5:<\/p>\n<ul>\n<li>30\u201360 minutters k\u00f8 ved vakthold i h\u00f8ye perioder<\/li>\n<li>Forsinkelser i passkontrollen<\/li>\n<\/ul>\n<p>En nylig sikkerhetstvist i Madrid-Barajas ga timelange k\u00f8er, med noen passasjerer som savnet fly (VisaHQ-rapport).<\/p>\n<h2><strong>Flyplassspesifikke forventninger til flyreiser i Storbritannia<\/strong><\/h2>\n<table>\n<thead>\n<tr>\n<td><strong>Flyplass<\/strong><\/td>\n<td><strong>N\u00f8kkelpunkter for reisende i Storbritannia<\/strong><\/td>\n<\/tr>\n<\/thead>\n<tbody>\n<tr>\n<td><strong>Madrid-Barajas (MAD)<\/strong><\/td>\n<td>St\u00f8rste knutepunkt i Storbritannia; tillat 3\u20134 timer f\u00f8r avgang. Trolig trengsel.<\/td>\n<\/tr>\n<tr>\n<td><strong>Barcelona-El Prat (BCN)<\/strong><\/td>\n<td>Topplast for britiske lavprisselskaper. Passk\u00f8ene varierer 15\u201360 minutter.<\/td>\n<\/tr>\n<tr>\n<td><strong>M\u00e1laga (AGP)<\/strong><\/td>\n<td>En av de travleste korridorene mellom Storbritannia og Spania; forvent 30\u201345 minutter ved sikkerhet.<\/td>\n<\/tr>\n<tr>\n<td><strong>Alicante (ALC)<\/strong><\/td>\n<td>UK-flyvninger grupperer seg i b\u00f8lger; sikkerhetsk\u00f8er dukker plutselig opp.<\/td>\n<\/tr>\n<tr>\n<td><strong>Palma (PMI)<\/strong><\/td>\n<td>Tung familietrafikk; morgenavganger til Storbritannia er jevnere.<\/td>\n<\/tr>\n<tr>\n<td><strong>Kanari\u00f8yene<\/strong><\/td>\n<td>V\u00e6rforstyrrelser kan p\u00e5virke flyreiser til Storbritannia.<\/td>\n<\/tr>\n<\/tbody>\n<\/table>\n<p>For nylige endringer som p\u00e5virker passsjekker, spesielt med EUs inn-\/utreisesystem, se v\u00e5r siste forklaring:<br \/>\n<strong>K\u00f8er, skanninger og stempler: hvorfor briter med en TIE ikke trenger \u00e5 spille EES-spillet<\/strong>.<\/p>\n<h2><strong>Sjekkliste: Reiser tilbake til Storbritannia fra Spania denne julen<\/strong><\/h2>\n<p><strong>F\u00f8r reisen:<\/strong><\/p>\n<ul>\n<li>Sjekk DGT-varsler for ruten til flyplassen din<\/li>\n<li>Tillat ekstra tid for overbelastning i sentrum<\/li>\n<li>Bekreft britiske bagasjeregler<\/li>\n<li>Ha med ladere, medisiner og n\u00f8dvendigheter i h\u00e5ndbagasjen<\/li>\n<\/ul>\n<p><strong>P\u00e5 flyplassen:<\/strong><\/p>\n<ul>\n<li>Ankom 3\u20134 timer for tidlig for britiske flyreiser fra Madrid\/Barcelona<\/li>\n<li>Ankom 2,5\u20133 timer for tidlig fra M\u00e1laga\/Alicante\/Palma<\/li>\n<li>Bruk Fast Track i h\u00f8ye morgentimer der dette er tilgjengelig<\/li>\n<\/ul>\n<p><strong>Ved ankomst til Storbritannia:<\/strong><\/p>\n<ul>\n<li>Forvent variable eGate-k\u00f8er<\/li>\n<li>Unng\u00e5 tette forbindelser (innenlandsflyvninger eller langdistansetog)<\/li>\n<li>Forh\u00e5ndsbestill flyplasstransport for \u00e5 unng\u00e5 juleavgifter<\/li>\n<\/ul>\n<p>\u00c5 reise under Spanias festlige topp betyr \u00e5 navigere i to lands travleste ferieperioder. For expats, som ofte har begrenset tid med familie i utlandet, kan forsinkelser ha f\u00f8lelsesmessige og \u00f8konomiske konsekvenser.<\/p>\n<p>\u00c5 forst\u00e5 trafikkprognoser, flyplassatferd og ankomstpress i Storbritannia lar britiske innbyggere i Spania unng\u00e5 un\u00f8dvendig risiko, redusere k\u00f8tider og beskytte verdifull ferietid.<\/p>\n<p>\u00d8nsker deg en jevn og stressfri reise! For flere tips, sjekk ut denne artikkelen: <strong>Hvordan h\u00e5ndtere stress og angst mens du reiser<\/strong>.<\/p>\n<p>Du kan ogs\u00e5 utforske den kulturelle siden av sesongen i v\u00e5r guide <strong>Jul i Spania for expats: de gode, de d\u00e5rlige og de uventede<\/strong>.<\/p>\n<p>                    <!-- Originally published at https:\/\/euroweeklynews.com\/2025\/12\/04\/dritravelling-home-for-christmas-from-spain\/ on 04 Dec 2025 at 15:23 by Letara Draghia --><br \/>\n                    <!-- Article End -->\n                <\/div>\n","protected":false},"excerpt":{"rendered":"<p>Hvis du forbereder deg reise hjem til julhusk at Spanias transportnettverk g\u00e5r inn i en<\/p>\n","protected":false},"author":1,"featured_media":12452,"comment_status":"closed","ping_status":"open","sticky":false,"template":"","format":"standard","meta":{"footnotes":""},"categories":[105],"tags":[8197,125,1334,7773,1786,2903,169,529,117,8196,2033,4830],"class_list":["post-12451","post","type-post","status-publish","format-standard","has-post-thumbnail","hentry","category-livsstil","tag-flyplasskoer","tag-fra","tag-hjem","tag-jul","tag-kjore","tag-rad","tag-reise","tag-spania","tag-til","tag-trafikk","tag-utlendinger","tag-viktige","generate-columns","tablet-grid-50","mobile-grid-100","grid-parent","grid-33","resize-featured-image"],"yoast_head":"<!-- This site is optimized with the Yoast SEO plugin v24.4 - https:\/\/yoast.com\/wordpress\/plugins\/seo\/ -->\n<title>Kj\u00f8re (reise) hjem til jul, fra Spania? Trafikk, flyplassk\u00f8er og viktige r\u00e5d for utlendinger - Nordnesrepublikken<\/title>\n<meta name=\"robots\" content=\"index, follow, max-snippet:-1, max-image-preview:large, max-video-preview:-1\" \/>\n<link rel=\"canonical\" href=\"https:\/\/nordnesrepublikken.no\/index.php\/2025\/12\/04\/kjore-reise-hjem-til-jul-fra-spania-trafikk-flyplasskoer-og-viktige-rad-for-utlendinger\/\" \/>\n<meta property=\"og:locale\" content=\"nb_NO\" \/>\n<meta property=\"og:type\" content=\"article\" \/>\n<meta property=\"og:title\" content=\"Kj\u00f8re (reise) hjem til jul, fra Spania? Trafikk, flyplassk\u00f8er og viktige r\u00e5d for utlendinger - Nordnesrepublikken\" \/>\n<meta property=\"og:description\" content=\"Hvis du forbereder deg reise hjem til julhusk at Spanias transportnettverk g\u00e5r inn i en\" \/>\n<meta property=\"og:url\" content=\"https:\/\/nordnesrepublikken.no\/index.php\/2025\/12\/04\/kjore-reise-hjem-til-jul-fra-spania-trafikk-flyplasskoer-og-viktige-rad-for-utlendinger\/\" \/>\n<meta property=\"og:site_name\" content=\"Nordnesrepublikken\" \/>\n<meta property=\"article:published_time\" content=\"2025-12-04T14:51:14+00:00\" \/>\n<meta property=\"article:modified_time\" content=\"2025-12-04T14:51:17+00:00\" \/>\n<meta property=\"og:image\" content=\"https:\/\/nordnesrepublikken.no\/wp-content\/uploads\/2025\/12\/1764859875_Kjore-reise-hjem-til-jul-fra-Spania-Trafikk-flyplasskoer-og.png\" \/>\n\t<meta property=\"og:image:width\" content=\"1200\" \/>\n\t<meta property=\"og:image:height\" content=\"1000\" \/>\n\t<meta property=\"og:image:type\" content=\"image\/png\" \/>\n<meta name=\"author\" content=\"Ole Andersen\" \/>\n<meta name=\"twitter:card\" content=\"summary_large_image\" \/>\n<meta name=\"twitter:label1\" content=\"Skrevet av\" \/>\n\t<meta name=\"twitter:data1\" content=\"Ole Andersen\" \/>\n\t<meta name=\"twitter:label2\" content=\"Ansl. lesetid\" \/>\n\t<meta name=\"twitter:data2\" content=\"4 minutter\" \/>\n<script type=\"application\/ld+json\" class=\"yoast-schema-graph\">{\"@context\":\"https:\/\/schema.org\",\"@graph\":[{\"@type\":\"Article\",\"@id\":\"https:\/\/nordnesrepublikken.no\/index.php\/2025\/12\/04\/kjore-reise-hjem-til-jul-fra-spania-trafikk-flyplasskoer-og-viktige-rad-for-utlendinger\/#article\",\"isPartOf\":{\"@id\":\"https:\/\/nordnesrepublikken.no\/index.php\/2025\/12\/04\/kjore-reise-hjem-til-jul-fra-spania-trafikk-flyplasskoer-og-viktige-rad-for-utlendinger\/\"},\"author\":{\"name\":\"Ole Andersen\",\"@id\":\"https:\/\/nordnesrepublikken.no\/#\/schema\/person\/2e7e81935bab77882fffb79296240ff1\"},\"headline\":\"Kj\u00f8re (reise) hjem til jul, fra Spania? Trafikk, flyplassk\u00f8er og viktige r\u00e5d for utlendinger\",\"datePublished\":\"2025-12-04T14:51:14+00:00\",\"dateModified\":\"2025-12-04T14:51:17+00:00\",\"mainEntityOfPage\":{\"@id\":\"https:\/\/nordnesrepublikken.no\/index.php\/2025\/12\/04\/kjore-reise-hjem-til-jul-fra-spania-trafikk-flyplasskoer-og-viktige-rad-for-utlendinger\/\"},\"wordCount\":841,\"publisher\":{\"@id\":\"https:\/\/nordnesrepublikken.no\/#organization\"},\"image\":{\"@id\":\"https:\/\/nordnesrepublikken.no\/index.php\/2025\/12\/04\/kjore-reise-hjem-til-jul-fra-spania-trafikk-flyplasskoer-og-viktige-rad-for-utlendinger\/#primaryimage\"},\"thumbnailUrl\":\"https:\/\/nordnesrepublikken.no\/wp-content\/uploads\/2025\/12\/1764859875_Kjore-reise-hjem-til-jul-fra-Spania-Trafikk-flyplasskoer-og.png\",\"keywords\":[\"flyplassk\u00f8er\",\"fra\",\"hjem\",\"Jul\",\"kj\u00f8re\",\"r\u00e5d\",\"reise\",\"Spania\",\"til\",\"Trafikk\",\"utlendinger\",\"viktige\"],\"articleSection\":[\"Livsstil\"],\"inLanguage\":\"nb-NO\"},{\"@type\":\"WebPage\",\"@id\":\"https:\/\/nordnesrepublikken.no\/index.php\/2025\/12\/04\/kjore-reise-hjem-til-jul-fra-spania-trafikk-flyplasskoer-og-viktige-rad-for-utlendinger\/\",\"url\":\"https:\/\/nordnesrepublikken.no\/index.php\/2025\/12\/04\/kjore-reise-hjem-til-jul-fra-spania-trafikk-flyplasskoer-og-viktige-rad-for-utlendinger\/\",\"name\":\"Kj\u00f8re (reise) hjem til jul, fra Spania? Trafikk, flyplassk\u00f8er og viktige r\u00e5d for utlendinger - Nordnesrepublikken\",\"isPartOf\":{\"@id\":\"https:\/\/nordnesrepublikken.no\/#website\"},\"primaryImageOfPage\":{\"@id\":\"https:\/\/nordnesrepublikken.no\/index.php\/2025\/12\/04\/kjore-reise-hjem-til-jul-fra-spania-trafikk-flyplasskoer-og-viktige-rad-for-utlendinger\/#primaryimage\"},\"image\":{\"@id\":\"https:\/\/nordnesrepublikken.no\/index.php\/2025\/12\/04\/kjore-reise-hjem-til-jul-fra-spania-trafikk-flyplasskoer-og-viktige-rad-for-utlendinger\/#primaryimage\"},\"thumbnailUrl\":\"https:\/\/nordnesrepublikken.no\/wp-content\/uploads\/2025\/12\/1764859875_Kjore-reise-hjem-til-jul-fra-Spania-Trafikk-flyplasskoer-og.png\",\"datePublished\":\"2025-12-04T14:51:14+00:00\",\"dateModified\":\"2025-12-04T14:51:17+00:00\",\"breadcrumb\":{\"@id\":\"https:\/\/nordnesrepublikken.no\/index.php\/2025\/12\/04\/kjore-reise-hjem-til-jul-fra-spania-trafikk-flyplasskoer-og-viktige-rad-for-utlendinger\/#breadcrumb\"},\"inLanguage\":\"nb-NO\",\"potentialAction\":[{\"@type\":\"ReadAction\",\"target\":[\"https:\/\/nordnesrepublikken.no\/index.php\/2025\/12\/04\/kjore-reise-hjem-til-jul-fra-spania-trafikk-flyplasskoer-og-viktige-rad-for-utlendinger\/\"]}]},{\"@type\":\"ImageObject\",\"inLanguage\":\"nb-NO\",\"@id\":\"https:\/\/nordnesrepublikken.no\/index.php\/2025\/12\/04\/kjore-reise-hjem-til-jul-fra-spania-trafikk-flyplasskoer-og-viktige-rad-for-utlendinger\/#primaryimage\",\"url\":\"https:\/\/nordnesrepublikken.no\/wp-content\/uploads\/2025\/12\/1764859875_Kjore-reise-hjem-til-jul-fra-Spania-Trafikk-flyplasskoer-og.png\",\"contentUrl\":\"https:\/\/nordnesrepublikken.no\/wp-content\/uploads\/2025\/12\/1764859875_Kjore-reise-hjem-til-jul-fra-Spania-Trafikk-flyplasskoer-og.png\",\"width\":1200,\"height\":1000,\"caption\":\"Kj\u00f8re (reise) hjem til jul, fra Spania? Trafikk, flyplassk\u00f8er og viktige r\u00e5d for utlendinger\"},{\"@type\":\"BreadcrumbList\",\"@id\":\"https:\/\/nordnesrepublikken.no\/index.php\/2025\/12\/04\/kjore-reise-hjem-til-jul-fra-spania-trafikk-flyplasskoer-og-viktige-rad-for-utlendinger\/#breadcrumb\",\"itemListElement\":[{\"@type\":\"ListItem\",\"position\":1,\"name\":\"Home\",\"item\":\"https:\/\/nordnesrepublikken.no\/\"},{\"@type\":\"ListItem\",\"position\":2,\"name\":\"Kj\u00f8re (reise) hjem til jul, fra Spania? Trafikk, flyplassk\u00f8er og viktige r\u00e5d for utlendinger\"}]},{\"@type\":\"WebSite\",\"@id\":\"https:\/\/nordnesrepublikken.no\/#website\",\"url\":\"https:\/\/nordnesrepublikken.no\/\",\"name\":\"Nordnesrepublikken\",\"description\":\"Stemmer og Visjoner fra Republikkens Hjerte\",\"publisher\":{\"@id\":\"https:\/\/nordnesrepublikken.no\/#organization\"},\"potentialAction\":[{\"@type\":\"SearchAction\",\"target\":{\"@type\":\"EntryPoint\",\"urlTemplate\":\"https:\/\/nordnesrepublikken.no\/?s={search_term_string}\"},\"query-input\":{\"@type\":\"PropertyValueSpecification\",\"valueRequired\":true,\"valueName\":\"search_term_string\"}}],\"inLanguage\":\"nb-NO\"},{\"@type\":\"Organization\",\"@id\":\"https:\/\/nordnesrepublikken.no\/#organization\",\"name\":\"Nordnesrepublikken\",\"url\":\"https:\/\/nordnesrepublikken.no\/\",\"logo\":{\"@type\":\"ImageObject\",\"inLanguage\":\"nb-NO\",\"@id\":\"https:\/\/nordnesrepublikken.no\/#\/schema\/logo\/image\/\",\"url\":\"https:\/\/nordnesrepublikken.no\/wp-content\/uploads\/2025\/02\/cropped-nordnesrepublikken-2.png\",\"contentUrl\":\"https:\/\/nordnesrepublikken.no\/wp-content\/uploads\/2025\/02\/cropped-nordnesrepublikken-2.png\",\"width\":1248,\"height\":362,\"caption\":\"Nordnesrepublikken\"},\"image\":{\"@id\":\"https:\/\/nordnesrepublikken.no\/#\/schema\/logo\/image\/\"}},{\"@type\":\"Person\",\"@id\":\"https:\/\/nordnesrepublikken.no\/#\/schema\/person\/2e7e81935bab77882fffb79296240ff1\",\"name\":\"Ole Andersen\",\"image\":{\"@type\":\"ImageObject\",\"inLanguage\":\"nb-NO\",\"@id\":\"https:\/\/nordnesrepublikken.no\/#\/schema\/person\/image\/\",\"url\":\"https:\/\/nordnesrepublikken.no\/wp-content\/uploads\/2025\/02\/nordnesrepublikken-2-2-150x150.jpg\",\"contentUrl\":\"https:\/\/nordnesrepublikken.no\/wp-content\/uploads\/2025\/02\/nordnesrepublikken-2-2-150x150.jpg\",\"caption\":\"Ole Andersen\"},\"description\":\"Ettersom jeg vokste opp i Oslo, har jeg alltid v\u00e6rt fascinert av ordenes kraft og deres evne til \u00e5 skape endringer. Etter \u00e5 ha fullf\u00f8rt min utdannelse i kommunikasjon ved Universitetet i Bergen, fikk jeg muligheten til \u00e5 jobbe innen ulike medier, der jeg har s\u00f8kt \u00e5 belyse viktige samfunnssp\u00f8rsm\u00e5l. I dag, som redakt\u00f8r for Nordnesrepublikken, pr\u00f8ver jeg \u00e5 forene min kj\u00e6rlighet for journalistikk med min lidenskap for innovasjon og eventyr.\",\"sameAs\":[\"https:\/\/nordnesrepublikken.no\/\"]}]}<\/script>\n<!-- \/ Yoast SEO plugin. -->","yoast_head_json":{"title":"Kj\u00f8re (reise) hjem til jul, fra Spania? Trafikk, flyplassk\u00f8er og viktige r\u00e5d for utlendinger - Nordnesrepublikken","robots":{"index":"index","follow":"follow","max-snippet":"max-snippet:-1","max-image-preview":"max-image-preview:large","max-video-preview":"max-video-preview:-1"},"canonical":"https:\/\/nordnesrepublikken.no\/index.php\/2025\/12\/04\/kjore-reise-hjem-til-jul-fra-spania-trafikk-flyplasskoer-og-viktige-rad-for-utlendinger\/","og_locale":"nb_NO","og_type":"article","og_title":"Kj\u00f8re (reise) hjem til jul, fra Spania? Trafikk, flyplassk\u00f8er og viktige r\u00e5d for utlendinger - Nordnesrepublikken","og_description":"Hvis du forbereder deg reise hjem til julhusk at Spanias transportnettverk g\u00e5r inn i en","og_url":"https:\/\/nordnesrepublikken.no\/index.php\/2025\/12\/04\/kjore-reise-hjem-til-jul-fra-spania-trafikk-flyplasskoer-og-viktige-rad-for-utlendinger\/","og_site_name":"Nordnesrepublikken","article_published_time":"2025-12-04T14:51:14+00:00","article_modified_time":"2025-12-04T14:51:17+00:00","og_image":[{"width":1200,"height":1000,"url":"https:\/\/nordnesrepublikken.no\/wp-content\/uploads\/2025\/12\/1764859875_Kjore-reise-hjem-til-jul-fra-Spania-Trafikk-flyplasskoer-og.png","type":"image\/png"}],"author":"Ole Andersen","twitter_card":"summary_large_image","twitter_misc":{"Skrevet av":"Ole Andersen","Ansl. lesetid":"4 minutter"},"schema":{"@context":"https:\/\/schema.org","@graph":[{"@type":"Article","@id":"https:\/\/nordnesrepublikken.no\/index.php\/2025\/12\/04\/kjore-reise-hjem-til-jul-fra-spania-trafikk-flyplasskoer-og-viktige-rad-for-utlendinger\/#article","isPartOf":{"@id":"https:\/\/nordnesrepublikken.no\/index.php\/2025\/12\/04\/kjore-reise-hjem-til-jul-fra-spania-trafikk-flyplasskoer-og-viktige-rad-for-utlendinger\/"},"author":{"name":"Ole Andersen","@id":"https:\/\/nordnesrepublikken.no\/#\/schema\/person\/2e7e81935bab77882fffb79296240ff1"},"headline":"Kj\u00f8re (reise) hjem til jul, fra Spania? Trafikk, flyplassk\u00f8er og viktige r\u00e5d for utlendinger","datePublished":"2025-12-04T14:51:14+00:00","dateModified":"2025-12-04T14:51:17+00:00","mainEntityOfPage":{"@id":"https:\/\/nordnesrepublikken.no\/index.php\/2025\/12\/04\/kjore-reise-hjem-til-jul-fra-spania-trafikk-flyplasskoer-og-viktige-rad-for-utlendinger\/"},"wordCount":841,"publisher":{"@id":"https:\/\/nordnesrepublikken.no\/#organization"},"image":{"@id":"https:\/\/nordnesrepublikken.no\/index.php\/2025\/12\/04\/kjore-reise-hjem-til-jul-fra-spania-trafikk-flyplasskoer-og-viktige-rad-for-utlendinger\/#primaryimage"},"thumbnailUrl":"https:\/\/nordnesrepublikken.no\/wp-content\/uploads\/2025\/12\/1764859875_Kjore-reise-hjem-til-jul-fra-Spania-Trafikk-flyplasskoer-og.png","keywords":["flyplassk\u00f8er","fra","hjem","Jul","kj\u00f8re","r\u00e5d","reise","Spania","til","Trafikk","utlendinger","viktige"],"articleSection":["Livsstil"],"inLanguage":"nb-NO"},{"@type":"WebPage","@id":"https:\/\/nordnesrepublikken.no\/index.php\/2025\/12\/04\/kjore-reise-hjem-til-jul-fra-spania-trafikk-flyplasskoer-og-viktige-rad-for-utlendinger\/","url":"https:\/\/nordnesrepublikken.no\/index.php\/2025\/12\/04\/kjore-reise-hjem-til-jul-fra-spania-trafikk-flyplasskoer-og-viktige-rad-for-utlendinger\/","name":"Kj\u00f8re (reise) hjem til jul, fra Spania? Trafikk, flyplassk\u00f8er og viktige r\u00e5d for utlendinger - Nordnesrepublikken","isPartOf":{"@id":"https:\/\/nordnesrepublikken.no\/#website"},"primaryImageOfPage":{"@id":"https:\/\/nordnesrepublikken.no\/index.php\/2025\/12\/04\/kjore-reise-hjem-til-jul-fra-spania-trafikk-flyplasskoer-og-viktige-rad-for-utlendinger\/#primaryimage"},"image":{"@id":"https:\/\/nordnesrepublikken.no\/index.php\/2025\/12\/04\/kjore-reise-hjem-til-jul-fra-spania-trafikk-flyplasskoer-og-viktige-rad-for-utlendinger\/#primaryimage"},"thumbnailUrl":"https:\/\/nordnesrepublikken.no\/wp-content\/uploads\/2025\/12\/1764859875_Kjore-reise-hjem-til-jul-fra-Spania-Trafikk-flyplasskoer-og.png","datePublished":"2025-12-04T14:51:14+00:00","dateModified":"2025-12-04T14:51:17+00:00","breadcrumb":{"@id":"https:\/\/nordnesrepublikken.no\/index.php\/2025\/12\/04\/kjore-reise-hjem-til-jul-fra-spania-trafikk-flyplasskoer-og-viktige-rad-for-utlendinger\/#breadcrumb"},"inLanguage":"nb-NO","potentialAction":[{"@type":"ReadAction","target":["https:\/\/nordnesrepublikken.no\/index.php\/2025\/12\/04\/kjore-reise-hjem-til-jul-fra-spania-trafikk-flyplasskoer-og-viktige-rad-for-utlendinger\/"]}]},{"@type":"ImageObject","inLanguage":"nb-NO","@id":"https:\/\/nordnesrepublikken.no\/index.php\/2025\/12\/04\/kjore-reise-hjem-til-jul-fra-spania-trafikk-flyplasskoer-og-viktige-rad-for-utlendinger\/#primaryimage","url":"https:\/\/nordnesrepublikken.no\/wp-content\/uploads\/2025\/12\/1764859875_Kjore-reise-hjem-til-jul-fra-Spania-Trafikk-flyplasskoer-og.png","contentUrl":"https:\/\/nordnesrepublikken.no\/wp-content\/uploads\/2025\/12\/1764859875_Kjore-reise-hjem-til-jul-fra-Spania-Trafikk-flyplasskoer-og.png","width":1200,"height":1000,"caption":"Kj\u00f8re (reise) hjem til jul, fra Spania? Trafikk, flyplassk\u00f8er og viktige r\u00e5d for utlendinger"},{"@type":"BreadcrumbList","@id":"https:\/\/nordnesrepublikken.no\/index.php\/2025\/12\/04\/kjore-reise-hjem-til-jul-fra-spania-trafikk-flyplasskoer-og-viktige-rad-for-utlendinger\/#breadcrumb","itemListElement":[{"@type":"ListItem","position":1,"name":"Home","item":"https:\/\/nordnesrepublikken.no\/"},{"@type":"ListItem","position":2,"name":"Kj\u00f8re (reise) hjem til jul, fra Spania? Trafikk, flyplassk\u00f8er og viktige r\u00e5d for utlendinger"}]},{"@type":"WebSite","@id":"https:\/\/nordnesrepublikken.no\/#website","url":"https:\/\/nordnesrepublikken.no\/","name":"Nordnesrepublikken","description":"Stemmer og Visjoner fra Republikkens Hjerte","publisher":{"@id":"https:\/\/nordnesrepublikken.no\/#organization"},"potentialAction":[{"@type":"SearchAction","target":{"@type":"EntryPoint","urlTemplate":"https:\/\/nordnesrepublikken.no\/?s={search_term_string}"},"query-input":{"@type":"PropertyValueSpecification","valueRequired":true,"valueName":"search_term_string"}}],"inLanguage":"nb-NO"},{"@type":"Organization","@id":"https:\/\/nordnesrepublikken.no\/#organization","name":"Nordnesrepublikken","url":"https:\/\/nordnesrepublikken.no\/","logo":{"@type":"ImageObject","inLanguage":"nb-NO","@id":"https:\/\/nordnesrepublikken.no\/#\/schema\/logo\/image\/","url":"https:\/\/nordnesrepublikken.no\/wp-content\/uploads\/2025\/02\/cropped-nordnesrepublikken-2.png","contentUrl":"https:\/\/nordnesrepublikken.no\/wp-content\/uploads\/2025\/02\/cropped-nordnesrepublikken-2.png","width":1248,"height":362,"caption":"Nordnesrepublikken"},"image":{"@id":"https:\/\/nordnesrepublikken.no\/#\/schema\/logo\/image\/"}},{"@type":"Person","@id":"https:\/\/nordnesrepublikken.no\/#\/schema\/person\/2e7e81935bab77882fffb79296240ff1","name":"Ole Andersen","image":{"@type":"ImageObject","inLanguage":"nb-NO","@id":"https:\/\/nordnesrepublikken.no\/#\/schema\/person\/image\/","url":"https:\/\/nordnesrepublikken.no\/wp-content\/uploads\/2025\/02\/nordnesrepublikken-2-2-150x150.jpg","contentUrl":"https:\/\/nordnesrepublikken.no\/wp-content\/uploads\/2025\/02\/nordnesrepublikken-2-2-150x150.jpg","caption":"Ole Andersen"},"description":"Ettersom jeg vokste opp i Oslo, har jeg alltid v\u00e6rt fascinert av ordenes kraft og deres evne til \u00e5 skape endringer. Etter \u00e5 ha fullf\u00f8rt min utdannelse i kommunikasjon ved Universitetet i Bergen, fikk jeg muligheten til \u00e5 jobbe innen ulike medier, der jeg har s\u00f8kt \u00e5 belyse viktige samfunnssp\u00f8rsm\u00e5l. I dag, som redakt\u00f8r for Nordnesrepublikken, pr\u00f8ver jeg \u00e5 forene min kj\u00e6rlighet for journalistikk med min lidenskap for innovasjon og eventyr.","sameAs":["https:\/\/nordnesrepublikken.no\/"]}]}},"_links":{"self":[{"href":"https:\/\/nordnesrepublikken.no\/index.php\/wp-json\/wp\/v2\/posts\/12451","targetHints":{"allow":["GET"]}}],"collection":[{"href":"https:\/\/nordnesrepublikken.no\/index.php\/wp-json\/wp\/v2\/posts"}],"about":[{"href":"https:\/\/nordnesrepublikken.no\/index.php\/wp-json\/wp\/v2\/types\/post"}],"author":[{"embeddable":true,"href":"https:\/\/nordnesrepublikken.no\/index.php\/wp-json\/wp\/v2\/users\/1"}],"replies":[{"embeddable":true,"href":"https:\/\/nordnesrepublikken.no\/index.php\/wp-json\/wp\/v2\/comments?post=12451"}],"version-history":[{"count":1,"href":"https:\/\/nordnesrepublikken.no\/index.php\/wp-json\/wp\/v2\/posts\/12451\/revisions"}],"predecessor-version":[{"id":12453,"href":"https:\/\/nordnesrepublikken.no\/index.php\/wp-json\/wp\/v2\/posts\/12451\/revisions\/12453"}],"wp:featuredmedia":[{"embeddable":true,"href":"https:\/\/nordnesrepublikken.no\/index.php\/wp-json\/wp\/v2\/media\/12452"}],"wp:attachment":[{"href":"https:\/\/nordnesrepublikken.no\/index.php\/wp-json\/wp\/v2\/media?parent=12451"}],"wp:term":[{"taxonomy":"category","embeddable":true,"href":"https:\/\/nordnesrepublikken.no\/index.php\/wp-json\/wp\/v2\/categories?post=12451"},{"taxonomy":"post_tag","embeddable":true,"href":"https:\/\/nordnesrepublikken.no\/index.php\/wp-json\/wp\/v2\/tags?post=12451"}],"curies":[{"name":"wp","href":"https:\/\/api.w.org\/{rel}","templated":true}]}}