{"id":12418,"date":"2025-12-03T19:51:07","date_gmt":"2025-12-03T18:51:07","guid":{"rendered":"https:\/\/nordnesrepublikken.no\/index.php\/2025\/12\/03\/opprinnelse-og-utvikling-over-tid\/"},"modified":"2025-12-03T19:51:17","modified_gmt":"2025-12-03T18:51:17","slug":"opprinnelse-og-utvikling-over-tid","status":"publish","type":"post","link":"https:\/\/nordnesrepublikken.no\/index.php\/2025\/12\/03\/opprinnelse-og-utvikling-over-tid\/","title":{"rendered":"opprinnelse og utvikling over tid"},"content":{"rendered":"<div>\n<div class=\"cp_wrapper cp_wrapper--fw mb-30 mb-20@tablet\">\n<figure class=\"mm\"><picture class=\"img\" style=\"padding-top:56.25%\"><source  media=\"(min-width: 1024px)\"><source  media=\"(min-width: 768px)\"><\/source><\/source><\/picture><\/figure>\n<\/p><\/div>\n<p>Tradisjonen med \u00e5 representere f\u00f8dselen med tegninger og malerier ble f\u00f8dt med utbredelsen av kristendommen allerede i de f\u00f8rste \u00e5rene etter Kristi d\u00f8d. De <strong>barnehage<\/strong> (fra latin <em>praesaepe<\/em>som betyr &laquo;krybbe&raquo; eller &laquo;innhegning&raquo;) slik vi kjenner det i dag &#8211; det vil si en plastisk representasjon av Jesu f\u00f8dsel satt opp i juletiden &#8211; ble f\u00f8dt i <strong>Greccio<\/strong> (provinsen Rieti) for \u00e5rhundrer siden, nettopp i <strong>1223<\/strong>og det var en <strong>levende julekrybbe<\/strong>. Enda mer utrolig er det \u00e5 oppdage at ideen til denne representasjonen var <strong>Den hellige Frans av Assisi<\/strong>som p\u00e5 den m\u00e5ten \u00f8nsket \u00e5 f\u00e5 de troende til \u00e5 gjenoppleve Jesu f\u00f8dsel.<\/p>\n<p>De <strong>f\u00f8rst<\/strong> <strong>moderne skulpturell julekrybbe med figurer<\/strong>imidlertid dateres tilbake til 1291, da pave Nicholas IV bestilte den ber\u00f8mte florentinske billedhuggeren <strong>Arnolfo di Cambio<\/strong>som skulpturerte dem i marmor. Men det var fremfor alt takket v\u00e6re<strong>napolitansk kunst <\/strong>&#8211; spesielt dedikert til \u00e5 lage figurer &#8211; hvis f\u00f8dselsscenen har blitt en tradisjonell juleskikk i Italia og i alle katolske land.<\/p>\n<h2>Julekrybbe i antikken: opprinnelse og mening<\/h2>\n<p>De f\u00f8rste representasjonene av f\u00f8dselen, der vi ser <b>Jesusbarnet plassert i krybben<\/b> n\u00e6r oksen og eselet (fra det apokryfe Matteusevangeliet, if\u00f8lge hvilket de to dyrene ville ha v\u00e6rt til stede ved Kristi f\u00f8dsel), dateres tilbake til romertiden, her i Italia.<\/p>\n<p>I disse \u00e5rene malte de f\u00f8rste kristne, basert p\u00e5 vitnesbyrdene i evangeliene som fortalte om f\u00f8dselen til barnet i Betlehem, disse scenene p\u00e5 de steinete veggene i katakombene, for \u00e5 holde tradisjonen i hevd selv p\u00e5 forf\u00f8lgelsestidspunktet. Det var nettopp p\u00e5 denne m\u00e5ten Saint Francis kom opp med ideen om \u00e5 skildre f\u00f8dselsscenen. Det m\u00e5 imidlertid sies at figurene til Madonna, Joseph og de tre konger ble lagt til f\u00f8rst senere, for \u00e5 utvide scenen og videreformidle fortellingen om f\u00f8dselen som er rapportert i Skriftene.<\/p>\n<h2>Den levende f\u00f8dselsscenen til Saint Francis og den f\u00f8rste julekrybben med figurer<\/h2>\n<div class=\"cp_wrapper cp_wrapper--fw mb-50\">\n<figure class=\"mm\"><picture class=\"img\" style=\"padding-top:56.25%\"><source  media=\"(min-width: 1024px)\"><source  media=\"(min-width: 768px)\"><img decoding=\"async\" loading=\"lazy\" src=\"https:\/\/nordnesrepublikken.no\/wp-content\/uploads\/2025\/12\/opprinnelse-og-utvikling-over-tid.jpeg\" alt=\"Arnolfo di Cambiamo_Santa Maria Maggiore\" width=\"1280\" height=\"720\"\/><\/source><\/source><\/picture><\/figure>\n<\/p><\/div>\n<p>Julekrybben slik vi kjenner den i dag, som et stort, variert og komplett oppsett, med tradisjonelle figurer og symboler som minner om datidens historiske kontekst, ble f\u00f8dt i 1223 takket v\u00e6re <b>Den hellige Frans av Assisi <\/b>som \u2013 etter \u00e5 ha bedt om autorisasjon fra pave Honorius III \u2013 opprettet en <b>levende julekrybbe<\/b>med ekte tall, en <b>Greccio<\/b>i Lazio. I f\u00f8dselsscenen til den hellige Frans var den hellige familie enn\u00e5 ikke til stede, men ble introdusert senere: sentrum for alt var Jesusbarnet og fattigdommens tilstand, og samtidig storheten, der han kom til verden.<\/p>\n<p>Det var nettopp takket v\u00e6re initiativet fra Saint Francis at skikken med \u00e5 representere f\u00f8dselen i forskjellige former begynte \u00e5 spre seg, s\u00e5 mye at pave Nicholas IV i 1291 bestilte den ber\u00f8mte florentinske arkitekten og billedhuggeren <b>Arnolfo di Cambio <\/b>\u00e5 lage en julekrybbe som best\u00e5r av marmorfigurer. Denne julekrybben, laget av edel Carrara-marmor, er fortsatt bevart i dag <b>Basilikaen Santa Maria Maggiore i Roma<\/b>. Madonnaen var ogs\u00e5 representert her, som i 1500 ogs\u00e5 Joseph og de tre kongene ble lagt til: dette er fordi takket v\u00e6re spredningen av katolsk tilbedelse og studiet av gamle tekster, utviklet f\u00f8dselsscenene seg.<\/p>\n<p>I barokktiden gjennomgikk representasjonen av f\u00f8dselsscenen en utvikling, og fant spesielt uttrykk i<b>napolitansk kunst<\/b>som inkluderte scener fra dagliglivet og grundige omgivelser. Interessen for <strong>miniatyr<\/strong> og p\u00e5 grunn av raffinementet til de napolitanske h\u00e5ndverkerne tillot det en bred spredning av f\u00f8dselsscenen selv utenfor grensene til landet v\u00e5rt (spesielt takket v\u00e6re jesuittene), og ble en av de <b>viktigste juletradisjoner<\/b> i mange land rundt om i verden.<\/p>\n<h2>Julekrybben i verden: i hvilke land er den representert?<\/h2>\n<p>Utenfor Italia er f\u00f8dselsscenen en tradisjon i mange<b> Land med katolsk kristen tilbedelse<\/b>men ikke bare. I det meste av Europa er f\u00f8dselsscenen utbredt selv om protestanter generelt sett ikke setter den opp. Blant landene hvor representasjon er mest f\u00f8lt, er det absolutt <b>Frankrike, Spania, Portugal, Polen, Slovakia og Ungarn<\/b>.<\/p>\n<p>Julekrybbekunsten er ogs\u00e5 veldig popul\u00e6r i <b>Latin-Amerika<\/b>: Argentina og Peru, for eksempel, er veldig knyttet til f\u00f8dselskunst, det samme er Mexico og Brasil.<\/p>\n<div class=\"cp_wrapper cp_wrapper--fw mb-50\">\n<figure class=\"mm\"><picture class=\"img\" style=\"padding-top:72.972972972973%\"><source  media=\"(min-width: 1024px)\"><source  media=\"(min-width: 768px)\"><img decoding=\"async\" loading=\"lazy\" src=\"https:\/\/nordnesrepublikken.no\/wp-content\/uploads\/2025\/12\/1764787867_924_opprinnelse-og-utvikling-over-tid.jpg\" alt=\"Bilde\" width=\"1184\" height=\"864\" class=\"js-seedtag-img\"\/><\/source><\/source><\/picture><\/figure>\n<\/p><\/div>\n<p>Generelt er representasjonen av f\u00f8dselsscenen utbredt nesten overalt i verden, nettopp for \u00e5 hedre begivenheten der <b>&laquo;<em>Ordet ble kj\u00f8d og kom for \u00e5 bo blant oss<\/em>\u201d<\/b> (fra Johannesevangeliet 1,14).<\/p>\n<\/p><\/div>\n","protected":false},"excerpt":{"rendered":"<p>Tradisjonen med \u00e5 representere f\u00f8dselen med tegninger og malerier ble f\u00f8dt med utbredelsen av kristendommen<\/p>\n","protected":false},"author":1,"featured_media":12419,"comment_status":"closed","ping_status":"open","sticky":false,"template":"","format":"standard","meta":{"footnotes":""},"categories":[104],"tags":[1480,636,317],"class_list":["post-12418","post","type-post","status-publish","format-standard","has-post-thumbnail","hentry","category-samfunn","tag-opprinnelse","tag-tid","tag-utvikling","generate-columns","tablet-grid-50","mobile-grid-100","grid-parent","grid-33","resize-featured-image"],"yoast_head":"<!-- This site is optimized with the Yoast SEO plugin v24.4 - https:\/\/yoast.com\/wordpress\/plugins\/seo\/ -->\n<title>opprinnelse og utvikling over tid - Nordnesrepublikken<\/title>\n<meta name=\"robots\" content=\"index, follow, max-snippet:-1, max-image-preview:large, max-video-preview:-1\" \/>\n<link rel=\"canonical\" href=\"https:\/\/nordnesrepublikken.no\/index.php\/2025\/12\/03\/opprinnelse-og-utvikling-over-tid\/\" \/>\n<meta property=\"og:locale\" content=\"nb_NO\" \/>\n<meta property=\"og:type\" content=\"article\" \/>\n<meta property=\"og:title\" content=\"opprinnelse og utvikling over tid - Nordnesrepublikken\" \/>\n<meta property=\"og:description\" content=\"Tradisjonen med \u00e5 representere f\u00f8dselen med tegninger og malerier ble f\u00f8dt med utbredelsen av kristendommen\" \/>\n<meta property=\"og:url\" content=\"https:\/\/nordnesrepublikken.no\/index.php\/2025\/12\/03\/opprinnelse-og-utvikling-over-tid\/\" \/>\n<meta property=\"og:site_name\" content=\"Nordnesrepublikken\" \/>\n<meta property=\"article:published_time\" content=\"2025-12-03T18:51:07+00:00\" \/>\n<meta property=\"article:modified_time\" content=\"2025-12-03T18:51:17+00:00\" \/>\n<meta property=\"og:image\" content=\"https:\/\/nordnesrepublikken.no\/wp-content\/uploads\/2025\/12\/1764787868_opprinnelse-og-utvikling-over-tid-scaled.jpg\" \/>\n\t<meta property=\"og:image:width\" content=\"2560\" \/>\n\t<meta property=\"og:image:height\" content=\"1707\" \/>\n\t<meta property=\"og:image:type\" content=\"image\/jpeg\" \/>\n<meta name=\"author\" content=\"Ole Andersen\" \/>\n<meta name=\"twitter:card\" content=\"summary_large_image\" \/>\n<meta name=\"twitter:label1\" content=\"Skrevet av\" \/>\n\t<meta name=\"twitter:data1\" content=\"Ole Andersen\" \/>\n\t<meta name=\"twitter:label2\" content=\"Ansl. lesetid\" \/>\n\t<meta name=\"twitter:data2\" content=\"3 minutter\" \/>\n<script type=\"application\/ld+json\" class=\"yoast-schema-graph\">{\"@context\":\"https:\/\/schema.org\",\"@graph\":[{\"@type\":\"Article\",\"@id\":\"https:\/\/nordnesrepublikken.no\/index.php\/2025\/12\/03\/opprinnelse-og-utvikling-over-tid\/#article\",\"isPartOf\":{\"@id\":\"https:\/\/nordnesrepublikken.no\/index.php\/2025\/12\/03\/opprinnelse-og-utvikling-over-tid\/\"},\"author\":{\"name\":\"Ole Andersen\",\"@id\":\"https:\/\/nordnesrepublikken.no\/#\/schema\/person\/2e7e81935bab77882fffb79296240ff1\"},\"headline\":\"opprinnelse og utvikling over tid\",\"datePublished\":\"2025-12-03T18:51:07+00:00\",\"dateModified\":\"2025-12-03T18:51:17+00:00\",\"mainEntityOfPage\":{\"@id\":\"https:\/\/nordnesrepublikken.no\/index.php\/2025\/12\/03\/opprinnelse-og-utvikling-over-tid\/\"},\"wordCount\":698,\"publisher\":{\"@id\":\"https:\/\/nordnesrepublikken.no\/#organization\"},\"image\":{\"@id\":\"https:\/\/nordnesrepublikken.no\/index.php\/2025\/12\/03\/opprinnelse-og-utvikling-over-tid\/#primaryimage\"},\"thumbnailUrl\":\"https:\/\/nordnesrepublikken.no\/wp-content\/uploads\/2025\/12\/1764787868_opprinnelse-og-utvikling-over-tid-scaled.jpg\",\"keywords\":[\"Opprinnelse\",\"tid\",\"utvikling\"],\"articleSection\":[\"Samfunn\"],\"inLanguage\":\"nb-NO\"},{\"@type\":\"WebPage\",\"@id\":\"https:\/\/nordnesrepublikken.no\/index.php\/2025\/12\/03\/opprinnelse-og-utvikling-over-tid\/\",\"url\":\"https:\/\/nordnesrepublikken.no\/index.php\/2025\/12\/03\/opprinnelse-og-utvikling-over-tid\/\",\"name\":\"opprinnelse og utvikling over tid - Nordnesrepublikken\",\"isPartOf\":{\"@id\":\"https:\/\/nordnesrepublikken.no\/#website\"},\"primaryImageOfPage\":{\"@id\":\"https:\/\/nordnesrepublikken.no\/index.php\/2025\/12\/03\/opprinnelse-og-utvikling-over-tid\/#primaryimage\"},\"image\":{\"@id\":\"https:\/\/nordnesrepublikken.no\/index.php\/2025\/12\/03\/opprinnelse-og-utvikling-over-tid\/#primaryimage\"},\"thumbnailUrl\":\"https:\/\/nordnesrepublikken.no\/wp-content\/uploads\/2025\/12\/1764787868_opprinnelse-og-utvikling-over-tid-scaled.jpg\",\"datePublished\":\"2025-12-03T18:51:07+00:00\",\"dateModified\":\"2025-12-03T18:51:17+00:00\",\"breadcrumb\":{\"@id\":\"https:\/\/nordnesrepublikken.no\/index.php\/2025\/12\/03\/opprinnelse-og-utvikling-over-tid\/#breadcrumb\"},\"inLanguage\":\"nb-NO\",\"potentialAction\":[{\"@type\":\"ReadAction\",\"target\":[\"https:\/\/nordnesrepublikken.no\/index.php\/2025\/12\/03\/opprinnelse-og-utvikling-over-tid\/\"]}]},{\"@type\":\"ImageObject\",\"inLanguage\":\"nb-NO\",\"@id\":\"https:\/\/nordnesrepublikken.no\/index.php\/2025\/12\/03\/opprinnelse-og-utvikling-over-tid\/#primaryimage\",\"url\":\"https:\/\/nordnesrepublikken.no\/wp-content\/uploads\/2025\/12\/1764787868_opprinnelse-og-utvikling-over-tid-scaled.jpg\",\"contentUrl\":\"https:\/\/nordnesrepublikken.no\/wp-content\/uploads\/2025\/12\/1764787868_opprinnelse-og-utvikling-over-tid-scaled.jpg\",\"width\":2560,\"height\":1707,\"caption\":\"opprinnelse og utvikling over tid\"},{\"@type\":\"BreadcrumbList\",\"@id\":\"https:\/\/nordnesrepublikken.no\/index.php\/2025\/12\/03\/opprinnelse-og-utvikling-over-tid\/#breadcrumb\",\"itemListElement\":[{\"@type\":\"ListItem\",\"position\":1,\"name\":\"Home\",\"item\":\"https:\/\/nordnesrepublikken.no\/\"},{\"@type\":\"ListItem\",\"position\":2,\"name\":\"opprinnelse og utvikling over tid\"}]},{\"@type\":\"WebSite\",\"@id\":\"https:\/\/nordnesrepublikken.no\/#website\",\"url\":\"https:\/\/nordnesrepublikken.no\/\",\"name\":\"Nordnesrepublikken\",\"description\":\"Stemmer og Visjoner fra Republikkens Hjerte\",\"publisher\":{\"@id\":\"https:\/\/nordnesrepublikken.no\/#organization\"},\"potentialAction\":[{\"@type\":\"SearchAction\",\"target\":{\"@type\":\"EntryPoint\",\"urlTemplate\":\"https:\/\/nordnesrepublikken.no\/?s={search_term_string}\"},\"query-input\":{\"@type\":\"PropertyValueSpecification\",\"valueRequired\":true,\"valueName\":\"search_term_string\"}}],\"inLanguage\":\"nb-NO\"},{\"@type\":\"Organization\",\"@id\":\"https:\/\/nordnesrepublikken.no\/#organization\",\"name\":\"Nordnesrepublikken\",\"url\":\"https:\/\/nordnesrepublikken.no\/\",\"logo\":{\"@type\":\"ImageObject\",\"inLanguage\":\"nb-NO\",\"@id\":\"https:\/\/nordnesrepublikken.no\/#\/schema\/logo\/image\/\",\"url\":\"https:\/\/nordnesrepublikken.no\/wp-content\/uploads\/2025\/02\/cropped-nordnesrepublikken-2.png\",\"contentUrl\":\"https:\/\/nordnesrepublikken.no\/wp-content\/uploads\/2025\/02\/cropped-nordnesrepublikken-2.png\",\"width\":1248,\"height\":362,\"caption\":\"Nordnesrepublikken\"},\"image\":{\"@id\":\"https:\/\/nordnesrepublikken.no\/#\/schema\/logo\/image\/\"}},{\"@type\":\"Person\",\"@id\":\"https:\/\/nordnesrepublikken.no\/#\/schema\/person\/2e7e81935bab77882fffb79296240ff1\",\"name\":\"Ole Andersen\",\"image\":{\"@type\":\"ImageObject\",\"inLanguage\":\"nb-NO\",\"@id\":\"https:\/\/nordnesrepublikken.no\/#\/schema\/person\/image\/\",\"url\":\"https:\/\/nordnesrepublikken.no\/wp-content\/uploads\/2025\/02\/nordnesrepublikken-2-2-150x150.jpg\",\"contentUrl\":\"https:\/\/nordnesrepublikken.no\/wp-content\/uploads\/2025\/02\/nordnesrepublikken-2-2-150x150.jpg\",\"caption\":\"Ole Andersen\"},\"description\":\"Ettersom jeg vokste opp i Oslo, har jeg alltid v\u00e6rt fascinert av ordenes kraft og deres evne til \u00e5 skape endringer. Etter \u00e5 ha fullf\u00f8rt min utdannelse i kommunikasjon ved Universitetet i Bergen, fikk jeg muligheten til \u00e5 jobbe innen ulike medier, der jeg har s\u00f8kt \u00e5 belyse viktige samfunnssp\u00f8rsm\u00e5l. I dag, som redakt\u00f8r for Nordnesrepublikken, pr\u00f8ver jeg \u00e5 forene min kj\u00e6rlighet for journalistikk med min lidenskap for innovasjon og eventyr.\",\"sameAs\":[\"https:\/\/nordnesrepublikken.no\/\"]}]}<\/script>\n<!-- \/ Yoast SEO plugin. -->","yoast_head_json":{"title":"opprinnelse og utvikling over tid - Nordnesrepublikken","robots":{"index":"index","follow":"follow","max-snippet":"max-snippet:-1","max-image-preview":"max-image-preview:large","max-video-preview":"max-video-preview:-1"},"canonical":"https:\/\/nordnesrepublikken.no\/index.php\/2025\/12\/03\/opprinnelse-og-utvikling-over-tid\/","og_locale":"nb_NO","og_type":"article","og_title":"opprinnelse og utvikling over tid - Nordnesrepublikken","og_description":"Tradisjonen med \u00e5 representere f\u00f8dselen med tegninger og malerier ble f\u00f8dt med utbredelsen av kristendommen","og_url":"https:\/\/nordnesrepublikken.no\/index.php\/2025\/12\/03\/opprinnelse-og-utvikling-over-tid\/","og_site_name":"Nordnesrepublikken","article_published_time":"2025-12-03T18:51:07+00:00","article_modified_time":"2025-12-03T18:51:17+00:00","og_image":[{"width":2560,"height":1707,"url":"https:\/\/nordnesrepublikken.no\/wp-content\/uploads\/2025\/12\/1764787868_opprinnelse-og-utvikling-over-tid-scaled.jpg","type":"image\/jpeg"}],"author":"Ole Andersen","twitter_card":"summary_large_image","twitter_misc":{"Skrevet av":"Ole Andersen","Ansl. lesetid":"3 minutter"},"schema":{"@context":"https:\/\/schema.org","@graph":[{"@type":"Article","@id":"https:\/\/nordnesrepublikken.no\/index.php\/2025\/12\/03\/opprinnelse-og-utvikling-over-tid\/#article","isPartOf":{"@id":"https:\/\/nordnesrepublikken.no\/index.php\/2025\/12\/03\/opprinnelse-og-utvikling-over-tid\/"},"author":{"name":"Ole Andersen","@id":"https:\/\/nordnesrepublikken.no\/#\/schema\/person\/2e7e81935bab77882fffb79296240ff1"},"headline":"opprinnelse og utvikling over tid","datePublished":"2025-12-03T18:51:07+00:00","dateModified":"2025-12-03T18:51:17+00:00","mainEntityOfPage":{"@id":"https:\/\/nordnesrepublikken.no\/index.php\/2025\/12\/03\/opprinnelse-og-utvikling-over-tid\/"},"wordCount":698,"publisher":{"@id":"https:\/\/nordnesrepublikken.no\/#organization"},"image":{"@id":"https:\/\/nordnesrepublikken.no\/index.php\/2025\/12\/03\/opprinnelse-og-utvikling-over-tid\/#primaryimage"},"thumbnailUrl":"https:\/\/nordnesrepublikken.no\/wp-content\/uploads\/2025\/12\/1764787868_opprinnelse-og-utvikling-over-tid-scaled.jpg","keywords":["Opprinnelse","tid","utvikling"],"articleSection":["Samfunn"],"inLanguage":"nb-NO"},{"@type":"WebPage","@id":"https:\/\/nordnesrepublikken.no\/index.php\/2025\/12\/03\/opprinnelse-og-utvikling-over-tid\/","url":"https:\/\/nordnesrepublikken.no\/index.php\/2025\/12\/03\/opprinnelse-og-utvikling-over-tid\/","name":"opprinnelse og utvikling over tid - Nordnesrepublikken","isPartOf":{"@id":"https:\/\/nordnesrepublikken.no\/#website"},"primaryImageOfPage":{"@id":"https:\/\/nordnesrepublikken.no\/index.php\/2025\/12\/03\/opprinnelse-og-utvikling-over-tid\/#primaryimage"},"image":{"@id":"https:\/\/nordnesrepublikken.no\/index.php\/2025\/12\/03\/opprinnelse-og-utvikling-over-tid\/#primaryimage"},"thumbnailUrl":"https:\/\/nordnesrepublikken.no\/wp-content\/uploads\/2025\/12\/1764787868_opprinnelse-og-utvikling-over-tid-scaled.jpg","datePublished":"2025-12-03T18:51:07+00:00","dateModified":"2025-12-03T18:51:17+00:00","breadcrumb":{"@id":"https:\/\/nordnesrepublikken.no\/index.php\/2025\/12\/03\/opprinnelse-og-utvikling-over-tid\/#breadcrumb"},"inLanguage":"nb-NO","potentialAction":[{"@type":"ReadAction","target":["https:\/\/nordnesrepublikken.no\/index.php\/2025\/12\/03\/opprinnelse-og-utvikling-over-tid\/"]}]},{"@type":"ImageObject","inLanguage":"nb-NO","@id":"https:\/\/nordnesrepublikken.no\/index.php\/2025\/12\/03\/opprinnelse-og-utvikling-over-tid\/#primaryimage","url":"https:\/\/nordnesrepublikken.no\/wp-content\/uploads\/2025\/12\/1764787868_opprinnelse-og-utvikling-over-tid-scaled.jpg","contentUrl":"https:\/\/nordnesrepublikken.no\/wp-content\/uploads\/2025\/12\/1764787868_opprinnelse-og-utvikling-over-tid-scaled.jpg","width":2560,"height":1707,"caption":"opprinnelse og utvikling over tid"},{"@type":"BreadcrumbList","@id":"https:\/\/nordnesrepublikken.no\/index.php\/2025\/12\/03\/opprinnelse-og-utvikling-over-tid\/#breadcrumb","itemListElement":[{"@type":"ListItem","position":1,"name":"Home","item":"https:\/\/nordnesrepublikken.no\/"},{"@type":"ListItem","position":2,"name":"opprinnelse og utvikling over tid"}]},{"@type":"WebSite","@id":"https:\/\/nordnesrepublikken.no\/#website","url":"https:\/\/nordnesrepublikken.no\/","name":"Nordnesrepublikken","description":"Stemmer og Visjoner fra Republikkens Hjerte","publisher":{"@id":"https:\/\/nordnesrepublikken.no\/#organization"},"potentialAction":[{"@type":"SearchAction","target":{"@type":"EntryPoint","urlTemplate":"https:\/\/nordnesrepublikken.no\/?s={search_term_string}"},"query-input":{"@type":"PropertyValueSpecification","valueRequired":true,"valueName":"search_term_string"}}],"inLanguage":"nb-NO"},{"@type":"Organization","@id":"https:\/\/nordnesrepublikken.no\/#organization","name":"Nordnesrepublikken","url":"https:\/\/nordnesrepublikken.no\/","logo":{"@type":"ImageObject","inLanguage":"nb-NO","@id":"https:\/\/nordnesrepublikken.no\/#\/schema\/logo\/image\/","url":"https:\/\/nordnesrepublikken.no\/wp-content\/uploads\/2025\/02\/cropped-nordnesrepublikken-2.png","contentUrl":"https:\/\/nordnesrepublikken.no\/wp-content\/uploads\/2025\/02\/cropped-nordnesrepublikken-2.png","width":1248,"height":362,"caption":"Nordnesrepublikken"},"image":{"@id":"https:\/\/nordnesrepublikken.no\/#\/schema\/logo\/image\/"}},{"@type":"Person","@id":"https:\/\/nordnesrepublikken.no\/#\/schema\/person\/2e7e81935bab77882fffb79296240ff1","name":"Ole Andersen","image":{"@type":"ImageObject","inLanguage":"nb-NO","@id":"https:\/\/nordnesrepublikken.no\/#\/schema\/person\/image\/","url":"https:\/\/nordnesrepublikken.no\/wp-content\/uploads\/2025\/02\/nordnesrepublikken-2-2-150x150.jpg","contentUrl":"https:\/\/nordnesrepublikken.no\/wp-content\/uploads\/2025\/02\/nordnesrepublikken-2-2-150x150.jpg","caption":"Ole Andersen"},"description":"Ettersom jeg vokste opp i Oslo, har jeg alltid v\u00e6rt fascinert av ordenes kraft og deres evne til \u00e5 skape endringer. Etter \u00e5 ha fullf\u00f8rt min utdannelse i kommunikasjon ved Universitetet i Bergen, fikk jeg muligheten til \u00e5 jobbe innen ulike medier, der jeg har s\u00f8kt \u00e5 belyse viktige samfunnssp\u00f8rsm\u00e5l. I dag, som redakt\u00f8r for Nordnesrepublikken, pr\u00f8ver jeg \u00e5 forene min kj\u00e6rlighet for journalistikk med min lidenskap for innovasjon og eventyr.","sameAs":["https:\/\/nordnesrepublikken.no\/"]}]}},"_links":{"self":[{"href":"https:\/\/nordnesrepublikken.no\/index.php\/wp-json\/wp\/v2\/posts\/12418","targetHints":{"allow":["GET"]}}],"collection":[{"href":"https:\/\/nordnesrepublikken.no\/index.php\/wp-json\/wp\/v2\/posts"}],"about":[{"href":"https:\/\/nordnesrepublikken.no\/index.php\/wp-json\/wp\/v2\/types\/post"}],"author":[{"embeddable":true,"href":"https:\/\/nordnesrepublikken.no\/index.php\/wp-json\/wp\/v2\/users\/1"}],"replies":[{"embeddable":true,"href":"https:\/\/nordnesrepublikken.no\/index.php\/wp-json\/wp\/v2\/comments?post=12418"}],"version-history":[{"count":1,"href":"https:\/\/nordnesrepublikken.no\/index.php\/wp-json\/wp\/v2\/posts\/12418\/revisions"}],"predecessor-version":[{"id":12420,"href":"https:\/\/nordnesrepublikken.no\/index.php\/wp-json\/wp\/v2\/posts\/12418\/revisions\/12420"}],"wp:featuredmedia":[{"embeddable":true,"href":"https:\/\/nordnesrepublikken.no\/index.php\/wp-json\/wp\/v2\/media\/12419"}],"wp:attachment":[{"href":"https:\/\/nordnesrepublikken.no\/index.php\/wp-json\/wp\/v2\/media?parent=12418"}],"wp:term":[{"taxonomy":"category","embeddable":true,"href":"https:\/\/nordnesrepublikken.no\/index.php\/wp-json\/wp\/v2\/categories?post=12418"},{"taxonomy":"post_tag","embeddable":true,"href":"https:\/\/nordnesrepublikken.no\/index.php\/wp-json\/wp\/v2\/tags?post=12418"}],"curies":[{"name":"wp","href":"https:\/\/api.w.org\/{rel}","templated":true}]}}