{"id":12409,"date":"2025-12-03T13:51:15","date_gmt":"2025-12-03T12:51:15","guid":{"rendered":"https:\/\/nordnesrepublikken.no\/index.php\/2025\/12\/03\/hvor-de-finnes-og-hvorfor-de-er-viktige\/"},"modified":"2025-12-03T13:51:16","modified_gmt":"2025-12-03T12:51:16","slug":"hvor-de-finnes-og-hvorfor-de-er-viktige","status":"publish","type":"post","link":"https:\/\/nordnesrepublikken.no\/index.php\/2025\/12\/03\/hvor-de-finnes-og-hvorfor-de-er-viktige\/","title":{"rendered":"hvor de finnes og hvorfor de er viktige"},"content":{"rendered":"<div>\n<div class=\"cp_wrapper cp_wrapper--fw mb-30 mb-20@tablet\">\n<figure class=\"mm\"><picture class=\"img\" style=\"padding-top:56.25%\"><source  media=\"(min-width: 1024px)\"><source  media=\"(min-width: 768px)\"><\/source><\/source><\/picture><\/figure>\n<\/p><\/div>\n<p>Temaet for <strong>sj\u00f8kabler<\/strong> vendte tilbake til prominens etter \u00f8ya <strong>Lampedusa<\/strong> det ble igjen <strong>uten internett eller telefonforbindelse, <\/strong>med en blackout som begynte 24. november og endte f\u00f8rst i g\u00e5r, 2. desember. \u00c5rsaken kan tilskrives skaden p\u00e5 en undersj\u00f8isk telekommunikasjonskabel mellom Licata, Linosa og Lampedusa som if\u00f8lge sjefen FiberCop ble for\u00e5rsaket av \u00ab<strong>ikke-kompatibel atferd<\/strong>som tr\u00e5ling eller ankring i forbudte omr\u00e5der.&raquo; Samtidig har den \u00f8kte spenningen mellom NATO og Russland igjen antent <strong>frykt for sabotasje, <\/strong>en episode skjedde allerede i november 2024.<\/p>\n<p>Men har du noen gang lurt p\u00e5 <strong>Hvor mange sj\u00f8kabler er det i Italia og hvor ligger de?<\/strong> If\u00f8lge TeleGeography estimater er det i v\u00e5rt land ca <strong>25 sj\u00f8kabler<\/strong>plassert i strategiske omr\u00e5der, inkludert Sicilia, hvorfra kabler n\u00e5r s\u00e5 langt som til Hellas og Malta, men ogs\u00e5 Egypt, Israel og Libya.<\/p>\n<h2>Hva er sj\u00f8kabler og hvor ligger de i Italia<\/h2>\n<p>I motsetning til hva vi kanskje tror, \u200b\u200bfungerer Internett stort sett <strong>takket v\u00e6re kabler lagt p\u00e5 havbunnen<\/strong>. Dette er spesielle kabler som inneholder tusenvis av optiske fibre og som tillater passasje av informasjon. I v\u00e5rt land er det ca <strong>25<\/strong>installert <strong>\u00e5 forbinde Italia med andre stater<\/strong> (Albania, Frankrike, Tunisia, Libya etc.), men ogs\u00e5 for <strong>forene halv\u00f8ya med \u00f8yene<\/strong>som synlig p\u00e5 kartet nedenfor.<\/p>\n<div class=\"cp_wrapper cp_wrapper--fw mb-50\">\n<figure class=\"mm\"><picture class=\"img\" style=\"padding-top:70.27027027027%\"><source  media=\"(min-width: 1024px)\"><source  media=\"(min-width: 768px)\"><img decoding=\"async\" loading=\"lazy\" src=\"https:\/\/nordnesrepublikken.no\/wp-content\/uploads\/2025\/12\/1764766275_796_hvor-de-finnes-og-hvorfor-de-er-viktige.jpg\" alt=\"ub\u00e5tkabler-Italia\" width=\"925\" height=\"650\"\/><\/source><\/source><\/picture><\/figure>\n<\/p><\/div>\n<p>Generelt krysses landet v\u00e5rt hovedsakelig av to typer sj\u00f8kabler: For det f\u00f8rste er det telekommunikasjonskabler, slik som den som er skadet i Lampedusa (uthevet i gult p\u00e5 bildet nedenfor), som strekker seg for <strong>240 km<\/strong> og heter &laquo;<strong>Lic-Lin-Lampe<\/strong>\u201d, ettersom den forbinder \u00f8yene Lampedusa, Licata og Linosa.<\/p>\n<div class=\"cp_wrapper cp_wrapper--fw mb-50\">\n<figure class=\"mm\"><picture class=\"img\" style=\"padding-top:75.816993464052%\"><source  media=\"(min-width: 1024px)\"><source  media=\"(min-width: 768px)\"><img decoding=\"async\" loading=\"lazy\" src=\"https:\/\/nordnesrepublikken.no\/wp-content\/uploads\/2025\/12\/1764766275_931_hvor-de-finnes-og-hvorfor-de-er-viktige.jpg\" alt=\"Lampedusa sj\u00f8kabel\" width=\"918\" height=\"696\" class=\"js-seedtag-img\"\/><\/source><\/source><\/picture><\/figure>\n<\/p><\/div>\n<p>Men det finnes ogs\u00e5 sj\u00f8kabler for transport av elektrisitet: blant de viktigste er den som kobler sammen <strong>Lazio til Sardinia<\/strong>i drift siden mars 2011 med en lengde p\u00e5 435 km. Som rapportert av Terna, sikrer denne kabelen en kapasitet p\u00e5 <strong>1000 megawatt <\/strong>og representerer en av de dypeste i verden, og n\u00e5r 1640 meter under havoverflaten.<\/p>\n<p>Det skal imidlertid sies at med utvikling av prosjekter som f.eks <strong>Starlink,<\/strong> SpaceXs konstellasjon av satellitter designet for \u00e5 tilby bredb\u00e5ndsinternettforbindelser i de mest avsidesliggende omr\u00e5dene i verden, kan leggingen av undersj\u00f8iske kabler reduseres: for \u00f8yeblikket, derimot, <strong>satellitter dekker mindre enn 1 %<\/strong> av dataoverf\u00f8ring globalt.<\/p>\n<p>I det spesifikke tilfellet Lampedusa gjorde Starlink-alternativet det imidlertid mulig \u00e5 garantere noen forbindelser, selv om det var i minimal grad.<\/p>\n<h2>Undersj\u00f8iske kabler i verden: det globale kartet<\/h2>\n<p>Som bekreftet av ISPRA (Higher Institute for Environmental Protection and Research), strekker det globale nettverket av undersj\u00f8iske kabler for telekommunikasjon seg for <strong>over en million kilometer<\/strong> og transporter<strong> 99 % av interkontinental Internett-trafikk, <\/strong>som synlig p\u00e5 kartet under. Det totale antallet av disse kablene er uklart: if\u00f8lge estimater av <em>Telegeografi<\/em>vil vi snakke om over 600. Leggingen av de f\u00f8rste telegrafkablene begynte rundt 1850, og fortsatte deretter i f\u00f8rste halvdel av 1900-tallet med utviklingen av analoge koaksialkabler, frem til dagens optiske fiberkabler, lagt med start fra kl. <strong>fra<\/strong> <strong>1988<\/strong>.<\/p>\n<div class=\"cp_wrapper cp_wrapper--fw mb-50\">\n<figure class=\"mm\"><picture class=\"img\" style=\"padding-top:60.217983651226%\"><source  media=\"(min-width: 1024px)\"><source  media=\"(min-width: 768px)\"><img decoding=\"async\" loading=\"lazy\" src=\"https:\/\/nordnesrepublikken.no\/wp-content\/uploads\/2025\/12\/1764766275_116_hvor-de-finnes-og-hvorfor-de-er-viktige.jpg\" alt=\"globalt kabelkart\" width=\"1101\" height=\"663\"\/><\/source><\/source><\/picture><\/figure>\n<\/p><\/div>\n<p>P\u00e5 europeisk niv\u00e5 har EU de siste \u00e5rene styrket sin tilkoblingsinfrastruktur gjennom 51 nye prosjekter, under<em> Connecting Europe Facility Digital<\/em> (CEF Digital), for totalt <strong>420 millioner euro investert. <\/strong>M\u00e5let med programmet er \u00e5 st\u00f8tte opprettelsen av sikre kabler, redusere avhengigheten av ikke-EU-infrastruktur og styrke Europas posisjon som et globalt tilkoblingsknutepunkt.<\/p>\n<p>Men til syvende og sist, hvem eier disse undersj\u00f8iske kablene? Det skal spesifiseres at sj\u00f8kabler har en <strong>ekstremt h\u00f8ye kostnader<\/strong>: de i <strong>fiber<\/strong> de kan v\u00e6re dyre <strong>opptil 90 000 euro per km<\/strong>mens de for energi lett kan n\u00e5 i <strong>\u20ac100 000\/km<\/strong> for lavspenning ei<strong> \u20ac500 000\/km for h\u00f8y<\/strong> spenning.<br \/>Nettopp derfor er hovedinvestorene p\u00e5 dette feltet teleselskaper, sammen med store <strong>selskaper<\/strong> \u2013 hovedsakelig <strong>amerikanere<\/strong> \u2013 som baserer virksomheten sin p\u00e5 Internett, inkludert Amazon, Meta eller Google.<\/p>\n<\/p><\/div>\n","protected":false},"excerpt":{"rendered":"<p>Temaet for sj\u00f8kabler vendte tilbake til prominens etter \u00f8ya Lampedusa det ble igjen uten internett<\/p>\n","protected":false},"author":1,"featured_media":12410,"comment_status":"closed","ping_status":"open","sticky":false,"template":"","format":"standard","meta":{"footnotes":""},"categories":[25],"tags":[147,449,101,4830],"class_list":["post-12409","post","type-post","status-publish","format-standard","has-post-thumbnail","hentry","category-teknologi","tag-finnes","tag-hvor","tag-hvorfor","tag-viktige","generate-columns","tablet-grid-50","mobile-grid-100","grid-parent","grid-33","resize-featured-image"],"yoast_head":"<!-- This site is optimized with the Yoast SEO plugin v24.4 - https:\/\/yoast.com\/wordpress\/plugins\/seo\/ -->\n<title>hvor de finnes og hvorfor de er viktige - Nordnesrepublikken<\/title>\n<meta name=\"robots\" content=\"index, follow, max-snippet:-1, max-image-preview:large, max-video-preview:-1\" \/>\n<link rel=\"canonical\" href=\"https:\/\/nordnesrepublikken.no\/index.php\/2025\/12\/03\/hvor-de-finnes-og-hvorfor-de-er-viktige\/\" \/>\n<meta property=\"og:locale\" content=\"nb_NO\" \/>\n<meta property=\"og:type\" content=\"article\" \/>\n<meta property=\"og:title\" content=\"hvor de finnes og hvorfor de er viktige - Nordnesrepublikken\" \/>\n<meta property=\"og:description\" content=\"Temaet for sj\u00f8kabler vendte tilbake til prominens etter \u00f8ya Lampedusa det ble igjen uten internett\" \/>\n<meta property=\"og:url\" content=\"https:\/\/nordnesrepublikken.no\/index.php\/2025\/12\/03\/hvor-de-finnes-og-hvorfor-de-er-viktige\/\" \/>\n<meta property=\"og:site_name\" content=\"Nordnesrepublikken\" \/>\n<meta property=\"article:published_time\" content=\"2025-12-03T12:51:15+00:00\" \/>\n<meta property=\"article:modified_time\" content=\"2025-12-03T12:51:16+00:00\" \/>\n<meta property=\"og:image\" content=\"https:\/\/nordnesrepublikken.no\/wp-content\/uploads\/2025\/12\/1764766276_hvor-de-finnes-og-hvorfor-de-er-viktige.jpg\" \/>\n\t<meta property=\"og:image:width\" content=\"1376\" \/>\n\t<meta property=\"og:image:height\" content=\"768\" \/>\n\t<meta property=\"og:image:type\" content=\"image\/jpeg\" \/>\n<meta name=\"author\" content=\"Ole Andersen\" \/>\n<meta name=\"twitter:card\" content=\"summary_large_image\" \/>\n<meta name=\"twitter:label1\" content=\"Skrevet av\" \/>\n\t<meta name=\"twitter:data1\" content=\"Ole Andersen\" \/>\n\t<meta name=\"twitter:label2\" content=\"Ansl. lesetid\" \/>\n\t<meta name=\"twitter:data2\" content=\"3 minutter\" \/>\n<script type=\"application\/ld+json\" class=\"yoast-schema-graph\">{\"@context\":\"https:\/\/schema.org\",\"@graph\":[{\"@type\":\"Article\",\"@id\":\"https:\/\/nordnesrepublikken.no\/index.php\/2025\/12\/03\/hvor-de-finnes-og-hvorfor-de-er-viktige\/#article\",\"isPartOf\":{\"@id\":\"https:\/\/nordnesrepublikken.no\/index.php\/2025\/12\/03\/hvor-de-finnes-og-hvorfor-de-er-viktige\/\"},\"author\":{\"name\":\"Ole Andersen\",\"@id\":\"https:\/\/nordnesrepublikken.no\/#\/schema\/person\/2e7e81935bab77882fffb79296240ff1\"},\"headline\":\"hvor de finnes og hvorfor de er viktige\",\"datePublished\":\"2025-12-03T12:51:15+00:00\",\"dateModified\":\"2025-12-03T12:51:16+00:00\",\"mainEntityOfPage\":{\"@id\":\"https:\/\/nordnesrepublikken.no\/index.php\/2025\/12\/03\/hvor-de-finnes-og-hvorfor-de-er-viktige\/\"},\"wordCount\":612,\"publisher\":{\"@id\":\"https:\/\/nordnesrepublikken.no\/#organization\"},\"image\":{\"@id\":\"https:\/\/nordnesrepublikken.no\/index.php\/2025\/12\/03\/hvor-de-finnes-og-hvorfor-de-er-viktige\/#primaryimage\"},\"thumbnailUrl\":\"https:\/\/nordnesrepublikken.no\/wp-content\/uploads\/2025\/12\/1764766276_hvor-de-finnes-og-hvorfor-de-er-viktige.jpg\",\"keywords\":[\"finnes\",\"hvor\",\"hvorfor\",\"viktige\"],\"articleSection\":[\"Teknologi\"],\"inLanguage\":\"nb-NO\"},{\"@type\":\"WebPage\",\"@id\":\"https:\/\/nordnesrepublikken.no\/index.php\/2025\/12\/03\/hvor-de-finnes-og-hvorfor-de-er-viktige\/\",\"url\":\"https:\/\/nordnesrepublikken.no\/index.php\/2025\/12\/03\/hvor-de-finnes-og-hvorfor-de-er-viktige\/\",\"name\":\"hvor de finnes og hvorfor de er viktige - Nordnesrepublikken\",\"isPartOf\":{\"@id\":\"https:\/\/nordnesrepublikken.no\/#website\"},\"primaryImageOfPage\":{\"@id\":\"https:\/\/nordnesrepublikken.no\/index.php\/2025\/12\/03\/hvor-de-finnes-og-hvorfor-de-er-viktige\/#primaryimage\"},\"image\":{\"@id\":\"https:\/\/nordnesrepublikken.no\/index.php\/2025\/12\/03\/hvor-de-finnes-og-hvorfor-de-er-viktige\/#primaryimage\"},\"thumbnailUrl\":\"https:\/\/nordnesrepublikken.no\/wp-content\/uploads\/2025\/12\/1764766276_hvor-de-finnes-og-hvorfor-de-er-viktige.jpg\",\"datePublished\":\"2025-12-03T12:51:15+00:00\",\"dateModified\":\"2025-12-03T12:51:16+00:00\",\"breadcrumb\":{\"@id\":\"https:\/\/nordnesrepublikken.no\/index.php\/2025\/12\/03\/hvor-de-finnes-og-hvorfor-de-er-viktige\/#breadcrumb\"},\"inLanguage\":\"nb-NO\",\"potentialAction\":[{\"@type\":\"ReadAction\",\"target\":[\"https:\/\/nordnesrepublikken.no\/index.php\/2025\/12\/03\/hvor-de-finnes-og-hvorfor-de-er-viktige\/\"]}]},{\"@type\":\"ImageObject\",\"inLanguage\":\"nb-NO\",\"@id\":\"https:\/\/nordnesrepublikken.no\/index.php\/2025\/12\/03\/hvor-de-finnes-og-hvorfor-de-er-viktige\/#primaryimage\",\"url\":\"https:\/\/nordnesrepublikken.no\/wp-content\/uploads\/2025\/12\/1764766276_hvor-de-finnes-og-hvorfor-de-er-viktige.jpg\",\"contentUrl\":\"https:\/\/nordnesrepublikken.no\/wp-content\/uploads\/2025\/12\/1764766276_hvor-de-finnes-og-hvorfor-de-er-viktige.jpg\",\"width\":1376,\"height\":768,\"caption\":\"hvor de finnes og hvorfor de er viktige\"},{\"@type\":\"BreadcrumbList\",\"@id\":\"https:\/\/nordnesrepublikken.no\/index.php\/2025\/12\/03\/hvor-de-finnes-og-hvorfor-de-er-viktige\/#breadcrumb\",\"itemListElement\":[{\"@type\":\"ListItem\",\"position\":1,\"name\":\"Home\",\"item\":\"https:\/\/nordnesrepublikken.no\/\"},{\"@type\":\"ListItem\",\"position\":2,\"name\":\"hvor de finnes og hvorfor de er viktige\"}]},{\"@type\":\"WebSite\",\"@id\":\"https:\/\/nordnesrepublikken.no\/#website\",\"url\":\"https:\/\/nordnesrepublikken.no\/\",\"name\":\"Nordnesrepublikken\",\"description\":\"Stemmer og Visjoner fra Republikkens Hjerte\",\"publisher\":{\"@id\":\"https:\/\/nordnesrepublikken.no\/#organization\"},\"potentialAction\":[{\"@type\":\"SearchAction\",\"target\":{\"@type\":\"EntryPoint\",\"urlTemplate\":\"https:\/\/nordnesrepublikken.no\/?s={search_term_string}\"},\"query-input\":{\"@type\":\"PropertyValueSpecification\",\"valueRequired\":true,\"valueName\":\"search_term_string\"}}],\"inLanguage\":\"nb-NO\"},{\"@type\":\"Organization\",\"@id\":\"https:\/\/nordnesrepublikken.no\/#organization\",\"name\":\"Nordnesrepublikken\",\"url\":\"https:\/\/nordnesrepublikken.no\/\",\"logo\":{\"@type\":\"ImageObject\",\"inLanguage\":\"nb-NO\",\"@id\":\"https:\/\/nordnesrepublikken.no\/#\/schema\/logo\/image\/\",\"url\":\"https:\/\/nordnesrepublikken.no\/wp-content\/uploads\/2025\/02\/cropped-nordnesrepublikken-2.png\",\"contentUrl\":\"https:\/\/nordnesrepublikken.no\/wp-content\/uploads\/2025\/02\/cropped-nordnesrepublikken-2.png\",\"width\":1248,\"height\":362,\"caption\":\"Nordnesrepublikken\"},\"image\":{\"@id\":\"https:\/\/nordnesrepublikken.no\/#\/schema\/logo\/image\/\"}},{\"@type\":\"Person\",\"@id\":\"https:\/\/nordnesrepublikken.no\/#\/schema\/person\/2e7e81935bab77882fffb79296240ff1\",\"name\":\"Ole Andersen\",\"image\":{\"@type\":\"ImageObject\",\"inLanguage\":\"nb-NO\",\"@id\":\"https:\/\/nordnesrepublikken.no\/#\/schema\/person\/image\/\",\"url\":\"https:\/\/nordnesrepublikken.no\/wp-content\/uploads\/2025\/02\/nordnesrepublikken-2-2-150x150.jpg\",\"contentUrl\":\"https:\/\/nordnesrepublikken.no\/wp-content\/uploads\/2025\/02\/nordnesrepublikken-2-2-150x150.jpg\",\"caption\":\"Ole Andersen\"},\"description\":\"Ettersom jeg vokste opp i Oslo, har jeg alltid v\u00e6rt fascinert av ordenes kraft og deres evne til \u00e5 skape endringer. Etter \u00e5 ha fullf\u00f8rt min utdannelse i kommunikasjon ved Universitetet i Bergen, fikk jeg muligheten til \u00e5 jobbe innen ulike medier, der jeg har s\u00f8kt \u00e5 belyse viktige samfunnssp\u00f8rsm\u00e5l. I dag, som redakt\u00f8r for Nordnesrepublikken, pr\u00f8ver jeg \u00e5 forene min kj\u00e6rlighet for journalistikk med min lidenskap for innovasjon og eventyr.\",\"sameAs\":[\"https:\/\/nordnesrepublikken.no\/\"]}]}<\/script>\n<!-- \/ Yoast SEO plugin. -->","yoast_head_json":{"title":"hvor de finnes og hvorfor de er viktige - Nordnesrepublikken","robots":{"index":"index","follow":"follow","max-snippet":"max-snippet:-1","max-image-preview":"max-image-preview:large","max-video-preview":"max-video-preview:-1"},"canonical":"https:\/\/nordnesrepublikken.no\/index.php\/2025\/12\/03\/hvor-de-finnes-og-hvorfor-de-er-viktige\/","og_locale":"nb_NO","og_type":"article","og_title":"hvor de finnes og hvorfor de er viktige - Nordnesrepublikken","og_description":"Temaet for sj\u00f8kabler vendte tilbake til prominens etter \u00f8ya Lampedusa det ble igjen uten internett","og_url":"https:\/\/nordnesrepublikken.no\/index.php\/2025\/12\/03\/hvor-de-finnes-og-hvorfor-de-er-viktige\/","og_site_name":"Nordnesrepublikken","article_published_time":"2025-12-03T12:51:15+00:00","article_modified_time":"2025-12-03T12:51:16+00:00","og_image":[{"width":1376,"height":768,"url":"https:\/\/nordnesrepublikken.no\/wp-content\/uploads\/2025\/12\/1764766276_hvor-de-finnes-og-hvorfor-de-er-viktige.jpg","type":"image\/jpeg"}],"author":"Ole Andersen","twitter_card":"summary_large_image","twitter_misc":{"Skrevet av":"Ole Andersen","Ansl. lesetid":"3 minutter"},"schema":{"@context":"https:\/\/schema.org","@graph":[{"@type":"Article","@id":"https:\/\/nordnesrepublikken.no\/index.php\/2025\/12\/03\/hvor-de-finnes-og-hvorfor-de-er-viktige\/#article","isPartOf":{"@id":"https:\/\/nordnesrepublikken.no\/index.php\/2025\/12\/03\/hvor-de-finnes-og-hvorfor-de-er-viktige\/"},"author":{"name":"Ole Andersen","@id":"https:\/\/nordnesrepublikken.no\/#\/schema\/person\/2e7e81935bab77882fffb79296240ff1"},"headline":"hvor de finnes og hvorfor de er viktige","datePublished":"2025-12-03T12:51:15+00:00","dateModified":"2025-12-03T12:51:16+00:00","mainEntityOfPage":{"@id":"https:\/\/nordnesrepublikken.no\/index.php\/2025\/12\/03\/hvor-de-finnes-og-hvorfor-de-er-viktige\/"},"wordCount":612,"publisher":{"@id":"https:\/\/nordnesrepublikken.no\/#organization"},"image":{"@id":"https:\/\/nordnesrepublikken.no\/index.php\/2025\/12\/03\/hvor-de-finnes-og-hvorfor-de-er-viktige\/#primaryimage"},"thumbnailUrl":"https:\/\/nordnesrepublikken.no\/wp-content\/uploads\/2025\/12\/1764766276_hvor-de-finnes-og-hvorfor-de-er-viktige.jpg","keywords":["finnes","hvor","hvorfor","viktige"],"articleSection":["Teknologi"],"inLanguage":"nb-NO"},{"@type":"WebPage","@id":"https:\/\/nordnesrepublikken.no\/index.php\/2025\/12\/03\/hvor-de-finnes-og-hvorfor-de-er-viktige\/","url":"https:\/\/nordnesrepublikken.no\/index.php\/2025\/12\/03\/hvor-de-finnes-og-hvorfor-de-er-viktige\/","name":"hvor de finnes og hvorfor de er viktige - Nordnesrepublikken","isPartOf":{"@id":"https:\/\/nordnesrepublikken.no\/#website"},"primaryImageOfPage":{"@id":"https:\/\/nordnesrepublikken.no\/index.php\/2025\/12\/03\/hvor-de-finnes-og-hvorfor-de-er-viktige\/#primaryimage"},"image":{"@id":"https:\/\/nordnesrepublikken.no\/index.php\/2025\/12\/03\/hvor-de-finnes-og-hvorfor-de-er-viktige\/#primaryimage"},"thumbnailUrl":"https:\/\/nordnesrepublikken.no\/wp-content\/uploads\/2025\/12\/1764766276_hvor-de-finnes-og-hvorfor-de-er-viktige.jpg","datePublished":"2025-12-03T12:51:15+00:00","dateModified":"2025-12-03T12:51:16+00:00","breadcrumb":{"@id":"https:\/\/nordnesrepublikken.no\/index.php\/2025\/12\/03\/hvor-de-finnes-og-hvorfor-de-er-viktige\/#breadcrumb"},"inLanguage":"nb-NO","potentialAction":[{"@type":"ReadAction","target":["https:\/\/nordnesrepublikken.no\/index.php\/2025\/12\/03\/hvor-de-finnes-og-hvorfor-de-er-viktige\/"]}]},{"@type":"ImageObject","inLanguage":"nb-NO","@id":"https:\/\/nordnesrepublikken.no\/index.php\/2025\/12\/03\/hvor-de-finnes-og-hvorfor-de-er-viktige\/#primaryimage","url":"https:\/\/nordnesrepublikken.no\/wp-content\/uploads\/2025\/12\/1764766276_hvor-de-finnes-og-hvorfor-de-er-viktige.jpg","contentUrl":"https:\/\/nordnesrepublikken.no\/wp-content\/uploads\/2025\/12\/1764766276_hvor-de-finnes-og-hvorfor-de-er-viktige.jpg","width":1376,"height":768,"caption":"hvor de finnes og hvorfor de er viktige"},{"@type":"BreadcrumbList","@id":"https:\/\/nordnesrepublikken.no\/index.php\/2025\/12\/03\/hvor-de-finnes-og-hvorfor-de-er-viktige\/#breadcrumb","itemListElement":[{"@type":"ListItem","position":1,"name":"Home","item":"https:\/\/nordnesrepublikken.no\/"},{"@type":"ListItem","position":2,"name":"hvor de finnes og hvorfor de er viktige"}]},{"@type":"WebSite","@id":"https:\/\/nordnesrepublikken.no\/#website","url":"https:\/\/nordnesrepublikken.no\/","name":"Nordnesrepublikken","description":"Stemmer og Visjoner fra Republikkens Hjerte","publisher":{"@id":"https:\/\/nordnesrepublikken.no\/#organization"},"potentialAction":[{"@type":"SearchAction","target":{"@type":"EntryPoint","urlTemplate":"https:\/\/nordnesrepublikken.no\/?s={search_term_string}"},"query-input":{"@type":"PropertyValueSpecification","valueRequired":true,"valueName":"search_term_string"}}],"inLanguage":"nb-NO"},{"@type":"Organization","@id":"https:\/\/nordnesrepublikken.no\/#organization","name":"Nordnesrepublikken","url":"https:\/\/nordnesrepublikken.no\/","logo":{"@type":"ImageObject","inLanguage":"nb-NO","@id":"https:\/\/nordnesrepublikken.no\/#\/schema\/logo\/image\/","url":"https:\/\/nordnesrepublikken.no\/wp-content\/uploads\/2025\/02\/cropped-nordnesrepublikken-2.png","contentUrl":"https:\/\/nordnesrepublikken.no\/wp-content\/uploads\/2025\/02\/cropped-nordnesrepublikken-2.png","width":1248,"height":362,"caption":"Nordnesrepublikken"},"image":{"@id":"https:\/\/nordnesrepublikken.no\/#\/schema\/logo\/image\/"}},{"@type":"Person","@id":"https:\/\/nordnesrepublikken.no\/#\/schema\/person\/2e7e81935bab77882fffb79296240ff1","name":"Ole Andersen","image":{"@type":"ImageObject","inLanguage":"nb-NO","@id":"https:\/\/nordnesrepublikken.no\/#\/schema\/person\/image\/","url":"https:\/\/nordnesrepublikken.no\/wp-content\/uploads\/2025\/02\/nordnesrepublikken-2-2-150x150.jpg","contentUrl":"https:\/\/nordnesrepublikken.no\/wp-content\/uploads\/2025\/02\/nordnesrepublikken-2-2-150x150.jpg","caption":"Ole Andersen"},"description":"Ettersom jeg vokste opp i Oslo, har jeg alltid v\u00e6rt fascinert av ordenes kraft og deres evne til \u00e5 skape endringer. Etter \u00e5 ha fullf\u00f8rt min utdannelse i kommunikasjon ved Universitetet i Bergen, fikk jeg muligheten til \u00e5 jobbe innen ulike medier, der jeg har s\u00f8kt \u00e5 belyse viktige samfunnssp\u00f8rsm\u00e5l. I dag, som redakt\u00f8r for Nordnesrepublikken, pr\u00f8ver jeg \u00e5 forene min kj\u00e6rlighet for journalistikk med min lidenskap for innovasjon og eventyr.","sameAs":["https:\/\/nordnesrepublikken.no\/"]}]}},"_links":{"self":[{"href":"https:\/\/nordnesrepublikken.no\/index.php\/wp-json\/wp\/v2\/posts\/12409","targetHints":{"allow":["GET"]}}],"collection":[{"href":"https:\/\/nordnesrepublikken.no\/index.php\/wp-json\/wp\/v2\/posts"}],"about":[{"href":"https:\/\/nordnesrepublikken.no\/index.php\/wp-json\/wp\/v2\/types\/post"}],"author":[{"embeddable":true,"href":"https:\/\/nordnesrepublikken.no\/index.php\/wp-json\/wp\/v2\/users\/1"}],"replies":[{"embeddable":true,"href":"https:\/\/nordnesrepublikken.no\/index.php\/wp-json\/wp\/v2\/comments?post=12409"}],"version-history":[{"count":1,"href":"https:\/\/nordnesrepublikken.no\/index.php\/wp-json\/wp\/v2\/posts\/12409\/revisions"}],"predecessor-version":[{"id":12411,"href":"https:\/\/nordnesrepublikken.no\/index.php\/wp-json\/wp\/v2\/posts\/12409\/revisions\/12411"}],"wp:featuredmedia":[{"embeddable":true,"href":"https:\/\/nordnesrepublikken.no\/index.php\/wp-json\/wp\/v2\/media\/12410"}],"wp:attachment":[{"href":"https:\/\/nordnesrepublikken.no\/index.php\/wp-json\/wp\/v2\/media?parent=12409"}],"wp:term":[{"taxonomy":"category","embeddable":true,"href":"https:\/\/nordnesrepublikken.no\/index.php\/wp-json\/wp\/v2\/categories?post=12409"},{"taxonomy":"post_tag","embeddable":true,"href":"https:\/\/nordnesrepublikken.no\/index.php\/wp-json\/wp\/v2\/tags?post=12409"}],"curies":[{"name":"wp","href":"https:\/\/api.w.org\/{rel}","templated":true}]}}