{"id":12403,"date":"2025-12-03T11:50:31","date_gmt":"2025-12-03T10:50:31","guid":{"rendered":"https:\/\/nordnesrepublikken.no\/index.php\/2025\/12\/03\/age-concern-a-vaere-vertskap-for-julearrangementer-i-fuengirola-mijas-og-benalmadena\/"},"modified":"2025-12-03T11:50:33","modified_gmt":"2025-12-03T10:50:33","slug":"age-concern-a-vaere-vertskap-for-julearrangementer-i-fuengirola-mijas-og-benalmadena","status":"publish","type":"post","link":"https:\/\/nordnesrepublikken.no\/index.php\/2025\/12\/03\/age-concern-a-vaere-vertskap-for-julearrangementer-i-fuengirola-mijas-og-benalmadena\/","title":{"rendered":"Age Concern \u00e5 v\u00e6re vertskap for julearrangementer i Fuengirola, Mijas og Benalm\u00e1dena"},"content":{"rendered":"<p><\/p>\n<div class=\"wordpress-content\">\n                    <!-- Article Start --><\/p>\n<p data-start=\"142\" data-end=\"373\">Age Concern for Fuengirola, Mijas og Benalmadena er vertskap for en rekke festlige begivenheter for lokalsamfunnet. Fra veldedige pengeinnsamlinger til sosiale utflukter, det er noe for alle \u00e5 glede seg over.<\/p>\n<h2 data-start=\"375\" data-end=\"419\">Barer av juleinnsamling<\/h2>\n<p data-start=\"421\" data-end=\"1088\">Denne s\u00f8ndagen 7. desember arrangerer organisasjonen sin tredje \u00e5rlige Bars of Christmas-innsamling. Denne popul\u00e6re begivenheten tilbyr en ettermiddag med moro, spill og festlig jubel p\u00e5 tvers av lokale barer. Deltakerne oppfordres til \u00e5 bruke juleantrekk og kan glede seg over premier og overraskelser langs ruten. Inngangen koster \u20ac5, og alle inntektene g\u00e5r til Hospital to Home-prosjektet, som st\u00f8tter s\u00e5rbare eldre mennesker i omr\u00e5det. Registrering er tilgjengelig p\u00e5 ethvert Age Concern Drop-in-senter, eller deltakere kan bli med i den f\u00f8rste baren, Bakers Tavern, kl. 13:00. Et rutekart lar folk bli med n\u00e5r som helst, og oppdateringer vil bli lagt ut p\u00e5 organisasjonens Facebook-side utover dagen.<\/p>\n<h2 data-start=\"1090\" data-end=\"1135\">Sosial lunsj i Mijas Pueblo<\/h2>\n<p>Tirsdag 16. desember vil det bli holdt en sosial lunsj p\u00e5 Bodeguita El Tejo i Mijas Pueblo fra kl. 13.30. Arrangementet tilbyr en tre-retters meny med en drink til en rimelig pris p\u00e5 \u20ac18 per person. Menyvalg b\u00f8r bekreftes p\u00e5 forh\u00e5nd ved \u00e5 kontakte en lokal drop-in-klubb eller via Facebook.<\/p>\n<div class=\"sra_unit\"><link rel=\"stylesheet\" id=\"block-sra\" href=\"https:\/\/euroweeklynews.com\/wp-content\/plugins\/snack-related-articles\/dist\/css\/snack-related.min.css?250312-193541\" type=\"text\/css\" media=\"all\">\n<\/div>\n<h2 data-start=\"1495\" data-end=\"1545\">Julebusstur til Gibraltar<\/h2>\n<p data-start=\"1547\" data-end=\"1929\">S\u00e5, onsdag 17. desember, kj\u00f8rer Age Concern en festlig busstur til Gibraltar. Med avgang fra innsamlingssteder i Arroyo, Fuengirola, Las Lagunas og Cala de Mijas mellom 09:00 og 09:30, gir turen sjansen til \u00e5 bla i taxfree-butikker, hente gaver og nyte byens kafeer og severdigheter. Treneren er tilbake 16:30. Billetter koster \u20ac15 og kan bestilles p\u00e5 lokale drop-in-klubber.<\/p>\n<p>Age Concern inviterer faste og nye medlemmer til \u00e5 v\u00e6re med p\u00e5 \u00e5 spre festlig hum\u00f8r og st\u00f8tte lokale form\u00e5l. For detaljer og bestilling, bes\u00f8k www.ageconcernfym.com eller s\u00f8k AgeConcernFMB p\u00e5 Facebook.<\/p>\n<p>Age Concern lokale grupper har som m\u00e5l \u00e5 st\u00f8tte engelsktalende personer over 50 \u00e5r, inkludert de som kan v\u00e6re s\u00e5rbare eller sosialt isolerte. De tilbyr en rekke sosiale arrangementer og st\u00f8ttetjenester \u2013 mer informasjon her.<\/p>\n<p>                    <!-- Originally published at https:\/\/euroweeklynews.com\/2025\/12\/03\/age-concern-to-host-christmas-events-in-fuengirola-mijas-and-benalmadena\/ on 03 Dec 2025 at 9:57 by Donna Neely --><br \/>\n                    <!-- Article End -->\n                <\/div>\n","protected":false},"excerpt":{"rendered":"<p>Age Concern for Fuengirola, Mijas og Benalmadena er vertskap for en rekke festlige begivenheter for<\/p>\n","protected":false},"author":1,"featured_media":12404,"comment_status":"closed","ping_status":"open","sticky":false,"template":"","format":"standard","meta":{"footnotes":""},"categories":[105],"tags":[8160,8165,8161,5253,8163,8164,290,8162],"class_list":["post-12403","post","type-post","status-publish","format-standard","has-post-thumbnail","hentry","category-livsstil","tag-age","tag-benalmadena","tag-concern","tag-fuengirola","tag-julearrangementer","tag-mijas","tag-vaere","tag-vertskap","generate-columns","tablet-grid-50","mobile-grid-100","grid-parent","grid-33","resize-featured-image"],"yoast_head":"<!-- This site is optimized with the Yoast SEO plugin v24.4 - https:\/\/yoast.com\/wordpress\/plugins\/seo\/ -->\n<title>Age Concern \u00e5 v\u00e6re vertskap for julearrangementer i Fuengirola, Mijas og Benalm\u00e1dena - Nordnesrepublikken<\/title>\n<meta name=\"robots\" content=\"index, follow, max-snippet:-1, max-image-preview:large, max-video-preview:-1\" \/>\n<link rel=\"canonical\" href=\"https:\/\/nordnesrepublikken.no\/index.php\/2025\/12\/03\/age-concern-a-vaere-vertskap-for-julearrangementer-i-fuengirola-mijas-og-benalmadena\/\" \/>\n<meta property=\"og:locale\" content=\"nb_NO\" \/>\n<meta property=\"og:type\" content=\"article\" \/>\n<meta property=\"og:title\" content=\"Age Concern \u00e5 v\u00e6re vertskap for julearrangementer i Fuengirola, Mijas og Benalm\u00e1dena - Nordnesrepublikken\" \/>\n<meta property=\"og:description\" content=\"Age Concern for Fuengirola, Mijas og Benalmadena er vertskap for en rekke festlige begivenheter for\" \/>\n<meta property=\"og:url\" content=\"https:\/\/nordnesrepublikken.no\/index.php\/2025\/12\/03\/age-concern-a-vaere-vertskap-for-julearrangementer-i-fuengirola-mijas-og-benalmadena\/\" \/>\n<meta property=\"og:site_name\" content=\"Nordnesrepublikken\" \/>\n<meta property=\"article:published_time\" content=\"2025-12-03T10:50:31+00:00\" \/>\n<meta property=\"article:modified_time\" content=\"2025-12-03T10:50:33+00:00\" \/>\n<meta property=\"og:image\" content=\"https:\/\/nordnesrepublikken.no\/wp-content\/uploads\/2025\/12\/1764759032_Age-Concern-a-vaere-vertskap-for-julearrangementer-i-Fuengirola-Mijas.jpg\" \/>\n\t<meta property=\"og:image:width\" content=\"1200\" \/>\n\t<meta property=\"og:image:height\" content=\"900\" \/>\n\t<meta property=\"og:image:type\" content=\"image\/jpeg\" \/>\n<meta name=\"author\" content=\"Ole Andersen\" \/>\n<meta name=\"twitter:card\" content=\"summary_large_image\" \/>\n<meta name=\"twitter:label1\" content=\"Skrevet av\" \/>\n\t<meta name=\"twitter:data1\" content=\"Ole Andersen\" \/>\n\t<meta name=\"twitter:label2\" content=\"Ansl. lesetid\" \/>\n\t<meta name=\"twitter:data2\" content=\"2 minutter\" \/>\n<script type=\"application\/ld+json\" class=\"yoast-schema-graph\">{\"@context\":\"https:\/\/schema.org\",\"@graph\":[{\"@type\":\"Article\",\"@id\":\"https:\/\/nordnesrepublikken.no\/index.php\/2025\/12\/03\/age-concern-a-vaere-vertskap-for-julearrangementer-i-fuengirola-mijas-og-benalmadena\/#article\",\"isPartOf\":{\"@id\":\"https:\/\/nordnesrepublikken.no\/index.php\/2025\/12\/03\/age-concern-a-vaere-vertskap-for-julearrangementer-i-fuengirola-mijas-og-benalmadena\/\"},\"author\":{\"name\":\"Ole Andersen\",\"@id\":\"https:\/\/nordnesrepublikken.no\/#\/schema\/person\/2e7e81935bab77882fffb79296240ff1\"},\"headline\":\"Age Concern \u00e5 v\u00e6re vertskap for julearrangementer i Fuengirola, Mijas og Benalm\u00e1dena\",\"datePublished\":\"2025-12-03T10:50:31+00:00\",\"dateModified\":\"2025-12-03T10:50:33+00:00\",\"mainEntityOfPage\":{\"@id\":\"https:\/\/nordnesrepublikken.no\/index.php\/2025\/12\/03\/age-concern-a-vaere-vertskap-for-julearrangementer-i-fuengirola-mijas-og-benalmadena\/\"},\"wordCount\":337,\"publisher\":{\"@id\":\"https:\/\/nordnesrepublikken.no\/#organization\"},\"image\":{\"@id\":\"https:\/\/nordnesrepublikken.no\/index.php\/2025\/12\/03\/age-concern-a-vaere-vertskap-for-julearrangementer-i-fuengirola-mijas-og-benalmadena\/#primaryimage\"},\"thumbnailUrl\":\"https:\/\/nordnesrepublikken.no\/wp-content\/uploads\/2025\/12\/1764759032_Age-Concern-a-vaere-vertskap-for-julearrangementer-i-Fuengirola-Mijas.jpg\",\"keywords\":[\"Age\",\"Benalm\u00e1dena\",\"Concern\",\"Fuengirola\",\"julearrangementer\",\"Mijas\",\"v\u00e6re\",\"vertskap\"],\"articleSection\":[\"Livsstil\"],\"inLanguage\":\"nb-NO\"},{\"@type\":\"WebPage\",\"@id\":\"https:\/\/nordnesrepublikken.no\/index.php\/2025\/12\/03\/age-concern-a-vaere-vertskap-for-julearrangementer-i-fuengirola-mijas-og-benalmadena\/\",\"url\":\"https:\/\/nordnesrepublikken.no\/index.php\/2025\/12\/03\/age-concern-a-vaere-vertskap-for-julearrangementer-i-fuengirola-mijas-og-benalmadena\/\",\"name\":\"Age Concern \u00e5 v\u00e6re vertskap for julearrangementer i Fuengirola, Mijas og Benalm\u00e1dena - Nordnesrepublikken\",\"isPartOf\":{\"@id\":\"https:\/\/nordnesrepublikken.no\/#website\"},\"primaryImageOfPage\":{\"@id\":\"https:\/\/nordnesrepublikken.no\/index.php\/2025\/12\/03\/age-concern-a-vaere-vertskap-for-julearrangementer-i-fuengirola-mijas-og-benalmadena\/#primaryimage\"},\"image\":{\"@id\":\"https:\/\/nordnesrepublikken.no\/index.php\/2025\/12\/03\/age-concern-a-vaere-vertskap-for-julearrangementer-i-fuengirola-mijas-og-benalmadena\/#primaryimage\"},\"thumbnailUrl\":\"https:\/\/nordnesrepublikken.no\/wp-content\/uploads\/2025\/12\/1764759032_Age-Concern-a-vaere-vertskap-for-julearrangementer-i-Fuengirola-Mijas.jpg\",\"datePublished\":\"2025-12-03T10:50:31+00:00\",\"dateModified\":\"2025-12-03T10:50:33+00:00\",\"breadcrumb\":{\"@id\":\"https:\/\/nordnesrepublikken.no\/index.php\/2025\/12\/03\/age-concern-a-vaere-vertskap-for-julearrangementer-i-fuengirola-mijas-og-benalmadena\/#breadcrumb\"},\"inLanguage\":\"nb-NO\",\"potentialAction\":[{\"@type\":\"ReadAction\",\"target\":[\"https:\/\/nordnesrepublikken.no\/index.php\/2025\/12\/03\/age-concern-a-vaere-vertskap-for-julearrangementer-i-fuengirola-mijas-og-benalmadena\/\"]}]},{\"@type\":\"ImageObject\",\"inLanguage\":\"nb-NO\",\"@id\":\"https:\/\/nordnesrepublikken.no\/index.php\/2025\/12\/03\/age-concern-a-vaere-vertskap-for-julearrangementer-i-fuengirola-mijas-og-benalmadena\/#primaryimage\",\"url\":\"https:\/\/nordnesrepublikken.no\/wp-content\/uploads\/2025\/12\/1764759032_Age-Concern-a-vaere-vertskap-for-julearrangementer-i-Fuengirola-Mijas.jpg\",\"contentUrl\":\"https:\/\/nordnesrepublikken.no\/wp-content\/uploads\/2025\/12\/1764759032_Age-Concern-a-vaere-vertskap-for-julearrangementer-i-Fuengirola-Mijas.jpg\",\"width\":1200,\"height\":900,\"caption\":\"Age Concern \u00e5 v\u00e6re vertskap for julearrangementer i Fuengirola, Mijas og Benalm\u00e1dena\"},{\"@type\":\"BreadcrumbList\",\"@id\":\"https:\/\/nordnesrepublikken.no\/index.php\/2025\/12\/03\/age-concern-a-vaere-vertskap-for-julearrangementer-i-fuengirola-mijas-og-benalmadena\/#breadcrumb\",\"itemListElement\":[{\"@type\":\"ListItem\",\"position\":1,\"name\":\"Home\",\"item\":\"https:\/\/nordnesrepublikken.no\/\"},{\"@type\":\"ListItem\",\"position\":2,\"name\":\"Age Concern \u00e5 v\u00e6re vertskap for julearrangementer i Fuengirola, Mijas og Benalm\u00e1dena\"}]},{\"@type\":\"WebSite\",\"@id\":\"https:\/\/nordnesrepublikken.no\/#website\",\"url\":\"https:\/\/nordnesrepublikken.no\/\",\"name\":\"Nordnesrepublikken\",\"description\":\"Stemmer og Visjoner fra Republikkens Hjerte\",\"publisher\":{\"@id\":\"https:\/\/nordnesrepublikken.no\/#organization\"},\"potentialAction\":[{\"@type\":\"SearchAction\",\"target\":{\"@type\":\"EntryPoint\",\"urlTemplate\":\"https:\/\/nordnesrepublikken.no\/?s={search_term_string}\"},\"query-input\":{\"@type\":\"PropertyValueSpecification\",\"valueRequired\":true,\"valueName\":\"search_term_string\"}}],\"inLanguage\":\"nb-NO\"},{\"@type\":\"Organization\",\"@id\":\"https:\/\/nordnesrepublikken.no\/#organization\",\"name\":\"Nordnesrepublikken\",\"url\":\"https:\/\/nordnesrepublikken.no\/\",\"logo\":{\"@type\":\"ImageObject\",\"inLanguage\":\"nb-NO\",\"@id\":\"https:\/\/nordnesrepublikken.no\/#\/schema\/logo\/image\/\",\"url\":\"https:\/\/nordnesrepublikken.no\/wp-content\/uploads\/2025\/02\/cropped-nordnesrepublikken-2.png\",\"contentUrl\":\"https:\/\/nordnesrepublikken.no\/wp-content\/uploads\/2025\/02\/cropped-nordnesrepublikken-2.png\",\"width\":1248,\"height\":362,\"caption\":\"Nordnesrepublikken\"},\"image\":{\"@id\":\"https:\/\/nordnesrepublikken.no\/#\/schema\/logo\/image\/\"}},{\"@type\":\"Person\",\"@id\":\"https:\/\/nordnesrepublikken.no\/#\/schema\/person\/2e7e81935bab77882fffb79296240ff1\",\"name\":\"Ole Andersen\",\"image\":{\"@type\":\"ImageObject\",\"inLanguage\":\"nb-NO\",\"@id\":\"https:\/\/nordnesrepublikken.no\/#\/schema\/person\/image\/\",\"url\":\"https:\/\/nordnesrepublikken.no\/wp-content\/uploads\/2025\/02\/nordnesrepublikken-2-2-150x150.jpg\",\"contentUrl\":\"https:\/\/nordnesrepublikken.no\/wp-content\/uploads\/2025\/02\/nordnesrepublikken-2-2-150x150.jpg\",\"caption\":\"Ole Andersen\"},\"description\":\"Ettersom jeg vokste opp i Oslo, har jeg alltid v\u00e6rt fascinert av ordenes kraft og deres evne til \u00e5 skape endringer. Etter \u00e5 ha fullf\u00f8rt min utdannelse i kommunikasjon ved Universitetet i Bergen, fikk jeg muligheten til \u00e5 jobbe innen ulike medier, der jeg har s\u00f8kt \u00e5 belyse viktige samfunnssp\u00f8rsm\u00e5l. I dag, som redakt\u00f8r for Nordnesrepublikken, pr\u00f8ver jeg \u00e5 forene min kj\u00e6rlighet for journalistikk med min lidenskap for innovasjon og eventyr.\",\"sameAs\":[\"https:\/\/nordnesrepublikken.no\/\"]}]}<\/script>\n<!-- \/ Yoast SEO plugin. -->","yoast_head_json":{"title":"Age Concern \u00e5 v\u00e6re vertskap for julearrangementer i Fuengirola, Mijas og Benalm\u00e1dena - Nordnesrepublikken","robots":{"index":"index","follow":"follow","max-snippet":"max-snippet:-1","max-image-preview":"max-image-preview:large","max-video-preview":"max-video-preview:-1"},"canonical":"https:\/\/nordnesrepublikken.no\/index.php\/2025\/12\/03\/age-concern-a-vaere-vertskap-for-julearrangementer-i-fuengirola-mijas-og-benalmadena\/","og_locale":"nb_NO","og_type":"article","og_title":"Age Concern \u00e5 v\u00e6re vertskap for julearrangementer i Fuengirola, Mijas og Benalm\u00e1dena - Nordnesrepublikken","og_description":"Age Concern for Fuengirola, Mijas og Benalmadena er vertskap for en rekke festlige begivenheter for","og_url":"https:\/\/nordnesrepublikken.no\/index.php\/2025\/12\/03\/age-concern-a-vaere-vertskap-for-julearrangementer-i-fuengirola-mijas-og-benalmadena\/","og_site_name":"Nordnesrepublikken","article_published_time":"2025-12-03T10:50:31+00:00","article_modified_time":"2025-12-03T10:50:33+00:00","og_image":[{"width":1200,"height":900,"url":"https:\/\/nordnesrepublikken.no\/wp-content\/uploads\/2025\/12\/1764759032_Age-Concern-a-vaere-vertskap-for-julearrangementer-i-Fuengirola-Mijas.jpg","type":"image\/jpeg"}],"author":"Ole Andersen","twitter_card":"summary_large_image","twitter_misc":{"Skrevet av":"Ole Andersen","Ansl. lesetid":"2 minutter"},"schema":{"@context":"https:\/\/schema.org","@graph":[{"@type":"Article","@id":"https:\/\/nordnesrepublikken.no\/index.php\/2025\/12\/03\/age-concern-a-vaere-vertskap-for-julearrangementer-i-fuengirola-mijas-og-benalmadena\/#article","isPartOf":{"@id":"https:\/\/nordnesrepublikken.no\/index.php\/2025\/12\/03\/age-concern-a-vaere-vertskap-for-julearrangementer-i-fuengirola-mijas-og-benalmadena\/"},"author":{"name":"Ole Andersen","@id":"https:\/\/nordnesrepublikken.no\/#\/schema\/person\/2e7e81935bab77882fffb79296240ff1"},"headline":"Age Concern \u00e5 v\u00e6re vertskap for julearrangementer i Fuengirola, Mijas og Benalm\u00e1dena","datePublished":"2025-12-03T10:50:31+00:00","dateModified":"2025-12-03T10:50:33+00:00","mainEntityOfPage":{"@id":"https:\/\/nordnesrepublikken.no\/index.php\/2025\/12\/03\/age-concern-a-vaere-vertskap-for-julearrangementer-i-fuengirola-mijas-og-benalmadena\/"},"wordCount":337,"publisher":{"@id":"https:\/\/nordnesrepublikken.no\/#organization"},"image":{"@id":"https:\/\/nordnesrepublikken.no\/index.php\/2025\/12\/03\/age-concern-a-vaere-vertskap-for-julearrangementer-i-fuengirola-mijas-og-benalmadena\/#primaryimage"},"thumbnailUrl":"https:\/\/nordnesrepublikken.no\/wp-content\/uploads\/2025\/12\/1764759032_Age-Concern-a-vaere-vertskap-for-julearrangementer-i-Fuengirola-Mijas.jpg","keywords":["Age","Benalm\u00e1dena","Concern","Fuengirola","julearrangementer","Mijas","v\u00e6re","vertskap"],"articleSection":["Livsstil"],"inLanguage":"nb-NO"},{"@type":"WebPage","@id":"https:\/\/nordnesrepublikken.no\/index.php\/2025\/12\/03\/age-concern-a-vaere-vertskap-for-julearrangementer-i-fuengirola-mijas-og-benalmadena\/","url":"https:\/\/nordnesrepublikken.no\/index.php\/2025\/12\/03\/age-concern-a-vaere-vertskap-for-julearrangementer-i-fuengirola-mijas-og-benalmadena\/","name":"Age Concern \u00e5 v\u00e6re vertskap for julearrangementer i Fuengirola, Mijas og Benalm\u00e1dena - Nordnesrepublikken","isPartOf":{"@id":"https:\/\/nordnesrepublikken.no\/#website"},"primaryImageOfPage":{"@id":"https:\/\/nordnesrepublikken.no\/index.php\/2025\/12\/03\/age-concern-a-vaere-vertskap-for-julearrangementer-i-fuengirola-mijas-og-benalmadena\/#primaryimage"},"image":{"@id":"https:\/\/nordnesrepublikken.no\/index.php\/2025\/12\/03\/age-concern-a-vaere-vertskap-for-julearrangementer-i-fuengirola-mijas-og-benalmadena\/#primaryimage"},"thumbnailUrl":"https:\/\/nordnesrepublikken.no\/wp-content\/uploads\/2025\/12\/1764759032_Age-Concern-a-vaere-vertskap-for-julearrangementer-i-Fuengirola-Mijas.jpg","datePublished":"2025-12-03T10:50:31+00:00","dateModified":"2025-12-03T10:50:33+00:00","breadcrumb":{"@id":"https:\/\/nordnesrepublikken.no\/index.php\/2025\/12\/03\/age-concern-a-vaere-vertskap-for-julearrangementer-i-fuengirola-mijas-og-benalmadena\/#breadcrumb"},"inLanguage":"nb-NO","potentialAction":[{"@type":"ReadAction","target":["https:\/\/nordnesrepublikken.no\/index.php\/2025\/12\/03\/age-concern-a-vaere-vertskap-for-julearrangementer-i-fuengirola-mijas-og-benalmadena\/"]}]},{"@type":"ImageObject","inLanguage":"nb-NO","@id":"https:\/\/nordnesrepublikken.no\/index.php\/2025\/12\/03\/age-concern-a-vaere-vertskap-for-julearrangementer-i-fuengirola-mijas-og-benalmadena\/#primaryimage","url":"https:\/\/nordnesrepublikken.no\/wp-content\/uploads\/2025\/12\/1764759032_Age-Concern-a-vaere-vertskap-for-julearrangementer-i-Fuengirola-Mijas.jpg","contentUrl":"https:\/\/nordnesrepublikken.no\/wp-content\/uploads\/2025\/12\/1764759032_Age-Concern-a-vaere-vertskap-for-julearrangementer-i-Fuengirola-Mijas.jpg","width":1200,"height":900,"caption":"Age Concern \u00e5 v\u00e6re vertskap for julearrangementer i Fuengirola, Mijas og Benalm\u00e1dena"},{"@type":"BreadcrumbList","@id":"https:\/\/nordnesrepublikken.no\/index.php\/2025\/12\/03\/age-concern-a-vaere-vertskap-for-julearrangementer-i-fuengirola-mijas-og-benalmadena\/#breadcrumb","itemListElement":[{"@type":"ListItem","position":1,"name":"Home","item":"https:\/\/nordnesrepublikken.no\/"},{"@type":"ListItem","position":2,"name":"Age Concern \u00e5 v\u00e6re vertskap for julearrangementer i Fuengirola, Mijas og Benalm\u00e1dena"}]},{"@type":"WebSite","@id":"https:\/\/nordnesrepublikken.no\/#website","url":"https:\/\/nordnesrepublikken.no\/","name":"Nordnesrepublikken","description":"Stemmer og Visjoner fra Republikkens Hjerte","publisher":{"@id":"https:\/\/nordnesrepublikken.no\/#organization"},"potentialAction":[{"@type":"SearchAction","target":{"@type":"EntryPoint","urlTemplate":"https:\/\/nordnesrepublikken.no\/?s={search_term_string}"},"query-input":{"@type":"PropertyValueSpecification","valueRequired":true,"valueName":"search_term_string"}}],"inLanguage":"nb-NO"},{"@type":"Organization","@id":"https:\/\/nordnesrepublikken.no\/#organization","name":"Nordnesrepublikken","url":"https:\/\/nordnesrepublikken.no\/","logo":{"@type":"ImageObject","inLanguage":"nb-NO","@id":"https:\/\/nordnesrepublikken.no\/#\/schema\/logo\/image\/","url":"https:\/\/nordnesrepublikken.no\/wp-content\/uploads\/2025\/02\/cropped-nordnesrepublikken-2.png","contentUrl":"https:\/\/nordnesrepublikken.no\/wp-content\/uploads\/2025\/02\/cropped-nordnesrepublikken-2.png","width":1248,"height":362,"caption":"Nordnesrepublikken"},"image":{"@id":"https:\/\/nordnesrepublikken.no\/#\/schema\/logo\/image\/"}},{"@type":"Person","@id":"https:\/\/nordnesrepublikken.no\/#\/schema\/person\/2e7e81935bab77882fffb79296240ff1","name":"Ole Andersen","image":{"@type":"ImageObject","inLanguage":"nb-NO","@id":"https:\/\/nordnesrepublikken.no\/#\/schema\/person\/image\/","url":"https:\/\/nordnesrepublikken.no\/wp-content\/uploads\/2025\/02\/nordnesrepublikken-2-2-150x150.jpg","contentUrl":"https:\/\/nordnesrepublikken.no\/wp-content\/uploads\/2025\/02\/nordnesrepublikken-2-2-150x150.jpg","caption":"Ole Andersen"},"description":"Ettersom jeg vokste opp i Oslo, har jeg alltid v\u00e6rt fascinert av ordenes kraft og deres evne til \u00e5 skape endringer. Etter \u00e5 ha fullf\u00f8rt min utdannelse i kommunikasjon ved Universitetet i Bergen, fikk jeg muligheten til \u00e5 jobbe innen ulike medier, der jeg har s\u00f8kt \u00e5 belyse viktige samfunnssp\u00f8rsm\u00e5l. I dag, som redakt\u00f8r for Nordnesrepublikken, pr\u00f8ver jeg \u00e5 forene min kj\u00e6rlighet for journalistikk med min lidenskap for innovasjon og eventyr.","sameAs":["https:\/\/nordnesrepublikken.no\/"]}]}},"_links":{"self":[{"href":"https:\/\/nordnesrepublikken.no\/index.php\/wp-json\/wp\/v2\/posts\/12403","targetHints":{"allow":["GET"]}}],"collection":[{"href":"https:\/\/nordnesrepublikken.no\/index.php\/wp-json\/wp\/v2\/posts"}],"about":[{"href":"https:\/\/nordnesrepublikken.no\/index.php\/wp-json\/wp\/v2\/types\/post"}],"author":[{"embeddable":true,"href":"https:\/\/nordnesrepublikken.no\/index.php\/wp-json\/wp\/v2\/users\/1"}],"replies":[{"embeddable":true,"href":"https:\/\/nordnesrepublikken.no\/index.php\/wp-json\/wp\/v2\/comments?post=12403"}],"version-history":[{"count":1,"href":"https:\/\/nordnesrepublikken.no\/index.php\/wp-json\/wp\/v2\/posts\/12403\/revisions"}],"predecessor-version":[{"id":12405,"href":"https:\/\/nordnesrepublikken.no\/index.php\/wp-json\/wp\/v2\/posts\/12403\/revisions\/12405"}],"wp:featuredmedia":[{"embeddable":true,"href":"https:\/\/nordnesrepublikken.no\/index.php\/wp-json\/wp\/v2\/media\/12404"}],"wp:attachment":[{"href":"https:\/\/nordnesrepublikken.no\/index.php\/wp-json\/wp\/v2\/media?parent=12403"}],"wp:term":[{"taxonomy":"category","embeddable":true,"href":"https:\/\/nordnesrepublikken.no\/index.php\/wp-json\/wp\/v2\/categories?post=12403"},{"taxonomy":"post_tag","embeddable":true,"href":"https:\/\/nordnesrepublikken.no\/index.php\/wp-json\/wp\/v2\/tags?post=12403"}],"curies":[{"name":"wp","href":"https:\/\/api.w.org\/{rel}","templated":true}]}}