{"id":12397,"date":"2025-12-03T08:51:23","date_gmt":"2025-12-03T07:51:23","guid":{"rendered":"https:\/\/nordnesrepublikken.no\/index.php\/2025\/12\/03\/jordskjelv-i-messina-med-styrke-36-sjokk-foltes-ogsa-i-reggio-calabria\/"},"modified":"2025-12-03T08:51:25","modified_gmt":"2025-12-03T07:51:25","slug":"jordskjelv-i-messina-med-styrke-36-sjokk-foltes-ogsa-i-reggio-calabria","status":"publish","type":"post","link":"https:\/\/nordnesrepublikken.no\/index.php\/2025\/12\/03\/jordskjelv-i-messina-med-styrke-36-sjokk-foltes-ogsa-i-reggio-calabria\/","title":{"rendered":"Jordskjelv i Messina med styrke 3,6, sjokk f\u00f8ltes ogs\u00e5 i Reggio Calabria"},"content":{"rendered":"<div>\n<div class=\"cp_wrapper cp_wrapper--fw mb-30 mb-20@tablet\">\n<figure class=\"mm\"><picture class=\"img\" style=\"padding-top:56.25%\"><source  media=\"(min-width: 1024px)\"><source  media=\"(min-width: 768px)\"><\/source><\/source><\/picture><\/figure>\n<\/p><\/div>\n<p>Et sterkt sjokk <strong>d<\/strong><b>jordskjelvet <\/b>Av<b> styrke 3,6 traff provinsen Messina <\/b>klokken 23.16 i g\u00e5r 2. desember. I f\u00f8lge det som ble rapportert av INGV, var episenteret lokalisert kl <strong>Italia<\/strong>7 km nord for Messina, mens hyposenteret ble oppdaget i <strong>49 km dyp<\/strong>. Sjokket ble tydelig f\u00f8lt i hele provinsen og s\u00e5 langt som til Reggio Calabria, bortenfor sundet. Det f\u00f8rste jordskjelvet ble fulgt av et andre jordskjelv <strong>styrke 2,5<\/strong> \u2013 registrert kl <strong>01:10 <\/strong>av 3. desember \u2013 og ligger i havet p\u00e5 et dyp av <strong>120 km<\/strong>vendt mot den nord\u00f8stlige sicilianske kysten.<\/p>\n<p>For \u00f8yeblikket derimot, <strong>ingen spesiell skade ble rapportert<\/strong> til bygninger eller personer, til tross for de mange meldingene som er mottatt fra brannvesenet og politiet.<\/p>\n<p>Fra et geologisk synspunkt handler det om <strong>et sv\u00e6rt seismisk omr\u00e5de:<\/strong> de <strong>Messinastredet <\/strong>\u2013 der Broen kunne bygges \u2013 ligger faktisk i en utvidelsessone, noe som betyr at<strong> Sicilia og Calabria driver sakte fra hverandre <\/strong>over et aktivt forkastningssystem: For \u00e5 bedre forst\u00e5 geologien til sundet, finn v\u00e5r dedikerte videoartikkel nedenfor.<\/p>\n<p>Omr\u00e5dets h\u00f8ye seismisitet er ogs\u00e5 synlig p\u00e5 kartet under, som viser alle<strong> jordskjelv med en styrke st\u00f8rre enn eller lik 3,0<\/strong> registrert i omr\u00e5det fra 1985 til i dag.<\/p>\n<div class=\"cp_wrapper cp_wrapper--fw mb-50\">\n<figure class=\"mm\"><picture class=\"img\" style=\"padding-top:115.16666666667%\"><source  media=\"(min-width: 1024px)\"><source  media=\"(min-width: 768px)\"><img decoding=\"async\" loading=\"lazy\" src=\"https:\/\/nordnesrepublikken.no\/wp-content\/uploads\/2025\/12\/Jordskjelv-i-Messina-med-styrke-36-sjokk-foltes-ogsa-i.jpeg\" alt=\"Messina jordskjelv\" width=\"1200\" height=\"1382\"\/><\/source><\/source><\/picture><\/figure>\n<\/p><\/div>\n<\/p><\/div>\n","protected":false},"excerpt":{"rendered":"<p>Et sterkt sjokk djordskjelvet Av styrke 3,6 traff provinsen Messina klokken 23.16 i g\u00e5r 2.<\/p>\n","protected":false},"author":1,"featured_media":12398,"comment_status":"closed","ping_status":"open","sticky":false,"template":"","format":"standard","meta":{"footnotes":""},"categories":[24],"tags":[1257,1256,137,79,8158,753,8159,557,6954],"class_list":["post-12397","post","type-post","status-publish","format-standard","has-post-thumbnail","hentry","category-vitenskap","tag-calabria","tag-foltes","tag-jordskjelv","tag-med","tag-messina","tag-ogsa","tag-reggio","tag-sjokk","tag-styrke","generate-columns","tablet-grid-50","mobile-grid-100","grid-parent","grid-33","resize-featured-image"],"yoast_head":"<!-- This site is optimized with the Yoast SEO plugin v24.4 - https:\/\/yoast.com\/wordpress\/plugins\/seo\/ -->\n<title>Jordskjelv i Messina med styrke 3,6, sjokk f\u00f8ltes ogs\u00e5 i Reggio Calabria - Nordnesrepublikken<\/title>\n<meta name=\"robots\" content=\"index, follow, max-snippet:-1, max-image-preview:large, max-video-preview:-1\" \/>\n<link rel=\"canonical\" href=\"https:\/\/nordnesrepublikken.no\/index.php\/2025\/12\/03\/jordskjelv-i-messina-med-styrke-36-sjokk-foltes-ogsa-i-reggio-calabria\/\" \/>\n<meta property=\"og:locale\" content=\"nb_NO\" \/>\n<meta property=\"og:type\" content=\"article\" \/>\n<meta property=\"og:title\" content=\"Jordskjelv i Messina med styrke 3,6, sjokk f\u00f8ltes ogs\u00e5 i Reggio Calabria - Nordnesrepublikken\" \/>\n<meta property=\"og:description\" content=\"Et sterkt sjokk djordskjelvet Av styrke 3,6 traff provinsen Messina klokken 23.16 i g\u00e5r 2.\" \/>\n<meta property=\"og:url\" content=\"https:\/\/nordnesrepublikken.no\/index.php\/2025\/12\/03\/jordskjelv-i-messina-med-styrke-36-sjokk-foltes-ogsa-i-reggio-calabria\/\" \/>\n<meta property=\"og:site_name\" content=\"Nordnesrepublikken\" \/>\n<meta property=\"article:published_time\" content=\"2025-12-03T07:51:23+00:00\" \/>\n<meta property=\"article:modified_time\" content=\"2025-12-03T07:51:25+00:00\" \/>\n<meta property=\"og:image\" content=\"https:\/\/nordnesrepublikken.no\/wp-content\/uploads\/2025\/12\/1764748284_Jordskjelv-i-Messina-med-styrke-36-sjokk-foltes-ogsa-i.jpg\" \/>\n\t<meta property=\"og:image:width\" content=\"1280\" \/>\n\t<meta property=\"og:image:height\" content=\"720\" \/>\n\t<meta property=\"og:image:type\" content=\"image\/jpeg\" \/>\n<meta name=\"author\" content=\"Ole Andersen\" \/>\n<meta name=\"twitter:card\" content=\"summary_large_image\" \/>\n<meta name=\"twitter:label1\" content=\"Skrevet av\" \/>\n\t<meta name=\"twitter:data1\" content=\"Ole Andersen\" \/>\n\t<meta name=\"twitter:label2\" content=\"Ansl. lesetid\" \/>\n\t<meta name=\"twitter:data2\" content=\"1 minutt\" \/>\n<script type=\"application\/ld+json\" class=\"yoast-schema-graph\">{\"@context\":\"https:\/\/schema.org\",\"@graph\":[{\"@type\":\"Article\",\"@id\":\"https:\/\/nordnesrepublikken.no\/index.php\/2025\/12\/03\/jordskjelv-i-messina-med-styrke-36-sjokk-foltes-ogsa-i-reggio-calabria\/#article\",\"isPartOf\":{\"@id\":\"https:\/\/nordnesrepublikken.no\/index.php\/2025\/12\/03\/jordskjelv-i-messina-med-styrke-36-sjokk-foltes-ogsa-i-reggio-calabria\/\"},\"author\":{\"name\":\"Ole Andersen\",\"@id\":\"https:\/\/nordnesrepublikken.no\/#\/schema\/person\/2e7e81935bab77882fffb79296240ff1\"},\"headline\":\"Jordskjelv i Messina med styrke 3,6, sjokk f\u00f8ltes ogs\u00e5 i Reggio Calabria\",\"datePublished\":\"2025-12-03T07:51:23+00:00\",\"dateModified\":\"2025-12-03T07:51:25+00:00\",\"mainEntityOfPage\":{\"@id\":\"https:\/\/nordnesrepublikken.no\/index.php\/2025\/12\/03\/jordskjelv-i-messina-med-styrke-36-sjokk-foltes-ogsa-i-reggio-calabria\/\"},\"wordCount\":206,\"publisher\":{\"@id\":\"https:\/\/nordnesrepublikken.no\/#organization\"},\"image\":{\"@id\":\"https:\/\/nordnesrepublikken.no\/index.php\/2025\/12\/03\/jordskjelv-i-messina-med-styrke-36-sjokk-foltes-ogsa-i-reggio-calabria\/#primaryimage\"},\"thumbnailUrl\":\"https:\/\/nordnesrepublikken.no\/wp-content\/uploads\/2025\/12\/1764748284_Jordskjelv-i-Messina-med-styrke-36-sjokk-foltes-ogsa-i.jpg\",\"keywords\":[\"Calabria\",\"f\u00f8ltes\",\"Jordskjelv\",\"med\",\"Messina\",\"ogs\u00e5\",\"Reggio\",\"sjokk\",\"styrke\"],\"articleSection\":[\"Vitenskap\"],\"inLanguage\":\"nb-NO\"},{\"@type\":\"WebPage\",\"@id\":\"https:\/\/nordnesrepublikken.no\/index.php\/2025\/12\/03\/jordskjelv-i-messina-med-styrke-36-sjokk-foltes-ogsa-i-reggio-calabria\/\",\"url\":\"https:\/\/nordnesrepublikken.no\/index.php\/2025\/12\/03\/jordskjelv-i-messina-med-styrke-36-sjokk-foltes-ogsa-i-reggio-calabria\/\",\"name\":\"Jordskjelv i Messina med styrke 3,6, sjokk f\u00f8ltes ogs\u00e5 i Reggio Calabria - Nordnesrepublikken\",\"isPartOf\":{\"@id\":\"https:\/\/nordnesrepublikken.no\/#website\"},\"primaryImageOfPage\":{\"@id\":\"https:\/\/nordnesrepublikken.no\/index.php\/2025\/12\/03\/jordskjelv-i-messina-med-styrke-36-sjokk-foltes-ogsa-i-reggio-calabria\/#primaryimage\"},\"image\":{\"@id\":\"https:\/\/nordnesrepublikken.no\/index.php\/2025\/12\/03\/jordskjelv-i-messina-med-styrke-36-sjokk-foltes-ogsa-i-reggio-calabria\/#primaryimage\"},\"thumbnailUrl\":\"https:\/\/nordnesrepublikken.no\/wp-content\/uploads\/2025\/12\/1764748284_Jordskjelv-i-Messina-med-styrke-36-sjokk-foltes-ogsa-i.jpg\",\"datePublished\":\"2025-12-03T07:51:23+00:00\",\"dateModified\":\"2025-12-03T07:51:25+00:00\",\"breadcrumb\":{\"@id\":\"https:\/\/nordnesrepublikken.no\/index.php\/2025\/12\/03\/jordskjelv-i-messina-med-styrke-36-sjokk-foltes-ogsa-i-reggio-calabria\/#breadcrumb\"},\"inLanguage\":\"nb-NO\",\"potentialAction\":[{\"@type\":\"ReadAction\",\"target\":[\"https:\/\/nordnesrepublikken.no\/index.php\/2025\/12\/03\/jordskjelv-i-messina-med-styrke-36-sjokk-foltes-ogsa-i-reggio-calabria\/\"]}]},{\"@type\":\"ImageObject\",\"inLanguage\":\"nb-NO\",\"@id\":\"https:\/\/nordnesrepublikken.no\/index.php\/2025\/12\/03\/jordskjelv-i-messina-med-styrke-36-sjokk-foltes-ogsa-i-reggio-calabria\/#primaryimage\",\"url\":\"https:\/\/nordnesrepublikken.no\/wp-content\/uploads\/2025\/12\/1764748284_Jordskjelv-i-Messina-med-styrke-36-sjokk-foltes-ogsa-i.jpg\",\"contentUrl\":\"https:\/\/nordnesrepublikken.no\/wp-content\/uploads\/2025\/12\/1764748284_Jordskjelv-i-Messina-med-styrke-36-sjokk-foltes-ogsa-i.jpg\",\"width\":1280,\"height\":720,\"caption\":\"Jordskjelv i Messina med styrke 3,6, sjokk f\u00f8ltes ogs\u00e5 i Reggio Calabria\"},{\"@type\":\"BreadcrumbList\",\"@id\":\"https:\/\/nordnesrepublikken.no\/index.php\/2025\/12\/03\/jordskjelv-i-messina-med-styrke-36-sjokk-foltes-ogsa-i-reggio-calabria\/#breadcrumb\",\"itemListElement\":[{\"@type\":\"ListItem\",\"position\":1,\"name\":\"Home\",\"item\":\"https:\/\/nordnesrepublikken.no\/\"},{\"@type\":\"ListItem\",\"position\":2,\"name\":\"Jordskjelv i Messina med styrke 3,6, sjokk f\u00f8ltes ogs\u00e5 i Reggio Calabria\"}]},{\"@type\":\"WebSite\",\"@id\":\"https:\/\/nordnesrepublikken.no\/#website\",\"url\":\"https:\/\/nordnesrepublikken.no\/\",\"name\":\"Nordnesrepublikken\",\"description\":\"Stemmer og Visjoner fra Republikkens Hjerte\",\"publisher\":{\"@id\":\"https:\/\/nordnesrepublikken.no\/#organization\"},\"potentialAction\":[{\"@type\":\"SearchAction\",\"target\":{\"@type\":\"EntryPoint\",\"urlTemplate\":\"https:\/\/nordnesrepublikken.no\/?s={search_term_string}\"},\"query-input\":{\"@type\":\"PropertyValueSpecification\",\"valueRequired\":true,\"valueName\":\"search_term_string\"}}],\"inLanguage\":\"nb-NO\"},{\"@type\":\"Organization\",\"@id\":\"https:\/\/nordnesrepublikken.no\/#organization\",\"name\":\"Nordnesrepublikken\",\"url\":\"https:\/\/nordnesrepublikken.no\/\",\"logo\":{\"@type\":\"ImageObject\",\"inLanguage\":\"nb-NO\",\"@id\":\"https:\/\/nordnesrepublikken.no\/#\/schema\/logo\/image\/\",\"url\":\"https:\/\/nordnesrepublikken.no\/wp-content\/uploads\/2025\/02\/cropped-nordnesrepublikken-2.png\",\"contentUrl\":\"https:\/\/nordnesrepublikken.no\/wp-content\/uploads\/2025\/02\/cropped-nordnesrepublikken-2.png\",\"width\":1248,\"height\":362,\"caption\":\"Nordnesrepublikken\"},\"image\":{\"@id\":\"https:\/\/nordnesrepublikken.no\/#\/schema\/logo\/image\/\"}},{\"@type\":\"Person\",\"@id\":\"https:\/\/nordnesrepublikken.no\/#\/schema\/person\/2e7e81935bab77882fffb79296240ff1\",\"name\":\"Ole Andersen\",\"image\":{\"@type\":\"ImageObject\",\"inLanguage\":\"nb-NO\",\"@id\":\"https:\/\/nordnesrepublikken.no\/#\/schema\/person\/image\/\",\"url\":\"https:\/\/nordnesrepublikken.no\/wp-content\/uploads\/2025\/02\/nordnesrepublikken-2-2-150x150.jpg\",\"contentUrl\":\"https:\/\/nordnesrepublikken.no\/wp-content\/uploads\/2025\/02\/nordnesrepublikken-2-2-150x150.jpg\",\"caption\":\"Ole Andersen\"},\"description\":\"Ettersom jeg vokste opp i Oslo, har jeg alltid v\u00e6rt fascinert av ordenes kraft og deres evne til \u00e5 skape endringer. Etter \u00e5 ha fullf\u00f8rt min utdannelse i kommunikasjon ved Universitetet i Bergen, fikk jeg muligheten til \u00e5 jobbe innen ulike medier, der jeg har s\u00f8kt \u00e5 belyse viktige samfunnssp\u00f8rsm\u00e5l. I dag, som redakt\u00f8r for Nordnesrepublikken, pr\u00f8ver jeg \u00e5 forene min kj\u00e6rlighet for journalistikk med min lidenskap for innovasjon og eventyr.\",\"sameAs\":[\"https:\/\/nordnesrepublikken.no\/\"]}]}<\/script>\n<!-- \/ Yoast SEO plugin. -->","yoast_head_json":{"title":"Jordskjelv i Messina med styrke 3,6, sjokk f\u00f8ltes ogs\u00e5 i Reggio Calabria - Nordnesrepublikken","robots":{"index":"index","follow":"follow","max-snippet":"max-snippet:-1","max-image-preview":"max-image-preview:large","max-video-preview":"max-video-preview:-1"},"canonical":"https:\/\/nordnesrepublikken.no\/index.php\/2025\/12\/03\/jordskjelv-i-messina-med-styrke-36-sjokk-foltes-ogsa-i-reggio-calabria\/","og_locale":"nb_NO","og_type":"article","og_title":"Jordskjelv i Messina med styrke 3,6, sjokk f\u00f8ltes ogs\u00e5 i Reggio Calabria - Nordnesrepublikken","og_description":"Et sterkt sjokk djordskjelvet Av styrke 3,6 traff provinsen Messina klokken 23.16 i g\u00e5r 2.","og_url":"https:\/\/nordnesrepublikken.no\/index.php\/2025\/12\/03\/jordskjelv-i-messina-med-styrke-36-sjokk-foltes-ogsa-i-reggio-calabria\/","og_site_name":"Nordnesrepublikken","article_published_time":"2025-12-03T07:51:23+00:00","article_modified_time":"2025-12-03T07:51:25+00:00","og_image":[{"width":1280,"height":720,"url":"https:\/\/nordnesrepublikken.no\/wp-content\/uploads\/2025\/12\/1764748284_Jordskjelv-i-Messina-med-styrke-36-sjokk-foltes-ogsa-i.jpg","type":"image\/jpeg"}],"author":"Ole Andersen","twitter_card":"summary_large_image","twitter_misc":{"Skrevet av":"Ole Andersen","Ansl. lesetid":"1 minutt"},"schema":{"@context":"https:\/\/schema.org","@graph":[{"@type":"Article","@id":"https:\/\/nordnesrepublikken.no\/index.php\/2025\/12\/03\/jordskjelv-i-messina-med-styrke-36-sjokk-foltes-ogsa-i-reggio-calabria\/#article","isPartOf":{"@id":"https:\/\/nordnesrepublikken.no\/index.php\/2025\/12\/03\/jordskjelv-i-messina-med-styrke-36-sjokk-foltes-ogsa-i-reggio-calabria\/"},"author":{"name":"Ole Andersen","@id":"https:\/\/nordnesrepublikken.no\/#\/schema\/person\/2e7e81935bab77882fffb79296240ff1"},"headline":"Jordskjelv i Messina med styrke 3,6, sjokk f\u00f8ltes ogs\u00e5 i Reggio Calabria","datePublished":"2025-12-03T07:51:23+00:00","dateModified":"2025-12-03T07:51:25+00:00","mainEntityOfPage":{"@id":"https:\/\/nordnesrepublikken.no\/index.php\/2025\/12\/03\/jordskjelv-i-messina-med-styrke-36-sjokk-foltes-ogsa-i-reggio-calabria\/"},"wordCount":206,"publisher":{"@id":"https:\/\/nordnesrepublikken.no\/#organization"},"image":{"@id":"https:\/\/nordnesrepublikken.no\/index.php\/2025\/12\/03\/jordskjelv-i-messina-med-styrke-36-sjokk-foltes-ogsa-i-reggio-calabria\/#primaryimage"},"thumbnailUrl":"https:\/\/nordnesrepublikken.no\/wp-content\/uploads\/2025\/12\/1764748284_Jordskjelv-i-Messina-med-styrke-36-sjokk-foltes-ogsa-i.jpg","keywords":["Calabria","f\u00f8ltes","Jordskjelv","med","Messina","ogs\u00e5","Reggio","sjokk","styrke"],"articleSection":["Vitenskap"],"inLanguage":"nb-NO"},{"@type":"WebPage","@id":"https:\/\/nordnesrepublikken.no\/index.php\/2025\/12\/03\/jordskjelv-i-messina-med-styrke-36-sjokk-foltes-ogsa-i-reggio-calabria\/","url":"https:\/\/nordnesrepublikken.no\/index.php\/2025\/12\/03\/jordskjelv-i-messina-med-styrke-36-sjokk-foltes-ogsa-i-reggio-calabria\/","name":"Jordskjelv i Messina med styrke 3,6, sjokk f\u00f8ltes ogs\u00e5 i Reggio Calabria - Nordnesrepublikken","isPartOf":{"@id":"https:\/\/nordnesrepublikken.no\/#website"},"primaryImageOfPage":{"@id":"https:\/\/nordnesrepublikken.no\/index.php\/2025\/12\/03\/jordskjelv-i-messina-med-styrke-36-sjokk-foltes-ogsa-i-reggio-calabria\/#primaryimage"},"image":{"@id":"https:\/\/nordnesrepublikken.no\/index.php\/2025\/12\/03\/jordskjelv-i-messina-med-styrke-36-sjokk-foltes-ogsa-i-reggio-calabria\/#primaryimage"},"thumbnailUrl":"https:\/\/nordnesrepublikken.no\/wp-content\/uploads\/2025\/12\/1764748284_Jordskjelv-i-Messina-med-styrke-36-sjokk-foltes-ogsa-i.jpg","datePublished":"2025-12-03T07:51:23+00:00","dateModified":"2025-12-03T07:51:25+00:00","breadcrumb":{"@id":"https:\/\/nordnesrepublikken.no\/index.php\/2025\/12\/03\/jordskjelv-i-messina-med-styrke-36-sjokk-foltes-ogsa-i-reggio-calabria\/#breadcrumb"},"inLanguage":"nb-NO","potentialAction":[{"@type":"ReadAction","target":["https:\/\/nordnesrepublikken.no\/index.php\/2025\/12\/03\/jordskjelv-i-messina-med-styrke-36-sjokk-foltes-ogsa-i-reggio-calabria\/"]}]},{"@type":"ImageObject","inLanguage":"nb-NO","@id":"https:\/\/nordnesrepublikken.no\/index.php\/2025\/12\/03\/jordskjelv-i-messina-med-styrke-36-sjokk-foltes-ogsa-i-reggio-calabria\/#primaryimage","url":"https:\/\/nordnesrepublikken.no\/wp-content\/uploads\/2025\/12\/1764748284_Jordskjelv-i-Messina-med-styrke-36-sjokk-foltes-ogsa-i.jpg","contentUrl":"https:\/\/nordnesrepublikken.no\/wp-content\/uploads\/2025\/12\/1764748284_Jordskjelv-i-Messina-med-styrke-36-sjokk-foltes-ogsa-i.jpg","width":1280,"height":720,"caption":"Jordskjelv i Messina med styrke 3,6, sjokk f\u00f8ltes ogs\u00e5 i Reggio Calabria"},{"@type":"BreadcrumbList","@id":"https:\/\/nordnesrepublikken.no\/index.php\/2025\/12\/03\/jordskjelv-i-messina-med-styrke-36-sjokk-foltes-ogsa-i-reggio-calabria\/#breadcrumb","itemListElement":[{"@type":"ListItem","position":1,"name":"Home","item":"https:\/\/nordnesrepublikken.no\/"},{"@type":"ListItem","position":2,"name":"Jordskjelv i Messina med styrke 3,6, sjokk f\u00f8ltes ogs\u00e5 i Reggio Calabria"}]},{"@type":"WebSite","@id":"https:\/\/nordnesrepublikken.no\/#website","url":"https:\/\/nordnesrepublikken.no\/","name":"Nordnesrepublikken","description":"Stemmer og Visjoner fra Republikkens Hjerte","publisher":{"@id":"https:\/\/nordnesrepublikken.no\/#organization"},"potentialAction":[{"@type":"SearchAction","target":{"@type":"EntryPoint","urlTemplate":"https:\/\/nordnesrepublikken.no\/?s={search_term_string}"},"query-input":{"@type":"PropertyValueSpecification","valueRequired":true,"valueName":"search_term_string"}}],"inLanguage":"nb-NO"},{"@type":"Organization","@id":"https:\/\/nordnesrepublikken.no\/#organization","name":"Nordnesrepublikken","url":"https:\/\/nordnesrepublikken.no\/","logo":{"@type":"ImageObject","inLanguage":"nb-NO","@id":"https:\/\/nordnesrepublikken.no\/#\/schema\/logo\/image\/","url":"https:\/\/nordnesrepublikken.no\/wp-content\/uploads\/2025\/02\/cropped-nordnesrepublikken-2.png","contentUrl":"https:\/\/nordnesrepublikken.no\/wp-content\/uploads\/2025\/02\/cropped-nordnesrepublikken-2.png","width":1248,"height":362,"caption":"Nordnesrepublikken"},"image":{"@id":"https:\/\/nordnesrepublikken.no\/#\/schema\/logo\/image\/"}},{"@type":"Person","@id":"https:\/\/nordnesrepublikken.no\/#\/schema\/person\/2e7e81935bab77882fffb79296240ff1","name":"Ole Andersen","image":{"@type":"ImageObject","inLanguage":"nb-NO","@id":"https:\/\/nordnesrepublikken.no\/#\/schema\/person\/image\/","url":"https:\/\/nordnesrepublikken.no\/wp-content\/uploads\/2025\/02\/nordnesrepublikken-2-2-150x150.jpg","contentUrl":"https:\/\/nordnesrepublikken.no\/wp-content\/uploads\/2025\/02\/nordnesrepublikken-2-2-150x150.jpg","caption":"Ole Andersen"},"description":"Ettersom jeg vokste opp i Oslo, har jeg alltid v\u00e6rt fascinert av ordenes kraft og deres evne til \u00e5 skape endringer. Etter \u00e5 ha fullf\u00f8rt min utdannelse i kommunikasjon ved Universitetet i Bergen, fikk jeg muligheten til \u00e5 jobbe innen ulike medier, der jeg har s\u00f8kt \u00e5 belyse viktige samfunnssp\u00f8rsm\u00e5l. I dag, som redakt\u00f8r for Nordnesrepublikken, pr\u00f8ver jeg \u00e5 forene min kj\u00e6rlighet for journalistikk med min lidenskap for innovasjon og eventyr.","sameAs":["https:\/\/nordnesrepublikken.no\/"]}]}},"_links":{"self":[{"href":"https:\/\/nordnesrepublikken.no\/index.php\/wp-json\/wp\/v2\/posts\/12397","targetHints":{"allow":["GET"]}}],"collection":[{"href":"https:\/\/nordnesrepublikken.no\/index.php\/wp-json\/wp\/v2\/posts"}],"about":[{"href":"https:\/\/nordnesrepublikken.no\/index.php\/wp-json\/wp\/v2\/types\/post"}],"author":[{"embeddable":true,"href":"https:\/\/nordnesrepublikken.no\/index.php\/wp-json\/wp\/v2\/users\/1"}],"replies":[{"embeddable":true,"href":"https:\/\/nordnesrepublikken.no\/index.php\/wp-json\/wp\/v2\/comments?post=12397"}],"version-history":[{"count":1,"href":"https:\/\/nordnesrepublikken.no\/index.php\/wp-json\/wp\/v2\/posts\/12397\/revisions"}],"predecessor-version":[{"id":12399,"href":"https:\/\/nordnesrepublikken.no\/index.php\/wp-json\/wp\/v2\/posts\/12397\/revisions\/12399"}],"wp:featuredmedia":[{"embeddable":true,"href":"https:\/\/nordnesrepublikken.no\/index.php\/wp-json\/wp\/v2\/media\/12398"}],"wp:attachment":[{"href":"https:\/\/nordnesrepublikken.no\/index.php\/wp-json\/wp\/v2\/media?parent=12397"}],"wp:term":[{"taxonomy":"category","embeddable":true,"href":"https:\/\/nordnesrepublikken.no\/index.php\/wp-json\/wp\/v2\/categories?post=12397"},{"taxonomy":"post_tag","embeddable":true,"href":"https:\/\/nordnesrepublikken.no\/index.php\/wp-json\/wp\/v2\/tags?post=12397"}],"curies":[{"name":"wp","href":"https:\/\/api.w.org\/{rel}","templated":true}]}}