{"id":12394,"date":"2025-12-03T05:51:13","date_gmt":"2025-12-03T04:51:13","guid":{"rendered":"https:\/\/nordnesrepublikken.no\/index.php\/2025\/12\/03\/pearl-harbor-japans-plutselige-luftangrep-pa-den-amerikanske-marinebasen-pa-hawaii\/"},"modified":"2025-12-03T05:51:16","modified_gmt":"2025-12-03T04:51:16","slug":"pearl-harbor-japans-plutselige-luftangrep-pa-den-amerikanske-marinebasen-pa-hawaii","status":"publish","type":"post","link":"https:\/\/nordnesrepublikken.no\/index.php\/2025\/12\/03\/pearl-harbor-japans-plutselige-luftangrep-pa-den-amerikanske-marinebasen-pa-hawaii\/","title":{"rendered":"Pearl Harbor, Japans plutselige luftangrep p\u00e5 den amerikanske marinebasen p\u00e5 Hawaii"},"content":{"rendered":"<div>\n<div class=\"cp_wrapper cp_wrapper--fw mb-30 mb-20@tablet\">\n<figure class=\"mm\"><picture class=\"img\" style=\"padding-top:56.25%\"><source  media=\"(min-width: 1024px)\"><source  media=\"(min-width: 768px)\"><\/source><\/source><\/picture><\/figure>\n<\/p><\/div>\n<p>Japanerne angriper <strong>Pearl Harbor<\/strong>p\u00e5 \u00f8ya Oahu p\u00e5 Hawaii \u2013 hjemmet til den amerikanske stillehavsfl\u00e5ten \u2013 ble skutt opp under andre verdenskrig. <strong>7. desember 1941, <\/strong>ved daggry s\u00f8ndag morgen. Det var et plutselig angrep fra det japanske luftv\u00e5penet, som skjedde i to b\u00f8lger og for\u00e5rsaket d\u00f8den til <strong>2403 amerikanske soldater <\/strong>og \u00f8deleggelsen av 8 slagskip slagskip.<\/p>\n<p>\u00c5rsakene m\u00e5 spores tilbake til <strong>ekspansjonistisk politikk <\/strong>av Japan, som hadde til hensikt \u00e5 bygge en &laquo;<strong>ny verdensorden<\/strong>&laquo;i Asia og Stillehavet, p\u00e5 lignende m\u00e5te som det Nazi-Tyskland og det fascistiske Italia fors\u00f8kte \u00e5 gj\u00f8re i Europa. Tokyo-regjeringens planer ble imidlertid hindret av<strong> USA<\/strong>som hadde p\u00e5lagt en <strong>handelsembargo <\/strong>til Japan for \u00e5 dempe sin ekspansjonisme. Den episoden markerte USAs inntreden i andre verdenskrig: 8. desember 1941 erkl\u00e6rte USAs president Roosevelt krig mot Japan, og definerte angrepet som en &laquo;dag for van\u00e6re&raquo;.<\/p>\n<p>Det \u00f8yeblikket markerte USAs historie: det minnes fortsatt i dag under <em>National Pearl Harbor Remembrance Day <\/em>og inspirerte filmen &laquo;Pearl Harbor&raquo; med samme navn.<\/p>\n<p> <!-- SUMMARY --> <\/p>\n<h2 id=\"le-ragioni-dellattacco-a-pearl-harbor\">\u00c5rsakene til angrepet fra japansk luftfart<\/h2>\n<p>P\u00e5 1930-tallet etablerte et regime seg i det japanske imperiet<strong> nasjonalist og militarist<\/strong>p\u00e5 noen m\u00e5ter lik europeiske totalitarisme. I 1931 invaderte den japanske h\u00e6ren en perifer region av Kina, den <strong>Manchuria, <\/strong>og i 1937 brakte han krigen til hjertet av <strong>kinesisk territorium<\/strong>. M\u00e5let var \u00e5 bli den dominerende makten i Asia-Stillehavsregionen.<\/p>\n<div class=\"cp_wrapper cp_wrapper--fw mb-50\">\n<figure class=\"mm\"><picture class=\"img\" style=\"padding-top:77.319587628866%\"><source  media=\"(min-width: 1024px)\"><source  media=\"(min-width: 768px)\"><img decoding=\"async\" loading=\"lazy\" src=\"https:\/\/nordnesrepublikken.no\/wp-content\/uploads\/2025\/12\/Pearl-Harbor-Japans-plutselige-luftangrep-pa-den-amerikanske-marinebasen-pa.jpg\" alt=\"Japanske erobringer i Kina i 1941 (i r\u00f8dt)\" width=\"776\" height=\"600\"\/><\/source><\/source><\/picture><\/figure>\n<\/p><\/div>\n<p>Han ogs\u00e5 <strong>USA <\/strong>de hadde interesser i Stillehavet: de kontrollerte <strong>Filippinene<\/strong>ble deres koloni p\u00e5 slutten av det nittende \u00e5rhundre, og det hadde de <strong>kommersielle interesser <\/strong>i omr\u00e5det.<\/p>\n<p>I 1939 begynte som vi vet den andre verdenskrigen i Europa. USA og Japan <strong>de var ikke direkte involvert<\/strong>men konflikten forsterket likevel spenningene fordi amerikanerne st\u00f8ttet Storbritannia, mens japanerne var n\u00e6r Nazi-Tyskland og det fascistiske Italia. Etter starten av krigen i Europa hadde regjeringen i Tokyo til hensikt \u00e5 fortsette sin ekspansjon, men m\u00e5tte bestemme i hvilken retning den skulle ledes. Det var to alternativer: mot<strong>Kontinentalt Asia<\/strong>angriper Sovjetunionen, eller i retning av <strong>S\u00f8r\u00f8st-Asia<\/strong>overfor USA. De <strong>25. juni 1941<\/strong>i et &laquo;forbindelsesm\u00f8te&raquo; av regjeringen med de milit\u00e6re lederne, ble det besluttet \u00e5 angripe i S\u00f8r-\u00d8st og i juli okkuperte h\u00e6ren den franske kolonien av<strong>Indokina<\/strong>.<\/p>\n<p>I USA var japansk ekspansjonisme sterkt fryktet, ogs\u00e5 fordi den s\u00e5 ut som Hitlers i Europa, men en stor del av opinionen <strong>han ville ikke at landet skulle bli involvert i konflikter <\/strong>andre omr\u00e5der i verden. Regjeringen, ledet av president Franklin D. Roosevelt, reagerte p\u00e5 ekspansjonisme med \u00f8konomiske tiltak: i 1940 innf\u00f8rte den den f\u00f8rste <strong>sanksjoner <\/strong>og, etter invasjonen av Indokina, stoppet den helt <strong>eksport av olje og andre strategiske varer<\/strong>etterfulgt av Storbritannia og Nederland. For Japan var den amerikanske beslutningen en alvorlig hindring, siden uten olje ville den ikke ha v\u00e6rt i stand til \u00e5 fortsette sin ekspansjon. De <strong>6. september <\/strong><strong>keiserlig konferanse <\/strong>(dvs. et regjeringsm\u00f8te med keiseren til stede) bestemte at hvis forhandlinger om \u00e5 stoppe sanksjoner mislyktes, var det ikke noe alternativ til krig. I oktober generalen <strong>Hideki Tojo <\/strong>han ble regjeringssjef og fastsatte fristen for \u00e5 avslutte forhandlingene: 30. november. Hvis ingen avtale ble oppn\u00e5dd innen da, ville krigen begynne.<\/p>\n<div class=\"cp_wrapper cp_wrapper--fw mb-50\">\n<figure class=\"mm\"><picture class=\"img\" style=\"padding-top:171.75%\"><source  media=\"(min-width: 1024px)\"><source  media=\"(min-width: 768px)\"><img decoding=\"async\" loading=\"lazy\" src=\"https:\/\/nordnesrepublikken.no\/wp-content\/uploads\/2025\/12\/1764737470_600_Pearl-Harbor-Japans-plutselige-luftangrep-pa-den-amerikanske-marinebasen-pa.jpeg\" alt=\"Keiser Hirohito\" width=\"800\" height=\"1374\" class=\"js-seedtag-img\"\/><\/source><\/source><\/picture><\/figure>\n<\/p><\/div>\n<h2 id=\"il-piano-dattacco-e-la-partenza-della-flotta\">Overraskelsesangrepet p\u00e5 Pearl Harbor<\/h2>\n<p>De japanske milit\u00e6rlederne var klar over dette <strong>USAs milit\u00e6re og industrielle potensial <\/strong>og de trodde at den eneste muligheten for seier l\u00e5 i \u00e5 gi dem et d\u00f8delig slag i begynnelsen av fiendtlighetene. Sj\u00f8forsvaret, ledet av admiralen <strong>Isoroku Yamamoto<\/strong>utviklet en ambisi\u00f8s plan: \u00e5 gjennomf\u00f8re hangarskip n\u00e6r <strong>Hawaii <\/strong>og \u00f8delegge ved luftangrep den amerikanske stillehavsfl\u00e5ten, som ble ankret opp ved Pearl Harbor, en havn i<strong>\u00f8ya Oahu<\/strong>.<\/p>\n<div class=\"cp_wrapper cp_wrapper--fw mb-50\">\n<figure class=\"mm\"><picture class=\"img\" style=\"padding-top:78.875%\"><source  media=\"(min-width: 1024px)\"><source  media=\"(min-width: 768px)\"><img decoding=\"async\" loading=\"lazy\" src=\"https:\/\/nordnesrepublikken.no\/wp-content\/uploads\/2025\/12\/1764737470_614_Pearl-Harbor-Japans-plutselige-luftangrep-pa-den-amerikanske-marinebasen-pa.jpeg\" alt=\"Den amerikanske basen ved Pearl Harbor\" width=\"800\" height=\"631\"\/><\/source><\/source><\/picture><\/figure>\n<\/p><\/div>\n<p>Den japanske fl\u00e5ten, som inkluderte <strong>seks hangarskip <\/strong>og tallrike eskorteenheter, satt til sj\u00f8s 26. november under admiralens ordre <strong>Chuichi Nagumo<\/strong>. Tokyo-regjeringen bestemte seg for \u00e5 sende <strong>krigserkl\u00e6ring <\/strong>til sin motpart en halvtime f\u00f8r angrepet begynte, slik at den amerikanske h\u00e6ren ikke skulle ha tid til \u00e5 forberede mottiltak. Imidlertid tok ambassad\u00f8ren i Washington seg tid til \u00e5 tyde teksten og <strong>han leverte uttalelsen etter at angrepet startet<\/strong>.<\/p>\n<p>Like f\u00f8r <strong>08.00 den 7. desember<\/strong>ble tatt opp <strong>f\u00f8rste b\u00f8lge av angrepet<\/strong>: <strong>183 japanske fly<\/strong>blant hvilke torpedobombefly (dvs. fly som slapp torpedoer), bombefly og jagerfly, ankom himmelen til Pearl Harbor og fanget fienden <strong>helt overraskende<\/strong>. De amerikanske etterretningstjenestene, som hadde tydet den hemmelige koden som ble brukt av japanske myndigheter, hadde snappet opp mange kommunikasjoner de foreg\u00e5ende m\u00e5nedene, men de visste ikke hvor og n\u00e5r fienden ville angripe og hadde ikke forberedt noen mottiltak. De japanske flyene var derfor i stand til det <strong>bombe Pearl Harbor praktisk talt uforstyrret<\/strong>.<\/p>\n<p>Rundt klokken 09.00, kort tid etter at det f\u00f8rste b\u00f8lgeflyet hadde trukket seg tilbake, ankom skipet Pearl Harbor. <strong>andre angrepsb\u00f8lge, best\u00e5ende av 171 fly<\/strong>. Denne gangen reagerte det amerikanske luftvernet og noen jagerfly klarte \u00e5 ta av for \u00e5 m\u00f8te fiendene, men japanerne utf\u00f8rte likevel angrepet vellykket.<\/p>\n<div class=\"cp_wrapper cp_wrapper--fw mb-50\">\n<figure class=\"mm\"><picture class=\"img\" style=\"padding-top:66.579973992198%\"><source  media=\"(min-width: 1024px)\"><source  media=\"(min-width: 768px)\"><img decoding=\"async\" loading=\"lazy\" src=\"https:\/\/nordnesrepublikken.no\/wp-content\/uploads\/2025\/12\/1764737471_967_Pearl-Harbor-Japans-plutselige-luftangrep-pa-den-amerikanske-marinebasen-pa.jpeg\" alt=\"Retningene til de to b\u00f8lgene\" width=\"769\" height=\"512\" class=\"js-seedtag-img\"\/><\/source><\/source><\/picture><\/figure>\n<\/p><\/div>\n<h2 id=\"i-risultati-dellattacco-e-la-fine-delle-operazioni\">Balansen mellom amerikanske tap: skip \u00f8delagt og soldater drept<\/h2>\n<p>De umiddelbare konsekvensene av angrepet var katastrofale: alle <strong>\u00e5tte slagskip <\/strong>Amerikanere (inkludert USS Arizona og USS Oklahoma) ble truffet og fire sank eller fikk ikke-reparerbare skader; mange andre milit\u00e6re skip fikk alvorlig skade; godt <strong>188 fly ble \u00f8delagt <\/strong>til bakken; 2.403 soldater mistet livet. Japanerne mistet imidlertid bare fem ub\u00e5ter og 29 fly.<\/p>\n<div class=\"cp_wrapper cp_wrapper--fw mb-50\">\n<figure class=\"mm\"><picture class=\"img\" style=\"padding-top:79.125%\"><source  media=\"(min-width: 1024px)\"><source  media=\"(min-width: 768px)\"><img decoding=\"async\" loading=\"lazy\" src=\"https:\/\/nordnesrepublikken.no\/wp-content\/uploads\/2025\/12\/1764737472_805_Pearl-Harbor-Japans-plutselige-luftangrep-pa-den-amerikanske-marinebasen-pa.jpeg\" alt=\"Slagskipet Arizona i flammer\" width=\"800\" height=\"633\"\/><\/source><\/source><\/picture><\/figure>\n<\/p><\/div>\n<p>Det japanske luftv\u00e5penet derimot, <strong>den traff ikke noen av de tre hangarskipene <\/strong>som var en del av Stillehavsfl\u00e5ten, fordi de p\u00e5 angrepsdagen var p\u00e5 et oppdrag borte fra Pearl Harbor. Videre forpliktet admiral Nagumo seg <strong>en alvorlig feil<\/strong>: etter den andre b\u00f8lgen beordret han fl\u00e5ten sin til \u00e5 sette kursen mot Japan, uten \u00e5 ville risikere at skipene ble truffet av amerikanske fly eller ub\u00e5ter. Hvis han hadde lansert <strong>tredje b\u00f8lge<\/strong>som hans underordnede insisterende foreslo \u00e5 gj\u00f8re, kunne han ha \u00f8delagt verftene og drivstoffdepotene, og tvunget det som var igjen av den amerikanske fl\u00e5ten til \u00e5 forlate Hawaii.<\/p>\n<div class=\"cp_wrapper cp_wrapper--fw mb-50\">\n<figure class=\"mm\"><picture class=\"img\" style=\"padding-top:70.717131474104%\"><source  media=\"(min-width: 1024px)\"><source  media=\"(min-width: 768px)\"><img decoding=\"async\" loading=\"lazy\" src=\"https:\/\/nordnesrepublikken.no\/wp-content\/uploads\/2025\/12\/1764737473_878_Pearl-Harbor-Japans-plutselige-luftangrep-pa-den-amerikanske-marinebasen-pa.jpeg\" alt=\"Reisen til de japanske skipene\" width=\"1004\" height=\"710\" class=\"js-seedtag-img\"\/><\/source><\/source><\/picture><\/figure>\n<\/p><\/div>\n<h2 id=\"le-conseguenze-dellattacco-a-pearl-harbor\"><strong>Etterd\u00f8nningene av angrepet p\u00e5 Pearl Harbor<\/strong><\/h2>\n<p>Angrepet p\u00e5 Pearl Harbor fikk helt andre konsekvenser enn de japanske ledere h\u00e5pet p\u00e5. I USA for\u00e5rsaket hendelsen en <strong>veldig sterk f\u00f8lelsesmessig reaksjon <\/strong>og 7. desember ble vurdert \u00ab<strong>beryktelsens dag<\/strong>&laquo;, fordi landet hadde blitt angrepet uten en formell krigserkl\u00e6ring. Samtidig favoriserte episoden spredningen av anti-japanske f\u00f8lelser over hele landet.<\/p>\n<p>Ogs\u00e5 den enorme <strong>industrielt apparat <\/strong>American lot marinen erstatte tap og utruste seg relativt raskt med en <strong>transport\u00f8rbasert fl\u00e5te<\/strong>. Etter \u00e5 ha lidd noen nederlag i de f\u00f8rste m\u00e5nedene av krigen, klarte det amerikanske milit\u00e6ret <strong>motangrep og beseire Japan<\/strong>.<\/p>\n<p>Pearl Harbor ogs\u00e5 dypt ber\u00f8rt <strong>konfliktens fremgang i Europa<\/strong>fordi den 11. desember 1941 erkl\u00e6rte Italia og Tyskland, japanernes allierte, krig mot USA og involverte dem i fiendtligheter.<\/p>\n<div class=\"cp_wrapper  mb-50   \">\n<div class=\"cbx\">\n<div class=\"cbx__collection\">\n<p>Kilder<\/p>\n<div class=\"cbx__sources\">\n<p>Peter Herde, Pearl Harbor. Et forr\u00e6dersk angrep, et mesterverk innen milit\u00e6rkunst, Rizzoli, 2001.<\/p>\n<p>Harry Gailey, War in the Pacific: From Pearl Harbor til Tokyo Bay, Presidio Press, 1997<\/p>\n<p>                                                                                Navy History Heritage Command Offisiell oversikt\n                                                <\/p><\/div>\n<\/p><\/div>\n<\/p><\/div>\n<\/div><\/div>\n","protected":false},"excerpt":{"rendered":"<p>Japanerne angriper Pearl Harborp\u00e5 \u00f8ya Oahu p\u00e5 Hawaii \u2013 hjemmet til den amerikanske stillehavsfl\u00e5ten \u2013<\/p>\n","protected":false},"author":1,"featured_media":12395,"comment_status":"closed","ping_status":"open","sticky":false,"template":"","format":"standard","meta":{"footnotes":""},"categories":[104],"tags":[279,74,8155,4496,8156,504,8157,81,7251,6632],"class_list":["post-12394","post","type-post","status-publish","format-standard","has-post-thumbnail","hentry","category-samfunn","tag-amerikanske","tag-den","tag-harbor","tag-hawaii","tag-japans","tag-luftangrep","tag-marinebasen","tag-pa","tag-pearl","tag-plutselige","generate-columns","tablet-grid-50","mobile-grid-100","grid-parent","grid-33","resize-featured-image"],"yoast_head":"<!-- This site is optimized with the Yoast SEO plugin v24.4 - https:\/\/yoast.com\/wordpress\/plugins\/seo\/ -->\n<title>Pearl Harbor, Japans plutselige luftangrep p\u00e5 den amerikanske marinebasen p\u00e5 Hawaii - Nordnesrepublikken<\/title>\n<meta name=\"robots\" content=\"index, follow, max-snippet:-1, max-image-preview:large, max-video-preview:-1\" \/>\n<link rel=\"canonical\" href=\"https:\/\/nordnesrepublikken.no\/index.php\/2025\/12\/03\/pearl-harbor-japans-plutselige-luftangrep-pa-den-amerikanske-marinebasen-pa-hawaii\/\" \/>\n<meta property=\"og:locale\" content=\"nb_NO\" \/>\n<meta property=\"og:type\" content=\"article\" \/>\n<meta property=\"og:title\" content=\"Pearl Harbor, Japans plutselige luftangrep p\u00e5 den amerikanske marinebasen p\u00e5 Hawaii - Nordnesrepublikken\" \/>\n<meta property=\"og:description\" content=\"Japanerne angriper Pearl Harborp\u00e5 \u00f8ya Oahu p\u00e5 Hawaii \u2013 hjemmet til den amerikanske stillehavsfl\u00e5ten \u2013\" \/>\n<meta property=\"og:url\" content=\"https:\/\/nordnesrepublikken.no\/index.php\/2025\/12\/03\/pearl-harbor-japans-plutselige-luftangrep-pa-den-amerikanske-marinebasen-pa-hawaii\/\" \/>\n<meta property=\"og:site_name\" content=\"Nordnesrepublikken\" \/>\n<meta property=\"article:published_time\" content=\"2025-12-03T04:51:13+00:00\" \/>\n<meta property=\"article:modified_time\" content=\"2025-12-03T04:51:16+00:00\" \/>\n<meta property=\"og:image\" content=\"https:\/\/nordnesrepublikken.no\/wp-content\/uploads\/2025\/12\/1764737475_Pearl-Harbor-Japans-plutselige-luftangrep-pa-den-amerikanske-marinebasen-pa.jpeg\" \/>\n\t<meta property=\"og:image:width\" content=\"1024\" \/>\n\t<meta property=\"og:image:height\" content=\"726\" \/>\n\t<meta property=\"og:image:type\" content=\"image\/jpeg\" \/>\n<meta name=\"author\" content=\"Ole Andersen\" \/>\n<meta name=\"twitter:card\" content=\"summary_large_image\" \/>\n<meta name=\"twitter:label1\" content=\"Skrevet av\" \/>\n\t<meta name=\"twitter:data1\" content=\"Ole Andersen\" \/>\n\t<meta name=\"twitter:label2\" content=\"Ansl. lesetid\" \/>\n\t<meta name=\"twitter:data2\" content=\"6 minutter\" \/>\n<script type=\"application\/ld+json\" class=\"yoast-schema-graph\">{\"@context\":\"https:\/\/schema.org\",\"@graph\":[{\"@type\":\"Article\",\"@id\":\"https:\/\/nordnesrepublikken.no\/index.php\/2025\/12\/03\/pearl-harbor-japans-plutselige-luftangrep-pa-den-amerikanske-marinebasen-pa-hawaii\/#article\",\"isPartOf\":{\"@id\":\"https:\/\/nordnesrepublikken.no\/index.php\/2025\/12\/03\/pearl-harbor-japans-plutselige-luftangrep-pa-den-amerikanske-marinebasen-pa-hawaii\/\"},\"author\":{\"name\":\"Ole Andersen\",\"@id\":\"https:\/\/nordnesrepublikken.no\/#\/schema\/person\/2e7e81935bab77882fffb79296240ff1\"},\"headline\":\"Pearl Harbor, Japans plutselige luftangrep p\u00e5 den amerikanske marinebasen p\u00e5 Hawaii\",\"datePublished\":\"2025-12-03T04:51:13+00:00\",\"dateModified\":\"2025-12-03T04:51:16+00:00\",\"mainEntityOfPage\":{\"@id\":\"https:\/\/nordnesrepublikken.no\/index.php\/2025\/12\/03\/pearl-harbor-japans-plutselige-luftangrep-pa-den-amerikanske-marinebasen-pa-hawaii\/\"},\"wordCount\":1133,\"publisher\":{\"@id\":\"https:\/\/nordnesrepublikken.no\/#organization\"},\"image\":{\"@id\":\"https:\/\/nordnesrepublikken.no\/index.php\/2025\/12\/03\/pearl-harbor-japans-plutselige-luftangrep-pa-den-amerikanske-marinebasen-pa-hawaii\/#primaryimage\"},\"thumbnailUrl\":\"https:\/\/nordnesrepublikken.no\/wp-content\/uploads\/2025\/12\/1764737475_Pearl-Harbor-Japans-plutselige-luftangrep-pa-den-amerikanske-marinebasen-pa.jpeg\",\"keywords\":[\"amerikanske\",\"den\",\"Harbor\",\"Hawaii\",\"Japans\",\"luftangrep\",\"marinebasen\",\"p\u00e5\",\"Pearl\",\"plutselige\"],\"articleSection\":[\"Samfunn\"],\"inLanguage\":\"nb-NO\"},{\"@type\":\"WebPage\",\"@id\":\"https:\/\/nordnesrepublikken.no\/index.php\/2025\/12\/03\/pearl-harbor-japans-plutselige-luftangrep-pa-den-amerikanske-marinebasen-pa-hawaii\/\",\"url\":\"https:\/\/nordnesrepublikken.no\/index.php\/2025\/12\/03\/pearl-harbor-japans-plutselige-luftangrep-pa-den-amerikanske-marinebasen-pa-hawaii\/\",\"name\":\"Pearl Harbor, Japans plutselige luftangrep p\u00e5 den amerikanske marinebasen p\u00e5 Hawaii - Nordnesrepublikken\",\"isPartOf\":{\"@id\":\"https:\/\/nordnesrepublikken.no\/#website\"},\"primaryImageOfPage\":{\"@id\":\"https:\/\/nordnesrepublikken.no\/index.php\/2025\/12\/03\/pearl-harbor-japans-plutselige-luftangrep-pa-den-amerikanske-marinebasen-pa-hawaii\/#primaryimage\"},\"image\":{\"@id\":\"https:\/\/nordnesrepublikken.no\/index.php\/2025\/12\/03\/pearl-harbor-japans-plutselige-luftangrep-pa-den-amerikanske-marinebasen-pa-hawaii\/#primaryimage\"},\"thumbnailUrl\":\"https:\/\/nordnesrepublikken.no\/wp-content\/uploads\/2025\/12\/1764737475_Pearl-Harbor-Japans-plutselige-luftangrep-pa-den-amerikanske-marinebasen-pa.jpeg\",\"datePublished\":\"2025-12-03T04:51:13+00:00\",\"dateModified\":\"2025-12-03T04:51:16+00:00\",\"breadcrumb\":{\"@id\":\"https:\/\/nordnesrepublikken.no\/index.php\/2025\/12\/03\/pearl-harbor-japans-plutselige-luftangrep-pa-den-amerikanske-marinebasen-pa-hawaii\/#breadcrumb\"},\"inLanguage\":\"nb-NO\",\"potentialAction\":[{\"@type\":\"ReadAction\",\"target\":[\"https:\/\/nordnesrepublikken.no\/index.php\/2025\/12\/03\/pearl-harbor-japans-plutselige-luftangrep-pa-den-amerikanske-marinebasen-pa-hawaii\/\"]}]},{\"@type\":\"ImageObject\",\"inLanguage\":\"nb-NO\",\"@id\":\"https:\/\/nordnesrepublikken.no\/index.php\/2025\/12\/03\/pearl-harbor-japans-plutselige-luftangrep-pa-den-amerikanske-marinebasen-pa-hawaii\/#primaryimage\",\"url\":\"https:\/\/nordnesrepublikken.no\/wp-content\/uploads\/2025\/12\/1764737475_Pearl-Harbor-Japans-plutselige-luftangrep-pa-den-amerikanske-marinebasen-pa.jpeg\",\"contentUrl\":\"https:\/\/nordnesrepublikken.no\/wp-content\/uploads\/2025\/12\/1764737475_Pearl-Harbor-Japans-plutselige-luftangrep-pa-den-amerikanske-marinebasen-pa.jpeg\",\"width\":1024,\"height\":726,\"caption\":\"Pearl Harbor, Japans plutselige luftangrep p\u00e5 den amerikanske marinebasen p\u00e5 Hawaii\"},{\"@type\":\"BreadcrumbList\",\"@id\":\"https:\/\/nordnesrepublikken.no\/index.php\/2025\/12\/03\/pearl-harbor-japans-plutselige-luftangrep-pa-den-amerikanske-marinebasen-pa-hawaii\/#breadcrumb\",\"itemListElement\":[{\"@type\":\"ListItem\",\"position\":1,\"name\":\"Home\",\"item\":\"https:\/\/nordnesrepublikken.no\/\"},{\"@type\":\"ListItem\",\"position\":2,\"name\":\"Pearl Harbor, Japans plutselige luftangrep p\u00e5 den amerikanske marinebasen p\u00e5 Hawaii\"}]},{\"@type\":\"WebSite\",\"@id\":\"https:\/\/nordnesrepublikken.no\/#website\",\"url\":\"https:\/\/nordnesrepublikken.no\/\",\"name\":\"Nordnesrepublikken\",\"description\":\"Stemmer og Visjoner fra Republikkens Hjerte\",\"publisher\":{\"@id\":\"https:\/\/nordnesrepublikken.no\/#organization\"},\"potentialAction\":[{\"@type\":\"SearchAction\",\"target\":{\"@type\":\"EntryPoint\",\"urlTemplate\":\"https:\/\/nordnesrepublikken.no\/?s={search_term_string}\"},\"query-input\":{\"@type\":\"PropertyValueSpecification\",\"valueRequired\":true,\"valueName\":\"search_term_string\"}}],\"inLanguage\":\"nb-NO\"},{\"@type\":\"Organization\",\"@id\":\"https:\/\/nordnesrepublikken.no\/#organization\",\"name\":\"Nordnesrepublikken\",\"url\":\"https:\/\/nordnesrepublikken.no\/\",\"logo\":{\"@type\":\"ImageObject\",\"inLanguage\":\"nb-NO\",\"@id\":\"https:\/\/nordnesrepublikken.no\/#\/schema\/logo\/image\/\",\"url\":\"https:\/\/nordnesrepublikken.no\/wp-content\/uploads\/2025\/02\/cropped-nordnesrepublikken-2.png\",\"contentUrl\":\"https:\/\/nordnesrepublikken.no\/wp-content\/uploads\/2025\/02\/cropped-nordnesrepublikken-2.png\",\"width\":1248,\"height\":362,\"caption\":\"Nordnesrepublikken\"},\"image\":{\"@id\":\"https:\/\/nordnesrepublikken.no\/#\/schema\/logo\/image\/\"}},{\"@type\":\"Person\",\"@id\":\"https:\/\/nordnesrepublikken.no\/#\/schema\/person\/2e7e81935bab77882fffb79296240ff1\",\"name\":\"Ole Andersen\",\"image\":{\"@type\":\"ImageObject\",\"inLanguage\":\"nb-NO\",\"@id\":\"https:\/\/nordnesrepublikken.no\/#\/schema\/person\/image\/\",\"url\":\"https:\/\/nordnesrepublikken.no\/wp-content\/uploads\/2025\/02\/nordnesrepublikken-2-2-150x150.jpg\",\"contentUrl\":\"https:\/\/nordnesrepublikken.no\/wp-content\/uploads\/2025\/02\/nordnesrepublikken-2-2-150x150.jpg\",\"caption\":\"Ole Andersen\"},\"description\":\"Ettersom jeg vokste opp i Oslo, har jeg alltid v\u00e6rt fascinert av ordenes kraft og deres evne til \u00e5 skape endringer. Etter \u00e5 ha fullf\u00f8rt min utdannelse i kommunikasjon ved Universitetet i Bergen, fikk jeg muligheten til \u00e5 jobbe innen ulike medier, der jeg har s\u00f8kt \u00e5 belyse viktige samfunnssp\u00f8rsm\u00e5l. I dag, som redakt\u00f8r for Nordnesrepublikken, pr\u00f8ver jeg \u00e5 forene min kj\u00e6rlighet for journalistikk med min lidenskap for innovasjon og eventyr.\",\"sameAs\":[\"https:\/\/nordnesrepublikken.no\/\"]}]}<\/script>\n<!-- \/ Yoast SEO plugin. -->","yoast_head_json":{"title":"Pearl Harbor, Japans plutselige luftangrep p\u00e5 den amerikanske marinebasen p\u00e5 Hawaii - Nordnesrepublikken","robots":{"index":"index","follow":"follow","max-snippet":"max-snippet:-1","max-image-preview":"max-image-preview:large","max-video-preview":"max-video-preview:-1"},"canonical":"https:\/\/nordnesrepublikken.no\/index.php\/2025\/12\/03\/pearl-harbor-japans-plutselige-luftangrep-pa-den-amerikanske-marinebasen-pa-hawaii\/","og_locale":"nb_NO","og_type":"article","og_title":"Pearl Harbor, Japans plutselige luftangrep p\u00e5 den amerikanske marinebasen p\u00e5 Hawaii - Nordnesrepublikken","og_description":"Japanerne angriper Pearl Harborp\u00e5 \u00f8ya Oahu p\u00e5 Hawaii \u2013 hjemmet til den amerikanske stillehavsfl\u00e5ten \u2013","og_url":"https:\/\/nordnesrepublikken.no\/index.php\/2025\/12\/03\/pearl-harbor-japans-plutselige-luftangrep-pa-den-amerikanske-marinebasen-pa-hawaii\/","og_site_name":"Nordnesrepublikken","article_published_time":"2025-12-03T04:51:13+00:00","article_modified_time":"2025-12-03T04:51:16+00:00","og_image":[{"width":1024,"height":726,"url":"https:\/\/nordnesrepublikken.no\/wp-content\/uploads\/2025\/12\/1764737475_Pearl-Harbor-Japans-plutselige-luftangrep-pa-den-amerikanske-marinebasen-pa.jpeg","type":"image\/jpeg"}],"author":"Ole Andersen","twitter_card":"summary_large_image","twitter_misc":{"Skrevet av":"Ole Andersen","Ansl. lesetid":"6 minutter"},"schema":{"@context":"https:\/\/schema.org","@graph":[{"@type":"Article","@id":"https:\/\/nordnesrepublikken.no\/index.php\/2025\/12\/03\/pearl-harbor-japans-plutselige-luftangrep-pa-den-amerikanske-marinebasen-pa-hawaii\/#article","isPartOf":{"@id":"https:\/\/nordnesrepublikken.no\/index.php\/2025\/12\/03\/pearl-harbor-japans-plutselige-luftangrep-pa-den-amerikanske-marinebasen-pa-hawaii\/"},"author":{"name":"Ole Andersen","@id":"https:\/\/nordnesrepublikken.no\/#\/schema\/person\/2e7e81935bab77882fffb79296240ff1"},"headline":"Pearl Harbor, Japans plutselige luftangrep p\u00e5 den amerikanske marinebasen p\u00e5 Hawaii","datePublished":"2025-12-03T04:51:13+00:00","dateModified":"2025-12-03T04:51:16+00:00","mainEntityOfPage":{"@id":"https:\/\/nordnesrepublikken.no\/index.php\/2025\/12\/03\/pearl-harbor-japans-plutselige-luftangrep-pa-den-amerikanske-marinebasen-pa-hawaii\/"},"wordCount":1133,"publisher":{"@id":"https:\/\/nordnesrepublikken.no\/#organization"},"image":{"@id":"https:\/\/nordnesrepublikken.no\/index.php\/2025\/12\/03\/pearl-harbor-japans-plutselige-luftangrep-pa-den-amerikanske-marinebasen-pa-hawaii\/#primaryimage"},"thumbnailUrl":"https:\/\/nordnesrepublikken.no\/wp-content\/uploads\/2025\/12\/1764737475_Pearl-Harbor-Japans-plutselige-luftangrep-pa-den-amerikanske-marinebasen-pa.jpeg","keywords":["amerikanske","den","Harbor","Hawaii","Japans","luftangrep","marinebasen","p\u00e5","Pearl","plutselige"],"articleSection":["Samfunn"],"inLanguage":"nb-NO"},{"@type":"WebPage","@id":"https:\/\/nordnesrepublikken.no\/index.php\/2025\/12\/03\/pearl-harbor-japans-plutselige-luftangrep-pa-den-amerikanske-marinebasen-pa-hawaii\/","url":"https:\/\/nordnesrepublikken.no\/index.php\/2025\/12\/03\/pearl-harbor-japans-plutselige-luftangrep-pa-den-amerikanske-marinebasen-pa-hawaii\/","name":"Pearl Harbor, Japans plutselige luftangrep p\u00e5 den amerikanske marinebasen p\u00e5 Hawaii - Nordnesrepublikken","isPartOf":{"@id":"https:\/\/nordnesrepublikken.no\/#website"},"primaryImageOfPage":{"@id":"https:\/\/nordnesrepublikken.no\/index.php\/2025\/12\/03\/pearl-harbor-japans-plutselige-luftangrep-pa-den-amerikanske-marinebasen-pa-hawaii\/#primaryimage"},"image":{"@id":"https:\/\/nordnesrepublikken.no\/index.php\/2025\/12\/03\/pearl-harbor-japans-plutselige-luftangrep-pa-den-amerikanske-marinebasen-pa-hawaii\/#primaryimage"},"thumbnailUrl":"https:\/\/nordnesrepublikken.no\/wp-content\/uploads\/2025\/12\/1764737475_Pearl-Harbor-Japans-plutselige-luftangrep-pa-den-amerikanske-marinebasen-pa.jpeg","datePublished":"2025-12-03T04:51:13+00:00","dateModified":"2025-12-03T04:51:16+00:00","breadcrumb":{"@id":"https:\/\/nordnesrepublikken.no\/index.php\/2025\/12\/03\/pearl-harbor-japans-plutselige-luftangrep-pa-den-amerikanske-marinebasen-pa-hawaii\/#breadcrumb"},"inLanguage":"nb-NO","potentialAction":[{"@type":"ReadAction","target":["https:\/\/nordnesrepublikken.no\/index.php\/2025\/12\/03\/pearl-harbor-japans-plutselige-luftangrep-pa-den-amerikanske-marinebasen-pa-hawaii\/"]}]},{"@type":"ImageObject","inLanguage":"nb-NO","@id":"https:\/\/nordnesrepublikken.no\/index.php\/2025\/12\/03\/pearl-harbor-japans-plutselige-luftangrep-pa-den-amerikanske-marinebasen-pa-hawaii\/#primaryimage","url":"https:\/\/nordnesrepublikken.no\/wp-content\/uploads\/2025\/12\/1764737475_Pearl-Harbor-Japans-plutselige-luftangrep-pa-den-amerikanske-marinebasen-pa.jpeg","contentUrl":"https:\/\/nordnesrepublikken.no\/wp-content\/uploads\/2025\/12\/1764737475_Pearl-Harbor-Japans-plutselige-luftangrep-pa-den-amerikanske-marinebasen-pa.jpeg","width":1024,"height":726,"caption":"Pearl Harbor, Japans plutselige luftangrep p\u00e5 den amerikanske marinebasen p\u00e5 Hawaii"},{"@type":"BreadcrumbList","@id":"https:\/\/nordnesrepublikken.no\/index.php\/2025\/12\/03\/pearl-harbor-japans-plutselige-luftangrep-pa-den-amerikanske-marinebasen-pa-hawaii\/#breadcrumb","itemListElement":[{"@type":"ListItem","position":1,"name":"Home","item":"https:\/\/nordnesrepublikken.no\/"},{"@type":"ListItem","position":2,"name":"Pearl Harbor, Japans plutselige luftangrep p\u00e5 den amerikanske marinebasen p\u00e5 Hawaii"}]},{"@type":"WebSite","@id":"https:\/\/nordnesrepublikken.no\/#website","url":"https:\/\/nordnesrepublikken.no\/","name":"Nordnesrepublikken","description":"Stemmer og Visjoner fra Republikkens Hjerte","publisher":{"@id":"https:\/\/nordnesrepublikken.no\/#organization"},"potentialAction":[{"@type":"SearchAction","target":{"@type":"EntryPoint","urlTemplate":"https:\/\/nordnesrepublikken.no\/?s={search_term_string}"},"query-input":{"@type":"PropertyValueSpecification","valueRequired":true,"valueName":"search_term_string"}}],"inLanguage":"nb-NO"},{"@type":"Organization","@id":"https:\/\/nordnesrepublikken.no\/#organization","name":"Nordnesrepublikken","url":"https:\/\/nordnesrepublikken.no\/","logo":{"@type":"ImageObject","inLanguage":"nb-NO","@id":"https:\/\/nordnesrepublikken.no\/#\/schema\/logo\/image\/","url":"https:\/\/nordnesrepublikken.no\/wp-content\/uploads\/2025\/02\/cropped-nordnesrepublikken-2.png","contentUrl":"https:\/\/nordnesrepublikken.no\/wp-content\/uploads\/2025\/02\/cropped-nordnesrepublikken-2.png","width":1248,"height":362,"caption":"Nordnesrepublikken"},"image":{"@id":"https:\/\/nordnesrepublikken.no\/#\/schema\/logo\/image\/"}},{"@type":"Person","@id":"https:\/\/nordnesrepublikken.no\/#\/schema\/person\/2e7e81935bab77882fffb79296240ff1","name":"Ole Andersen","image":{"@type":"ImageObject","inLanguage":"nb-NO","@id":"https:\/\/nordnesrepublikken.no\/#\/schema\/person\/image\/","url":"https:\/\/nordnesrepublikken.no\/wp-content\/uploads\/2025\/02\/nordnesrepublikken-2-2-150x150.jpg","contentUrl":"https:\/\/nordnesrepublikken.no\/wp-content\/uploads\/2025\/02\/nordnesrepublikken-2-2-150x150.jpg","caption":"Ole Andersen"},"description":"Ettersom jeg vokste opp i Oslo, har jeg alltid v\u00e6rt fascinert av ordenes kraft og deres evne til \u00e5 skape endringer. Etter \u00e5 ha fullf\u00f8rt min utdannelse i kommunikasjon ved Universitetet i Bergen, fikk jeg muligheten til \u00e5 jobbe innen ulike medier, der jeg har s\u00f8kt \u00e5 belyse viktige samfunnssp\u00f8rsm\u00e5l. I dag, som redakt\u00f8r for Nordnesrepublikken, pr\u00f8ver jeg \u00e5 forene min kj\u00e6rlighet for journalistikk med min lidenskap for innovasjon og eventyr.","sameAs":["https:\/\/nordnesrepublikken.no\/"]}]}},"_links":{"self":[{"href":"https:\/\/nordnesrepublikken.no\/index.php\/wp-json\/wp\/v2\/posts\/12394","targetHints":{"allow":["GET"]}}],"collection":[{"href":"https:\/\/nordnesrepublikken.no\/index.php\/wp-json\/wp\/v2\/posts"}],"about":[{"href":"https:\/\/nordnesrepublikken.no\/index.php\/wp-json\/wp\/v2\/types\/post"}],"author":[{"embeddable":true,"href":"https:\/\/nordnesrepublikken.no\/index.php\/wp-json\/wp\/v2\/users\/1"}],"replies":[{"embeddable":true,"href":"https:\/\/nordnesrepublikken.no\/index.php\/wp-json\/wp\/v2\/comments?post=12394"}],"version-history":[{"count":1,"href":"https:\/\/nordnesrepublikken.no\/index.php\/wp-json\/wp\/v2\/posts\/12394\/revisions"}],"predecessor-version":[{"id":12396,"href":"https:\/\/nordnesrepublikken.no\/index.php\/wp-json\/wp\/v2\/posts\/12394\/revisions\/12396"}],"wp:featuredmedia":[{"embeddable":true,"href":"https:\/\/nordnesrepublikken.no\/index.php\/wp-json\/wp\/v2\/media\/12395"}],"wp:attachment":[{"href":"https:\/\/nordnesrepublikken.no\/index.php\/wp-json\/wp\/v2\/media?parent=12394"}],"wp:term":[{"taxonomy":"category","embeddable":true,"href":"https:\/\/nordnesrepublikken.no\/index.php\/wp-json\/wp\/v2\/categories?post=12394"},{"taxonomy":"post_tag","embeddable":true,"href":"https:\/\/nordnesrepublikken.no\/index.php\/wp-json\/wp\/v2\/tags?post=12394"}],"curies":[{"name":"wp","href":"https:\/\/api.w.org\/{rel}","templated":true}]}}