{"id":12388,"date":"2025-12-03T02:50:40","date_gmt":"2025-12-03T01:50:40","guid":{"rendered":"https:\/\/nordnesrepublikken.no\/index.php\/2025\/12\/03\/en-maneds-regn-falt-pa-en-dag\/"},"modified":"2025-12-03T02:50:54","modified_gmt":"2025-12-03T01:50:54","slug":"en-maneds-regn-falt-pa-en-dag","status":"publish","type":"post","link":"https:\/\/nordnesrepublikken.no\/index.php\/2025\/12\/03\/en-maneds-regn-falt-pa-en-dag\/","title":{"rendered":"en m\u00e5neds regn falt p\u00e5 \u00e9n dag"},"content":{"rendered":"<div>\n<div class=\"cp_wrapper cp_wrapper--fw mb-30 mb-20@tablet\">\n<figure class=\"mm\"><picture class=\"img\" style=\"padding-top:56.25%\"><source  media=\"(min-width: 1024px)\"><source  media=\"(min-width: 768px)\"><\/source><\/source><\/picture><\/figure>\n<\/p><\/div>\n<p>De <strong>S\u00f8r\u00f8st-Asia<\/strong> han ble rammet av vold <strong>flom<\/strong> som for\u00e5rsaket ytterligere<strong> 1300 d\u00f8dsfall<\/strong>selv om d\u00f8dstallet fortsetter \u00e5 vokse: det er noen av de mest ber\u00f8rte landene <strong>Sri Lanka, Indonesia og Thailand<\/strong>selv om det ogs\u00e5 ble registrert flom i Malaysia og deler av Vietnam. For \u00e5 for\u00e5rsake disse kraftige flommene, <strong>blant de st\u00f8rste katastrofene i historien i Asia<\/strong>de var <strong>to tropiske sykloner, <\/strong>som ble med i<strong> kraftig monsunregn<\/strong> av denne sesongen, dumping p\u00e5 en enkelt dag mengden regn som normalt forekommer gjennom hele november m\u00e5ned.<\/p>\n<p>Flommene har \u00f8delagt spesielt den indonesiske \u00f8ya Sumatra: Totalt sett har nesten 1 million mennesker blitt evakuert til krisesentre, mens flommene har isolert hele landsbyer, \u00f8delagt broer og fylt veier med gj\u00f8rme og rusk.<\/p>\n<h2>Hvorfor flommen var s\u00e5 alvorlig<\/h2>\n<p>Som fremhevet av eksperter, ble flommene i Asia for\u00e5rsaket av<strong> konvergens av tre meteorologiske fenomener<\/strong>: le <strong>monsunregn<\/strong>typisk for denne perioden, den <strong>tropisk syklon Senyar<\/strong>som ble dannet i Malaccastredet (som skiller den indonesiske \u00f8ya Sumatra fra Malaysia), og<strong> tropisk syklon Ditwah<\/strong>. Kombinasjonen av disse tre fenomenene for\u00e5rsaket sterk vind, regn og flom, og \u00f8dela hele omr\u00e5der av Sri Lanka, Indonesia, Thailand og deler av Malaysia og Vietnam.<\/p>\n<p>Spesielt syklonen <strong>Ditwah<\/strong> sl\u00e5 ham <strong>Sri Lanka<\/strong>beveger seg veldig sakte og str\u00f8mmer nesten over noen steder <strong>500 mm<\/strong> regn om noen dager. Syklonen <strong>Senyar<\/strong>imidlertid intensivert etter interaksjon med <strong>tyfonen Koto<\/strong> \u2013 som rammet Filippinene de siste dagene av november \u2013 og deretter spredte seg til Indonesia. I virkeligheten, som fremhevet av Indonesia Meteorological Agency (BMKG), er Indonesia generelt ikke spesielt utsatt for sykloner, siden det ligger veldig n\u00e6r ekvator. Dette er fordi det som setter luftmassene i rotasjon i syklonsystemer er en tilsynelatende kraft som kalles <strong>Coriolis kraft<\/strong>p\u00e5 grunn av jordens rotasjon. Denne tilsynelatende kraften er ikke den samme overalt p\u00e5 planeten: <strong>den er maksimal ved polene, men null ved ekvator<\/strong>. Sykloner skal med andre ord ikke ha styrke til \u00e5 utvikle seg ved ekvator. I dette tilfellet klarte imidlertid syklonen Senyar \u00e5 danne, en hendelse som har blitt kalt &laquo;<strong>en sjelden atmosf\u00e6risk anomali<\/strong>&laquo;.<\/p>\n<p>Som nevnt ble disse to syklonene med i en allerede spesielt intens monsunregnsesong: if\u00f8lge data fra <em>Thai meteorologisk avdeling<\/em>s\u00e5 mange som 3 falt i det s\u00f8rlige Thailand 21. november<strong>72 mm regn p\u00e5 bare 24 timer<\/strong>et imponerende tall hvis vi tar i betraktning at gjennomsnittlig nedb\u00f8r for hele november m\u00e5ned er 317 mm.<\/p>\n<p>Bak intensiveringen av disse atmosf\u00e6riske fenomenene ligger de stadig h\u00f8yere temperaturene i havet: jo h\u00f8yere temperaturer i overflatevannet er, desto raskere og mer intens vil fordampningsprosessen v\u00e6re, som frigj\u00f8r store mengder <strong>vanndamp <\/strong>som da lastes ned senere.<\/p>\n<h2>En av de st\u00f8rste katastrofene i asiatisk historie: d\u00f8dstall og skader<\/h2>\n<p>Det totale d\u00f8dstallet har overskredet det tragiske tallet <b>over tusen d\u00f8dsfall<\/b>med<b>Indonesia<\/b> som er det mest ber\u00f8rte landet, med over 600 d\u00f8dsfall og rundt 500 savnede. Selv i <strong>Sri Lanka <\/strong>d\u00f8dstallet er minst 390, med flom ogs\u00e5 i hovedstaden Colombo, 176 d\u00f8dsfall ble registrert i Thailand og ytterligere 90 i Vietnam.<\/p>\n<p>DE <b>skade p\u00e5 eiendom og infrastruktur<\/b> var omfattende og alvorlige: utover <b>28 000 hjem ble kompromittert<\/b> fra flom og ogs\u00e5 fra jordskred, som har \u00f8delagt hele landsbyer.<\/p>\n<div class=\"cp_wrapper cp_wrapper--fw mb-50\">\n<figure class=\"mm\"><picture class=\"img\" style=\"padding-top:62.510602205259%\"><source  media=\"(min-width: 1024px)\"><source  media=\"(min-width: 768px)\"><img decoding=\"async\" loading=\"lazy\" src=\"https:\/\/nordnesrepublikken.no\/wp-content\/uploads\/2025\/12\/en-maneds-regn-falt-pa-en-dag.jpeg\" alt=\"flom-asia\" width=\"1179\" height=\"737\"\/><\/source><\/source><\/picture><\/figure>\n<\/p><\/div>\n<p>Volden fra flommene for\u00e5rsaket faktisk \u00f8deleggelse av broer, med gj\u00f8rme og rusk som dekket veiene, noe som gjorde hele omr\u00e5der utilgjengelige for hjelpearbeid, og effektivt isolerte lokalsamfunn. Vannet, som noen beboere beskrev som en str\u00f8m s\u00e5 sterk at den &laquo;kunne drepe en elefant&raquo;, overveldet og senket husene: if\u00f8lge estimater, ca. <b>1,5 millioner mennesker ville blitt ber\u00f8rt<\/b> fra katastrofen.<\/p>\n<p>Etter det som ble rapportert av lokalaviser, nesten<strong> 1 million mennesker ble evakuert<\/strong> mot krisesentre, mens India og Pakistan har sendt redningsmenn for \u00e5 hjelpe lokalbefolkningen.<\/p>\n<\/p><\/div>\n","protected":false},"excerpt":{"rendered":"<p>De S\u00f8r\u00f8st-Asia han ble rammet av vold flom som for\u00e5rsaket ytterligere 1300 d\u00f8dsfallselv om d\u00f8dstallet<\/p>\n","protected":false},"author":1,"featured_media":12389,"comment_status":"closed","ping_status":"open","sticky":false,"template":"","format":"standard","meta":{"footnotes":""},"categories":[26],"tags":[568,5284,992,8150,81,1308],"class_list":["post-12388","post","type-post","status-publish","format-standard","has-post-thumbnail","hentry","category-miljo","tag-dag","tag-en","tag-falt","tag-maneds","tag-pa","tag-regn","generate-columns","tablet-grid-50","mobile-grid-100","grid-parent","grid-33","resize-featured-image"],"yoast_head":"<!-- This site is optimized with the Yoast SEO plugin v24.4 - https:\/\/yoast.com\/wordpress\/plugins\/seo\/ -->\n<title>en m\u00e5neds regn falt p\u00e5 \u00e9n dag - Nordnesrepublikken<\/title>\n<meta name=\"robots\" content=\"index, follow, max-snippet:-1, max-image-preview:large, max-video-preview:-1\" \/>\n<link rel=\"canonical\" href=\"https:\/\/nordnesrepublikken.no\/index.php\/2025\/12\/03\/en-maneds-regn-falt-pa-en-dag\/\" \/>\n<meta property=\"og:locale\" content=\"nb_NO\" \/>\n<meta property=\"og:type\" content=\"article\" \/>\n<meta property=\"og:title\" content=\"en m\u00e5neds regn falt p\u00e5 \u00e9n dag - Nordnesrepublikken\" \/>\n<meta property=\"og:description\" content=\"De S\u00f8r\u00f8st-Asia han ble rammet av vold flom som for\u00e5rsaket ytterligere 1300 d\u00f8dsfallselv om d\u00f8dstallet\" \/>\n<meta property=\"og:url\" content=\"https:\/\/nordnesrepublikken.no\/index.php\/2025\/12\/03\/en-maneds-regn-falt-pa-en-dag\/\" \/>\n<meta property=\"og:site_name\" content=\"Nordnesrepublikken\" \/>\n<meta property=\"article:published_time\" content=\"2025-12-03T01:50:40+00:00\" \/>\n<meta property=\"article:modified_time\" content=\"2025-12-03T01:50:54+00:00\" \/>\n<meta property=\"og:image\" content=\"https:\/\/nordnesrepublikken.no\/wp-content\/uploads\/2025\/12\/1764726640_en-maneds-regn-falt-pa-en-dag-scaled.jpg\" \/>\n\t<meta property=\"og:image:width\" content=\"2560\" \/>\n\t<meta property=\"og:image:height\" content=\"1706\" \/>\n\t<meta property=\"og:image:type\" content=\"image\/jpeg\" \/>\n<meta name=\"author\" content=\"Ole Andersen\" \/>\n<meta name=\"twitter:card\" content=\"summary_large_image\" \/>\n<meta name=\"twitter:label1\" content=\"Skrevet av\" \/>\n\t<meta name=\"twitter:data1\" content=\"Ole Andersen\" \/>\n\t<meta name=\"twitter:label2\" content=\"Ansl. lesetid\" \/>\n\t<meta name=\"twitter:data2\" content=\"3 minutter\" \/>\n<script type=\"application\/ld+json\" class=\"yoast-schema-graph\">{\"@context\":\"https:\/\/schema.org\",\"@graph\":[{\"@type\":\"Article\",\"@id\":\"https:\/\/nordnesrepublikken.no\/index.php\/2025\/12\/03\/en-maneds-regn-falt-pa-en-dag\/#article\",\"isPartOf\":{\"@id\":\"https:\/\/nordnesrepublikken.no\/index.php\/2025\/12\/03\/en-maneds-regn-falt-pa-en-dag\/\"},\"author\":{\"name\":\"Ole Andersen\",\"@id\":\"https:\/\/nordnesrepublikken.no\/#\/schema\/person\/2e7e81935bab77882fffb79296240ff1\"},\"headline\":\"en m\u00e5neds regn falt p\u00e5 \u00e9n dag\",\"datePublished\":\"2025-12-03T01:50:40+00:00\",\"dateModified\":\"2025-12-03T01:50:54+00:00\",\"mainEntityOfPage\":{\"@id\":\"https:\/\/nordnesrepublikken.no\/index.php\/2025\/12\/03\/en-maneds-regn-falt-pa-en-dag\/\"},\"wordCount\":618,\"publisher\":{\"@id\":\"https:\/\/nordnesrepublikken.no\/#organization\"},\"image\":{\"@id\":\"https:\/\/nordnesrepublikken.no\/index.php\/2025\/12\/03\/en-maneds-regn-falt-pa-en-dag\/#primaryimage\"},\"thumbnailUrl\":\"https:\/\/nordnesrepublikken.no\/wp-content\/uploads\/2025\/12\/1764726640_en-maneds-regn-falt-pa-en-dag-scaled.jpg\",\"keywords\":[\"dag\",\"\u00c9n\",\"falt\",\"m\u00e5neds\",\"p\u00e5\",\"regn\"],\"articleSection\":[\"Milj\u00f8\"],\"inLanguage\":\"nb-NO\"},{\"@type\":\"WebPage\",\"@id\":\"https:\/\/nordnesrepublikken.no\/index.php\/2025\/12\/03\/en-maneds-regn-falt-pa-en-dag\/\",\"url\":\"https:\/\/nordnesrepublikken.no\/index.php\/2025\/12\/03\/en-maneds-regn-falt-pa-en-dag\/\",\"name\":\"en m\u00e5neds regn falt p\u00e5 \u00e9n dag - Nordnesrepublikken\",\"isPartOf\":{\"@id\":\"https:\/\/nordnesrepublikken.no\/#website\"},\"primaryImageOfPage\":{\"@id\":\"https:\/\/nordnesrepublikken.no\/index.php\/2025\/12\/03\/en-maneds-regn-falt-pa-en-dag\/#primaryimage\"},\"image\":{\"@id\":\"https:\/\/nordnesrepublikken.no\/index.php\/2025\/12\/03\/en-maneds-regn-falt-pa-en-dag\/#primaryimage\"},\"thumbnailUrl\":\"https:\/\/nordnesrepublikken.no\/wp-content\/uploads\/2025\/12\/1764726640_en-maneds-regn-falt-pa-en-dag-scaled.jpg\",\"datePublished\":\"2025-12-03T01:50:40+00:00\",\"dateModified\":\"2025-12-03T01:50:54+00:00\",\"breadcrumb\":{\"@id\":\"https:\/\/nordnesrepublikken.no\/index.php\/2025\/12\/03\/en-maneds-regn-falt-pa-en-dag\/#breadcrumb\"},\"inLanguage\":\"nb-NO\",\"potentialAction\":[{\"@type\":\"ReadAction\",\"target\":[\"https:\/\/nordnesrepublikken.no\/index.php\/2025\/12\/03\/en-maneds-regn-falt-pa-en-dag\/\"]}]},{\"@type\":\"ImageObject\",\"inLanguage\":\"nb-NO\",\"@id\":\"https:\/\/nordnesrepublikken.no\/index.php\/2025\/12\/03\/en-maneds-regn-falt-pa-en-dag\/#primaryimage\",\"url\":\"https:\/\/nordnesrepublikken.no\/wp-content\/uploads\/2025\/12\/1764726640_en-maneds-regn-falt-pa-en-dag-scaled.jpg\",\"contentUrl\":\"https:\/\/nordnesrepublikken.no\/wp-content\/uploads\/2025\/12\/1764726640_en-maneds-regn-falt-pa-en-dag-scaled.jpg\",\"width\":2560,\"height\":1706,\"caption\":\"en m\u00e5neds regn falt p\u00e5 \u00e9n dag\"},{\"@type\":\"BreadcrumbList\",\"@id\":\"https:\/\/nordnesrepublikken.no\/index.php\/2025\/12\/03\/en-maneds-regn-falt-pa-en-dag\/#breadcrumb\",\"itemListElement\":[{\"@type\":\"ListItem\",\"position\":1,\"name\":\"Home\",\"item\":\"https:\/\/nordnesrepublikken.no\/\"},{\"@type\":\"ListItem\",\"position\":2,\"name\":\"en m\u00e5neds regn falt p\u00e5 \u00e9n dag\"}]},{\"@type\":\"WebSite\",\"@id\":\"https:\/\/nordnesrepublikken.no\/#website\",\"url\":\"https:\/\/nordnesrepublikken.no\/\",\"name\":\"Nordnesrepublikken\",\"description\":\"Stemmer og Visjoner fra Republikkens Hjerte\",\"publisher\":{\"@id\":\"https:\/\/nordnesrepublikken.no\/#organization\"},\"potentialAction\":[{\"@type\":\"SearchAction\",\"target\":{\"@type\":\"EntryPoint\",\"urlTemplate\":\"https:\/\/nordnesrepublikken.no\/?s={search_term_string}\"},\"query-input\":{\"@type\":\"PropertyValueSpecification\",\"valueRequired\":true,\"valueName\":\"search_term_string\"}}],\"inLanguage\":\"nb-NO\"},{\"@type\":\"Organization\",\"@id\":\"https:\/\/nordnesrepublikken.no\/#organization\",\"name\":\"Nordnesrepublikken\",\"url\":\"https:\/\/nordnesrepublikken.no\/\",\"logo\":{\"@type\":\"ImageObject\",\"inLanguage\":\"nb-NO\",\"@id\":\"https:\/\/nordnesrepublikken.no\/#\/schema\/logo\/image\/\",\"url\":\"https:\/\/nordnesrepublikken.no\/wp-content\/uploads\/2025\/02\/cropped-nordnesrepublikken-2.png\",\"contentUrl\":\"https:\/\/nordnesrepublikken.no\/wp-content\/uploads\/2025\/02\/cropped-nordnesrepublikken-2.png\",\"width\":1248,\"height\":362,\"caption\":\"Nordnesrepublikken\"},\"image\":{\"@id\":\"https:\/\/nordnesrepublikken.no\/#\/schema\/logo\/image\/\"}},{\"@type\":\"Person\",\"@id\":\"https:\/\/nordnesrepublikken.no\/#\/schema\/person\/2e7e81935bab77882fffb79296240ff1\",\"name\":\"Ole Andersen\",\"image\":{\"@type\":\"ImageObject\",\"inLanguage\":\"nb-NO\",\"@id\":\"https:\/\/nordnesrepublikken.no\/#\/schema\/person\/image\/\",\"url\":\"https:\/\/nordnesrepublikken.no\/wp-content\/uploads\/2025\/02\/nordnesrepublikken-2-2-150x150.jpg\",\"contentUrl\":\"https:\/\/nordnesrepublikken.no\/wp-content\/uploads\/2025\/02\/nordnesrepublikken-2-2-150x150.jpg\",\"caption\":\"Ole Andersen\"},\"description\":\"Ettersom jeg vokste opp i Oslo, har jeg alltid v\u00e6rt fascinert av ordenes kraft og deres evne til \u00e5 skape endringer. Etter \u00e5 ha fullf\u00f8rt min utdannelse i kommunikasjon ved Universitetet i Bergen, fikk jeg muligheten til \u00e5 jobbe innen ulike medier, der jeg har s\u00f8kt \u00e5 belyse viktige samfunnssp\u00f8rsm\u00e5l. I dag, som redakt\u00f8r for Nordnesrepublikken, pr\u00f8ver jeg \u00e5 forene min kj\u00e6rlighet for journalistikk med min lidenskap for innovasjon og eventyr.\",\"sameAs\":[\"https:\/\/nordnesrepublikken.no\/\"]}]}<\/script>\n<!-- \/ Yoast SEO plugin. -->","yoast_head_json":{"title":"en m\u00e5neds regn falt p\u00e5 \u00e9n dag - Nordnesrepublikken","robots":{"index":"index","follow":"follow","max-snippet":"max-snippet:-1","max-image-preview":"max-image-preview:large","max-video-preview":"max-video-preview:-1"},"canonical":"https:\/\/nordnesrepublikken.no\/index.php\/2025\/12\/03\/en-maneds-regn-falt-pa-en-dag\/","og_locale":"nb_NO","og_type":"article","og_title":"en m\u00e5neds regn falt p\u00e5 \u00e9n dag - Nordnesrepublikken","og_description":"De S\u00f8r\u00f8st-Asia han ble rammet av vold flom som for\u00e5rsaket ytterligere 1300 d\u00f8dsfallselv om d\u00f8dstallet","og_url":"https:\/\/nordnesrepublikken.no\/index.php\/2025\/12\/03\/en-maneds-regn-falt-pa-en-dag\/","og_site_name":"Nordnesrepublikken","article_published_time":"2025-12-03T01:50:40+00:00","article_modified_time":"2025-12-03T01:50:54+00:00","og_image":[{"width":2560,"height":1706,"url":"https:\/\/nordnesrepublikken.no\/wp-content\/uploads\/2025\/12\/1764726640_en-maneds-regn-falt-pa-en-dag-scaled.jpg","type":"image\/jpeg"}],"author":"Ole Andersen","twitter_card":"summary_large_image","twitter_misc":{"Skrevet av":"Ole Andersen","Ansl. lesetid":"3 minutter"},"schema":{"@context":"https:\/\/schema.org","@graph":[{"@type":"Article","@id":"https:\/\/nordnesrepublikken.no\/index.php\/2025\/12\/03\/en-maneds-regn-falt-pa-en-dag\/#article","isPartOf":{"@id":"https:\/\/nordnesrepublikken.no\/index.php\/2025\/12\/03\/en-maneds-regn-falt-pa-en-dag\/"},"author":{"name":"Ole Andersen","@id":"https:\/\/nordnesrepublikken.no\/#\/schema\/person\/2e7e81935bab77882fffb79296240ff1"},"headline":"en m\u00e5neds regn falt p\u00e5 \u00e9n dag","datePublished":"2025-12-03T01:50:40+00:00","dateModified":"2025-12-03T01:50:54+00:00","mainEntityOfPage":{"@id":"https:\/\/nordnesrepublikken.no\/index.php\/2025\/12\/03\/en-maneds-regn-falt-pa-en-dag\/"},"wordCount":618,"publisher":{"@id":"https:\/\/nordnesrepublikken.no\/#organization"},"image":{"@id":"https:\/\/nordnesrepublikken.no\/index.php\/2025\/12\/03\/en-maneds-regn-falt-pa-en-dag\/#primaryimage"},"thumbnailUrl":"https:\/\/nordnesrepublikken.no\/wp-content\/uploads\/2025\/12\/1764726640_en-maneds-regn-falt-pa-en-dag-scaled.jpg","keywords":["dag","\u00c9n","falt","m\u00e5neds","p\u00e5","regn"],"articleSection":["Milj\u00f8"],"inLanguage":"nb-NO"},{"@type":"WebPage","@id":"https:\/\/nordnesrepublikken.no\/index.php\/2025\/12\/03\/en-maneds-regn-falt-pa-en-dag\/","url":"https:\/\/nordnesrepublikken.no\/index.php\/2025\/12\/03\/en-maneds-regn-falt-pa-en-dag\/","name":"en m\u00e5neds regn falt p\u00e5 \u00e9n dag - Nordnesrepublikken","isPartOf":{"@id":"https:\/\/nordnesrepublikken.no\/#website"},"primaryImageOfPage":{"@id":"https:\/\/nordnesrepublikken.no\/index.php\/2025\/12\/03\/en-maneds-regn-falt-pa-en-dag\/#primaryimage"},"image":{"@id":"https:\/\/nordnesrepublikken.no\/index.php\/2025\/12\/03\/en-maneds-regn-falt-pa-en-dag\/#primaryimage"},"thumbnailUrl":"https:\/\/nordnesrepublikken.no\/wp-content\/uploads\/2025\/12\/1764726640_en-maneds-regn-falt-pa-en-dag-scaled.jpg","datePublished":"2025-12-03T01:50:40+00:00","dateModified":"2025-12-03T01:50:54+00:00","breadcrumb":{"@id":"https:\/\/nordnesrepublikken.no\/index.php\/2025\/12\/03\/en-maneds-regn-falt-pa-en-dag\/#breadcrumb"},"inLanguage":"nb-NO","potentialAction":[{"@type":"ReadAction","target":["https:\/\/nordnesrepublikken.no\/index.php\/2025\/12\/03\/en-maneds-regn-falt-pa-en-dag\/"]}]},{"@type":"ImageObject","inLanguage":"nb-NO","@id":"https:\/\/nordnesrepublikken.no\/index.php\/2025\/12\/03\/en-maneds-regn-falt-pa-en-dag\/#primaryimage","url":"https:\/\/nordnesrepublikken.no\/wp-content\/uploads\/2025\/12\/1764726640_en-maneds-regn-falt-pa-en-dag-scaled.jpg","contentUrl":"https:\/\/nordnesrepublikken.no\/wp-content\/uploads\/2025\/12\/1764726640_en-maneds-regn-falt-pa-en-dag-scaled.jpg","width":2560,"height":1706,"caption":"en m\u00e5neds regn falt p\u00e5 \u00e9n dag"},{"@type":"BreadcrumbList","@id":"https:\/\/nordnesrepublikken.no\/index.php\/2025\/12\/03\/en-maneds-regn-falt-pa-en-dag\/#breadcrumb","itemListElement":[{"@type":"ListItem","position":1,"name":"Home","item":"https:\/\/nordnesrepublikken.no\/"},{"@type":"ListItem","position":2,"name":"en m\u00e5neds regn falt p\u00e5 \u00e9n dag"}]},{"@type":"WebSite","@id":"https:\/\/nordnesrepublikken.no\/#website","url":"https:\/\/nordnesrepublikken.no\/","name":"Nordnesrepublikken","description":"Stemmer og Visjoner fra Republikkens Hjerte","publisher":{"@id":"https:\/\/nordnesrepublikken.no\/#organization"},"potentialAction":[{"@type":"SearchAction","target":{"@type":"EntryPoint","urlTemplate":"https:\/\/nordnesrepublikken.no\/?s={search_term_string}"},"query-input":{"@type":"PropertyValueSpecification","valueRequired":true,"valueName":"search_term_string"}}],"inLanguage":"nb-NO"},{"@type":"Organization","@id":"https:\/\/nordnesrepublikken.no\/#organization","name":"Nordnesrepublikken","url":"https:\/\/nordnesrepublikken.no\/","logo":{"@type":"ImageObject","inLanguage":"nb-NO","@id":"https:\/\/nordnesrepublikken.no\/#\/schema\/logo\/image\/","url":"https:\/\/nordnesrepublikken.no\/wp-content\/uploads\/2025\/02\/cropped-nordnesrepublikken-2.png","contentUrl":"https:\/\/nordnesrepublikken.no\/wp-content\/uploads\/2025\/02\/cropped-nordnesrepublikken-2.png","width":1248,"height":362,"caption":"Nordnesrepublikken"},"image":{"@id":"https:\/\/nordnesrepublikken.no\/#\/schema\/logo\/image\/"}},{"@type":"Person","@id":"https:\/\/nordnesrepublikken.no\/#\/schema\/person\/2e7e81935bab77882fffb79296240ff1","name":"Ole Andersen","image":{"@type":"ImageObject","inLanguage":"nb-NO","@id":"https:\/\/nordnesrepublikken.no\/#\/schema\/person\/image\/","url":"https:\/\/nordnesrepublikken.no\/wp-content\/uploads\/2025\/02\/nordnesrepublikken-2-2-150x150.jpg","contentUrl":"https:\/\/nordnesrepublikken.no\/wp-content\/uploads\/2025\/02\/nordnesrepublikken-2-2-150x150.jpg","caption":"Ole Andersen"},"description":"Ettersom jeg vokste opp i Oslo, har jeg alltid v\u00e6rt fascinert av ordenes kraft og deres evne til \u00e5 skape endringer. Etter \u00e5 ha fullf\u00f8rt min utdannelse i kommunikasjon ved Universitetet i Bergen, fikk jeg muligheten til \u00e5 jobbe innen ulike medier, der jeg har s\u00f8kt \u00e5 belyse viktige samfunnssp\u00f8rsm\u00e5l. I dag, som redakt\u00f8r for Nordnesrepublikken, pr\u00f8ver jeg \u00e5 forene min kj\u00e6rlighet for journalistikk med min lidenskap for innovasjon og eventyr.","sameAs":["https:\/\/nordnesrepublikken.no\/"]}]}},"_links":{"self":[{"href":"https:\/\/nordnesrepublikken.no\/index.php\/wp-json\/wp\/v2\/posts\/12388","targetHints":{"allow":["GET"]}}],"collection":[{"href":"https:\/\/nordnesrepublikken.no\/index.php\/wp-json\/wp\/v2\/posts"}],"about":[{"href":"https:\/\/nordnesrepublikken.no\/index.php\/wp-json\/wp\/v2\/types\/post"}],"author":[{"embeddable":true,"href":"https:\/\/nordnesrepublikken.no\/index.php\/wp-json\/wp\/v2\/users\/1"}],"replies":[{"embeddable":true,"href":"https:\/\/nordnesrepublikken.no\/index.php\/wp-json\/wp\/v2\/comments?post=12388"}],"version-history":[{"count":1,"href":"https:\/\/nordnesrepublikken.no\/index.php\/wp-json\/wp\/v2\/posts\/12388\/revisions"}],"predecessor-version":[{"id":12390,"href":"https:\/\/nordnesrepublikken.no\/index.php\/wp-json\/wp\/v2\/posts\/12388\/revisions\/12390"}],"wp:featuredmedia":[{"embeddable":true,"href":"https:\/\/nordnesrepublikken.no\/index.php\/wp-json\/wp\/v2\/media\/12389"}],"wp:attachment":[{"href":"https:\/\/nordnesrepublikken.no\/index.php\/wp-json\/wp\/v2\/media?parent=12388"}],"wp:term":[{"taxonomy":"category","embeddable":true,"href":"https:\/\/nordnesrepublikken.no\/index.php\/wp-json\/wp\/v2\/categories?post=12388"},{"taxonomy":"post_tag","embeddable":true,"href":"https:\/\/nordnesrepublikken.no\/index.php\/wp-json\/wp\/v2\/tags?post=12388"}],"curies":[{"name":"wp","href":"https:\/\/api.w.org\/{rel}","templated":true}]}}