{"id":12377,"date":"2025-12-02T21:51:59","date_gmt":"2025-12-02T20:51:59","guid":{"rendered":"https:\/\/nordnesrepublikken.no\/index.php\/2025\/12\/02\/tyskland-oppfordrer-ursula-von-der-leyen-til-a-myke-opp-bilforbudet-i-2035-ettersom-malaga-strammer-inn-utslippsreglene\/"},"modified":"2025-12-02T21:52:01","modified_gmt":"2025-12-02T20:52:01","slug":"tyskland-oppfordrer-ursula-von-der-leyen-til-a-myke-opp-bilforbudet-i-2035-ettersom-malaga-strammer-inn-utslippsreglene","status":"publish","type":"post","link":"https:\/\/nordnesrepublikken.no\/index.php\/2025\/12\/02\/tyskland-oppfordrer-ursula-von-der-leyen-til-a-myke-opp-bilforbudet-i-2035-ettersom-malaga-strammer-inn-utslippsreglene\/","title":{"rendered":"Tyskland oppfordrer Ursula von der Leyen til \u00e5 myke opp bilforbudet i 2035 ettersom Malaga strammer inn utslippsreglene"},"content":{"rendered":"<p><\/p>\n<div class=\"wordpress-content\">\n                    <!-- Article Start --><\/p>\n<p>Tyskland har appellert direkte til <strong>EU-kommisjonens president Ursula von der Leyen<\/strong>oppfordrer henne til \u00e5 lette p\u00e5 <strong>EUs<\/strong> <strong>2035 forbud mot nye bensin- og dieselbiler<\/strong>.<br \/>\nKansler <strong>Friedrich Merz<\/strong> bekreftet at han vil sende et formelt brev der han ber om unntak for hybride og \u00absv\u00e6rt effektive\u00bb forbrenningsmotorer \u2013 akkurat n\u00e5 europeiske byer, inkludert <strong>Malaga, innf\u00f8rer strenge lavutslippsregler<\/strong> med <strong>\u20ac 200 b\u00f8ter<\/strong> for kj\u00f8ret\u00f8y som ikke overholder kravene.<\/p>\n<p>Merz sa at Tyskland \u00f8nsker at Brussel skal holde teknologiske alternativer \u00e5pne, og argumenterte for en &laquo;teknologin\u00f8ytral m\u00e5te&raquo; for \u00e5 n\u00e5 klimam\u00e5lene.<\/p>\n<h2><strong>Tyskland ber von der Leyen om \u00e5 tillate hybrider og effektive forbrenningsmotorer<\/strong><\/h2>\n<p>I brevet til Ursula von der Leyen vil Merz be om unntak som tillater fortsatt produksjon av:<\/p>\n<div class=\"sra_unit\"><link rel=\"stylesheet\" id=\"block-sra\" href=\"https:\/\/euroweeklynews.com\/wp-content\/plugins\/snack-related-articles\/dist\/css\/snack-related.min.css?250312-193541\" type=\"text\/css\" media=\"all\">\n<\/div>\n<ul>\n<li>Plug-in hybrider<\/li>\n<li>Batterihybrider, der kj\u00f8ring lader batteriet<\/li>\n<li>Elbiler med utvidet rekkevidde ved hjelp av effektive forbrenningsmotorer<\/li>\n<li>Batteridrevne kj\u00f8ret\u00f8y som ogs\u00e5 har en forbrenningsmotor<\/li>\n<\/ul>\n<p>Merz hevder at disse teknologiene forblir viktige, spesielt for langdistansesj\u00e5f\u00f8rer, og sier det er &laquo;mer pragmatisk&raquo; \u00e5 investere i hybridsystemer enn \u00e5 stole utelukkende p\u00e5 full elektrifisering. Brussel har signalisert \u00e5penhet for diskusjon.<\/p>\n<p>Den bayerske lederen Markus S\u00f6der sier at Tyskland planlegger \u00e5 innf\u00f8re 5.000 euro subsidier for el- eller hybridbiler med komponenter som i stor grad er laget innenlands.<\/p>\n<p>Mens tyske selskaper hilser planen velkommen, motsetter Volvo og Polestar \u00e5 lempe 2035-fristen, og advarer om at endringer kan undergrave firmaer som allerede har forpliktet seg til full elektrifisering.<\/p>\n<p>EU-kommisjonen forventes \u00e5 presentere oppdatert veiledning p\u00e5 eller etter 10. desember, selv om publisering av den bredere bilpakken kan gli inn i januar 2026. Tysklands foresp\u00f8rsel om unntak vil bli analysert sammen med h\u00f8ringsinnlegg mottatt av kommisjonen.<\/p>\n<p>Byer over hele Spania fortsetter \u00e5 forberede lignende LEZ-er, noe som betyr at mange lokalbefolkningen og expats vil m\u00f8te begrensninger for soneinnreise lenge f\u00f8r et EU-omfattende motorforbud trer i kraft.<\/p>\n<p>N\u00e5r Europa akselererer klimaomstillingen, er det virkelige sp\u00f8rsm\u00e5let for sj\u00e5f\u00f8rene om politiske endringer vil gi mulighet for valg \u2013 eller bare forsterke usikkerheten i \u00e5rene fremover.<\/p>\n<p><strong>Se alle europeiske nyheter.<\/strong><\/p>\n<p>                    <!-- Originally published at https:\/\/euroweeklynews.com\/2025\/12\/02\/germany-urges-ursula-von-der-leyen-to-soften-2035-car-ban-as-malaga-tightens-emissions-rules\/ on 02 Dec 2025 at 21:42 by Letara Draghia --><br \/>\n                    <!-- Article End -->\n                <\/div>\n","protected":false},"excerpt":{"rendered":"<p>Tyskland har appellert direkte til EU-kommisjonens president Ursula von der Leyenoppfordrer henne til \u00e5 lette<\/p>\n","protected":false},"author":1,"featured_media":12378,"comment_status":"closed","ping_status":"open","sticky":false,"template":"","format":"standard","meta":{"footnotes":""},"categories":[105],"tags":[8145,490,2870,681,5986,1569,8144,283,3383,1258,117,1201,8143,8146,5985],"class_list":["post-12377","post","type-post","status-publish","format-standard","has-post-thumbnail","hentry","category-livsstil","tag-bilforbudet","tag-der","tag-ettersom","tag-inn","tag-leyen","tag-malaga","tag-myke","tag-opp","tag-oppfordrer","tag-strammer","tag-til","tag-tyskland","tag-ursula","tag-utslippsreglene","tag-von","generate-columns","tablet-grid-50","mobile-grid-100","grid-parent","grid-33","resize-featured-image"],"yoast_head":"<!-- This site is optimized with the Yoast SEO plugin v24.4 - https:\/\/yoast.com\/wordpress\/plugins\/seo\/ -->\n<title>Tyskland oppfordrer Ursula von der Leyen til \u00e5 myke opp bilforbudet i 2035 ettersom Malaga strammer inn utslippsreglene - Nordnesrepublikken<\/title>\n<meta name=\"robots\" content=\"index, follow, max-snippet:-1, max-image-preview:large, max-video-preview:-1\" \/>\n<link rel=\"canonical\" href=\"https:\/\/nordnesrepublikken.no\/index.php\/2025\/12\/02\/tyskland-oppfordrer-ursula-von-der-leyen-til-a-myke-opp-bilforbudet-i-2035-ettersom-malaga-strammer-inn-utslippsreglene\/\" \/>\n<meta property=\"og:locale\" content=\"nb_NO\" \/>\n<meta property=\"og:type\" content=\"article\" \/>\n<meta property=\"og:title\" content=\"Tyskland oppfordrer Ursula von der Leyen til \u00e5 myke opp bilforbudet i 2035 ettersom Malaga strammer inn utslippsreglene - Nordnesrepublikken\" \/>\n<meta property=\"og:description\" content=\"Tyskland har appellert direkte til EU-kommisjonens president Ursula von der Leyenoppfordrer henne til \u00e5 lette\" \/>\n<meta property=\"og:url\" content=\"https:\/\/nordnesrepublikken.no\/index.php\/2025\/12\/02\/tyskland-oppfordrer-ursula-von-der-leyen-til-a-myke-opp-bilforbudet-i-2035-ettersom-malaga-strammer-inn-utslippsreglene\/\" \/>\n<meta property=\"og:site_name\" content=\"Nordnesrepublikken\" \/>\n<meta property=\"article:published_time\" content=\"2025-12-02T20:51:59+00:00\" \/>\n<meta property=\"article:modified_time\" content=\"2025-12-02T20:52:01+00:00\" \/>\n<meta property=\"og:image\" content=\"https:\/\/nordnesrepublikken.no\/wp-content\/uploads\/2025\/12\/1764708720_Tyskland-oppfordrer-Ursula-von-der-Leyen-til-a-myke-opp.jpg\" \/>\n\t<meta property=\"og:image:width\" content=\"1200\" \/>\n\t<meta property=\"og:image:height\" content=\"759\" \/>\n\t<meta property=\"og:image:type\" content=\"image\/jpeg\" \/>\n<meta name=\"author\" content=\"Ole Andersen\" \/>\n<meta name=\"twitter:card\" content=\"summary_large_image\" \/>\n<meta name=\"twitter:label1\" content=\"Skrevet av\" \/>\n\t<meta name=\"twitter:data1\" content=\"Ole Andersen\" \/>\n\t<meta name=\"twitter:label2\" content=\"Ansl. lesetid\" \/>\n\t<meta name=\"twitter:data2\" content=\"2 minutter\" \/>\n<script type=\"application\/ld+json\" class=\"yoast-schema-graph\">{\"@context\":\"https:\/\/schema.org\",\"@graph\":[{\"@type\":\"Article\",\"@id\":\"https:\/\/nordnesrepublikken.no\/index.php\/2025\/12\/02\/tyskland-oppfordrer-ursula-von-der-leyen-til-a-myke-opp-bilforbudet-i-2035-ettersom-malaga-strammer-inn-utslippsreglene\/#article\",\"isPartOf\":{\"@id\":\"https:\/\/nordnesrepublikken.no\/index.php\/2025\/12\/02\/tyskland-oppfordrer-ursula-von-der-leyen-til-a-myke-opp-bilforbudet-i-2035-ettersom-malaga-strammer-inn-utslippsreglene\/\"},\"author\":{\"name\":\"Ole Andersen\",\"@id\":\"https:\/\/nordnesrepublikken.no\/#\/schema\/person\/2e7e81935bab77882fffb79296240ff1\"},\"headline\":\"Tyskland oppfordrer Ursula von der Leyen til \u00e5 myke opp bilforbudet i 2035 ettersom Malaga strammer inn utslippsreglene\",\"datePublished\":\"2025-12-02T20:51:59+00:00\",\"dateModified\":\"2025-12-02T20:52:01+00:00\",\"mainEntityOfPage\":{\"@id\":\"https:\/\/nordnesrepublikken.no\/index.php\/2025\/12\/02\/tyskland-oppfordrer-ursula-von-der-leyen-til-a-myke-opp-bilforbudet-i-2035-ettersom-malaga-strammer-inn-utslippsreglene\/\"},\"wordCount\":349,\"publisher\":{\"@id\":\"https:\/\/nordnesrepublikken.no\/#organization\"},\"image\":{\"@id\":\"https:\/\/nordnesrepublikken.no\/index.php\/2025\/12\/02\/tyskland-oppfordrer-ursula-von-der-leyen-til-a-myke-opp-bilforbudet-i-2035-ettersom-malaga-strammer-inn-utslippsreglene\/#primaryimage\"},\"thumbnailUrl\":\"https:\/\/nordnesrepublikken.no\/wp-content\/uploads\/2025\/12\/1764708720_Tyskland-oppfordrer-Ursula-von-der-Leyen-til-a-myke-opp.jpg\",\"keywords\":[\"bilforbudet\",\"der\",\"Ettersom\",\"inn\",\"Leyen\",\"Malaga\",\"myke\",\"opp\",\"oppfordrer\",\"strammer\",\"til\",\"Tyskland\",\"Ursula\",\"utslippsreglene\",\"Von\"],\"articleSection\":[\"Livsstil\"],\"inLanguage\":\"nb-NO\"},{\"@type\":\"WebPage\",\"@id\":\"https:\/\/nordnesrepublikken.no\/index.php\/2025\/12\/02\/tyskland-oppfordrer-ursula-von-der-leyen-til-a-myke-opp-bilforbudet-i-2035-ettersom-malaga-strammer-inn-utslippsreglene\/\",\"url\":\"https:\/\/nordnesrepublikken.no\/index.php\/2025\/12\/02\/tyskland-oppfordrer-ursula-von-der-leyen-til-a-myke-opp-bilforbudet-i-2035-ettersom-malaga-strammer-inn-utslippsreglene\/\",\"name\":\"Tyskland oppfordrer Ursula von der Leyen til \u00e5 myke opp bilforbudet i 2035 ettersom Malaga strammer inn utslippsreglene - Nordnesrepublikken\",\"isPartOf\":{\"@id\":\"https:\/\/nordnesrepublikken.no\/#website\"},\"primaryImageOfPage\":{\"@id\":\"https:\/\/nordnesrepublikken.no\/index.php\/2025\/12\/02\/tyskland-oppfordrer-ursula-von-der-leyen-til-a-myke-opp-bilforbudet-i-2035-ettersom-malaga-strammer-inn-utslippsreglene\/#primaryimage\"},\"image\":{\"@id\":\"https:\/\/nordnesrepublikken.no\/index.php\/2025\/12\/02\/tyskland-oppfordrer-ursula-von-der-leyen-til-a-myke-opp-bilforbudet-i-2035-ettersom-malaga-strammer-inn-utslippsreglene\/#primaryimage\"},\"thumbnailUrl\":\"https:\/\/nordnesrepublikken.no\/wp-content\/uploads\/2025\/12\/1764708720_Tyskland-oppfordrer-Ursula-von-der-Leyen-til-a-myke-opp.jpg\",\"datePublished\":\"2025-12-02T20:51:59+00:00\",\"dateModified\":\"2025-12-02T20:52:01+00:00\",\"breadcrumb\":{\"@id\":\"https:\/\/nordnesrepublikken.no\/index.php\/2025\/12\/02\/tyskland-oppfordrer-ursula-von-der-leyen-til-a-myke-opp-bilforbudet-i-2035-ettersom-malaga-strammer-inn-utslippsreglene\/#breadcrumb\"},\"inLanguage\":\"nb-NO\",\"potentialAction\":[{\"@type\":\"ReadAction\",\"target\":[\"https:\/\/nordnesrepublikken.no\/index.php\/2025\/12\/02\/tyskland-oppfordrer-ursula-von-der-leyen-til-a-myke-opp-bilforbudet-i-2035-ettersom-malaga-strammer-inn-utslippsreglene\/\"]}]},{\"@type\":\"ImageObject\",\"inLanguage\":\"nb-NO\",\"@id\":\"https:\/\/nordnesrepublikken.no\/index.php\/2025\/12\/02\/tyskland-oppfordrer-ursula-von-der-leyen-til-a-myke-opp-bilforbudet-i-2035-ettersom-malaga-strammer-inn-utslippsreglene\/#primaryimage\",\"url\":\"https:\/\/nordnesrepublikken.no\/wp-content\/uploads\/2025\/12\/1764708720_Tyskland-oppfordrer-Ursula-von-der-Leyen-til-a-myke-opp.jpg\",\"contentUrl\":\"https:\/\/nordnesrepublikken.no\/wp-content\/uploads\/2025\/12\/1764708720_Tyskland-oppfordrer-Ursula-von-der-Leyen-til-a-myke-opp.jpg\",\"width\":1200,\"height\":759,\"caption\":\"Tyskland oppfordrer Ursula von der Leyen til \u00e5 myke opp bilforbudet i 2035 ettersom Malaga strammer inn utslippsreglene\"},{\"@type\":\"BreadcrumbList\",\"@id\":\"https:\/\/nordnesrepublikken.no\/index.php\/2025\/12\/02\/tyskland-oppfordrer-ursula-von-der-leyen-til-a-myke-opp-bilforbudet-i-2035-ettersom-malaga-strammer-inn-utslippsreglene\/#breadcrumb\",\"itemListElement\":[{\"@type\":\"ListItem\",\"position\":1,\"name\":\"Home\",\"item\":\"https:\/\/nordnesrepublikken.no\/\"},{\"@type\":\"ListItem\",\"position\":2,\"name\":\"Tyskland oppfordrer Ursula von der Leyen til \u00e5 myke opp bilforbudet i 2035 ettersom Malaga strammer inn utslippsreglene\"}]},{\"@type\":\"WebSite\",\"@id\":\"https:\/\/nordnesrepublikken.no\/#website\",\"url\":\"https:\/\/nordnesrepublikken.no\/\",\"name\":\"Nordnesrepublikken\",\"description\":\"Stemmer og Visjoner fra Republikkens Hjerte\",\"publisher\":{\"@id\":\"https:\/\/nordnesrepublikken.no\/#organization\"},\"potentialAction\":[{\"@type\":\"SearchAction\",\"target\":{\"@type\":\"EntryPoint\",\"urlTemplate\":\"https:\/\/nordnesrepublikken.no\/?s={search_term_string}\"},\"query-input\":{\"@type\":\"PropertyValueSpecification\",\"valueRequired\":true,\"valueName\":\"search_term_string\"}}],\"inLanguage\":\"nb-NO\"},{\"@type\":\"Organization\",\"@id\":\"https:\/\/nordnesrepublikken.no\/#organization\",\"name\":\"Nordnesrepublikken\",\"url\":\"https:\/\/nordnesrepublikken.no\/\",\"logo\":{\"@type\":\"ImageObject\",\"inLanguage\":\"nb-NO\",\"@id\":\"https:\/\/nordnesrepublikken.no\/#\/schema\/logo\/image\/\",\"url\":\"https:\/\/nordnesrepublikken.no\/wp-content\/uploads\/2025\/02\/cropped-nordnesrepublikken-2.png\",\"contentUrl\":\"https:\/\/nordnesrepublikken.no\/wp-content\/uploads\/2025\/02\/cropped-nordnesrepublikken-2.png\",\"width\":1248,\"height\":362,\"caption\":\"Nordnesrepublikken\"},\"image\":{\"@id\":\"https:\/\/nordnesrepublikken.no\/#\/schema\/logo\/image\/\"}},{\"@type\":\"Person\",\"@id\":\"https:\/\/nordnesrepublikken.no\/#\/schema\/person\/2e7e81935bab77882fffb79296240ff1\",\"name\":\"Ole Andersen\",\"image\":{\"@type\":\"ImageObject\",\"inLanguage\":\"nb-NO\",\"@id\":\"https:\/\/nordnesrepublikken.no\/#\/schema\/person\/image\/\",\"url\":\"https:\/\/nordnesrepublikken.no\/wp-content\/uploads\/2025\/02\/nordnesrepublikken-2-2-150x150.jpg\",\"contentUrl\":\"https:\/\/nordnesrepublikken.no\/wp-content\/uploads\/2025\/02\/nordnesrepublikken-2-2-150x150.jpg\",\"caption\":\"Ole Andersen\"},\"description\":\"Ettersom jeg vokste opp i Oslo, har jeg alltid v\u00e6rt fascinert av ordenes kraft og deres evne til \u00e5 skape endringer. Etter \u00e5 ha fullf\u00f8rt min utdannelse i kommunikasjon ved Universitetet i Bergen, fikk jeg muligheten til \u00e5 jobbe innen ulike medier, der jeg har s\u00f8kt \u00e5 belyse viktige samfunnssp\u00f8rsm\u00e5l. I dag, som redakt\u00f8r for Nordnesrepublikken, pr\u00f8ver jeg \u00e5 forene min kj\u00e6rlighet for journalistikk med min lidenskap for innovasjon og eventyr.\",\"sameAs\":[\"https:\/\/nordnesrepublikken.no\/\"]}]}<\/script>\n<!-- \/ Yoast SEO plugin. -->","yoast_head_json":{"title":"Tyskland oppfordrer Ursula von der Leyen til \u00e5 myke opp bilforbudet i 2035 ettersom Malaga strammer inn utslippsreglene - Nordnesrepublikken","robots":{"index":"index","follow":"follow","max-snippet":"max-snippet:-1","max-image-preview":"max-image-preview:large","max-video-preview":"max-video-preview:-1"},"canonical":"https:\/\/nordnesrepublikken.no\/index.php\/2025\/12\/02\/tyskland-oppfordrer-ursula-von-der-leyen-til-a-myke-opp-bilforbudet-i-2035-ettersom-malaga-strammer-inn-utslippsreglene\/","og_locale":"nb_NO","og_type":"article","og_title":"Tyskland oppfordrer Ursula von der Leyen til \u00e5 myke opp bilforbudet i 2035 ettersom Malaga strammer inn utslippsreglene - Nordnesrepublikken","og_description":"Tyskland har appellert direkte til EU-kommisjonens president Ursula von der Leyenoppfordrer henne til \u00e5 lette","og_url":"https:\/\/nordnesrepublikken.no\/index.php\/2025\/12\/02\/tyskland-oppfordrer-ursula-von-der-leyen-til-a-myke-opp-bilforbudet-i-2035-ettersom-malaga-strammer-inn-utslippsreglene\/","og_site_name":"Nordnesrepublikken","article_published_time":"2025-12-02T20:51:59+00:00","article_modified_time":"2025-12-02T20:52:01+00:00","og_image":[{"width":1200,"height":759,"url":"https:\/\/nordnesrepublikken.no\/wp-content\/uploads\/2025\/12\/1764708720_Tyskland-oppfordrer-Ursula-von-der-Leyen-til-a-myke-opp.jpg","type":"image\/jpeg"}],"author":"Ole Andersen","twitter_card":"summary_large_image","twitter_misc":{"Skrevet av":"Ole Andersen","Ansl. lesetid":"2 minutter"},"schema":{"@context":"https:\/\/schema.org","@graph":[{"@type":"Article","@id":"https:\/\/nordnesrepublikken.no\/index.php\/2025\/12\/02\/tyskland-oppfordrer-ursula-von-der-leyen-til-a-myke-opp-bilforbudet-i-2035-ettersom-malaga-strammer-inn-utslippsreglene\/#article","isPartOf":{"@id":"https:\/\/nordnesrepublikken.no\/index.php\/2025\/12\/02\/tyskland-oppfordrer-ursula-von-der-leyen-til-a-myke-opp-bilforbudet-i-2035-ettersom-malaga-strammer-inn-utslippsreglene\/"},"author":{"name":"Ole Andersen","@id":"https:\/\/nordnesrepublikken.no\/#\/schema\/person\/2e7e81935bab77882fffb79296240ff1"},"headline":"Tyskland oppfordrer Ursula von der Leyen til \u00e5 myke opp bilforbudet i 2035 ettersom Malaga strammer inn utslippsreglene","datePublished":"2025-12-02T20:51:59+00:00","dateModified":"2025-12-02T20:52:01+00:00","mainEntityOfPage":{"@id":"https:\/\/nordnesrepublikken.no\/index.php\/2025\/12\/02\/tyskland-oppfordrer-ursula-von-der-leyen-til-a-myke-opp-bilforbudet-i-2035-ettersom-malaga-strammer-inn-utslippsreglene\/"},"wordCount":349,"publisher":{"@id":"https:\/\/nordnesrepublikken.no\/#organization"},"image":{"@id":"https:\/\/nordnesrepublikken.no\/index.php\/2025\/12\/02\/tyskland-oppfordrer-ursula-von-der-leyen-til-a-myke-opp-bilforbudet-i-2035-ettersom-malaga-strammer-inn-utslippsreglene\/#primaryimage"},"thumbnailUrl":"https:\/\/nordnesrepublikken.no\/wp-content\/uploads\/2025\/12\/1764708720_Tyskland-oppfordrer-Ursula-von-der-Leyen-til-a-myke-opp.jpg","keywords":["bilforbudet","der","Ettersom","inn","Leyen","Malaga","myke","opp","oppfordrer","strammer","til","Tyskland","Ursula","utslippsreglene","Von"],"articleSection":["Livsstil"],"inLanguage":"nb-NO"},{"@type":"WebPage","@id":"https:\/\/nordnesrepublikken.no\/index.php\/2025\/12\/02\/tyskland-oppfordrer-ursula-von-der-leyen-til-a-myke-opp-bilforbudet-i-2035-ettersom-malaga-strammer-inn-utslippsreglene\/","url":"https:\/\/nordnesrepublikken.no\/index.php\/2025\/12\/02\/tyskland-oppfordrer-ursula-von-der-leyen-til-a-myke-opp-bilforbudet-i-2035-ettersom-malaga-strammer-inn-utslippsreglene\/","name":"Tyskland oppfordrer Ursula von der Leyen til \u00e5 myke opp bilforbudet i 2035 ettersom Malaga strammer inn utslippsreglene - Nordnesrepublikken","isPartOf":{"@id":"https:\/\/nordnesrepublikken.no\/#website"},"primaryImageOfPage":{"@id":"https:\/\/nordnesrepublikken.no\/index.php\/2025\/12\/02\/tyskland-oppfordrer-ursula-von-der-leyen-til-a-myke-opp-bilforbudet-i-2035-ettersom-malaga-strammer-inn-utslippsreglene\/#primaryimage"},"image":{"@id":"https:\/\/nordnesrepublikken.no\/index.php\/2025\/12\/02\/tyskland-oppfordrer-ursula-von-der-leyen-til-a-myke-opp-bilforbudet-i-2035-ettersom-malaga-strammer-inn-utslippsreglene\/#primaryimage"},"thumbnailUrl":"https:\/\/nordnesrepublikken.no\/wp-content\/uploads\/2025\/12\/1764708720_Tyskland-oppfordrer-Ursula-von-der-Leyen-til-a-myke-opp.jpg","datePublished":"2025-12-02T20:51:59+00:00","dateModified":"2025-12-02T20:52:01+00:00","breadcrumb":{"@id":"https:\/\/nordnesrepublikken.no\/index.php\/2025\/12\/02\/tyskland-oppfordrer-ursula-von-der-leyen-til-a-myke-opp-bilforbudet-i-2035-ettersom-malaga-strammer-inn-utslippsreglene\/#breadcrumb"},"inLanguage":"nb-NO","potentialAction":[{"@type":"ReadAction","target":["https:\/\/nordnesrepublikken.no\/index.php\/2025\/12\/02\/tyskland-oppfordrer-ursula-von-der-leyen-til-a-myke-opp-bilforbudet-i-2035-ettersom-malaga-strammer-inn-utslippsreglene\/"]}]},{"@type":"ImageObject","inLanguage":"nb-NO","@id":"https:\/\/nordnesrepublikken.no\/index.php\/2025\/12\/02\/tyskland-oppfordrer-ursula-von-der-leyen-til-a-myke-opp-bilforbudet-i-2035-ettersom-malaga-strammer-inn-utslippsreglene\/#primaryimage","url":"https:\/\/nordnesrepublikken.no\/wp-content\/uploads\/2025\/12\/1764708720_Tyskland-oppfordrer-Ursula-von-der-Leyen-til-a-myke-opp.jpg","contentUrl":"https:\/\/nordnesrepublikken.no\/wp-content\/uploads\/2025\/12\/1764708720_Tyskland-oppfordrer-Ursula-von-der-Leyen-til-a-myke-opp.jpg","width":1200,"height":759,"caption":"Tyskland oppfordrer Ursula von der Leyen til \u00e5 myke opp bilforbudet i 2035 ettersom Malaga strammer inn utslippsreglene"},{"@type":"BreadcrumbList","@id":"https:\/\/nordnesrepublikken.no\/index.php\/2025\/12\/02\/tyskland-oppfordrer-ursula-von-der-leyen-til-a-myke-opp-bilforbudet-i-2035-ettersom-malaga-strammer-inn-utslippsreglene\/#breadcrumb","itemListElement":[{"@type":"ListItem","position":1,"name":"Home","item":"https:\/\/nordnesrepublikken.no\/"},{"@type":"ListItem","position":2,"name":"Tyskland oppfordrer Ursula von der Leyen til \u00e5 myke opp bilforbudet i 2035 ettersom Malaga strammer inn utslippsreglene"}]},{"@type":"WebSite","@id":"https:\/\/nordnesrepublikken.no\/#website","url":"https:\/\/nordnesrepublikken.no\/","name":"Nordnesrepublikken","description":"Stemmer og Visjoner fra Republikkens Hjerte","publisher":{"@id":"https:\/\/nordnesrepublikken.no\/#organization"},"potentialAction":[{"@type":"SearchAction","target":{"@type":"EntryPoint","urlTemplate":"https:\/\/nordnesrepublikken.no\/?s={search_term_string}"},"query-input":{"@type":"PropertyValueSpecification","valueRequired":true,"valueName":"search_term_string"}}],"inLanguage":"nb-NO"},{"@type":"Organization","@id":"https:\/\/nordnesrepublikken.no\/#organization","name":"Nordnesrepublikken","url":"https:\/\/nordnesrepublikken.no\/","logo":{"@type":"ImageObject","inLanguage":"nb-NO","@id":"https:\/\/nordnesrepublikken.no\/#\/schema\/logo\/image\/","url":"https:\/\/nordnesrepublikken.no\/wp-content\/uploads\/2025\/02\/cropped-nordnesrepublikken-2.png","contentUrl":"https:\/\/nordnesrepublikken.no\/wp-content\/uploads\/2025\/02\/cropped-nordnesrepublikken-2.png","width":1248,"height":362,"caption":"Nordnesrepublikken"},"image":{"@id":"https:\/\/nordnesrepublikken.no\/#\/schema\/logo\/image\/"}},{"@type":"Person","@id":"https:\/\/nordnesrepublikken.no\/#\/schema\/person\/2e7e81935bab77882fffb79296240ff1","name":"Ole Andersen","image":{"@type":"ImageObject","inLanguage":"nb-NO","@id":"https:\/\/nordnesrepublikken.no\/#\/schema\/person\/image\/","url":"https:\/\/nordnesrepublikken.no\/wp-content\/uploads\/2025\/02\/nordnesrepublikken-2-2-150x150.jpg","contentUrl":"https:\/\/nordnesrepublikken.no\/wp-content\/uploads\/2025\/02\/nordnesrepublikken-2-2-150x150.jpg","caption":"Ole Andersen"},"description":"Ettersom jeg vokste opp i Oslo, har jeg alltid v\u00e6rt fascinert av ordenes kraft og deres evne til \u00e5 skape endringer. Etter \u00e5 ha fullf\u00f8rt min utdannelse i kommunikasjon ved Universitetet i Bergen, fikk jeg muligheten til \u00e5 jobbe innen ulike medier, der jeg har s\u00f8kt \u00e5 belyse viktige samfunnssp\u00f8rsm\u00e5l. I dag, som redakt\u00f8r for Nordnesrepublikken, pr\u00f8ver jeg \u00e5 forene min kj\u00e6rlighet for journalistikk med min lidenskap for innovasjon og eventyr.","sameAs":["https:\/\/nordnesrepublikken.no\/"]}]}},"_links":{"self":[{"href":"https:\/\/nordnesrepublikken.no\/index.php\/wp-json\/wp\/v2\/posts\/12377","targetHints":{"allow":["GET"]}}],"collection":[{"href":"https:\/\/nordnesrepublikken.no\/index.php\/wp-json\/wp\/v2\/posts"}],"about":[{"href":"https:\/\/nordnesrepublikken.no\/index.php\/wp-json\/wp\/v2\/types\/post"}],"author":[{"embeddable":true,"href":"https:\/\/nordnesrepublikken.no\/index.php\/wp-json\/wp\/v2\/users\/1"}],"replies":[{"embeddable":true,"href":"https:\/\/nordnesrepublikken.no\/index.php\/wp-json\/wp\/v2\/comments?post=12377"}],"version-history":[{"count":1,"href":"https:\/\/nordnesrepublikken.no\/index.php\/wp-json\/wp\/v2\/posts\/12377\/revisions"}],"predecessor-version":[{"id":12379,"href":"https:\/\/nordnesrepublikken.no\/index.php\/wp-json\/wp\/v2\/posts\/12377\/revisions\/12379"}],"wp:featuredmedia":[{"embeddable":true,"href":"https:\/\/nordnesrepublikken.no\/index.php\/wp-json\/wp\/v2\/media\/12378"}],"wp:attachment":[{"href":"https:\/\/nordnesrepublikken.no\/index.php\/wp-json\/wp\/v2\/media?parent=12377"}],"wp:term":[{"taxonomy":"category","embeddable":true,"href":"https:\/\/nordnesrepublikken.no\/index.php\/wp-json\/wp\/v2\/categories?post=12377"},{"taxonomy":"post_tag","embeddable":true,"href":"https:\/\/nordnesrepublikken.no\/index.php\/wp-json\/wp\/v2\/tags?post=12377"}],"curies":[{"name":"wp","href":"https:\/\/api.w.org\/{rel}","templated":true}]}}