{"id":12362,"date":"2025-12-02T14:50:58","date_gmt":"2025-12-02T13:50:58","guid":{"rendered":"https:\/\/nordnesrepublikken.no\/index.php\/2025\/12\/02\/en-veldig-britisk-jul-pa-costa-del-sol\/"},"modified":"2025-12-02T14:50:59","modified_gmt":"2025-12-02T13:50:59","slug":"en-veldig-britisk-jul-pa-costa-del-sol","status":"publish","type":"post","link":"https:\/\/nordnesrepublikken.no\/index.php\/2025\/12\/02\/en-veldig-britisk-jul-pa-costa-del-sol\/","title":{"rendered":"En veldig britisk jul p\u00e5 Costa del Sol"},"content":{"rendered":"<p><\/p>\n<div class=\"wordpress-content\">\n                    <!-- Article Start --><\/p>\n<p>Savner du en tradisjonell britisk jul mens du er p\u00e5 Costa del Sol? Disse arrangementene gir all nostalgi og festlig moro du leter etter.<\/p>\n<h2>Christmas panto &#8230; \u00c5 ja, det er det<\/h2>\n<p>For panto-elskere presenterer Salon Varietes Theatre i Fuengirola sin spektakul\u00e6re pantomime, Jack &#038; The Beanstalk. Skrevet av Nigel Holmes og regissert av Keith Spitalnick, lover denne \u00e5rlige pantomimen &laquo;Fee-Fi-Fo-FUN for hele familien.&raquo;<\/p>\n<p>Publikum kan nyte seks forestillinger fra 19. til 23. desember, med kveldsshow kl. 19.30 og s\u00f8ndagsmatineer kl. 14.00. Den festlige moroa fortsetter inn i det nye \u00e5ret, med forestillinger fra 2. til 5. januar, med b\u00e5de matin\u00e9er og kveldsshow. Produksjonen er perfekt for familier, og bringer tradisjonell panto-humor, blendende koreografi av Alexandra Avery og mange interaktive \u00f8yeblikk for \u00e5 holde alle underholdt.<\/p>\n<div class=\"sra_unit\"><link rel=\"stylesheet\" id=\"block-sra\" href=\"https:\/\/euroweeklynews.com\/wp-content\/plugins\/snack-related-articles\/dist\/css\/snack-related.min.css?250312-193541\" type=\"text\/css\" media=\"all\">\n<\/div>\n<p>Billetter er tilgjengelig p\u00e5 det engelsktalende teateret billettkontoret og online, med rullestoltilgjengelige sitteplasser ogs\u00e5 tilbys.<\/p>\n<p>For mer informasjon om pantomimen, bes\u00f8k nettstedet til Salon Varietes Theatre.<\/p>\n<h2>Dekk hallene &#8230; med glasur og cava<\/h2>\n<p>For de som foretrekker praktiske festlige aktiviteter, arrangerer iCaf\u00e9 Sotogrande en Voksen pepperkakehusverksted denne fredagen 5. desember fra kl. 19.00 til 21.00. Deltakerne vil nyte et glass cava mens de lager sine egne pepperkakemesterverk. Priset til \u20ac40 per person, er disse verkstedene ideelle for \u00e5 lage et nydelig spiselig bord i midten og noen uforglemmelige juleminner med venner. Det er fortsatt begrenset med plasser, men m\u00e5 forh\u00e5ndsbestilles.<\/p>\n<p>Flere detaljer om pepperkakeverkstedene finner du p\u00e5 iCaf\u00e9 Sotogrande sin Facebook-side.<\/p>\n<p>Enten du leter etter den britiske humoren og moroa ved en tradisjonell panto eller den s\u00f8te kreativiteten ved \u00e5 lage pepperkaker, har Costa del Sol festlige opplevelser for alle som \u00f8nsker en smak av britisk juletradisjon, og det finnes ingen bedre m\u00e5te \u00e5 komme i julestemning i \u00e5r.<\/p>\n<div>\n<p>For mer om hva som skjer p\u00e5 Costa del Sol, f\u00f8lg Euro Weeklys sosiale scene.<\/p>\n<\/div>\n<p>                    <!-- Originally published at https:\/\/euroweeklynews.com\/2025\/12\/02\/a-very-british-christmas-on-the-costa-del-sol\/ on 02 Dec 2025 at 12:34 by Donna Neely --><br \/>\n                    <!-- Article End -->\n                <\/div>\n","protected":false},"excerpt":{"rendered":"<p>Savner du en tradisjonell britisk jul mens du er p\u00e5 Costa del Sol? Disse arrangementene<\/p>\n","protected":false},"author":1,"featured_media":12363,"comment_status":"closed","ping_status":"open","sticky":false,"template":"","format":"standard","meta":{"footnotes":""},"categories":[105],"tags":[6931,858,87,7773,81,1986,4059],"class_list":["post-12362","post","type-post","status-publish","format-standard","has-post-thumbnail","hentry","category-livsstil","tag-britisk","tag-costa","tag-del","tag-jul","tag-pa","tag-sol","tag-veldig","generate-columns","tablet-grid-50","mobile-grid-100","grid-parent","grid-33","resize-featured-image"],"yoast_head":"<!-- This site is optimized with the Yoast SEO plugin v24.4 - https:\/\/yoast.com\/wordpress\/plugins\/seo\/ -->\n<title>En veldig britisk jul p\u00e5 Costa del Sol - Nordnesrepublikken<\/title>\n<meta name=\"robots\" content=\"index, follow, max-snippet:-1, max-image-preview:large, max-video-preview:-1\" \/>\n<link rel=\"canonical\" href=\"https:\/\/nordnesrepublikken.no\/index.php\/2025\/12\/02\/en-veldig-britisk-jul-pa-costa-del-sol\/\" \/>\n<meta property=\"og:locale\" content=\"nb_NO\" \/>\n<meta property=\"og:type\" content=\"article\" \/>\n<meta property=\"og:title\" content=\"En veldig britisk jul p\u00e5 Costa del Sol - Nordnesrepublikken\" \/>\n<meta property=\"og:description\" content=\"Savner du en tradisjonell britisk jul mens du er p\u00e5 Costa del Sol? Disse arrangementene\" \/>\n<meta property=\"og:url\" content=\"https:\/\/nordnesrepublikken.no\/index.php\/2025\/12\/02\/en-veldig-britisk-jul-pa-costa-del-sol\/\" \/>\n<meta property=\"og:site_name\" content=\"Nordnesrepublikken\" \/>\n<meta property=\"article:published_time\" content=\"2025-12-02T13:50:58+00:00\" \/>\n<meta property=\"article:modified_time\" content=\"2025-12-02T13:50:59+00:00\" \/>\n<meta property=\"og:image\" content=\"https:\/\/nordnesrepublikken.no\/wp-content\/uploads\/2025\/12\/1764683459_En-veldig-britisk-jul-pa-Costa-del-Sol.jpg\" \/>\n\t<meta property=\"og:image:width\" content=\"1200\" \/>\n\t<meta property=\"og:image:height\" content=\"799\" \/>\n\t<meta property=\"og:image:type\" content=\"image\/jpeg\" \/>\n<meta name=\"author\" content=\"Ole Andersen\" \/>\n<meta name=\"twitter:card\" content=\"summary_large_image\" \/>\n<meta name=\"twitter:label1\" content=\"Skrevet av\" \/>\n\t<meta name=\"twitter:data1\" content=\"Ole Andersen\" \/>\n\t<meta name=\"twitter:label2\" content=\"Ansl. lesetid\" \/>\n\t<meta name=\"twitter:data2\" content=\"1 minutt\" \/>\n<script type=\"application\/ld+json\" class=\"yoast-schema-graph\">{\"@context\":\"https:\/\/schema.org\",\"@graph\":[{\"@type\":\"Article\",\"@id\":\"https:\/\/nordnesrepublikken.no\/index.php\/2025\/12\/02\/en-veldig-britisk-jul-pa-costa-del-sol\/#article\",\"isPartOf\":{\"@id\":\"https:\/\/nordnesrepublikken.no\/index.php\/2025\/12\/02\/en-veldig-britisk-jul-pa-costa-del-sol\/\"},\"author\":{\"name\":\"Ole Andersen\",\"@id\":\"https:\/\/nordnesrepublikken.no\/#\/schema\/person\/2e7e81935bab77882fffb79296240ff1\"},\"headline\":\"En veldig britisk jul p\u00e5 Costa del Sol\",\"datePublished\":\"2025-12-02T13:50:58+00:00\",\"dateModified\":\"2025-12-02T13:50:59+00:00\",\"mainEntityOfPage\":{\"@id\":\"https:\/\/nordnesrepublikken.no\/index.php\/2025\/12\/02\/en-veldig-britisk-jul-pa-costa-del-sol\/\"},\"wordCount\":299,\"publisher\":{\"@id\":\"https:\/\/nordnesrepublikken.no\/#organization\"},\"image\":{\"@id\":\"https:\/\/nordnesrepublikken.no\/index.php\/2025\/12\/02\/en-veldig-britisk-jul-pa-costa-del-sol\/#primaryimage\"},\"thumbnailUrl\":\"https:\/\/nordnesrepublikken.no\/wp-content\/uploads\/2025\/12\/1764683459_En-veldig-britisk-jul-pa-Costa-del-Sol.jpg\",\"keywords\":[\"britisk\",\"Costa\",\"del\",\"Jul\",\"p\u00e5\",\"sol\",\"veldig\"],\"articleSection\":[\"Livsstil\"],\"inLanguage\":\"nb-NO\"},{\"@type\":\"WebPage\",\"@id\":\"https:\/\/nordnesrepublikken.no\/index.php\/2025\/12\/02\/en-veldig-britisk-jul-pa-costa-del-sol\/\",\"url\":\"https:\/\/nordnesrepublikken.no\/index.php\/2025\/12\/02\/en-veldig-britisk-jul-pa-costa-del-sol\/\",\"name\":\"En veldig britisk jul p\u00e5 Costa del Sol - Nordnesrepublikken\",\"isPartOf\":{\"@id\":\"https:\/\/nordnesrepublikken.no\/#website\"},\"primaryImageOfPage\":{\"@id\":\"https:\/\/nordnesrepublikken.no\/index.php\/2025\/12\/02\/en-veldig-britisk-jul-pa-costa-del-sol\/#primaryimage\"},\"image\":{\"@id\":\"https:\/\/nordnesrepublikken.no\/index.php\/2025\/12\/02\/en-veldig-britisk-jul-pa-costa-del-sol\/#primaryimage\"},\"thumbnailUrl\":\"https:\/\/nordnesrepublikken.no\/wp-content\/uploads\/2025\/12\/1764683459_En-veldig-britisk-jul-pa-Costa-del-Sol.jpg\",\"datePublished\":\"2025-12-02T13:50:58+00:00\",\"dateModified\":\"2025-12-02T13:50:59+00:00\",\"breadcrumb\":{\"@id\":\"https:\/\/nordnesrepublikken.no\/index.php\/2025\/12\/02\/en-veldig-britisk-jul-pa-costa-del-sol\/#breadcrumb\"},\"inLanguage\":\"nb-NO\",\"potentialAction\":[{\"@type\":\"ReadAction\",\"target\":[\"https:\/\/nordnesrepublikken.no\/index.php\/2025\/12\/02\/en-veldig-britisk-jul-pa-costa-del-sol\/\"]}]},{\"@type\":\"ImageObject\",\"inLanguage\":\"nb-NO\",\"@id\":\"https:\/\/nordnesrepublikken.no\/index.php\/2025\/12\/02\/en-veldig-britisk-jul-pa-costa-del-sol\/#primaryimage\",\"url\":\"https:\/\/nordnesrepublikken.no\/wp-content\/uploads\/2025\/12\/1764683459_En-veldig-britisk-jul-pa-Costa-del-Sol.jpg\",\"contentUrl\":\"https:\/\/nordnesrepublikken.no\/wp-content\/uploads\/2025\/12\/1764683459_En-veldig-britisk-jul-pa-Costa-del-Sol.jpg\",\"width\":1200,\"height\":799,\"caption\":\"En veldig britisk jul p\u00e5 Costa del Sol\"},{\"@type\":\"BreadcrumbList\",\"@id\":\"https:\/\/nordnesrepublikken.no\/index.php\/2025\/12\/02\/en-veldig-britisk-jul-pa-costa-del-sol\/#breadcrumb\",\"itemListElement\":[{\"@type\":\"ListItem\",\"position\":1,\"name\":\"Home\",\"item\":\"https:\/\/nordnesrepublikken.no\/\"},{\"@type\":\"ListItem\",\"position\":2,\"name\":\"En veldig britisk jul p\u00e5 Costa del Sol\"}]},{\"@type\":\"WebSite\",\"@id\":\"https:\/\/nordnesrepublikken.no\/#website\",\"url\":\"https:\/\/nordnesrepublikken.no\/\",\"name\":\"Nordnesrepublikken\",\"description\":\"Stemmer og Visjoner fra Republikkens Hjerte\",\"publisher\":{\"@id\":\"https:\/\/nordnesrepublikken.no\/#organization\"},\"potentialAction\":[{\"@type\":\"SearchAction\",\"target\":{\"@type\":\"EntryPoint\",\"urlTemplate\":\"https:\/\/nordnesrepublikken.no\/?s={search_term_string}\"},\"query-input\":{\"@type\":\"PropertyValueSpecification\",\"valueRequired\":true,\"valueName\":\"search_term_string\"}}],\"inLanguage\":\"nb-NO\"},{\"@type\":\"Organization\",\"@id\":\"https:\/\/nordnesrepublikken.no\/#organization\",\"name\":\"Nordnesrepublikken\",\"url\":\"https:\/\/nordnesrepublikken.no\/\",\"logo\":{\"@type\":\"ImageObject\",\"inLanguage\":\"nb-NO\",\"@id\":\"https:\/\/nordnesrepublikken.no\/#\/schema\/logo\/image\/\",\"url\":\"https:\/\/nordnesrepublikken.no\/wp-content\/uploads\/2025\/02\/cropped-nordnesrepublikken-2.png\",\"contentUrl\":\"https:\/\/nordnesrepublikken.no\/wp-content\/uploads\/2025\/02\/cropped-nordnesrepublikken-2.png\",\"width\":1248,\"height\":362,\"caption\":\"Nordnesrepublikken\"},\"image\":{\"@id\":\"https:\/\/nordnesrepublikken.no\/#\/schema\/logo\/image\/\"}},{\"@type\":\"Person\",\"@id\":\"https:\/\/nordnesrepublikken.no\/#\/schema\/person\/2e7e81935bab77882fffb79296240ff1\",\"name\":\"Ole Andersen\",\"image\":{\"@type\":\"ImageObject\",\"inLanguage\":\"nb-NO\",\"@id\":\"https:\/\/nordnesrepublikken.no\/#\/schema\/person\/image\/\",\"url\":\"https:\/\/nordnesrepublikken.no\/wp-content\/uploads\/2025\/02\/nordnesrepublikken-2-2-150x150.jpg\",\"contentUrl\":\"https:\/\/nordnesrepublikken.no\/wp-content\/uploads\/2025\/02\/nordnesrepublikken-2-2-150x150.jpg\",\"caption\":\"Ole Andersen\"},\"description\":\"Ettersom jeg vokste opp i Oslo, har jeg alltid v\u00e6rt fascinert av ordenes kraft og deres evne til \u00e5 skape endringer. Etter \u00e5 ha fullf\u00f8rt min utdannelse i kommunikasjon ved Universitetet i Bergen, fikk jeg muligheten til \u00e5 jobbe innen ulike medier, der jeg har s\u00f8kt \u00e5 belyse viktige samfunnssp\u00f8rsm\u00e5l. I dag, som redakt\u00f8r for Nordnesrepublikken, pr\u00f8ver jeg \u00e5 forene min kj\u00e6rlighet for journalistikk med min lidenskap for innovasjon og eventyr.\",\"sameAs\":[\"https:\/\/nordnesrepublikken.no\/\"]}]}<\/script>\n<!-- \/ Yoast SEO plugin. -->","yoast_head_json":{"title":"En veldig britisk jul p\u00e5 Costa del Sol - Nordnesrepublikken","robots":{"index":"index","follow":"follow","max-snippet":"max-snippet:-1","max-image-preview":"max-image-preview:large","max-video-preview":"max-video-preview:-1"},"canonical":"https:\/\/nordnesrepublikken.no\/index.php\/2025\/12\/02\/en-veldig-britisk-jul-pa-costa-del-sol\/","og_locale":"nb_NO","og_type":"article","og_title":"En veldig britisk jul p\u00e5 Costa del Sol - Nordnesrepublikken","og_description":"Savner du en tradisjonell britisk jul mens du er p\u00e5 Costa del Sol? Disse arrangementene","og_url":"https:\/\/nordnesrepublikken.no\/index.php\/2025\/12\/02\/en-veldig-britisk-jul-pa-costa-del-sol\/","og_site_name":"Nordnesrepublikken","article_published_time":"2025-12-02T13:50:58+00:00","article_modified_time":"2025-12-02T13:50:59+00:00","og_image":[{"width":1200,"height":799,"url":"https:\/\/nordnesrepublikken.no\/wp-content\/uploads\/2025\/12\/1764683459_En-veldig-britisk-jul-pa-Costa-del-Sol.jpg","type":"image\/jpeg"}],"author":"Ole Andersen","twitter_card":"summary_large_image","twitter_misc":{"Skrevet av":"Ole Andersen","Ansl. lesetid":"1 minutt"},"schema":{"@context":"https:\/\/schema.org","@graph":[{"@type":"Article","@id":"https:\/\/nordnesrepublikken.no\/index.php\/2025\/12\/02\/en-veldig-britisk-jul-pa-costa-del-sol\/#article","isPartOf":{"@id":"https:\/\/nordnesrepublikken.no\/index.php\/2025\/12\/02\/en-veldig-britisk-jul-pa-costa-del-sol\/"},"author":{"name":"Ole Andersen","@id":"https:\/\/nordnesrepublikken.no\/#\/schema\/person\/2e7e81935bab77882fffb79296240ff1"},"headline":"En veldig britisk jul p\u00e5 Costa del Sol","datePublished":"2025-12-02T13:50:58+00:00","dateModified":"2025-12-02T13:50:59+00:00","mainEntityOfPage":{"@id":"https:\/\/nordnesrepublikken.no\/index.php\/2025\/12\/02\/en-veldig-britisk-jul-pa-costa-del-sol\/"},"wordCount":299,"publisher":{"@id":"https:\/\/nordnesrepublikken.no\/#organization"},"image":{"@id":"https:\/\/nordnesrepublikken.no\/index.php\/2025\/12\/02\/en-veldig-britisk-jul-pa-costa-del-sol\/#primaryimage"},"thumbnailUrl":"https:\/\/nordnesrepublikken.no\/wp-content\/uploads\/2025\/12\/1764683459_En-veldig-britisk-jul-pa-Costa-del-Sol.jpg","keywords":["britisk","Costa","del","Jul","p\u00e5","sol","veldig"],"articleSection":["Livsstil"],"inLanguage":"nb-NO"},{"@type":"WebPage","@id":"https:\/\/nordnesrepublikken.no\/index.php\/2025\/12\/02\/en-veldig-britisk-jul-pa-costa-del-sol\/","url":"https:\/\/nordnesrepublikken.no\/index.php\/2025\/12\/02\/en-veldig-britisk-jul-pa-costa-del-sol\/","name":"En veldig britisk jul p\u00e5 Costa del Sol - Nordnesrepublikken","isPartOf":{"@id":"https:\/\/nordnesrepublikken.no\/#website"},"primaryImageOfPage":{"@id":"https:\/\/nordnesrepublikken.no\/index.php\/2025\/12\/02\/en-veldig-britisk-jul-pa-costa-del-sol\/#primaryimage"},"image":{"@id":"https:\/\/nordnesrepublikken.no\/index.php\/2025\/12\/02\/en-veldig-britisk-jul-pa-costa-del-sol\/#primaryimage"},"thumbnailUrl":"https:\/\/nordnesrepublikken.no\/wp-content\/uploads\/2025\/12\/1764683459_En-veldig-britisk-jul-pa-Costa-del-Sol.jpg","datePublished":"2025-12-02T13:50:58+00:00","dateModified":"2025-12-02T13:50:59+00:00","breadcrumb":{"@id":"https:\/\/nordnesrepublikken.no\/index.php\/2025\/12\/02\/en-veldig-britisk-jul-pa-costa-del-sol\/#breadcrumb"},"inLanguage":"nb-NO","potentialAction":[{"@type":"ReadAction","target":["https:\/\/nordnesrepublikken.no\/index.php\/2025\/12\/02\/en-veldig-britisk-jul-pa-costa-del-sol\/"]}]},{"@type":"ImageObject","inLanguage":"nb-NO","@id":"https:\/\/nordnesrepublikken.no\/index.php\/2025\/12\/02\/en-veldig-britisk-jul-pa-costa-del-sol\/#primaryimage","url":"https:\/\/nordnesrepublikken.no\/wp-content\/uploads\/2025\/12\/1764683459_En-veldig-britisk-jul-pa-Costa-del-Sol.jpg","contentUrl":"https:\/\/nordnesrepublikken.no\/wp-content\/uploads\/2025\/12\/1764683459_En-veldig-britisk-jul-pa-Costa-del-Sol.jpg","width":1200,"height":799,"caption":"En veldig britisk jul p\u00e5 Costa del Sol"},{"@type":"BreadcrumbList","@id":"https:\/\/nordnesrepublikken.no\/index.php\/2025\/12\/02\/en-veldig-britisk-jul-pa-costa-del-sol\/#breadcrumb","itemListElement":[{"@type":"ListItem","position":1,"name":"Home","item":"https:\/\/nordnesrepublikken.no\/"},{"@type":"ListItem","position":2,"name":"En veldig britisk jul p\u00e5 Costa del Sol"}]},{"@type":"WebSite","@id":"https:\/\/nordnesrepublikken.no\/#website","url":"https:\/\/nordnesrepublikken.no\/","name":"Nordnesrepublikken","description":"Stemmer og Visjoner fra Republikkens Hjerte","publisher":{"@id":"https:\/\/nordnesrepublikken.no\/#organization"},"potentialAction":[{"@type":"SearchAction","target":{"@type":"EntryPoint","urlTemplate":"https:\/\/nordnesrepublikken.no\/?s={search_term_string}"},"query-input":{"@type":"PropertyValueSpecification","valueRequired":true,"valueName":"search_term_string"}}],"inLanguage":"nb-NO"},{"@type":"Organization","@id":"https:\/\/nordnesrepublikken.no\/#organization","name":"Nordnesrepublikken","url":"https:\/\/nordnesrepublikken.no\/","logo":{"@type":"ImageObject","inLanguage":"nb-NO","@id":"https:\/\/nordnesrepublikken.no\/#\/schema\/logo\/image\/","url":"https:\/\/nordnesrepublikken.no\/wp-content\/uploads\/2025\/02\/cropped-nordnesrepublikken-2.png","contentUrl":"https:\/\/nordnesrepublikken.no\/wp-content\/uploads\/2025\/02\/cropped-nordnesrepublikken-2.png","width":1248,"height":362,"caption":"Nordnesrepublikken"},"image":{"@id":"https:\/\/nordnesrepublikken.no\/#\/schema\/logo\/image\/"}},{"@type":"Person","@id":"https:\/\/nordnesrepublikken.no\/#\/schema\/person\/2e7e81935bab77882fffb79296240ff1","name":"Ole Andersen","image":{"@type":"ImageObject","inLanguage":"nb-NO","@id":"https:\/\/nordnesrepublikken.no\/#\/schema\/person\/image\/","url":"https:\/\/nordnesrepublikken.no\/wp-content\/uploads\/2025\/02\/nordnesrepublikken-2-2-150x150.jpg","contentUrl":"https:\/\/nordnesrepublikken.no\/wp-content\/uploads\/2025\/02\/nordnesrepublikken-2-2-150x150.jpg","caption":"Ole Andersen"},"description":"Ettersom jeg vokste opp i Oslo, har jeg alltid v\u00e6rt fascinert av ordenes kraft og deres evne til \u00e5 skape endringer. Etter \u00e5 ha fullf\u00f8rt min utdannelse i kommunikasjon ved Universitetet i Bergen, fikk jeg muligheten til \u00e5 jobbe innen ulike medier, der jeg har s\u00f8kt \u00e5 belyse viktige samfunnssp\u00f8rsm\u00e5l. I dag, som redakt\u00f8r for Nordnesrepublikken, pr\u00f8ver jeg \u00e5 forene min kj\u00e6rlighet for journalistikk med min lidenskap for innovasjon og eventyr.","sameAs":["https:\/\/nordnesrepublikken.no\/"]}]}},"_links":{"self":[{"href":"https:\/\/nordnesrepublikken.no\/index.php\/wp-json\/wp\/v2\/posts\/12362","targetHints":{"allow":["GET"]}}],"collection":[{"href":"https:\/\/nordnesrepublikken.no\/index.php\/wp-json\/wp\/v2\/posts"}],"about":[{"href":"https:\/\/nordnesrepublikken.no\/index.php\/wp-json\/wp\/v2\/types\/post"}],"author":[{"embeddable":true,"href":"https:\/\/nordnesrepublikken.no\/index.php\/wp-json\/wp\/v2\/users\/1"}],"replies":[{"embeddable":true,"href":"https:\/\/nordnesrepublikken.no\/index.php\/wp-json\/wp\/v2\/comments?post=12362"}],"version-history":[{"count":1,"href":"https:\/\/nordnesrepublikken.no\/index.php\/wp-json\/wp\/v2\/posts\/12362\/revisions"}],"predecessor-version":[{"id":12364,"href":"https:\/\/nordnesrepublikken.no\/index.php\/wp-json\/wp\/v2\/posts\/12362\/revisions\/12364"}],"wp:featuredmedia":[{"embeddable":true,"href":"https:\/\/nordnesrepublikken.no\/index.php\/wp-json\/wp\/v2\/media\/12363"}],"wp:attachment":[{"href":"https:\/\/nordnesrepublikken.no\/index.php\/wp-json\/wp\/v2\/media?parent=12362"}],"wp:term":[{"taxonomy":"category","embeddable":true,"href":"https:\/\/nordnesrepublikken.no\/index.php\/wp-json\/wp\/v2\/categories?post=12362"},{"taxonomy":"post_tag","embeddable":true,"href":"https:\/\/nordnesrepublikken.no\/index.php\/wp-json\/wp\/v2\/tags?post=12362"}],"curies":[{"name":"wp","href":"https:\/\/api.w.org\/{rel}","templated":true}]}}