{"id":12359,"date":"2025-12-02T12:52:17","date_gmt":"2025-12-02T11:52:17","guid":{"rendered":"https:\/\/nordnesrepublikken.no\/index.php\/2025\/12\/02\/den-storste-isbreen-i-spania-i-pyreneene-har-tapt-opptil-4-m-pa-et-ar-de-siste-funnene\/"},"modified":"2025-12-02T12:52:24","modified_gmt":"2025-12-02T11:52:24","slug":"den-storste-isbreen-i-spania-i-pyreneene-har-tapt-opptil-4-m-pa-et-ar-de-siste-funnene","status":"publish","type":"post","link":"https:\/\/nordnesrepublikken.no\/index.php\/2025\/12\/02\/den-storste-isbreen-i-spania-i-pyreneene-har-tapt-opptil-4-m-pa-et-ar-de-siste-funnene\/","title":{"rendered":"Den st\u00f8rste isbreen i Spania, i Pyreneene, har tapt opptil 4 m p\u00e5 et \u00e5r: de siste funnene"},"content":{"rendered":"<div>\n<div class=\"cp_wrapper cp_wrapper--fw mb-30 mb-20@tablet\">\n<figure class=\"mm\"><picture class=\"img\" style=\"padding-top:56.25%\"><source  media=\"(min-width: 1024px)\"><source  media=\"(min-width: 768px)\"><\/source><\/source><\/picture><\/figure>\n<\/p><\/div>\n<p>Den st\u00f8rste spanske isbreen, den av <strong>Dill<\/strong> i Pyreneene reduseres den betydelig i tykkelse. Og han er ikke den eneste: samme skjebne skjer med alle isbreene i Spania. Dette er konklusjonene et team av forskere fra <strong>Forskningsgruppe<\/strong><em><strong>  CryoPyr<\/strong><\/em>  av<strong>Pyreneisk institutt for \u00f8kologi<\/strong> (IPE-CSIC). Dataene ble samlet inn via drone in <strong>september 2025<\/strong> og ang\u00e5r noen av de viktigste isbreene i Pyreneene:<\/p>\n<ul>\n<li>den mest ber\u00f8rte er <strong>Ossoue-breen<\/strong> (Vignemale, faktisk i de franske Pyreneene), som har et gjennomsnittlig tap p\u00e5<strong> 3,4 meter<\/strong> og et maksimalt fall til <strong>5,4 meter <\/strong>sammenlignet med \u00e5ret f\u00f8r;<\/li>\n<li>isbreene til <strong>Dill<\/strong> Og <strong>Monte Perdido<\/strong> i stedet viser de mer moderate tap inkludert<strong> mellom 1,3 og 1,2 meter<\/strong>med maksimale verdier p\u00e5 \u2013<strong>4 meter<\/strong>. Det b\u00f8r ogs\u00e5 bemerkes at Aneto-breen i \u00e5r har fragmentert med p\u00e5f\u00f8lgende omklassifisering av en del av den til et enkelt &laquo;sn\u00f8felt&raquo; (ikke lenger en aktiv isbre);<\/li>\n<li>breen til <strong>Llardana<\/strong> (Posets) registrerte ogs\u00e5 en gjennomsnittlig nedgang p\u00e5 <strong>1,4 meter<\/strong> med maksimale verdier opp til<strong> 4,1 m<\/strong>;<\/li>\n<li>breen <strong>Infiernos<\/strong> endelig ordner det seg<strong> 1,8 meter<\/strong>med sektorer som taper opp til <strong>4,2 meter<\/strong>.<\/li>\n<\/ul>\n<div class=\"cp_wrapper cp_wrapper--fw mb-50\">\n<figure class=\"mm\"><picture class=\"img\" style=\"padding-top:106.35416666667%\"><source  media=\"(min-width: 1024px)\"><source  media=\"(min-width: 768px)\"><img decoding=\"async\" loading=\"lazy\" src=\"https:\/\/nordnesrepublikken.no\/wp-content\/uploads\/2025\/12\/1764676337_528_Den-storste-isbreen-i-Spania-i-Pyreneene-har-tapt-opptil.jpg\" alt=\"Bilde\" width=\"960\" height=\"1021\"\/><\/source><\/source><\/picture><\/figure>\n<\/p><\/div>\n<p>Selv om trenden generelt er negativ, rapporterer forskerne ogs\u00e5 at de p\u00e5 enkelte omr\u00e5der er registrert <strong>sm\u00e5 \u00f8kninger<\/strong>med verdier opp til <strong>2,8 meter<\/strong> i Monte Perdido, <strong>2,9 meter<\/strong> i Llardana e <strong>1,6 meter<\/strong> i Aneto.<\/p>\n<p>Men hvordan ble disse dataene innhentet? M\u00e5lingene ble utf\u00f8rt via drone, og for hver isbre ble f\u00f8lgende data innhentet <strong>h\u00f8yoppl\u00f8selige tredimensjonale modeller.<\/strong> Ved \u00e5 sammenligne disse med modeller fra tidligere \u00e5r, var det mulig \u00e5 vurdere tap og gevinster for hver brekropp. Samlet sett er perioden 2024-2025 posisjonert <strong>blant de verste<\/strong> i form av <strong>tap<\/strong> siden \u00e5rsdata er tilgjengelig, rett bak \u00e5rene 2021-2022 og 2022-2023.<\/p>\n<\/p><\/div>\n","protected":false},"excerpt":{"rendered":"<p>Den st\u00f8rste spanske isbreen, den av Dill i Pyreneene reduseres den betydelig i tykkelse. Og<\/p>\n","protected":false},"author":1,"featured_media":12360,"comment_status":"closed","ping_status":"open","sticky":false,"template":"","format":"standard","meta":{"footnotes":""},"categories":[26],"tags":[595,74,6699,179,8138,2855,81,8139,779,529,349,3644],"class_list":["post-12359","post","type-post","status-publish","format-standard","has-post-thumbnail","hentry","category-miljo","tag-ar","tag-den","tag-funnene","tag-har","tag-isbreen","tag-opptil","tag-pa","tag-pyreneene","tag-siste","tag-spania","tag-storste","tag-tapt","generate-columns","tablet-grid-50","mobile-grid-100","grid-parent","grid-33","resize-featured-image"],"yoast_head":"<!-- This site is optimized with the Yoast SEO plugin v24.4 - https:\/\/yoast.com\/wordpress\/plugins\/seo\/ -->\n<title>Den st\u00f8rste isbreen i Spania, i Pyreneene, har tapt opptil 4 m p\u00e5 et \u00e5r: de siste funnene - Nordnesrepublikken<\/title>\n<meta name=\"robots\" content=\"index, follow, max-snippet:-1, max-image-preview:large, max-video-preview:-1\" \/>\n<link rel=\"canonical\" href=\"https:\/\/nordnesrepublikken.no\/index.php\/2025\/12\/02\/den-storste-isbreen-i-spania-i-pyreneene-har-tapt-opptil-4-m-pa-et-ar-de-siste-funnene\/\" \/>\n<meta property=\"og:locale\" content=\"nb_NO\" \/>\n<meta property=\"og:type\" content=\"article\" \/>\n<meta property=\"og:title\" content=\"Den st\u00f8rste isbreen i Spania, i Pyreneene, har tapt opptil 4 m p\u00e5 et \u00e5r: de siste funnene - Nordnesrepublikken\" \/>\n<meta property=\"og:description\" content=\"Den st\u00f8rste spanske isbreen, den av Dill i Pyreneene reduseres den betydelig i tykkelse. Og\" \/>\n<meta property=\"og:url\" content=\"https:\/\/nordnesrepublikken.no\/index.php\/2025\/12\/02\/den-storste-isbreen-i-spania-i-pyreneene-har-tapt-opptil-4-m-pa-et-ar-de-siste-funnene\/\" \/>\n<meta property=\"og:site_name\" content=\"Nordnesrepublikken\" \/>\n<meta property=\"article:published_time\" content=\"2025-12-02T11:52:17+00:00\" \/>\n<meta property=\"article:modified_time\" content=\"2025-12-02T11:52:24+00:00\" \/>\n<meta property=\"og:image\" content=\"https:\/\/nordnesrepublikken.no\/wp-content\/uploads\/2025\/12\/1764676339_Den-storste-isbreen-i-Spania-i-Pyreneene-har-tapt-opptil.jpg\" \/>\n\t<meta property=\"og:image:width\" content=\"2549\" \/>\n\t<meta property=\"og:image:height\" content=\"1491\" \/>\n\t<meta property=\"og:image:type\" content=\"image\/jpeg\" \/>\n<meta name=\"author\" content=\"Ole Andersen\" \/>\n<meta name=\"twitter:card\" content=\"summary_large_image\" \/>\n<meta name=\"twitter:label1\" content=\"Skrevet av\" \/>\n\t<meta name=\"twitter:data1\" content=\"Ole Andersen\" \/>\n\t<meta name=\"twitter:label2\" content=\"Ansl. lesetid\" \/>\n\t<meta name=\"twitter:data2\" content=\"1 minutt\" \/>\n<script type=\"application\/ld+json\" class=\"yoast-schema-graph\">{\"@context\":\"https:\/\/schema.org\",\"@graph\":[{\"@type\":\"Article\",\"@id\":\"https:\/\/nordnesrepublikken.no\/index.php\/2025\/12\/02\/den-storste-isbreen-i-spania-i-pyreneene-har-tapt-opptil-4-m-pa-et-ar-de-siste-funnene\/#article\",\"isPartOf\":{\"@id\":\"https:\/\/nordnesrepublikken.no\/index.php\/2025\/12\/02\/den-storste-isbreen-i-spania-i-pyreneene-har-tapt-opptil-4-m-pa-et-ar-de-siste-funnene\/\"},\"author\":{\"name\":\"Ole Andersen\",\"@id\":\"https:\/\/nordnesrepublikken.no\/#\/schema\/person\/2e7e81935bab77882fffb79296240ff1\"},\"headline\":\"Den st\u00f8rste isbreen i Spania, i Pyreneene, har tapt opptil 4 m p\u00e5 et \u00e5r: de siste funnene\",\"datePublished\":\"2025-12-02T11:52:17+00:00\",\"dateModified\":\"2025-12-02T11:52:24+00:00\",\"mainEntityOfPage\":{\"@id\":\"https:\/\/nordnesrepublikken.no\/index.php\/2025\/12\/02\/den-storste-isbreen-i-spania-i-pyreneene-har-tapt-opptil-4-m-pa-et-ar-de-siste-funnene\/\"},\"wordCount\":293,\"publisher\":{\"@id\":\"https:\/\/nordnesrepublikken.no\/#organization\"},\"image\":{\"@id\":\"https:\/\/nordnesrepublikken.no\/index.php\/2025\/12\/02\/den-storste-isbreen-i-spania-i-pyreneene-har-tapt-opptil-4-m-pa-et-ar-de-siste-funnene\/#primaryimage\"},\"thumbnailUrl\":\"https:\/\/nordnesrepublikken.no\/wp-content\/uploads\/2025\/12\/1764676339_Den-storste-isbreen-i-Spania-i-Pyreneene-har-tapt-opptil.jpg\",\"keywords\":[\"\u00e5r\",\"den\",\"Funnene\",\"har\",\"isbreen\",\"opptil\",\"p\u00e5\",\"Pyreneene\",\"siste\",\"Spania\",\"st\u00f8rste\",\"tapt\"],\"articleSection\":[\"Milj\u00f8\"],\"inLanguage\":\"nb-NO\"},{\"@type\":\"WebPage\",\"@id\":\"https:\/\/nordnesrepublikken.no\/index.php\/2025\/12\/02\/den-storste-isbreen-i-spania-i-pyreneene-har-tapt-opptil-4-m-pa-et-ar-de-siste-funnene\/\",\"url\":\"https:\/\/nordnesrepublikken.no\/index.php\/2025\/12\/02\/den-storste-isbreen-i-spania-i-pyreneene-har-tapt-opptil-4-m-pa-et-ar-de-siste-funnene\/\",\"name\":\"Den st\u00f8rste isbreen i Spania, i Pyreneene, har tapt opptil 4 m p\u00e5 et \u00e5r: de siste funnene - Nordnesrepublikken\",\"isPartOf\":{\"@id\":\"https:\/\/nordnesrepublikken.no\/#website\"},\"primaryImageOfPage\":{\"@id\":\"https:\/\/nordnesrepublikken.no\/index.php\/2025\/12\/02\/den-storste-isbreen-i-spania-i-pyreneene-har-tapt-opptil-4-m-pa-et-ar-de-siste-funnene\/#primaryimage\"},\"image\":{\"@id\":\"https:\/\/nordnesrepublikken.no\/index.php\/2025\/12\/02\/den-storste-isbreen-i-spania-i-pyreneene-har-tapt-opptil-4-m-pa-et-ar-de-siste-funnene\/#primaryimage\"},\"thumbnailUrl\":\"https:\/\/nordnesrepublikken.no\/wp-content\/uploads\/2025\/12\/1764676339_Den-storste-isbreen-i-Spania-i-Pyreneene-har-tapt-opptil.jpg\",\"datePublished\":\"2025-12-02T11:52:17+00:00\",\"dateModified\":\"2025-12-02T11:52:24+00:00\",\"breadcrumb\":{\"@id\":\"https:\/\/nordnesrepublikken.no\/index.php\/2025\/12\/02\/den-storste-isbreen-i-spania-i-pyreneene-har-tapt-opptil-4-m-pa-et-ar-de-siste-funnene\/#breadcrumb\"},\"inLanguage\":\"nb-NO\",\"potentialAction\":[{\"@type\":\"ReadAction\",\"target\":[\"https:\/\/nordnesrepublikken.no\/index.php\/2025\/12\/02\/den-storste-isbreen-i-spania-i-pyreneene-har-tapt-opptil-4-m-pa-et-ar-de-siste-funnene\/\"]}]},{\"@type\":\"ImageObject\",\"inLanguage\":\"nb-NO\",\"@id\":\"https:\/\/nordnesrepublikken.no\/index.php\/2025\/12\/02\/den-storste-isbreen-i-spania-i-pyreneene-har-tapt-opptil-4-m-pa-et-ar-de-siste-funnene\/#primaryimage\",\"url\":\"https:\/\/nordnesrepublikken.no\/wp-content\/uploads\/2025\/12\/1764676339_Den-storste-isbreen-i-Spania-i-Pyreneene-har-tapt-opptil.jpg\",\"contentUrl\":\"https:\/\/nordnesrepublikken.no\/wp-content\/uploads\/2025\/12\/1764676339_Den-storste-isbreen-i-Spania-i-Pyreneene-har-tapt-opptil.jpg\",\"width\":2549,\"height\":1491,\"caption\":\"Den st\u00f8rste isbreen i Spania, i Pyreneene, har tapt opptil 4 m p\u00e5 et \u00e5r: de siste funnene\"},{\"@type\":\"BreadcrumbList\",\"@id\":\"https:\/\/nordnesrepublikken.no\/index.php\/2025\/12\/02\/den-storste-isbreen-i-spania-i-pyreneene-har-tapt-opptil-4-m-pa-et-ar-de-siste-funnene\/#breadcrumb\",\"itemListElement\":[{\"@type\":\"ListItem\",\"position\":1,\"name\":\"Home\",\"item\":\"https:\/\/nordnesrepublikken.no\/\"},{\"@type\":\"ListItem\",\"position\":2,\"name\":\"Den st\u00f8rste isbreen i Spania, i Pyreneene, har tapt opptil 4 m p\u00e5 et \u00e5r: de siste funnene\"}]},{\"@type\":\"WebSite\",\"@id\":\"https:\/\/nordnesrepublikken.no\/#website\",\"url\":\"https:\/\/nordnesrepublikken.no\/\",\"name\":\"Nordnesrepublikken\",\"description\":\"Stemmer og Visjoner fra Republikkens Hjerte\",\"publisher\":{\"@id\":\"https:\/\/nordnesrepublikken.no\/#organization\"},\"potentialAction\":[{\"@type\":\"SearchAction\",\"target\":{\"@type\":\"EntryPoint\",\"urlTemplate\":\"https:\/\/nordnesrepublikken.no\/?s={search_term_string}\"},\"query-input\":{\"@type\":\"PropertyValueSpecification\",\"valueRequired\":true,\"valueName\":\"search_term_string\"}}],\"inLanguage\":\"nb-NO\"},{\"@type\":\"Organization\",\"@id\":\"https:\/\/nordnesrepublikken.no\/#organization\",\"name\":\"Nordnesrepublikken\",\"url\":\"https:\/\/nordnesrepublikken.no\/\",\"logo\":{\"@type\":\"ImageObject\",\"inLanguage\":\"nb-NO\",\"@id\":\"https:\/\/nordnesrepublikken.no\/#\/schema\/logo\/image\/\",\"url\":\"https:\/\/nordnesrepublikken.no\/wp-content\/uploads\/2025\/02\/cropped-nordnesrepublikken-2.png\",\"contentUrl\":\"https:\/\/nordnesrepublikken.no\/wp-content\/uploads\/2025\/02\/cropped-nordnesrepublikken-2.png\",\"width\":1248,\"height\":362,\"caption\":\"Nordnesrepublikken\"},\"image\":{\"@id\":\"https:\/\/nordnesrepublikken.no\/#\/schema\/logo\/image\/\"}},{\"@type\":\"Person\",\"@id\":\"https:\/\/nordnesrepublikken.no\/#\/schema\/person\/2e7e81935bab77882fffb79296240ff1\",\"name\":\"Ole Andersen\",\"image\":{\"@type\":\"ImageObject\",\"inLanguage\":\"nb-NO\",\"@id\":\"https:\/\/nordnesrepublikken.no\/#\/schema\/person\/image\/\",\"url\":\"https:\/\/nordnesrepublikken.no\/wp-content\/uploads\/2025\/02\/nordnesrepublikken-2-2-150x150.jpg\",\"contentUrl\":\"https:\/\/nordnesrepublikken.no\/wp-content\/uploads\/2025\/02\/nordnesrepublikken-2-2-150x150.jpg\",\"caption\":\"Ole Andersen\"},\"description\":\"Ettersom jeg vokste opp i Oslo, har jeg alltid v\u00e6rt fascinert av ordenes kraft og deres evne til \u00e5 skape endringer. Etter \u00e5 ha fullf\u00f8rt min utdannelse i kommunikasjon ved Universitetet i Bergen, fikk jeg muligheten til \u00e5 jobbe innen ulike medier, der jeg har s\u00f8kt \u00e5 belyse viktige samfunnssp\u00f8rsm\u00e5l. I dag, som redakt\u00f8r for Nordnesrepublikken, pr\u00f8ver jeg \u00e5 forene min kj\u00e6rlighet for journalistikk med min lidenskap for innovasjon og eventyr.\",\"sameAs\":[\"https:\/\/nordnesrepublikken.no\/\"]}]}<\/script>\n<!-- \/ Yoast SEO plugin. -->","yoast_head_json":{"title":"Den st\u00f8rste isbreen i Spania, i Pyreneene, har tapt opptil 4 m p\u00e5 et \u00e5r: de siste funnene - Nordnesrepublikken","robots":{"index":"index","follow":"follow","max-snippet":"max-snippet:-1","max-image-preview":"max-image-preview:large","max-video-preview":"max-video-preview:-1"},"canonical":"https:\/\/nordnesrepublikken.no\/index.php\/2025\/12\/02\/den-storste-isbreen-i-spania-i-pyreneene-har-tapt-opptil-4-m-pa-et-ar-de-siste-funnene\/","og_locale":"nb_NO","og_type":"article","og_title":"Den st\u00f8rste isbreen i Spania, i Pyreneene, har tapt opptil 4 m p\u00e5 et \u00e5r: de siste funnene - Nordnesrepublikken","og_description":"Den st\u00f8rste spanske isbreen, den av Dill i Pyreneene reduseres den betydelig i tykkelse. Og","og_url":"https:\/\/nordnesrepublikken.no\/index.php\/2025\/12\/02\/den-storste-isbreen-i-spania-i-pyreneene-har-tapt-opptil-4-m-pa-et-ar-de-siste-funnene\/","og_site_name":"Nordnesrepublikken","article_published_time":"2025-12-02T11:52:17+00:00","article_modified_time":"2025-12-02T11:52:24+00:00","og_image":[{"width":2549,"height":1491,"url":"https:\/\/nordnesrepublikken.no\/wp-content\/uploads\/2025\/12\/1764676339_Den-storste-isbreen-i-Spania-i-Pyreneene-har-tapt-opptil.jpg","type":"image\/jpeg"}],"author":"Ole Andersen","twitter_card":"summary_large_image","twitter_misc":{"Skrevet av":"Ole Andersen","Ansl. lesetid":"1 minutt"},"schema":{"@context":"https:\/\/schema.org","@graph":[{"@type":"Article","@id":"https:\/\/nordnesrepublikken.no\/index.php\/2025\/12\/02\/den-storste-isbreen-i-spania-i-pyreneene-har-tapt-opptil-4-m-pa-et-ar-de-siste-funnene\/#article","isPartOf":{"@id":"https:\/\/nordnesrepublikken.no\/index.php\/2025\/12\/02\/den-storste-isbreen-i-spania-i-pyreneene-har-tapt-opptil-4-m-pa-et-ar-de-siste-funnene\/"},"author":{"name":"Ole Andersen","@id":"https:\/\/nordnesrepublikken.no\/#\/schema\/person\/2e7e81935bab77882fffb79296240ff1"},"headline":"Den st\u00f8rste isbreen i Spania, i Pyreneene, har tapt opptil 4 m p\u00e5 et \u00e5r: de siste funnene","datePublished":"2025-12-02T11:52:17+00:00","dateModified":"2025-12-02T11:52:24+00:00","mainEntityOfPage":{"@id":"https:\/\/nordnesrepublikken.no\/index.php\/2025\/12\/02\/den-storste-isbreen-i-spania-i-pyreneene-har-tapt-opptil-4-m-pa-et-ar-de-siste-funnene\/"},"wordCount":293,"publisher":{"@id":"https:\/\/nordnesrepublikken.no\/#organization"},"image":{"@id":"https:\/\/nordnesrepublikken.no\/index.php\/2025\/12\/02\/den-storste-isbreen-i-spania-i-pyreneene-har-tapt-opptil-4-m-pa-et-ar-de-siste-funnene\/#primaryimage"},"thumbnailUrl":"https:\/\/nordnesrepublikken.no\/wp-content\/uploads\/2025\/12\/1764676339_Den-storste-isbreen-i-Spania-i-Pyreneene-har-tapt-opptil.jpg","keywords":["\u00e5r","den","Funnene","har","isbreen","opptil","p\u00e5","Pyreneene","siste","Spania","st\u00f8rste","tapt"],"articleSection":["Milj\u00f8"],"inLanguage":"nb-NO"},{"@type":"WebPage","@id":"https:\/\/nordnesrepublikken.no\/index.php\/2025\/12\/02\/den-storste-isbreen-i-spania-i-pyreneene-har-tapt-opptil-4-m-pa-et-ar-de-siste-funnene\/","url":"https:\/\/nordnesrepublikken.no\/index.php\/2025\/12\/02\/den-storste-isbreen-i-spania-i-pyreneene-har-tapt-opptil-4-m-pa-et-ar-de-siste-funnene\/","name":"Den st\u00f8rste isbreen i Spania, i Pyreneene, har tapt opptil 4 m p\u00e5 et \u00e5r: de siste funnene - Nordnesrepublikken","isPartOf":{"@id":"https:\/\/nordnesrepublikken.no\/#website"},"primaryImageOfPage":{"@id":"https:\/\/nordnesrepublikken.no\/index.php\/2025\/12\/02\/den-storste-isbreen-i-spania-i-pyreneene-har-tapt-opptil-4-m-pa-et-ar-de-siste-funnene\/#primaryimage"},"image":{"@id":"https:\/\/nordnesrepublikken.no\/index.php\/2025\/12\/02\/den-storste-isbreen-i-spania-i-pyreneene-har-tapt-opptil-4-m-pa-et-ar-de-siste-funnene\/#primaryimage"},"thumbnailUrl":"https:\/\/nordnesrepublikken.no\/wp-content\/uploads\/2025\/12\/1764676339_Den-storste-isbreen-i-Spania-i-Pyreneene-har-tapt-opptil.jpg","datePublished":"2025-12-02T11:52:17+00:00","dateModified":"2025-12-02T11:52:24+00:00","breadcrumb":{"@id":"https:\/\/nordnesrepublikken.no\/index.php\/2025\/12\/02\/den-storste-isbreen-i-spania-i-pyreneene-har-tapt-opptil-4-m-pa-et-ar-de-siste-funnene\/#breadcrumb"},"inLanguage":"nb-NO","potentialAction":[{"@type":"ReadAction","target":["https:\/\/nordnesrepublikken.no\/index.php\/2025\/12\/02\/den-storste-isbreen-i-spania-i-pyreneene-har-tapt-opptil-4-m-pa-et-ar-de-siste-funnene\/"]}]},{"@type":"ImageObject","inLanguage":"nb-NO","@id":"https:\/\/nordnesrepublikken.no\/index.php\/2025\/12\/02\/den-storste-isbreen-i-spania-i-pyreneene-har-tapt-opptil-4-m-pa-et-ar-de-siste-funnene\/#primaryimage","url":"https:\/\/nordnesrepublikken.no\/wp-content\/uploads\/2025\/12\/1764676339_Den-storste-isbreen-i-Spania-i-Pyreneene-har-tapt-opptil.jpg","contentUrl":"https:\/\/nordnesrepublikken.no\/wp-content\/uploads\/2025\/12\/1764676339_Den-storste-isbreen-i-Spania-i-Pyreneene-har-tapt-opptil.jpg","width":2549,"height":1491,"caption":"Den st\u00f8rste isbreen i Spania, i Pyreneene, har tapt opptil 4 m p\u00e5 et \u00e5r: de siste funnene"},{"@type":"BreadcrumbList","@id":"https:\/\/nordnesrepublikken.no\/index.php\/2025\/12\/02\/den-storste-isbreen-i-spania-i-pyreneene-har-tapt-opptil-4-m-pa-et-ar-de-siste-funnene\/#breadcrumb","itemListElement":[{"@type":"ListItem","position":1,"name":"Home","item":"https:\/\/nordnesrepublikken.no\/"},{"@type":"ListItem","position":2,"name":"Den st\u00f8rste isbreen i Spania, i Pyreneene, har tapt opptil 4 m p\u00e5 et \u00e5r: de siste funnene"}]},{"@type":"WebSite","@id":"https:\/\/nordnesrepublikken.no\/#website","url":"https:\/\/nordnesrepublikken.no\/","name":"Nordnesrepublikken","description":"Stemmer og Visjoner fra Republikkens Hjerte","publisher":{"@id":"https:\/\/nordnesrepublikken.no\/#organization"},"potentialAction":[{"@type":"SearchAction","target":{"@type":"EntryPoint","urlTemplate":"https:\/\/nordnesrepublikken.no\/?s={search_term_string}"},"query-input":{"@type":"PropertyValueSpecification","valueRequired":true,"valueName":"search_term_string"}}],"inLanguage":"nb-NO"},{"@type":"Organization","@id":"https:\/\/nordnesrepublikken.no\/#organization","name":"Nordnesrepublikken","url":"https:\/\/nordnesrepublikken.no\/","logo":{"@type":"ImageObject","inLanguage":"nb-NO","@id":"https:\/\/nordnesrepublikken.no\/#\/schema\/logo\/image\/","url":"https:\/\/nordnesrepublikken.no\/wp-content\/uploads\/2025\/02\/cropped-nordnesrepublikken-2.png","contentUrl":"https:\/\/nordnesrepublikken.no\/wp-content\/uploads\/2025\/02\/cropped-nordnesrepublikken-2.png","width":1248,"height":362,"caption":"Nordnesrepublikken"},"image":{"@id":"https:\/\/nordnesrepublikken.no\/#\/schema\/logo\/image\/"}},{"@type":"Person","@id":"https:\/\/nordnesrepublikken.no\/#\/schema\/person\/2e7e81935bab77882fffb79296240ff1","name":"Ole Andersen","image":{"@type":"ImageObject","inLanguage":"nb-NO","@id":"https:\/\/nordnesrepublikken.no\/#\/schema\/person\/image\/","url":"https:\/\/nordnesrepublikken.no\/wp-content\/uploads\/2025\/02\/nordnesrepublikken-2-2-150x150.jpg","contentUrl":"https:\/\/nordnesrepublikken.no\/wp-content\/uploads\/2025\/02\/nordnesrepublikken-2-2-150x150.jpg","caption":"Ole Andersen"},"description":"Ettersom jeg vokste opp i Oslo, har jeg alltid v\u00e6rt fascinert av ordenes kraft og deres evne til \u00e5 skape endringer. Etter \u00e5 ha fullf\u00f8rt min utdannelse i kommunikasjon ved Universitetet i Bergen, fikk jeg muligheten til \u00e5 jobbe innen ulike medier, der jeg har s\u00f8kt \u00e5 belyse viktige samfunnssp\u00f8rsm\u00e5l. I dag, som redakt\u00f8r for Nordnesrepublikken, pr\u00f8ver jeg \u00e5 forene min kj\u00e6rlighet for journalistikk med min lidenskap for innovasjon og eventyr.","sameAs":["https:\/\/nordnesrepublikken.no\/"]}]}},"_links":{"self":[{"href":"https:\/\/nordnesrepublikken.no\/index.php\/wp-json\/wp\/v2\/posts\/12359","targetHints":{"allow":["GET"]}}],"collection":[{"href":"https:\/\/nordnesrepublikken.no\/index.php\/wp-json\/wp\/v2\/posts"}],"about":[{"href":"https:\/\/nordnesrepublikken.no\/index.php\/wp-json\/wp\/v2\/types\/post"}],"author":[{"embeddable":true,"href":"https:\/\/nordnesrepublikken.no\/index.php\/wp-json\/wp\/v2\/users\/1"}],"replies":[{"embeddable":true,"href":"https:\/\/nordnesrepublikken.no\/index.php\/wp-json\/wp\/v2\/comments?post=12359"}],"version-history":[{"count":1,"href":"https:\/\/nordnesrepublikken.no\/index.php\/wp-json\/wp\/v2\/posts\/12359\/revisions"}],"predecessor-version":[{"id":12361,"href":"https:\/\/nordnesrepublikken.no\/index.php\/wp-json\/wp\/v2\/posts\/12359\/revisions\/12361"}],"wp:featuredmedia":[{"embeddable":true,"href":"https:\/\/nordnesrepublikken.no\/index.php\/wp-json\/wp\/v2\/media\/12360"}],"wp:attachment":[{"href":"https:\/\/nordnesrepublikken.no\/index.php\/wp-json\/wp\/v2\/media?parent=12359"}],"wp:term":[{"taxonomy":"category","embeddable":true,"href":"https:\/\/nordnesrepublikken.no\/index.php\/wp-json\/wp\/v2\/categories?post=12359"},{"taxonomy":"post_tag","embeddable":true,"href":"https:\/\/nordnesrepublikken.no\/index.php\/wp-json\/wp\/v2\/tags?post=12359"}],"curies":[{"name":"wp","href":"https:\/\/api.w.org\/{rel}","templated":true}]}}