{"id":12341,"date":"2025-12-02T01:51:44","date_gmt":"2025-12-02T00:51:44","guid":{"rendered":"https:\/\/nordnesrepublikken.no\/index.php\/2025\/12\/02\/hvorfor-8-desember-er-festen-for-den-ulastelige-unnfangelsen-og-hva-som-feires\/"},"modified":"2025-12-02T01:51:48","modified_gmt":"2025-12-02T00:51:48","slug":"hvorfor-8-desember-er-festen-for-den-ulastelige-unnfangelsen-og-hva-som-feires","status":"publish","type":"post","link":"https:\/\/nordnesrepublikken.no\/index.php\/2025\/12\/02\/hvorfor-8-desember-er-festen-for-den-ulastelige-unnfangelsen-og-hva-som-feires\/","title":{"rendered":"Hvorfor 8. desember er festen for den ulastelige unnfangelsen og hva som feires"},"content":{"rendered":"<div>\n<div class=\"cp_wrapper cp_wrapper--fw mb-30 mb-20@tablet\">\n<figure class=\"mm\"><picture class=\"img\" style=\"padding-top:56.25%\"><source  media=\"(min-width: 1024px)\"><source  media=\"(min-width: 768px)\"><\/source><\/source><\/picture><\/figure>\n<\/p><\/div>\n<p>Feiringen av<strong>Ulastelig unnfangelse<\/strong> feires p\u00e5<strong>8. desember<\/strong>dagen som tradisjonelt mange forbereder<strong>juletre<\/strong> eller julekrybben. Disse sv\u00e6rt vanlige tradisjonene i Italia selv i dag, i 2025, er knyttet til den s\u00e5kalte &laquo;Feast of the Immaculate Conception&raquo;, den viktigste katolske feiringen av adventstiden.<\/p>\n<p>Ofte er dogmet om den ulastelige unnfangelsen <strong>forvirret med jomfruelig unnfangelse <\/strong><strong>av Jesus <\/strong>(troen p\u00e5 at Maria unnfanget sin s\u00f8nn som jomfru uten \u00e5 ha hatt seksuell omgang med mannen sin Josef), men i virkeligheten, <strong>er p\u00e5 ingen m\u00e5te koblet til det: <\/strong>faktisk refererer det ikke til unnfangelsen av Jesus, men til Marias. Dogmet om den ubesmittede unnfangelsen betyr at Maria, helt siden hun ble unnfanget av foreldrene \u2013 den hellige Joachim og den hellige Anne \u2013 ble &laquo;bevart&raquo; fra arvesynden, i motsetning til alle andre mennesker.<\/p>\n<p>Uttrykket &laquo;ulastelig unnfangelse&raquo; betyr faktisk &laquo;<strong>plettfri unnfangelse<\/strong>\u201d, som skulle forberede henne til rollen som Jesu Kristi mor.I 1854 paven <strong>Pius IX <\/strong>forkynte at den ulastelige unnfangelsen er en <strong>ubestridelig sannhet, <\/strong>gjennom den pavelige oksen <em>Ineffabilis Deus<\/em>.<\/p>\n<h2 id=\"la-figura-di-maria-nel-cristianesimo\">Historie og religi\u00f8s betydning av dogmer<\/h2>\n<p>I f\u00f8lge den kristne religionen er alle mennesker f\u00f8dt <strong>&laquo;flekket&raquo; av arvesynden <\/strong>og derfor b\u00f8r ogs\u00e5 Mary bli p\u00e5virket. Dette ville imidlertid bety at Guds s\u00f8nn ble inkarnert i en ikke-ren kropp, noe som ville skape noen teologiske problemer.<\/p>\n<p>Sp\u00f8rsm\u00e5let er knyttet til m\u00e5ten Maria ble unnfanget p\u00e5, men de kanoniske evangeliene og de fleste av de apokryfe dveler ikke ved sp\u00f8rsm\u00e5let. I Bibelen er det faktisk ingen klar henvisning til egenskapen til Marias ulastelige unnfangelse. En &laquo;l\u00f8sning&raquo; ble foresl\u00e5tt av <strong>Augustin av Hippo<\/strong>som levde mellom det 4. og 5. \u00e5rhundre, og hevdet at selv om Maria ble f\u00f8dt flekket av synd, hadde hun v\u00e6rt <strong>forl\u00f8st i \u00f8yeblikket av Jesu unnfangelse<\/strong>.<\/p>\n<p>Augustins avhandling ble mye fulgt i sen antikken og middelalderen. P\u00e5 1200-tallet kom imidlertid den britiske teologen <strong>Duns Scotus <\/strong>st\u00f8ttet en annen teori: Maria var fri for arvesynden <strong>fra det \u00f8yeblikket den ble unnfanget<\/strong>. Dette betydde ikke n\u00f8dvendigvis at hun ble unnfanget uten seksuell omgang mellom foreldrene, men bare at hun ikke var en \u00abb\u00e6rer\u00bb av synd. Scotus&#8217; avhandling delte kristne inn i &laquo;<strong>macholister<\/strong>&laquo;, if\u00f8lge hvilken Maria ble unnfanget med synd og deretter forl\u00f8st, og&raquo;<strong>immaculister<\/strong>&laquo;, if\u00f8lge hvilken den allerede var unnfanget uten synd. Den hellige stol tok ikke en offisiell stilling.<\/p>\n<p>P\u00e5 1800-tallet paven <strong>Pius IX<\/strong> bestemte seg for \u00e5 l\u00f8se problemet definitivt og inn <strong>1849<\/strong> ga ut encyklikaen<em> Ubi Prime<\/em>som han inviterte biskopene til \u00e5 si sin mening om emnet. Det store flertallet erkl\u00e6rte seg for den \u00abimmaculistiske\u00bb tesen.<\/p>\n<p>Pius IX bestemte seg derfor for \u00e5 forkynne et dogme, det vil si et <strong>sannhet som ikke kan stilles sp\u00f8rsm\u00e5l ved<\/strong>. Den 8. desember 1854 utstedte han den apostoliske grunnloven <em>Ineffabilis Deus<\/em>der han uttalte: &laquo;Den mest velsignede jomfru Maria, i det f\u00f8rste \u00f8yeblikket av hennes unnfangelse, ved en enest\u00e5ende n\u00e5de og privilegium fra den allmektige Gud, i p\u00e5vente av fortjenestene til Jesus Kristus, menneskehetens frelser, ble bevart intakt fra hver flekk av arvesynd&raquo;.<\/p>\n<div class=\"cp_wrapper cp_wrapper--fw mb-50\">\n<figure class=\"mm\"><picture class=\"img\" style=\"padding-top:141.03260869565%\"><source  media=\"(min-width: 1024px)\"><source  media=\"(min-width: 768px)\"><img decoding=\"async\" loading=\"lazy\" src=\"https:\/\/nordnesrepublikken.no\/wp-content\/uploads\/2025\/12\/1764636703_889_Hvorfor-8-desember-er-festen-for-den-ulastelige-unnfangelsen-og.jpg\" alt=\"Pius IX\" width=\"736\" height=\"1038\"\/><\/source><\/source><\/picture><\/figure>\n<\/p><\/div>\n<h2>Fordi den ulastelige unnfangelsen feires 8. desember<\/h2>\n<p>Datoen for kunngj\u00f8ringen ble ikke valgt ved en tilfeldighet: 8. desember er <strong>dagen da Maria ble unnfanget<\/strong>siden f\u00f8dselen, if\u00f8lge kristen tradisjon, skjedde 8. september, n\u00f8yaktig ni m\u00e5neder senere. Derfor feires den ulastelige unnfangelsen 8. desember.<\/p>\n<p>De aller fleste katolikker <strong>aksepterte dogmet <\/strong>av den ulastelige unnfangelse uten diskusjon. Dogmet var imidlertid<strong> avvist av ortodoks kristendom<\/strong>som er tro mot tesen om at Maria ble forl\u00f8st fra arvesynden f\u00f8rst da hun unnfanget Jesus, og fra <strong>Protestantiske tilst\u00e5elser<\/strong>if\u00f8lge hvilken Maria er &laquo;b\u00e6reren&raquo; av arvesynden som andre menn og er &laquo;hellig&raquo; bare i den forstand at hun er blitt ber\u00f8rt av n\u00e5de.<\/p>\n<h2 id=\"il-culto-e-le-tradizioni-dellimmacolata\">Tradisjoner og feiringer av den ubesmittede unnfangelsen i Italia og rundt om i verden<\/h2>\n<p>Etter forkynnelsen av dogmet spredte kulten av den ubesmittede unnfangelsen, som allerede hadde eksistert tidligere, seg i st\u00f8rre grad. I 1857, da Roma fremdeles var hovedstaden i pavestaten, hadde Pius IX <strong>en spalte til \u00e6re for den ubesmittede unnfangelsen<\/strong>som i dag er gjenstand for \u00e6re 8. desember.<\/p>\n<div class=\"cp_wrapper cp_wrapper--fw mb-50\">\n<figure class=\"mm\"><picture class=\"img\" style=\"padding-top:133.375%\"><source  media=\"(min-width: 1024px)\"><source  media=\"(min-width: 768px)\"><img decoding=\"async\" loading=\"lazy\" src=\"https:\/\/nordnesrepublikken.no\/wp-content\/uploads\/2025\/12\/Hvorfor-8-desember-er-festen-for-den-ulastelige-unnfangelsen-og.jpeg\" alt=\"The Column of the Immaculate Conception (kreditt Mattes)\" width=\"800\" height=\"1067\" class=\"js-seedtag-img\"\/><\/source><\/source><\/picture><\/figure>\n<\/p><\/div>\n<p>Jubileet er imidlertid anerkjent som en nasjonal h\u00f8ytid <strong>bare i en del av de katolske landene<\/strong>inkludert Italia, Spania, Portugal, \u00d8sterrike, Filippinene, flere latinamerikanske stater og noen kantoner i Sveits. Noen har etablert seg i disse landene <strong>tradisjoner knyttet til den ulastelige unnfangelsen<\/strong>: For det f\u00f8rste regnes jubileet som dagen da arrangementene settes opp <strong>Julepynt<\/strong>selv om i dag, av kommersielle \u00e5rsaker, er starten p\u00e5 julesesongen generelt forventet, i det minste p\u00e5 offentlige steder; Noen steder har dessuten etableringsskikken spredt seg <strong>store b\u00e5l <\/strong>p\u00e5 dagen for den ulastelige unnfangelsen eller for \u00e5 forberede seg <strong>visse retter<\/strong>.<\/p>\n<p>I andre katolske land, s\u00e5 vel som i hele den protestantiske, ortodokse eller tilhenger av andre religioners verden, er 8. desember en <strong>vanlig arbeidsdag<\/strong>.<\/p>\n<div class=\"cp_wrapper  mb-50   \">\n<div class=\"cbx\">\n<div class=\"cbx__collection\">\n<p>Kilder<\/p>\n<div class=\"cbx__sources\">\n<p>Corrado Augias og Marco Vannini, Unders\u00f8kelse av Mary. Den sanne historien om jenta som ble en myte, Rizzoli, 2013<\/p>\n<p>David Kertzer, Paven som ville v\u00e6re konge, Garzanti, 2019<\/p>\n<\/p><\/div>\n<\/p><\/div>\n<\/p><\/div>\n<\/div><\/div>\n","protected":false},"excerpt":{"rendered":"<p>Feiringen avUlastelig unnfangelse feires p\u00e58. desemberdagen som tradisjonelt mange forberederjuletre eller julekrybben. Disse sv\u00e6rt vanlige<\/p>\n","protected":false},"author":1,"featured_media":12342,"comment_status":"closed","ping_status":"open","sticky":false,"template":"","format":"standard","meta":{"footnotes":""},"categories":[104],"tags":[74,8007,102,3830,144,101,31,8123,8124],"class_list":["post-12341","post","type-post","status-publish","format-standard","has-post-thumbnail","hentry","category-samfunn","tag-den","tag-desember","tag-feires","tag-festen","tag-hva","tag-hvorfor","tag-som","tag-ulastelige","tag-unnfangelsen","generate-columns","tablet-grid-50","mobile-grid-100","grid-parent","grid-33"],"yoast_head":"<!-- This site is optimized with the Yoast SEO plugin v24.4 - https:\/\/yoast.com\/wordpress\/plugins\/seo\/ -->\n<title>Hvorfor 8. desember er festen for den ulastelige unnfangelsen og hva som feires - Nordnesrepublikken<\/title>\n<meta name=\"robots\" content=\"index, follow, max-snippet:-1, max-image-preview:large, max-video-preview:-1\" \/>\n<link rel=\"canonical\" href=\"https:\/\/nordnesrepublikken.no\/index.php\/2025\/12\/02\/hvorfor-8-desember-er-festen-for-den-ulastelige-unnfangelsen-og-hva-som-feires\/\" \/>\n<meta property=\"og:locale\" content=\"nb_NO\" \/>\n<meta property=\"og:type\" content=\"article\" \/>\n<meta property=\"og:title\" content=\"Hvorfor 8. desember er festen for den ulastelige unnfangelsen og hva som feires - Nordnesrepublikken\" \/>\n<meta property=\"og:description\" content=\"Feiringen avUlastelig unnfangelse feires p\u00e58. desemberdagen som tradisjonelt mange forberederjuletre eller julekrybben. Disse sv\u00e6rt vanlige\" \/>\n<meta property=\"og:url\" content=\"https:\/\/nordnesrepublikken.no\/index.php\/2025\/12\/02\/hvorfor-8-desember-er-festen-for-den-ulastelige-unnfangelsen-og-hva-som-feires\/\" \/>\n<meta property=\"og:site_name\" content=\"Nordnesrepublikken\" \/>\n<meta property=\"article:published_time\" content=\"2025-12-02T00:51:44+00:00\" \/>\n<meta property=\"article:modified_time\" content=\"2025-12-02T00:51:48+00:00\" \/>\n<meta property=\"og:image\" content=\"https:\/\/nordnesrepublikken.no\/wp-content\/uploads\/2025\/12\/1764636705_Hvorfor-8-desember-er-festen-for-den-ulastelige-unnfangelsen-og.jpg\" \/>\n\t<meta property=\"og:image:width\" content=\"2195\" \/>\n\t<meta property=\"og:image:height\" content=\"1366\" \/>\n\t<meta property=\"og:image:type\" content=\"image\/jpeg\" \/>\n<meta name=\"author\" content=\"Ole Andersen\" \/>\n<meta name=\"twitter:card\" content=\"summary_large_image\" \/>\n<meta name=\"twitter:label1\" content=\"Skrevet av\" \/>\n\t<meta name=\"twitter:data1\" content=\"Ole Andersen\" \/>\n\t<meta name=\"twitter:label2\" content=\"Ansl. lesetid\" \/>\n\t<meta name=\"twitter:data2\" content=\"4 minutter\" \/>\n<script type=\"application\/ld+json\" class=\"yoast-schema-graph\">{\"@context\":\"https:\/\/schema.org\",\"@graph\":[{\"@type\":\"Article\",\"@id\":\"https:\/\/nordnesrepublikken.no\/index.php\/2025\/12\/02\/hvorfor-8-desember-er-festen-for-den-ulastelige-unnfangelsen-og-hva-som-feires\/#article\",\"isPartOf\":{\"@id\":\"https:\/\/nordnesrepublikken.no\/index.php\/2025\/12\/02\/hvorfor-8-desember-er-festen-for-den-ulastelige-unnfangelsen-og-hva-som-feires\/\"},\"author\":{\"name\":\"Ole Andersen\",\"@id\":\"https:\/\/nordnesrepublikken.no\/#\/schema\/person\/2e7e81935bab77882fffb79296240ff1\"},\"headline\":\"Hvorfor 8. desember er festen for den ulastelige unnfangelsen og hva som feires\",\"datePublished\":\"2025-12-02T00:51:44+00:00\",\"dateModified\":\"2025-12-02T00:51:48+00:00\",\"mainEntityOfPage\":{\"@id\":\"https:\/\/nordnesrepublikken.no\/index.php\/2025\/12\/02\/hvorfor-8-desember-er-festen-for-den-ulastelige-unnfangelsen-og-hva-som-feires\/\"},\"wordCount\":837,\"publisher\":{\"@id\":\"https:\/\/nordnesrepublikken.no\/#organization\"},\"image\":{\"@id\":\"https:\/\/nordnesrepublikken.no\/index.php\/2025\/12\/02\/hvorfor-8-desember-er-festen-for-den-ulastelige-unnfangelsen-og-hva-som-feires\/#primaryimage\"},\"thumbnailUrl\":\"https:\/\/nordnesrepublikken.no\/wp-content\/uploads\/2025\/12\/1764636705_Hvorfor-8-desember-er-festen-for-den-ulastelige-unnfangelsen-og.jpg\",\"keywords\":[\"den\",\"desember\",\"feires\",\"festen\",\"Hva\",\"hvorfor\",\"som\",\"ulastelige\",\"unnfangelsen\"],\"articleSection\":[\"Samfunn\"],\"inLanguage\":\"nb-NO\"},{\"@type\":\"WebPage\",\"@id\":\"https:\/\/nordnesrepublikken.no\/index.php\/2025\/12\/02\/hvorfor-8-desember-er-festen-for-den-ulastelige-unnfangelsen-og-hva-som-feires\/\",\"url\":\"https:\/\/nordnesrepublikken.no\/index.php\/2025\/12\/02\/hvorfor-8-desember-er-festen-for-den-ulastelige-unnfangelsen-og-hva-som-feires\/\",\"name\":\"Hvorfor 8. desember er festen for den ulastelige unnfangelsen og hva som feires - Nordnesrepublikken\",\"isPartOf\":{\"@id\":\"https:\/\/nordnesrepublikken.no\/#website\"},\"primaryImageOfPage\":{\"@id\":\"https:\/\/nordnesrepublikken.no\/index.php\/2025\/12\/02\/hvorfor-8-desember-er-festen-for-den-ulastelige-unnfangelsen-og-hva-som-feires\/#primaryimage\"},\"image\":{\"@id\":\"https:\/\/nordnesrepublikken.no\/index.php\/2025\/12\/02\/hvorfor-8-desember-er-festen-for-den-ulastelige-unnfangelsen-og-hva-som-feires\/#primaryimage\"},\"thumbnailUrl\":\"https:\/\/nordnesrepublikken.no\/wp-content\/uploads\/2025\/12\/1764636705_Hvorfor-8-desember-er-festen-for-den-ulastelige-unnfangelsen-og.jpg\",\"datePublished\":\"2025-12-02T00:51:44+00:00\",\"dateModified\":\"2025-12-02T00:51:48+00:00\",\"breadcrumb\":{\"@id\":\"https:\/\/nordnesrepublikken.no\/index.php\/2025\/12\/02\/hvorfor-8-desember-er-festen-for-den-ulastelige-unnfangelsen-og-hva-som-feires\/#breadcrumb\"},\"inLanguage\":\"nb-NO\",\"potentialAction\":[{\"@type\":\"ReadAction\",\"target\":[\"https:\/\/nordnesrepublikken.no\/index.php\/2025\/12\/02\/hvorfor-8-desember-er-festen-for-den-ulastelige-unnfangelsen-og-hva-som-feires\/\"]}]},{\"@type\":\"ImageObject\",\"inLanguage\":\"nb-NO\",\"@id\":\"https:\/\/nordnesrepublikken.no\/index.php\/2025\/12\/02\/hvorfor-8-desember-er-festen-for-den-ulastelige-unnfangelsen-og-hva-som-feires\/#primaryimage\",\"url\":\"https:\/\/nordnesrepublikken.no\/wp-content\/uploads\/2025\/12\/1764636705_Hvorfor-8-desember-er-festen-for-den-ulastelige-unnfangelsen-og.jpg\",\"contentUrl\":\"https:\/\/nordnesrepublikken.no\/wp-content\/uploads\/2025\/12\/1764636705_Hvorfor-8-desember-er-festen-for-den-ulastelige-unnfangelsen-og.jpg\",\"width\":2195,\"height\":1366,\"caption\":\"Hvorfor 8. desember er festen for den ulastelige unnfangelsen og hva som feires\"},{\"@type\":\"BreadcrumbList\",\"@id\":\"https:\/\/nordnesrepublikken.no\/index.php\/2025\/12\/02\/hvorfor-8-desember-er-festen-for-den-ulastelige-unnfangelsen-og-hva-som-feires\/#breadcrumb\",\"itemListElement\":[{\"@type\":\"ListItem\",\"position\":1,\"name\":\"Home\",\"item\":\"https:\/\/nordnesrepublikken.no\/\"},{\"@type\":\"ListItem\",\"position\":2,\"name\":\"Hvorfor 8. desember er festen for den ulastelige unnfangelsen og hva som feires\"}]},{\"@type\":\"WebSite\",\"@id\":\"https:\/\/nordnesrepublikken.no\/#website\",\"url\":\"https:\/\/nordnesrepublikken.no\/\",\"name\":\"Nordnesrepublikken\",\"description\":\"Stemmer og Visjoner fra Republikkens Hjerte\",\"publisher\":{\"@id\":\"https:\/\/nordnesrepublikken.no\/#organization\"},\"potentialAction\":[{\"@type\":\"SearchAction\",\"target\":{\"@type\":\"EntryPoint\",\"urlTemplate\":\"https:\/\/nordnesrepublikken.no\/?s={search_term_string}\"},\"query-input\":{\"@type\":\"PropertyValueSpecification\",\"valueRequired\":true,\"valueName\":\"search_term_string\"}}],\"inLanguage\":\"nb-NO\"},{\"@type\":\"Organization\",\"@id\":\"https:\/\/nordnesrepublikken.no\/#organization\",\"name\":\"Nordnesrepublikken\",\"url\":\"https:\/\/nordnesrepublikken.no\/\",\"logo\":{\"@type\":\"ImageObject\",\"inLanguage\":\"nb-NO\",\"@id\":\"https:\/\/nordnesrepublikken.no\/#\/schema\/logo\/image\/\",\"url\":\"https:\/\/nordnesrepublikken.no\/wp-content\/uploads\/2025\/02\/cropped-nordnesrepublikken-2.png\",\"contentUrl\":\"https:\/\/nordnesrepublikken.no\/wp-content\/uploads\/2025\/02\/cropped-nordnesrepublikken-2.png\",\"width\":1248,\"height\":362,\"caption\":\"Nordnesrepublikken\"},\"image\":{\"@id\":\"https:\/\/nordnesrepublikken.no\/#\/schema\/logo\/image\/\"}},{\"@type\":\"Person\",\"@id\":\"https:\/\/nordnesrepublikken.no\/#\/schema\/person\/2e7e81935bab77882fffb79296240ff1\",\"name\":\"Ole Andersen\",\"image\":{\"@type\":\"ImageObject\",\"inLanguage\":\"nb-NO\",\"@id\":\"https:\/\/nordnesrepublikken.no\/#\/schema\/person\/image\/\",\"url\":\"https:\/\/nordnesrepublikken.no\/wp-content\/uploads\/2025\/02\/nordnesrepublikken-2-2-150x150.jpg\",\"contentUrl\":\"https:\/\/nordnesrepublikken.no\/wp-content\/uploads\/2025\/02\/nordnesrepublikken-2-2-150x150.jpg\",\"caption\":\"Ole Andersen\"},\"description\":\"Ettersom jeg vokste opp i Oslo, har jeg alltid v\u00e6rt fascinert av ordenes kraft og deres evne til \u00e5 skape endringer. Etter \u00e5 ha fullf\u00f8rt min utdannelse i kommunikasjon ved Universitetet i Bergen, fikk jeg muligheten til \u00e5 jobbe innen ulike medier, der jeg har s\u00f8kt \u00e5 belyse viktige samfunnssp\u00f8rsm\u00e5l. I dag, som redakt\u00f8r for Nordnesrepublikken, pr\u00f8ver jeg \u00e5 forene min kj\u00e6rlighet for journalistikk med min lidenskap for innovasjon og eventyr.\",\"sameAs\":[\"https:\/\/nordnesrepublikken.no\/\"]}]}<\/script>\n<!-- \/ Yoast SEO plugin. -->","yoast_head_json":{"title":"Hvorfor 8. desember er festen for den ulastelige unnfangelsen og hva som feires - Nordnesrepublikken","robots":{"index":"index","follow":"follow","max-snippet":"max-snippet:-1","max-image-preview":"max-image-preview:large","max-video-preview":"max-video-preview:-1"},"canonical":"https:\/\/nordnesrepublikken.no\/index.php\/2025\/12\/02\/hvorfor-8-desember-er-festen-for-den-ulastelige-unnfangelsen-og-hva-som-feires\/","og_locale":"nb_NO","og_type":"article","og_title":"Hvorfor 8. desember er festen for den ulastelige unnfangelsen og hva som feires - Nordnesrepublikken","og_description":"Feiringen avUlastelig unnfangelse feires p\u00e58. desemberdagen som tradisjonelt mange forberederjuletre eller julekrybben. Disse sv\u00e6rt vanlige","og_url":"https:\/\/nordnesrepublikken.no\/index.php\/2025\/12\/02\/hvorfor-8-desember-er-festen-for-den-ulastelige-unnfangelsen-og-hva-som-feires\/","og_site_name":"Nordnesrepublikken","article_published_time":"2025-12-02T00:51:44+00:00","article_modified_time":"2025-12-02T00:51:48+00:00","og_image":[{"width":2195,"height":1366,"url":"https:\/\/nordnesrepublikken.no\/wp-content\/uploads\/2025\/12\/1764636705_Hvorfor-8-desember-er-festen-for-den-ulastelige-unnfangelsen-og.jpg","type":"image\/jpeg"}],"author":"Ole Andersen","twitter_card":"summary_large_image","twitter_misc":{"Skrevet av":"Ole Andersen","Ansl. lesetid":"4 minutter"},"schema":{"@context":"https:\/\/schema.org","@graph":[{"@type":"Article","@id":"https:\/\/nordnesrepublikken.no\/index.php\/2025\/12\/02\/hvorfor-8-desember-er-festen-for-den-ulastelige-unnfangelsen-og-hva-som-feires\/#article","isPartOf":{"@id":"https:\/\/nordnesrepublikken.no\/index.php\/2025\/12\/02\/hvorfor-8-desember-er-festen-for-den-ulastelige-unnfangelsen-og-hva-som-feires\/"},"author":{"name":"Ole Andersen","@id":"https:\/\/nordnesrepublikken.no\/#\/schema\/person\/2e7e81935bab77882fffb79296240ff1"},"headline":"Hvorfor 8. desember er festen for den ulastelige unnfangelsen og hva som feires","datePublished":"2025-12-02T00:51:44+00:00","dateModified":"2025-12-02T00:51:48+00:00","mainEntityOfPage":{"@id":"https:\/\/nordnesrepublikken.no\/index.php\/2025\/12\/02\/hvorfor-8-desember-er-festen-for-den-ulastelige-unnfangelsen-og-hva-som-feires\/"},"wordCount":837,"publisher":{"@id":"https:\/\/nordnesrepublikken.no\/#organization"},"image":{"@id":"https:\/\/nordnesrepublikken.no\/index.php\/2025\/12\/02\/hvorfor-8-desember-er-festen-for-den-ulastelige-unnfangelsen-og-hva-som-feires\/#primaryimage"},"thumbnailUrl":"https:\/\/nordnesrepublikken.no\/wp-content\/uploads\/2025\/12\/1764636705_Hvorfor-8-desember-er-festen-for-den-ulastelige-unnfangelsen-og.jpg","keywords":["den","desember","feires","festen","Hva","hvorfor","som","ulastelige","unnfangelsen"],"articleSection":["Samfunn"],"inLanguage":"nb-NO"},{"@type":"WebPage","@id":"https:\/\/nordnesrepublikken.no\/index.php\/2025\/12\/02\/hvorfor-8-desember-er-festen-for-den-ulastelige-unnfangelsen-og-hva-som-feires\/","url":"https:\/\/nordnesrepublikken.no\/index.php\/2025\/12\/02\/hvorfor-8-desember-er-festen-for-den-ulastelige-unnfangelsen-og-hva-som-feires\/","name":"Hvorfor 8. desember er festen for den ulastelige unnfangelsen og hva som feires - Nordnesrepublikken","isPartOf":{"@id":"https:\/\/nordnesrepublikken.no\/#website"},"primaryImageOfPage":{"@id":"https:\/\/nordnesrepublikken.no\/index.php\/2025\/12\/02\/hvorfor-8-desember-er-festen-for-den-ulastelige-unnfangelsen-og-hva-som-feires\/#primaryimage"},"image":{"@id":"https:\/\/nordnesrepublikken.no\/index.php\/2025\/12\/02\/hvorfor-8-desember-er-festen-for-den-ulastelige-unnfangelsen-og-hva-som-feires\/#primaryimage"},"thumbnailUrl":"https:\/\/nordnesrepublikken.no\/wp-content\/uploads\/2025\/12\/1764636705_Hvorfor-8-desember-er-festen-for-den-ulastelige-unnfangelsen-og.jpg","datePublished":"2025-12-02T00:51:44+00:00","dateModified":"2025-12-02T00:51:48+00:00","breadcrumb":{"@id":"https:\/\/nordnesrepublikken.no\/index.php\/2025\/12\/02\/hvorfor-8-desember-er-festen-for-den-ulastelige-unnfangelsen-og-hva-som-feires\/#breadcrumb"},"inLanguage":"nb-NO","potentialAction":[{"@type":"ReadAction","target":["https:\/\/nordnesrepublikken.no\/index.php\/2025\/12\/02\/hvorfor-8-desember-er-festen-for-den-ulastelige-unnfangelsen-og-hva-som-feires\/"]}]},{"@type":"ImageObject","inLanguage":"nb-NO","@id":"https:\/\/nordnesrepublikken.no\/index.php\/2025\/12\/02\/hvorfor-8-desember-er-festen-for-den-ulastelige-unnfangelsen-og-hva-som-feires\/#primaryimage","url":"https:\/\/nordnesrepublikken.no\/wp-content\/uploads\/2025\/12\/1764636705_Hvorfor-8-desember-er-festen-for-den-ulastelige-unnfangelsen-og.jpg","contentUrl":"https:\/\/nordnesrepublikken.no\/wp-content\/uploads\/2025\/12\/1764636705_Hvorfor-8-desember-er-festen-for-den-ulastelige-unnfangelsen-og.jpg","width":2195,"height":1366,"caption":"Hvorfor 8. desember er festen for den ulastelige unnfangelsen og hva som feires"},{"@type":"BreadcrumbList","@id":"https:\/\/nordnesrepublikken.no\/index.php\/2025\/12\/02\/hvorfor-8-desember-er-festen-for-den-ulastelige-unnfangelsen-og-hva-som-feires\/#breadcrumb","itemListElement":[{"@type":"ListItem","position":1,"name":"Home","item":"https:\/\/nordnesrepublikken.no\/"},{"@type":"ListItem","position":2,"name":"Hvorfor 8. desember er festen for den ulastelige unnfangelsen og hva som feires"}]},{"@type":"WebSite","@id":"https:\/\/nordnesrepublikken.no\/#website","url":"https:\/\/nordnesrepublikken.no\/","name":"Nordnesrepublikken","description":"Stemmer og Visjoner fra Republikkens Hjerte","publisher":{"@id":"https:\/\/nordnesrepublikken.no\/#organization"},"potentialAction":[{"@type":"SearchAction","target":{"@type":"EntryPoint","urlTemplate":"https:\/\/nordnesrepublikken.no\/?s={search_term_string}"},"query-input":{"@type":"PropertyValueSpecification","valueRequired":true,"valueName":"search_term_string"}}],"inLanguage":"nb-NO"},{"@type":"Organization","@id":"https:\/\/nordnesrepublikken.no\/#organization","name":"Nordnesrepublikken","url":"https:\/\/nordnesrepublikken.no\/","logo":{"@type":"ImageObject","inLanguage":"nb-NO","@id":"https:\/\/nordnesrepublikken.no\/#\/schema\/logo\/image\/","url":"https:\/\/nordnesrepublikken.no\/wp-content\/uploads\/2025\/02\/cropped-nordnesrepublikken-2.png","contentUrl":"https:\/\/nordnesrepublikken.no\/wp-content\/uploads\/2025\/02\/cropped-nordnesrepublikken-2.png","width":1248,"height":362,"caption":"Nordnesrepublikken"},"image":{"@id":"https:\/\/nordnesrepublikken.no\/#\/schema\/logo\/image\/"}},{"@type":"Person","@id":"https:\/\/nordnesrepublikken.no\/#\/schema\/person\/2e7e81935bab77882fffb79296240ff1","name":"Ole Andersen","image":{"@type":"ImageObject","inLanguage":"nb-NO","@id":"https:\/\/nordnesrepublikken.no\/#\/schema\/person\/image\/","url":"https:\/\/nordnesrepublikken.no\/wp-content\/uploads\/2025\/02\/nordnesrepublikken-2-2-150x150.jpg","contentUrl":"https:\/\/nordnesrepublikken.no\/wp-content\/uploads\/2025\/02\/nordnesrepublikken-2-2-150x150.jpg","caption":"Ole Andersen"},"description":"Ettersom jeg vokste opp i Oslo, har jeg alltid v\u00e6rt fascinert av ordenes kraft og deres evne til \u00e5 skape endringer. Etter \u00e5 ha fullf\u00f8rt min utdannelse i kommunikasjon ved Universitetet i Bergen, fikk jeg muligheten til \u00e5 jobbe innen ulike medier, der jeg har s\u00f8kt \u00e5 belyse viktige samfunnssp\u00f8rsm\u00e5l. I dag, som redakt\u00f8r for Nordnesrepublikken, pr\u00f8ver jeg \u00e5 forene min kj\u00e6rlighet for journalistikk med min lidenskap for innovasjon og eventyr.","sameAs":["https:\/\/nordnesrepublikken.no\/"]}]}},"_links":{"self":[{"href":"https:\/\/nordnesrepublikken.no\/index.php\/wp-json\/wp\/v2\/posts\/12341","targetHints":{"allow":["GET"]}}],"collection":[{"href":"https:\/\/nordnesrepublikken.no\/index.php\/wp-json\/wp\/v2\/posts"}],"about":[{"href":"https:\/\/nordnesrepublikken.no\/index.php\/wp-json\/wp\/v2\/types\/post"}],"author":[{"embeddable":true,"href":"https:\/\/nordnesrepublikken.no\/index.php\/wp-json\/wp\/v2\/users\/1"}],"replies":[{"embeddable":true,"href":"https:\/\/nordnesrepublikken.no\/index.php\/wp-json\/wp\/v2\/comments?post=12341"}],"version-history":[{"count":1,"href":"https:\/\/nordnesrepublikken.no\/index.php\/wp-json\/wp\/v2\/posts\/12341\/revisions"}],"predecessor-version":[{"id":12343,"href":"https:\/\/nordnesrepublikken.no\/index.php\/wp-json\/wp\/v2\/posts\/12341\/revisions\/12343"}],"wp:featuredmedia":[{"embeddable":true,"href":"https:\/\/nordnesrepublikken.no\/index.php\/wp-json\/wp\/v2\/media\/12342"}],"wp:attachment":[{"href":"https:\/\/nordnesrepublikken.no\/index.php\/wp-json\/wp\/v2\/media?parent=12341"}],"wp:term":[{"taxonomy":"category","embeddable":true,"href":"https:\/\/nordnesrepublikken.no\/index.php\/wp-json\/wp\/v2\/categories?post=12341"},{"taxonomy":"post_tag","embeddable":true,"href":"https:\/\/nordnesrepublikken.no\/index.php\/wp-json\/wp\/v2\/tags?post=12341"}],"curies":[{"name":"wp","href":"https:\/\/api.w.org\/{rel}","templated":true}]}}