{"id":12338,"date":"2025-12-02T00:50:37","date_gmt":"2025-12-01T23:50:37","guid":{"rendered":"https:\/\/nordnesrepublikken.no\/index.php\/2025\/12\/02\/tesla-salget-faller-i-underkant-av-9-i-spania-men-konkurrerende-ev-registreringer-dobles\/"},"modified":"2025-12-02T00:50:41","modified_gmt":"2025-12-01T23:50:41","slug":"tesla-salget-faller-i-underkant-av-9-i-spania-men-konkurrerende-ev-registreringer-dobles","status":"publish","type":"post","link":"https:\/\/nordnesrepublikken.no\/index.php\/2025\/12\/02\/tesla-salget-faller-i-underkant-av-9-i-spania-men-konkurrerende-ev-registreringer-dobles\/","title":{"rendered":"Tesla-salget faller i underkant av 9% i Spania, men konkurrerende EV-registreringer dobles"},"content":{"rendered":"<p><\/p>\n<div class=\"wordpress-content\">\n                    <!-- Article Start --><\/p>\n<p><strong>Tesla sin<\/strong> ny <strong>bilsalg i Spania<\/strong> dyppet i november selv som det bredere markedet for <strong>elektrifiserte kj\u00f8ret\u00f8y (EV-er)<\/strong> doblet, if\u00f8lge ferske registreringsdata fra Spanias bilindustri.<\/p>\n<p>Tall publisert 1. desember viser at Tesla registrerte 1.523 nye biler i Spania forrige m\u00e5ned, et fall p\u00e5 8,75 prosent sammenlignet med november 2024, bekreftet bransjeforeningen ANFAC. I l\u00f8pet av de f\u00f8rste elleve m\u00e5nedene av 2025 var Teslas spanske salg fortsatt opp 5,56 prosent fra \u00e5r til \u00e5r.<\/p>\n<h2><strong>EV-registreringer mer enn det dobbelte<\/strong><\/h2>\n<p>Det totale antallet registreringer av elektrifiserte kj\u00f8ret\u00f8y \u2013 helelektriske (BEV) og plug-in hybrid (PHEV)-modeller \u2013 \u00f8kte i november. ANFAC rapporterte 23 367 elektrifiserte kj\u00f8ret\u00f8y registrert i m\u00e5neden, opp 103,8 prosent sammenlignet med november 2024 og representerer 20,77 prosent av det totale markedet p\u00e5 tvers av alle kj\u00f8ret\u00f8ytyper, if\u00f8lge foreningens m\u00e5nedlige bulletin (ANFAC).<\/p>\n<div class=\"sra_unit\"><link rel=\"stylesheet\" id=\"block-sra\" href=\"https:\/\/euroweeklynews.com\/wp-content\/plugins\/snack-related-articles\/dist\/css\/snack-related.min.css?250312-193541\" type=\"text\/css\" media=\"all\">\n<\/div>\n<p>For personbiler alene n\u00e5dde elektrifisert turismos 21 315 registreringer forrige m\u00e5ned og 22,65 prosent av det segmentet \u2013 i hovedsak det dobbelte av deres andel et \u00e5r tidligere \u2013 if\u00f8lge data sitert av den spanske finansavisen Cinco D\u00edas. I l\u00f8pet av januar\u2013november utgjorde elektrifiserte personbiler 201 751 enheter, tilsvarende 19,3 prosent av alle solgte biler i Spania.<\/p>\n<h2><strong>Samlet sett er det spanske bilmarkedet sterkt i november<\/strong><\/h2>\n<p>Spanias nye bilmarked vokste 12,9 prosent i november til 94 124 registreringer, noe som bringer 2025s \u00e5r-til-dato total til 1 045 638 kj\u00f8ret\u00f8y, opp 14,7 prosent i samme periode i 2024. Likevel er salget fortsatt 9,3 prosent under 2019-niv\u00e5et i f\u00f8lge ANF-er. foreningene Faconauto og Ganvam.<\/p>\n<p>ANFAC sa at novembers data markerte en &laquo;milep\u00e6l&raquo; for overgangen til renere mobilitet. Generaldirekt\u00f8r Jos\u00e9 L\u00f3pez-Tafall understreket at mer enn 200 000 elbiler n\u00e5 er solgt i Spania i \u00e5r, og advarte om at selv om fremgangen er klar, m\u00e5 \u00abelektrifiseringen fortsatt akselerere\u00bb for \u00e5 matche europeiske gjennomsnitt.<\/p>\n<h2><strong>EV-insentiver fortsetter \u00e5 forme kj\u00f8peradferd<\/strong><\/h2>\n<p>Offentlige tilskuddsordninger som Moves-programmet er fortsatt sentrale for veksten i EV-registreringer. Tidligere i \u00e5r. P\u00e5 slutten av 2025 bekreftet regjeringen ogs\u00e5 at Moves ville bli faset ut og erstattet av en ny sentralisert Auto Plan 2030 fra neste \u00e5r, ment \u00e5 str\u00f8mlinjeforme s\u00f8knader og redusere forskjeller mellom regioner<\/p>\n<h2><strong>Teslas spanske ytelse gjenspeiler bredere europeiske trender<\/strong><\/h2>\n<p>Teslas mykere novemberresultat i Spania stemmer overens med m\u00f8nstre i deler av Europa. Separate registreringstall rapportert av Reuters viser at Teslas salg i november falt 58 prosent i Frankrike og 49 prosent i Danmark sammenlignet med et \u00e5r tidligere, selv om de generelle elbilmarkedene i disse landene fortsatte \u00e5 vokse.<\/p>\n<h2><strong>Hva dette betyr for sj\u00e5f\u00f8rer i Spania<\/strong><\/h2>\n<p>For spanske bilister som vurderer en elbil, fremhever de siste tallene et marked i rask utvikling. Tesla er fortsatt et stort merke, med salg hittil i \u00e5r som fortsatt er h\u00f8yere enn i 2024, men konkurransen har \u00f8kt markant etter hvert som kj\u00f8pere g\u00e5r over til et bredere utvalg av elektriske og plug-in hybrid-modeller.<\/p>\n<p>Med noen av Europas mest sjener\u00f8se EV-insentiver fortsatt aktive gjennom slutten av 2025 \u2013 og en ny nasjonal ordning som kommer i 2026 \u2013 st\u00e5r de som veier opp en Tesla eller en rivaliserende modell overfor et marked som tilbyr st\u00f8rre valgmuligheter, skarpere priser og en \u00f8kende andel elbiler p\u00e5 spanske veier.<\/p>\n<p>Se alle bilnyheter.<\/p>\n<p>                    <!-- Originally published at https:\/\/euroweeklynews.com\/2025\/12\/01\/tesla-sales-slip-just-under-9-in-spain-but-rival-ev-registrations-double\/ on 01 Dec 2025 at 21:40 by Letara Draghia --><br \/>\n                    <!-- Article End -->\n                <\/div>\n","protected":false},"excerpt":{"rendered":"<p>Tesla sin ny bilsalg i Spania dyppet i november selv som det bredere markedet for<\/p>\n","protected":false},"author":1,"featured_media":12339,"comment_status":"closed","ping_status":"open","sticky":false,"template":"","format":"standard","meta":{"footnotes":""},"categories":[105],"tags":[8122,8121,496,8120,355,529,8118,8119],"class_list":["post-12338","post","type-post","status-publish","format-standard","has-post-thumbnail","hentry","category-livsstil","tag-dobles","tag-evregistreringer","tag-faller","tag-konkurrerende","tag-men","tag-spania","tag-teslasalget","tag-underkant","generate-columns","tablet-grid-50","mobile-grid-100","grid-parent","grid-33","resize-featured-image"],"yoast_head":"<!-- This site is optimized with the Yoast SEO plugin v24.4 - https:\/\/yoast.com\/wordpress\/plugins\/seo\/ -->\n<title>Tesla-salget faller i underkant av 9% i Spania, men konkurrerende EV-registreringer dobles - Nordnesrepublikken<\/title>\n<meta name=\"robots\" content=\"index, follow, max-snippet:-1, max-image-preview:large, max-video-preview:-1\" \/>\n<link rel=\"canonical\" href=\"https:\/\/nordnesrepublikken.no\/index.php\/2025\/12\/02\/tesla-salget-faller-i-underkant-av-9-i-spania-men-konkurrerende-ev-registreringer-dobles\/\" \/>\n<meta property=\"og:locale\" content=\"nb_NO\" \/>\n<meta property=\"og:type\" content=\"article\" \/>\n<meta property=\"og:title\" content=\"Tesla-salget faller i underkant av 9% i Spania, men konkurrerende EV-registreringer dobles - Nordnesrepublikken\" \/>\n<meta property=\"og:description\" content=\"Tesla sin ny bilsalg i Spania dyppet i november selv som det bredere markedet for\" \/>\n<meta property=\"og:url\" content=\"https:\/\/nordnesrepublikken.no\/index.php\/2025\/12\/02\/tesla-salget-faller-i-underkant-av-9-i-spania-men-konkurrerende-ev-registreringer-dobles\/\" \/>\n<meta property=\"og:site_name\" content=\"Nordnesrepublikken\" \/>\n<meta property=\"article:published_time\" content=\"2025-12-01T23:50:37+00:00\" \/>\n<meta property=\"article:modified_time\" content=\"2025-12-01T23:50:41+00:00\" \/>\n<meta property=\"og:image\" content=\"https:\/\/nordnesrepublikken.no\/wp-content\/uploads\/2025\/12\/1764633040_Tesla-salget-faller-i-underkant-av-9-i-Spania-men-konkurrerende.jpg\" \/>\n\t<meta property=\"og:image:width\" content=\"1200\" \/>\n\t<meta property=\"og:image:height\" content=\"800\" \/>\n\t<meta property=\"og:image:type\" content=\"image\/jpeg\" \/>\n<meta name=\"author\" content=\"Ole Andersen\" \/>\n<meta name=\"twitter:card\" content=\"summary_large_image\" \/>\n<meta name=\"twitter:label1\" content=\"Skrevet av\" \/>\n\t<meta name=\"twitter:data1\" content=\"Ole Andersen\" \/>\n\t<meta name=\"twitter:label2\" content=\"Ansl. lesetid\" \/>\n\t<meta name=\"twitter:data2\" content=\"3 minutter\" \/>\n<script type=\"application\/ld+json\" class=\"yoast-schema-graph\">{\"@context\":\"https:\/\/schema.org\",\"@graph\":[{\"@type\":\"Article\",\"@id\":\"https:\/\/nordnesrepublikken.no\/index.php\/2025\/12\/02\/tesla-salget-faller-i-underkant-av-9-i-spania-men-konkurrerende-ev-registreringer-dobles\/#article\",\"isPartOf\":{\"@id\":\"https:\/\/nordnesrepublikken.no\/index.php\/2025\/12\/02\/tesla-salget-faller-i-underkant-av-9-i-spania-men-konkurrerende-ev-registreringer-dobles\/\"},\"author\":{\"name\":\"Ole Andersen\",\"@id\":\"https:\/\/nordnesrepublikken.no\/#\/schema\/person\/2e7e81935bab77882fffb79296240ff1\"},\"headline\":\"Tesla-salget faller i underkant av 9% i Spania, men konkurrerende EV-registreringer dobles\",\"datePublished\":\"2025-12-01T23:50:37+00:00\",\"dateModified\":\"2025-12-01T23:50:41+00:00\",\"mainEntityOfPage\":{\"@id\":\"https:\/\/nordnesrepublikken.no\/index.php\/2025\/12\/02\/tesla-salget-faller-i-underkant-av-9-i-spania-men-konkurrerende-ev-registreringer-dobles\/\"},\"wordCount\":524,\"publisher\":{\"@id\":\"https:\/\/nordnesrepublikken.no\/#organization\"},\"image\":{\"@id\":\"https:\/\/nordnesrepublikken.no\/index.php\/2025\/12\/02\/tesla-salget-faller-i-underkant-av-9-i-spania-men-konkurrerende-ev-registreringer-dobles\/#primaryimage\"},\"thumbnailUrl\":\"https:\/\/nordnesrepublikken.no\/wp-content\/uploads\/2025\/12\/1764633040_Tesla-salget-faller-i-underkant-av-9-i-Spania-men-konkurrerende.jpg\",\"keywords\":[\"dobles\",\"EVregistreringer\",\"faller\",\"konkurrerende\",\"men\",\"Spania\",\"Teslasalget\",\"underkant\"],\"articleSection\":[\"Livsstil\"],\"inLanguage\":\"nb-NO\"},{\"@type\":\"WebPage\",\"@id\":\"https:\/\/nordnesrepublikken.no\/index.php\/2025\/12\/02\/tesla-salget-faller-i-underkant-av-9-i-spania-men-konkurrerende-ev-registreringer-dobles\/\",\"url\":\"https:\/\/nordnesrepublikken.no\/index.php\/2025\/12\/02\/tesla-salget-faller-i-underkant-av-9-i-spania-men-konkurrerende-ev-registreringer-dobles\/\",\"name\":\"Tesla-salget faller i underkant av 9% i Spania, men konkurrerende EV-registreringer dobles - Nordnesrepublikken\",\"isPartOf\":{\"@id\":\"https:\/\/nordnesrepublikken.no\/#website\"},\"primaryImageOfPage\":{\"@id\":\"https:\/\/nordnesrepublikken.no\/index.php\/2025\/12\/02\/tesla-salget-faller-i-underkant-av-9-i-spania-men-konkurrerende-ev-registreringer-dobles\/#primaryimage\"},\"image\":{\"@id\":\"https:\/\/nordnesrepublikken.no\/index.php\/2025\/12\/02\/tesla-salget-faller-i-underkant-av-9-i-spania-men-konkurrerende-ev-registreringer-dobles\/#primaryimage\"},\"thumbnailUrl\":\"https:\/\/nordnesrepublikken.no\/wp-content\/uploads\/2025\/12\/1764633040_Tesla-salget-faller-i-underkant-av-9-i-Spania-men-konkurrerende.jpg\",\"datePublished\":\"2025-12-01T23:50:37+00:00\",\"dateModified\":\"2025-12-01T23:50:41+00:00\",\"breadcrumb\":{\"@id\":\"https:\/\/nordnesrepublikken.no\/index.php\/2025\/12\/02\/tesla-salget-faller-i-underkant-av-9-i-spania-men-konkurrerende-ev-registreringer-dobles\/#breadcrumb\"},\"inLanguage\":\"nb-NO\",\"potentialAction\":[{\"@type\":\"ReadAction\",\"target\":[\"https:\/\/nordnesrepublikken.no\/index.php\/2025\/12\/02\/tesla-salget-faller-i-underkant-av-9-i-spania-men-konkurrerende-ev-registreringer-dobles\/\"]}]},{\"@type\":\"ImageObject\",\"inLanguage\":\"nb-NO\",\"@id\":\"https:\/\/nordnesrepublikken.no\/index.php\/2025\/12\/02\/tesla-salget-faller-i-underkant-av-9-i-spania-men-konkurrerende-ev-registreringer-dobles\/#primaryimage\",\"url\":\"https:\/\/nordnesrepublikken.no\/wp-content\/uploads\/2025\/12\/1764633040_Tesla-salget-faller-i-underkant-av-9-i-Spania-men-konkurrerende.jpg\",\"contentUrl\":\"https:\/\/nordnesrepublikken.no\/wp-content\/uploads\/2025\/12\/1764633040_Tesla-salget-faller-i-underkant-av-9-i-Spania-men-konkurrerende.jpg\",\"width\":1200,\"height\":800,\"caption\":\"Tesla-salget faller i underkant av 9% i Spania, men konkurrerende EV-registreringer dobles\"},{\"@type\":\"BreadcrumbList\",\"@id\":\"https:\/\/nordnesrepublikken.no\/index.php\/2025\/12\/02\/tesla-salget-faller-i-underkant-av-9-i-spania-men-konkurrerende-ev-registreringer-dobles\/#breadcrumb\",\"itemListElement\":[{\"@type\":\"ListItem\",\"position\":1,\"name\":\"Home\",\"item\":\"https:\/\/nordnesrepublikken.no\/\"},{\"@type\":\"ListItem\",\"position\":2,\"name\":\"Tesla-salget faller i underkant av 9% i Spania, men konkurrerende EV-registreringer dobles\"}]},{\"@type\":\"WebSite\",\"@id\":\"https:\/\/nordnesrepublikken.no\/#website\",\"url\":\"https:\/\/nordnesrepublikken.no\/\",\"name\":\"Nordnesrepublikken\",\"description\":\"Stemmer og Visjoner fra Republikkens Hjerte\",\"publisher\":{\"@id\":\"https:\/\/nordnesrepublikken.no\/#organization\"},\"potentialAction\":[{\"@type\":\"SearchAction\",\"target\":{\"@type\":\"EntryPoint\",\"urlTemplate\":\"https:\/\/nordnesrepublikken.no\/?s={search_term_string}\"},\"query-input\":{\"@type\":\"PropertyValueSpecification\",\"valueRequired\":true,\"valueName\":\"search_term_string\"}}],\"inLanguage\":\"nb-NO\"},{\"@type\":\"Organization\",\"@id\":\"https:\/\/nordnesrepublikken.no\/#organization\",\"name\":\"Nordnesrepublikken\",\"url\":\"https:\/\/nordnesrepublikken.no\/\",\"logo\":{\"@type\":\"ImageObject\",\"inLanguage\":\"nb-NO\",\"@id\":\"https:\/\/nordnesrepublikken.no\/#\/schema\/logo\/image\/\",\"url\":\"https:\/\/nordnesrepublikken.no\/wp-content\/uploads\/2025\/02\/cropped-nordnesrepublikken-2.png\",\"contentUrl\":\"https:\/\/nordnesrepublikken.no\/wp-content\/uploads\/2025\/02\/cropped-nordnesrepublikken-2.png\",\"width\":1248,\"height\":362,\"caption\":\"Nordnesrepublikken\"},\"image\":{\"@id\":\"https:\/\/nordnesrepublikken.no\/#\/schema\/logo\/image\/\"}},{\"@type\":\"Person\",\"@id\":\"https:\/\/nordnesrepublikken.no\/#\/schema\/person\/2e7e81935bab77882fffb79296240ff1\",\"name\":\"Ole Andersen\",\"image\":{\"@type\":\"ImageObject\",\"inLanguage\":\"nb-NO\",\"@id\":\"https:\/\/nordnesrepublikken.no\/#\/schema\/person\/image\/\",\"url\":\"https:\/\/nordnesrepublikken.no\/wp-content\/uploads\/2025\/02\/nordnesrepublikken-2-2-150x150.jpg\",\"contentUrl\":\"https:\/\/nordnesrepublikken.no\/wp-content\/uploads\/2025\/02\/nordnesrepublikken-2-2-150x150.jpg\",\"caption\":\"Ole Andersen\"},\"description\":\"Ettersom jeg vokste opp i Oslo, har jeg alltid v\u00e6rt fascinert av ordenes kraft og deres evne til \u00e5 skape endringer. Etter \u00e5 ha fullf\u00f8rt min utdannelse i kommunikasjon ved Universitetet i Bergen, fikk jeg muligheten til \u00e5 jobbe innen ulike medier, der jeg har s\u00f8kt \u00e5 belyse viktige samfunnssp\u00f8rsm\u00e5l. I dag, som redakt\u00f8r for Nordnesrepublikken, pr\u00f8ver jeg \u00e5 forene min kj\u00e6rlighet for journalistikk med min lidenskap for innovasjon og eventyr.\",\"sameAs\":[\"https:\/\/nordnesrepublikken.no\/\"]}]}<\/script>\n<!-- \/ Yoast SEO plugin. -->","yoast_head_json":{"title":"Tesla-salget faller i underkant av 9% i Spania, men konkurrerende EV-registreringer dobles - Nordnesrepublikken","robots":{"index":"index","follow":"follow","max-snippet":"max-snippet:-1","max-image-preview":"max-image-preview:large","max-video-preview":"max-video-preview:-1"},"canonical":"https:\/\/nordnesrepublikken.no\/index.php\/2025\/12\/02\/tesla-salget-faller-i-underkant-av-9-i-spania-men-konkurrerende-ev-registreringer-dobles\/","og_locale":"nb_NO","og_type":"article","og_title":"Tesla-salget faller i underkant av 9% i Spania, men konkurrerende EV-registreringer dobles - Nordnesrepublikken","og_description":"Tesla sin ny bilsalg i Spania dyppet i november selv som det bredere markedet for","og_url":"https:\/\/nordnesrepublikken.no\/index.php\/2025\/12\/02\/tesla-salget-faller-i-underkant-av-9-i-spania-men-konkurrerende-ev-registreringer-dobles\/","og_site_name":"Nordnesrepublikken","article_published_time":"2025-12-01T23:50:37+00:00","article_modified_time":"2025-12-01T23:50:41+00:00","og_image":[{"width":1200,"height":800,"url":"https:\/\/nordnesrepublikken.no\/wp-content\/uploads\/2025\/12\/1764633040_Tesla-salget-faller-i-underkant-av-9-i-Spania-men-konkurrerende.jpg","type":"image\/jpeg"}],"author":"Ole Andersen","twitter_card":"summary_large_image","twitter_misc":{"Skrevet av":"Ole Andersen","Ansl. lesetid":"3 minutter"},"schema":{"@context":"https:\/\/schema.org","@graph":[{"@type":"Article","@id":"https:\/\/nordnesrepublikken.no\/index.php\/2025\/12\/02\/tesla-salget-faller-i-underkant-av-9-i-spania-men-konkurrerende-ev-registreringer-dobles\/#article","isPartOf":{"@id":"https:\/\/nordnesrepublikken.no\/index.php\/2025\/12\/02\/tesla-salget-faller-i-underkant-av-9-i-spania-men-konkurrerende-ev-registreringer-dobles\/"},"author":{"name":"Ole Andersen","@id":"https:\/\/nordnesrepublikken.no\/#\/schema\/person\/2e7e81935bab77882fffb79296240ff1"},"headline":"Tesla-salget faller i underkant av 9% i Spania, men konkurrerende EV-registreringer dobles","datePublished":"2025-12-01T23:50:37+00:00","dateModified":"2025-12-01T23:50:41+00:00","mainEntityOfPage":{"@id":"https:\/\/nordnesrepublikken.no\/index.php\/2025\/12\/02\/tesla-salget-faller-i-underkant-av-9-i-spania-men-konkurrerende-ev-registreringer-dobles\/"},"wordCount":524,"publisher":{"@id":"https:\/\/nordnesrepublikken.no\/#organization"},"image":{"@id":"https:\/\/nordnesrepublikken.no\/index.php\/2025\/12\/02\/tesla-salget-faller-i-underkant-av-9-i-spania-men-konkurrerende-ev-registreringer-dobles\/#primaryimage"},"thumbnailUrl":"https:\/\/nordnesrepublikken.no\/wp-content\/uploads\/2025\/12\/1764633040_Tesla-salget-faller-i-underkant-av-9-i-Spania-men-konkurrerende.jpg","keywords":["dobles","EVregistreringer","faller","konkurrerende","men","Spania","Teslasalget","underkant"],"articleSection":["Livsstil"],"inLanguage":"nb-NO"},{"@type":"WebPage","@id":"https:\/\/nordnesrepublikken.no\/index.php\/2025\/12\/02\/tesla-salget-faller-i-underkant-av-9-i-spania-men-konkurrerende-ev-registreringer-dobles\/","url":"https:\/\/nordnesrepublikken.no\/index.php\/2025\/12\/02\/tesla-salget-faller-i-underkant-av-9-i-spania-men-konkurrerende-ev-registreringer-dobles\/","name":"Tesla-salget faller i underkant av 9% i Spania, men konkurrerende EV-registreringer dobles - Nordnesrepublikken","isPartOf":{"@id":"https:\/\/nordnesrepublikken.no\/#website"},"primaryImageOfPage":{"@id":"https:\/\/nordnesrepublikken.no\/index.php\/2025\/12\/02\/tesla-salget-faller-i-underkant-av-9-i-spania-men-konkurrerende-ev-registreringer-dobles\/#primaryimage"},"image":{"@id":"https:\/\/nordnesrepublikken.no\/index.php\/2025\/12\/02\/tesla-salget-faller-i-underkant-av-9-i-spania-men-konkurrerende-ev-registreringer-dobles\/#primaryimage"},"thumbnailUrl":"https:\/\/nordnesrepublikken.no\/wp-content\/uploads\/2025\/12\/1764633040_Tesla-salget-faller-i-underkant-av-9-i-Spania-men-konkurrerende.jpg","datePublished":"2025-12-01T23:50:37+00:00","dateModified":"2025-12-01T23:50:41+00:00","breadcrumb":{"@id":"https:\/\/nordnesrepublikken.no\/index.php\/2025\/12\/02\/tesla-salget-faller-i-underkant-av-9-i-spania-men-konkurrerende-ev-registreringer-dobles\/#breadcrumb"},"inLanguage":"nb-NO","potentialAction":[{"@type":"ReadAction","target":["https:\/\/nordnesrepublikken.no\/index.php\/2025\/12\/02\/tesla-salget-faller-i-underkant-av-9-i-spania-men-konkurrerende-ev-registreringer-dobles\/"]}]},{"@type":"ImageObject","inLanguage":"nb-NO","@id":"https:\/\/nordnesrepublikken.no\/index.php\/2025\/12\/02\/tesla-salget-faller-i-underkant-av-9-i-spania-men-konkurrerende-ev-registreringer-dobles\/#primaryimage","url":"https:\/\/nordnesrepublikken.no\/wp-content\/uploads\/2025\/12\/1764633040_Tesla-salget-faller-i-underkant-av-9-i-Spania-men-konkurrerende.jpg","contentUrl":"https:\/\/nordnesrepublikken.no\/wp-content\/uploads\/2025\/12\/1764633040_Tesla-salget-faller-i-underkant-av-9-i-Spania-men-konkurrerende.jpg","width":1200,"height":800,"caption":"Tesla-salget faller i underkant av 9% i Spania, men konkurrerende EV-registreringer dobles"},{"@type":"BreadcrumbList","@id":"https:\/\/nordnesrepublikken.no\/index.php\/2025\/12\/02\/tesla-salget-faller-i-underkant-av-9-i-spania-men-konkurrerende-ev-registreringer-dobles\/#breadcrumb","itemListElement":[{"@type":"ListItem","position":1,"name":"Home","item":"https:\/\/nordnesrepublikken.no\/"},{"@type":"ListItem","position":2,"name":"Tesla-salget faller i underkant av 9% i Spania, men konkurrerende EV-registreringer dobles"}]},{"@type":"WebSite","@id":"https:\/\/nordnesrepublikken.no\/#website","url":"https:\/\/nordnesrepublikken.no\/","name":"Nordnesrepublikken","description":"Stemmer og Visjoner fra Republikkens Hjerte","publisher":{"@id":"https:\/\/nordnesrepublikken.no\/#organization"},"potentialAction":[{"@type":"SearchAction","target":{"@type":"EntryPoint","urlTemplate":"https:\/\/nordnesrepublikken.no\/?s={search_term_string}"},"query-input":{"@type":"PropertyValueSpecification","valueRequired":true,"valueName":"search_term_string"}}],"inLanguage":"nb-NO"},{"@type":"Organization","@id":"https:\/\/nordnesrepublikken.no\/#organization","name":"Nordnesrepublikken","url":"https:\/\/nordnesrepublikken.no\/","logo":{"@type":"ImageObject","inLanguage":"nb-NO","@id":"https:\/\/nordnesrepublikken.no\/#\/schema\/logo\/image\/","url":"https:\/\/nordnesrepublikken.no\/wp-content\/uploads\/2025\/02\/cropped-nordnesrepublikken-2.png","contentUrl":"https:\/\/nordnesrepublikken.no\/wp-content\/uploads\/2025\/02\/cropped-nordnesrepublikken-2.png","width":1248,"height":362,"caption":"Nordnesrepublikken"},"image":{"@id":"https:\/\/nordnesrepublikken.no\/#\/schema\/logo\/image\/"}},{"@type":"Person","@id":"https:\/\/nordnesrepublikken.no\/#\/schema\/person\/2e7e81935bab77882fffb79296240ff1","name":"Ole Andersen","image":{"@type":"ImageObject","inLanguage":"nb-NO","@id":"https:\/\/nordnesrepublikken.no\/#\/schema\/person\/image\/","url":"https:\/\/nordnesrepublikken.no\/wp-content\/uploads\/2025\/02\/nordnesrepublikken-2-2-150x150.jpg","contentUrl":"https:\/\/nordnesrepublikken.no\/wp-content\/uploads\/2025\/02\/nordnesrepublikken-2-2-150x150.jpg","caption":"Ole Andersen"},"description":"Ettersom jeg vokste opp i Oslo, har jeg alltid v\u00e6rt fascinert av ordenes kraft og deres evne til \u00e5 skape endringer. Etter \u00e5 ha fullf\u00f8rt min utdannelse i kommunikasjon ved Universitetet i Bergen, fikk jeg muligheten til \u00e5 jobbe innen ulike medier, der jeg har s\u00f8kt \u00e5 belyse viktige samfunnssp\u00f8rsm\u00e5l. I dag, som redakt\u00f8r for Nordnesrepublikken, pr\u00f8ver jeg \u00e5 forene min kj\u00e6rlighet for journalistikk med min lidenskap for innovasjon og eventyr.","sameAs":["https:\/\/nordnesrepublikken.no\/"]}]}},"_links":{"self":[{"href":"https:\/\/nordnesrepublikken.no\/index.php\/wp-json\/wp\/v2\/posts\/12338","targetHints":{"allow":["GET"]}}],"collection":[{"href":"https:\/\/nordnesrepublikken.no\/index.php\/wp-json\/wp\/v2\/posts"}],"about":[{"href":"https:\/\/nordnesrepublikken.no\/index.php\/wp-json\/wp\/v2\/types\/post"}],"author":[{"embeddable":true,"href":"https:\/\/nordnesrepublikken.no\/index.php\/wp-json\/wp\/v2\/users\/1"}],"replies":[{"embeddable":true,"href":"https:\/\/nordnesrepublikken.no\/index.php\/wp-json\/wp\/v2\/comments?post=12338"}],"version-history":[{"count":1,"href":"https:\/\/nordnesrepublikken.no\/index.php\/wp-json\/wp\/v2\/posts\/12338\/revisions"}],"predecessor-version":[{"id":12340,"href":"https:\/\/nordnesrepublikken.no\/index.php\/wp-json\/wp\/v2\/posts\/12338\/revisions\/12340"}],"wp:featuredmedia":[{"embeddable":true,"href":"https:\/\/nordnesrepublikken.no\/index.php\/wp-json\/wp\/v2\/media\/12339"}],"wp:attachment":[{"href":"https:\/\/nordnesrepublikken.no\/index.php\/wp-json\/wp\/v2\/media?parent=12338"}],"wp:term":[{"taxonomy":"category","embeddable":true,"href":"https:\/\/nordnesrepublikken.no\/index.php\/wp-json\/wp\/v2\/categories?post=12338"},{"taxonomy":"post_tag","embeddable":true,"href":"https:\/\/nordnesrepublikken.no\/index.php\/wp-json\/wp\/v2\/tags?post=12338"}],"curies":[{"name":"wp","href":"https:\/\/api.w.org\/{rel}","templated":true}]}}