{"id":12326,"date":"2025-12-01T17:50:39","date_gmt":"2025-12-01T16:50:39","guid":{"rendered":"https:\/\/nordnesrepublikken.no\/index.php\/2025\/12\/01\/si-farvel-til-baubles-juletretrenden-alle-snakker-om\/"},"modified":"2025-12-01T17:50:40","modified_gmt":"2025-12-01T16:50:40","slug":"si-farvel-til-baubles-juletretrenden-alle-snakker-om","status":"publish","type":"post","link":"https:\/\/nordnesrepublikken.no\/index.php\/2025\/12\/01\/si-farvel-til-baubles-juletretrenden-alle-snakker-om\/","title":{"rendered":"Si farvel til baubles: Juletretrenden alle snakker om"},"content":{"rendered":"<p><\/p>\n<div class=\"wordpress-content\">\n                    <!-- Article Start --><\/p>\n<p>Hvis du allerede har begynt \u00e5 tenke p\u00e5 julepynt, er det \u00e9n tradisjon som kanskje ikke overlever mye lenger: \u00e5 henge de klassiske kulene p\u00e5 treet. Ja, de skinnende sf\u00e6rene mange av oss vokste opp med ser ut til \u00e5 miste hovedrollen ettersom en ny festlig trend tar tak \u2013 og den sprer seg raskt.<\/p>\n<p>I l\u00f8pet av de siste sesongene har dekorasjonsstiler stille endret seg. Juletreet er fortsatt i aller h\u00f8yeste grad hjemmets midtpunkt i desember, men m\u00e5ten folk kler det p\u00e5 er i endring. I stedet for \u00e5 fylle hver gren med ornamenter, g\u00e5r fokuset mot \u00e5 skape en stemning \u2013 varme, ro og en f\u00f8lelse av komfort \u2013 i stedet for visuell overbelastning. Og det er en trend som allerede har g\u00e5tt viralt p\u00e5 tvers av sosiale medier.<\/p>\n<h2>Hvorfor kuler sakte forsvinner fra juletr\u00e6rne<\/h2>\n<p>I \u00e5revis fulgte dekorasjonen av treet den samme kjente rutinen: f\u00f8rst lys, s\u00e5 endel\u00f8se rader med kuler til grenene forsvant under glitter og farge. Men smaker har blitt mykere. Hjem i dag lener seg mot naturlige teksturer og roligere design, og juleinnredningen begynner \u00e5 reflektere det livsstilsskiftet.<\/p>\n<div class=\"sra_unit\"><link rel=\"stylesheet\" id=\"block-sra\" href=\"https:\/\/euroweeklynews.com\/wp-content\/plugins\/snack-related-articles\/dist\/css\/snack-related.min.css?250312-193541\" type=\"text\/css\" media=\"all\">\n<\/div>\n<p>Filmer og TV-serier \u2013 spesielt de som foreg\u00e5r i nord-europeiske og angelsaksiske land \u2013 har hatt stor innflytelse. Publikum har blitt trukket til julescener der tr\u00e6r lyser mykt i bakgrunnen, stylet med bare noen f\u00e5 subtile detaljer eller til og med nesten bare st\u00e5ende. Det koselige, litt undervurderte utseendet har fanget folks fantasi langt mer enn dristige, sterkt dekorerte skjermer.<\/p>\n<p>Flere og flere husholdninger g\u00e5r bort fra overfylte tr\u00e6r og eksperimenterer med enklere styling. Noen fjerner kulene helt, og velger alternativer som f\u00f8les mer naturlige og mindre produsert. Treet forvandles fra et fargerikt utstillingsstykke til noe som er n\u00e6rmere et gl\u00f8dende trekk ved rommet &#8211; fortsatt festlig, men mer beroligende for \u00f8yet.<\/p>\n<p>Dette skiftet handler ikke om \u00e5 ta moroa ut av julen eller \u00e5 fjerne tradisjoner. Det handler rett og slett om \u00e5 endre prioriteringer. Mange dekorat\u00f8rer f\u00f8ler n\u00e5 at &laquo;less is more&raquo; ogs\u00e5 passer perfekt til festlig styling.<\/p>\n<h2>Den virale juletretrenden alle vil se i 2026<\/h2>\n<p>If\u00f8lge dekorspesialister hos Lumina vil julestyling i 2026 fortsette \u00e5 f\u00f8lge en naturlig retning \u2013 men med en rikere, mer emosjonell vri. I stedet for friske, bleke toner, lener det nye utseendet seg inn i dypere, koseligere farger designet for \u00e5 f\u00e5 rom til \u00e5 f\u00f8les varme og innbydende.<\/p>\n<p>Forvent \u00e5 se rikelig med olivengr\u00f8nt, mosetoner og m\u00f8rkere skogsnyanser, kombinert med vinr\u00f8de, lagret bronse og myke gyldne finisher. Sammen skaper disse fargene et tett bakteppe som f\u00f8les nostalgisk uten \u00e5 se datert ut.<\/p>\n<p>Materialer er like viktige som farge. Fl\u00f8yelsaksenter, m\u00f8rke tregrener og h\u00e5ndbl\u00e5st glass med detaljer i h\u00e5ndverksstil legger til tekstur samtidig som det holder ting autentisk. Juletr\u00e6r i seg selv beskrives som fulle, men enkle &#8211; dekorert med sv\u00e6rt f\u00e5 pyntegjenstander eller noen ganger forlatt nesten naturlig. Det som f\u00e5r dem til \u00e5 skille seg ut er ikke overbelastning av dekorasjon, men den smarte bruken av belysning, som omgir treet i en myk gl\u00f8d og umiddelbart l\u00f8fter plassen.<\/p>\n<p>B\u00e6rekraft passer ogs\u00e5 naturlig inn i denne tiln\u00e6rmingen. \u00c5 gjenbruke dekorasjoner som allerede er gjemt hjemme er ikke bare praktisk, men ogs\u00e5 f\u00f8lelsesmessig. Gamle stoffer kan bli til b\u00e5nd, glasskrukker kan lett gjenbrukes, og dekorasjoner fra tidligere \u00e5r b\u00e6rer p\u00e5 personlige minner som ingen butikkkj\u00f8pt ornament kan erstatte. Trefigurer, opplyste grener og forh\u00e5ndsbelyste tr\u00e6r fullpakket med tekstur forventes ogs\u00e5 \u00e5 ha et sterkt preg.<\/p>\n<p>Samtidig forsvinner ikke fargen helt. Den \u00f8kende innflytelsen fra &laquo;dopamindekor&raquo; betyr at glade toner vil snike seg inn igjen &#8211; fra rosa og gr\u00f8nt til livlige bl\u00e5toner, varme aquaer og glitrende gull. Men forskjellen ligger i hvordan de brukes. I stedet for \u00e5 belegge alt i farger, velger dekorat\u00f8rer individuelle statement-stykker: et overdimensjonert ornament, en morsom karakter eller en i\u00f8ynefallende detalj som skiller seg ut p\u00e5 egen h\u00e5nd, samtidig som den beholder det generelle utseendet rolig og balansert.<\/p>\n<p>M\u00e5let er ikke lenger perfeksjon eller enhetlig design. I stedet er m\u00e5let \u00e5 skape hj\u00f8rner av hjemmet som f\u00f8les gledelige, innlevde og emosjonelle \u2013 rom som f\u00e5r folk til \u00e5 smile og \u00f8nsker \u00e5 senke farten.<\/p>\n<h2>Hvorfor julelys st\u00e5r i sentrum<\/h2>\n<p>I alt dette er det n\u00e5 klart ett element som dominerer festlig dekorasjon: lys. Eventyrlys, gl\u00f8dende girlandere og opplyste grener former atmosf\u00e6ren langt mer enn ornamenter noen gang har gjort. Belysning gir treet dybde, forsterker dens naturlige form og fyller rommet med varme p\u00e5 en m\u00e5te som kulene rett og slett ikke kan matche.<\/p>\n<p>I stedet for \u00e5 dekorere gren for gren, legger folk n\u00e5 lys f\u00f8rst og lar noen f\u00e5 n\u00f8ye utvalgte detaljer komplementere gl\u00f8den.<\/p>\n<p>Denne trenden reflekterer noe dypere enn enkle stilendringer. Etter \u00e5r med st\u00f8y, fargeoverbelastning og raske sesongmessige trender, er det mange som lengter etter komfort, ro og autentisitet \u2013 selv i julen. Treet forblir hjemmets f\u00f8lelsesmessige sentrum, men fokus har skiftet fra gnisten til sjel.<\/p>\n<p>                    <!-- Originally published at https:\/\/euroweeklynews.com\/2025\/12\/01\/say-goodbye-to-baubles-the-christmas-tree-trend-everyone-is-talking-about\/ on 01 Dec 2025 at 15:27 by Farah Mokrani --><br \/>\n                    <!-- Article End -->\n                <\/div>\n","protected":false},"excerpt":{"rendered":"<p>Hvis du allerede har begynt \u00e5 tenke p\u00e5 julepynt, er det \u00e9n tradisjon som kanskje<\/p>\n","protected":false},"author":1,"featured_media":12327,"comment_status":"closed","ping_status":"open","sticky":false,"template":"","format":"standard","meta":{"footnotes":""},"categories":[105],"tags":[1515,8111,2453,8112,3564,117],"class_list":["post-12326","post","type-post","status-publish","format-standard","has-post-thumbnail","hentry","category-livsstil","tag-alle","tag-baubles","tag-farvel","tag-juletretrenden","tag-snakker","tag-til","generate-columns","tablet-grid-50","mobile-grid-100","grid-parent","grid-33","resize-featured-image"],"yoast_head":"<!-- This site is optimized with the Yoast SEO plugin v24.4 - https:\/\/yoast.com\/wordpress\/plugins\/seo\/ -->\n<title>Si farvel til baubles: Juletretrenden alle snakker om - Nordnesrepublikken<\/title>\n<meta name=\"robots\" content=\"index, follow, max-snippet:-1, max-image-preview:large, max-video-preview:-1\" \/>\n<link rel=\"canonical\" href=\"https:\/\/nordnesrepublikken.no\/index.php\/2025\/12\/01\/si-farvel-til-baubles-juletretrenden-alle-snakker-om\/\" \/>\n<meta property=\"og:locale\" content=\"nb_NO\" \/>\n<meta property=\"og:type\" content=\"article\" \/>\n<meta property=\"og:title\" content=\"Si farvel til baubles: Juletretrenden alle snakker om - Nordnesrepublikken\" \/>\n<meta property=\"og:description\" content=\"Hvis du allerede har begynt \u00e5 tenke p\u00e5 julepynt, er det \u00e9n tradisjon som kanskje\" \/>\n<meta property=\"og:url\" content=\"https:\/\/nordnesrepublikken.no\/index.php\/2025\/12\/01\/si-farvel-til-baubles-juletretrenden-alle-snakker-om\/\" \/>\n<meta property=\"og:site_name\" content=\"Nordnesrepublikken\" \/>\n<meta property=\"article:published_time\" content=\"2025-12-01T16:50:39+00:00\" \/>\n<meta property=\"article:modified_time\" content=\"2025-12-01T16:50:40+00:00\" \/>\n<meta property=\"og:image\" content=\"https:\/\/nordnesrepublikken.no\/wp-content\/uploads\/2025\/12\/1764607840_Si-farvel-til-baubles-Juletretrenden-alle-snakker-om.jpg\" \/>\n\t<meta property=\"og:image:width\" content=\"1200\" \/>\n\t<meta property=\"og:image:height\" content=\"800\" \/>\n\t<meta property=\"og:image:type\" content=\"image\/jpeg\" \/>\n<meta name=\"author\" content=\"Ole Andersen\" \/>\n<meta name=\"twitter:card\" content=\"summary_large_image\" \/>\n<meta name=\"twitter:label1\" content=\"Skrevet av\" \/>\n\t<meta name=\"twitter:data1\" content=\"Ole Andersen\" \/>\n\t<meta name=\"twitter:label2\" content=\"Ansl. lesetid\" \/>\n\t<meta name=\"twitter:data2\" content=\"4 minutter\" \/>\n<script type=\"application\/ld+json\" class=\"yoast-schema-graph\">{\"@context\":\"https:\/\/schema.org\",\"@graph\":[{\"@type\":\"Article\",\"@id\":\"https:\/\/nordnesrepublikken.no\/index.php\/2025\/12\/01\/si-farvel-til-baubles-juletretrenden-alle-snakker-om\/#article\",\"isPartOf\":{\"@id\":\"https:\/\/nordnesrepublikken.no\/index.php\/2025\/12\/01\/si-farvel-til-baubles-juletretrenden-alle-snakker-om\/\"},\"author\":{\"name\":\"Ole Andersen\",\"@id\":\"https:\/\/nordnesrepublikken.no\/#\/schema\/person\/2e7e81935bab77882fffb79296240ff1\"},\"headline\":\"Si farvel til baubles: Juletretrenden alle snakker om\",\"datePublished\":\"2025-12-01T16:50:39+00:00\",\"dateModified\":\"2025-12-01T16:50:40+00:00\",\"mainEntityOfPage\":{\"@id\":\"https:\/\/nordnesrepublikken.no\/index.php\/2025\/12\/01\/si-farvel-til-baubles-juletretrenden-alle-snakker-om\/\"},\"wordCount\":845,\"publisher\":{\"@id\":\"https:\/\/nordnesrepublikken.no\/#organization\"},\"image\":{\"@id\":\"https:\/\/nordnesrepublikken.no\/index.php\/2025\/12\/01\/si-farvel-til-baubles-juletretrenden-alle-snakker-om\/#primaryimage\"},\"thumbnailUrl\":\"https:\/\/nordnesrepublikken.no\/wp-content\/uploads\/2025\/12\/1764607840_Si-farvel-til-baubles-Juletretrenden-alle-snakker-om.jpg\",\"keywords\":[\"alle\",\"baubles\",\"Farvel\",\"Juletretrenden\",\"snakker\",\"til\"],\"articleSection\":[\"Livsstil\"],\"inLanguage\":\"nb-NO\"},{\"@type\":\"WebPage\",\"@id\":\"https:\/\/nordnesrepublikken.no\/index.php\/2025\/12\/01\/si-farvel-til-baubles-juletretrenden-alle-snakker-om\/\",\"url\":\"https:\/\/nordnesrepublikken.no\/index.php\/2025\/12\/01\/si-farvel-til-baubles-juletretrenden-alle-snakker-om\/\",\"name\":\"Si farvel til baubles: Juletretrenden alle snakker om - Nordnesrepublikken\",\"isPartOf\":{\"@id\":\"https:\/\/nordnesrepublikken.no\/#website\"},\"primaryImageOfPage\":{\"@id\":\"https:\/\/nordnesrepublikken.no\/index.php\/2025\/12\/01\/si-farvel-til-baubles-juletretrenden-alle-snakker-om\/#primaryimage\"},\"image\":{\"@id\":\"https:\/\/nordnesrepublikken.no\/index.php\/2025\/12\/01\/si-farvel-til-baubles-juletretrenden-alle-snakker-om\/#primaryimage\"},\"thumbnailUrl\":\"https:\/\/nordnesrepublikken.no\/wp-content\/uploads\/2025\/12\/1764607840_Si-farvel-til-baubles-Juletretrenden-alle-snakker-om.jpg\",\"datePublished\":\"2025-12-01T16:50:39+00:00\",\"dateModified\":\"2025-12-01T16:50:40+00:00\",\"breadcrumb\":{\"@id\":\"https:\/\/nordnesrepublikken.no\/index.php\/2025\/12\/01\/si-farvel-til-baubles-juletretrenden-alle-snakker-om\/#breadcrumb\"},\"inLanguage\":\"nb-NO\",\"potentialAction\":[{\"@type\":\"ReadAction\",\"target\":[\"https:\/\/nordnesrepublikken.no\/index.php\/2025\/12\/01\/si-farvel-til-baubles-juletretrenden-alle-snakker-om\/\"]}]},{\"@type\":\"ImageObject\",\"inLanguage\":\"nb-NO\",\"@id\":\"https:\/\/nordnesrepublikken.no\/index.php\/2025\/12\/01\/si-farvel-til-baubles-juletretrenden-alle-snakker-om\/#primaryimage\",\"url\":\"https:\/\/nordnesrepublikken.no\/wp-content\/uploads\/2025\/12\/1764607840_Si-farvel-til-baubles-Juletretrenden-alle-snakker-om.jpg\",\"contentUrl\":\"https:\/\/nordnesrepublikken.no\/wp-content\/uploads\/2025\/12\/1764607840_Si-farvel-til-baubles-Juletretrenden-alle-snakker-om.jpg\",\"width\":1200,\"height\":800,\"caption\":\"Si farvel til baubles: Juletretrenden alle snakker om\"},{\"@type\":\"BreadcrumbList\",\"@id\":\"https:\/\/nordnesrepublikken.no\/index.php\/2025\/12\/01\/si-farvel-til-baubles-juletretrenden-alle-snakker-om\/#breadcrumb\",\"itemListElement\":[{\"@type\":\"ListItem\",\"position\":1,\"name\":\"Home\",\"item\":\"https:\/\/nordnesrepublikken.no\/\"},{\"@type\":\"ListItem\",\"position\":2,\"name\":\"Si farvel til baubles: Juletretrenden alle snakker om\"}]},{\"@type\":\"WebSite\",\"@id\":\"https:\/\/nordnesrepublikken.no\/#website\",\"url\":\"https:\/\/nordnesrepublikken.no\/\",\"name\":\"Nordnesrepublikken\",\"description\":\"Stemmer og Visjoner fra Republikkens Hjerte\",\"publisher\":{\"@id\":\"https:\/\/nordnesrepublikken.no\/#organization\"},\"potentialAction\":[{\"@type\":\"SearchAction\",\"target\":{\"@type\":\"EntryPoint\",\"urlTemplate\":\"https:\/\/nordnesrepublikken.no\/?s={search_term_string}\"},\"query-input\":{\"@type\":\"PropertyValueSpecification\",\"valueRequired\":true,\"valueName\":\"search_term_string\"}}],\"inLanguage\":\"nb-NO\"},{\"@type\":\"Organization\",\"@id\":\"https:\/\/nordnesrepublikken.no\/#organization\",\"name\":\"Nordnesrepublikken\",\"url\":\"https:\/\/nordnesrepublikken.no\/\",\"logo\":{\"@type\":\"ImageObject\",\"inLanguage\":\"nb-NO\",\"@id\":\"https:\/\/nordnesrepublikken.no\/#\/schema\/logo\/image\/\",\"url\":\"https:\/\/nordnesrepublikken.no\/wp-content\/uploads\/2025\/02\/cropped-nordnesrepublikken-2.png\",\"contentUrl\":\"https:\/\/nordnesrepublikken.no\/wp-content\/uploads\/2025\/02\/cropped-nordnesrepublikken-2.png\",\"width\":1248,\"height\":362,\"caption\":\"Nordnesrepublikken\"},\"image\":{\"@id\":\"https:\/\/nordnesrepublikken.no\/#\/schema\/logo\/image\/\"}},{\"@type\":\"Person\",\"@id\":\"https:\/\/nordnesrepublikken.no\/#\/schema\/person\/2e7e81935bab77882fffb79296240ff1\",\"name\":\"Ole Andersen\",\"image\":{\"@type\":\"ImageObject\",\"inLanguage\":\"nb-NO\",\"@id\":\"https:\/\/nordnesrepublikken.no\/#\/schema\/person\/image\/\",\"url\":\"https:\/\/nordnesrepublikken.no\/wp-content\/uploads\/2025\/02\/nordnesrepublikken-2-2-150x150.jpg\",\"contentUrl\":\"https:\/\/nordnesrepublikken.no\/wp-content\/uploads\/2025\/02\/nordnesrepublikken-2-2-150x150.jpg\",\"caption\":\"Ole Andersen\"},\"description\":\"Ettersom jeg vokste opp i Oslo, har jeg alltid v\u00e6rt fascinert av ordenes kraft og deres evne til \u00e5 skape endringer. Etter \u00e5 ha fullf\u00f8rt min utdannelse i kommunikasjon ved Universitetet i Bergen, fikk jeg muligheten til \u00e5 jobbe innen ulike medier, der jeg har s\u00f8kt \u00e5 belyse viktige samfunnssp\u00f8rsm\u00e5l. I dag, som redakt\u00f8r for Nordnesrepublikken, pr\u00f8ver jeg \u00e5 forene min kj\u00e6rlighet for journalistikk med min lidenskap for innovasjon og eventyr.\",\"sameAs\":[\"https:\/\/nordnesrepublikken.no\/\"]}]}<\/script>\n<!-- \/ Yoast SEO plugin. -->","yoast_head_json":{"title":"Si farvel til baubles: Juletretrenden alle snakker om - Nordnesrepublikken","robots":{"index":"index","follow":"follow","max-snippet":"max-snippet:-1","max-image-preview":"max-image-preview:large","max-video-preview":"max-video-preview:-1"},"canonical":"https:\/\/nordnesrepublikken.no\/index.php\/2025\/12\/01\/si-farvel-til-baubles-juletretrenden-alle-snakker-om\/","og_locale":"nb_NO","og_type":"article","og_title":"Si farvel til baubles: Juletretrenden alle snakker om - Nordnesrepublikken","og_description":"Hvis du allerede har begynt \u00e5 tenke p\u00e5 julepynt, er det \u00e9n tradisjon som kanskje","og_url":"https:\/\/nordnesrepublikken.no\/index.php\/2025\/12\/01\/si-farvel-til-baubles-juletretrenden-alle-snakker-om\/","og_site_name":"Nordnesrepublikken","article_published_time":"2025-12-01T16:50:39+00:00","article_modified_time":"2025-12-01T16:50:40+00:00","og_image":[{"width":1200,"height":800,"url":"https:\/\/nordnesrepublikken.no\/wp-content\/uploads\/2025\/12\/1764607840_Si-farvel-til-baubles-Juletretrenden-alle-snakker-om.jpg","type":"image\/jpeg"}],"author":"Ole Andersen","twitter_card":"summary_large_image","twitter_misc":{"Skrevet av":"Ole Andersen","Ansl. lesetid":"4 minutter"},"schema":{"@context":"https:\/\/schema.org","@graph":[{"@type":"Article","@id":"https:\/\/nordnesrepublikken.no\/index.php\/2025\/12\/01\/si-farvel-til-baubles-juletretrenden-alle-snakker-om\/#article","isPartOf":{"@id":"https:\/\/nordnesrepublikken.no\/index.php\/2025\/12\/01\/si-farvel-til-baubles-juletretrenden-alle-snakker-om\/"},"author":{"name":"Ole Andersen","@id":"https:\/\/nordnesrepublikken.no\/#\/schema\/person\/2e7e81935bab77882fffb79296240ff1"},"headline":"Si farvel til baubles: Juletretrenden alle snakker om","datePublished":"2025-12-01T16:50:39+00:00","dateModified":"2025-12-01T16:50:40+00:00","mainEntityOfPage":{"@id":"https:\/\/nordnesrepublikken.no\/index.php\/2025\/12\/01\/si-farvel-til-baubles-juletretrenden-alle-snakker-om\/"},"wordCount":845,"publisher":{"@id":"https:\/\/nordnesrepublikken.no\/#organization"},"image":{"@id":"https:\/\/nordnesrepublikken.no\/index.php\/2025\/12\/01\/si-farvel-til-baubles-juletretrenden-alle-snakker-om\/#primaryimage"},"thumbnailUrl":"https:\/\/nordnesrepublikken.no\/wp-content\/uploads\/2025\/12\/1764607840_Si-farvel-til-baubles-Juletretrenden-alle-snakker-om.jpg","keywords":["alle","baubles","Farvel","Juletretrenden","snakker","til"],"articleSection":["Livsstil"],"inLanguage":"nb-NO"},{"@type":"WebPage","@id":"https:\/\/nordnesrepublikken.no\/index.php\/2025\/12\/01\/si-farvel-til-baubles-juletretrenden-alle-snakker-om\/","url":"https:\/\/nordnesrepublikken.no\/index.php\/2025\/12\/01\/si-farvel-til-baubles-juletretrenden-alle-snakker-om\/","name":"Si farvel til baubles: Juletretrenden alle snakker om - Nordnesrepublikken","isPartOf":{"@id":"https:\/\/nordnesrepublikken.no\/#website"},"primaryImageOfPage":{"@id":"https:\/\/nordnesrepublikken.no\/index.php\/2025\/12\/01\/si-farvel-til-baubles-juletretrenden-alle-snakker-om\/#primaryimage"},"image":{"@id":"https:\/\/nordnesrepublikken.no\/index.php\/2025\/12\/01\/si-farvel-til-baubles-juletretrenden-alle-snakker-om\/#primaryimage"},"thumbnailUrl":"https:\/\/nordnesrepublikken.no\/wp-content\/uploads\/2025\/12\/1764607840_Si-farvel-til-baubles-Juletretrenden-alle-snakker-om.jpg","datePublished":"2025-12-01T16:50:39+00:00","dateModified":"2025-12-01T16:50:40+00:00","breadcrumb":{"@id":"https:\/\/nordnesrepublikken.no\/index.php\/2025\/12\/01\/si-farvel-til-baubles-juletretrenden-alle-snakker-om\/#breadcrumb"},"inLanguage":"nb-NO","potentialAction":[{"@type":"ReadAction","target":["https:\/\/nordnesrepublikken.no\/index.php\/2025\/12\/01\/si-farvel-til-baubles-juletretrenden-alle-snakker-om\/"]}]},{"@type":"ImageObject","inLanguage":"nb-NO","@id":"https:\/\/nordnesrepublikken.no\/index.php\/2025\/12\/01\/si-farvel-til-baubles-juletretrenden-alle-snakker-om\/#primaryimage","url":"https:\/\/nordnesrepublikken.no\/wp-content\/uploads\/2025\/12\/1764607840_Si-farvel-til-baubles-Juletretrenden-alle-snakker-om.jpg","contentUrl":"https:\/\/nordnesrepublikken.no\/wp-content\/uploads\/2025\/12\/1764607840_Si-farvel-til-baubles-Juletretrenden-alle-snakker-om.jpg","width":1200,"height":800,"caption":"Si farvel til baubles: Juletretrenden alle snakker om"},{"@type":"BreadcrumbList","@id":"https:\/\/nordnesrepublikken.no\/index.php\/2025\/12\/01\/si-farvel-til-baubles-juletretrenden-alle-snakker-om\/#breadcrumb","itemListElement":[{"@type":"ListItem","position":1,"name":"Home","item":"https:\/\/nordnesrepublikken.no\/"},{"@type":"ListItem","position":2,"name":"Si farvel til baubles: Juletretrenden alle snakker om"}]},{"@type":"WebSite","@id":"https:\/\/nordnesrepublikken.no\/#website","url":"https:\/\/nordnesrepublikken.no\/","name":"Nordnesrepublikken","description":"Stemmer og Visjoner fra Republikkens Hjerte","publisher":{"@id":"https:\/\/nordnesrepublikken.no\/#organization"},"potentialAction":[{"@type":"SearchAction","target":{"@type":"EntryPoint","urlTemplate":"https:\/\/nordnesrepublikken.no\/?s={search_term_string}"},"query-input":{"@type":"PropertyValueSpecification","valueRequired":true,"valueName":"search_term_string"}}],"inLanguage":"nb-NO"},{"@type":"Organization","@id":"https:\/\/nordnesrepublikken.no\/#organization","name":"Nordnesrepublikken","url":"https:\/\/nordnesrepublikken.no\/","logo":{"@type":"ImageObject","inLanguage":"nb-NO","@id":"https:\/\/nordnesrepublikken.no\/#\/schema\/logo\/image\/","url":"https:\/\/nordnesrepublikken.no\/wp-content\/uploads\/2025\/02\/cropped-nordnesrepublikken-2.png","contentUrl":"https:\/\/nordnesrepublikken.no\/wp-content\/uploads\/2025\/02\/cropped-nordnesrepublikken-2.png","width":1248,"height":362,"caption":"Nordnesrepublikken"},"image":{"@id":"https:\/\/nordnesrepublikken.no\/#\/schema\/logo\/image\/"}},{"@type":"Person","@id":"https:\/\/nordnesrepublikken.no\/#\/schema\/person\/2e7e81935bab77882fffb79296240ff1","name":"Ole Andersen","image":{"@type":"ImageObject","inLanguage":"nb-NO","@id":"https:\/\/nordnesrepublikken.no\/#\/schema\/person\/image\/","url":"https:\/\/nordnesrepublikken.no\/wp-content\/uploads\/2025\/02\/nordnesrepublikken-2-2-150x150.jpg","contentUrl":"https:\/\/nordnesrepublikken.no\/wp-content\/uploads\/2025\/02\/nordnesrepublikken-2-2-150x150.jpg","caption":"Ole Andersen"},"description":"Ettersom jeg vokste opp i Oslo, har jeg alltid v\u00e6rt fascinert av ordenes kraft og deres evne til \u00e5 skape endringer. Etter \u00e5 ha fullf\u00f8rt min utdannelse i kommunikasjon ved Universitetet i Bergen, fikk jeg muligheten til \u00e5 jobbe innen ulike medier, der jeg har s\u00f8kt \u00e5 belyse viktige samfunnssp\u00f8rsm\u00e5l. I dag, som redakt\u00f8r for Nordnesrepublikken, pr\u00f8ver jeg \u00e5 forene min kj\u00e6rlighet for journalistikk med min lidenskap for innovasjon og eventyr.","sameAs":["https:\/\/nordnesrepublikken.no\/"]}]}},"_links":{"self":[{"href":"https:\/\/nordnesrepublikken.no\/index.php\/wp-json\/wp\/v2\/posts\/12326","targetHints":{"allow":["GET"]}}],"collection":[{"href":"https:\/\/nordnesrepublikken.no\/index.php\/wp-json\/wp\/v2\/posts"}],"about":[{"href":"https:\/\/nordnesrepublikken.no\/index.php\/wp-json\/wp\/v2\/types\/post"}],"author":[{"embeddable":true,"href":"https:\/\/nordnesrepublikken.no\/index.php\/wp-json\/wp\/v2\/users\/1"}],"replies":[{"embeddable":true,"href":"https:\/\/nordnesrepublikken.no\/index.php\/wp-json\/wp\/v2\/comments?post=12326"}],"version-history":[{"count":1,"href":"https:\/\/nordnesrepublikken.no\/index.php\/wp-json\/wp\/v2\/posts\/12326\/revisions"}],"predecessor-version":[{"id":12328,"href":"https:\/\/nordnesrepublikken.no\/index.php\/wp-json\/wp\/v2\/posts\/12326\/revisions\/12328"}],"wp:featuredmedia":[{"embeddable":true,"href":"https:\/\/nordnesrepublikken.no\/index.php\/wp-json\/wp\/v2\/media\/12327"}],"wp:attachment":[{"href":"https:\/\/nordnesrepublikken.no\/index.php\/wp-json\/wp\/v2\/media?parent=12326"}],"wp:term":[{"taxonomy":"category","embeddable":true,"href":"https:\/\/nordnesrepublikken.no\/index.php\/wp-json\/wp\/v2\/categories?post=12326"},{"taxonomy":"post_tag","embeddable":true,"href":"https:\/\/nordnesrepublikken.no\/index.php\/wp-json\/wp\/v2\/tags?post=12326"}],"curies":[{"name":"wp","href":"https:\/\/api.w.org\/{rel}","templated":true}]}}