{"id":12317,"date":"2025-12-01T12:51:18","date_gmt":"2025-12-01T11:51:18","guid":{"rendered":"https:\/\/nordnesrepublikken.no\/index.php\/2025\/12\/01\/poste-italiane-ned-i-dag-1-desember-i-hele-italia-app-og-nettside-fungerer-ikke-hva-skjer\/"},"modified":"2025-12-01T12:51:19","modified_gmt":"2025-12-01T11:51:19","slug":"poste-italiane-ned-i-dag-1-desember-i-hele-italia-app-og-nettside-fungerer-ikke-hva-skjer","status":"publish","type":"post","link":"https:\/\/nordnesrepublikken.no\/index.php\/2025\/12\/01\/poste-italiane-ned-i-dag-1-desember-i-hele-italia-app-og-nettside-fungerer-ikke-hva-skjer\/","title":{"rendered":"Poste Italiane ned i dag 1. desember i hele Italia, app og nettside fungerer ikke: hva skjer"},"content":{"rendered":"<div>\n<div class=\"cp_wrapper cp_wrapper--fw mb-30 mb-20@tablet\">\n<figure class=\"mm\"><picture class=\"img\" style=\"padding-top:56.25%\"><source  media=\"(min-width: 1024px)\"><source  media=\"(min-width: 768px)\"><\/source><\/source><\/picture><\/figure>\n<\/p><\/div>\n<p>Brukerne av <strong>italiensk postkontor<\/strong> de finner <strong>funksjonsfeil<\/strong> i bruk av <strong>app og nettside, <\/strong>rett p\u00e5 dagen for utbetaling av pensjoner: som rapportert av portalen <em>Neddetektor, <\/em>rapporter om problemer og feil toppet seg rundt klokken 09:39 i dag, 1. desember, med totalt <strong>1055 avbrudd rapportert<\/strong>. N\u00e6rmere bestemt<strong>86 %<\/strong> av brukerne fikk problemer med \u00e5 f\u00e5 tilgang til<strong>app<\/strong>mens 13 % ikke engang kan f\u00e5 tilgang til nettstedet.<\/p>\n<div class=\"cp_wrapper cp_wrapper--fw mb-50\">\n<figure class=\"mm\"><picture class=\"img\" style=\"padding-top:40.89709762533%\"><source  media=\"(min-width: 1024px)\"><source  media=\"(min-width: 768px)\"><img decoding=\"async\" loading=\"lazy\" src=\"https:\/\/nordnesrepublikken.no\/wp-content\/uploads\/2025\/12\/Poste-Italiane-ned-i-dag-1-desember-i-hele-Italia.jpg\" alt=\"italiensk postkontor\" width=\"1516\" height=\"620\"\/><\/source><\/source><\/picture><\/figure>\n<\/p><\/div>\n<p>Rundt klokken 11:00 gikk antallet rapporter ned og n\u00e5dde 823 rapporter: for \u00f8yeblikket er imidlertid Poste Italiane-kunder <strong>de rapporterer feil igjen<\/strong> \u2013 med en ny topp p\u00e5 987 rapporter \u2013. Under p\u00e5logging viser Poste Italiane-appen<strong> f\u00f8lgende skjerm<\/strong>:<\/p>\n<div class=\"cp_wrapper cp_wrapper--fw mb-50\">\n<figure class=\"mm\"><picture class=\"img\" style=\"padding-top:184.76764199656%\"><source  media=\"(min-width: 1024px)\"><source  media=\"(min-width: 768px)\"><img decoding=\"async\" loading=\"lazy\" src=\"https:\/\/nordnesrepublikken.no\/wp-content\/uploads\/2025\/12\/1764589878_887_Poste-Italiane-ned-i-dag-1-desember-i-hele-Italia.jpg\" alt=\"poste-italiensk-ned\" width=\"1162\" height=\"2147\" class=\"js-seedtag-img\"\/><\/source><\/source><\/picture><\/figure>\n<\/p><\/div>\n<p>P\u00e5 geografisk distribusjonsniv\u00e5 kommer rapportene fra <strong>hele Italia<\/strong>men i st\u00f8rre antall i <strong>store byer<\/strong> som Torino, Milano, Verona, Bologna, Firenze, Perugia, Roma, Napoli, Palermo og Catania.<\/p>\n<div class=\"cp_wrapper cp_wrapper--fw mb-50\">\n<figure class=\"mm\"><picture class=\"img\" style=\"padding-top:103.48652931854%\"><source  media=\"(min-width: 1024px)\"><source  media=\"(min-width: 768px)\"><img decoding=\"async\" loading=\"lazy\" src=\"https:\/\/nordnesrepublikken.no\/wp-content\/uploads\/2025\/12\/1764589878_25_Poste-Italiane-ned-i-dag-1-desember-i-hele-Italia.jpg\" alt=\"italia-rapporter-innlegg\" width=\"1262\" height=\"1306\"\/><\/source><\/source><\/picture><\/figure>\n<\/p><\/div>\n<p>\u00c5rsaken til denne feilen er enn\u00e5 ikke avklart av <strong>Poste Italiane, som ikke har gitt ut offisiell kommunikasjon<\/strong>: den siste <strong>ned<\/strong> som hadde p\u00e5virket appen, dateres tilbake til slutten av oktober, da det ble rapportert om problemer i Azure-infrastrukturen, som Poste Italiane er avhengig av.<\/p>\n<p>Artikkelen oppdateres.<\/p>\n<\/p><\/div>\n","protected":false},"excerpt":{"rendered":"<p>Brukerne av italiensk postkontor de finner funksjonsfeil i bruk av app og nettside, rett p\u00e5<\/p>\n","protected":false},"author":1,"featured_media":12318,"comment_status":"closed","ping_status":"open","sticky":false,"template":"","format":"standard","meta":{"footnotes":""},"categories":[25],"tags":[5023,568,8007,581,3372,144,187,437,6801,324,8104,43,360],"class_list":["post-12317","post","type-post","status-publish","format-standard","has-post-thumbnail","hentry","category-teknologi","tag-app","tag-dag","tag-desember","tag-fungerer","tag-hele","tag-hva","tag-ikke","tag-italia","tag-italiane","tag-ned","tag-nettside","tag-poste","tag-skjer","generate-columns","tablet-grid-50","mobile-grid-100","grid-parent","grid-33","resize-featured-image"],"yoast_head":"<!-- This site is optimized with the Yoast SEO plugin v24.4 - https:\/\/yoast.com\/wordpress\/plugins\/seo\/ -->\n<title>Poste Italiane ned i dag 1. desember i hele Italia, app og nettside fungerer ikke: hva skjer - Nordnesrepublikken<\/title>\n<meta name=\"robots\" content=\"index, follow, max-snippet:-1, max-image-preview:large, max-video-preview:-1\" \/>\n<link rel=\"canonical\" href=\"https:\/\/nordnesrepublikken.no\/index.php\/2025\/12\/01\/poste-italiane-ned-i-dag-1-desember-i-hele-italia-app-og-nettside-fungerer-ikke-hva-skjer\/\" \/>\n<meta property=\"og:locale\" content=\"nb_NO\" \/>\n<meta property=\"og:type\" content=\"article\" \/>\n<meta property=\"og:title\" content=\"Poste Italiane ned i dag 1. desember i hele Italia, app og nettside fungerer ikke: hva skjer - Nordnesrepublikken\" \/>\n<meta property=\"og:description\" content=\"Brukerne av italiensk postkontor de finner funksjonsfeil i bruk av app og nettside, rett p\u00e5\" \/>\n<meta property=\"og:url\" content=\"https:\/\/nordnesrepublikken.no\/index.php\/2025\/12\/01\/poste-italiane-ned-i-dag-1-desember-i-hele-italia-app-og-nettside-fungerer-ikke-hva-skjer\/\" \/>\n<meta property=\"og:site_name\" content=\"Nordnesrepublikken\" \/>\n<meta property=\"article:published_time\" content=\"2025-12-01T11:51:18+00:00\" \/>\n<meta property=\"article:modified_time\" content=\"2025-12-01T11:51:19+00:00\" \/>\n<meta property=\"og:image\" content=\"https:\/\/nordnesrepublikken.no\/wp-content\/uploads\/2025\/12\/1764589878_Poste-Italiane-ned-i-dag-1-desember-i-hele-Italia.jpeg\" \/>\n\t<meta property=\"og:image:width\" content=\"1200\" \/>\n\t<meta property=\"og:image:height\" content=\"745\" \/>\n\t<meta property=\"og:image:type\" content=\"image\/jpeg\" \/>\n<meta name=\"author\" content=\"Ole Andersen\" \/>\n<meta name=\"twitter:card\" content=\"summary_large_image\" \/>\n<meta name=\"twitter:label1\" content=\"Skrevet av\" \/>\n\t<meta name=\"twitter:data1\" content=\"Ole Andersen\" \/>\n\t<meta name=\"twitter:label2\" content=\"Ansl. lesetid\" \/>\n\t<meta name=\"twitter:data2\" content=\"1 minutt\" \/>\n<script type=\"application\/ld+json\" class=\"yoast-schema-graph\">{\"@context\":\"https:\/\/schema.org\",\"@graph\":[{\"@type\":\"Article\",\"@id\":\"https:\/\/nordnesrepublikken.no\/index.php\/2025\/12\/01\/poste-italiane-ned-i-dag-1-desember-i-hele-italia-app-og-nettside-fungerer-ikke-hva-skjer\/#article\",\"isPartOf\":{\"@id\":\"https:\/\/nordnesrepublikken.no\/index.php\/2025\/12\/01\/poste-italiane-ned-i-dag-1-desember-i-hele-italia-app-og-nettside-fungerer-ikke-hva-skjer\/\"},\"author\":{\"name\":\"Ole Andersen\",\"@id\":\"https:\/\/nordnesrepublikken.no\/#\/schema\/person\/2e7e81935bab77882fffb79296240ff1\"},\"headline\":\"Poste Italiane ned i dag 1. desember i hele Italia, app og nettside fungerer ikke: hva skjer\",\"datePublished\":\"2025-12-01T11:51:18+00:00\",\"dateModified\":\"2025-12-01T11:51:19+00:00\",\"mainEntityOfPage\":{\"@id\":\"https:\/\/nordnesrepublikken.no\/index.php\/2025\/12\/01\/poste-italiane-ned-i-dag-1-desember-i-hele-italia-app-og-nettside-fungerer-ikke-hva-skjer\/\"},\"wordCount\":185,\"publisher\":{\"@id\":\"https:\/\/nordnesrepublikken.no\/#organization\"},\"image\":{\"@id\":\"https:\/\/nordnesrepublikken.no\/index.php\/2025\/12\/01\/poste-italiane-ned-i-dag-1-desember-i-hele-italia-app-og-nettside-fungerer-ikke-hva-skjer\/#primaryimage\"},\"thumbnailUrl\":\"https:\/\/nordnesrepublikken.no\/wp-content\/uploads\/2025\/12\/1764589878_Poste-Italiane-ned-i-dag-1-desember-i-hele-Italia.jpeg\",\"keywords\":[\"app\",\"dag\",\"desember\",\"fungerer\",\"hele\",\"Hva\",\"ikke\",\"Italia\",\"Italiane\",\"ned\",\"nettside\",\"poste\",\"skjer\"],\"articleSection\":[\"Teknologi\"],\"inLanguage\":\"nb-NO\"},{\"@type\":\"WebPage\",\"@id\":\"https:\/\/nordnesrepublikken.no\/index.php\/2025\/12\/01\/poste-italiane-ned-i-dag-1-desember-i-hele-italia-app-og-nettside-fungerer-ikke-hva-skjer\/\",\"url\":\"https:\/\/nordnesrepublikken.no\/index.php\/2025\/12\/01\/poste-italiane-ned-i-dag-1-desember-i-hele-italia-app-og-nettside-fungerer-ikke-hva-skjer\/\",\"name\":\"Poste Italiane ned i dag 1. desember i hele Italia, app og nettside fungerer ikke: hva skjer - Nordnesrepublikken\",\"isPartOf\":{\"@id\":\"https:\/\/nordnesrepublikken.no\/#website\"},\"primaryImageOfPage\":{\"@id\":\"https:\/\/nordnesrepublikken.no\/index.php\/2025\/12\/01\/poste-italiane-ned-i-dag-1-desember-i-hele-italia-app-og-nettside-fungerer-ikke-hva-skjer\/#primaryimage\"},\"image\":{\"@id\":\"https:\/\/nordnesrepublikken.no\/index.php\/2025\/12\/01\/poste-italiane-ned-i-dag-1-desember-i-hele-italia-app-og-nettside-fungerer-ikke-hva-skjer\/#primaryimage\"},\"thumbnailUrl\":\"https:\/\/nordnesrepublikken.no\/wp-content\/uploads\/2025\/12\/1764589878_Poste-Italiane-ned-i-dag-1-desember-i-hele-Italia.jpeg\",\"datePublished\":\"2025-12-01T11:51:18+00:00\",\"dateModified\":\"2025-12-01T11:51:19+00:00\",\"breadcrumb\":{\"@id\":\"https:\/\/nordnesrepublikken.no\/index.php\/2025\/12\/01\/poste-italiane-ned-i-dag-1-desember-i-hele-italia-app-og-nettside-fungerer-ikke-hva-skjer\/#breadcrumb\"},\"inLanguage\":\"nb-NO\",\"potentialAction\":[{\"@type\":\"ReadAction\",\"target\":[\"https:\/\/nordnesrepublikken.no\/index.php\/2025\/12\/01\/poste-italiane-ned-i-dag-1-desember-i-hele-italia-app-og-nettside-fungerer-ikke-hva-skjer\/\"]}]},{\"@type\":\"ImageObject\",\"inLanguage\":\"nb-NO\",\"@id\":\"https:\/\/nordnesrepublikken.no\/index.php\/2025\/12\/01\/poste-italiane-ned-i-dag-1-desember-i-hele-italia-app-og-nettside-fungerer-ikke-hva-skjer\/#primaryimage\",\"url\":\"https:\/\/nordnesrepublikken.no\/wp-content\/uploads\/2025\/12\/1764589878_Poste-Italiane-ned-i-dag-1-desember-i-hele-Italia.jpeg\",\"contentUrl\":\"https:\/\/nordnesrepublikken.no\/wp-content\/uploads\/2025\/12\/1764589878_Poste-Italiane-ned-i-dag-1-desember-i-hele-Italia.jpeg\",\"width\":1200,\"height\":745,\"caption\":\"Immagine\"},{\"@type\":\"BreadcrumbList\",\"@id\":\"https:\/\/nordnesrepublikken.no\/index.php\/2025\/12\/01\/poste-italiane-ned-i-dag-1-desember-i-hele-italia-app-og-nettside-fungerer-ikke-hva-skjer\/#breadcrumb\",\"itemListElement\":[{\"@type\":\"ListItem\",\"position\":1,\"name\":\"Home\",\"item\":\"https:\/\/nordnesrepublikken.no\/\"},{\"@type\":\"ListItem\",\"position\":2,\"name\":\"Poste Italiane ned i dag 1. desember i hele Italia, app og nettside fungerer ikke: hva skjer\"}]},{\"@type\":\"WebSite\",\"@id\":\"https:\/\/nordnesrepublikken.no\/#website\",\"url\":\"https:\/\/nordnesrepublikken.no\/\",\"name\":\"Nordnesrepublikken\",\"description\":\"Stemmer og Visjoner fra Republikkens Hjerte\",\"publisher\":{\"@id\":\"https:\/\/nordnesrepublikken.no\/#organization\"},\"potentialAction\":[{\"@type\":\"SearchAction\",\"target\":{\"@type\":\"EntryPoint\",\"urlTemplate\":\"https:\/\/nordnesrepublikken.no\/?s={search_term_string}\"},\"query-input\":{\"@type\":\"PropertyValueSpecification\",\"valueRequired\":true,\"valueName\":\"search_term_string\"}}],\"inLanguage\":\"nb-NO\"},{\"@type\":\"Organization\",\"@id\":\"https:\/\/nordnesrepublikken.no\/#organization\",\"name\":\"Nordnesrepublikken\",\"url\":\"https:\/\/nordnesrepublikken.no\/\",\"logo\":{\"@type\":\"ImageObject\",\"inLanguage\":\"nb-NO\",\"@id\":\"https:\/\/nordnesrepublikken.no\/#\/schema\/logo\/image\/\",\"url\":\"https:\/\/nordnesrepublikken.no\/wp-content\/uploads\/2025\/02\/cropped-nordnesrepublikken-2.png\",\"contentUrl\":\"https:\/\/nordnesrepublikken.no\/wp-content\/uploads\/2025\/02\/cropped-nordnesrepublikken-2.png\",\"width\":1248,\"height\":362,\"caption\":\"Nordnesrepublikken\"},\"image\":{\"@id\":\"https:\/\/nordnesrepublikken.no\/#\/schema\/logo\/image\/\"}},{\"@type\":\"Person\",\"@id\":\"https:\/\/nordnesrepublikken.no\/#\/schema\/person\/2e7e81935bab77882fffb79296240ff1\",\"name\":\"Ole Andersen\",\"image\":{\"@type\":\"ImageObject\",\"inLanguage\":\"nb-NO\",\"@id\":\"https:\/\/nordnesrepublikken.no\/#\/schema\/person\/image\/\",\"url\":\"https:\/\/nordnesrepublikken.no\/wp-content\/uploads\/2025\/02\/nordnesrepublikken-2-2-150x150.jpg\",\"contentUrl\":\"https:\/\/nordnesrepublikken.no\/wp-content\/uploads\/2025\/02\/nordnesrepublikken-2-2-150x150.jpg\",\"caption\":\"Ole Andersen\"},\"description\":\"Ettersom jeg vokste opp i Oslo, har jeg alltid v\u00e6rt fascinert av ordenes kraft og deres evne til \u00e5 skape endringer. Etter \u00e5 ha fullf\u00f8rt min utdannelse i kommunikasjon ved Universitetet i Bergen, fikk jeg muligheten til \u00e5 jobbe innen ulike medier, der jeg har s\u00f8kt \u00e5 belyse viktige samfunnssp\u00f8rsm\u00e5l. I dag, som redakt\u00f8r for Nordnesrepublikken, pr\u00f8ver jeg \u00e5 forene min kj\u00e6rlighet for journalistikk med min lidenskap for innovasjon og eventyr.\",\"sameAs\":[\"https:\/\/nordnesrepublikken.no\/\"]}]}<\/script>\n<!-- \/ Yoast SEO plugin. -->","yoast_head_json":{"title":"Poste Italiane ned i dag 1. desember i hele Italia, app og nettside fungerer ikke: hva skjer - Nordnesrepublikken","robots":{"index":"index","follow":"follow","max-snippet":"max-snippet:-1","max-image-preview":"max-image-preview:large","max-video-preview":"max-video-preview:-1"},"canonical":"https:\/\/nordnesrepublikken.no\/index.php\/2025\/12\/01\/poste-italiane-ned-i-dag-1-desember-i-hele-italia-app-og-nettside-fungerer-ikke-hva-skjer\/","og_locale":"nb_NO","og_type":"article","og_title":"Poste Italiane ned i dag 1. desember i hele Italia, app og nettside fungerer ikke: hva skjer - Nordnesrepublikken","og_description":"Brukerne av italiensk postkontor de finner funksjonsfeil i bruk av app og nettside, rett p\u00e5","og_url":"https:\/\/nordnesrepublikken.no\/index.php\/2025\/12\/01\/poste-italiane-ned-i-dag-1-desember-i-hele-italia-app-og-nettside-fungerer-ikke-hva-skjer\/","og_site_name":"Nordnesrepublikken","article_published_time":"2025-12-01T11:51:18+00:00","article_modified_time":"2025-12-01T11:51:19+00:00","og_image":[{"width":1200,"height":745,"url":"https:\/\/nordnesrepublikken.no\/wp-content\/uploads\/2025\/12\/1764589878_Poste-Italiane-ned-i-dag-1-desember-i-hele-Italia.jpeg","type":"image\/jpeg"}],"author":"Ole Andersen","twitter_card":"summary_large_image","twitter_misc":{"Skrevet av":"Ole Andersen","Ansl. lesetid":"1 minutt"},"schema":{"@context":"https:\/\/schema.org","@graph":[{"@type":"Article","@id":"https:\/\/nordnesrepublikken.no\/index.php\/2025\/12\/01\/poste-italiane-ned-i-dag-1-desember-i-hele-italia-app-og-nettside-fungerer-ikke-hva-skjer\/#article","isPartOf":{"@id":"https:\/\/nordnesrepublikken.no\/index.php\/2025\/12\/01\/poste-italiane-ned-i-dag-1-desember-i-hele-italia-app-og-nettside-fungerer-ikke-hva-skjer\/"},"author":{"name":"Ole Andersen","@id":"https:\/\/nordnesrepublikken.no\/#\/schema\/person\/2e7e81935bab77882fffb79296240ff1"},"headline":"Poste Italiane ned i dag 1. desember i hele Italia, app og nettside fungerer ikke: hva skjer","datePublished":"2025-12-01T11:51:18+00:00","dateModified":"2025-12-01T11:51:19+00:00","mainEntityOfPage":{"@id":"https:\/\/nordnesrepublikken.no\/index.php\/2025\/12\/01\/poste-italiane-ned-i-dag-1-desember-i-hele-italia-app-og-nettside-fungerer-ikke-hva-skjer\/"},"wordCount":185,"publisher":{"@id":"https:\/\/nordnesrepublikken.no\/#organization"},"image":{"@id":"https:\/\/nordnesrepublikken.no\/index.php\/2025\/12\/01\/poste-italiane-ned-i-dag-1-desember-i-hele-italia-app-og-nettside-fungerer-ikke-hva-skjer\/#primaryimage"},"thumbnailUrl":"https:\/\/nordnesrepublikken.no\/wp-content\/uploads\/2025\/12\/1764589878_Poste-Italiane-ned-i-dag-1-desember-i-hele-Italia.jpeg","keywords":["app","dag","desember","fungerer","hele","Hva","ikke","Italia","Italiane","ned","nettside","poste","skjer"],"articleSection":["Teknologi"],"inLanguage":"nb-NO"},{"@type":"WebPage","@id":"https:\/\/nordnesrepublikken.no\/index.php\/2025\/12\/01\/poste-italiane-ned-i-dag-1-desember-i-hele-italia-app-og-nettside-fungerer-ikke-hva-skjer\/","url":"https:\/\/nordnesrepublikken.no\/index.php\/2025\/12\/01\/poste-italiane-ned-i-dag-1-desember-i-hele-italia-app-og-nettside-fungerer-ikke-hva-skjer\/","name":"Poste Italiane ned i dag 1. desember i hele Italia, app og nettside fungerer ikke: hva skjer - Nordnesrepublikken","isPartOf":{"@id":"https:\/\/nordnesrepublikken.no\/#website"},"primaryImageOfPage":{"@id":"https:\/\/nordnesrepublikken.no\/index.php\/2025\/12\/01\/poste-italiane-ned-i-dag-1-desember-i-hele-italia-app-og-nettside-fungerer-ikke-hva-skjer\/#primaryimage"},"image":{"@id":"https:\/\/nordnesrepublikken.no\/index.php\/2025\/12\/01\/poste-italiane-ned-i-dag-1-desember-i-hele-italia-app-og-nettside-fungerer-ikke-hva-skjer\/#primaryimage"},"thumbnailUrl":"https:\/\/nordnesrepublikken.no\/wp-content\/uploads\/2025\/12\/1764589878_Poste-Italiane-ned-i-dag-1-desember-i-hele-Italia.jpeg","datePublished":"2025-12-01T11:51:18+00:00","dateModified":"2025-12-01T11:51:19+00:00","breadcrumb":{"@id":"https:\/\/nordnesrepublikken.no\/index.php\/2025\/12\/01\/poste-italiane-ned-i-dag-1-desember-i-hele-italia-app-og-nettside-fungerer-ikke-hva-skjer\/#breadcrumb"},"inLanguage":"nb-NO","potentialAction":[{"@type":"ReadAction","target":["https:\/\/nordnesrepublikken.no\/index.php\/2025\/12\/01\/poste-italiane-ned-i-dag-1-desember-i-hele-italia-app-og-nettside-fungerer-ikke-hva-skjer\/"]}]},{"@type":"ImageObject","inLanguage":"nb-NO","@id":"https:\/\/nordnesrepublikken.no\/index.php\/2025\/12\/01\/poste-italiane-ned-i-dag-1-desember-i-hele-italia-app-og-nettside-fungerer-ikke-hva-skjer\/#primaryimage","url":"https:\/\/nordnesrepublikken.no\/wp-content\/uploads\/2025\/12\/1764589878_Poste-Italiane-ned-i-dag-1-desember-i-hele-Italia.jpeg","contentUrl":"https:\/\/nordnesrepublikken.no\/wp-content\/uploads\/2025\/12\/1764589878_Poste-Italiane-ned-i-dag-1-desember-i-hele-Italia.jpeg","width":1200,"height":745,"caption":"Immagine"},{"@type":"BreadcrumbList","@id":"https:\/\/nordnesrepublikken.no\/index.php\/2025\/12\/01\/poste-italiane-ned-i-dag-1-desember-i-hele-italia-app-og-nettside-fungerer-ikke-hva-skjer\/#breadcrumb","itemListElement":[{"@type":"ListItem","position":1,"name":"Home","item":"https:\/\/nordnesrepublikken.no\/"},{"@type":"ListItem","position":2,"name":"Poste Italiane ned i dag 1. desember i hele Italia, app og nettside fungerer ikke: hva skjer"}]},{"@type":"WebSite","@id":"https:\/\/nordnesrepublikken.no\/#website","url":"https:\/\/nordnesrepublikken.no\/","name":"Nordnesrepublikken","description":"Stemmer og Visjoner fra Republikkens Hjerte","publisher":{"@id":"https:\/\/nordnesrepublikken.no\/#organization"},"potentialAction":[{"@type":"SearchAction","target":{"@type":"EntryPoint","urlTemplate":"https:\/\/nordnesrepublikken.no\/?s={search_term_string}"},"query-input":{"@type":"PropertyValueSpecification","valueRequired":true,"valueName":"search_term_string"}}],"inLanguage":"nb-NO"},{"@type":"Organization","@id":"https:\/\/nordnesrepublikken.no\/#organization","name":"Nordnesrepublikken","url":"https:\/\/nordnesrepublikken.no\/","logo":{"@type":"ImageObject","inLanguage":"nb-NO","@id":"https:\/\/nordnesrepublikken.no\/#\/schema\/logo\/image\/","url":"https:\/\/nordnesrepublikken.no\/wp-content\/uploads\/2025\/02\/cropped-nordnesrepublikken-2.png","contentUrl":"https:\/\/nordnesrepublikken.no\/wp-content\/uploads\/2025\/02\/cropped-nordnesrepublikken-2.png","width":1248,"height":362,"caption":"Nordnesrepublikken"},"image":{"@id":"https:\/\/nordnesrepublikken.no\/#\/schema\/logo\/image\/"}},{"@type":"Person","@id":"https:\/\/nordnesrepublikken.no\/#\/schema\/person\/2e7e81935bab77882fffb79296240ff1","name":"Ole Andersen","image":{"@type":"ImageObject","inLanguage":"nb-NO","@id":"https:\/\/nordnesrepublikken.no\/#\/schema\/person\/image\/","url":"https:\/\/nordnesrepublikken.no\/wp-content\/uploads\/2025\/02\/nordnesrepublikken-2-2-150x150.jpg","contentUrl":"https:\/\/nordnesrepublikken.no\/wp-content\/uploads\/2025\/02\/nordnesrepublikken-2-2-150x150.jpg","caption":"Ole Andersen"},"description":"Ettersom jeg vokste opp i Oslo, har jeg alltid v\u00e6rt fascinert av ordenes kraft og deres evne til \u00e5 skape endringer. Etter \u00e5 ha fullf\u00f8rt min utdannelse i kommunikasjon ved Universitetet i Bergen, fikk jeg muligheten til \u00e5 jobbe innen ulike medier, der jeg har s\u00f8kt \u00e5 belyse viktige samfunnssp\u00f8rsm\u00e5l. I dag, som redakt\u00f8r for Nordnesrepublikken, pr\u00f8ver jeg \u00e5 forene min kj\u00e6rlighet for journalistikk med min lidenskap for innovasjon og eventyr.","sameAs":["https:\/\/nordnesrepublikken.no\/"]}]}},"_links":{"self":[{"href":"https:\/\/nordnesrepublikken.no\/index.php\/wp-json\/wp\/v2\/posts\/12317","targetHints":{"allow":["GET"]}}],"collection":[{"href":"https:\/\/nordnesrepublikken.no\/index.php\/wp-json\/wp\/v2\/posts"}],"about":[{"href":"https:\/\/nordnesrepublikken.no\/index.php\/wp-json\/wp\/v2\/types\/post"}],"author":[{"embeddable":true,"href":"https:\/\/nordnesrepublikken.no\/index.php\/wp-json\/wp\/v2\/users\/1"}],"replies":[{"embeddable":true,"href":"https:\/\/nordnesrepublikken.no\/index.php\/wp-json\/wp\/v2\/comments?post=12317"}],"version-history":[{"count":1,"href":"https:\/\/nordnesrepublikken.no\/index.php\/wp-json\/wp\/v2\/posts\/12317\/revisions"}],"predecessor-version":[{"id":12319,"href":"https:\/\/nordnesrepublikken.no\/index.php\/wp-json\/wp\/v2\/posts\/12317\/revisions\/12319"}],"wp:featuredmedia":[{"embeddable":true,"href":"https:\/\/nordnesrepublikken.no\/index.php\/wp-json\/wp\/v2\/media\/12318"}],"wp:attachment":[{"href":"https:\/\/nordnesrepublikken.no\/index.php\/wp-json\/wp\/v2\/media?parent=12317"}],"wp:term":[{"taxonomy":"category","embeddable":true,"href":"https:\/\/nordnesrepublikken.no\/index.php\/wp-json\/wp\/v2\/categories?post=12317"},{"taxonomy":"post_tag","embeddable":true,"href":"https:\/\/nordnesrepublikken.no\/index.php\/wp-json\/wp\/v2\/tags?post=12317"}],"curies":[{"name":"wp","href":"https:\/\/api.w.org\/{rel}","templated":true}]}}