{"id":12312,"date":"2025-12-01T11:12:03","date_gmt":"2025-12-01T10:12:03","guid":{"rendered":"https:\/\/nordnesrepublikken.no\/?p=12312"},"modified":"2025-12-01T11:12:04","modified_gmt":"2025-12-01T10:12:04","slug":"folg-norges-skihelter-pa-tv","status":"publish","type":"post","link":"https:\/\/nordnesrepublikken.no\/index.php\/2025\/12\/01\/folg-norges-skihelter-pa-tv\/","title":{"rendered":"F\u00f8lg Norges skihelter p\u00e5 TV"},"content":{"rendered":"\n<p>Norges tradisjon for vintersport er dypt forankret i nasjonal kultur og identitet. Enten det gjelder prestasjoner i vinter-OL, spenningen ved skiskytterkonkurranser eller kampen om \u00e6ren i verdenscupen, gir TV-dekning en enest\u00e5ende mulighet til \u00e5 oppleve \u00f8yeblikkene som fanger nasjonens hjerte. For mange er det en frihet \u00e5 kunne f\u00f8lge sine favorittidrettsut\u00f8vere p\u00e5 skjermen, og dermed bringes b\u00e5de det historiske og det nytenkende innen norsk vintersport rett inn i stuen. Detaljert dekning av hver sportsgren gj\u00f8r at publikum kan ta del i b\u00e5de triumfer og t\u00f8ffe utfordringer, noe som understreker betydningen av p\u00e5litelig og oppdatert TV-informasjon om arrangementene. Norske seere er kjent for \u00e5 v\u00e6re b\u00e5de kritiske og lidenskapelige, og de krever at dekningen leverer b\u00e5de presisjon og dybde i analysene.<\/p>\n\n\n\n<h2 class=\"wp-block-heading\">Hvordan gj\u00f8r Norge det i OL?<\/h2>\n\n\n\n<p>Prestasjonsniv\u00e5et til Norges ut\u00f8vere i vinter-OL har lenge v\u00e6rt et samtaleemne blant sportsinteresserte og samfunnskommentatorer. Det er velkjent at norsk styrke i langrenn, skihopp og andre vintergrener ikke bare er et resultat av naturlig talent, men ogs\u00e5 av m\u00e5lrettede investeringer i infrastruktur og treningsmilj\u00f8er. Med et system som kontinuerlig s\u00f8ker \u00e5 forbedre seg, er det ikke overraskende at Norge tidvis overg\u00e5r forventningene p\u00e5 den internasjonale scenen.<\/p>\n\n\n\n<p>Flere faktorer p\u00e5virker ut\u00f8vernes prestasjoner. Gjennom strategiske avtaler med TV-kanaler og streamingtjenester sikres seerne en jevn str\u00f8m av direkte sendinger og grundige analyser. Offisiell informasjon, slik som den som presenteres p\u00e5&nbsp;<a href=\"https:\/\/www.skiforbundet.no\/om\/organisasjon\/nyheter\/2025\/1\/ny-tv-avtale\/\" target=\"_blank\" rel=\"noreferrer noopener\">det offisielle nettstedet<\/a>, gir et oppdatert bilde av hvordan TV-rettighetene struktureres og sikrer at publikum f\u00e5r tilgang til sendinger av h\u00f8y kvalitet. Denne dynamikken skaper en plattform der b\u00e5de eksperter og entusiaster kan diskutere resultater, taktikker og fremtidige muligheter.<\/p>\n\n\n\n<p>Videre bidrar det \u00f8kende digitale engasjementet til at flere f\u00e5r en ny m\u00e5te \u00e5 f\u00f8lge sportsbegivenheter p\u00e5, noe som har f\u00f8rt til innovative dekningstilbud der tradisjonelle kringkastere kombineres med str\u00f8mmetjenester. En rapport fra internasjonale organisasjoner gir innsikt i hvordan seertall og digitalt engasjement har \u00f8kt under arrangementer, og illustrerer hvordan teknologien styrker interessen for OL. Denne utviklingen reflekterer ikke bare endringer i medievaner, men ogs\u00e5 en bevisst satsing p\u00e5 \u00e5 tilpasse seg et stadig mer digitalt samfunn.<\/p>\n\n\n\n<h2 class=\"wp-block-heading\">F\u00f8lg skiskytterne<\/h2>\n\n\n\n<p>Skiskyting er en egen sjanger innen vintersport som kombinerer fart, taktikk og n\u00f8yaktighet. Dette er en idrett hvor marginene er sm\u00e5, og hvor hvert skudd kan utgj\u00f8re forskjellen mellom seier og tap. For sportsentusiaster som \u00f8nsker \u00e5 f\u00e5 med seg hver spennende detalj, er det essensielt med en komplett oversikt over sendingene.<\/p>\n\n\n\n<p>Mange kan benytte seg av muligheten til \u00e5&nbsp;<a href=\"https:\/\/www.tvkampen.com\/vintersport\" target=\"_blank\" rel=\"noreferrer noopener\">f\u00f8lge all vintersport p\u00e5 TV<\/a>&nbsp;\u2013 en tjeneste som gir et samlet bilde av hva som sendes, uavhengig av om det skjer via tradisjonelle kanaler eller digitale l\u00f8sninger. Denne l\u00f8sningen gir ikke bare tilgang til direkte sendinger, men ogs\u00e5 oppdaterte programoversikter og analyser, slik at seerne er godt informert om konkurranser, startlister og eventuelle endringer i sendingstiden.<\/p>\n\n\n\n<p>Skiskytterne representerer en bro mellom tradisjon og moderne idrett, der teknologiske fremskritt har bidratt til mer interaktive og engasjerende opplevelser. Med muligheten for \u00e5 se statistikker i sanntid og f\u00e5 dyptg\u00e5ende kommentaranalyser, har b\u00e5de nye og erfarne fans f\u00e5tt et kraftig verkt\u00f8y i jakten p\u00e5 den beste seeropplevelsen. Samtidig er det verdt \u00e5 merke seg at den \u00f8kte interessen for skiskyting ogs\u00e5 har f\u00f8rt til \u00f8kt konkurranse blant kringkastere, noe som til slutt kommer publikum til gode.<\/p>\n\n\n\n<h2 class=\"wp-block-heading\">F\u00f8lg langrennsl\u00f8perne i verdenscupen<\/h2>\n\n\n\n<p>Verdenscupen i langrenn byr p\u00e5 en rekke spennende dueller og strategiske h\u00f8ydepunkter som har fengslet seere \u00e5r etter \u00e5r. Konkurransene preges av en blanding av r\u00e5 utholdenhet og taktisk finesse, noe som gj\u00f8r at hvert l\u00f8p fremst\u00e5r unikt og uforutsigbart. For \u00e5 f\u00e5 mest mulig ut av opplevelsen, er det avgj\u00f8rende med tilgang til en oversikt over hvilke kanaler og str\u00f8mmetjenester som sikrer direktesendinger og analyser.<\/p>\n\n\n\n<p>Moderne seervaner krever en helhetlig tiln\u00e6rming der man ikke bare f\u00f8lger resultatene, men ogs\u00e5 f\u00e5r innsikt i de historiske og kulturelle aspektene ved sporten. Informasjonen samlet og analysert via&nbsp;<a href=\"https:\/\/www.strim.no\/strimetips\/vintersport-pa-tv\" target=\"_blank\" rel=\"noreferrer noopener\">en oppdatert guide til TV-dekning av vintersport<\/a>&nbsp;illustrerer hvordan tradisjonelle medier og digitale l\u00f8sninger sammen gir en transparent og informativ dekning. Dette er s\u00e6rlig viktig for de som \u00f8nsker \u00e5 f\u00f8lge med p\u00e5 de stadig endrede TV-avtalene samt seerstatistikken, som tilsier at interessen for langrenn er like levende som noensinne.<\/p>\n\n\n\n<p>I tillegg til det omfattende medietilbudet, kan seerne ogs\u00e5 utforske hvordan ulike samarbeid bidrar til \u00e5 levere et komplett bilde. For de som \u00f8nsker et bredere perspektiv p\u00e5 samfunnsp\u00e5virkningen av idretten, kan det v\u00e6re nyttig \u00e5 lese artikler i kategorien\u00a0<a href=\"https:\/\/nordnesrepublikken.no\/index.php\/kategori\/samfunn\/\">samfunn<\/a>\u00a0p\u00e5 Nordnesrepublikken. Her diskuteres alt fra mediepolitikk til kulturelle endringer som p\u00e5virker den brede folkelige interessen for vintersport.<\/p>\n\n\n\n<p>N\u00e5r festlighetene og de sportslige kampene kombineres med et stadig mer komplekst medielandskap, er det tydelig at fremtiden for norsk vintersport er tett knyttet til m\u00e5ten idretten blir formidlet p\u00e5. Med strukturerte samarbeid mellom idrettsorganisasjoner, kringkastere og digitale akt\u00f8rer, legges det til rette for at hver sesong bringer nye h\u00f8ydepunkter som b\u00e5de hedrer tradisjonen og baner vei for nyskaping.<\/p>\n","protected":false},"excerpt":{"rendered":"<p>Norges tradisjon for vintersport er dypt forankret i nasjonal kultur og identitet. Enten det gjelder<\/p>\n","protected":false},"author":1,"featured_media":0,"comment_status":"closed","ping_status":"open","sticky":false,"template":"","format":"standard","meta":{"footnotes":""},"categories":[1],"tags":[],"class_list":["post-12312","post","type-post","status-publish","format-standard","hentry","category-ukategorisert","generate-columns","tablet-grid-50","mobile-grid-100","grid-parent","grid-33"],"yoast_head":"<!-- This site is optimized with the Yoast SEO plugin v24.4 - https:\/\/yoast.com\/wordpress\/plugins\/seo\/ -->\n<title>F\u00f8lg Norges skihelter p\u00e5 TV - Nordnesrepublikken<\/title>\n<meta name=\"robots\" content=\"index, follow, max-snippet:-1, max-image-preview:large, max-video-preview:-1\" \/>\n<link rel=\"canonical\" href=\"https:\/\/nordnesrepublikken.no\/index.php\/2025\/12\/01\/folg-norges-skihelter-pa-tv\/\" \/>\n<meta property=\"og:locale\" content=\"nb_NO\" \/>\n<meta property=\"og:type\" content=\"article\" \/>\n<meta property=\"og:title\" content=\"F\u00f8lg Norges skihelter p\u00e5 TV - Nordnesrepublikken\" \/>\n<meta property=\"og:description\" content=\"Norges tradisjon for vintersport er dypt forankret i nasjonal kultur og identitet. Enten det gjelder\" \/>\n<meta property=\"og:url\" content=\"https:\/\/nordnesrepublikken.no\/index.php\/2025\/12\/01\/folg-norges-skihelter-pa-tv\/\" \/>\n<meta property=\"og:site_name\" content=\"Nordnesrepublikken\" \/>\n<meta property=\"article:published_time\" content=\"2025-12-01T10:12:03+00:00\" \/>\n<meta property=\"article:modified_time\" content=\"2025-12-01T10:12:04+00:00\" \/>\n<meta property=\"og:image\" content=\"https:\/\/nordnesrepublikken.no\/wp-content\/uploads\/2025\/02\/nordnesrepublikken-2.png\" \/>\n\t<meta property=\"og:image:width\" content=\"1250\" \/>\n\t<meta property=\"og:image:height\" content=\"1250\" \/>\n\t<meta property=\"og:image:type\" content=\"image\/png\" \/>\n<meta name=\"author\" content=\"Ole Andersen\" \/>\n<meta name=\"twitter:card\" content=\"summary_large_image\" \/>\n<meta name=\"twitter:label1\" content=\"Skrevet av\" \/>\n\t<meta name=\"twitter:data1\" content=\"Ole Andersen\" \/>\n\t<meta name=\"twitter:label2\" content=\"Ansl. lesetid\" \/>\n\t<meta name=\"twitter:data2\" content=\"5 minutter\" \/>\n<script type=\"application\/ld+json\" class=\"yoast-schema-graph\">{\"@context\":\"https:\/\/schema.org\",\"@graph\":[{\"@type\":\"Article\",\"@id\":\"https:\/\/nordnesrepublikken.no\/index.php\/2025\/12\/01\/folg-norges-skihelter-pa-tv\/#article\",\"isPartOf\":{\"@id\":\"https:\/\/nordnesrepublikken.no\/index.php\/2025\/12\/01\/folg-norges-skihelter-pa-tv\/\"},\"author\":{\"name\":\"Ole Andersen\",\"@id\":\"https:\/\/nordnesrepublikken.no\/#\/schema\/person\/2e7e81935bab77882fffb79296240ff1\"},\"headline\":\"F\u00f8lg Norges skihelter p\u00e5 TV\",\"datePublished\":\"2025-12-01T10:12:03+00:00\",\"dateModified\":\"2025-12-01T10:12:04+00:00\",\"mainEntityOfPage\":{\"@id\":\"https:\/\/nordnesrepublikken.no\/index.php\/2025\/12\/01\/folg-norges-skihelter-pa-tv\/\"},\"wordCount\":861,\"publisher\":{\"@id\":\"https:\/\/nordnesrepublikken.no\/#organization\"},\"inLanguage\":\"nb-NO\"},{\"@type\":\"WebPage\",\"@id\":\"https:\/\/nordnesrepublikken.no\/index.php\/2025\/12\/01\/folg-norges-skihelter-pa-tv\/\",\"url\":\"https:\/\/nordnesrepublikken.no\/index.php\/2025\/12\/01\/folg-norges-skihelter-pa-tv\/\",\"name\":\"F\u00f8lg Norges skihelter p\u00e5 TV - Nordnesrepublikken\",\"isPartOf\":{\"@id\":\"https:\/\/nordnesrepublikken.no\/#website\"},\"datePublished\":\"2025-12-01T10:12:03+00:00\",\"dateModified\":\"2025-12-01T10:12:04+00:00\",\"breadcrumb\":{\"@id\":\"https:\/\/nordnesrepublikken.no\/index.php\/2025\/12\/01\/folg-norges-skihelter-pa-tv\/#breadcrumb\"},\"inLanguage\":\"nb-NO\",\"potentialAction\":[{\"@type\":\"ReadAction\",\"target\":[\"https:\/\/nordnesrepublikken.no\/index.php\/2025\/12\/01\/folg-norges-skihelter-pa-tv\/\"]}]},{\"@type\":\"BreadcrumbList\",\"@id\":\"https:\/\/nordnesrepublikken.no\/index.php\/2025\/12\/01\/folg-norges-skihelter-pa-tv\/#breadcrumb\",\"itemListElement\":[{\"@type\":\"ListItem\",\"position\":1,\"name\":\"Home\",\"item\":\"https:\/\/nordnesrepublikken.no\/\"},{\"@type\":\"ListItem\",\"position\":2,\"name\":\"F\u00f8lg Norges skihelter p\u00e5 TV\"}]},{\"@type\":\"WebSite\",\"@id\":\"https:\/\/nordnesrepublikken.no\/#website\",\"url\":\"https:\/\/nordnesrepublikken.no\/\",\"name\":\"Nordnesrepublikken\",\"description\":\"Stemmer og Visjoner fra Republikkens Hjerte\",\"publisher\":{\"@id\":\"https:\/\/nordnesrepublikken.no\/#organization\"},\"potentialAction\":[{\"@type\":\"SearchAction\",\"target\":{\"@type\":\"EntryPoint\",\"urlTemplate\":\"https:\/\/nordnesrepublikken.no\/?s={search_term_string}\"},\"query-input\":{\"@type\":\"PropertyValueSpecification\",\"valueRequired\":true,\"valueName\":\"search_term_string\"}}],\"inLanguage\":\"nb-NO\"},{\"@type\":\"Organization\",\"@id\":\"https:\/\/nordnesrepublikken.no\/#organization\",\"name\":\"Nordnesrepublikken\",\"url\":\"https:\/\/nordnesrepublikken.no\/\",\"logo\":{\"@type\":\"ImageObject\",\"inLanguage\":\"nb-NO\",\"@id\":\"https:\/\/nordnesrepublikken.no\/#\/schema\/logo\/image\/\",\"url\":\"https:\/\/nordnesrepublikken.no\/wp-content\/uploads\/2025\/02\/cropped-nordnesrepublikken-2.png\",\"contentUrl\":\"https:\/\/nordnesrepublikken.no\/wp-content\/uploads\/2025\/02\/cropped-nordnesrepublikken-2.png\",\"width\":1248,\"height\":362,\"caption\":\"Nordnesrepublikken\"},\"image\":{\"@id\":\"https:\/\/nordnesrepublikken.no\/#\/schema\/logo\/image\/\"}},{\"@type\":\"Person\",\"@id\":\"https:\/\/nordnesrepublikken.no\/#\/schema\/person\/2e7e81935bab77882fffb79296240ff1\",\"name\":\"Ole Andersen\",\"image\":{\"@type\":\"ImageObject\",\"inLanguage\":\"nb-NO\",\"@id\":\"https:\/\/nordnesrepublikken.no\/#\/schema\/person\/image\/\",\"url\":\"https:\/\/nordnesrepublikken.no\/wp-content\/uploads\/2025\/02\/nordnesrepublikken-2-2-150x150.jpg\",\"contentUrl\":\"https:\/\/nordnesrepublikken.no\/wp-content\/uploads\/2025\/02\/nordnesrepublikken-2-2-150x150.jpg\",\"caption\":\"Ole Andersen\"},\"description\":\"Ettersom jeg vokste opp i Oslo, har jeg alltid v\u00e6rt fascinert av ordenes kraft og deres evne til \u00e5 skape endringer. Etter \u00e5 ha fullf\u00f8rt min utdannelse i kommunikasjon ved Universitetet i Bergen, fikk jeg muligheten til \u00e5 jobbe innen ulike medier, der jeg har s\u00f8kt \u00e5 belyse viktige samfunnssp\u00f8rsm\u00e5l. I dag, som redakt\u00f8r for Nordnesrepublikken, pr\u00f8ver jeg \u00e5 forene min kj\u00e6rlighet for journalistikk med min lidenskap for innovasjon og eventyr.\",\"sameAs\":[\"https:\/\/nordnesrepublikken.no\/\"]}]}<\/script>\n<!-- \/ Yoast SEO plugin. -->","yoast_head_json":{"title":"F\u00f8lg Norges skihelter p\u00e5 TV - Nordnesrepublikken","robots":{"index":"index","follow":"follow","max-snippet":"max-snippet:-1","max-image-preview":"max-image-preview:large","max-video-preview":"max-video-preview:-1"},"canonical":"https:\/\/nordnesrepublikken.no\/index.php\/2025\/12\/01\/folg-norges-skihelter-pa-tv\/","og_locale":"nb_NO","og_type":"article","og_title":"F\u00f8lg Norges skihelter p\u00e5 TV - Nordnesrepublikken","og_description":"Norges tradisjon for vintersport er dypt forankret i nasjonal kultur og identitet. Enten det gjelder","og_url":"https:\/\/nordnesrepublikken.no\/index.php\/2025\/12\/01\/folg-norges-skihelter-pa-tv\/","og_site_name":"Nordnesrepublikken","article_published_time":"2025-12-01T10:12:03+00:00","article_modified_time":"2025-12-01T10:12:04+00:00","og_image":[{"width":1250,"height":1250,"url":"https:\/\/nordnesrepublikken.no\/wp-content\/uploads\/2025\/02\/nordnesrepublikken-2.png","type":"image\/png"}],"author":"Ole Andersen","twitter_card":"summary_large_image","twitter_misc":{"Skrevet av":"Ole Andersen","Ansl. lesetid":"5 minutter"},"schema":{"@context":"https:\/\/schema.org","@graph":[{"@type":"Article","@id":"https:\/\/nordnesrepublikken.no\/index.php\/2025\/12\/01\/folg-norges-skihelter-pa-tv\/#article","isPartOf":{"@id":"https:\/\/nordnesrepublikken.no\/index.php\/2025\/12\/01\/folg-norges-skihelter-pa-tv\/"},"author":{"name":"Ole Andersen","@id":"https:\/\/nordnesrepublikken.no\/#\/schema\/person\/2e7e81935bab77882fffb79296240ff1"},"headline":"F\u00f8lg Norges skihelter p\u00e5 TV","datePublished":"2025-12-01T10:12:03+00:00","dateModified":"2025-12-01T10:12:04+00:00","mainEntityOfPage":{"@id":"https:\/\/nordnesrepublikken.no\/index.php\/2025\/12\/01\/folg-norges-skihelter-pa-tv\/"},"wordCount":861,"publisher":{"@id":"https:\/\/nordnesrepublikken.no\/#organization"},"inLanguage":"nb-NO"},{"@type":"WebPage","@id":"https:\/\/nordnesrepublikken.no\/index.php\/2025\/12\/01\/folg-norges-skihelter-pa-tv\/","url":"https:\/\/nordnesrepublikken.no\/index.php\/2025\/12\/01\/folg-norges-skihelter-pa-tv\/","name":"F\u00f8lg Norges skihelter p\u00e5 TV - Nordnesrepublikken","isPartOf":{"@id":"https:\/\/nordnesrepublikken.no\/#website"},"datePublished":"2025-12-01T10:12:03+00:00","dateModified":"2025-12-01T10:12:04+00:00","breadcrumb":{"@id":"https:\/\/nordnesrepublikken.no\/index.php\/2025\/12\/01\/folg-norges-skihelter-pa-tv\/#breadcrumb"},"inLanguage":"nb-NO","potentialAction":[{"@type":"ReadAction","target":["https:\/\/nordnesrepublikken.no\/index.php\/2025\/12\/01\/folg-norges-skihelter-pa-tv\/"]}]},{"@type":"BreadcrumbList","@id":"https:\/\/nordnesrepublikken.no\/index.php\/2025\/12\/01\/folg-norges-skihelter-pa-tv\/#breadcrumb","itemListElement":[{"@type":"ListItem","position":1,"name":"Home","item":"https:\/\/nordnesrepublikken.no\/"},{"@type":"ListItem","position":2,"name":"F\u00f8lg Norges skihelter p\u00e5 TV"}]},{"@type":"WebSite","@id":"https:\/\/nordnesrepublikken.no\/#website","url":"https:\/\/nordnesrepublikken.no\/","name":"Nordnesrepublikken","description":"Stemmer og Visjoner fra Republikkens Hjerte","publisher":{"@id":"https:\/\/nordnesrepublikken.no\/#organization"},"potentialAction":[{"@type":"SearchAction","target":{"@type":"EntryPoint","urlTemplate":"https:\/\/nordnesrepublikken.no\/?s={search_term_string}"},"query-input":{"@type":"PropertyValueSpecification","valueRequired":true,"valueName":"search_term_string"}}],"inLanguage":"nb-NO"},{"@type":"Organization","@id":"https:\/\/nordnesrepublikken.no\/#organization","name":"Nordnesrepublikken","url":"https:\/\/nordnesrepublikken.no\/","logo":{"@type":"ImageObject","inLanguage":"nb-NO","@id":"https:\/\/nordnesrepublikken.no\/#\/schema\/logo\/image\/","url":"https:\/\/nordnesrepublikken.no\/wp-content\/uploads\/2025\/02\/cropped-nordnesrepublikken-2.png","contentUrl":"https:\/\/nordnesrepublikken.no\/wp-content\/uploads\/2025\/02\/cropped-nordnesrepublikken-2.png","width":1248,"height":362,"caption":"Nordnesrepublikken"},"image":{"@id":"https:\/\/nordnesrepublikken.no\/#\/schema\/logo\/image\/"}},{"@type":"Person","@id":"https:\/\/nordnesrepublikken.no\/#\/schema\/person\/2e7e81935bab77882fffb79296240ff1","name":"Ole Andersen","image":{"@type":"ImageObject","inLanguage":"nb-NO","@id":"https:\/\/nordnesrepublikken.no\/#\/schema\/person\/image\/","url":"https:\/\/nordnesrepublikken.no\/wp-content\/uploads\/2025\/02\/nordnesrepublikken-2-2-150x150.jpg","contentUrl":"https:\/\/nordnesrepublikken.no\/wp-content\/uploads\/2025\/02\/nordnesrepublikken-2-2-150x150.jpg","caption":"Ole Andersen"},"description":"Ettersom jeg vokste opp i Oslo, har jeg alltid v\u00e6rt fascinert av ordenes kraft og deres evne til \u00e5 skape endringer. Etter \u00e5 ha fullf\u00f8rt min utdannelse i kommunikasjon ved Universitetet i Bergen, fikk jeg muligheten til \u00e5 jobbe innen ulike medier, der jeg har s\u00f8kt \u00e5 belyse viktige samfunnssp\u00f8rsm\u00e5l. I dag, som redakt\u00f8r for Nordnesrepublikken, pr\u00f8ver jeg \u00e5 forene min kj\u00e6rlighet for journalistikk med min lidenskap for innovasjon og eventyr.","sameAs":["https:\/\/nordnesrepublikken.no\/"]}]}},"_links":{"self":[{"href":"https:\/\/nordnesrepublikken.no\/index.php\/wp-json\/wp\/v2\/posts\/12312","targetHints":{"allow":["GET"]}}],"collection":[{"href":"https:\/\/nordnesrepublikken.no\/index.php\/wp-json\/wp\/v2\/posts"}],"about":[{"href":"https:\/\/nordnesrepublikken.no\/index.php\/wp-json\/wp\/v2\/types\/post"}],"author":[{"embeddable":true,"href":"https:\/\/nordnesrepublikken.no\/index.php\/wp-json\/wp\/v2\/users\/1"}],"replies":[{"embeddable":true,"href":"https:\/\/nordnesrepublikken.no\/index.php\/wp-json\/wp\/v2\/comments?post=12312"}],"version-history":[{"count":1,"href":"https:\/\/nordnesrepublikken.no\/index.php\/wp-json\/wp\/v2\/posts\/12312\/revisions"}],"predecessor-version":[{"id":12313,"href":"https:\/\/nordnesrepublikken.no\/index.php\/wp-json\/wp\/v2\/posts\/12312\/revisions\/12313"}],"wp:attachment":[{"href":"https:\/\/nordnesrepublikken.no\/index.php\/wp-json\/wp\/v2\/media?parent=12312"}],"wp:term":[{"taxonomy":"category","embeddable":true,"href":"https:\/\/nordnesrepublikken.no\/index.php\/wp-json\/wp\/v2\/categories?post=12312"},{"taxonomy":"post_tag","embeddable":true,"href":"https:\/\/nordnesrepublikken.no\/index.php\/wp-json\/wp\/v2\/tags?post=12312"}],"curies":[{"name":"wp","href":"https:\/\/api.w.org\/{rel}","templated":true}]}}