{"id":12309,"date":"2025-12-01T10:50:39","date_gmt":"2025-12-01T09:50:39","guid":{"rendered":"https:\/\/nordnesrepublikken.no\/index.php\/2025\/12\/01\/marbella-oker-sikkerheten-med-370-offiserer-for-spesielle-juleoperasjoner\/"},"modified":"2025-12-01T10:50:40","modified_gmt":"2025-12-01T09:50:40","slug":"marbella-oker-sikkerheten-med-370-offiserer-for-spesielle-juleoperasjoner","status":"publish","type":"post","link":"https:\/\/nordnesrepublikken.no\/index.php\/2025\/12\/01\/marbella-oker-sikkerheten-med-370-offiserer-for-spesielle-juleoperasjoner\/","title":{"rendered":"Marbella \u00f8ker sikkerheten med 370 offiserer for spesielle juleoperasjoner"},"content":{"rendered":"<p><\/p>\n<div class=\"wordpress-content\">\n                    <!-- Article Start --><\/p>\n<p>Marbella gj\u00f8r seg klar for en h\u00f8ytid full av lys, musikk, feiringer og en stor sikkerhetsoperasjon. R\u00e5dhuset har annonsert at cirka 370 tjenestemenn fra lokalt politi, nasjonalt politi, brannmenn og sivilbeskyttelse vil bli satt inn for \u00e5 sikre at alle arrangementer g\u00e5r trygt og greit.<\/p>\n<h2>Forbedret sikkerhet for en trygg og festlig jul<\/h2>\n<p>Spesialoperasjonen vil dekke byens omfattende juleprogram, som inkluderer parader, konserter, tradisjonelle zambombas og den ikoniske Three Kings&#8217; parade, over Marbella by, San Pedro Alc\u00e1ntara, Las Chapas og Nueva Andaluc\u00eda. If\u00f8lge kommunal talsperson Miguel \u00c1ngel Ben\u00edtez, gj\u00f8r det store antallet arrangementer p\u00e5 forskjellige steder festsesongen &laquo;spesielt lang&raquo; og krever &laquo;en betydelig operativ innsats.&raquo;<\/p>\n<p>Blant tiltakene som er p\u00e5 plass er veistenginger for sentrale hendelser for \u00e5 sikre sikkerhet og jevn trafikkavvikling. R\u00e5dhuset har oppfordret innbyggere og bes\u00f8kende til \u00e5 v\u00e6re oppmerksomme og ansvarlige, og r\u00e5det dem til \u00e5 sjekke den kommunale nettsiden og sosiale mediekanaler for oppdatert informasjon om arrangementsplaner og trafikkforstyrrelser. Samordnet innsats mellom politi, brannvesen og samfunnssikkerhet vil v\u00e6re avgj\u00f8rende for \u00e5 opprettholde et trygt og ryddig milj\u00f8 gjennom hele h\u00f8ytiden.<\/p>\n<div class=\"sra_unit\"><link rel=\"stylesheet\" id=\"block-sra\" href=\"https:\/\/euroweeklynews.com\/wp-content\/plugins\/snack-related-articles\/dist\/css\/snack-related.min.css?250312-193541\" type=\"text\/css\" media=\"all\">\n<\/div>\n<p>Takket v\u00e6re den ekstra sikkerheten i \u00e5r g\u00e5r Marbella inn i desember, klar for \u00e5 gj\u00f8re julen morsom, livlig og, viktigst av alt, trygg for alle. H\u00e5pet er at lokalbefolkningen og bes\u00f8kende kan slappe av og nyte alle festene, paradene og konsertene, og holde byens feststemning i live og bekymringsfri.<\/p>\n<h2>Marbella avduker et tettpakket julearrangementsprogram<\/h2>\n<p>\u00c5rets sikkerhetsplaner kommer n\u00e5r Marbella offisielt startet sitt juleprogram, med mer enn 120 gratis arrangementer for alle aldre i hele desember og begynnelsen av januar. Timeplanen tilbyr en rekke familievennlige aktiviteter p\u00e5 tvers av Marbella, San Pedro Alc\u00e1ntara, Las Chapas og Nueva Andaluc\u00eda.<\/p>\n<p>Fullstendige detaljer og den fullstendige agendaen finner du p\u00e5 Ayuntamiento de Marbellas offisielle nettsted.<\/p>\n<p>                    <!-- Originally published at https:\/\/euroweeklynews.com\/2025\/12\/01\/marbella-boosts-security-with-370-officers-for-special-christmas-operations\/ on 01 Dec 2025 at 10:16 by Donna Neely --><br \/>\n                    <!-- Article End -->\n                <\/div>\n","protected":false},"excerpt":{"rendered":"<p>Marbella gj\u00f8r seg klar for en h\u00f8ytid full av lys, musikk, feiringer og en stor<\/p>\n","protected":false},"author":1,"featured_media":12310,"comment_status":"closed","ping_status":"open","sticky":false,"template":"","format":"standard","meta":{"footnotes":""},"categories":[105],"tags":[8100,3770,79,8099,313,8098,2894],"class_list":["post-12309","post","type-post","status-publish","format-standard","has-post-thumbnail","hentry","category-livsstil","tag-juleoperasjoner","tag-marbella","tag-med","tag-offiserer","tag-oker","tag-sikkerheten","tag-spesielle","generate-columns","tablet-grid-50","mobile-grid-100","grid-parent","grid-33","resize-featured-image"],"yoast_head":"<!-- This site is optimized with the Yoast SEO plugin v24.4 - https:\/\/yoast.com\/wordpress\/plugins\/seo\/ -->\n<title>Marbella \u00f8ker sikkerheten med 370 offiserer for spesielle juleoperasjoner - Nordnesrepublikken<\/title>\n<meta name=\"robots\" content=\"index, follow, max-snippet:-1, max-image-preview:large, max-video-preview:-1\" \/>\n<link rel=\"canonical\" href=\"https:\/\/nordnesrepublikken.no\/index.php\/2025\/12\/01\/marbella-oker-sikkerheten-med-370-offiserer-for-spesielle-juleoperasjoner\/\" \/>\n<meta property=\"og:locale\" content=\"nb_NO\" \/>\n<meta property=\"og:type\" content=\"article\" \/>\n<meta property=\"og:title\" content=\"Marbella \u00f8ker sikkerheten med 370 offiserer for spesielle juleoperasjoner - Nordnesrepublikken\" \/>\n<meta property=\"og:description\" content=\"Marbella gj\u00f8r seg klar for en h\u00f8ytid full av lys, musikk, feiringer og en stor\" \/>\n<meta property=\"og:url\" content=\"https:\/\/nordnesrepublikken.no\/index.php\/2025\/12\/01\/marbella-oker-sikkerheten-med-370-offiserer-for-spesielle-juleoperasjoner\/\" \/>\n<meta property=\"og:site_name\" content=\"Nordnesrepublikken\" \/>\n<meta property=\"article:published_time\" content=\"2025-12-01T09:50:39+00:00\" \/>\n<meta property=\"article:modified_time\" content=\"2025-12-01T09:50:40+00:00\" \/>\n<meta property=\"og:image\" content=\"https:\/\/nordnesrepublikken.no\/wp-content\/uploads\/2025\/12\/1764582640_Marbella-oker-sikkerheten-med-370-offiserer-for-spesielle-juleoperasjoner.jpg\" \/>\n\t<meta property=\"og:image:width\" content=\"1200\" \/>\n\t<meta property=\"og:image:height\" content=\"799\" \/>\n\t<meta property=\"og:image:type\" content=\"image\/jpeg\" \/>\n<meta name=\"author\" content=\"Ole Andersen\" \/>\n<meta name=\"twitter:card\" content=\"summary_large_image\" \/>\n<meta name=\"twitter:label1\" content=\"Skrevet av\" \/>\n\t<meta name=\"twitter:data1\" content=\"Ole Andersen\" \/>\n\t<meta name=\"twitter:label2\" content=\"Ansl. lesetid\" \/>\n\t<meta name=\"twitter:data2\" content=\"2 minutter\" \/>\n<script type=\"application\/ld+json\" class=\"yoast-schema-graph\">{\"@context\":\"https:\/\/schema.org\",\"@graph\":[{\"@type\":\"Article\",\"@id\":\"https:\/\/nordnesrepublikken.no\/index.php\/2025\/12\/01\/marbella-oker-sikkerheten-med-370-offiserer-for-spesielle-juleoperasjoner\/#article\",\"isPartOf\":{\"@id\":\"https:\/\/nordnesrepublikken.no\/index.php\/2025\/12\/01\/marbella-oker-sikkerheten-med-370-offiserer-for-spesielle-juleoperasjoner\/\"},\"author\":{\"name\":\"Ole Andersen\",\"@id\":\"https:\/\/nordnesrepublikken.no\/#\/schema\/person\/2e7e81935bab77882fffb79296240ff1\"},\"headline\":\"Marbella \u00f8ker sikkerheten med 370 offiserer for spesielle juleoperasjoner\",\"datePublished\":\"2025-12-01T09:50:39+00:00\",\"dateModified\":\"2025-12-01T09:50:40+00:00\",\"mainEntityOfPage\":{\"@id\":\"https:\/\/nordnesrepublikken.no\/index.php\/2025\/12\/01\/marbella-oker-sikkerheten-med-370-offiserer-for-spesielle-juleoperasjoner\/\"},\"wordCount\":311,\"publisher\":{\"@id\":\"https:\/\/nordnesrepublikken.no\/#organization\"},\"image\":{\"@id\":\"https:\/\/nordnesrepublikken.no\/index.php\/2025\/12\/01\/marbella-oker-sikkerheten-med-370-offiserer-for-spesielle-juleoperasjoner\/#primaryimage\"},\"thumbnailUrl\":\"https:\/\/nordnesrepublikken.no\/wp-content\/uploads\/2025\/12\/1764582640_Marbella-oker-sikkerheten-med-370-offiserer-for-spesielle-juleoperasjoner.jpg\",\"keywords\":[\"juleoperasjoner\",\"Marbella\",\"med\",\"offiserer\",\"\u00f8ker\",\"sikkerheten\",\"spesielle\"],\"articleSection\":[\"Livsstil\"],\"inLanguage\":\"nb-NO\"},{\"@type\":\"WebPage\",\"@id\":\"https:\/\/nordnesrepublikken.no\/index.php\/2025\/12\/01\/marbella-oker-sikkerheten-med-370-offiserer-for-spesielle-juleoperasjoner\/\",\"url\":\"https:\/\/nordnesrepublikken.no\/index.php\/2025\/12\/01\/marbella-oker-sikkerheten-med-370-offiserer-for-spesielle-juleoperasjoner\/\",\"name\":\"Marbella \u00f8ker sikkerheten med 370 offiserer for spesielle juleoperasjoner - Nordnesrepublikken\",\"isPartOf\":{\"@id\":\"https:\/\/nordnesrepublikken.no\/#website\"},\"primaryImageOfPage\":{\"@id\":\"https:\/\/nordnesrepublikken.no\/index.php\/2025\/12\/01\/marbella-oker-sikkerheten-med-370-offiserer-for-spesielle-juleoperasjoner\/#primaryimage\"},\"image\":{\"@id\":\"https:\/\/nordnesrepublikken.no\/index.php\/2025\/12\/01\/marbella-oker-sikkerheten-med-370-offiserer-for-spesielle-juleoperasjoner\/#primaryimage\"},\"thumbnailUrl\":\"https:\/\/nordnesrepublikken.no\/wp-content\/uploads\/2025\/12\/1764582640_Marbella-oker-sikkerheten-med-370-offiserer-for-spesielle-juleoperasjoner.jpg\",\"datePublished\":\"2025-12-01T09:50:39+00:00\",\"dateModified\":\"2025-12-01T09:50:40+00:00\",\"breadcrumb\":{\"@id\":\"https:\/\/nordnesrepublikken.no\/index.php\/2025\/12\/01\/marbella-oker-sikkerheten-med-370-offiserer-for-spesielle-juleoperasjoner\/#breadcrumb\"},\"inLanguage\":\"nb-NO\",\"potentialAction\":[{\"@type\":\"ReadAction\",\"target\":[\"https:\/\/nordnesrepublikken.no\/index.php\/2025\/12\/01\/marbella-oker-sikkerheten-med-370-offiserer-for-spesielle-juleoperasjoner\/\"]}]},{\"@type\":\"ImageObject\",\"inLanguage\":\"nb-NO\",\"@id\":\"https:\/\/nordnesrepublikken.no\/index.php\/2025\/12\/01\/marbella-oker-sikkerheten-med-370-offiserer-for-spesielle-juleoperasjoner\/#primaryimage\",\"url\":\"https:\/\/nordnesrepublikken.no\/wp-content\/uploads\/2025\/12\/1764582640_Marbella-oker-sikkerheten-med-370-offiserer-for-spesielle-juleoperasjoner.jpg\",\"contentUrl\":\"https:\/\/nordnesrepublikken.no\/wp-content\/uploads\/2025\/12\/1764582640_Marbella-oker-sikkerheten-med-370-offiserer-for-spesielle-juleoperasjoner.jpg\",\"width\":1200,\"height\":799,\"caption\":\"Marbella \u00f8ker sikkerheten med 370 offiserer for spesielle juleoperasjoner\"},{\"@type\":\"BreadcrumbList\",\"@id\":\"https:\/\/nordnesrepublikken.no\/index.php\/2025\/12\/01\/marbella-oker-sikkerheten-med-370-offiserer-for-spesielle-juleoperasjoner\/#breadcrumb\",\"itemListElement\":[{\"@type\":\"ListItem\",\"position\":1,\"name\":\"Home\",\"item\":\"https:\/\/nordnesrepublikken.no\/\"},{\"@type\":\"ListItem\",\"position\":2,\"name\":\"Marbella \u00f8ker sikkerheten med 370 offiserer for spesielle juleoperasjoner\"}]},{\"@type\":\"WebSite\",\"@id\":\"https:\/\/nordnesrepublikken.no\/#website\",\"url\":\"https:\/\/nordnesrepublikken.no\/\",\"name\":\"Nordnesrepublikken\",\"description\":\"Stemmer og Visjoner fra Republikkens Hjerte\",\"publisher\":{\"@id\":\"https:\/\/nordnesrepublikken.no\/#organization\"},\"potentialAction\":[{\"@type\":\"SearchAction\",\"target\":{\"@type\":\"EntryPoint\",\"urlTemplate\":\"https:\/\/nordnesrepublikken.no\/?s={search_term_string}\"},\"query-input\":{\"@type\":\"PropertyValueSpecification\",\"valueRequired\":true,\"valueName\":\"search_term_string\"}}],\"inLanguage\":\"nb-NO\"},{\"@type\":\"Organization\",\"@id\":\"https:\/\/nordnesrepublikken.no\/#organization\",\"name\":\"Nordnesrepublikken\",\"url\":\"https:\/\/nordnesrepublikken.no\/\",\"logo\":{\"@type\":\"ImageObject\",\"inLanguage\":\"nb-NO\",\"@id\":\"https:\/\/nordnesrepublikken.no\/#\/schema\/logo\/image\/\",\"url\":\"https:\/\/nordnesrepublikken.no\/wp-content\/uploads\/2025\/02\/cropped-nordnesrepublikken-2.png\",\"contentUrl\":\"https:\/\/nordnesrepublikken.no\/wp-content\/uploads\/2025\/02\/cropped-nordnesrepublikken-2.png\",\"width\":1248,\"height\":362,\"caption\":\"Nordnesrepublikken\"},\"image\":{\"@id\":\"https:\/\/nordnesrepublikken.no\/#\/schema\/logo\/image\/\"}},{\"@type\":\"Person\",\"@id\":\"https:\/\/nordnesrepublikken.no\/#\/schema\/person\/2e7e81935bab77882fffb79296240ff1\",\"name\":\"Ole Andersen\",\"image\":{\"@type\":\"ImageObject\",\"inLanguage\":\"nb-NO\",\"@id\":\"https:\/\/nordnesrepublikken.no\/#\/schema\/person\/image\/\",\"url\":\"https:\/\/nordnesrepublikken.no\/wp-content\/uploads\/2025\/02\/nordnesrepublikken-2-2-150x150.jpg\",\"contentUrl\":\"https:\/\/nordnesrepublikken.no\/wp-content\/uploads\/2025\/02\/nordnesrepublikken-2-2-150x150.jpg\",\"caption\":\"Ole Andersen\"},\"description\":\"Ettersom jeg vokste opp i Oslo, har jeg alltid v\u00e6rt fascinert av ordenes kraft og deres evne til \u00e5 skape endringer. Etter \u00e5 ha fullf\u00f8rt min utdannelse i kommunikasjon ved Universitetet i Bergen, fikk jeg muligheten til \u00e5 jobbe innen ulike medier, der jeg har s\u00f8kt \u00e5 belyse viktige samfunnssp\u00f8rsm\u00e5l. I dag, som redakt\u00f8r for Nordnesrepublikken, pr\u00f8ver jeg \u00e5 forene min kj\u00e6rlighet for journalistikk med min lidenskap for innovasjon og eventyr.\",\"sameAs\":[\"https:\/\/nordnesrepublikken.no\/\"]}]}<\/script>\n<!-- \/ Yoast SEO plugin. -->","yoast_head_json":{"title":"Marbella \u00f8ker sikkerheten med 370 offiserer for spesielle juleoperasjoner - Nordnesrepublikken","robots":{"index":"index","follow":"follow","max-snippet":"max-snippet:-1","max-image-preview":"max-image-preview:large","max-video-preview":"max-video-preview:-1"},"canonical":"https:\/\/nordnesrepublikken.no\/index.php\/2025\/12\/01\/marbella-oker-sikkerheten-med-370-offiserer-for-spesielle-juleoperasjoner\/","og_locale":"nb_NO","og_type":"article","og_title":"Marbella \u00f8ker sikkerheten med 370 offiserer for spesielle juleoperasjoner - Nordnesrepublikken","og_description":"Marbella gj\u00f8r seg klar for en h\u00f8ytid full av lys, musikk, feiringer og en stor","og_url":"https:\/\/nordnesrepublikken.no\/index.php\/2025\/12\/01\/marbella-oker-sikkerheten-med-370-offiserer-for-spesielle-juleoperasjoner\/","og_site_name":"Nordnesrepublikken","article_published_time":"2025-12-01T09:50:39+00:00","article_modified_time":"2025-12-01T09:50:40+00:00","og_image":[{"width":1200,"height":799,"url":"https:\/\/nordnesrepublikken.no\/wp-content\/uploads\/2025\/12\/1764582640_Marbella-oker-sikkerheten-med-370-offiserer-for-spesielle-juleoperasjoner.jpg","type":"image\/jpeg"}],"author":"Ole Andersen","twitter_card":"summary_large_image","twitter_misc":{"Skrevet av":"Ole Andersen","Ansl. lesetid":"2 minutter"},"schema":{"@context":"https:\/\/schema.org","@graph":[{"@type":"Article","@id":"https:\/\/nordnesrepublikken.no\/index.php\/2025\/12\/01\/marbella-oker-sikkerheten-med-370-offiserer-for-spesielle-juleoperasjoner\/#article","isPartOf":{"@id":"https:\/\/nordnesrepublikken.no\/index.php\/2025\/12\/01\/marbella-oker-sikkerheten-med-370-offiserer-for-spesielle-juleoperasjoner\/"},"author":{"name":"Ole Andersen","@id":"https:\/\/nordnesrepublikken.no\/#\/schema\/person\/2e7e81935bab77882fffb79296240ff1"},"headline":"Marbella \u00f8ker sikkerheten med 370 offiserer for spesielle juleoperasjoner","datePublished":"2025-12-01T09:50:39+00:00","dateModified":"2025-12-01T09:50:40+00:00","mainEntityOfPage":{"@id":"https:\/\/nordnesrepublikken.no\/index.php\/2025\/12\/01\/marbella-oker-sikkerheten-med-370-offiserer-for-spesielle-juleoperasjoner\/"},"wordCount":311,"publisher":{"@id":"https:\/\/nordnesrepublikken.no\/#organization"},"image":{"@id":"https:\/\/nordnesrepublikken.no\/index.php\/2025\/12\/01\/marbella-oker-sikkerheten-med-370-offiserer-for-spesielle-juleoperasjoner\/#primaryimage"},"thumbnailUrl":"https:\/\/nordnesrepublikken.no\/wp-content\/uploads\/2025\/12\/1764582640_Marbella-oker-sikkerheten-med-370-offiserer-for-spesielle-juleoperasjoner.jpg","keywords":["juleoperasjoner","Marbella","med","offiserer","\u00f8ker","sikkerheten","spesielle"],"articleSection":["Livsstil"],"inLanguage":"nb-NO"},{"@type":"WebPage","@id":"https:\/\/nordnesrepublikken.no\/index.php\/2025\/12\/01\/marbella-oker-sikkerheten-med-370-offiserer-for-spesielle-juleoperasjoner\/","url":"https:\/\/nordnesrepublikken.no\/index.php\/2025\/12\/01\/marbella-oker-sikkerheten-med-370-offiserer-for-spesielle-juleoperasjoner\/","name":"Marbella \u00f8ker sikkerheten med 370 offiserer for spesielle juleoperasjoner - Nordnesrepublikken","isPartOf":{"@id":"https:\/\/nordnesrepublikken.no\/#website"},"primaryImageOfPage":{"@id":"https:\/\/nordnesrepublikken.no\/index.php\/2025\/12\/01\/marbella-oker-sikkerheten-med-370-offiserer-for-spesielle-juleoperasjoner\/#primaryimage"},"image":{"@id":"https:\/\/nordnesrepublikken.no\/index.php\/2025\/12\/01\/marbella-oker-sikkerheten-med-370-offiserer-for-spesielle-juleoperasjoner\/#primaryimage"},"thumbnailUrl":"https:\/\/nordnesrepublikken.no\/wp-content\/uploads\/2025\/12\/1764582640_Marbella-oker-sikkerheten-med-370-offiserer-for-spesielle-juleoperasjoner.jpg","datePublished":"2025-12-01T09:50:39+00:00","dateModified":"2025-12-01T09:50:40+00:00","breadcrumb":{"@id":"https:\/\/nordnesrepublikken.no\/index.php\/2025\/12\/01\/marbella-oker-sikkerheten-med-370-offiserer-for-spesielle-juleoperasjoner\/#breadcrumb"},"inLanguage":"nb-NO","potentialAction":[{"@type":"ReadAction","target":["https:\/\/nordnesrepublikken.no\/index.php\/2025\/12\/01\/marbella-oker-sikkerheten-med-370-offiserer-for-spesielle-juleoperasjoner\/"]}]},{"@type":"ImageObject","inLanguage":"nb-NO","@id":"https:\/\/nordnesrepublikken.no\/index.php\/2025\/12\/01\/marbella-oker-sikkerheten-med-370-offiserer-for-spesielle-juleoperasjoner\/#primaryimage","url":"https:\/\/nordnesrepublikken.no\/wp-content\/uploads\/2025\/12\/1764582640_Marbella-oker-sikkerheten-med-370-offiserer-for-spesielle-juleoperasjoner.jpg","contentUrl":"https:\/\/nordnesrepublikken.no\/wp-content\/uploads\/2025\/12\/1764582640_Marbella-oker-sikkerheten-med-370-offiserer-for-spesielle-juleoperasjoner.jpg","width":1200,"height":799,"caption":"Marbella \u00f8ker sikkerheten med 370 offiserer for spesielle juleoperasjoner"},{"@type":"BreadcrumbList","@id":"https:\/\/nordnesrepublikken.no\/index.php\/2025\/12\/01\/marbella-oker-sikkerheten-med-370-offiserer-for-spesielle-juleoperasjoner\/#breadcrumb","itemListElement":[{"@type":"ListItem","position":1,"name":"Home","item":"https:\/\/nordnesrepublikken.no\/"},{"@type":"ListItem","position":2,"name":"Marbella \u00f8ker sikkerheten med 370 offiserer for spesielle juleoperasjoner"}]},{"@type":"WebSite","@id":"https:\/\/nordnesrepublikken.no\/#website","url":"https:\/\/nordnesrepublikken.no\/","name":"Nordnesrepublikken","description":"Stemmer og Visjoner fra Republikkens Hjerte","publisher":{"@id":"https:\/\/nordnesrepublikken.no\/#organization"},"potentialAction":[{"@type":"SearchAction","target":{"@type":"EntryPoint","urlTemplate":"https:\/\/nordnesrepublikken.no\/?s={search_term_string}"},"query-input":{"@type":"PropertyValueSpecification","valueRequired":true,"valueName":"search_term_string"}}],"inLanguage":"nb-NO"},{"@type":"Organization","@id":"https:\/\/nordnesrepublikken.no\/#organization","name":"Nordnesrepublikken","url":"https:\/\/nordnesrepublikken.no\/","logo":{"@type":"ImageObject","inLanguage":"nb-NO","@id":"https:\/\/nordnesrepublikken.no\/#\/schema\/logo\/image\/","url":"https:\/\/nordnesrepublikken.no\/wp-content\/uploads\/2025\/02\/cropped-nordnesrepublikken-2.png","contentUrl":"https:\/\/nordnesrepublikken.no\/wp-content\/uploads\/2025\/02\/cropped-nordnesrepublikken-2.png","width":1248,"height":362,"caption":"Nordnesrepublikken"},"image":{"@id":"https:\/\/nordnesrepublikken.no\/#\/schema\/logo\/image\/"}},{"@type":"Person","@id":"https:\/\/nordnesrepublikken.no\/#\/schema\/person\/2e7e81935bab77882fffb79296240ff1","name":"Ole Andersen","image":{"@type":"ImageObject","inLanguage":"nb-NO","@id":"https:\/\/nordnesrepublikken.no\/#\/schema\/person\/image\/","url":"https:\/\/nordnesrepublikken.no\/wp-content\/uploads\/2025\/02\/nordnesrepublikken-2-2-150x150.jpg","contentUrl":"https:\/\/nordnesrepublikken.no\/wp-content\/uploads\/2025\/02\/nordnesrepublikken-2-2-150x150.jpg","caption":"Ole Andersen"},"description":"Ettersom jeg vokste opp i Oslo, har jeg alltid v\u00e6rt fascinert av ordenes kraft og deres evne til \u00e5 skape endringer. Etter \u00e5 ha fullf\u00f8rt min utdannelse i kommunikasjon ved Universitetet i Bergen, fikk jeg muligheten til \u00e5 jobbe innen ulike medier, der jeg har s\u00f8kt \u00e5 belyse viktige samfunnssp\u00f8rsm\u00e5l. I dag, som redakt\u00f8r for Nordnesrepublikken, pr\u00f8ver jeg \u00e5 forene min kj\u00e6rlighet for journalistikk med min lidenskap for innovasjon og eventyr.","sameAs":["https:\/\/nordnesrepublikken.no\/"]}]}},"_links":{"self":[{"href":"https:\/\/nordnesrepublikken.no\/index.php\/wp-json\/wp\/v2\/posts\/12309","targetHints":{"allow":["GET"]}}],"collection":[{"href":"https:\/\/nordnesrepublikken.no\/index.php\/wp-json\/wp\/v2\/posts"}],"about":[{"href":"https:\/\/nordnesrepublikken.no\/index.php\/wp-json\/wp\/v2\/types\/post"}],"author":[{"embeddable":true,"href":"https:\/\/nordnesrepublikken.no\/index.php\/wp-json\/wp\/v2\/users\/1"}],"replies":[{"embeddable":true,"href":"https:\/\/nordnesrepublikken.no\/index.php\/wp-json\/wp\/v2\/comments?post=12309"}],"version-history":[{"count":1,"href":"https:\/\/nordnesrepublikken.no\/index.php\/wp-json\/wp\/v2\/posts\/12309\/revisions"}],"predecessor-version":[{"id":12311,"href":"https:\/\/nordnesrepublikken.no\/index.php\/wp-json\/wp\/v2\/posts\/12309\/revisions\/12311"}],"wp:featuredmedia":[{"embeddable":true,"href":"https:\/\/nordnesrepublikken.no\/index.php\/wp-json\/wp\/v2\/media\/12310"}],"wp:attachment":[{"href":"https:\/\/nordnesrepublikken.no\/index.php\/wp-json\/wp\/v2\/media?parent=12309"}],"wp:term":[{"taxonomy":"category","embeddable":true,"href":"https:\/\/nordnesrepublikken.no\/index.php\/wp-json\/wp\/v2\/categories?post=12309"},{"taxonomy":"post_tag","embeddable":true,"href":"https:\/\/nordnesrepublikken.no\/index.php\/wp-json\/wp\/v2\/tags?post=12309"}],"curies":[{"name":"wp","href":"https:\/\/api.w.org\/{rel}","templated":true}]}}