{"id":12306,"date":"2025-12-01T04:51:03","date_gmt":"2025-12-01T03:51:03","guid":{"rendered":"https:\/\/nordnesrepublikken.no\/index.php\/2025\/12\/01\/hva-er-meningen-med-advent-og-hvorfor-tradisjonen-med-julekalender-ble-fodt\/"},"modified":"2025-12-01T04:51:09","modified_gmt":"2025-12-01T03:51:09","slug":"hva-er-meningen-med-advent-og-hvorfor-tradisjonen-med-julekalender-ble-fodt","status":"publish","type":"post","link":"https:\/\/nordnesrepublikken.no\/index.php\/2025\/12\/01\/hva-er-meningen-med-advent-og-hvorfor-tradisjonen-med-julekalender-ble-fodt\/","title":{"rendered":"Hva er meningen med advent og hvorfor tradisjonen med julekalender ble f\u00f8dt"},"content":{"rendered":"<div>\n<div class=\"cp_wrapper cp_wrapper--fw mb-30 mb-20@tablet\">\n<figure class=\"mm\"><picture class=\"img\" style=\"padding-top:56.25%\"><source  media=\"(min-width: 1024px)\"><source  media=\"(min-width: 768px)\"><\/source><\/source><\/picture><\/figure>\n<\/p><\/div>\n<p>De<b> Adventstid<\/b> \u2013 et ord som betyr \u00abkommer\u00bb \u2013 er ventetiden p\u00e5 julen, men de siste \u00e5rene er det ikke lenger bare religi\u00f8se feiringer som forteller historien: Det finnes ogs\u00e5 adventskalendere, n\u00e5 et raskt voksende marked, et sant kulturelt og sosialt fenomen. De <b>f\u00f8rste adventskalender<\/b> den ble oppfunnet i 1902 av Gerhard Lang, en tysk skriver og utgiver, men det var f\u00f8rst etter andre verdenskrig, da kalenderne kom til USA, at deres popularitet ble global.<\/p>\n<p>I virkeligheten er den dype meningen med advent eldgammel og forankret i <b>Kristen tradisjon<\/b>: den symboliserer ventetiden p\u00e5 Kristi f\u00f8dsel og regnes i henhold til den liturgiske \u00e5rstiden fra den fjerde s\u00f8ndagen f\u00f8r jul.<\/p>\n<h2>Adventskalenderen: hva dataene forteller oss mellom markedsf\u00f8ring og tradisjon<\/h2>\n<p>Adventskalendermarkedet er i gang <b>sterk vekst<\/b>: det globale markedet n\u00e5dde 1,34 milliarder dollar i 2024, estimert til \u00e5 n\u00e5 2,65 milliarder dollar innen 2033. I Italia, allerede i 2021, har markedet for dette produktet p\u00e5 Amazon alene n\u00e5dd 2 millioner euro, mens man i stedet tar det britiske markedet som referanse, er det ansl\u00e5tt at 33 % av voksne kj\u00f8per minst en.<\/p>\n<p>Og hvis jeg<b> barn<\/b> er en sentral demografisk m\u00e5lgruppe, <b>voksne er den virkelige trenden med \u00f8kende kj\u00f8pere<\/b>: Adventskalenderen har blitt en ekte en <b>markedsf\u00f8ringsverkt\u00f8y <\/b>for selskaper og merkevarer, og ogs\u00e5 takket v\u00e6re rollen til Instagram er spredningen deres veldig stor.<\/p>\n<p>De mest popul\u00e6re kategoriene er skj\u00f8nnhet, gastronomi og alkohol: gesten med \u00e5 \u00e5pne en &laquo;boks&raquo; om dagen og unne deg en gave blir sett p\u00e5 som en gest for egenomsorg, som forsterker \u00f8yeblikkets og ventetidens eksklusivitet.<\/p>\n<h2>Hvem fant opp adventskalenderen?<\/h2>\n<div class=\"cp_wrapper cp_wrapper--fw mb-50\">\n<figure class=\"mm\"><picture class=\"img\" style=\"padding-top:74.184397163121%\"><source  media=\"(min-width: 1024px)\"><source  media=\"(min-width: 768px)\"><img decoding=\"async\" loading=\"lazy\" src=\"https:\/\/nordnesrepublikken.no\/wp-content\/uploads\/2025\/12\/1764561063_990_Hva-er-meningen-med-advent-og-hvorfor-tradisjonen-med-julekalender.jpg\" alt=\"Richard_Ernst_Kepler_-_Im_Lande_des_Christkinds\" width=\"1410\" height=\"1046\"\/><\/source><\/source><\/picture><\/figure>\n<\/p><\/div>\n<p>Historien til adventskalenderen begynner imidlertid i god tid f\u00f8r Instagram og moderne markedsf\u00f8ring. Selv om skikken med <b>vente til jul<\/b> telle dagene og gj\u00f8re ventebevegelser, som tikkende kritthakk p\u00e5 veggen, har sitt opphav i <b>protestantisk tradisjon <\/b>1800-tallets Europa, adventskalenderen slik vi kjenner den i dag ble &laquo;offisielt&raquo; oppfunnet i 1902 av <b>Gerhard Lang<\/b>tysk trykker og forlegger.<\/p>\n<p>Langs id\u00e9 var inspirert av ingen ringere enn moren som, da han var liten, lagde 24 kjeks som han kunne spise, \u00e9n om dagen, og tegninger som han kunne klippe ut og lime p\u00e5 et stykke papp for \u00e5 vente p\u00e5 julen. Lang foreslo denne ideen igjen med <b>de f\u00f8rste kalenderne trykt p\u00e5 papir<\/b>med julebilder som var en del av den folkloristiske og religi\u00f8se tradisjonen. I utgangspunktet hadde imidlertid ikke disse kalenderne vinduer, men kun bilder, og ble ikke kalt \u00abadventskalendere\u00bb, men <b>Julekalender <\/b>eller <b>Saint Nicholas kalender<\/b> fordi advent faktisk ikke begynner 1. desember, men den kan begynne enda tidligere, gitt at den begynner den fjerde s\u00f8ndagen f\u00f8r jul.<\/p>\n<h2>Adventskalenderens popularitet og utbredelse p\u00e5 1900-tallet<\/h2>\n<p>Ideen ble umiddelbart en stor kommersiell suksess, og takket v\u00e6re at Lang jobbet i forlagssektoren, fikk den ogs\u00e5 en bemerkelsesverdig spredning.<\/p>\n<p>Igjen av Lang,<b> kalendere med vinduer <\/b>de begynte \u00e5 spre seg rundt 1920.<\/p>\n<p>I l\u00f8pet av <b>Andre verdenskrig<\/b>p\u00e5 grunn av fattigdom, knapphet p\u00e5 r\u00e5varer og den sekul\u00e6re visjonen om staten som ble p\u00e5lagt av nazismen, ble adventskalenderene designet av Lang &#8211; som i mellomtiden ble foresl\u00e5tt p\u00e5 nytt i mange andre versjoner &#8211; fjernet fra markedet.<\/p>\n<p>Umiddelbart etter krigen, i 1946, kom en annen tysk skriver, <b>Richard Sellmer<\/b>fikk tillatelse fra amerikanerne, som fortsatt okkuperte territoriet, til \u00e5 trykke adventskalenderen for det \u00e5ret. Sellmer klarte \u00e5 introdusere kalenderen til Amerika ogs\u00e5, s\u00e5 mye at et fotografi av president Dwight D. Eisenhowers barnebarn som pakker ut en i 1953, er kjent. <b>Populariteten til kalendere i USA<\/b>sanksjonerte deretter sin popularitet over hele verden.<\/p>\n<h2>Advents historie og opprinnelse<\/h2>\n<p>Ordet &laquo;advent&raquo; kommer fra latin <em><b>adventus<\/b><\/em>hva betyr det&raquo;<b>kommer<\/b>&laquo;: perioden f\u00f8r jul er derfor nettopp det \u00f8yeblikket hvor man venter p\u00e5 Kristi komme. De f\u00f8rste feiringene av advent dateres tilbake til 500-tallet e.Kr., en periode der strukturen og organiseringen av den katolske kirke i Europa ble konsolidert. I Italia, spesifikt, er det referanser til ritualer som julen ble ventet med, og kanskje liknet p\u00e5 med b\u00f8nn, og kanskje mer faste, med b\u00f8nn og b\u00f8nn. <b>fastelavn<\/b> enn til adventstiden slik vi kjenner den i dag.<\/p>\n<p>Faktisk i Frankrike, p\u00e5 600-tallet, feiret kristne den s\u00e5kalte &laquo;<b>St. Martins fastetid<\/b>\u201d, det vil si de fem ukene f\u00f8r jul, der vi fastet og avsto fra seksuelle forhold.<\/p>\n<p>Over tid har skikkene i denne perioden blitt mykere, til det er blitt det som for kristendommen advent er i dag, det vil si en periode med venting og forberedelse til feiringen av Kristi f\u00f8dsel.<\/p>\n<p>I henhold til den kristne liturgiske \u00e5rstiden, <b>Advent begynner fire s\u00f8ndager f\u00f8r jul<\/b> \u2013 varer fra minimum 22 dager opp til maksimalt 28 \u2013 og avsluttes p\u00e5 julaften.<\/p>\n<p>Hver s\u00f8ndag er symbolisert med et farget lys, vanligvis tre lilla og ett rosa: det f\u00f8rste representerer <strong>H\u00e5p<\/strong>den andre <strong>Fred<\/strong>den tredje <strong>Glede<\/strong> og den fjerde<strong>Kj\u00e6rlighet<\/strong>. Hver s\u00f8ndag er en tent, tradisjonelt plassert p\u00e5 en krone, og s\u00e5 videre \u00f8ker lyset, som symboliserer, takket v\u00e6re Jesu f\u00f8dsel, <b>lysets seier over m\u00f8rket<\/b>.<\/p>\n<\/p><\/div>\n","protected":false},"excerpt":{"rendered":"<p>De Adventstid \u2013 et ord som betyr \u00abkommer\u00bb \u2013 er ventetiden p\u00e5 julen, men de<\/p>\n","protected":false},"author":1,"featured_media":12307,"comment_status":"closed","ping_status":"open","sticky":false,"template":"","format":"standard","meta":{"footnotes":""},"categories":[104],"tags":[8096,373,97,144,101,8097,79,7466,2072],"class_list":["post-12306","post","type-post","status-publish","format-standard","has-post-thumbnail","hentry","category-samfunn","tag-advent","tag-ble","tag-fodt","tag-hva","tag-hvorfor","tag-julekalender","tag-med","tag-meningen","tag-tradisjonen","generate-columns","tablet-grid-50","mobile-grid-100","grid-parent","grid-33","resize-featured-image"],"yoast_head":"<!-- This site is optimized with the Yoast SEO plugin v24.4 - https:\/\/yoast.com\/wordpress\/plugins\/seo\/ -->\n<title>Hva er meningen med advent og hvorfor tradisjonen med julekalender ble f\u00f8dt - Nordnesrepublikken<\/title>\n<meta name=\"robots\" content=\"index, follow, max-snippet:-1, max-image-preview:large, max-video-preview:-1\" \/>\n<link rel=\"canonical\" href=\"https:\/\/nordnesrepublikken.no\/index.php\/2025\/12\/01\/hva-er-meningen-med-advent-og-hvorfor-tradisjonen-med-julekalender-ble-fodt\/\" \/>\n<meta property=\"og:locale\" content=\"nb_NO\" \/>\n<meta property=\"og:type\" content=\"article\" \/>\n<meta property=\"og:title\" content=\"Hva er meningen med advent og hvorfor tradisjonen med julekalender ble f\u00f8dt - Nordnesrepublikken\" \/>\n<meta property=\"og:description\" content=\"De Adventstid \u2013 et ord som betyr \u00abkommer\u00bb \u2013 er ventetiden p\u00e5 julen, men de\" \/>\n<meta property=\"og:url\" content=\"https:\/\/nordnesrepublikken.no\/index.php\/2025\/12\/01\/hva-er-meningen-med-advent-og-hvorfor-tradisjonen-med-julekalender-ble-fodt\/\" \/>\n<meta property=\"og:site_name\" content=\"Nordnesrepublikken\" \/>\n<meta property=\"article:published_time\" content=\"2025-12-01T03:51:03+00:00\" \/>\n<meta property=\"article:modified_time\" content=\"2025-12-01T03:51:09+00:00\" \/>\n<meta property=\"og:image\" content=\"https:\/\/nordnesrepublikken.no\/wp-content\/uploads\/2025\/12\/1764561063_Hva-er-meningen-med-advent-og-hvorfor-tradisjonen-med-julekalender-scaled.jpg\" \/>\n\t<meta property=\"og:image:width\" content=\"2560\" \/>\n\t<meta property=\"og:image:height\" content=\"1707\" \/>\n\t<meta property=\"og:image:type\" content=\"image\/jpeg\" \/>\n<meta name=\"author\" content=\"Ole Andersen\" \/>\n<meta name=\"twitter:card\" content=\"summary_large_image\" \/>\n<meta name=\"twitter:label1\" content=\"Skrevet av\" \/>\n\t<meta name=\"twitter:data1\" content=\"Ole Andersen\" \/>\n\t<meta name=\"twitter:label2\" content=\"Ansl. lesetid\" \/>\n\t<meta name=\"twitter:data2\" content=\"4 minutter\" \/>\n<script type=\"application\/ld+json\" class=\"yoast-schema-graph\">{\"@context\":\"https:\/\/schema.org\",\"@graph\":[{\"@type\":\"Article\",\"@id\":\"https:\/\/nordnesrepublikken.no\/index.php\/2025\/12\/01\/hva-er-meningen-med-advent-og-hvorfor-tradisjonen-med-julekalender-ble-fodt\/#article\",\"isPartOf\":{\"@id\":\"https:\/\/nordnesrepublikken.no\/index.php\/2025\/12\/01\/hva-er-meningen-med-advent-og-hvorfor-tradisjonen-med-julekalender-ble-fodt\/\"},\"author\":{\"name\":\"Ole Andersen\",\"@id\":\"https:\/\/nordnesrepublikken.no\/#\/schema\/person\/2e7e81935bab77882fffb79296240ff1\"},\"headline\":\"Hva er meningen med advent og hvorfor tradisjonen med julekalender ble f\u00f8dt\",\"datePublished\":\"2025-12-01T03:51:03+00:00\",\"dateModified\":\"2025-12-01T03:51:09+00:00\",\"mainEntityOfPage\":{\"@id\":\"https:\/\/nordnesrepublikken.no\/index.php\/2025\/12\/01\/hva-er-meningen-med-advent-og-hvorfor-tradisjonen-med-julekalender-ble-fodt\/\"},\"wordCount\":838,\"publisher\":{\"@id\":\"https:\/\/nordnesrepublikken.no\/#organization\"},\"image\":{\"@id\":\"https:\/\/nordnesrepublikken.no\/index.php\/2025\/12\/01\/hva-er-meningen-med-advent-og-hvorfor-tradisjonen-med-julekalender-ble-fodt\/#primaryimage\"},\"thumbnailUrl\":\"https:\/\/nordnesrepublikken.no\/wp-content\/uploads\/2025\/12\/1764561063_Hva-er-meningen-med-advent-og-hvorfor-tradisjonen-med-julekalender-scaled.jpg\",\"keywords\":[\"advent\",\"ble\",\"f\u00f8dt\",\"Hva\",\"hvorfor\",\"julekalender\",\"med\",\"meningen\",\"tradisjonen\"],\"articleSection\":[\"Samfunn\"],\"inLanguage\":\"nb-NO\"},{\"@type\":\"WebPage\",\"@id\":\"https:\/\/nordnesrepublikken.no\/index.php\/2025\/12\/01\/hva-er-meningen-med-advent-og-hvorfor-tradisjonen-med-julekalender-ble-fodt\/\",\"url\":\"https:\/\/nordnesrepublikken.no\/index.php\/2025\/12\/01\/hva-er-meningen-med-advent-og-hvorfor-tradisjonen-med-julekalender-ble-fodt\/\",\"name\":\"Hva er meningen med advent og hvorfor tradisjonen med julekalender ble f\u00f8dt - Nordnesrepublikken\",\"isPartOf\":{\"@id\":\"https:\/\/nordnesrepublikken.no\/#website\"},\"primaryImageOfPage\":{\"@id\":\"https:\/\/nordnesrepublikken.no\/index.php\/2025\/12\/01\/hva-er-meningen-med-advent-og-hvorfor-tradisjonen-med-julekalender-ble-fodt\/#primaryimage\"},\"image\":{\"@id\":\"https:\/\/nordnesrepublikken.no\/index.php\/2025\/12\/01\/hva-er-meningen-med-advent-og-hvorfor-tradisjonen-med-julekalender-ble-fodt\/#primaryimage\"},\"thumbnailUrl\":\"https:\/\/nordnesrepublikken.no\/wp-content\/uploads\/2025\/12\/1764561063_Hva-er-meningen-med-advent-og-hvorfor-tradisjonen-med-julekalender-scaled.jpg\",\"datePublished\":\"2025-12-01T03:51:03+00:00\",\"dateModified\":\"2025-12-01T03:51:09+00:00\",\"breadcrumb\":{\"@id\":\"https:\/\/nordnesrepublikken.no\/index.php\/2025\/12\/01\/hva-er-meningen-med-advent-og-hvorfor-tradisjonen-med-julekalender-ble-fodt\/#breadcrumb\"},\"inLanguage\":\"nb-NO\",\"potentialAction\":[{\"@type\":\"ReadAction\",\"target\":[\"https:\/\/nordnesrepublikken.no\/index.php\/2025\/12\/01\/hva-er-meningen-med-advent-og-hvorfor-tradisjonen-med-julekalender-ble-fodt\/\"]}]},{\"@type\":\"ImageObject\",\"inLanguage\":\"nb-NO\",\"@id\":\"https:\/\/nordnesrepublikken.no\/index.php\/2025\/12\/01\/hva-er-meningen-med-advent-og-hvorfor-tradisjonen-med-julekalender-ble-fodt\/#primaryimage\",\"url\":\"https:\/\/nordnesrepublikken.no\/wp-content\/uploads\/2025\/12\/1764561063_Hva-er-meningen-med-advent-og-hvorfor-tradisjonen-med-julekalender-scaled.jpg\",\"contentUrl\":\"https:\/\/nordnesrepublikken.no\/wp-content\/uploads\/2025\/12\/1764561063_Hva-er-meningen-med-advent-og-hvorfor-tradisjonen-med-julekalender-scaled.jpg\",\"width\":2560,\"height\":1707,\"caption\":\"Hva er meningen med advent og hvorfor tradisjonen med julekalender ble f\u00f8dt\"},{\"@type\":\"BreadcrumbList\",\"@id\":\"https:\/\/nordnesrepublikken.no\/index.php\/2025\/12\/01\/hva-er-meningen-med-advent-og-hvorfor-tradisjonen-med-julekalender-ble-fodt\/#breadcrumb\",\"itemListElement\":[{\"@type\":\"ListItem\",\"position\":1,\"name\":\"Home\",\"item\":\"https:\/\/nordnesrepublikken.no\/\"},{\"@type\":\"ListItem\",\"position\":2,\"name\":\"Hva er meningen med advent og hvorfor tradisjonen med julekalender ble f\u00f8dt\"}]},{\"@type\":\"WebSite\",\"@id\":\"https:\/\/nordnesrepublikken.no\/#website\",\"url\":\"https:\/\/nordnesrepublikken.no\/\",\"name\":\"Nordnesrepublikken\",\"description\":\"Stemmer og Visjoner fra Republikkens Hjerte\",\"publisher\":{\"@id\":\"https:\/\/nordnesrepublikken.no\/#organization\"},\"potentialAction\":[{\"@type\":\"SearchAction\",\"target\":{\"@type\":\"EntryPoint\",\"urlTemplate\":\"https:\/\/nordnesrepublikken.no\/?s={search_term_string}\"},\"query-input\":{\"@type\":\"PropertyValueSpecification\",\"valueRequired\":true,\"valueName\":\"search_term_string\"}}],\"inLanguage\":\"nb-NO\"},{\"@type\":\"Organization\",\"@id\":\"https:\/\/nordnesrepublikken.no\/#organization\",\"name\":\"Nordnesrepublikken\",\"url\":\"https:\/\/nordnesrepublikken.no\/\",\"logo\":{\"@type\":\"ImageObject\",\"inLanguage\":\"nb-NO\",\"@id\":\"https:\/\/nordnesrepublikken.no\/#\/schema\/logo\/image\/\",\"url\":\"https:\/\/nordnesrepublikken.no\/wp-content\/uploads\/2025\/02\/cropped-nordnesrepublikken-2.png\",\"contentUrl\":\"https:\/\/nordnesrepublikken.no\/wp-content\/uploads\/2025\/02\/cropped-nordnesrepublikken-2.png\",\"width\":1248,\"height\":362,\"caption\":\"Nordnesrepublikken\"},\"image\":{\"@id\":\"https:\/\/nordnesrepublikken.no\/#\/schema\/logo\/image\/\"}},{\"@type\":\"Person\",\"@id\":\"https:\/\/nordnesrepublikken.no\/#\/schema\/person\/2e7e81935bab77882fffb79296240ff1\",\"name\":\"Ole Andersen\",\"image\":{\"@type\":\"ImageObject\",\"inLanguage\":\"nb-NO\",\"@id\":\"https:\/\/nordnesrepublikken.no\/#\/schema\/person\/image\/\",\"url\":\"https:\/\/nordnesrepublikken.no\/wp-content\/uploads\/2025\/02\/nordnesrepublikken-2-2-150x150.jpg\",\"contentUrl\":\"https:\/\/nordnesrepublikken.no\/wp-content\/uploads\/2025\/02\/nordnesrepublikken-2-2-150x150.jpg\",\"caption\":\"Ole Andersen\"},\"description\":\"Ettersom jeg vokste opp i Oslo, har jeg alltid v\u00e6rt fascinert av ordenes kraft og deres evne til \u00e5 skape endringer. Etter \u00e5 ha fullf\u00f8rt min utdannelse i kommunikasjon ved Universitetet i Bergen, fikk jeg muligheten til \u00e5 jobbe innen ulike medier, der jeg har s\u00f8kt \u00e5 belyse viktige samfunnssp\u00f8rsm\u00e5l. I dag, som redakt\u00f8r for Nordnesrepublikken, pr\u00f8ver jeg \u00e5 forene min kj\u00e6rlighet for journalistikk med min lidenskap for innovasjon og eventyr.\",\"sameAs\":[\"https:\/\/nordnesrepublikken.no\/\"]}]}<\/script>\n<!-- \/ Yoast SEO plugin. -->","yoast_head_json":{"title":"Hva er meningen med advent og hvorfor tradisjonen med julekalender ble f\u00f8dt - Nordnesrepublikken","robots":{"index":"index","follow":"follow","max-snippet":"max-snippet:-1","max-image-preview":"max-image-preview:large","max-video-preview":"max-video-preview:-1"},"canonical":"https:\/\/nordnesrepublikken.no\/index.php\/2025\/12\/01\/hva-er-meningen-med-advent-og-hvorfor-tradisjonen-med-julekalender-ble-fodt\/","og_locale":"nb_NO","og_type":"article","og_title":"Hva er meningen med advent og hvorfor tradisjonen med julekalender ble f\u00f8dt - Nordnesrepublikken","og_description":"De Adventstid \u2013 et ord som betyr \u00abkommer\u00bb \u2013 er ventetiden p\u00e5 julen, men de","og_url":"https:\/\/nordnesrepublikken.no\/index.php\/2025\/12\/01\/hva-er-meningen-med-advent-og-hvorfor-tradisjonen-med-julekalender-ble-fodt\/","og_site_name":"Nordnesrepublikken","article_published_time":"2025-12-01T03:51:03+00:00","article_modified_time":"2025-12-01T03:51:09+00:00","og_image":[{"width":2560,"height":1707,"url":"https:\/\/nordnesrepublikken.no\/wp-content\/uploads\/2025\/12\/1764561063_Hva-er-meningen-med-advent-og-hvorfor-tradisjonen-med-julekalender-scaled.jpg","type":"image\/jpeg"}],"author":"Ole Andersen","twitter_card":"summary_large_image","twitter_misc":{"Skrevet av":"Ole Andersen","Ansl. lesetid":"4 minutter"},"schema":{"@context":"https:\/\/schema.org","@graph":[{"@type":"Article","@id":"https:\/\/nordnesrepublikken.no\/index.php\/2025\/12\/01\/hva-er-meningen-med-advent-og-hvorfor-tradisjonen-med-julekalender-ble-fodt\/#article","isPartOf":{"@id":"https:\/\/nordnesrepublikken.no\/index.php\/2025\/12\/01\/hva-er-meningen-med-advent-og-hvorfor-tradisjonen-med-julekalender-ble-fodt\/"},"author":{"name":"Ole Andersen","@id":"https:\/\/nordnesrepublikken.no\/#\/schema\/person\/2e7e81935bab77882fffb79296240ff1"},"headline":"Hva er meningen med advent og hvorfor tradisjonen med julekalender ble f\u00f8dt","datePublished":"2025-12-01T03:51:03+00:00","dateModified":"2025-12-01T03:51:09+00:00","mainEntityOfPage":{"@id":"https:\/\/nordnesrepublikken.no\/index.php\/2025\/12\/01\/hva-er-meningen-med-advent-og-hvorfor-tradisjonen-med-julekalender-ble-fodt\/"},"wordCount":838,"publisher":{"@id":"https:\/\/nordnesrepublikken.no\/#organization"},"image":{"@id":"https:\/\/nordnesrepublikken.no\/index.php\/2025\/12\/01\/hva-er-meningen-med-advent-og-hvorfor-tradisjonen-med-julekalender-ble-fodt\/#primaryimage"},"thumbnailUrl":"https:\/\/nordnesrepublikken.no\/wp-content\/uploads\/2025\/12\/1764561063_Hva-er-meningen-med-advent-og-hvorfor-tradisjonen-med-julekalender-scaled.jpg","keywords":["advent","ble","f\u00f8dt","Hva","hvorfor","julekalender","med","meningen","tradisjonen"],"articleSection":["Samfunn"],"inLanguage":"nb-NO"},{"@type":"WebPage","@id":"https:\/\/nordnesrepublikken.no\/index.php\/2025\/12\/01\/hva-er-meningen-med-advent-og-hvorfor-tradisjonen-med-julekalender-ble-fodt\/","url":"https:\/\/nordnesrepublikken.no\/index.php\/2025\/12\/01\/hva-er-meningen-med-advent-og-hvorfor-tradisjonen-med-julekalender-ble-fodt\/","name":"Hva er meningen med advent og hvorfor tradisjonen med julekalender ble f\u00f8dt - Nordnesrepublikken","isPartOf":{"@id":"https:\/\/nordnesrepublikken.no\/#website"},"primaryImageOfPage":{"@id":"https:\/\/nordnesrepublikken.no\/index.php\/2025\/12\/01\/hva-er-meningen-med-advent-og-hvorfor-tradisjonen-med-julekalender-ble-fodt\/#primaryimage"},"image":{"@id":"https:\/\/nordnesrepublikken.no\/index.php\/2025\/12\/01\/hva-er-meningen-med-advent-og-hvorfor-tradisjonen-med-julekalender-ble-fodt\/#primaryimage"},"thumbnailUrl":"https:\/\/nordnesrepublikken.no\/wp-content\/uploads\/2025\/12\/1764561063_Hva-er-meningen-med-advent-og-hvorfor-tradisjonen-med-julekalender-scaled.jpg","datePublished":"2025-12-01T03:51:03+00:00","dateModified":"2025-12-01T03:51:09+00:00","breadcrumb":{"@id":"https:\/\/nordnesrepublikken.no\/index.php\/2025\/12\/01\/hva-er-meningen-med-advent-og-hvorfor-tradisjonen-med-julekalender-ble-fodt\/#breadcrumb"},"inLanguage":"nb-NO","potentialAction":[{"@type":"ReadAction","target":["https:\/\/nordnesrepublikken.no\/index.php\/2025\/12\/01\/hva-er-meningen-med-advent-og-hvorfor-tradisjonen-med-julekalender-ble-fodt\/"]}]},{"@type":"ImageObject","inLanguage":"nb-NO","@id":"https:\/\/nordnesrepublikken.no\/index.php\/2025\/12\/01\/hva-er-meningen-med-advent-og-hvorfor-tradisjonen-med-julekalender-ble-fodt\/#primaryimage","url":"https:\/\/nordnesrepublikken.no\/wp-content\/uploads\/2025\/12\/1764561063_Hva-er-meningen-med-advent-og-hvorfor-tradisjonen-med-julekalender-scaled.jpg","contentUrl":"https:\/\/nordnesrepublikken.no\/wp-content\/uploads\/2025\/12\/1764561063_Hva-er-meningen-med-advent-og-hvorfor-tradisjonen-med-julekalender-scaled.jpg","width":2560,"height":1707,"caption":"Hva er meningen med advent og hvorfor tradisjonen med julekalender ble f\u00f8dt"},{"@type":"BreadcrumbList","@id":"https:\/\/nordnesrepublikken.no\/index.php\/2025\/12\/01\/hva-er-meningen-med-advent-og-hvorfor-tradisjonen-med-julekalender-ble-fodt\/#breadcrumb","itemListElement":[{"@type":"ListItem","position":1,"name":"Home","item":"https:\/\/nordnesrepublikken.no\/"},{"@type":"ListItem","position":2,"name":"Hva er meningen med advent og hvorfor tradisjonen med julekalender ble f\u00f8dt"}]},{"@type":"WebSite","@id":"https:\/\/nordnesrepublikken.no\/#website","url":"https:\/\/nordnesrepublikken.no\/","name":"Nordnesrepublikken","description":"Stemmer og Visjoner fra Republikkens Hjerte","publisher":{"@id":"https:\/\/nordnesrepublikken.no\/#organization"},"potentialAction":[{"@type":"SearchAction","target":{"@type":"EntryPoint","urlTemplate":"https:\/\/nordnesrepublikken.no\/?s={search_term_string}"},"query-input":{"@type":"PropertyValueSpecification","valueRequired":true,"valueName":"search_term_string"}}],"inLanguage":"nb-NO"},{"@type":"Organization","@id":"https:\/\/nordnesrepublikken.no\/#organization","name":"Nordnesrepublikken","url":"https:\/\/nordnesrepublikken.no\/","logo":{"@type":"ImageObject","inLanguage":"nb-NO","@id":"https:\/\/nordnesrepublikken.no\/#\/schema\/logo\/image\/","url":"https:\/\/nordnesrepublikken.no\/wp-content\/uploads\/2025\/02\/cropped-nordnesrepublikken-2.png","contentUrl":"https:\/\/nordnesrepublikken.no\/wp-content\/uploads\/2025\/02\/cropped-nordnesrepublikken-2.png","width":1248,"height":362,"caption":"Nordnesrepublikken"},"image":{"@id":"https:\/\/nordnesrepublikken.no\/#\/schema\/logo\/image\/"}},{"@type":"Person","@id":"https:\/\/nordnesrepublikken.no\/#\/schema\/person\/2e7e81935bab77882fffb79296240ff1","name":"Ole Andersen","image":{"@type":"ImageObject","inLanguage":"nb-NO","@id":"https:\/\/nordnesrepublikken.no\/#\/schema\/person\/image\/","url":"https:\/\/nordnesrepublikken.no\/wp-content\/uploads\/2025\/02\/nordnesrepublikken-2-2-150x150.jpg","contentUrl":"https:\/\/nordnesrepublikken.no\/wp-content\/uploads\/2025\/02\/nordnesrepublikken-2-2-150x150.jpg","caption":"Ole Andersen"},"description":"Ettersom jeg vokste opp i Oslo, har jeg alltid v\u00e6rt fascinert av ordenes kraft og deres evne til \u00e5 skape endringer. Etter \u00e5 ha fullf\u00f8rt min utdannelse i kommunikasjon ved Universitetet i Bergen, fikk jeg muligheten til \u00e5 jobbe innen ulike medier, der jeg har s\u00f8kt \u00e5 belyse viktige samfunnssp\u00f8rsm\u00e5l. I dag, som redakt\u00f8r for Nordnesrepublikken, pr\u00f8ver jeg \u00e5 forene min kj\u00e6rlighet for journalistikk med min lidenskap for innovasjon og eventyr.","sameAs":["https:\/\/nordnesrepublikken.no\/"]}]}},"_links":{"self":[{"href":"https:\/\/nordnesrepublikken.no\/index.php\/wp-json\/wp\/v2\/posts\/12306","targetHints":{"allow":["GET"]}}],"collection":[{"href":"https:\/\/nordnesrepublikken.no\/index.php\/wp-json\/wp\/v2\/posts"}],"about":[{"href":"https:\/\/nordnesrepublikken.no\/index.php\/wp-json\/wp\/v2\/types\/post"}],"author":[{"embeddable":true,"href":"https:\/\/nordnesrepublikken.no\/index.php\/wp-json\/wp\/v2\/users\/1"}],"replies":[{"embeddable":true,"href":"https:\/\/nordnesrepublikken.no\/index.php\/wp-json\/wp\/v2\/comments?post=12306"}],"version-history":[{"count":1,"href":"https:\/\/nordnesrepublikken.no\/index.php\/wp-json\/wp\/v2\/posts\/12306\/revisions"}],"predecessor-version":[{"id":12308,"href":"https:\/\/nordnesrepublikken.no\/index.php\/wp-json\/wp\/v2\/posts\/12306\/revisions\/12308"}],"wp:featuredmedia":[{"embeddable":true,"href":"https:\/\/nordnesrepublikken.no\/index.php\/wp-json\/wp\/v2\/media\/12307"}],"wp:attachment":[{"href":"https:\/\/nordnesrepublikken.no\/index.php\/wp-json\/wp\/v2\/media?parent=12306"}],"wp:term":[{"taxonomy":"category","embeddable":true,"href":"https:\/\/nordnesrepublikken.no\/index.php\/wp-json\/wp\/v2\/categories?post=12306"},{"taxonomy":"post_tag","embeddable":true,"href":"https:\/\/nordnesrepublikken.no\/index.php\/wp-json\/wp\/v2\/tags?post=12306"}],"curies":[{"name":"wp","href":"https:\/\/api.w.org\/{rel}","templated":true}]}}