{"id":12297,"date":"2025-11-30T21:50:36","date_gmt":"2025-11-30T20:50:36","guid":{"rendered":"https:\/\/nordnesrepublikken.no\/index.php\/2025\/11\/30\/hvorfor-kalles-venezia-la-serenissima\/"},"modified":"2025-11-30T21:50:42","modified_gmt":"2025-11-30T20:50:42","slug":"hvorfor-kalles-venezia-la-serenissima","status":"publish","type":"post","link":"https:\/\/nordnesrepublikken.no\/index.php\/2025\/11\/30\/hvorfor-kalles-venezia-la-serenissima\/","title":{"rendered":"Hvorfor kalles Venezia &laquo;la Serenissima?&raquo;"},"content":{"rendered":"<div>\n<div class=\"cp_wrapper cp_wrapper--fw mb-30 mb-20@tablet\">\n<figure class=\"mm\"><picture class=\"img\" style=\"padding-top:56.25%\"><source  media=\"(min-width: 1024px)\"><source  media=\"(min-width: 768px)\"><\/source><\/source><\/picture><\/figure>\n<\/p><\/div>\n<p style=\"text-align: justify\">Kanaler, karneval, vaporettos, gondoler, cicchetti: vi snakker \u00e5penbart om <strong>Venezia<\/strong>. Blant de mange s\u00e6regenhetene ved denne ekstraordin\u00e6re byen, er en spesielt skjult i dets andre navn, &laquo;<strong>Serenissima<\/strong>Dette er ikke et enkelt poetisk kallenavn: Venezia var i \u00e5rhundrer ett <strong>Uavhengig republikk<\/strong>ledet av <strong>Doge<\/strong>kalt &laquo;serenissimo&raquo; for sin evne til \u00e5 garantere<strong> balanse og stabilitet<\/strong> og f\u00f8lgelig ble byen ogs\u00e5 &laquo;veldig rolig&raquo;. En annen forklaring kommer fra<strong> Venezias milit\u00e6rhistorie<\/strong>. I \u00e5rhundrer dominerte byen Adriaterhavet og deretter Middelhavet, i perioden med maksimal ekspansjon, <strong>vinne<\/strong> avgj\u00f8rende kriger e <strong>beskytte<\/strong> hans virksomheter. Denne styrken garanterte stabilitet og sikkerhet til venetianerne, og skapte <strong>bildet av en virkelig &laquo;rolig&raquo; by<\/strong>.<\/p>\n<p style=\"text-align: justify\">Datoen for <strong>fundament<\/strong> av Venezia er konvensjonelt sporet tilbake til <strong>5. \u00e5rhundre e.Kr<\/strong>. med byggingen av kirken San Giacomo p\u00e5 det som var<strong>Rialto-\u00f8ya<\/strong>. Mellom myte og legende var i virkeligheten byens f\u00f8dsel en <strong>gradvis prosess<\/strong> startet mer sannsynlig <strong>fra 600-tallet,<\/strong> med migrasjonene til de venetianske innbyggerne til \u00f8yene i lagunen for \u00e5 unnslippe de barbariske invasjonene, spesielt de lombardiske. Gradvis konsoliderte bosetningene seg, noe som ga opphav til et komplekst urbant stoff best\u00e5ende av kanaler, styltehus, tomter og broer, samt en<strong>blomstrende og livlig virksomhet<\/strong>. I 697 ble<strong> Republikk<\/strong>styrt av <strong>Paoluccio Anafesto<\/strong>den f\u00f8rste dogen i Venezias historie. Denne figuren fungerte som stats- og regjeringssjef, og forble symbolet p\u00e5 byen frem til <strong>12. mai 1797<\/strong>dag av <strong>republikkens fall<\/strong>. Det sies at dogen ble definert som &laquo;mest rolig&raquo; av innbyggerne, og at byen han styrte f\u00f8lgelig ble definert som &laquo;mest rolig&raquo; som ham s\u00e5 mye at, <strong>fra 1600-tallet<\/strong>den ble omd\u00f8pt <strong>Den mest rolige republikken Venezia<\/strong>.<\/p>\n<p style=\"text-align: justify\">En annen teori relatert til dette kallenavnet hans er relatert til hans <strong>milit\u00e6r historie<\/strong>. For \u00e5 sikre handelsrutene mellom 900- og 1000-tallet, gjennomf\u00f8rte Venezia flere kriger som sikret den fullstendige <strong>herred\u00f8mme over Adriaterhavet<\/strong>. Med dem <strong>korstog<\/strong> og den <strong>handel mot \u00f8st<\/strong> den ble stadig sterkere og mellom 1100- og 1200-tallet klarte den \u00e5 utvide sin innflytelse, og oppn\u00e5 <strong>overherred\u00f8mme over Middelhavet<\/strong> og ankom sammenst\u00f8tet med Genova som varte til 1300-tallet, da Venezia begynte sin ekspansjon p\u00e5 fastlandet, etter \u00e5 ha kommet seirende ut. P\u00e5 dette tidspunktet den venetianske republikken, n\u00e5 <strong>Maritim republikk<\/strong> etablert seg som<strong> nautisk kraft<\/strong> <strong>og politikk<\/strong>garantert total \u00f8konomisk og sosial stabilitet i sine domener, slik at alle kan bo i <strong>total ro<\/strong>.<\/p>\n<p style=\"text-align: justify\">Videre, takket v\u00e6re et rettssystem ansett som blant tidens mest effektive, tilb\u00f8d Venezia sine innbyggere <strong>en sjelden f\u00f8lelse av fred og sikkerhet<\/strong>. Byen var ogs\u00e5 kjent for <strong>hans gjestfrihet<\/strong>: venetianerne var vant til \u00e5 m\u00f8te mennesker fra alle verdenshj\u00f8rner, og tolererte skikker og oppf\u00f8rsel som ble mislikt andre steder, for eksempel tilstedev\u00e6relsen av kurtisaner, en integrert del av lagunens sosiale liv.<\/p>\n<p style=\"text-align: justify\">&laquo;La Serenissima&raquo; er ikke bare det romantiske navnet p\u00e5 det mest kjente lagunesenteret i verden, men anerkjennelsen av en<strong>dyp identitet<\/strong>: det til en by som visste \u00e5 bygge sin prakt p\u00e5<strong>harmoni<\/strong> mellom institusjoner, \u00f8konomi, kultur og hav. Venezia inviterer oss til \u00e5 gjenoppdage ro, ikke som et frav\u00e6r av bevegelse, men som en bevissthet om sin historie og dens rolle i verden: \u00e5 forbli &laquo;Serenissima&raquo; til tross for at han alltid befinner seg i sentrum av fortidens store merkantile, kulturelle og geopolitiske str\u00f8mninger, og i en viss forstand ogs\u00e5 i n\u00e5tiden, fortsetter \u00e5 holde seg flytende til tross for<strong>overturisme<\/strong> aggressiv som truer dens identitet og kosmopolitiske sjel.<\/p>\n<\/p><\/div>\n","protected":false},"excerpt":{"rendered":"<p>Kanaler, karneval, vaporettos, gondoler, cicchetti: vi snakker \u00e5penbart om Venezia. Blant de mange s\u00e6regenhetene ved<\/p>\n","protected":false},"author":1,"featured_media":12298,"comment_status":"closed","ping_status":"open","sticky":false,"template":"","format":"standard","meta":{"footnotes":""},"categories":[104],"tags":[101,2140,8090,4729],"class_list":["post-12297","post","type-post","status-publish","format-standard","has-post-thumbnail","hentry","category-samfunn","tag-hvorfor","tag-kalles","tag-serenissima","tag-venezia","generate-columns","tablet-grid-50","mobile-grid-100","grid-parent","grid-33","resize-featured-image"],"yoast_head":"<!-- This site is optimized with the Yoast SEO plugin v24.4 - https:\/\/yoast.com\/wordpress\/plugins\/seo\/ -->\n<title>Hvorfor kalles Venezia &quot;la Serenissima?&quot; - Nordnesrepublikken<\/title>\n<meta name=\"robots\" content=\"index, follow, max-snippet:-1, max-image-preview:large, max-video-preview:-1\" \/>\n<link rel=\"canonical\" href=\"https:\/\/nordnesrepublikken.no\/index.php\/2025\/11\/30\/hvorfor-kalles-venezia-la-serenissima\/\" \/>\n<meta property=\"og:locale\" content=\"nb_NO\" \/>\n<meta property=\"og:type\" content=\"article\" \/>\n<meta property=\"og:title\" content=\"Hvorfor kalles Venezia &quot;la Serenissima?&quot; - Nordnesrepublikken\" \/>\n<meta property=\"og:description\" content=\"Kanaler, karneval, vaporettos, gondoler, cicchetti: vi snakker \u00e5penbart om Venezia. Blant de mange s\u00e6regenhetene ved\" \/>\n<meta property=\"og:url\" content=\"https:\/\/nordnesrepublikken.no\/index.php\/2025\/11\/30\/hvorfor-kalles-venezia-la-serenissima\/\" \/>\n<meta property=\"og:site_name\" content=\"Nordnesrepublikken\" \/>\n<meta property=\"article:published_time\" content=\"2025-11-30T20:50:36+00:00\" \/>\n<meta property=\"article:modified_time\" content=\"2025-11-30T20:50:42+00:00\" \/>\n<meta property=\"og:image\" content=\"https:\/\/nordnesrepublikken.no\/wp-content\/uploads\/2025\/11\/1764535837_Hvorfor-kalles-Venezia-la-Serenissima-scaled.jpg\" \/>\n\t<meta property=\"og:image:width\" content=\"2560\" \/>\n\t<meta property=\"og:image:height\" content=\"1103\" \/>\n\t<meta property=\"og:image:type\" content=\"image\/jpeg\" \/>\n<meta name=\"author\" content=\"Ole Andersen\" \/>\n<meta name=\"twitter:card\" content=\"summary_large_image\" \/>\n<meta name=\"twitter:label1\" content=\"Skrevet av\" \/>\n\t<meta name=\"twitter:data1\" content=\"Ole Andersen\" \/>\n\t<meta name=\"twitter:label2\" content=\"Ansl. lesetid\" \/>\n\t<meta name=\"twitter:data2\" content=\"3 minutter\" \/>\n<script type=\"application\/ld+json\" class=\"yoast-schema-graph\">{\"@context\":\"https:\/\/schema.org\",\"@graph\":[{\"@type\":\"Article\",\"@id\":\"https:\/\/nordnesrepublikken.no\/index.php\/2025\/11\/30\/hvorfor-kalles-venezia-la-serenissima\/#article\",\"isPartOf\":{\"@id\":\"https:\/\/nordnesrepublikken.no\/index.php\/2025\/11\/30\/hvorfor-kalles-venezia-la-serenissima\/\"},\"author\":{\"name\":\"Ole Andersen\",\"@id\":\"https:\/\/nordnesrepublikken.no\/#\/schema\/person\/2e7e81935bab77882fffb79296240ff1\"},\"headline\":\"Hvorfor kalles Venezia &laquo;la Serenissima?&raquo;\",\"datePublished\":\"2025-11-30T20:50:36+00:00\",\"dateModified\":\"2025-11-30T20:50:42+00:00\",\"mainEntityOfPage\":{\"@id\":\"https:\/\/nordnesrepublikken.no\/index.php\/2025\/11\/30\/hvorfor-kalles-venezia-la-serenissima\/\"},\"wordCount\":557,\"publisher\":{\"@id\":\"https:\/\/nordnesrepublikken.no\/#organization\"},\"image\":{\"@id\":\"https:\/\/nordnesrepublikken.no\/index.php\/2025\/11\/30\/hvorfor-kalles-venezia-la-serenissima\/#primaryimage\"},\"thumbnailUrl\":\"https:\/\/nordnesrepublikken.no\/wp-content\/uploads\/2025\/11\/1764535837_Hvorfor-kalles-Venezia-la-Serenissima-scaled.jpg\",\"keywords\":[\"hvorfor\",\"kalles\",\"Serenissima\",\"Venezia\"],\"articleSection\":[\"Samfunn\"],\"inLanguage\":\"nb-NO\"},{\"@type\":\"WebPage\",\"@id\":\"https:\/\/nordnesrepublikken.no\/index.php\/2025\/11\/30\/hvorfor-kalles-venezia-la-serenissima\/\",\"url\":\"https:\/\/nordnesrepublikken.no\/index.php\/2025\/11\/30\/hvorfor-kalles-venezia-la-serenissima\/\",\"name\":\"Hvorfor kalles Venezia \\\"la Serenissima?\\\" - Nordnesrepublikken\",\"isPartOf\":{\"@id\":\"https:\/\/nordnesrepublikken.no\/#website\"},\"primaryImageOfPage\":{\"@id\":\"https:\/\/nordnesrepublikken.no\/index.php\/2025\/11\/30\/hvorfor-kalles-venezia-la-serenissima\/#primaryimage\"},\"image\":{\"@id\":\"https:\/\/nordnesrepublikken.no\/index.php\/2025\/11\/30\/hvorfor-kalles-venezia-la-serenissima\/#primaryimage\"},\"thumbnailUrl\":\"https:\/\/nordnesrepublikken.no\/wp-content\/uploads\/2025\/11\/1764535837_Hvorfor-kalles-Venezia-la-Serenissima-scaled.jpg\",\"datePublished\":\"2025-11-30T20:50:36+00:00\",\"dateModified\":\"2025-11-30T20:50:42+00:00\",\"breadcrumb\":{\"@id\":\"https:\/\/nordnesrepublikken.no\/index.php\/2025\/11\/30\/hvorfor-kalles-venezia-la-serenissima\/#breadcrumb\"},\"inLanguage\":\"nb-NO\",\"potentialAction\":[{\"@type\":\"ReadAction\",\"target\":[\"https:\/\/nordnesrepublikken.no\/index.php\/2025\/11\/30\/hvorfor-kalles-venezia-la-serenissima\/\"]}]},{\"@type\":\"ImageObject\",\"inLanguage\":\"nb-NO\",\"@id\":\"https:\/\/nordnesrepublikken.no\/index.php\/2025\/11\/30\/hvorfor-kalles-venezia-la-serenissima\/#primaryimage\",\"url\":\"https:\/\/nordnesrepublikken.no\/wp-content\/uploads\/2025\/11\/1764535837_Hvorfor-kalles-Venezia-la-Serenissima-scaled.jpg\",\"contentUrl\":\"https:\/\/nordnesrepublikken.no\/wp-content\/uploads\/2025\/11\/1764535837_Hvorfor-kalles-Venezia-la-Serenissima-scaled.jpg\",\"width\":2560,\"height\":1103,\"caption\":\"Hvorfor kalles Venezia \\\"la Serenissima?\\\"\"},{\"@type\":\"BreadcrumbList\",\"@id\":\"https:\/\/nordnesrepublikken.no\/index.php\/2025\/11\/30\/hvorfor-kalles-venezia-la-serenissima\/#breadcrumb\",\"itemListElement\":[{\"@type\":\"ListItem\",\"position\":1,\"name\":\"Home\",\"item\":\"https:\/\/nordnesrepublikken.no\/\"},{\"@type\":\"ListItem\",\"position\":2,\"name\":\"Hvorfor kalles Venezia &laquo;la Serenissima?&raquo;\"}]},{\"@type\":\"WebSite\",\"@id\":\"https:\/\/nordnesrepublikken.no\/#website\",\"url\":\"https:\/\/nordnesrepublikken.no\/\",\"name\":\"Nordnesrepublikken\",\"description\":\"Stemmer og Visjoner fra Republikkens Hjerte\",\"publisher\":{\"@id\":\"https:\/\/nordnesrepublikken.no\/#organization\"},\"potentialAction\":[{\"@type\":\"SearchAction\",\"target\":{\"@type\":\"EntryPoint\",\"urlTemplate\":\"https:\/\/nordnesrepublikken.no\/?s={search_term_string}\"},\"query-input\":{\"@type\":\"PropertyValueSpecification\",\"valueRequired\":true,\"valueName\":\"search_term_string\"}}],\"inLanguage\":\"nb-NO\"},{\"@type\":\"Organization\",\"@id\":\"https:\/\/nordnesrepublikken.no\/#organization\",\"name\":\"Nordnesrepublikken\",\"url\":\"https:\/\/nordnesrepublikken.no\/\",\"logo\":{\"@type\":\"ImageObject\",\"inLanguage\":\"nb-NO\",\"@id\":\"https:\/\/nordnesrepublikken.no\/#\/schema\/logo\/image\/\",\"url\":\"https:\/\/nordnesrepublikken.no\/wp-content\/uploads\/2025\/02\/cropped-nordnesrepublikken-2.png\",\"contentUrl\":\"https:\/\/nordnesrepublikken.no\/wp-content\/uploads\/2025\/02\/cropped-nordnesrepublikken-2.png\",\"width\":1248,\"height\":362,\"caption\":\"Nordnesrepublikken\"},\"image\":{\"@id\":\"https:\/\/nordnesrepublikken.no\/#\/schema\/logo\/image\/\"}},{\"@type\":\"Person\",\"@id\":\"https:\/\/nordnesrepublikken.no\/#\/schema\/person\/2e7e81935bab77882fffb79296240ff1\",\"name\":\"Ole Andersen\",\"image\":{\"@type\":\"ImageObject\",\"inLanguage\":\"nb-NO\",\"@id\":\"https:\/\/nordnesrepublikken.no\/#\/schema\/person\/image\/\",\"url\":\"https:\/\/nordnesrepublikken.no\/wp-content\/uploads\/2025\/02\/nordnesrepublikken-2-2-150x150.jpg\",\"contentUrl\":\"https:\/\/nordnesrepublikken.no\/wp-content\/uploads\/2025\/02\/nordnesrepublikken-2-2-150x150.jpg\",\"caption\":\"Ole Andersen\"},\"description\":\"Ettersom jeg vokste opp i Oslo, har jeg alltid v\u00e6rt fascinert av ordenes kraft og deres evne til \u00e5 skape endringer. Etter \u00e5 ha fullf\u00f8rt min utdannelse i kommunikasjon ved Universitetet i Bergen, fikk jeg muligheten til \u00e5 jobbe innen ulike medier, der jeg har s\u00f8kt \u00e5 belyse viktige samfunnssp\u00f8rsm\u00e5l. I dag, som redakt\u00f8r for Nordnesrepublikken, pr\u00f8ver jeg \u00e5 forene min kj\u00e6rlighet for journalistikk med min lidenskap for innovasjon og eventyr.\",\"sameAs\":[\"https:\/\/nordnesrepublikken.no\/\"]}]}<\/script>\n<!-- \/ Yoast SEO plugin. -->","yoast_head_json":{"title":"Hvorfor kalles Venezia \"la Serenissima?\" - Nordnesrepublikken","robots":{"index":"index","follow":"follow","max-snippet":"max-snippet:-1","max-image-preview":"max-image-preview:large","max-video-preview":"max-video-preview:-1"},"canonical":"https:\/\/nordnesrepublikken.no\/index.php\/2025\/11\/30\/hvorfor-kalles-venezia-la-serenissima\/","og_locale":"nb_NO","og_type":"article","og_title":"Hvorfor kalles Venezia \"la Serenissima?\" - Nordnesrepublikken","og_description":"Kanaler, karneval, vaporettos, gondoler, cicchetti: vi snakker \u00e5penbart om Venezia. Blant de mange s\u00e6regenhetene ved","og_url":"https:\/\/nordnesrepublikken.no\/index.php\/2025\/11\/30\/hvorfor-kalles-venezia-la-serenissima\/","og_site_name":"Nordnesrepublikken","article_published_time":"2025-11-30T20:50:36+00:00","article_modified_time":"2025-11-30T20:50:42+00:00","og_image":[{"width":2560,"height":1103,"url":"https:\/\/nordnesrepublikken.no\/wp-content\/uploads\/2025\/11\/1764535837_Hvorfor-kalles-Venezia-la-Serenissima-scaled.jpg","type":"image\/jpeg"}],"author":"Ole Andersen","twitter_card":"summary_large_image","twitter_misc":{"Skrevet av":"Ole Andersen","Ansl. lesetid":"3 minutter"},"schema":{"@context":"https:\/\/schema.org","@graph":[{"@type":"Article","@id":"https:\/\/nordnesrepublikken.no\/index.php\/2025\/11\/30\/hvorfor-kalles-venezia-la-serenissima\/#article","isPartOf":{"@id":"https:\/\/nordnesrepublikken.no\/index.php\/2025\/11\/30\/hvorfor-kalles-venezia-la-serenissima\/"},"author":{"name":"Ole Andersen","@id":"https:\/\/nordnesrepublikken.no\/#\/schema\/person\/2e7e81935bab77882fffb79296240ff1"},"headline":"Hvorfor kalles Venezia &laquo;la Serenissima?&raquo;","datePublished":"2025-11-30T20:50:36+00:00","dateModified":"2025-11-30T20:50:42+00:00","mainEntityOfPage":{"@id":"https:\/\/nordnesrepublikken.no\/index.php\/2025\/11\/30\/hvorfor-kalles-venezia-la-serenissima\/"},"wordCount":557,"publisher":{"@id":"https:\/\/nordnesrepublikken.no\/#organization"},"image":{"@id":"https:\/\/nordnesrepublikken.no\/index.php\/2025\/11\/30\/hvorfor-kalles-venezia-la-serenissima\/#primaryimage"},"thumbnailUrl":"https:\/\/nordnesrepublikken.no\/wp-content\/uploads\/2025\/11\/1764535837_Hvorfor-kalles-Venezia-la-Serenissima-scaled.jpg","keywords":["hvorfor","kalles","Serenissima","Venezia"],"articleSection":["Samfunn"],"inLanguage":"nb-NO"},{"@type":"WebPage","@id":"https:\/\/nordnesrepublikken.no\/index.php\/2025\/11\/30\/hvorfor-kalles-venezia-la-serenissima\/","url":"https:\/\/nordnesrepublikken.no\/index.php\/2025\/11\/30\/hvorfor-kalles-venezia-la-serenissima\/","name":"Hvorfor kalles Venezia \"la Serenissima?\" - Nordnesrepublikken","isPartOf":{"@id":"https:\/\/nordnesrepublikken.no\/#website"},"primaryImageOfPage":{"@id":"https:\/\/nordnesrepublikken.no\/index.php\/2025\/11\/30\/hvorfor-kalles-venezia-la-serenissima\/#primaryimage"},"image":{"@id":"https:\/\/nordnesrepublikken.no\/index.php\/2025\/11\/30\/hvorfor-kalles-venezia-la-serenissima\/#primaryimage"},"thumbnailUrl":"https:\/\/nordnesrepublikken.no\/wp-content\/uploads\/2025\/11\/1764535837_Hvorfor-kalles-Venezia-la-Serenissima-scaled.jpg","datePublished":"2025-11-30T20:50:36+00:00","dateModified":"2025-11-30T20:50:42+00:00","breadcrumb":{"@id":"https:\/\/nordnesrepublikken.no\/index.php\/2025\/11\/30\/hvorfor-kalles-venezia-la-serenissima\/#breadcrumb"},"inLanguage":"nb-NO","potentialAction":[{"@type":"ReadAction","target":["https:\/\/nordnesrepublikken.no\/index.php\/2025\/11\/30\/hvorfor-kalles-venezia-la-serenissima\/"]}]},{"@type":"ImageObject","inLanguage":"nb-NO","@id":"https:\/\/nordnesrepublikken.no\/index.php\/2025\/11\/30\/hvorfor-kalles-venezia-la-serenissima\/#primaryimage","url":"https:\/\/nordnesrepublikken.no\/wp-content\/uploads\/2025\/11\/1764535837_Hvorfor-kalles-Venezia-la-Serenissima-scaled.jpg","contentUrl":"https:\/\/nordnesrepublikken.no\/wp-content\/uploads\/2025\/11\/1764535837_Hvorfor-kalles-Venezia-la-Serenissima-scaled.jpg","width":2560,"height":1103,"caption":"Hvorfor kalles Venezia \"la Serenissima?\""},{"@type":"BreadcrumbList","@id":"https:\/\/nordnesrepublikken.no\/index.php\/2025\/11\/30\/hvorfor-kalles-venezia-la-serenissima\/#breadcrumb","itemListElement":[{"@type":"ListItem","position":1,"name":"Home","item":"https:\/\/nordnesrepublikken.no\/"},{"@type":"ListItem","position":2,"name":"Hvorfor kalles Venezia &laquo;la Serenissima?&raquo;"}]},{"@type":"WebSite","@id":"https:\/\/nordnesrepublikken.no\/#website","url":"https:\/\/nordnesrepublikken.no\/","name":"Nordnesrepublikken","description":"Stemmer og Visjoner fra Republikkens Hjerte","publisher":{"@id":"https:\/\/nordnesrepublikken.no\/#organization"},"potentialAction":[{"@type":"SearchAction","target":{"@type":"EntryPoint","urlTemplate":"https:\/\/nordnesrepublikken.no\/?s={search_term_string}"},"query-input":{"@type":"PropertyValueSpecification","valueRequired":true,"valueName":"search_term_string"}}],"inLanguage":"nb-NO"},{"@type":"Organization","@id":"https:\/\/nordnesrepublikken.no\/#organization","name":"Nordnesrepublikken","url":"https:\/\/nordnesrepublikken.no\/","logo":{"@type":"ImageObject","inLanguage":"nb-NO","@id":"https:\/\/nordnesrepublikken.no\/#\/schema\/logo\/image\/","url":"https:\/\/nordnesrepublikken.no\/wp-content\/uploads\/2025\/02\/cropped-nordnesrepublikken-2.png","contentUrl":"https:\/\/nordnesrepublikken.no\/wp-content\/uploads\/2025\/02\/cropped-nordnesrepublikken-2.png","width":1248,"height":362,"caption":"Nordnesrepublikken"},"image":{"@id":"https:\/\/nordnesrepublikken.no\/#\/schema\/logo\/image\/"}},{"@type":"Person","@id":"https:\/\/nordnesrepublikken.no\/#\/schema\/person\/2e7e81935bab77882fffb79296240ff1","name":"Ole Andersen","image":{"@type":"ImageObject","inLanguage":"nb-NO","@id":"https:\/\/nordnesrepublikken.no\/#\/schema\/person\/image\/","url":"https:\/\/nordnesrepublikken.no\/wp-content\/uploads\/2025\/02\/nordnesrepublikken-2-2-150x150.jpg","contentUrl":"https:\/\/nordnesrepublikken.no\/wp-content\/uploads\/2025\/02\/nordnesrepublikken-2-2-150x150.jpg","caption":"Ole Andersen"},"description":"Ettersom jeg vokste opp i Oslo, har jeg alltid v\u00e6rt fascinert av ordenes kraft og deres evne til \u00e5 skape endringer. Etter \u00e5 ha fullf\u00f8rt min utdannelse i kommunikasjon ved Universitetet i Bergen, fikk jeg muligheten til \u00e5 jobbe innen ulike medier, der jeg har s\u00f8kt \u00e5 belyse viktige samfunnssp\u00f8rsm\u00e5l. I dag, som redakt\u00f8r for Nordnesrepublikken, pr\u00f8ver jeg \u00e5 forene min kj\u00e6rlighet for journalistikk med min lidenskap for innovasjon og eventyr.","sameAs":["https:\/\/nordnesrepublikken.no\/"]}]}},"_links":{"self":[{"href":"https:\/\/nordnesrepublikken.no\/index.php\/wp-json\/wp\/v2\/posts\/12297","targetHints":{"allow":["GET"]}}],"collection":[{"href":"https:\/\/nordnesrepublikken.no\/index.php\/wp-json\/wp\/v2\/posts"}],"about":[{"href":"https:\/\/nordnesrepublikken.no\/index.php\/wp-json\/wp\/v2\/types\/post"}],"author":[{"embeddable":true,"href":"https:\/\/nordnesrepublikken.no\/index.php\/wp-json\/wp\/v2\/users\/1"}],"replies":[{"embeddable":true,"href":"https:\/\/nordnesrepublikken.no\/index.php\/wp-json\/wp\/v2\/comments?post=12297"}],"version-history":[{"count":1,"href":"https:\/\/nordnesrepublikken.no\/index.php\/wp-json\/wp\/v2\/posts\/12297\/revisions"}],"predecessor-version":[{"id":12299,"href":"https:\/\/nordnesrepublikken.no\/index.php\/wp-json\/wp\/v2\/posts\/12297\/revisions\/12299"}],"wp:featuredmedia":[{"embeddable":true,"href":"https:\/\/nordnesrepublikken.no\/index.php\/wp-json\/wp\/v2\/media\/12298"}],"wp:attachment":[{"href":"https:\/\/nordnesrepublikken.no\/index.php\/wp-json\/wp\/v2\/media?parent=12297"}],"wp:term":[{"taxonomy":"category","embeddable":true,"href":"https:\/\/nordnesrepublikken.no\/index.php\/wp-json\/wp\/v2\/categories?post=12297"},{"taxonomy":"post_tag","embeddable":true,"href":"https:\/\/nordnesrepublikken.no\/index.php\/wp-json\/wp\/v2\/tags?post=12297"}],"curies":[{"name":"wp","href":"https:\/\/api.w.org\/{rel}","templated":true}]}}