{"id":12294,"date":"2025-11-30T20:51:11","date_gmt":"2025-11-30T19:51:11","guid":{"rendered":"https:\/\/nordnesrepublikken.no\/index.php\/2025\/11\/30\/ground-them-now-airbus-beordrer-umiddelbar-stans-av-6000-a320-flyvninger-pa-grunn-av-solstralingsrisiko\/"},"modified":"2025-11-30T20:51:12","modified_gmt":"2025-11-30T19:51:12","slug":"ground-them-now-airbus-beordrer-umiddelbar-stans-av-6000-a320-flyvninger-pa-grunn-av-solstralingsrisiko","status":"publish","type":"post","link":"https:\/\/nordnesrepublikken.no\/index.php\/2025\/11\/30\/ground-them-now-airbus-beordrer-umiddelbar-stans-av-6000-a320-flyvninger-pa-grunn-av-solstralingsrisiko\/","title":{"rendered":"&laquo;Ground them now&raquo;: Airbus beordrer umiddelbar stans av 6000 A320-flyvninger p\u00e5 grunn av solstr\u00e5lingsrisiko"},"content":{"rendered":"<p><\/p>\n<div class=\"wordpress-content\">\n                    <!-- Article Start --><\/p>\n<p>Flyselskaper rundt om i verden ble overrumplet p\u00e5 fredag \u200b\u200better at Airbus ga ut en hasteinstruks om \u00e5 bakke tusenvis av A320-familiefly, etter oppdagelsen av en programvares\u00e5rbarhet knyttet til solstr\u00e5ling. Ordren ber\u00f8rer rundt 6000 jetfly, noe som gj\u00f8r den til en av de mest omfattende sikkerhetsvarslene produsenten noen gang har gitt ut.<\/p>\n<p>Avgj\u00f8relsen kommer etter en teknisk hendelse som involverte et JetBlue-fly i USA i slutten av oktober \u2013 en hendelse som utl\u00f8ste en dypere etterforskning inne i Airbus.<\/p>\n<h2>En JetBlue-hendelse avdekker en skjult svakhet<\/h2>\n<p>Det som satte alt i gang var en tilsynelatende isolert funksjonsfeil. En JetBlue A320 opplevde et uvanlig teknisk problem under en flytur, noe som fikk Airbus til \u00e5 se n\u00e6rmere p\u00e5 programvaren som administrerer flykontrollkommandoer.<\/p>\n<div class=\"sra_unit\"><link rel=\"stylesheet\" id=\"block-sra\" href=\"https:\/\/euroweeklynews.com\/wp-content\/plugins\/snack-related-articles\/dist\/css\/snack-related.min.css?250312-193541\" type=\"text\/css\" media=\"all\">\n<\/div>\n<p>Og det ingeni\u00f8rene fant var bekymringsfullt.<\/p>\n<p>If\u00f8lge Airbus avsl\u00f8rte hendelsen at intense utbrudd av solstr\u00e5ling kunne \u00f8delegge kritiske kontrolldata, og potensielt p\u00e5virke flyets flykommandoer. Ikke noe noen vil h\u00f8re n\u00e5r man snakker om verdens mest brukte passasjerfly.<\/p>\n<h2>6000 A320-er ber\u00f8rt over hele verden<\/h2>\n<p>Skalaen er enorm. A320-familien er ryggraden i kort- og mellomdistanseflyvning \u2013 brukt av dusinvis av flyselskaper over hele Europa, Asia, Midt\u00f8sten og Amerika. Mens Airbus ikke har avsl\u00f8rt hvilke flyselskaper som er ber\u00f8rt, sier kilder i industrien at de fleste store operat\u00f8rer n\u00e5 pr\u00f8ver \u00e5 oppdatere fl\u00e5tene sine.<\/p>\n<p>Problemet er spesifikt for \u00e9n programvareversjon som brukes i flykontrollsystemet. Ikke hver A320 er ber\u00f8rt, men antallet \u2013 omtrent 6000 \u2013 er fortsatt svimlende.<\/p>\n<p>Flyselskaper pr\u00f8ver n\u00e5 \u00e5 sjonglere tidsplaner, unng\u00e5 massekanselleringer og installere l\u00f8sningen s\u00e5 raskt som mulig. Noen har allerede varslet om forsinkelser i helgen.<\/p>\n<h2>Et kappl\u00f8p mot tiden for \u00e5 installere reparasjonen<\/h2>\n<p>Airbus har allerede utgitt den oppdaterte programvaren, men \u00e5 bruke den p\u00e5 tusenvis av fly er ingen liten oppgave. Teknikere m\u00e5 gjennomf\u00f8re oppdateringen p\u00e5 hvert enkelt jetfly f\u00f8r det kan fly igjen. Avhengig av st\u00f8rrelsen p\u00e5 hvert flyselskaps fl\u00e5te, kan noen operat\u00f8rer m\u00f8te betydelige forstyrrelser.<\/p>\n<p>Og Airbus selv erkjenner \u00e5pent at utrullingen vil for\u00e5rsake driftshodepine.<\/p>\n<p>I sin kommunikasjon til flyselskapene uttalte produsenten: &laquo;Airbus forventer at den obligatoriske inspeksjonen av hundrevis av fly vil f\u00f8re til driftsforstyrrelser for flyselskapene og deres passasjerer. Vi beklager ulempene dette kan medf\u00f8re og vil jobbe tett med alle operat\u00f8rer, med sikkerhet som fortsatt v\u00e5r f\u00f8rsteprioritet.&raquo;<\/p>\n<p>Til tross for omfanget av grunnst\u00f8tingen, insisterer Airbus p\u00e5 at det ikke var noen sikkerhetshendelser utover den f\u00f8rste tekniske hendelsen, og at l\u00f8sningen fullt ut l\u00f8ser s\u00e5rbarheten.<\/p>\n<p>Likevel fremhever situasjonen en \u00f8kende utfordring for moderne luftfart: fly fullpakket med elektronikk er mer utsatt for romv\u00e6r enn noen gang f\u00f8r.<\/p>\n<p>Mens flyselskapene fortsetter med \u00e5 installere programvareoppdateringen, f\u00f8lger myndigheter over hele verden n\u00f8ye med p\u00e5 utviklingen. Forel\u00f8pig kan passasjerer m\u00f8te forsinkelser \u2013 men meldingen fra bransjen er klar: bedre trygt enn beklager.<\/p>\n<p>                    <!-- Originally published at https:\/\/euroweeklynews.com\/2025\/11\/28\/ground-them-now-airbus-orders-immediate-halt-to-6000-a320-flights-over-solar-radiation-risk\/ on 28 Nov 2025 at 20:48 by Farah Mokrani --><br \/>\n                    <!-- Article End -->\n                <\/div>\n","protected":false},"excerpt":{"rendered":"<p>Flyselskaper rundt om i verden ble overrumplet p\u00e5 fredag \u200b\u200better at Airbus ga ut en<\/p>\n","protected":false},"author":1,"featured_media":12295,"comment_status":"closed","ping_status":"open","sticky":false,"template":"","format":"standard","meta":{"footnotes":""},"categories":[105],"tags":[8088,2806,8085,6172,576,81,8089,8087,8086],"class_list":["post-12294","post","type-post","status-publish","format-standard","has-post-thumbnail","hentry","category-livsstil","tag-a320flyvninger","tag-airbus","tag-beordrer","tag-ground","tag-grunn","tag-pa","tag-solstralingsrisiko","tag-stans","tag-umiddelbar","generate-columns","tablet-grid-50","mobile-grid-100","grid-parent","grid-33","resize-featured-image"],"yoast_head":"<!-- This site is optimized with the Yoast SEO plugin v24.4 - https:\/\/yoast.com\/wordpress\/plugins\/seo\/ -->\n<title>&quot;Ground them now&quot;: Airbus beordrer umiddelbar stans av 6000 A320-flyvninger p\u00e5 grunn av solstr\u00e5lingsrisiko - Nordnesrepublikken<\/title>\n<meta name=\"robots\" content=\"index, follow, max-snippet:-1, max-image-preview:large, max-video-preview:-1\" \/>\n<link rel=\"canonical\" href=\"https:\/\/nordnesrepublikken.no\/index.php\/2025\/11\/30\/ground-them-now-airbus-beordrer-umiddelbar-stans-av-6000-a320-flyvninger-pa-grunn-av-solstralingsrisiko\/\" \/>\n<meta property=\"og:locale\" content=\"nb_NO\" \/>\n<meta property=\"og:type\" content=\"article\" \/>\n<meta property=\"og:title\" content=\"&quot;Ground them now&quot;: Airbus beordrer umiddelbar stans av 6000 A320-flyvninger p\u00e5 grunn av solstr\u00e5lingsrisiko - Nordnesrepublikken\" \/>\n<meta property=\"og:description\" content=\"Flyselskaper rundt om i verden ble overrumplet p\u00e5 fredag \u200b\u200better at Airbus ga ut en\" \/>\n<meta property=\"og:url\" content=\"https:\/\/nordnesrepublikken.no\/index.php\/2025\/11\/30\/ground-them-now-airbus-beordrer-umiddelbar-stans-av-6000-a320-flyvninger-pa-grunn-av-solstralingsrisiko\/\" \/>\n<meta property=\"og:site_name\" content=\"Nordnesrepublikken\" \/>\n<meta property=\"article:published_time\" content=\"2025-11-30T19:51:11+00:00\" \/>\n<meta property=\"article:modified_time\" content=\"2025-11-30T19:51:12+00:00\" \/>\n<meta property=\"og:image\" content=\"https:\/\/nordnesrepublikken.no\/wp-content\/uploads\/2025\/11\/1764532272_Ground-them-now-Airbus-beordrer-umiddelbar-stans-av-6000-A320-flyvninger.jpg\" \/>\n\t<meta property=\"og:image:width\" content=\"1200\" \/>\n\t<meta property=\"og:image:height\" content=\"800\" \/>\n\t<meta property=\"og:image:type\" content=\"image\/jpeg\" \/>\n<meta name=\"author\" content=\"Ole Andersen\" \/>\n<meta name=\"twitter:card\" content=\"summary_large_image\" \/>\n<meta name=\"twitter:label1\" content=\"Skrevet av\" \/>\n\t<meta name=\"twitter:data1\" content=\"Ole Andersen\" \/>\n\t<meta name=\"twitter:label2\" content=\"Ansl. lesetid\" \/>\n\t<meta name=\"twitter:data2\" content=\"2 minutter\" \/>\n<script type=\"application\/ld+json\" class=\"yoast-schema-graph\">{\"@context\":\"https:\/\/schema.org\",\"@graph\":[{\"@type\":\"Article\",\"@id\":\"https:\/\/nordnesrepublikken.no\/index.php\/2025\/11\/30\/ground-them-now-airbus-beordrer-umiddelbar-stans-av-6000-a320-flyvninger-pa-grunn-av-solstralingsrisiko\/#article\",\"isPartOf\":{\"@id\":\"https:\/\/nordnesrepublikken.no\/index.php\/2025\/11\/30\/ground-them-now-airbus-beordrer-umiddelbar-stans-av-6000-a320-flyvninger-pa-grunn-av-solstralingsrisiko\/\"},\"author\":{\"name\":\"Ole Andersen\",\"@id\":\"https:\/\/nordnesrepublikken.no\/#\/schema\/person\/2e7e81935bab77882fffb79296240ff1\"},\"headline\":\"&laquo;Ground them now&raquo;: Airbus beordrer umiddelbar stans av 6000 A320-flyvninger p\u00e5 grunn av solstr\u00e5lingsrisiko\",\"datePublished\":\"2025-11-30T19:51:11+00:00\",\"dateModified\":\"2025-11-30T19:51:12+00:00\",\"mainEntityOfPage\":{\"@id\":\"https:\/\/nordnesrepublikken.no\/index.php\/2025\/11\/30\/ground-them-now-airbus-beordrer-umiddelbar-stans-av-6000-a320-flyvninger-pa-grunn-av-solstralingsrisiko\/\"},\"wordCount\":498,\"publisher\":{\"@id\":\"https:\/\/nordnesrepublikken.no\/#organization\"},\"image\":{\"@id\":\"https:\/\/nordnesrepublikken.no\/index.php\/2025\/11\/30\/ground-them-now-airbus-beordrer-umiddelbar-stans-av-6000-a320-flyvninger-pa-grunn-av-solstralingsrisiko\/#primaryimage\"},\"thumbnailUrl\":\"https:\/\/nordnesrepublikken.no\/wp-content\/uploads\/2025\/11\/1764532272_Ground-them-now-Airbus-beordrer-umiddelbar-stans-av-6000-A320-flyvninger.jpg\",\"keywords\":[\"A320flyvninger\",\"Airbus\",\"beordrer\",\"Ground\",\"grunn\",\"p\u00e5\",\"solstr\u00e5lingsrisiko\",\"stans\",\"umiddelbar\"],\"articleSection\":[\"Livsstil\"],\"inLanguage\":\"nb-NO\"},{\"@type\":\"WebPage\",\"@id\":\"https:\/\/nordnesrepublikken.no\/index.php\/2025\/11\/30\/ground-them-now-airbus-beordrer-umiddelbar-stans-av-6000-a320-flyvninger-pa-grunn-av-solstralingsrisiko\/\",\"url\":\"https:\/\/nordnesrepublikken.no\/index.php\/2025\/11\/30\/ground-them-now-airbus-beordrer-umiddelbar-stans-av-6000-a320-flyvninger-pa-grunn-av-solstralingsrisiko\/\",\"name\":\"\\\"Ground them now\\\": Airbus beordrer umiddelbar stans av 6000 A320-flyvninger p\u00e5 grunn av solstr\u00e5lingsrisiko - Nordnesrepublikken\",\"isPartOf\":{\"@id\":\"https:\/\/nordnesrepublikken.no\/#website\"},\"primaryImageOfPage\":{\"@id\":\"https:\/\/nordnesrepublikken.no\/index.php\/2025\/11\/30\/ground-them-now-airbus-beordrer-umiddelbar-stans-av-6000-a320-flyvninger-pa-grunn-av-solstralingsrisiko\/#primaryimage\"},\"image\":{\"@id\":\"https:\/\/nordnesrepublikken.no\/index.php\/2025\/11\/30\/ground-them-now-airbus-beordrer-umiddelbar-stans-av-6000-a320-flyvninger-pa-grunn-av-solstralingsrisiko\/#primaryimage\"},\"thumbnailUrl\":\"https:\/\/nordnesrepublikken.no\/wp-content\/uploads\/2025\/11\/1764532272_Ground-them-now-Airbus-beordrer-umiddelbar-stans-av-6000-A320-flyvninger.jpg\",\"datePublished\":\"2025-11-30T19:51:11+00:00\",\"dateModified\":\"2025-11-30T19:51:12+00:00\",\"breadcrumb\":{\"@id\":\"https:\/\/nordnesrepublikken.no\/index.php\/2025\/11\/30\/ground-them-now-airbus-beordrer-umiddelbar-stans-av-6000-a320-flyvninger-pa-grunn-av-solstralingsrisiko\/#breadcrumb\"},\"inLanguage\":\"nb-NO\",\"potentialAction\":[{\"@type\":\"ReadAction\",\"target\":[\"https:\/\/nordnesrepublikken.no\/index.php\/2025\/11\/30\/ground-them-now-airbus-beordrer-umiddelbar-stans-av-6000-a320-flyvninger-pa-grunn-av-solstralingsrisiko\/\"]}]},{\"@type\":\"ImageObject\",\"inLanguage\":\"nb-NO\",\"@id\":\"https:\/\/nordnesrepublikken.no\/index.php\/2025\/11\/30\/ground-them-now-airbus-beordrer-umiddelbar-stans-av-6000-a320-flyvninger-pa-grunn-av-solstralingsrisiko\/#primaryimage\",\"url\":\"https:\/\/nordnesrepublikken.no\/wp-content\/uploads\/2025\/11\/1764532272_Ground-them-now-Airbus-beordrer-umiddelbar-stans-av-6000-A320-flyvninger.jpg\",\"contentUrl\":\"https:\/\/nordnesrepublikken.no\/wp-content\/uploads\/2025\/11\/1764532272_Ground-them-now-Airbus-beordrer-umiddelbar-stans-av-6000-A320-flyvninger.jpg\",\"width\":1200,\"height\":800,\"caption\":\"\\\"Ground them now\\\": Airbus beordrer umiddelbar stans av 6000 A320-flyvninger p\u00e5 grunn av solstr\u00e5lingsrisiko\"},{\"@type\":\"BreadcrumbList\",\"@id\":\"https:\/\/nordnesrepublikken.no\/index.php\/2025\/11\/30\/ground-them-now-airbus-beordrer-umiddelbar-stans-av-6000-a320-flyvninger-pa-grunn-av-solstralingsrisiko\/#breadcrumb\",\"itemListElement\":[{\"@type\":\"ListItem\",\"position\":1,\"name\":\"Home\",\"item\":\"https:\/\/nordnesrepublikken.no\/\"},{\"@type\":\"ListItem\",\"position\":2,\"name\":\"&laquo;Ground them now&raquo;: Airbus beordrer umiddelbar stans av 6000 A320-flyvninger p\u00e5 grunn av solstr\u00e5lingsrisiko\"}]},{\"@type\":\"WebSite\",\"@id\":\"https:\/\/nordnesrepublikken.no\/#website\",\"url\":\"https:\/\/nordnesrepublikken.no\/\",\"name\":\"Nordnesrepublikken\",\"description\":\"Stemmer og Visjoner fra Republikkens Hjerte\",\"publisher\":{\"@id\":\"https:\/\/nordnesrepublikken.no\/#organization\"},\"potentialAction\":[{\"@type\":\"SearchAction\",\"target\":{\"@type\":\"EntryPoint\",\"urlTemplate\":\"https:\/\/nordnesrepublikken.no\/?s={search_term_string}\"},\"query-input\":{\"@type\":\"PropertyValueSpecification\",\"valueRequired\":true,\"valueName\":\"search_term_string\"}}],\"inLanguage\":\"nb-NO\"},{\"@type\":\"Organization\",\"@id\":\"https:\/\/nordnesrepublikken.no\/#organization\",\"name\":\"Nordnesrepublikken\",\"url\":\"https:\/\/nordnesrepublikken.no\/\",\"logo\":{\"@type\":\"ImageObject\",\"inLanguage\":\"nb-NO\",\"@id\":\"https:\/\/nordnesrepublikken.no\/#\/schema\/logo\/image\/\",\"url\":\"https:\/\/nordnesrepublikken.no\/wp-content\/uploads\/2025\/02\/cropped-nordnesrepublikken-2.png\",\"contentUrl\":\"https:\/\/nordnesrepublikken.no\/wp-content\/uploads\/2025\/02\/cropped-nordnesrepublikken-2.png\",\"width\":1248,\"height\":362,\"caption\":\"Nordnesrepublikken\"},\"image\":{\"@id\":\"https:\/\/nordnesrepublikken.no\/#\/schema\/logo\/image\/\"}},{\"@type\":\"Person\",\"@id\":\"https:\/\/nordnesrepublikken.no\/#\/schema\/person\/2e7e81935bab77882fffb79296240ff1\",\"name\":\"Ole Andersen\",\"image\":{\"@type\":\"ImageObject\",\"inLanguage\":\"nb-NO\",\"@id\":\"https:\/\/nordnesrepublikken.no\/#\/schema\/person\/image\/\",\"url\":\"https:\/\/nordnesrepublikken.no\/wp-content\/uploads\/2025\/02\/nordnesrepublikken-2-2-150x150.jpg\",\"contentUrl\":\"https:\/\/nordnesrepublikken.no\/wp-content\/uploads\/2025\/02\/nordnesrepublikken-2-2-150x150.jpg\",\"caption\":\"Ole Andersen\"},\"description\":\"Ettersom jeg vokste opp i Oslo, har jeg alltid v\u00e6rt fascinert av ordenes kraft og deres evne til \u00e5 skape endringer. Etter \u00e5 ha fullf\u00f8rt min utdannelse i kommunikasjon ved Universitetet i Bergen, fikk jeg muligheten til \u00e5 jobbe innen ulike medier, der jeg har s\u00f8kt \u00e5 belyse viktige samfunnssp\u00f8rsm\u00e5l. I dag, som redakt\u00f8r for Nordnesrepublikken, pr\u00f8ver jeg \u00e5 forene min kj\u00e6rlighet for journalistikk med min lidenskap for innovasjon og eventyr.\",\"sameAs\":[\"https:\/\/nordnesrepublikken.no\/\"]}]}<\/script>\n<!-- \/ Yoast SEO plugin. -->","yoast_head_json":{"title":"\"Ground them now\": Airbus beordrer umiddelbar stans av 6000 A320-flyvninger p\u00e5 grunn av solstr\u00e5lingsrisiko - Nordnesrepublikken","robots":{"index":"index","follow":"follow","max-snippet":"max-snippet:-1","max-image-preview":"max-image-preview:large","max-video-preview":"max-video-preview:-1"},"canonical":"https:\/\/nordnesrepublikken.no\/index.php\/2025\/11\/30\/ground-them-now-airbus-beordrer-umiddelbar-stans-av-6000-a320-flyvninger-pa-grunn-av-solstralingsrisiko\/","og_locale":"nb_NO","og_type":"article","og_title":"\"Ground them now\": Airbus beordrer umiddelbar stans av 6000 A320-flyvninger p\u00e5 grunn av solstr\u00e5lingsrisiko - Nordnesrepublikken","og_description":"Flyselskaper rundt om i verden ble overrumplet p\u00e5 fredag \u200b\u200better at Airbus ga ut en","og_url":"https:\/\/nordnesrepublikken.no\/index.php\/2025\/11\/30\/ground-them-now-airbus-beordrer-umiddelbar-stans-av-6000-a320-flyvninger-pa-grunn-av-solstralingsrisiko\/","og_site_name":"Nordnesrepublikken","article_published_time":"2025-11-30T19:51:11+00:00","article_modified_time":"2025-11-30T19:51:12+00:00","og_image":[{"width":1200,"height":800,"url":"https:\/\/nordnesrepublikken.no\/wp-content\/uploads\/2025\/11\/1764532272_Ground-them-now-Airbus-beordrer-umiddelbar-stans-av-6000-A320-flyvninger.jpg","type":"image\/jpeg"}],"author":"Ole Andersen","twitter_card":"summary_large_image","twitter_misc":{"Skrevet av":"Ole Andersen","Ansl. lesetid":"2 minutter"},"schema":{"@context":"https:\/\/schema.org","@graph":[{"@type":"Article","@id":"https:\/\/nordnesrepublikken.no\/index.php\/2025\/11\/30\/ground-them-now-airbus-beordrer-umiddelbar-stans-av-6000-a320-flyvninger-pa-grunn-av-solstralingsrisiko\/#article","isPartOf":{"@id":"https:\/\/nordnesrepublikken.no\/index.php\/2025\/11\/30\/ground-them-now-airbus-beordrer-umiddelbar-stans-av-6000-a320-flyvninger-pa-grunn-av-solstralingsrisiko\/"},"author":{"name":"Ole Andersen","@id":"https:\/\/nordnesrepublikken.no\/#\/schema\/person\/2e7e81935bab77882fffb79296240ff1"},"headline":"&laquo;Ground them now&raquo;: Airbus beordrer umiddelbar stans av 6000 A320-flyvninger p\u00e5 grunn av solstr\u00e5lingsrisiko","datePublished":"2025-11-30T19:51:11+00:00","dateModified":"2025-11-30T19:51:12+00:00","mainEntityOfPage":{"@id":"https:\/\/nordnesrepublikken.no\/index.php\/2025\/11\/30\/ground-them-now-airbus-beordrer-umiddelbar-stans-av-6000-a320-flyvninger-pa-grunn-av-solstralingsrisiko\/"},"wordCount":498,"publisher":{"@id":"https:\/\/nordnesrepublikken.no\/#organization"},"image":{"@id":"https:\/\/nordnesrepublikken.no\/index.php\/2025\/11\/30\/ground-them-now-airbus-beordrer-umiddelbar-stans-av-6000-a320-flyvninger-pa-grunn-av-solstralingsrisiko\/#primaryimage"},"thumbnailUrl":"https:\/\/nordnesrepublikken.no\/wp-content\/uploads\/2025\/11\/1764532272_Ground-them-now-Airbus-beordrer-umiddelbar-stans-av-6000-A320-flyvninger.jpg","keywords":["A320flyvninger","Airbus","beordrer","Ground","grunn","p\u00e5","solstr\u00e5lingsrisiko","stans","umiddelbar"],"articleSection":["Livsstil"],"inLanguage":"nb-NO"},{"@type":"WebPage","@id":"https:\/\/nordnesrepublikken.no\/index.php\/2025\/11\/30\/ground-them-now-airbus-beordrer-umiddelbar-stans-av-6000-a320-flyvninger-pa-grunn-av-solstralingsrisiko\/","url":"https:\/\/nordnesrepublikken.no\/index.php\/2025\/11\/30\/ground-them-now-airbus-beordrer-umiddelbar-stans-av-6000-a320-flyvninger-pa-grunn-av-solstralingsrisiko\/","name":"\"Ground them now\": Airbus beordrer umiddelbar stans av 6000 A320-flyvninger p\u00e5 grunn av solstr\u00e5lingsrisiko - Nordnesrepublikken","isPartOf":{"@id":"https:\/\/nordnesrepublikken.no\/#website"},"primaryImageOfPage":{"@id":"https:\/\/nordnesrepublikken.no\/index.php\/2025\/11\/30\/ground-them-now-airbus-beordrer-umiddelbar-stans-av-6000-a320-flyvninger-pa-grunn-av-solstralingsrisiko\/#primaryimage"},"image":{"@id":"https:\/\/nordnesrepublikken.no\/index.php\/2025\/11\/30\/ground-them-now-airbus-beordrer-umiddelbar-stans-av-6000-a320-flyvninger-pa-grunn-av-solstralingsrisiko\/#primaryimage"},"thumbnailUrl":"https:\/\/nordnesrepublikken.no\/wp-content\/uploads\/2025\/11\/1764532272_Ground-them-now-Airbus-beordrer-umiddelbar-stans-av-6000-A320-flyvninger.jpg","datePublished":"2025-11-30T19:51:11+00:00","dateModified":"2025-11-30T19:51:12+00:00","breadcrumb":{"@id":"https:\/\/nordnesrepublikken.no\/index.php\/2025\/11\/30\/ground-them-now-airbus-beordrer-umiddelbar-stans-av-6000-a320-flyvninger-pa-grunn-av-solstralingsrisiko\/#breadcrumb"},"inLanguage":"nb-NO","potentialAction":[{"@type":"ReadAction","target":["https:\/\/nordnesrepublikken.no\/index.php\/2025\/11\/30\/ground-them-now-airbus-beordrer-umiddelbar-stans-av-6000-a320-flyvninger-pa-grunn-av-solstralingsrisiko\/"]}]},{"@type":"ImageObject","inLanguage":"nb-NO","@id":"https:\/\/nordnesrepublikken.no\/index.php\/2025\/11\/30\/ground-them-now-airbus-beordrer-umiddelbar-stans-av-6000-a320-flyvninger-pa-grunn-av-solstralingsrisiko\/#primaryimage","url":"https:\/\/nordnesrepublikken.no\/wp-content\/uploads\/2025\/11\/1764532272_Ground-them-now-Airbus-beordrer-umiddelbar-stans-av-6000-A320-flyvninger.jpg","contentUrl":"https:\/\/nordnesrepublikken.no\/wp-content\/uploads\/2025\/11\/1764532272_Ground-them-now-Airbus-beordrer-umiddelbar-stans-av-6000-A320-flyvninger.jpg","width":1200,"height":800,"caption":"\"Ground them now\": Airbus beordrer umiddelbar stans av 6000 A320-flyvninger p\u00e5 grunn av solstr\u00e5lingsrisiko"},{"@type":"BreadcrumbList","@id":"https:\/\/nordnesrepublikken.no\/index.php\/2025\/11\/30\/ground-them-now-airbus-beordrer-umiddelbar-stans-av-6000-a320-flyvninger-pa-grunn-av-solstralingsrisiko\/#breadcrumb","itemListElement":[{"@type":"ListItem","position":1,"name":"Home","item":"https:\/\/nordnesrepublikken.no\/"},{"@type":"ListItem","position":2,"name":"&laquo;Ground them now&raquo;: Airbus beordrer umiddelbar stans av 6000 A320-flyvninger p\u00e5 grunn av solstr\u00e5lingsrisiko"}]},{"@type":"WebSite","@id":"https:\/\/nordnesrepublikken.no\/#website","url":"https:\/\/nordnesrepublikken.no\/","name":"Nordnesrepublikken","description":"Stemmer og Visjoner fra Republikkens Hjerte","publisher":{"@id":"https:\/\/nordnesrepublikken.no\/#organization"},"potentialAction":[{"@type":"SearchAction","target":{"@type":"EntryPoint","urlTemplate":"https:\/\/nordnesrepublikken.no\/?s={search_term_string}"},"query-input":{"@type":"PropertyValueSpecification","valueRequired":true,"valueName":"search_term_string"}}],"inLanguage":"nb-NO"},{"@type":"Organization","@id":"https:\/\/nordnesrepublikken.no\/#organization","name":"Nordnesrepublikken","url":"https:\/\/nordnesrepublikken.no\/","logo":{"@type":"ImageObject","inLanguage":"nb-NO","@id":"https:\/\/nordnesrepublikken.no\/#\/schema\/logo\/image\/","url":"https:\/\/nordnesrepublikken.no\/wp-content\/uploads\/2025\/02\/cropped-nordnesrepublikken-2.png","contentUrl":"https:\/\/nordnesrepublikken.no\/wp-content\/uploads\/2025\/02\/cropped-nordnesrepublikken-2.png","width":1248,"height":362,"caption":"Nordnesrepublikken"},"image":{"@id":"https:\/\/nordnesrepublikken.no\/#\/schema\/logo\/image\/"}},{"@type":"Person","@id":"https:\/\/nordnesrepublikken.no\/#\/schema\/person\/2e7e81935bab77882fffb79296240ff1","name":"Ole Andersen","image":{"@type":"ImageObject","inLanguage":"nb-NO","@id":"https:\/\/nordnesrepublikken.no\/#\/schema\/person\/image\/","url":"https:\/\/nordnesrepublikken.no\/wp-content\/uploads\/2025\/02\/nordnesrepublikken-2-2-150x150.jpg","contentUrl":"https:\/\/nordnesrepublikken.no\/wp-content\/uploads\/2025\/02\/nordnesrepublikken-2-2-150x150.jpg","caption":"Ole Andersen"},"description":"Ettersom jeg vokste opp i Oslo, har jeg alltid v\u00e6rt fascinert av ordenes kraft og deres evne til \u00e5 skape endringer. Etter \u00e5 ha fullf\u00f8rt min utdannelse i kommunikasjon ved Universitetet i Bergen, fikk jeg muligheten til \u00e5 jobbe innen ulike medier, der jeg har s\u00f8kt \u00e5 belyse viktige samfunnssp\u00f8rsm\u00e5l. I dag, som redakt\u00f8r for Nordnesrepublikken, pr\u00f8ver jeg \u00e5 forene min kj\u00e6rlighet for journalistikk med min lidenskap for innovasjon og eventyr.","sameAs":["https:\/\/nordnesrepublikken.no\/"]}]}},"_links":{"self":[{"href":"https:\/\/nordnesrepublikken.no\/index.php\/wp-json\/wp\/v2\/posts\/12294","targetHints":{"allow":["GET"]}}],"collection":[{"href":"https:\/\/nordnesrepublikken.no\/index.php\/wp-json\/wp\/v2\/posts"}],"about":[{"href":"https:\/\/nordnesrepublikken.no\/index.php\/wp-json\/wp\/v2\/types\/post"}],"author":[{"embeddable":true,"href":"https:\/\/nordnesrepublikken.no\/index.php\/wp-json\/wp\/v2\/users\/1"}],"replies":[{"embeddable":true,"href":"https:\/\/nordnesrepublikken.no\/index.php\/wp-json\/wp\/v2\/comments?post=12294"}],"version-history":[{"count":1,"href":"https:\/\/nordnesrepublikken.no\/index.php\/wp-json\/wp\/v2\/posts\/12294\/revisions"}],"predecessor-version":[{"id":12296,"href":"https:\/\/nordnesrepublikken.no\/index.php\/wp-json\/wp\/v2\/posts\/12294\/revisions\/12296"}],"wp:featuredmedia":[{"embeddable":true,"href":"https:\/\/nordnesrepublikken.no\/index.php\/wp-json\/wp\/v2\/media\/12295"}],"wp:attachment":[{"href":"https:\/\/nordnesrepublikken.no\/index.php\/wp-json\/wp\/v2\/media?parent=12294"}],"wp:term":[{"taxonomy":"category","embeddable":true,"href":"https:\/\/nordnesrepublikken.no\/index.php\/wp-json\/wp\/v2\/categories?post=12294"},{"taxonomy":"post_tag","embeddable":true,"href":"https:\/\/nordnesrepublikken.no\/index.php\/wp-json\/wp\/v2\/tags?post=12294"}],"curies":[{"name":"wp","href":"https:\/\/api.w.org\/{rel}","templated":true}]}}