{"id":12282,"date":"2025-11-30T13:51:25","date_gmt":"2025-11-30T12:51:25","guid":{"rendered":"https:\/\/nordnesrepublikken.no\/index.php\/2025\/11\/30\/rabattutnyttelser-tvinger-ryanair-til-a-avvise-lojalitetsklubben\/"},"modified":"2025-11-30T13:51:27","modified_gmt":"2025-11-30T12:51:27","slug":"rabattutnyttelser-tvinger-ryanair-til-a-avvise-lojalitetsklubben","status":"publish","type":"post","link":"https:\/\/nordnesrepublikken.no\/index.php\/2025\/11\/30\/rabattutnyttelser-tvinger-ryanair-til-a-avvise-lojalitetsklubben\/","title":{"rendered":"Rabattutnyttelser tvinger Ryanair til \u00e5 avvise lojalitetsklubben"},"content":{"rendered":"<p><\/p>\n<div class=\"wordpress-content\">\n                    <!-- Article Start --><\/p>\n<p class=\"p1\">Ryanair har annonsert den umiddelbare stengingen av Prime-medlemsordningen etter at interne tall avsl\u00f8rte at passasjerer sikret seg langt flere rabatterte flyreiser enn flyselskapet hadde forventet. Budsjettselskapet bekreftet at den \u00e5tte m\u00e5neder lange rettssaken, som tiltrakk rundt 55 000 medlemmer, resulterte i tap som n\u00e6rmet seg 2 millioner euro, og tvunget til en br\u00e5 slutt p\u00e5 programmet fra 28. november.<\/p>\n<p class=\"p1\">Prime-ordningen, som ble introdusert stille tidligere i \u00e5r, ga medlemmene rabatterte priser, tidlig tilgang til kampanjer og andre besparelser i bytte mot et \u00e5rlig abonnement. Imidlertid overgikk volumet av lavprisbestillinger gjort gjennom ordningen raskt inntektene generert fra medlemsavgifter, og etterlot Ryanair med det de beskrev som en &laquo;uholdbar ubalanse&raquo;.<\/p>\n<h2 class=\"p2\"><b>Hva gikk galt med Ryanairs Prime Club<\/b><\/h2>\n<h3 class=\"p3\"><b>Passasjerene utnyttet de ultralave prisene fullt ut<\/b><\/h3>\n<p class=\"p1\">If\u00f8lge flyselskapet var medlemmene raske til \u00e5 identifisere og maksimere Primes mest sjener\u00f8se funksjoner, og sikret sterkt rabatterte flyreiser til en frekvens Ryanair ikke hadde budsjettert med. Flere kunder skal ha bestilt flere kortreiser hver m\u00e5ned, ofte til priser godt under standard kampanjepriser.<\/p>\n<div class=\"sra_unit\"><link rel=\"stylesheet\" id=\"block-sra\" href=\"https:\/\/euroweeklynews.com\/wp-content\/plugins\/snack-related-articles\/dist\/css\/snack-related.min.css?250312-193541\" type=\"text\/css\" media=\"all\">\n<\/div>\n<p class=\"p1\">Denne enest\u00e5ende bruken betydde at transport\u00f8ren betalte ut mer i prisreduksjoner enn den tjente gjennom abonnementer. Ryanairs ledelse, som vanligvis er trygg p\u00e5 \u00e5 rulle ut lavkostinitiativer, erkjente at Prime ble \u00f8konomisk ulevedyktig langt tidligere enn forventet.<\/p>\n<p class=\"p1\">Selv om ordningen opprinnelig var planlagt som en langsiktig lojalitetsstrategi, bekreftet flyselskapet at det ikke vil vurdere \u00e5 gjeninnf\u00f8re modellen i n\u00e6r fremtid, i stedet fokusere p\u00e5 alternative digitale og kundenytteprosjekter.<\/p>\n<h2 class=\"p2\"><b>Hvordan eksisterende medlemmer vil bli ber\u00f8rt<\/b><\/h2>\n<h3 class=\"p3\"><b>Fordelene fortsetter til medlemskapet utl\u00f8per<\/b><\/h3>\n<p class=\"p1\">Kunder som har kj\u00f8pt et Prime-medlemskap vil fortsette \u00e5 motta alle lovede fordeler til deres \u00e5rlige periode utl\u00f8per. Ryanair presiserte at det ikke vil v\u00e6re noen tidlige kanselleringer, og medlemmer vil ikke miste tilgangen til sine rabatter eller fordeler i l\u00f8pet av resten av abonnementsperioden. Det vil imidlertid ikke bli solgt nye medlemskap, og flyselskapet har sluttet \u00e5 promotere ordningen helt. S\u00e5 snart hver kundes medlemsperiode er over, opph\u00f8rer alle Prime-fordelene automatisk.<\/p>\n<p class=\"p1\">For mange hyppige flyreisende, spesielt de som reiser ukentlig eller m\u00e5nedlig, representerer stengingen tapet av et av de mest kostnadseffektive lojalitetsalternativene i europeisk luftfart.<\/p>\n<h2 class=\"p2\"><b>Innvirkning p\u00e5 expats og innbyggere i Spania<\/b><\/h2>\n<h3 class=\"p3\"><b>Et slag for de som er avhengige av billige vanlige reiser<\/b><\/h3>\n<p class=\"p1\">Slutten p\u00e5 Prime-ordningen vil sannsynligvis merkes sterkest av utlendinger og langtidsboende utenlandske innbyggere i Spania, hvorav mange er avhengige av Ryanair for rimelige reiser mellom Storbritannia, Irland og store spanske flyplasser som M\u00e1laga, Alicante og Palma. For britiske expats med familie i utlandet ga Prime en konsekvent m\u00e5te \u00e5 administrere regelmessige returreiser til forutsigbare priser. Rabattstrukturen tillot passasjerer \u00e5 planlegge spontane helger, familiebes\u00f8k eller viktige reiser uten det \u00f8konomiske presset fra siste liten-priser.<\/p>\n<p class=\"p1\">Beboere som ofte pendler mellom spanske \u00f8yer og fastlandet for \u00e5 jobbe eller studere, fikk ogs\u00e5 fordel av de ekstra besparelsene. Med Prime n\u00e5 avviklet, kan disse reisende m\u00f8te h\u00f8yere sesongpriser \u2013 spesielt i ferieperioder n\u00e5r ettersp\u00f8rselen vanligvis \u00f8ker.<\/p>\n<p class=\"p1\">Bransjeanalytikere bemerker at Spania fortsatt er et av Ryanairs st\u00f8rste markeder, og beslutningen om \u00e5 avslutte Prime kan f\u00f8re til at mange passasjerer leter etter alternative lavkostalternativer. Likevel forventes flyselskapet \u00e5 fortsette \u00e5 tilby aggressive salgsfremmende salg gjennom hele \u00e5ret, noe som kan oppveie tapet for enkelte kunder.<\/p>\n<h3 class=\"p3\"><b>Hva leserne trenger \u00e5 vite<\/b><\/h3>\n<ul class=\"ul1\">\n<li class=\"li1\">Ryanair har permanent stengt Prime-medlemsordningen.<\/li>\n<li class=\"li1\">Rettssaken varte i \u00e5tte m\u00e5neder og p\u00e5l\u00f8pte tap p\u00e5 nesten 2 millioner euro.<\/li>\n<li class=\"li1\">Rundt 55 000 passasjerer hadde sluttet seg til lojalitetsprogrammet.<\/li>\n<li class=\"li1\">Medlemmer vil beholde fordelene sine frem til deres personlige utl\u00f8psdato.<\/li>\n<li class=\"li1\">Expats og innbyggere i Spania som ofte reiser kan oppleve \u00f8kte kostnader.<\/li>\n<li class=\"li1\">Ryanair flytter fokus til andre digitale initiativ i stedet for lojalitetsmedlemskap.<\/li>\n<\/ul>\n<h3 class=\"p3\"><b>Budsjettalternativer vil best\u00e5, men forutsigbarheten kan reduseres<\/b><\/h3>\n<p class=\"p1\">Mens Ryanairs beslutning har skuffet mange hyppige reisende, spesielt expats som stolte p\u00e5 forutsigbare rabatterte priser, forventes flyselskapet \u00e5 fortsette \u00e5 dominere lavprismarkedet. Vanlige salg, flash-rabatter og lavprispriser vil fortsatt v\u00e6re tilgjengelige, selv om de kanskje ikke gir de stabile besparelsene som Prime tilb\u00f8d.<\/p>\n<p class=\"p1\">Forel\u00f8pig kan det hende at utenlandsreisende i Spania m\u00e5 g\u00e5 tilbake til tradisjonelle taktikker for prisoverv\u00e5king, overv\u00e5ke prisene n\u00f8ye og bestille tidligere for \u00e5 sikre de beste tilbudene. Selv om Prime kanskje er borte, er Ryanairs posisjon i det spanske luftfartslandskapet fortsatt sterk, og flyselskapet signaliserer allerede nye kundeinitiativer for 2026 som kan tilby nye insentiver for vanlige flyers.<\/p>\n<p>                    <!-- Originally published at https:\/\/euroweeklynews.com\/2025\/11\/28\/discount-exploits-force-ryanair-to-axe-loyalty-club\/ on 28 Nov 2025 at 21:04 by Molly Grace --><br \/>\n                    <!-- Article End -->\n                <\/div>\n","protected":false},"excerpt":{"rendered":"<p>Ryanair har annonsert den umiddelbare stengingen av Prime-medlemsordningen etter at interne tall avsl\u00f8rte at passasjerer<\/p>\n","protected":false},"author":1,"featured_media":12283,"comment_status":"closed","ping_status":"open","sticky":false,"template":"","format":"standard","meta":{"footnotes":""},"categories":[105],"tags":[8073,8074,8072,1079,117,2505],"class_list":["post-12282","post","type-post","status-publish","format-standard","has-post-thumbnail","hentry","category-livsstil","tag-avvise","tag-lojalitetsklubben","tag-rabattutnyttelser","tag-ryanair","tag-til","tag-tvinger","generate-columns","tablet-grid-50","mobile-grid-100","grid-parent","grid-33","resize-featured-image"],"yoast_head":"<!-- This site is optimized with the Yoast SEO plugin v24.4 - https:\/\/yoast.com\/wordpress\/plugins\/seo\/ -->\n<title>Rabattutnyttelser tvinger Ryanair til \u00e5 avvise lojalitetsklubben - Nordnesrepublikken<\/title>\n<meta name=\"robots\" content=\"index, follow, max-snippet:-1, max-image-preview:large, max-video-preview:-1\" \/>\n<link rel=\"canonical\" href=\"https:\/\/nordnesrepublikken.no\/index.php\/2025\/11\/30\/rabattutnyttelser-tvinger-ryanair-til-a-avvise-lojalitetsklubben\/\" \/>\n<meta property=\"og:locale\" content=\"nb_NO\" \/>\n<meta property=\"og:type\" content=\"article\" \/>\n<meta property=\"og:title\" content=\"Rabattutnyttelser tvinger Ryanair til \u00e5 avvise lojalitetsklubben - Nordnesrepublikken\" \/>\n<meta property=\"og:description\" content=\"Ryanair har annonsert den umiddelbare stengingen av Prime-medlemsordningen etter at interne tall avsl\u00f8rte at passasjerer\" \/>\n<meta property=\"og:url\" content=\"https:\/\/nordnesrepublikken.no\/index.php\/2025\/11\/30\/rabattutnyttelser-tvinger-ryanair-til-a-avvise-lojalitetsklubben\/\" \/>\n<meta property=\"og:site_name\" content=\"Nordnesrepublikken\" \/>\n<meta property=\"article:published_time\" content=\"2025-11-30T12:51:25+00:00\" \/>\n<meta property=\"article:modified_time\" content=\"2025-11-30T12:51:27+00:00\" \/>\n<meta property=\"og:image\" content=\"https:\/\/nordnesrepublikken.no\/wp-content\/uploads\/2025\/11\/1764507086_Rabattutnyttelser-tvinger-Ryanair-til-a-avvise-lojalitetsklubben.jpg\" \/>\n\t<meta property=\"og:image:width\" content=\"1200\" \/>\n\t<meta property=\"og:image:height\" content=\"673\" \/>\n\t<meta property=\"og:image:type\" content=\"image\/jpeg\" \/>\n<meta name=\"author\" content=\"Ole Andersen\" \/>\n<meta name=\"twitter:card\" content=\"summary_large_image\" \/>\n<meta name=\"twitter:label1\" content=\"Skrevet av\" \/>\n\t<meta name=\"twitter:data1\" content=\"Ole Andersen\" \/>\n\t<meta name=\"twitter:label2\" content=\"Ansl. lesetid\" \/>\n\t<meta name=\"twitter:data2\" content=\"4 minutter\" \/>\n<script type=\"application\/ld+json\" class=\"yoast-schema-graph\">{\"@context\":\"https:\/\/schema.org\",\"@graph\":[{\"@type\":\"Article\",\"@id\":\"https:\/\/nordnesrepublikken.no\/index.php\/2025\/11\/30\/rabattutnyttelser-tvinger-ryanair-til-a-avvise-lojalitetsklubben\/#article\",\"isPartOf\":{\"@id\":\"https:\/\/nordnesrepublikken.no\/index.php\/2025\/11\/30\/rabattutnyttelser-tvinger-ryanair-til-a-avvise-lojalitetsklubben\/\"},\"author\":{\"name\":\"Ole Andersen\",\"@id\":\"https:\/\/nordnesrepublikken.no\/#\/schema\/person\/2e7e81935bab77882fffb79296240ff1\"},\"headline\":\"Rabattutnyttelser tvinger Ryanair til \u00e5 avvise lojalitetsklubben\",\"datePublished\":\"2025-11-30T12:51:25+00:00\",\"dateModified\":\"2025-11-30T12:51:27+00:00\",\"mainEntityOfPage\":{\"@id\":\"https:\/\/nordnesrepublikken.no\/index.php\/2025\/11\/30\/rabattutnyttelser-tvinger-ryanair-til-a-avvise-lojalitetsklubben\/\"},\"wordCount\":712,\"publisher\":{\"@id\":\"https:\/\/nordnesrepublikken.no\/#organization\"},\"image\":{\"@id\":\"https:\/\/nordnesrepublikken.no\/index.php\/2025\/11\/30\/rabattutnyttelser-tvinger-ryanair-til-a-avvise-lojalitetsklubben\/#primaryimage\"},\"thumbnailUrl\":\"https:\/\/nordnesrepublikken.no\/wp-content\/uploads\/2025\/11\/1764507086_Rabattutnyttelser-tvinger-Ryanair-til-a-avvise-lojalitetsklubben.jpg\",\"keywords\":[\"avvise\",\"lojalitetsklubben\",\"Rabattutnyttelser\",\"Ryanair\",\"til\",\"tvinger\"],\"articleSection\":[\"Livsstil\"],\"inLanguage\":\"nb-NO\"},{\"@type\":\"WebPage\",\"@id\":\"https:\/\/nordnesrepublikken.no\/index.php\/2025\/11\/30\/rabattutnyttelser-tvinger-ryanair-til-a-avvise-lojalitetsklubben\/\",\"url\":\"https:\/\/nordnesrepublikken.no\/index.php\/2025\/11\/30\/rabattutnyttelser-tvinger-ryanair-til-a-avvise-lojalitetsklubben\/\",\"name\":\"Rabattutnyttelser tvinger Ryanair til \u00e5 avvise lojalitetsklubben - Nordnesrepublikken\",\"isPartOf\":{\"@id\":\"https:\/\/nordnesrepublikken.no\/#website\"},\"primaryImageOfPage\":{\"@id\":\"https:\/\/nordnesrepublikken.no\/index.php\/2025\/11\/30\/rabattutnyttelser-tvinger-ryanair-til-a-avvise-lojalitetsklubben\/#primaryimage\"},\"image\":{\"@id\":\"https:\/\/nordnesrepublikken.no\/index.php\/2025\/11\/30\/rabattutnyttelser-tvinger-ryanair-til-a-avvise-lojalitetsklubben\/#primaryimage\"},\"thumbnailUrl\":\"https:\/\/nordnesrepublikken.no\/wp-content\/uploads\/2025\/11\/1764507086_Rabattutnyttelser-tvinger-Ryanair-til-a-avvise-lojalitetsklubben.jpg\",\"datePublished\":\"2025-11-30T12:51:25+00:00\",\"dateModified\":\"2025-11-30T12:51:27+00:00\",\"breadcrumb\":{\"@id\":\"https:\/\/nordnesrepublikken.no\/index.php\/2025\/11\/30\/rabattutnyttelser-tvinger-ryanair-til-a-avvise-lojalitetsklubben\/#breadcrumb\"},\"inLanguage\":\"nb-NO\",\"potentialAction\":[{\"@type\":\"ReadAction\",\"target\":[\"https:\/\/nordnesrepublikken.no\/index.php\/2025\/11\/30\/rabattutnyttelser-tvinger-ryanair-til-a-avvise-lojalitetsklubben\/\"]}]},{\"@type\":\"ImageObject\",\"inLanguage\":\"nb-NO\",\"@id\":\"https:\/\/nordnesrepublikken.no\/index.php\/2025\/11\/30\/rabattutnyttelser-tvinger-ryanair-til-a-avvise-lojalitetsklubben\/#primaryimage\",\"url\":\"https:\/\/nordnesrepublikken.no\/wp-content\/uploads\/2025\/11\/1764507086_Rabattutnyttelser-tvinger-Ryanair-til-a-avvise-lojalitetsklubben.jpg\",\"contentUrl\":\"https:\/\/nordnesrepublikken.no\/wp-content\/uploads\/2025\/11\/1764507086_Rabattutnyttelser-tvinger-Ryanair-til-a-avvise-lojalitetsklubben.jpg\",\"width\":1200,\"height\":673,\"caption\":\"Rabattutnyttelser tvinger Ryanair til \u00e5 avvise lojalitetsklubben\"},{\"@type\":\"BreadcrumbList\",\"@id\":\"https:\/\/nordnesrepublikken.no\/index.php\/2025\/11\/30\/rabattutnyttelser-tvinger-ryanair-til-a-avvise-lojalitetsklubben\/#breadcrumb\",\"itemListElement\":[{\"@type\":\"ListItem\",\"position\":1,\"name\":\"Home\",\"item\":\"https:\/\/nordnesrepublikken.no\/\"},{\"@type\":\"ListItem\",\"position\":2,\"name\":\"Rabattutnyttelser tvinger Ryanair til \u00e5 avvise lojalitetsklubben\"}]},{\"@type\":\"WebSite\",\"@id\":\"https:\/\/nordnesrepublikken.no\/#website\",\"url\":\"https:\/\/nordnesrepublikken.no\/\",\"name\":\"Nordnesrepublikken\",\"description\":\"Stemmer og Visjoner fra Republikkens Hjerte\",\"publisher\":{\"@id\":\"https:\/\/nordnesrepublikken.no\/#organization\"},\"potentialAction\":[{\"@type\":\"SearchAction\",\"target\":{\"@type\":\"EntryPoint\",\"urlTemplate\":\"https:\/\/nordnesrepublikken.no\/?s={search_term_string}\"},\"query-input\":{\"@type\":\"PropertyValueSpecification\",\"valueRequired\":true,\"valueName\":\"search_term_string\"}}],\"inLanguage\":\"nb-NO\"},{\"@type\":\"Organization\",\"@id\":\"https:\/\/nordnesrepublikken.no\/#organization\",\"name\":\"Nordnesrepublikken\",\"url\":\"https:\/\/nordnesrepublikken.no\/\",\"logo\":{\"@type\":\"ImageObject\",\"inLanguage\":\"nb-NO\",\"@id\":\"https:\/\/nordnesrepublikken.no\/#\/schema\/logo\/image\/\",\"url\":\"https:\/\/nordnesrepublikken.no\/wp-content\/uploads\/2025\/02\/cropped-nordnesrepublikken-2.png\",\"contentUrl\":\"https:\/\/nordnesrepublikken.no\/wp-content\/uploads\/2025\/02\/cropped-nordnesrepublikken-2.png\",\"width\":1248,\"height\":362,\"caption\":\"Nordnesrepublikken\"},\"image\":{\"@id\":\"https:\/\/nordnesrepublikken.no\/#\/schema\/logo\/image\/\"}},{\"@type\":\"Person\",\"@id\":\"https:\/\/nordnesrepublikken.no\/#\/schema\/person\/2e7e81935bab77882fffb79296240ff1\",\"name\":\"Ole Andersen\",\"image\":{\"@type\":\"ImageObject\",\"inLanguage\":\"nb-NO\",\"@id\":\"https:\/\/nordnesrepublikken.no\/#\/schema\/person\/image\/\",\"url\":\"https:\/\/nordnesrepublikken.no\/wp-content\/uploads\/2025\/02\/nordnesrepublikken-2-2-150x150.jpg\",\"contentUrl\":\"https:\/\/nordnesrepublikken.no\/wp-content\/uploads\/2025\/02\/nordnesrepublikken-2-2-150x150.jpg\",\"caption\":\"Ole Andersen\"},\"description\":\"Ettersom jeg vokste opp i Oslo, har jeg alltid v\u00e6rt fascinert av ordenes kraft og deres evne til \u00e5 skape endringer. Etter \u00e5 ha fullf\u00f8rt min utdannelse i kommunikasjon ved Universitetet i Bergen, fikk jeg muligheten til \u00e5 jobbe innen ulike medier, der jeg har s\u00f8kt \u00e5 belyse viktige samfunnssp\u00f8rsm\u00e5l. I dag, som redakt\u00f8r for Nordnesrepublikken, pr\u00f8ver jeg \u00e5 forene min kj\u00e6rlighet for journalistikk med min lidenskap for innovasjon og eventyr.\",\"sameAs\":[\"https:\/\/nordnesrepublikken.no\/\"]}]}<\/script>\n<!-- \/ Yoast SEO plugin. -->","yoast_head_json":{"title":"Rabattutnyttelser tvinger Ryanair til \u00e5 avvise lojalitetsklubben - Nordnesrepublikken","robots":{"index":"index","follow":"follow","max-snippet":"max-snippet:-1","max-image-preview":"max-image-preview:large","max-video-preview":"max-video-preview:-1"},"canonical":"https:\/\/nordnesrepublikken.no\/index.php\/2025\/11\/30\/rabattutnyttelser-tvinger-ryanair-til-a-avvise-lojalitetsklubben\/","og_locale":"nb_NO","og_type":"article","og_title":"Rabattutnyttelser tvinger Ryanair til \u00e5 avvise lojalitetsklubben - Nordnesrepublikken","og_description":"Ryanair har annonsert den umiddelbare stengingen av Prime-medlemsordningen etter at interne tall avsl\u00f8rte at passasjerer","og_url":"https:\/\/nordnesrepublikken.no\/index.php\/2025\/11\/30\/rabattutnyttelser-tvinger-ryanair-til-a-avvise-lojalitetsklubben\/","og_site_name":"Nordnesrepublikken","article_published_time":"2025-11-30T12:51:25+00:00","article_modified_time":"2025-11-30T12:51:27+00:00","og_image":[{"width":1200,"height":673,"url":"https:\/\/nordnesrepublikken.no\/wp-content\/uploads\/2025\/11\/1764507086_Rabattutnyttelser-tvinger-Ryanair-til-a-avvise-lojalitetsklubben.jpg","type":"image\/jpeg"}],"author":"Ole Andersen","twitter_card":"summary_large_image","twitter_misc":{"Skrevet av":"Ole Andersen","Ansl. lesetid":"4 minutter"},"schema":{"@context":"https:\/\/schema.org","@graph":[{"@type":"Article","@id":"https:\/\/nordnesrepublikken.no\/index.php\/2025\/11\/30\/rabattutnyttelser-tvinger-ryanair-til-a-avvise-lojalitetsklubben\/#article","isPartOf":{"@id":"https:\/\/nordnesrepublikken.no\/index.php\/2025\/11\/30\/rabattutnyttelser-tvinger-ryanair-til-a-avvise-lojalitetsklubben\/"},"author":{"name":"Ole Andersen","@id":"https:\/\/nordnesrepublikken.no\/#\/schema\/person\/2e7e81935bab77882fffb79296240ff1"},"headline":"Rabattutnyttelser tvinger Ryanair til \u00e5 avvise lojalitetsklubben","datePublished":"2025-11-30T12:51:25+00:00","dateModified":"2025-11-30T12:51:27+00:00","mainEntityOfPage":{"@id":"https:\/\/nordnesrepublikken.no\/index.php\/2025\/11\/30\/rabattutnyttelser-tvinger-ryanair-til-a-avvise-lojalitetsklubben\/"},"wordCount":712,"publisher":{"@id":"https:\/\/nordnesrepublikken.no\/#organization"},"image":{"@id":"https:\/\/nordnesrepublikken.no\/index.php\/2025\/11\/30\/rabattutnyttelser-tvinger-ryanair-til-a-avvise-lojalitetsklubben\/#primaryimage"},"thumbnailUrl":"https:\/\/nordnesrepublikken.no\/wp-content\/uploads\/2025\/11\/1764507086_Rabattutnyttelser-tvinger-Ryanair-til-a-avvise-lojalitetsklubben.jpg","keywords":["avvise","lojalitetsklubben","Rabattutnyttelser","Ryanair","til","tvinger"],"articleSection":["Livsstil"],"inLanguage":"nb-NO"},{"@type":"WebPage","@id":"https:\/\/nordnesrepublikken.no\/index.php\/2025\/11\/30\/rabattutnyttelser-tvinger-ryanair-til-a-avvise-lojalitetsklubben\/","url":"https:\/\/nordnesrepublikken.no\/index.php\/2025\/11\/30\/rabattutnyttelser-tvinger-ryanair-til-a-avvise-lojalitetsklubben\/","name":"Rabattutnyttelser tvinger Ryanair til \u00e5 avvise lojalitetsklubben - Nordnesrepublikken","isPartOf":{"@id":"https:\/\/nordnesrepublikken.no\/#website"},"primaryImageOfPage":{"@id":"https:\/\/nordnesrepublikken.no\/index.php\/2025\/11\/30\/rabattutnyttelser-tvinger-ryanair-til-a-avvise-lojalitetsklubben\/#primaryimage"},"image":{"@id":"https:\/\/nordnesrepublikken.no\/index.php\/2025\/11\/30\/rabattutnyttelser-tvinger-ryanair-til-a-avvise-lojalitetsklubben\/#primaryimage"},"thumbnailUrl":"https:\/\/nordnesrepublikken.no\/wp-content\/uploads\/2025\/11\/1764507086_Rabattutnyttelser-tvinger-Ryanair-til-a-avvise-lojalitetsklubben.jpg","datePublished":"2025-11-30T12:51:25+00:00","dateModified":"2025-11-30T12:51:27+00:00","breadcrumb":{"@id":"https:\/\/nordnesrepublikken.no\/index.php\/2025\/11\/30\/rabattutnyttelser-tvinger-ryanair-til-a-avvise-lojalitetsklubben\/#breadcrumb"},"inLanguage":"nb-NO","potentialAction":[{"@type":"ReadAction","target":["https:\/\/nordnesrepublikken.no\/index.php\/2025\/11\/30\/rabattutnyttelser-tvinger-ryanair-til-a-avvise-lojalitetsklubben\/"]}]},{"@type":"ImageObject","inLanguage":"nb-NO","@id":"https:\/\/nordnesrepublikken.no\/index.php\/2025\/11\/30\/rabattutnyttelser-tvinger-ryanair-til-a-avvise-lojalitetsklubben\/#primaryimage","url":"https:\/\/nordnesrepublikken.no\/wp-content\/uploads\/2025\/11\/1764507086_Rabattutnyttelser-tvinger-Ryanair-til-a-avvise-lojalitetsklubben.jpg","contentUrl":"https:\/\/nordnesrepublikken.no\/wp-content\/uploads\/2025\/11\/1764507086_Rabattutnyttelser-tvinger-Ryanair-til-a-avvise-lojalitetsklubben.jpg","width":1200,"height":673,"caption":"Rabattutnyttelser tvinger Ryanair til \u00e5 avvise lojalitetsklubben"},{"@type":"BreadcrumbList","@id":"https:\/\/nordnesrepublikken.no\/index.php\/2025\/11\/30\/rabattutnyttelser-tvinger-ryanair-til-a-avvise-lojalitetsklubben\/#breadcrumb","itemListElement":[{"@type":"ListItem","position":1,"name":"Home","item":"https:\/\/nordnesrepublikken.no\/"},{"@type":"ListItem","position":2,"name":"Rabattutnyttelser tvinger Ryanair til \u00e5 avvise lojalitetsklubben"}]},{"@type":"WebSite","@id":"https:\/\/nordnesrepublikken.no\/#website","url":"https:\/\/nordnesrepublikken.no\/","name":"Nordnesrepublikken","description":"Stemmer og Visjoner fra Republikkens Hjerte","publisher":{"@id":"https:\/\/nordnesrepublikken.no\/#organization"},"potentialAction":[{"@type":"SearchAction","target":{"@type":"EntryPoint","urlTemplate":"https:\/\/nordnesrepublikken.no\/?s={search_term_string}"},"query-input":{"@type":"PropertyValueSpecification","valueRequired":true,"valueName":"search_term_string"}}],"inLanguage":"nb-NO"},{"@type":"Organization","@id":"https:\/\/nordnesrepublikken.no\/#organization","name":"Nordnesrepublikken","url":"https:\/\/nordnesrepublikken.no\/","logo":{"@type":"ImageObject","inLanguage":"nb-NO","@id":"https:\/\/nordnesrepublikken.no\/#\/schema\/logo\/image\/","url":"https:\/\/nordnesrepublikken.no\/wp-content\/uploads\/2025\/02\/cropped-nordnesrepublikken-2.png","contentUrl":"https:\/\/nordnesrepublikken.no\/wp-content\/uploads\/2025\/02\/cropped-nordnesrepublikken-2.png","width":1248,"height":362,"caption":"Nordnesrepublikken"},"image":{"@id":"https:\/\/nordnesrepublikken.no\/#\/schema\/logo\/image\/"}},{"@type":"Person","@id":"https:\/\/nordnesrepublikken.no\/#\/schema\/person\/2e7e81935bab77882fffb79296240ff1","name":"Ole Andersen","image":{"@type":"ImageObject","inLanguage":"nb-NO","@id":"https:\/\/nordnesrepublikken.no\/#\/schema\/person\/image\/","url":"https:\/\/nordnesrepublikken.no\/wp-content\/uploads\/2025\/02\/nordnesrepublikken-2-2-150x150.jpg","contentUrl":"https:\/\/nordnesrepublikken.no\/wp-content\/uploads\/2025\/02\/nordnesrepublikken-2-2-150x150.jpg","caption":"Ole Andersen"},"description":"Ettersom jeg vokste opp i Oslo, har jeg alltid v\u00e6rt fascinert av ordenes kraft og deres evne til \u00e5 skape endringer. Etter \u00e5 ha fullf\u00f8rt min utdannelse i kommunikasjon ved Universitetet i Bergen, fikk jeg muligheten til \u00e5 jobbe innen ulike medier, der jeg har s\u00f8kt \u00e5 belyse viktige samfunnssp\u00f8rsm\u00e5l. I dag, som redakt\u00f8r for Nordnesrepublikken, pr\u00f8ver jeg \u00e5 forene min kj\u00e6rlighet for journalistikk med min lidenskap for innovasjon og eventyr.","sameAs":["https:\/\/nordnesrepublikken.no\/"]}]}},"_links":{"self":[{"href":"https:\/\/nordnesrepublikken.no\/index.php\/wp-json\/wp\/v2\/posts\/12282","targetHints":{"allow":["GET"]}}],"collection":[{"href":"https:\/\/nordnesrepublikken.no\/index.php\/wp-json\/wp\/v2\/posts"}],"about":[{"href":"https:\/\/nordnesrepublikken.no\/index.php\/wp-json\/wp\/v2\/types\/post"}],"author":[{"embeddable":true,"href":"https:\/\/nordnesrepublikken.no\/index.php\/wp-json\/wp\/v2\/users\/1"}],"replies":[{"embeddable":true,"href":"https:\/\/nordnesrepublikken.no\/index.php\/wp-json\/wp\/v2\/comments?post=12282"}],"version-history":[{"count":1,"href":"https:\/\/nordnesrepublikken.no\/index.php\/wp-json\/wp\/v2\/posts\/12282\/revisions"}],"predecessor-version":[{"id":12284,"href":"https:\/\/nordnesrepublikken.no\/index.php\/wp-json\/wp\/v2\/posts\/12282\/revisions\/12284"}],"wp:featuredmedia":[{"embeddable":true,"href":"https:\/\/nordnesrepublikken.no\/index.php\/wp-json\/wp\/v2\/media\/12283"}],"wp:attachment":[{"href":"https:\/\/nordnesrepublikken.no\/index.php\/wp-json\/wp\/v2\/media?parent=12282"}],"wp:term":[{"taxonomy":"category","embeddable":true,"href":"https:\/\/nordnesrepublikken.no\/index.php\/wp-json\/wp\/v2\/categories?post=12282"},{"taxonomy":"post_tag","embeddable":true,"href":"https:\/\/nordnesrepublikken.no\/index.php\/wp-json\/wp\/v2\/tags?post=12282"}],"curies":[{"name":"wp","href":"https:\/\/api.w.org\/{rel}","templated":true}]}}