{"id":12273,"date":"2025-11-30T03:50:38","date_gmt":"2025-11-30T02:50:38","guid":{"rendered":"https:\/\/nordnesrepublikken.no\/index.php\/2025\/11\/30\/kattenes-alder-er-en-blanding-mellom-kronologisk-og-biologisk\/"},"modified":"2025-11-30T03:50:40","modified_gmt":"2025-11-30T02:50:40","slug":"kattenes-alder-er-en-blanding-mellom-kronologisk-og-biologisk","status":"publish","type":"post","link":"https:\/\/nordnesrepublikken.no\/index.php\/2025\/11\/30\/kattenes-alder-er-en-blanding-mellom-kronologisk-og-biologisk\/","title":{"rendered":"Kattenes alder er en blanding mellom kronologisk og biologisk"},"content":{"rendered":"<div>\n<div class=\"cp_wrapper cp_wrapper--fw mb-30 mb-20@tablet\">\n<figure class=\"mm\"><picture class=\"img\" style=\"padding-top:56.25%\"><source  media=\"(min-width: 1024px)\"><source  media=\"(min-width: 768px)\"><\/source><\/source><\/picture><\/figure>\n<\/p><\/div>\n<p>Hver gang vi sp\u00f8r hvor gammel en katt er, stiller vi faktisk et dobbelt sp\u00f8rsm\u00e5l: p\u00e5 den ene siden vil vi vite det <strong>den kronologiske alderen<\/strong>p\u00e5 den annen side \u00f8nsker vi \u00e5 forst\u00e5 &laquo;hvem&raquo; vi har foran oss, det vil si hvorfor det er elleve \u00e5r gamle katter som hopper som akrobater, og ni\u00e5ringer som begynner \u00e5 bremse. Veterin\u00e6re retningslinjer forklarer at katter g\u00e5r gjennom sv\u00e6rt spesifikke livsstadier, hvor det skjer trinnvise endringer i kattens oppf\u00f8rsel, utseende og helse. Konkrete data og tall kommer fra en klinisk studie han observerte <strong>206 katter mellom 7 og 10 \u00e5r<\/strong> fremheving <strong>hvordan deres kropp og atferd endres<\/strong>fordi det er derfra du virkelig forst\u00e5r deres &laquo;biologiske&raquo; alder: observere deres vekt, h\u00e5r, bevegelse, tenner, blodtrykk, daglige holdninger. I dag vet vitenskapen hva <strong>virkelige stadier av livet <\/strong>av katter, som f.eks <strong>fysiske tegn<\/strong> f\u00f8lge med aldring, som f.eks <strong>reelle prosenter<\/strong> komme frem fra kliniske studier, og hvorfor det ikke er behov for \u00e5 forvandle katte\u00e5r til menneske\u00e5r: bare se p\u00e5 hva kattens kropp sier.<\/p>\n<h2>Registrert alder vs reell alder: et sett med faktorer<\/h2>\n<p>Retningslinjene for 2021 AAFP\u2013AAHA (henholdsvis American Association of Feline Practitioners og American Animal Hospital Association) sier tydelig at det er <strong>normal<\/strong> at to katter p\u00e5 samme alder oppf\u00f8rer seg helt forskjellig. Man kan fortsatt v\u00e6re muskul\u00f8s, aktiv, med sunne tenner, fast pels og normalt blodtrykk og nyrer. Den andre kan allerede vise en <strong>reduksjon i muskeltonus<\/strong>vanskeligheter med \u00e5 hoppe, s\u00f8vnforandringer, utbruddet av hypertensjon og tap av hudens elastisitet.<\/p>\n<p>De er like gamle i \u00e5r, men <strong>annen biologisk alder<\/strong>. Dette er grunnen til at veterin\u00e6rer ikke bare stoler p\u00e5 antall bursdager, men<strong> sett inn hver katt i sin &laquo;kliniske&raquo; livsfase <\/strong>\u00e5 identifisere alderen deres. Uten \u00e5 ty til matematiske formler eller konverteringstabeller basert p\u00e5 menneskelig alder sammenlignet med katters, er den virkelig p\u00e5litelige m\u00e5ten veterin\u00e6rmedisinen bruker for \u00e5 beregne alderen til en katt denne:<\/p>\n<ol>\n<li><strong>Identifiser aldersgruppen i henhold til retningslinjene;<\/strong><\/li>\n<li><strong>V\u00e6r oppmerksom p\u00e5 de fysiske tegnene p\u00e5 alder: <\/strong>pelstilstand, muskeltonus, tenner og tannkj\u00f8tt, blodtrykk, nyreindikatorer, atferdsendringer;<\/li>\n<li><strong>Vurder de to aspektene sammen: <\/strong>den kronologiske alderen forteller oss n\u00e5r han ble f\u00f8dt, de kliniske tegnene forteller hvordan han egentlig eldes.<\/li>\n<\/ol>\n<h2>If\u00f8lge veterin\u00e6rer er livet til katter delt inn i fire hovedstadier<\/h2>\n<p>B\u00e5de i 2010 og i den oppdaterte 2021-versjonen er AAFP\u2013AAHA-retningslinjene enige om et viktig punkt: aldring av katt er ikke en bryter, men <strong>en reise i etapper<\/strong>. Retningslinjene fra 2010 delte inn katter i ben<strong> seks kategorier:<\/strong> kattunge, junior, voksen, moden, senior, geriatrisk, som vi kan oversette som valp, ung, voksen, moden, eldre og geriatrisk (veldig gammel). Det var en detaljert m\u00e5te \u00e5 hjelpe veterin\u00e6rer med \u00e5 overv\u00e5ke problemer som er typiske for hvert trinn.<\/p>\n<p><strong>De siste retningslinjene (2021)<\/strong> de velger en mer intuitiv inndeling som best\u00e5r av 4 faser (pluss variabelen &laquo;end of life&raquo; fase):<\/p>\n<ul>\n<li><strong>Kattunger<\/strong>: opptil 1 \u00e5r<\/li>\n<li><strong>Unge voksne<\/strong>: 1\u20136 \u00e5r<\/li>\n<li><strong>Voksne voksne<\/strong>: 7\u201310 \u00e5r<\/li>\n<li><strong>Senior<\/strong>: over 10 \u00e5r<\/li>\n<\/ul>\n<p>Denne forenklingen hjelper eiere: det er lettere \u00e5 forst\u00e5 om katten er en &laquo;ung voksen&raquo;, &laquo;moden voksen&raquo; eller &laquo;eldre&raquo;. Disse stadiene betyr noe fordi <strong>p\u00e5 hvert trinn<\/strong>i katten <strong>endringer skjer i stoffskiftet<\/strong>i muskler, sensoriske evner og daglig atferd; det endrer ogs\u00e5<strong> risiko for sykdom<\/strong> nyre, skjoldbruskkjertel og hjerte.<\/p>\n<div class=\"cp_wrapper cp_wrapper--fw mb-50\">\n<figure class=\"mm\"><picture class=\"img\" style=\"padding-top:73.379515091539%\"><source  media=\"(min-width: 1024px)\"><source  media=\"(min-width: 768px)\"><img decoding=\"async\" loading=\"lazy\" src=\"https:\/\/nordnesrepublikken.no\/wp-content\/uploads\/2025\/11\/1764471038_952_Kattenes-alder-er-en-blanding-mellom-kronologisk-og-biologisk.jpg\" alt=\"livsstadier for katter\" width=\"2021\" height=\"1483\"\/><\/source><\/source><\/picture><\/figure>\n<\/p><\/div>\n<p>N\u00e5r en katt blir eldre, spiller mer konkrete faktorer inn. Dowgrays store kliniske studie observerte katter i alderen 7\u201310 \u00e5r, derfor nettopp de som befinner seg i grenseomr\u00e5det mellom \u00abmodne\u00bb og \u00absenior\u00bb og hvor eierne merker overraskende transformasjoner. I studien <strong>53 %<\/strong> av eiere s\u00e5 fysiske endringer i kattene deres <strong>47 %<\/strong> atferdsmessige, den <strong>41 %<\/strong> endringer i m\u00e5ten du spiser p\u00e5 <strong>40 %<\/strong> reduksjon i aktiviteter. Dette viser at kattens kropp begynner \u00e5 &laquo;snakke&raquo; lenge f\u00f8r fullverdig alderdom.<\/p>\n<h2>Hvordan fortelle en katts alder: tenner, pels og bein<\/h2>\n<p>Det er flere faktorer som bidrar til \u00e5 forst\u00e5 hvor gammel en katt er:<\/p>\n<ul>\n<li><strong>H\u00e5rkvalitet<\/strong>: det er en veldig sterk indikator p\u00e5 alder. I en anmeldelse fra 2016 fant Bellows og kolleger at katter med tannproblemer var mer sannsynlig \u00e5 ha sammenfiltret pels, <strong>pelsen kan bli t\u00f8rrere<\/strong> eller fettete, omr\u00e5der med hvitt h\u00e5r vises p\u00e5 grunn av redusert aktivitet av melanocyttene og neglene blir mer skj\u00f8re. Bellows beskriver ogs\u00e5 et merkelig fenomen: hos eldre katter, mens pelsen kan bli hvit, <strong>v\u00e6rh\u00e5rene blir m\u00f8rkere<\/strong>en endring som er synlig spesielt hos lyse katter.<\/li>\n<li><strong>Vekt og muskelmasse<\/strong>: de hyppigste endringene gjelder nettopp dette aspektet (Dowgray rapporterer at <strong>45 %<\/strong> av kattene var overvektige og <strong>12 %<\/strong> overvektige). Som forklart av Bellows, faktisk i voksen alder har vekten en tendens til \u00e5 \u00f8ke, men <strong>over 11 \u00e5r <\/strong>mange katter begynner \u00e5<strong> miste muskelmasse<\/strong>selv om de spiser normalt. Det er et forventet trinn: vev fornyes saktere og kroppen absorberer mindre protein.<\/li>\n<li><strong>Muskuloskeletale endringer<\/strong>: Dowgrays kliniske studie fant at <strong>58 %<\/strong> av de bes\u00f8kte kattene presenterte disse endringene, og at dette ofte var katter som ikke &laquo;viste&raquo; smerten, men <strong>de unngikk hopp,<\/strong> de endret holdning eller sov mer. Gjennomgangen 2016 tydeliggj\u00f8r at de vises i skj\u00f8tene <strong>stivhet<\/strong>reduksjon av elastisitet, sm\u00e5 kroniske betennelser <strong>og endringer i holdning under s\u00f8vn. <\/strong>De er tegn p\u00e5 en kropp som beveger seg annerledes, selv om katten fortsetter \u00e5 oppf\u00f8re seg med stor verdighet.<\/li>\n<li><strong>Munn og tenner<\/strong>: i studiegruppen den <strong>54 %<\/strong> av kattene som ble analysert hadde en <strong>tannsykdom, <\/strong>forbundet med irritabilitet, \u00f8kt s\u00f8vn og fors\u00f8mt pels. Munnen er sterkt p\u00e5virket av alder: tannkj\u00f8tt som blir betent, tenner som krever hyppigere pleie, mer delikat tygging.<\/li>\n<\/ul>\n<p>Til slutt b\u00f8r ogs\u00e5 spesielt blodtrykk og indre organer overv\u00e5kes<strong> nyrer og skjoldbruskkjertelen p\u00e5virkes<\/strong> <strong>alderdom<\/strong>. Fra samme studie <strong>10 %<\/strong> av kattene hadde azotemi (mulig tegn p\u00e5 utbruddet av nyresykdom), den <strong>5 %<\/strong> hadde h\u00f8yt blodtrykk (>160 mmHg) og den <strong>3 %<\/strong> var hypertyreoidea. Dette er tall som bekrefter det som ble observert i retningslinjene: etter 7\u20138 \u00e5r,<strong> risikoen for nyre- og skjoldbruskkjertelproblemer \u00f8ker betydelig.<\/strong><\/p>\n<\/p><\/div>\n","protected":false},"excerpt":{"rendered":"<p>Hver gang vi sp\u00f8r hvor gammel en katt er, stiller vi faktisk et dobbelt sp\u00f8rsm\u00e5l:<\/p>\n","protected":false},"author":1,"featured_media":12274,"comment_status":"closed","ping_status":"open","sticky":false,"template":"","format":"standard","meta":{"footnotes":""},"categories":[24],"tags":[3125,5749,8066,8065,8067,212],"class_list":["post-12273","post","type-post","status-publish","format-standard","has-post-thumbnail","hentry","category-vitenskap","tag-alder","tag-biologisk","tag-blanding","tag-kattenes","tag-kronologisk","tag-mellom","generate-columns","tablet-grid-50","mobile-grid-100","grid-parent","grid-33","resize-featured-image"],"yoast_head":"<!-- This site is optimized with the Yoast SEO plugin v24.4 - https:\/\/yoast.com\/wordpress\/plugins\/seo\/ -->\n<title>Kattenes alder er en blanding mellom kronologisk og biologisk - Nordnesrepublikken<\/title>\n<meta name=\"robots\" content=\"index, follow, max-snippet:-1, max-image-preview:large, max-video-preview:-1\" \/>\n<link rel=\"canonical\" href=\"https:\/\/nordnesrepublikken.no\/index.php\/2025\/11\/30\/kattenes-alder-er-en-blanding-mellom-kronologisk-og-biologisk\/\" \/>\n<meta property=\"og:locale\" content=\"nb_NO\" \/>\n<meta property=\"og:type\" content=\"article\" \/>\n<meta property=\"og:title\" content=\"Kattenes alder er en blanding mellom kronologisk og biologisk - Nordnesrepublikken\" \/>\n<meta property=\"og:description\" content=\"Hver gang vi sp\u00f8r hvor gammel en katt er, stiller vi faktisk et dobbelt sp\u00f8rsm\u00e5l:\" \/>\n<meta property=\"og:url\" content=\"https:\/\/nordnesrepublikken.no\/index.php\/2025\/11\/30\/kattenes-alder-er-en-blanding-mellom-kronologisk-og-biologisk\/\" \/>\n<meta property=\"og:site_name\" content=\"Nordnesrepublikken\" \/>\n<meta property=\"article:published_time\" content=\"2025-11-30T02:50:38+00:00\" \/>\n<meta property=\"article:modified_time\" content=\"2025-11-30T02:50:40+00:00\" \/>\n<meta property=\"og:image\" content=\"https:\/\/nordnesrepublikken.no\/wp-content\/uploads\/2025\/11\/1764471038_Kattenes-alder-er-en-blanding-mellom-kronologisk-og-biologisk.jpg\" \/>\n\t<meta property=\"og:image:width\" content=\"2121\" \/>\n\t<meta property=\"og:image:height\" content=\"1414\" \/>\n\t<meta property=\"og:image:type\" content=\"image\/jpeg\" \/>\n<meta name=\"author\" content=\"Ole Andersen\" \/>\n<meta name=\"twitter:card\" content=\"summary_large_image\" \/>\n<meta name=\"twitter:label1\" content=\"Skrevet av\" \/>\n\t<meta name=\"twitter:data1\" content=\"Ole Andersen\" \/>\n\t<meta name=\"twitter:label2\" content=\"Ansl. lesetid\" \/>\n\t<meta name=\"twitter:data2\" content=\"5 minutter\" \/>\n<script type=\"application\/ld+json\" class=\"yoast-schema-graph\">{\"@context\":\"https:\/\/schema.org\",\"@graph\":[{\"@type\":\"Article\",\"@id\":\"https:\/\/nordnesrepublikken.no\/index.php\/2025\/11\/30\/kattenes-alder-er-en-blanding-mellom-kronologisk-og-biologisk\/#article\",\"isPartOf\":{\"@id\":\"https:\/\/nordnesrepublikken.no\/index.php\/2025\/11\/30\/kattenes-alder-er-en-blanding-mellom-kronologisk-og-biologisk\/\"},\"author\":{\"name\":\"Ole Andersen\",\"@id\":\"https:\/\/nordnesrepublikken.no\/#\/schema\/person\/2e7e81935bab77882fffb79296240ff1\"},\"headline\":\"Kattenes alder er en blanding mellom kronologisk og biologisk\",\"datePublished\":\"2025-11-30T02:50:38+00:00\",\"dateModified\":\"2025-11-30T02:50:40+00:00\",\"mainEntityOfPage\":{\"@id\":\"https:\/\/nordnesrepublikken.no\/index.php\/2025\/11\/30\/kattenes-alder-er-en-blanding-mellom-kronologisk-og-biologisk\/\"},\"wordCount\":966,\"publisher\":{\"@id\":\"https:\/\/nordnesrepublikken.no\/#organization\"},\"image\":{\"@id\":\"https:\/\/nordnesrepublikken.no\/index.php\/2025\/11\/30\/kattenes-alder-er-en-blanding-mellom-kronologisk-og-biologisk\/#primaryimage\"},\"thumbnailUrl\":\"https:\/\/nordnesrepublikken.no\/wp-content\/uploads\/2025\/11\/1764471038_Kattenes-alder-er-en-blanding-mellom-kronologisk-og-biologisk.jpg\",\"keywords\":[\"Alder\",\"biologisk\",\"blanding\",\"Kattenes\",\"kronologisk\",\"mellom\"],\"articleSection\":[\"Vitenskap\"],\"inLanguage\":\"nb-NO\"},{\"@type\":\"WebPage\",\"@id\":\"https:\/\/nordnesrepublikken.no\/index.php\/2025\/11\/30\/kattenes-alder-er-en-blanding-mellom-kronologisk-og-biologisk\/\",\"url\":\"https:\/\/nordnesrepublikken.no\/index.php\/2025\/11\/30\/kattenes-alder-er-en-blanding-mellom-kronologisk-og-biologisk\/\",\"name\":\"Kattenes alder er en blanding mellom kronologisk og biologisk - Nordnesrepublikken\",\"isPartOf\":{\"@id\":\"https:\/\/nordnesrepublikken.no\/#website\"},\"primaryImageOfPage\":{\"@id\":\"https:\/\/nordnesrepublikken.no\/index.php\/2025\/11\/30\/kattenes-alder-er-en-blanding-mellom-kronologisk-og-biologisk\/#primaryimage\"},\"image\":{\"@id\":\"https:\/\/nordnesrepublikken.no\/index.php\/2025\/11\/30\/kattenes-alder-er-en-blanding-mellom-kronologisk-og-biologisk\/#primaryimage\"},\"thumbnailUrl\":\"https:\/\/nordnesrepublikken.no\/wp-content\/uploads\/2025\/11\/1764471038_Kattenes-alder-er-en-blanding-mellom-kronologisk-og-biologisk.jpg\",\"datePublished\":\"2025-11-30T02:50:38+00:00\",\"dateModified\":\"2025-11-30T02:50:40+00:00\",\"breadcrumb\":{\"@id\":\"https:\/\/nordnesrepublikken.no\/index.php\/2025\/11\/30\/kattenes-alder-er-en-blanding-mellom-kronologisk-og-biologisk\/#breadcrumb\"},\"inLanguage\":\"nb-NO\",\"potentialAction\":[{\"@type\":\"ReadAction\",\"target\":[\"https:\/\/nordnesrepublikken.no\/index.php\/2025\/11\/30\/kattenes-alder-er-en-blanding-mellom-kronologisk-og-biologisk\/\"]}]},{\"@type\":\"ImageObject\",\"inLanguage\":\"nb-NO\",\"@id\":\"https:\/\/nordnesrepublikken.no\/index.php\/2025\/11\/30\/kattenes-alder-er-en-blanding-mellom-kronologisk-og-biologisk\/#primaryimage\",\"url\":\"https:\/\/nordnesrepublikken.no\/wp-content\/uploads\/2025\/11\/1764471038_Kattenes-alder-er-en-blanding-mellom-kronologisk-og-biologisk.jpg\",\"contentUrl\":\"https:\/\/nordnesrepublikken.no\/wp-content\/uploads\/2025\/11\/1764471038_Kattenes-alder-er-en-blanding-mellom-kronologisk-og-biologisk.jpg\",\"width\":2121,\"height\":1414,\"caption\":\"Kattenes alder er en blanding mellom kronologisk og biologisk\"},{\"@type\":\"BreadcrumbList\",\"@id\":\"https:\/\/nordnesrepublikken.no\/index.php\/2025\/11\/30\/kattenes-alder-er-en-blanding-mellom-kronologisk-og-biologisk\/#breadcrumb\",\"itemListElement\":[{\"@type\":\"ListItem\",\"position\":1,\"name\":\"Home\",\"item\":\"https:\/\/nordnesrepublikken.no\/\"},{\"@type\":\"ListItem\",\"position\":2,\"name\":\"Kattenes alder er en blanding mellom kronologisk og biologisk\"}]},{\"@type\":\"WebSite\",\"@id\":\"https:\/\/nordnesrepublikken.no\/#website\",\"url\":\"https:\/\/nordnesrepublikken.no\/\",\"name\":\"Nordnesrepublikken\",\"description\":\"Stemmer og Visjoner fra Republikkens Hjerte\",\"publisher\":{\"@id\":\"https:\/\/nordnesrepublikken.no\/#organization\"},\"potentialAction\":[{\"@type\":\"SearchAction\",\"target\":{\"@type\":\"EntryPoint\",\"urlTemplate\":\"https:\/\/nordnesrepublikken.no\/?s={search_term_string}\"},\"query-input\":{\"@type\":\"PropertyValueSpecification\",\"valueRequired\":true,\"valueName\":\"search_term_string\"}}],\"inLanguage\":\"nb-NO\"},{\"@type\":\"Organization\",\"@id\":\"https:\/\/nordnesrepublikken.no\/#organization\",\"name\":\"Nordnesrepublikken\",\"url\":\"https:\/\/nordnesrepublikken.no\/\",\"logo\":{\"@type\":\"ImageObject\",\"inLanguage\":\"nb-NO\",\"@id\":\"https:\/\/nordnesrepublikken.no\/#\/schema\/logo\/image\/\",\"url\":\"https:\/\/nordnesrepublikken.no\/wp-content\/uploads\/2025\/02\/cropped-nordnesrepublikken-2.png\",\"contentUrl\":\"https:\/\/nordnesrepublikken.no\/wp-content\/uploads\/2025\/02\/cropped-nordnesrepublikken-2.png\",\"width\":1248,\"height\":362,\"caption\":\"Nordnesrepublikken\"},\"image\":{\"@id\":\"https:\/\/nordnesrepublikken.no\/#\/schema\/logo\/image\/\"}},{\"@type\":\"Person\",\"@id\":\"https:\/\/nordnesrepublikken.no\/#\/schema\/person\/2e7e81935bab77882fffb79296240ff1\",\"name\":\"Ole Andersen\",\"image\":{\"@type\":\"ImageObject\",\"inLanguage\":\"nb-NO\",\"@id\":\"https:\/\/nordnesrepublikken.no\/#\/schema\/person\/image\/\",\"url\":\"https:\/\/nordnesrepublikken.no\/wp-content\/uploads\/2025\/02\/nordnesrepublikken-2-2-150x150.jpg\",\"contentUrl\":\"https:\/\/nordnesrepublikken.no\/wp-content\/uploads\/2025\/02\/nordnesrepublikken-2-2-150x150.jpg\",\"caption\":\"Ole Andersen\"},\"description\":\"Ettersom jeg vokste opp i Oslo, har jeg alltid v\u00e6rt fascinert av ordenes kraft og deres evne til \u00e5 skape endringer. Etter \u00e5 ha fullf\u00f8rt min utdannelse i kommunikasjon ved Universitetet i Bergen, fikk jeg muligheten til \u00e5 jobbe innen ulike medier, der jeg har s\u00f8kt \u00e5 belyse viktige samfunnssp\u00f8rsm\u00e5l. I dag, som redakt\u00f8r for Nordnesrepublikken, pr\u00f8ver jeg \u00e5 forene min kj\u00e6rlighet for journalistikk med min lidenskap for innovasjon og eventyr.\",\"sameAs\":[\"https:\/\/nordnesrepublikken.no\/\"]}]}<\/script>\n<!-- \/ Yoast SEO plugin. -->","yoast_head_json":{"title":"Kattenes alder er en blanding mellom kronologisk og biologisk - Nordnesrepublikken","robots":{"index":"index","follow":"follow","max-snippet":"max-snippet:-1","max-image-preview":"max-image-preview:large","max-video-preview":"max-video-preview:-1"},"canonical":"https:\/\/nordnesrepublikken.no\/index.php\/2025\/11\/30\/kattenes-alder-er-en-blanding-mellom-kronologisk-og-biologisk\/","og_locale":"nb_NO","og_type":"article","og_title":"Kattenes alder er en blanding mellom kronologisk og biologisk - Nordnesrepublikken","og_description":"Hver gang vi sp\u00f8r hvor gammel en katt er, stiller vi faktisk et dobbelt sp\u00f8rsm\u00e5l:","og_url":"https:\/\/nordnesrepublikken.no\/index.php\/2025\/11\/30\/kattenes-alder-er-en-blanding-mellom-kronologisk-og-biologisk\/","og_site_name":"Nordnesrepublikken","article_published_time":"2025-11-30T02:50:38+00:00","article_modified_time":"2025-11-30T02:50:40+00:00","og_image":[{"width":2121,"height":1414,"url":"https:\/\/nordnesrepublikken.no\/wp-content\/uploads\/2025\/11\/1764471038_Kattenes-alder-er-en-blanding-mellom-kronologisk-og-biologisk.jpg","type":"image\/jpeg"}],"author":"Ole Andersen","twitter_card":"summary_large_image","twitter_misc":{"Skrevet av":"Ole Andersen","Ansl. lesetid":"5 minutter"},"schema":{"@context":"https:\/\/schema.org","@graph":[{"@type":"Article","@id":"https:\/\/nordnesrepublikken.no\/index.php\/2025\/11\/30\/kattenes-alder-er-en-blanding-mellom-kronologisk-og-biologisk\/#article","isPartOf":{"@id":"https:\/\/nordnesrepublikken.no\/index.php\/2025\/11\/30\/kattenes-alder-er-en-blanding-mellom-kronologisk-og-biologisk\/"},"author":{"name":"Ole Andersen","@id":"https:\/\/nordnesrepublikken.no\/#\/schema\/person\/2e7e81935bab77882fffb79296240ff1"},"headline":"Kattenes alder er en blanding mellom kronologisk og biologisk","datePublished":"2025-11-30T02:50:38+00:00","dateModified":"2025-11-30T02:50:40+00:00","mainEntityOfPage":{"@id":"https:\/\/nordnesrepublikken.no\/index.php\/2025\/11\/30\/kattenes-alder-er-en-blanding-mellom-kronologisk-og-biologisk\/"},"wordCount":966,"publisher":{"@id":"https:\/\/nordnesrepublikken.no\/#organization"},"image":{"@id":"https:\/\/nordnesrepublikken.no\/index.php\/2025\/11\/30\/kattenes-alder-er-en-blanding-mellom-kronologisk-og-biologisk\/#primaryimage"},"thumbnailUrl":"https:\/\/nordnesrepublikken.no\/wp-content\/uploads\/2025\/11\/1764471038_Kattenes-alder-er-en-blanding-mellom-kronologisk-og-biologisk.jpg","keywords":["Alder","biologisk","blanding","Kattenes","kronologisk","mellom"],"articleSection":["Vitenskap"],"inLanguage":"nb-NO"},{"@type":"WebPage","@id":"https:\/\/nordnesrepublikken.no\/index.php\/2025\/11\/30\/kattenes-alder-er-en-blanding-mellom-kronologisk-og-biologisk\/","url":"https:\/\/nordnesrepublikken.no\/index.php\/2025\/11\/30\/kattenes-alder-er-en-blanding-mellom-kronologisk-og-biologisk\/","name":"Kattenes alder er en blanding mellom kronologisk og biologisk - Nordnesrepublikken","isPartOf":{"@id":"https:\/\/nordnesrepublikken.no\/#website"},"primaryImageOfPage":{"@id":"https:\/\/nordnesrepublikken.no\/index.php\/2025\/11\/30\/kattenes-alder-er-en-blanding-mellom-kronologisk-og-biologisk\/#primaryimage"},"image":{"@id":"https:\/\/nordnesrepublikken.no\/index.php\/2025\/11\/30\/kattenes-alder-er-en-blanding-mellom-kronologisk-og-biologisk\/#primaryimage"},"thumbnailUrl":"https:\/\/nordnesrepublikken.no\/wp-content\/uploads\/2025\/11\/1764471038_Kattenes-alder-er-en-blanding-mellom-kronologisk-og-biologisk.jpg","datePublished":"2025-11-30T02:50:38+00:00","dateModified":"2025-11-30T02:50:40+00:00","breadcrumb":{"@id":"https:\/\/nordnesrepublikken.no\/index.php\/2025\/11\/30\/kattenes-alder-er-en-blanding-mellom-kronologisk-og-biologisk\/#breadcrumb"},"inLanguage":"nb-NO","potentialAction":[{"@type":"ReadAction","target":["https:\/\/nordnesrepublikken.no\/index.php\/2025\/11\/30\/kattenes-alder-er-en-blanding-mellom-kronologisk-og-biologisk\/"]}]},{"@type":"ImageObject","inLanguage":"nb-NO","@id":"https:\/\/nordnesrepublikken.no\/index.php\/2025\/11\/30\/kattenes-alder-er-en-blanding-mellom-kronologisk-og-biologisk\/#primaryimage","url":"https:\/\/nordnesrepublikken.no\/wp-content\/uploads\/2025\/11\/1764471038_Kattenes-alder-er-en-blanding-mellom-kronologisk-og-biologisk.jpg","contentUrl":"https:\/\/nordnesrepublikken.no\/wp-content\/uploads\/2025\/11\/1764471038_Kattenes-alder-er-en-blanding-mellom-kronologisk-og-biologisk.jpg","width":2121,"height":1414,"caption":"Kattenes alder er en blanding mellom kronologisk og biologisk"},{"@type":"BreadcrumbList","@id":"https:\/\/nordnesrepublikken.no\/index.php\/2025\/11\/30\/kattenes-alder-er-en-blanding-mellom-kronologisk-og-biologisk\/#breadcrumb","itemListElement":[{"@type":"ListItem","position":1,"name":"Home","item":"https:\/\/nordnesrepublikken.no\/"},{"@type":"ListItem","position":2,"name":"Kattenes alder er en blanding mellom kronologisk og biologisk"}]},{"@type":"WebSite","@id":"https:\/\/nordnesrepublikken.no\/#website","url":"https:\/\/nordnesrepublikken.no\/","name":"Nordnesrepublikken","description":"Stemmer og Visjoner fra Republikkens Hjerte","publisher":{"@id":"https:\/\/nordnesrepublikken.no\/#organization"},"potentialAction":[{"@type":"SearchAction","target":{"@type":"EntryPoint","urlTemplate":"https:\/\/nordnesrepublikken.no\/?s={search_term_string}"},"query-input":{"@type":"PropertyValueSpecification","valueRequired":true,"valueName":"search_term_string"}}],"inLanguage":"nb-NO"},{"@type":"Organization","@id":"https:\/\/nordnesrepublikken.no\/#organization","name":"Nordnesrepublikken","url":"https:\/\/nordnesrepublikken.no\/","logo":{"@type":"ImageObject","inLanguage":"nb-NO","@id":"https:\/\/nordnesrepublikken.no\/#\/schema\/logo\/image\/","url":"https:\/\/nordnesrepublikken.no\/wp-content\/uploads\/2025\/02\/cropped-nordnesrepublikken-2.png","contentUrl":"https:\/\/nordnesrepublikken.no\/wp-content\/uploads\/2025\/02\/cropped-nordnesrepublikken-2.png","width":1248,"height":362,"caption":"Nordnesrepublikken"},"image":{"@id":"https:\/\/nordnesrepublikken.no\/#\/schema\/logo\/image\/"}},{"@type":"Person","@id":"https:\/\/nordnesrepublikken.no\/#\/schema\/person\/2e7e81935bab77882fffb79296240ff1","name":"Ole Andersen","image":{"@type":"ImageObject","inLanguage":"nb-NO","@id":"https:\/\/nordnesrepublikken.no\/#\/schema\/person\/image\/","url":"https:\/\/nordnesrepublikken.no\/wp-content\/uploads\/2025\/02\/nordnesrepublikken-2-2-150x150.jpg","contentUrl":"https:\/\/nordnesrepublikken.no\/wp-content\/uploads\/2025\/02\/nordnesrepublikken-2-2-150x150.jpg","caption":"Ole Andersen"},"description":"Ettersom jeg vokste opp i Oslo, har jeg alltid v\u00e6rt fascinert av ordenes kraft og deres evne til \u00e5 skape endringer. Etter \u00e5 ha fullf\u00f8rt min utdannelse i kommunikasjon ved Universitetet i Bergen, fikk jeg muligheten til \u00e5 jobbe innen ulike medier, der jeg har s\u00f8kt \u00e5 belyse viktige samfunnssp\u00f8rsm\u00e5l. I dag, som redakt\u00f8r for Nordnesrepublikken, pr\u00f8ver jeg \u00e5 forene min kj\u00e6rlighet for journalistikk med min lidenskap for innovasjon og eventyr.","sameAs":["https:\/\/nordnesrepublikken.no\/"]}]}},"_links":{"self":[{"href":"https:\/\/nordnesrepublikken.no\/index.php\/wp-json\/wp\/v2\/posts\/12273","targetHints":{"allow":["GET"]}}],"collection":[{"href":"https:\/\/nordnesrepublikken.no\/index.php\/wp-json\/wp\/v2\/posts"}],"about":[{"href":"https:\/\/nordnesrepublikken.no\/index.php\/wp-json\/wp\/v2\/types\/post"}],"author":[{"embeddable":true,"href":"https:\/\/nordnesrepublikken.no\/index.php\/wp-json\/wp\/v2\/users\/1"}],"replies":[{"embeddable":true,"href":"https:\/\/nordnesrepublikken.no\/index.php\/wp-json\/wp\/v2\/comments?post=12273"}],"version-history":[{"count":1,"href":"https:\/\/nordnesrepublikken.no\/index.php\/wp-json\/wp\/v2\/posts\/12273\/revisions"}],"predecessor-version":[{"id":12275,"href":"https:\/\/nordnesrepublikken.no\/index.php\/wp-json\/wp\/v2\/posts\/12273\/revisions\/12275"}],"wp:featuredmedia":[{"embeddable":true,"href":"https:\/\/nordnesrepublikken.no\/index.php\/wp-json\/wp\/v2\/media\/12274"}],"wp:attachment":[{"href":"https:\/\/nordnesrepublikken.no\/index.php\/wp-json\/wp\/v2\/media?parent=12273"}],"wp:term":[{"taxonomy":"category","embeddable":true,"href":"https:\/\/nordnesrepublikken.no\/index.php\/wp-json\/wp\/v2\/categories?post=12273"},{"taxonomy":"post_tag","embeddable":true,"href":"https:\/\/nordnesrepublikken.no\/index.php\/wp-json\/wp\/v2\/tags?post=12273"}],"curies":[{"name":"wp","href":"https:\/\/api.w.org\/{rel}","templated":true}]}}