{"id":12270,"date":"2025-11-29T23:51:00","date_gmt":"2025-11-29T22:51:00","guid":{"rendered":"https:\/\/nordnesrepublikken.no\/index.php\/2025\/11\/29\/globalt-flykaos-hvordan-solstraling-jordet-tusenvis-av-airbus-a320-er-og-forarsaket-hundrevis-av-flykanselleringer\/"},"modified":"2025-11-29T23:51:01","modified_gmt":"2025-11-29T22:51:01","slug":"globalt-flykaos-hvordan-solstraling-jordet-tusenvis-av-airbus-a320-er-og-forarsaket-hundrevis-av-flykanselleringer","status":"publish","type":"post","link":"https:\/\/nordnesrepublikken.no\/index.php\/2025\/11\/29\/globalt-flykaos-hvordan-solstraling-jordet-tusenvis-av-airbus-a320-er-og-forarsaket-hundrevis-av-flykanselleringer\/","title":{"rendered":"Globalt flykaos: Hvordan solstr\u00e5ling jordet tusenvis av Airbus A320-er og for\u00e5rsaket hundrevis av flykanselleringer"},"content":{"rendered":"<p><\/p>\n<div class=\"wordpress-content\">\n                    <!-- Article Start --><\/p>\n<p class=\"p1\">I en dramatisk eskalering av luftfartssikkerhetsbekymringer, m\u00f8tte tusenvis av Airbus A320-familiefly over hele verden jordingsordrer l\u00f8rdag 29. november etter at regulatorer krevde umiddelbare reparasjoner for \u00e5 unng\u00e5 risiko fra intens solstr\u00e5ling. Krisen, provosert av en amerikansk flyhendelse, har revet opp globale flyruter og strandet passasjerer under h\u00f8ye feriereiser. Her er hva som skjedde denne kaotiske l\u00f8rdagen.<\/p>\n<h2 class=\"p1\">Regulatorer krever umiddelbar Airbus A320 grunnst\u00f8ting p\u00e5 grunn av solrisiko<\/h2>\n<p class=\"p1\">European Union Aviation Safety Agency EASA utstedte et n\u00f8dluftdyktighetsdirektiv sent fredag \u200b\u200bkveld, og bestilte programvareoppdateringer eller maskinvarebytte p\u00e5 opptil 6500 A320-jetfly. Det er halvparten av den globale fl\u00e5ten av A320, f\u00f8r midnatt GMT. Dette fulgte et Airbus-varsel som advarte om hvordan solflammer kunne forvrenge flykontrollene. EASAs offisielle X-innlegg understreket: &laquo;Sikkerhet er overordnet,&raquo; advarte om potensielle forstyrrelser. Manglende overholdelse begrenser fly til \u00e5 t\u00f8mme \u00abferjeflyvninger\u00bb til vedlikeholdsknutepunkter, noe som effektivt setter passasjeroperasjoner p\u00e5 sidelinjen.<\/p>\n<h2 class=\"p1\">Utbredte kanselleringer: Hvor mange Airbus A320-flyvninger ble truffet p\u00e5 l\u00f8rdag?<\/h2>\n<p class=\"p1\">Direktivet har allerede avbrutt over <strong>375 flyselskaper<\/strong> i <strong>110 land<\/strong>p\u00e5virker omtrent <strong>6,2 millioner daglige passasjerer<\/strong> p\u00e5 A320-ruter. Over hele verden, eksperter <strong>ansl\u00e5 200-300 kanselleringer<\/strong> 29. november alene, med forsinkelser som \u00f8ker i tusentall mens mekanikere raser mot klokken.<span class=\"Apple-converted-space\"> <\/span><\/p>\n<div class=\"sra_unit\"><link rel=\"stylesheet\" id=\"block-sra\" href=\"https:\/\/euroweeklynews.com\/wp-content\/plugins\/snack-related-articles\/dist\/css\/snack-related.min.css?250312-193541\" type=\"text\/css\" media=\"all\">\n<\/div>\n<p class=\"p1\">I Europa var nedfallet mildere: Omtrent 50\u201360 flyreiser ble skrotet, hovedsakelig kortdistansehopp fra flyselskaper som Air France (35 rammet) og easyJet (2\u20135). British Airways og Wizz Air rapporterte null kanselleringer etter justeringer over natten. De fleste ufikserte fly, over 90 prosent av Europas 2500 A320-fly, fl\u00f8y uansett og ignorerte advarslene, under en frist frem til 23:59 GMT, noe som minimerte kaos p\u00e5 flyplasser som Heathrow og CDG.<\/p>\n<h2 class=\"p1\">Solfeilen forklarte: Hvorfor jorde A320 n\u00e5?<\/h2>\n<p class=\"p1\">I kjernen koker problemet ned til &laquo;fly-by-wire&raquo;-teknologi i A320s, der pilotenes kommandoer g\u00e5r gjennom datamaskiner som Elevator Aileron Computer (ELAC) for \u00e5 styre heiser og aileroner som prim\u00e6rt kontrollerer opp- og nedbevegelsen til flyet.<span class=\"Apple-converted-space\"> <\/span><\/p>\n<p class=\"p1\">Intens solstr\u00e5ling, str\u00f8mmer av ladede partikler fra solflammer, kan \u00f8delegge elektronikken som holder disse dataene, og for\u00e5rsake<span class=\"Apple-converted-space\">  <\/span>ukommanderte dykk eller ruller. I et marerittscenario kan det presse jetflyet utover strukturelle grenser, og risikere oppbrudd i luften. Regulatorer insisterte p\u00e5 grunnst\u00f8ting for \u00e5 forebygge katastrofer, spesielt under 2025s solmaksimum, n\u00e5r utbruddene topper seg.<\/p>\n<p class=\"p1\">Panikken g\u00e5r tilbake til 30. oktober, da JetBlue Flight 1230 fra Cancun til Newark plutselig stupte ned i 35 000 fot, skadet 15 ombord og tvang en n\u00f8dlanding i Tampa. Autopiloten forble p\u00e5, men det korte fallet avsl\u00f8rte ELAC B L104-programvarens s\u00e5rbarhet for str\u00e5lingstopper.<\/p>\n<h2 class=\"p1\">Utpakking av den tekniske feilen: Fra solpartikler til fare for et fly<\/h2>\n<p class=\"p1\">Solstr\u00e5lingen g\u00e5r dypere inn i problemet, og pakker protoner og elektroner som zapper flyelektronikk i kryssende h\u00f8yder, der jordens skjold er tynnere. Airbus sin analyse pekte p\u00e5 ELAC-versjoner L104 som syndere: under JetBlue-skremselen, som hadde \u00f8delagt innganger og utl\u00f8ste en &laquo;begrenset pitch-down-hendelse&raquo;, som fikk flyet til \u00e5 dykke uventet, skapte null tyngdekraft i kabinen og kastet passasjerer fra setene. L\u00f8sningen? En tre timers jobb p\u00e5 hvert fly i henhold til Airbus retningslinjer.<\/p>\n<h2 class=\"p1\">Kan nylige &laquo;kannibalsolstormer&raquo; v\u00e6re den skjulte synderen?<\/h2>\n<p class=\"p1\">Dette kommer midt i 2025s brennende sol, preget av &laquo;kannibale solstormer&raquo; \u2013 raske koronale masseutkast (CME) som sluker langsommere p\u00e5 vei til jorden, og overlader geomagnetisk kaos. En \u00abkannibal\u00bb-begivenhet 12. november, den sterkeste p\u00e5 20 \u00e5r, svarte p\u00e5 radioer og svingte GPS, og utsatte til og med NASA-oppskytningen. Tidligere september-bluss tente nordlys over 18 amerikanske stater. Forsterket et av disse beistene JetBlue-feilen? Eksperter sier det er mulig, og oppfordrer til unders\u00f8kelser av romv\u00e6rets blindsoner for luftfart. N\u00e5r rettelser ruller ut i midten av desember, gjenst\u00e5r ett sp\u00f8rsm\u00e5l: Omskriver solens raseri himmelen v\u00e5r?<\/p>\n<p>Forstyrrelsene ventes \u00e5 fortsette ut s\u00f8ndag.<\/p>\n<p>                    <!-- Originally published at https:\/\/euroweeklynews.com\/2025\/11\/29\/global-flight-chaos-how-solar-radiation-grounded-thousands-of-airbus-a320s-caused-100s-of-flight-cancellations\/ on 29 Nov 2025 at 20:05 by Adam Woodward --><br \/>\n                    <!-- Article End -->\n                <\/div>\n","protected":false},"excerpt":{"rendered":"<p>I en dramatisk eskalering av luftfartssikkerhetsbekymringer, m\u00f8tte tusenvis av Airbus A320-familiefly over hele verden jordingsordrer<\/p>\n","protected":false},"author":1,"featured_media":12271,"comment_status":"closed","ping_status":"open","sticky":false,"template":"","format":"standard","meta":{"footnotes":""},"categories":[105],"tags":[8063,2806,8064,8060,951,7098,3733,112,8062,8061,1928],"class_list":["post-12270","post","type-post","status-publish","format-standard","has-post-thumbnail","hentry","category-livsstil","tag-a320er","tag-airbus","tag-flykanselleringer","tag-flykaos","tag-forarsaket","tag-globalt","tag-hundrevis","tag-hvordan","tag-jordet","tag-solstraling","tag-tusenvis","generate-columns","tablet-grid-50","mobile-grid-100","grid-parent","grid-33","resize-featured-image"],"yoast_head":"<!-- This site is optimized with the Yoast SEO plugin v24.4 - https:\/\/yoast.com\/wordpress\/plugins\/seo\/ -->\n<title>Globalt flykaos: Hvordan solstr\u00e5ling jordet tusenvis av Airbus A320-er og for\u00e5rsaket hundrevis av flykanselleringer - Nordnesrepublikken<\/title>\n<meta name=\"robots\" content=\"index, follow, max-snippet:-1, max-image-preview:large, max-video-preview:-1\" \/>\n<link rel=\"canonical\" href=\"https:\/\/nordnesrepublikken.no\/index.php\/2025\/11\/29\/globalt-flykaos-hvordan-solstraling-jordet-tusenvis-av-airbus-a320-er-og-forarsaket-hundrevis-av-flykanselleringer\/\" \/>\n<meta property=\"og:locale\" content=\"nb_NO\" \/>\n<meta property=\"og:type\" content=\"article\" \/>\n<meta property=\"og:title\" content=\"Globalt flykaos: Hvordan solstr\u00e5ling jordet tusenvis av Airbus A320-er og for\u00e5rsaket hundrevis av flykanselleringer - Nordnesrepublikken\" \/>\n<meta property=\"og:description\" content=\"I en dramatisk eskalering av luftfartssikkerhetsbekymringer, m\u00f8tte tusenvis av Airbus A320-familiefly over hele verden jordingsordrer\" \/>\n<meta property=\"og:url\" content=\"https:\/\/nordnesrepublikken.no\/index.php\/2025\/11\/29\/globalt-flykaos-hvordan-solstraling-jordet-tusenvis-av-airbus-a320-er-og-forarsaket-hundrevis-av-flykanselleringer\/\" \/>\n<meta property=\"og:site_name\" content=\"Nordnesrepublikken\" \/>\n<meta property=\"article:published_time\" content=\"2025-11-29T22:51:00+00:00\" \/>\n<meta property=\"article:modified_time\" content=\"2025-11-29T22:51:01+00:00\" \/>\n<meta property=\"og:image\" content=\"https:\/\/nordnesrepublikken.no\/wp-content\/uploads\/2025\/11\/1764456660_Globalt-flykaos-Hvordan-solstraling-jordet-tusenvis-av-Airbus-A320-er-og.jpg\" \/>\n\t<meta property=\"og:image:width\" content=\"1200\" \/>\n\t<meta property=\"og:image:height\" content=\"718\" \/>\n\t<meta property=\"og:image:type\" content=\"image\/jpeg\" \/>\n<meta name=\"author\" content=\"Ole Andersen\" \/>\n<meta name=\"twitter:card\" content=\"summary_large_image\" \/>\n<meta name=\"twitter:label1\" content=\"Skrevet av\" \/>\n\t<meta name=\"twitter:data1\" content=\"Ole Andersen\" \/>\n\t<meta name=\"twitter:label2\" content=\"Ansl. lesetid\" \/>\n\t<meta name=\"twitter:data2\" content=\"3 minutter\" \/>\n<script type=\"application\/ld+json\" class=\"yoast-schema-graph\">{\"@context\":\"https:\/\/schema.org\",\"@graph\":[{\"@type\":\"Article\",\"@id\":\"https:\/\/nordnesrepublikken.no\/index.php\/2025\/11\/29\/globalt-flykaos-hvordan-solstraling-jordet-tusenvis-av-airbus-a320-er-og-forarsaket-hundrevis-av-flykanselleringer\/#article\",\"isPartOf\":{\"@id\":\"https:\/\/nordnesrepublikken.no\/index.php\/2025\/11\/29\/globalt-flykaos-hvordan-solstraling-jordet-tusenvis-av-airbus-a320-er-og-forarsaket-hundrevis-av-flykanselleringer\/\"},\"author\":{\"name\":\"Ole Andersen\",\"@id\":\"https:\/\/nordnesrepublikken.no\/#\/schema\/person\/2e7e81935bab77882fffb79296240ff1\"},\"headline\":\"Globalt flykaos: Hvordan solstr\u00e5ling jordet tusenvis av Airbus A320-er og for\u00e5rsaket hundrevis av flykanselleringer\",\"datePublished\":\"2025-11-29T22:51:00+00:00\",\"dateModified\":\"2025-11-29T22:51:01+00:00\",\"mainEntityOfPage\":{\"@id\":\"https:\/\/nordnesrepublikken.no\/index.php\/2025\/11\/29\/globalt-flykaos-hvordan-solstraling-jordet-tusenvis-av-airbus-a320-er-og-forarsaket-hundrevis-av-flykanselleringer\/\"},\"wordCount\":617,\"publisher\":{\"@id\":\"https:\/\/nordnesrepublikken.no\/#organization\"},\"image\":{\"@id\":\"https:\/\/nordnesrepublikken.no\/index.php\/2025\/11\/29\/globalt-flykaos-hvordan-solstraling-jordet-tusenvis-av-airbus-a320-er-og-forarsaket-hundrevis-av-flykanselleringer\/#primaryimage\"},\"thumbnailUrl\":\"https:\/\/nordnesrepublikken.no\/wp-content\/uploads\/2025\/11\/1764456660_Globalt-flykaos-Hvordan-solstraling-jordet-tusenvis-av-Airbus-A320-er-og.jpg\",\"keywords\":[\"A320er\",\"Airbus\",\"flykanselleringer\",\"flykaos\",\"for\u00e5rsaket\",\"globalt\",\"hundrevis\",\"Hvordan\",\"jordet\",\"solstr\u00e5ling\",\"tusenvis\"],\"articleSection\":[\"Livsstil\"],\"inLanguage\":\"nb-NO\"},{\"@type\":\"WebPage\",\"@id\":\"https:\/\/nordnesrepublikken.no\/index.php\/2025\/11\/29\/globalt-flykaos-hvordan-solstraling-jordet-tusenvis-av-airbus-a320-er-og-forarsaket-hundrevis-av-flykanselleringer\/\",\"url\":\"https:\/\/nordnesrepublikken.no\/index.php\/2025\/11\/29\/globalt-flykaos-hvordan-solstraling-jordet-tusenvis-av-airbus-a320-er-og-forarsaket-hundrevis-av-flykanselleringer\/\",\"name\":\"Globalt flykaos: Hvordan solstr\u00e5ling jordet tusenvis av Airbus A320-er og for\u00e5rsaket hundrevis av flykanselleringer - Nordnesrepublikken\",\"isPartOf\":{\"@id\":\"https:\/\/nordnesrepublikken.no\/#website\"},\"primaryImageOfPage\":{\"@id\":\"https:\/\/nordnesrepublikken.no\/index.php\/2025\/11\/29\/globalt-flykaos-hvordan-solstraling-jordet-tusenvis-av-airbus-a320-er-og-forarsaket-hundrevis-av-flykanselleringer\/#primaryimage\"},\"image\":{\"@id\":\"https:\/\/nordnesrepublikken.no\/index.php\/2025\/11\/29\/globalt-flykaos-hvordan-solstraling-jordet-tusenvis-av-airbus-a320-er-og-forarsaket-hundrevis-av-flykanselleringer\/#primaryimage\"},\"thumbnailUrl\":\"https:\/\/nordnesrepublikken.no\/wp-content\/uploads\/2025\/11\/1764456660_Globalt-flykaos-Hvordan-solstraling-jordet-tusenvis-av-Airbus-A320-er-og.jpg\",\"datePublished\":\"2025-11-29T22:51:00+00:00\",\"dateModified\":\"2025-11-29T22:51:01+00:00\",\"breadcrumb\":{\"@id\":\"https:\/\/nordnesrepublikken.no\/index.php\/2025\/11\/29\/globalt-flykaos-hvordan-solstraling-jordet-tusenvis-av-airbus-a320-er-og-forarsaket-hundrevis-av-flykanselleringer\/#breadcrumb\"},\"inLanguage\":\"nb-NO\",\"potentialAction\":[{\"@type\":\"ReadAction\",\"target\":[\"https:\/\/nordnesrepublikken.no\/index.php\/2025\/11\/29\/globalt-flykaos-hvordan-solstraling-jordet-tusenvis-av-airbus-a320-er-og-forarsaket-hundrevis-av-flykanselleringer\/\"]}]},{\"@type\":\"ImageObject\",\"inLanguage\":\"nb-NO\",\"@id\":\"https:\/\/nordnesrepublikken.no\/index.php\/2025\/11\/29\/globalt-flykaos-hvordan-solstraling-jordet-tusenvis-av-airbus-a320-er-og-forarsaket-hundrevis-av-flykanselleringer\/#primaryimage\",\"url\":\"https:\/\/nordnesrepublikken.no\/wp-content\/uploads\/2025\/11\/1764456660_Globalt-flykaos-Hvordan-solstraling-jordet-tusenvis-av-Airbus-A320-er-og.jpg\",\"contentUrl\":\"https:\/\/nordnesrepublikken.no\/wp-content\/uploads\/2025\/11\/1764456660_Globalt-flykaos-Hvordan-solstraling-jordet-tusenvis-av-Airbus-A320-er-og.jpg\",\"width\":1200,\"height\":718,\"caption\":\"Globalt flykaos: Hvordan solstr\u00e5ling jordet tusenvis av Airbus A320-er og for\u00e5rsaket hundrevis av flykanselleringer\"},{\"@type\":\"BreadcrumbList\",\"@id\":\"https:\/\/nordnesrepublikken.no\/index.php\/2025\/11\/29\/globalt-flykaos-hvordan-solstraling-jordet-tusenvis-av-airbus-a320-er-og-forarsaket-hundrevis-av-flykanselleringer\/#breadcrumb\",\"itemListElement\":[{\"@type\":\"ListItem\",\"position\":1,\"name\":\"Home\",\"item\":\"https:\/\/nordnesrepublikken.no\/\"},{\"@type\":\"ListItem\",\"position\":2,\"name\":\"Globalt flykaos: Hvordan solstr\u00e5ling jordet tusenvis av Airbus A320-er og for\u00e5rsaket hundrevis av flykanselleringer\"}]},{\"@type\":\"WebSite\",\"@id\":\"https:\/\/nordnesrepublikken.no\/#website\",\"url\":\"https:\/\/nordnesrepublikken.no\/\",\"name\":\"Nordnesrepublikken\",\"description\":\"Stemmer og Visjoner fra Republikkens Hjerte\",\"publisher\":{\"@id\":\"https:\/\/nordnesrepublikken.no\/#organization\"},\"potentialAction\":[{\"@type\":\"SearchAction\",\"target\":{\"@type\":\"EntryPoint\",\"urlTemplate\":\"https:\/\/nordnesrepublikken.no\/?s={search_term_string}\"},\"query-input\":{\"@type\":\"PropertyValueSpecification\",\"valueRequired\":true,\"valueName\":\"search_term_string\"}}],\"inLanguage\":\"nb-NO\"},{\"@type\":\"Organization\",\"@id\":\"https:\/\/nordnesrepublikken.no\/#organization\",\"name\":\"Nordnesrepublikken\",\"url\":\"https:\/\/nordnesrepublikken.no\/\",\"logo\":{\"@type\":\"ImageObject\",\"inLanguage\":\"nb-NO\",\"@id\":\"https:\/\/nordnesrepublikken.no\/#\/schema\/logo\/image\/\",\"url\":\"https:\/\/nordnesrepublikken.no\/wp-content\/uploads\/2025\/02\/cropped-nordnesrepublikken-2.png\",\"contentUrl\":\"https:\/\/nordnesrepublikken.no\/wp-content\/uploads\/2025\/02\/cropped-nordnesrepublikken-2.png\",\"width\":1248,\"height\":362,\"caption\":\"Nordnesrepublikken\"},\"image\":{\"@id\":\"https:\/\/nordnesrepublikken.no\/#\/schema\/logo\/image\/\"}},{\"@type\":\"Person\",\"@id\":\"https:\/\/nordnesrepublikken.no\/#\/schema\/person\/2e7e81935bab77882fffb79296240ff1\",\"name\":\"Ole Andersen\",\"image\":{\"@type\":\"ImageObject\",\"inLanguage\":\"nb-NO\",\"@id\":\"https:\/\/nordnesrepublikken.no\/#\/schema\/person\/image\/\",\"url\":\"https:\/\/nordnesrepublikken.no\/wp-content\/uploads\/2025\/02\/nordnesrepublikken-2-2-150x150.jpg\",\"contentUrl\":\"https:\/\/nordnesrepublikken.no\/wp-content\/uploads\/2025\/02\/nordnesrepublikken-2-2-150x150.jpg\",\"caption\":\"Ole Andersen\"},\"description\":\"Ettersom jeg vokste opp i Oslo, har jeg alltid v\u00e6rt fascinert av ordenes kraft og deres evne til \u00e5 skape endringer. Etter \u00e5 ha fullf\u00f8rt min utdannelse i kommunikasjon ved Universitetet i Bergen, fikk jeg muligheten til \u00e5 jobbe innen ulike medier, der jeg har s\u00f8kt \u00e5 belyse viktige samfunnssp\u00f8rsm\u00e5l. I dag, som redakt\u00f8r for Nordnesrepublikken, pr\u00f8ver jeg \u00e5 forene min kj\u00e6rlighet for journalistikk med min lidenskap for innovasjon og eventyr.\",\"sameAs\":[\"https:\/\/nordnesrepublikken.no\/\"]}]}<\/script>\n<!-- \/ Yoast SEO plugin. -->","yoast_head_json":{"title":"Globalt flykaos: Hvordan solstr\u00e5ling jordet tusenvis av Airbus A320-er og for\u00e5rsaket hundrevis av flykanselleringer - Nordnesrepublikken","robots":{"index":"index","follow":"follow","max-snippet":"max-snippet:-1","max-image-preview":"max-image-preview:large","max-video-preview":"max-video-preview:-1"},"canonical":"https:\/\/nordnesrepublikken.no\/index.php\/2025\/11\/29\/globalt-flykaos-hvordan-solstraling-jordet-tusenvis-av-airbus-a320-er-og-forarsaket-hundrevis-av-flykanselleringer\/","og_locale":"nb_NO","og_type":"article","og_title":"Globalt flykaos: Hvordan solstr\u00e5ling jordet tusenvis av Airbus A320-er og for\u00e5rsaket hundrevis av flykanselleringer - Nordnesrepublikken","og_description":"I en dramatisk eskalering av luftfartssikkerhetsbekymringer, m\u00f8tte tusenvis av Airbus A320-familiefly over hele verden jordingsordrer","og_url":"https:\/\/nordnesrepublikken.no\/index.php\/2025\/11\/29\/globalt-flykaos-hvordan-solstraling-jordet-tusenvis-av-airbus-a320-er-og-forarsaket-hundrevis-av-flykanselleringer\/","og_site_name":"Nordnesrepublikken","article_published_time":"2025-11-29T22:51:00+00:00","article_modified_time":"2025-11-29T22:51:01+00:00","og_image":[{"width":1200,"height":718,"url":"https:\/\/nordnesrepublikken.no\/wp-content\/uploads\/2025\/11\/1764456660_Globalt-flykaos-Hvordan-solstraling-jordet-tusenvis-av-Airbus-A320-er-og.jpg","type":"image\/jpeg"}],"author":"Ole Andersen","twitter_card":"summary_large_image","twitter_misc":{"Skrevet av":"Ole Andersen","Ansl. lesetid":"3 minutter"},"schema":{"@context":"https:\/\/schema.org","@graph":[{"@type":"Article","@id":"https:\/\/nordnesrepublikken.no\/index.php\/2025\/11\/29\/globalt-flykaos-hvordan-solstraling-jordet-tusenvis-av-airbus-a320-er-og-forarsaket-hundrevis-av-flykanselleringer\/#article","isPartOf":{"@id":"https:\/\/nordnesrepublikken.no\/index.php\/2025\/11\/29\/globalt-flykaos-hvordan-solstraling-jordet-tusenvis-av-airbus-a320-er-og-forarsaket-hundrevis-av-flykanselleringer\/"},"author":{"name":"Ole Andersen","@id":"https:\/\/nordnesrepublikken.no\/#\/schema\/person\/2e7e81935bab77882fffb79296240ff1"},"headline":"Globalt flykaos: Hvordan solstr\u00e5ling jordet tusenvis av Airbus A320-er og for\u00e5rsaket hundrevis av flykanselleringer","datePublished":"2025-11-29T22:51:00+00:00","dateModified":"2025-11-29T22:51:01+00:00","mainEntityOfPage":{"@id":"https:\/\/nordnesrepublikken.no\/index.php\/2025\/11\/29\/globalt-flykaos-hvordan-solstraling-jordet-tusenvis-av-airbus-a320-er-og-forarsaket-hundrevis-av-flykanselleringer\/"},"wordCount":617,"publisher":{"@id":"https:\/\/nordnesrepublikken.no\/#organization"},"image":{"@id":"https:\/\/nordnesrepublikken.no\/index.php\/2025\/11\/29\/globalt-flykaos-hvordan-solstraling-jordet-tusenvis-av-airbus-a320-er-og-forarsaket-hundrevis-av-flykanselleringer\/#primaryimage"},"thumbnailUrl":"https:\/\/nordnesrepublikken.no\/wp-content\/uploads\/2025\/11\/1764456660_Globalt-flykaos-Hvordan-solstraling-jordet-tusenvis-av-Airbus-A320-er-og.jpg","keywords":["A320er","Airbus","flykanselleringer","flykaos","for\u00e5rsaket","globalt","hundrevis","Hvordan","jordet","solstr\u00e5ling","tusenvis"],"articleSection":["Livsstil"],"inLanguage":"nb-NO"},{"@type":"WebPage","@id":"https:\/\/nordnesrepublikken.no\/index.php\/2025\/11\/29\/globalt-flykaos-hvordan-solstraling-jordet-tusenvis-av-airbus-a320-er-og-forarsaket-hundrevis-av-flykanselleringer\/","url":"https:\/\/nordnesrepublikken.no\/index.php\/2025\/11\/29\/globalt-flykaos-hvordan-solstraling-jordet-tusenvis-av-airbus-a320-er-og-forarsaket-hundrevis-av-flykanselleringer\/","name":"Globalt flykaos: Hvordan solstr\u00e5ling jordet tusenvis av Airbus A320-er og for\u00e5rsaket hundrevis av flykanselleringer - Nordnesrepublikken","isPartOf":{"@id":"https:\/\/nordnesrepublikken.no\/#website"},"primaryImageOfPage":{"@id":"https:\/\/nordnesrepublikken.no\/index.php\/2025\/11\/29\/globalt-flykaos-hvordan-solstraling-jordet-tusenvis-av-airbus-a320-er-og-forarsaket-hundrevis-av-flykanselleringer\/#primaryimage"},"image":{"@id":"https:\/\/nordnesrepublikken.no\/index.php\/2025\/11\/29\/globalt-flykaos-hvordan-solstraling-jordet-tusenvis-av-airbus-a320-er-og-forarsaket-hundrevis-av-flykanselleringer\/#primaryimage"},"thumbnailUrl":"https:\/\/nordnesrepublikken.no\/wp-content\/uploads\/2025\/11\/1764456660_Globalt-flykaos-Hvordan-solstraling-jordet-tusenvis-av-Airbus-A320-er-og.jpg","datePublished":"2025-11-29T22:51:00+00:00","dateModified":"2025-11-29T22:51:01+00:00","breadcrumb":{"@id":"https:\/\/nordnesrepublikken.no\/index.php\/2025\/11\/29\/globalt-flykaos-hvordan-solstraling-jordet-tusenvis-av-airbus-a320-er-og-forarsaket-hundrevis-av-flykanselleringer\/#breadcrumb"},"inLanguage":"nb-NO","potentialAction":[{"@type":"ReadAction","target":["https:\/\/nordnesrepublikken.no\/index.php\/2025\/11\/29\/globalt-flykaos-hvordan-solstraling-jordet-tusenvis-av-airbus-a320-er-og-forarsaket-hundrevis-av-flykanselleringer\/"]}]},{"@type":"ImageObject","inLanguage":"nb-NO","@id":"https:\/\/nordnesrepublikken.no\/index.php\/2025\/11\/29\/globalt-flykaos-hvordan-solstraling-jordet-tusenvis-av-airbus-a320-er-og-forarsaket-hundrevis-av-flykanselleringer\/#primaryimage","url":"https:\/\/nordnesrepublikken.no\/wp-content\/uploads\/2025\/11\/1764456660_Globalt-flykaos-Hvordan-solstraling-jordet-tusenvis-av-Airbus-A320-er-og.jpg","contentUrl":"https:\/\/nordnesrepublikken.no\/wp-content\/uploads\/2025\/11\/1764456660_Globalt-flykaos-Hvordan-solstraling-jordet-tusenvis-av-Airbus-A320-er-og.jpg","width":1200,"height":718,"caption":"Globalt flykaos: Hvordan solstr\u00e5ling jordet tusenvis av Airbus A320-er og for\u00e5rsaket hundrevis av flykanselleringer"},{"@type":"BreadcrumbList","@id":"https:\/\/nordnesrepublikken.no\/index.php\/2025\/11\/29\/globalt-flykaos-hvordan-solstraling-jordet-tusenvis-av-airbus-a320-er-og-forarsaket-hundrevis-av-flykanselleringer\/#breadcrumb","itemListElement":[{"@type":"ListItem","position":1,"name":"Home","item":"https:\/\/nordnesrepublikken.no\/"},{"@type":"ListItem","position":2,"name":"Globalt flykaos: Hvordan solstr\u00e5ling jordet tusenvis av Airbus A320-er og for\u00e5rsaket hundrevis av flykanselleringer"}]},{"@type":"WebSite","@id":"https:\/\/nordnesrepublikken.no\/#website","url":"https:\/\/nordnesrepublikken.no\/","name":"Nordnesrepublikken","description":"Stemmer og Visjoner fra Republikkens Hjerte","publisher":{"@id":"https:\/\/nordnesrepublikken.no\/#organization"},"potentialAction":[{"@type":"SearchAction","target":{"@type":"EntryPoint","urlTemplate":"https:\/\/nordnesrepublikken.no\/?s={search_term_string}"},"query-input":{"@type":"PropertyValueSpecification","valueRequired":true,"valueName":"search_term_string"}}],"inLanguage":"nb-NO"},{"@type":"Organization","@id":"https:\/\/nordnesrepublikken.no\/#organization","name":"Nordnesrepublikken","url":"https:\/\/nordnesrepublikken.no\/","logo":{"@type":"ImageObject","inLanguage":"nb-NO","@id":"https:\/\/nordnesrepublikken.no\/#\/schema\/logo\/image\/","url":"https:\/\/nordnesrepublikken.no\/wp-content\/uploads\/2025\/02\/cropped-nordnesrepublikken-2.png","contentUrl":"https:\/\/nordnesrepublikken.no\/wp-content\/uploads\/2025\/02\/cropped-nordnesrepublikken-2.png","width":1248,"height":362,"caption":"Nordnesrepublikken"},"image":{"@id":"https:\/\/nordnesrepublikken.no\/#\/schema\/logo\/image\/"}},{"@type":"Person","@id":"https:\/\/nordnesrepublikken.no\/#\/schema\/person\/2e7e81935bab77882fffb79296240ff1","name":"Ole Andersen","image":{"@type":"ImageObject","inLanguage":"nb-NO","@id":"https:\/\/nordnesrepublikken.no\/#\/schema\/person\/image\/","url":"https:\/\/nordnesrepublikken.no\/wp-content\/uploads\/2025\/02\/nordnesrepublikken-2-2-150x150.jpg","contentUrl":"https:\/\/nordnesrepublikken.no\/wp-content\/uploads\/2025\/02\/nordnesrepublikken-2-2-150x150.jpg","caption":"Ole Andersen"},"description":"Ettersom jeg vokste opp i Oslo, har jeg alltid v\u00e6rt fascinert av ordenes kraft og deres evne til \u00e5 skape endringer. Etter \u00e5 ha fullf\u00f8rt min utdannelse i kommunikasjon ved Universitetet i Bergen, fikk jeg muligheten til \u00e5 jobbe innen ulike medier, der jeg har s\u00f8kt \u00e5 belyse viktige samfunnssp\u00f8rsm\u00e5l. I dag, som redakt\u00f8r for Nordnesrepublikken, pr\u00f8ver jeg \u00e5 forene min kj\u00e6rlighet for journalistikk med min lidenskap for innovasjon og eventyr.","sameAs":["https:\/\/nordnesrepublikken.no\/"]}]}},"_links":{"self":[{"href":"https:\/\/nordnesrepublikken.no\/index.php\/wp-json\/wp\/v2\/posts\/12270","targetHints":{"allow":["GET"]}}],"collection":[{"href":"https:\/\/nordnesrepublikken.no\/index.php\/wp-json\/wp\/v2\/posts"}],"about":[{"href":"https:\/\/nordnesrepublikken.no\/index.php\/wp-json\/wp\/v2\/types\/post"}],"author":[{"embeddable":true,"href":"https:\/\/nordnesrepublikken.no\/index.php\/wp-json\/wp\/v2\/users\/1"}],"replies":[{"embeddable":true,"href":"https:\/\/nordnesrepublikken.no\/index.php\/wp-json\/wp\/v2\/comments?post=12270"}],"version-history":[{"count":1,"href":"https:\/\/nordnesrepublikken.no\/index.php\/wp-json\/wp\/v2\/posts\/12270\/revisions"}],"predecessor-version":[{"id":12272,"href":"https:\/\/nordnesrepublikken.no\/index.php\/wp-json\/wp\/v2\/posts\/12270\/revisions\/12272"}],"wp:featuredmedia":[{"embeddable":true,"href":"https:\/\/nordnesrepublikken.no\/index.php\/wp-json\/wp\/v2\/media\/12271"}],"wp:attachment":[{"href":"https:\/\/nordnesrepublikken.no\/index.php\/wp-json\/wp\/v2\/media?parent=12270"}],"wp:term":[{"taxonomy":"category","embeddable":true,"href":"https:\/\/nordnesrepublikken.no\/index.php\/wp-json\/wp\/v2\/categories?post=12270"},{"taxonomy":"post_tag","embeddable":true,"href":"https:\/\/nordnesrepublikken.no\/index.php\/wp-json\/wp\/v2\/tags?post=12270"}],"curies":[{"name":"wp","href":"https:\/\/api.w.org\/{rel}","templated":true}]}}