{"id":12264,"date":"2025-11-29T20:51:40","date_gmt":"2025-11-29T19:51:40","guid":{"rendered":"https:\/\/nordnesrepublikken.no\/index.php\/2025\/11\/29\/hva-de-kan-avslore-om-den-noyaktige-datoen\/"},"modified":"2025-11-29T20:51:45","modified_gmt":"2025-11-29T19:51:45","slug":"hva-de-kan-avslore-om-den-noyaktige-datoen","status":"publish","type":"post","link":"https:\/\/nordnesrepublikken.no\/index.php\/2025\/11\/29\/hva-de-kan-avslore-om-den-noyaktige-datoen\/","title":{"rendered":"hva de kan avsl\u00f8re om den n\u00f8yaktige datoen"},"content":{"rendered":"<div>\n<div class=\"cp_wrapper cp_wrapper--fw mb-30 mb-20@tablet\">\n<figure class=\"mm\"><picture class=\"img\" style=\"padding-top:56.25%\"><source  media=\"(min-width: 1024px)\"><source  media=\"(min-width: 768px)\"><\/source><\/source><\/picture><\/figure>\n<\/p><\/div>\n<p>De er funnet <strong>spor etter utbruddet<\/strong> av Vesuv som i <strong>79 e.Kr<\/strong> \u00f8delagt <strong>Pompeii<\/strong> og <strong>Herculaneum <\/strong>p\u00e5 <strong>havbunnen i Tyrrenhavet<\/strong>utenfor kysten av Calabria a <strong>hundrevis av kilometer fra vulkanen<\/strong> og utover <strong>600 m under havoverflaten<\/strong>. Dette ble avsl\u00f8rt av studiene utf\u00f8rt av University of Palermo i samarbeid med University of Napoli og CNR, som dukket opp under konferansen &laquo;<em>POMPEII 79 AD sp\u00f8rsm\u00e5l om metode og historisk fortelling<\/em>&laquo;. Funnet, som ble gjort ved \u00e5 ta <strong>marine sedimentkjerner<\/strong>avsl\u00f8rer <strong>stor avstand<\/strong> n\u00e5dd av asken som sendes ut av Vesuv og<strong>fall i temperatur<\/strong> som fulgte arrangementet. Ytterligere analyser av pollen og fossile stammer kan bidra til \u00e5 definere datoen for utbruddet mer presist, som if\u00f8lge Plinius den yngres vitnesbyrd var 24. august, men som det fortsatt er usikkerhet om.<\/p>\n<h2><strong>Oppdagelsen av spor etter Vesuvs utbrudd i 79 e.Kr <\/strong><\/h2>\n<p>Forskerne gjennomf\u00f8rte oseanografiske kampanjer p\u00e5 havbunnen i Tyrrenhavet, Det joniske hav og den sicilianske kanalen, og tok marine sedimentkjerner som deretter ble analysert og sammenlignet med hverandre. I kjernen av det s\u00f8rlige Tyrrenhavet, som gir informasjon om de siste 15 000 \u00e5rene av jordens geologiske historie, <strong>lag av vulkansk aske<\/strong> at karbon-14 dateres tilbake til Vesuvs utbrudd i 79 e.Kr. Den geografiske plasseringen av funnet, if\u00f8lge paleoklimatologen Antonio Caruso, viser at &laquo;asken til den vulkanske skyen var <strong>b\u00e5ret av vinden<\/strong> <strong>mot s\u00f8r-s\u00f8r\u00f8st<\/strong>n\u00e5r avstander p\u00e5 hundrevis av kilometer og sl\u00e5r seg ned p\u00e5 bunnen av havet.&raquo; De geokjemiske analysene av sedimentene og de fossile skjellene av marine organismer inneholdt deri viste ogs\u00e5 at det umiddelbart etter Vesuvs utbrudd skjedde en <strong>liten temperaturnedgang<\/strong>som imidlertid ikke kunne kvantifiseres. Dette er hva som kan skje etter spesielt intense utbrudd som avgir store mengder aske, som er i stand til \u00e5 reflektere og derfor delvis blokkere solstr\u00e5ling, og dermed senke temperaturen i en viss periode.<\/p>\n<div class=\"cp_wrapper cp_wrapper--fw mb-50\">\n<figure class=\"mm\"><picture class=\"img\" style=\"padding-top:50.703125%\"><source  media=\"(min-width: 1024px)\"><source  media=\"(min-width: 768px)\"><img decoding=\"async\" loading=\"lazy\" src=\"https:\/\/nordnesrepublikken.no\/wp-content\/uploads\/2025\/11\/1764445899_233_hva-de-kan-avslore-om-den-noyaktige-datoen.jpg\" alt=\"Bilde\" width=\"1280\" height=\"649\"\/><\/source><\/source><\/picture><\/figure>\n<\/p><\/div>\n<h2>Gjenoppbyggingen av vulkanutbruddet: datoer og temperaturer<\/h2>\n<p>Forskernes m\u00e5l er ogs\u00e5 \u00e5 <strong>rekonstruere gjennomsnittstemperaturene<\/strong> tilstede i det sentrale Middelhavet i l\u00f8pet av \u00e5rhundret da utbruddet skjedde, <strong>mellom \u00e5r 0 og 100 e.Kr<\/strong> For \u00e5 gj\u00f8re dette, m\u00e5 du analysere <strong>fossil pollen<\/strong> inneholdt i de kontinentale sedimentene som kommer fra innsj\u00f8ene i sentral-s\u00f8r-Italia og vekstringene til <strong>fossile trestammer<\/strong> funnet i Herculaneum. I denne rekonstruksjonen vil det v\u00e6re n\u00f8dvendig \u00e5 huske p\u00e5 de astronomiske faktorene som kan ha p\u00e5virket datidens klima: disse er <strong>tusen\u00e5rige bevegelser<\/strong>periodiske variasjoner i orienteringen og helningen til jordaksen og formen p\u00e5 jordens bane. Disse bevegelsene p\u00e5virker fordelingen av solstr\u00e5ling som kommer til jordens overflate i l\u00f8pet av \u00e5ret og derfor p\u00e5 temperaturene og varigheten av \u00e5rstidene. En annen faktor \u00e5 vurdere er <strong>solflekker<\/strong>hvorav antallet varierer syklisk over tid, med effekt p\u00e5 klimaet.<\/p>\n<p>Alle disse elementene kunne bidra, i tillegg til \u00e5 rekonstruere datidens temperaturer, ogs\u00e5 til \u00e5 definere <strong>faktisk dato for utbruddet<\/strong>. Basert p\u00e5 det som kom frem under konferansen, ser det forel\u00f8pig ut til at datoen for utbruddet er angitt i det ber\u00f8mte brevet til <strong>Plinius den yngre<\/strong> historikeren Tacitus kunne stoles p\u00e5. I f\u00f8lge vitnesbyrdet til Plinius den yngre var det <strong>24. august<\/strong>en dato som p\u00e5 den tiden falt i h\u00f8stsesongen. Hypotesen, formulert i 2022 basert p\u00e5 noen funn, if\u00f8lge hvilken hendelsen fant sted 24. oktober, ville derfor v\u00e6re i tvil.<\/p>\n<div class=\"cp_wrapper cp_wrapper--fw mb-50\">\n<figure class=\"mm\"><picture class=\"img\" style=\"padding-top:75.782881002088%\"><source  media=\"(min-width: 1024px)\"><source  media=\"(min-width: 768px)\"><img decoding=\"async\" loading=\"lazy\" src=\"https:\/\/nordnesrepublikken.no\/wp-content\/uploads\/2025\/11\/1764445900_491_hva-de-kan-avslore-om-den-noyaktige-datoen.jpg\" alt=\"Bilde\" width=\"479\" height=\"363\" class=\"js-seedtag-img\"\/><\/source><\/source><\/picture><\/figure>\n<\/p><\/div>\n<\/p><\/div>\n","protected":false},"excerpt":{"rendered":"<p>De er funnet spor etter utbruddet av Vesuv som i 79 e.Kr \u00f8delagt Pompeii og<\/p>\n","protected":false},"author":1,"featured_media":12265,"comment_status":"closed","ping_status":"open","sticky":false,"template":"","format":"standard","meta":{"footnotes":""},"categories":[24],"tags":[8057,371,74,144,339,1143],"class_list":["post-12264","post","type-post","status-publish","format-standard","has-post-thumbnail","hentry","category-vitenskap","tag-avslore","tag-datoen","tag-den","tag-hva","tag-kan","tag-noyaktige","generate-columns","tablet-grid-50","mobile-grid-100","grid-parent","grid-33","resize-featured-image"],"yoast_head":"<!-- This site is optimized with the Yoast SEO plugin v24.4 - https:\/\/yoast.com\/wordpress\/plugins\/seo\/ -->\n<title>hva de kan avsl\u00f8re om den n\u00f8yaktige datoen - Nordnesrepublikken<\/title>\n<meta name=\"robots\" content=\"index, follow, max-snippet:-1, max-image-preview:large, max-video-preview:-1\" \/>\n<link rel=\"canonical\" href=\"https:\/\/nordnesrepublikken.no\/index.php\/2025\/11\/29\/hva-de-kan-avslore-om-den-noyaktige-datoen\/\" \/>\n<meta property=\"og:locale\" content=\"nb_NO\" \/>\n<meta property=\"og:type\" content=\"article\" \/>\n<meta property=\"og:title\" content=\"hva de kan avsl\u00f8re om den n\u00f8yaktige datoen - Nordnesrepublikken\" \/>\n<meta property=\"og:description\" content=\"De er funnet spor etter utbruddet av Vesuv som i 79 e.Kr \u00f8delagt Pompeii og\" \/>\n<meta property=\"og:url\" content=\"https:\/\/nordnesrepublikken.no\/index.php\/2025\/11\/29\/hva-de-kan-avslore-om-den-noyaktige-datoen\/\" \/>\n<meta property=\"og:site_name\" content=\"Nordnesrepublikken\" \/>\n<meta property=\"article:published_time\" content=\"2025-11-29T19:51:40+00:00\" \/>\n<meta property=\"article:modified_time\" content=\"2025-11-29T19:51:45+00:00\" \/>\n<meta property=\"og:image\" content=\"https:\/\/nordnesrepublikken.no\/wp-content\/uploads\/2025\/11\/1764445902_hva-de-kan-avslore-om-den-noyaktige-datoen.jpg\" \/>\n\t<meta property=\"og:image:width\" content=\"2549\" \/>\n\t<meta property=\"og:image:height\" content=\"1491\" \/>\n\t<meta property=\"og:image:type\" content=\"image\/jpeg\" \/>\n<meta name=\"author\" content=\"Ole Andersen\" \/>\n<meta name=\"twitter:card\" content=\"summary_large_image\" \/>\n<meta name=\"twitter:label1\" content=\"Skrevet av\" \/>\n\t<meta name=\"twitter:data1\" content=\"Ole Andersen\" \/>\n\t<meta name=\"twitter:label2\" content=\"Ansl. lesetid\" \/>\n\t<meta name=\"twitter:data2\" content=\"3 minutter\" \/>\n<script type=\"application\/ld+json\" class=\"yoast-schema-graph\">{\"@context\":\"https:\/\/schema.org\",\"@graph\":[{\"@type\":\"Article\",\"@id\":\"https:\/\/nordnesrepublikken.no\/index.php\/2025\/11\/29\/hva-de-kan-avslore-om-den-noyaktige-datoen\/#article\",\"isPartOf\":{\"@id\":\"https:\/\/nordnesrepublikken.no\/index.php\/2025\/11\/29\/hva-de-kan-avslore-om-den-noyaktige-datoen\/\"},\"author\":{\"name\":\"Ole Andersen\",\"@id\":\"https:\/\/nordnesrepublikken.no\/#\/schema\/person\/2e7e81935bab77882fffb79296240ff1\"},\"headline\":\"hva de kan avsl\u00f8re om den n\u00f8yaktige datoen\",\"datePublished\":\"2025-11-29T19:51:40+00:00\",\"dateModified\":\"2025-11-29T19:51:45+00:00\",\"mainEntityOfPage\":{\"@id\":\"https:\/\/nordnesrepublikken.no\/index.php\/2025\/11\/29\/hva-de-kan-avslore-om-den-noyaktige-datoen\/\"},\"wordCount\":545,\"publisher\":{\"@id\":\"https:\/\/nordnesrepublikken.no\/#organization\"},\"image\":{\"@id\":\"https:\/\/nordnesrepublikken.no\/index.php\/2025\/11\/29\/hva-de-kan-avslore-om-den-noyaktige-datoen\/#primaryimage\"},\"thumbnailUrl\":\"https:\/\/nordnesrepublikken.no\/wp-content\/uploads\/2025\/11\/1764445902_hva-de-kan-avslore-om-den-noyaktige-datoen.jpg\",\"keywords\":[\"avsl\u00f8re\",\"datoen\",\"den\",\"Hva\",\"kan\",\"n\u00f8yaktige\"],\"articleSection\":[\"Vitenskap\"],\"inLanguage\":\"nb-NO\"},{\"@type\":\"WebPage\",\"@id\":\"https:\/\/nordnesrepublikken.no\/index.php\/2025\/11\/29\/hva-de-kan-avslore-om-den-noyaktige-datoen\/\",\"url\":\"https:\/\/nordnesrepublikken.no\/index.php\/2025\/11\/29\/hva-de-kan-avslore-om-den-noyaktige-datoen\/\",\"name\":\"hva de kan avsl\u00f8re om den n\u00f8yaktige datoen - Nordnesrepublikken\",\"isPartOf\":{\"@id\":\"https:\/\/nordnesrepublikken.no\/#website\"},\"primaryImageOfPage\":{\"@id\":\"https:\/\/nordnesrepublikken.no\/index.php\/2025\/11\/29\/hva-de-kan-avslore-om-den-noyaktige-datoen\/#primaryimage\"},\"image\":{\"@id\":\"https:\/\/nordnesrepublikken.no\/index.php\/2025\/11\/29\/hva-de-kan-avslore-om-den-noyaktige-datoen\/#primaryimage\"},\"thumbnailUrl\":\"https:\/\/nordnesrepublikken.no\/wp-content\/uploads\/2025\/11\/1764445902_hva-de-kan-avslore-om-den-noyaktige-datoen.jpg\",\"datePublished\":\"2025-11-29T19:51:40+00:00\",\"dateModified\":\"2025-11-29T19:51:45+00:00\",\"breadcrumb\":{\"@id\":\"https:\/\/nordnesrepublikken.no\/index.php\/2025\/11\/29\/hva-de-kan-avslore-om-den-noyaktige-datoen\/#breadcrumb\"},\"inLanguage\":\"nb-NO\",\"potentialAction\":[{\"@type\":\"ReadAction\",\"target\":[\"https:\/\/nordnesrepublikken.no\/index.php\/2025\/11\/29\/hva-de-kan-avslore-om-den-noyaktige-datoen\/\"]}]},{\"@type\":\"ImageObject\",\"inLanguage\":\"nb-NO\",\"@id\":\"https:\/\/nordnesrepublikken.no\/index.php\/2025\/11\/29\/hva-de-kan-avslore-om-den-noyaktige-datoen\/#primaryimage\",\"url\":\"https:\/\/nordnesrepublikken.no\/wp-content\/uploads\/2025\/11\/1764445902_hva-de-kan-avslore-om-den-noyaktige-datoen.jpg\",\"contentUrl\":\"https:\/\/nordnesrepublikken.no\/wp-content\/uploads\/2025\/11\/1764445902_hva-de-kan-avslore-om-den-noyaktige-datoen.jpg\",\"width\":2549,\"height\":1491,\"caption\":\"hva de kan avsl\u00f8re om den n\u00f8yaktige datoen\"},{\"@type\":\"BreadcrumbList\",\"@id\":\"https:\/\/nordnesrepublikken.no\/index.php\/2025\/11\/29\/hva-de-kan-avslore-om-den-noyaktige-datoen\/#breadcrumb\",\"itemListElement\":[{\"@type\":\"ListItem\",\"position\":1,\"name\":\"Home\",\"item\":\"https:\/\/nordnesrepublikken.no\/\"},{\"@type\":\"ListItem\",\"position\":2,\"name\":\"hva de kan avsl\u00f8re om den n\u00f8yaktige datoen\"}]},{\"@type\":\"WebSite\",\"@id\":\"https:\/\/nordnesrepublikken.no\/#website\",\"url\":\"https:\/\/nordnesrepublikken.no\/\",\"name\":\"Nordnesrepublikken\",\"description\":\"Stemmer og Visjoner fra Republikkens Hjerte\",\"publisher\":{\"@id\":\"https:\/\/nordnesrepublikken.no\/#organization\"},\"potentialAction\":[{\"@type\":\"SearchAction\",\"target\":{\"@type\":\"EntryPoint\",\"urlTemplate\":\"https:\/\/nordnesrepublikken.no\/?s={search_term_string}\"},\"query-input\":{\"@type\":\"PropertyValueSpecification\",\"valueRequired\":true,\"valueName\":\"search_term_string\"}}],\"inLanguage\":\"nb-NO\"},{\"@type\":\"Organization\",\"@id\":\"https:\/\/nordnesrepublikken.no\/#organization\",\"name\":\"Nordnesrepublikken\",\"url\":\"https:\/\/nordnesrepublikken.no\/\",\"logo\":{\"@type\":\"ImageObject\",\"inLanguage\":\"nb-NO\",\"@id\":\"https:\/\/nordnesrepublikken.no\/#\/schema\/logo\/image\/\",\"url\":\"https:\/\/nordnesrepublikken.no\/wp-content\/uploads\/2025\/02\/cropped-nordnesrepublikken-2.png\",\"contentUrl\":\"https:\/\/nordnesrepublikken.no\/wp-content\/uploads\/2025\/02\/cropped-nordnesrepublikken-2.png\",\"width\":1248,\"height\":362,\"caption\":\"Nordnesrepublikken\"},\"image\":{\"@id\":\"https:\/\/nordnesrepublikken.no\/#\/schema\/logo\/image\/\"}},{\"@type\":\"Person\",\"@id\":\"https:\/\/nordnesrepublikken.no\/#\/schema\/person\/2e7e81935bab77882fffb79296240ff1\",\"name\":\"Ole Andersen\",\"image\":{\"@type\":\"ImageObject\",\"inLanguage\":\"nb-NO\",\"@id\":\"https:\/\/nordnesrepublikken.no\/#\/schema\/person\/image\/\",\"url\":\"https:\/\/nordnesrepublikken.no\/wp-content\/uploads\/2025\/02\/nordnesrepublikken-2-2-150x150.jpg\",\"contentUrl\":\"https:\/\/nordnesrepublikken.no\/wp-content\/uploads\/2025\/02\/nordnesrepublikken-2-2-150x150.jpg\",\"caption\":\"Ole Andersen\"},\"description\":\"Ettersom jeg vokste opp i Oslo, har jeg alltid v\u00e6rt fascinert av ordenes kraft og deres evne til \u00e5 skape endringer. Etter \u00e5 ha fullf\u00f8rt min utdannelse i kommunikasjon ved Universitetet i Bergen, fikk jeg muligheten til \u00e5 jobbe innen ulike medier, der jeg har s\u00f8kt \u00e5 belyse viktige samfunnssp\u00f8rsm\u00e5l. I dag, som redakt\u00f8r for Nordnesrepublikken, pr\u00f8ver jeg \u00e5 forene min kj\u00e6rlighet for journalistikk med min lidenskap for innovasjon og eventyr.\",\"sameAs\":[\"https:\/\/nordnesrepublikken.no\/\"]}]}<\/script>\n<!-- \/ Yoast SEO plugin. -->","yoast_head_json":{"title":"hva de kan avsl\u00f8re om den n\u00f8yaktige datoen - Nordnesrepublikken","robots":{"index":"index","follow":"follow","max-snippet":"max-snippet:-1","max-image-preview":"max-image-preview:large","max-video-preview":"max-video-preview:-1"},"canonical":"https:\/\/nordnesrepublikken.no\/index.php\/2025\/11\/29\/hva-de-kan-avslore-om-den-noyaktige-datoen\/","og_locale":"nb_NO","og_type":"article","og_title":"hva de kan avsl\u00f8re om den n\u00f8yaktige datoen - Nordnesrepublikken","og_description":"De er funnet spor etter utbruddet av Vesuv som i 79 e.Kr \u00f8delagt Pompeii og","og_url":"https:\/\/nordnesrepublikken.no\/index.php\/2025\/11\/29\/hva-de-kan-avslore-om-den-noyaktige-datoen\/","og_site_name":"Nordnesrepublikken","article_published_time":"2025-11-29T19:51:40+00:00","article_modified_time":"2025-11-29T19:51:45+00:00","og_image":[{"width":2549,"height":1491,"url":"https:\/\/nordnesrepublikken.no\/wp-content\/uploads\/2025\/11\/1764445902_hva-de-kan-avslore-om-den-noyaktige-datoen.jpg","type":"image\/jpeg"}],"author":"Ole Andersen","twitter_card":"summary_large_image","twitter_misc":{"Skrevet av":"Ole Andersen","Ansl. lesetid":"3 minutter"},"schema":{"@context":"https:\/\/schema.org","@graph":[{"@type":"Article","@id":"https:\/\/nordnesrepublikken.no\/index.php\/2025\/11\/29\/hva-de-kan-avslore-om-den-noyaktige-datoen\/#article","isPartOf":{"@id":"https:\/\/nordnesrepublikken.no\/index.php\/2025\/11\/29\/hva-de-kan-avslore-om-den-noyaktige-datoen\/"},"author":{"name":"Ole Andersen","@id":"https:\/\/nordnesrepublikken.no\/#\/schema\/person\/2e7e81935bab77882fffb79296240ff1"},"headline":"hva de kan avsl\u00f8re om den n\u00f8yaktige datoen","datePublished":"2025-11-29T19:51:40+00:00","dateModified":"2025-11-29T19:51:45+00:00","mainEntityOfPage":{"@id":"https:\/\/nordnesrepublikken.no\/index.php\/2025\/11\/29\/hva-de-kan-avslore-om-den-noyaktige-datoen\/"},"wordCount":545,"publisher":{"@id":"https:\/\/nordnesrepublikken.no\/#organization"},"image":{"@id":"https:\/\/nordnesrepublikken.no\/index.php\/2025\/11\/29\/hva-de-kan-avslore-om-den-noyaktige-datoen\/#primaryimage"},"thumbnailUrl":"https:\/\/nordnesrepublikken.no\/wp-content\/uploads\/2025\/11\/1764445902_hva-de-kan-avslore-om-den-noyaktige-datoen.jpg","keywords":["avsl\u00f8re","datoen","den","Hva","kan","n\u00f8yaktige"],"articleSection":["Vitenskap"],"inLanguage":"nb-NO"},{"@type":"WebPage","@id":"https:\/\/nordnesrepublikken.no\/index.php\/2025\/11\/29\/hva-de-kan-avslore-om-den-noyaktige-datoen\/","url":"https:\/\/nordnesrepublikken.no\/index.php\/2025\/11\/29\/hva-de-kan-avslore-om-den-noyaktige-datoen\/","name":"hva de kan avsl\u00f8re om den n\u00f8yaktige datoen - Nordnesrepublikken","isPartOf":{"@id":"https:\/\/nordnesrepublikken.no\/#website"},"primaryImageOfPage":{"@id":"https:\/\/nordnesrepublikken.no\/index.php\/2025\/11\/29\/hva-de-kan-avslore-om-den-noyaktige-datoen\/#primaryimage"},"image":{"@id":"https:\/\/nordnesrepublikken.no\/index.php\/2025\/11\/29\/hva-de-kan-avslore-om-den-noyaktige-datoen\/#primaryimage"},"thumbnailUrl":"https:\/\/nordnesrepublikken.no\/wp-content\/uploads\/2025\/11\/1764445902_hva-de-kan-avslore-om-den-noyaktige-datoen.jpg","datePublished":"2025-11-29T19:51:40+00:00","dateModified":"2025-11-29T19:51:45+00:00","breadcrumb":{"@id":"https:\/\/nordnesrepublikken.no\/index.php\/2025\/11\/29\/hva-de-kan-avslore-om-den-noyaktige-datoen\/#breadcrumb"},"inLanguage":"nb-NO","potentialAction":[{"@type":"ReadAction","target":["https:\/\/nordnesrepublikken.no\/index.php\/2025\/11\/29\/hva-de-kan-avslore-om-den-noyaktige-datoen\/"]}]},{"@type":"ImageObject","inLanguage":"nb-NO","@id":"https:\/\/nordnesrepublikken.no\/index.php\/2025\/11\/29\/hva-de-kan-avslore-om-den-noyaktige-datoen\/#primaryimage","url":"https:\/\/nordnesrepublikken.no\/wp-content\/uploads\/2025\/11\/1764445902_hva-de-kan-avslore-om-den-noyaktige-datoen.jpg","contentUrl":"https:\/\/nordnesrepublikken.no\/wp-content\/uploads\/2025\/11\/1764445902_hva-de-kan-avslore-om-den-noyaktige-datoen.jpg","width":2549,"height":1491,"caption":"hva de kan avsl\u00f8re om den n\u00f8yaktige datoen"},{"@type":"BreadcrumbList","@id":"https:\/\/nordnesrepublikken.no\/index.php\/2025\/11\/29\/hva-de-kan-avslore-om-den-noyaktige-datoen\/#breadcrumb","itemListElement":[{"@type":"ListItem","position":1,"name":"Home","item":"https:\/\/nordnesrepublikken.no\/"},{"@type":"ListItem","position":2,"name":"hva de kan avsl\u00f8re om den n\u00f8yaktige datoen"}]},{"@type":"WebSite","@id":"https:\/\/nordnesrepublikken.no\/#website","url":"https:\/\/nordnesrepublikken.no\/","name":"Nordnesrepublikken","description":"Stemmer og Visjoner fra Republikkens Hjerte","publisher":{"@id":"https:\/\/nordnesrepublikken.no\/#organization"},"potentialAction":[{"@type":"SearchAction","target":{"@type":"EntryPoint","urlTemplate":"https:\/\/nordnesrepublikken.no\/?s={search_term_string}"},"query-input":{"@type":"PropertyValueSpecification","valueRequired":true,"valueName":"search_term_string"}}],"inLanguage":"nb-NO"},{"@type":"Organization","@id":"https:\/\/nordnesrepublikken.no\/#organization","name":"Nordnesrepublikken","url":"https:\/\/nordnesrepublikken.no\/","logo":{"@type":"ImageObject","inLanguage":"nb-NO","@id":"https:\/\/nordnesrepublikken.no\/#\/schema\/logo\/image\/","url":"https:\/\/nordnesrepublikken.no\/wp-content\/uploads\/2025\/02\/cropped-nordnesrepublikken-2.png","contentUrl":"https:\/\/nordnesrepublikken.no\/wp-content\/uploads\/2025\/02\/cropped-nordnesrepublikken-2.png","width":1248,"height":362,"caption":"Nordnesrepublikken"},"image":{"@id":"https:\/\/nordnesrepublikken.no\/#\/schema\/logo\/image\/"}},{"@type":"Person","@id":"https:\/\/nordnesrepublikken.no\/#\/schema\/person\/2e7e81935bab77882fffb79296240ff1","name":"Ole Andersen","image":{"@type":"ImageObject","inLanguage":"nb-NO","@id":"https:\/\/nordnesrepublikken.no\/#\/schema\/person\/image\/","url":"https:\/\/nordnesrepublikken.no\/wp-content\/uploads\/2025\/02\/nordnesrepublikken-2-2-150x150.jpg","contentUrl":"https:\/\/nordnesrepublikken.no\/wp-content\/uploads\/2025\/02\/nordnesrepublikken-2-2-150x150.jpg","caption":"Ole Andersen"},"description":"Ettersom jeg vokste opp i Oslo, har jeg alltid v\u00e6rt fascinert av ordenes kraft og deres evne til \u00e5 skape endringer. Etter \u00e5 ha fullf\u00f8rt min utdannelse i kommunikasjon ved Universitetet i Bergen, fikk jeg muligheten til \u00e5 jobbe innen ulike medier, der jeg har s\u00f8kt \u00e5 belyse viktige samfunnssp\u00f8rsm\u00e5l. I dag, som redakt\u00f8r for Nordnesrepublikken, pr\u00f8ver jeg \u00e5 forene min kj\u00e6rlighet for journalistikk med min lidenskap for innovasjon og eventyr.","sameAs":["https:\/\/nordnesrepublikken.no\/"]}]}},"_links":{"self":[{"href":"https:\/\/nordnesrepublikken.no\/index.php\/wp-json\/wp\/v2\/posts\/12264","targetHints":{"allow":["GET"]}}],"collection":[{"href":"https:\/\/nordnesrepublikken.no\/index.php\/wp-json\/wp\/v2\/posts"}],"about":[{"href":"https:\/\/nordnesrepublikken.no\/index.php\/wp-json\/wp\/v2\/types\/post"}],"author":[{"embeddable":true,"href":"https:\/\/nordnesrepublikken.no\/index.php\/wp-json\/wp\/v2\/users\/1"}],"replies":[{"embeddable":true,"href":"https:\/\/nordnesrepublikken.no\/index.php\/wp-json\/wp\/v2\/comments?post=12264"}],"version-history":[{"count":1,"href":"https:\/\/nordnesrepublikken.no\/index.php\/wp-json\/wp\/v2\/posts\/12264\/revisions"}],"predecessor-version":[{"id":12266,"href":"https:\/\/nordnesrepublikken.no\/index.php\/wp-json\/wp\/v2\/posts\/12264\/revisions\/12266"}],"wp:featuredmedia":[{"embeddable":true,"href":"https:\/\/nordnesrepublikken.no\/index.php\/wp-json\/wp\/v2\/media\/12265"}],"wp:attachment":[{"href":"https:\/\/nordnesrepublikken.no\/index.php\/wp-json\/wp\/v2\/media?parent=12264"}],"wp:term":[{"taxonomy":"category","embeddable":true,"href":"https:\/\/nordnesrepublikken.no\/index.php\/wp-json\/wp\/v2\/categories?post=12264"},{"taxonomy":"post_tag","embeddable":true,"href":"https:\/\/nordnesrepublikken.no\/index.php\/wp-json\/wp\/v2\/tags?post=12264"}],"curies":[{"name":"wp","href":"https:\/\/api.w.org\/{rel}","templated":true}]}}