{"id":12258,"date":"2025-11-29T17:51:21","date_gmt":"2025-11-29T16:51:21","guid":{"rendered":"https:\/\/nordnesrepublikken.no\/index.php\/2025\/11\/29\/intervju-med-sjefen-for-esa-terrestrisk-overvaking\/"},"modified":"2025-11-29T17:51:22","modified_gmt":"2025-11-29T16:51:22","slug":"intervju-med-sjefen-for-esa-terrestrisk-overvaking","status":"publish","type":"post","link":"https:\/\/nordnesrepublikken.no\/index.php\/2025\/11\/29\/intervju-med-sjefen-for-esa-terrestrisk-overvaking\/","title":{"rendered":"intervju med sjefen for ESA terrestrisk overv\u00e5king"},"content":{"rendered":"<div>\n<div class=\"cp_wrapper cp_wrapper--fw mb-30 mb-20@tablet\">\n<figure class=\"mm\"><picture class=\"img\" style=\"padding-top:56.25%\"><source  media=\"(min-width: 1024px)\"><source  media=\"(min-width: 768px)\"><\/source><\/source><\/picture><\/figure>\n<\/p><\/div>\n<p>Romaktiviteter er ikke bare \u00e5 observere rommet, men ogs\u00e5 <strong>observere jorden fra verdensrommet<\/strong>. Terrestrisk overv\u00e5king har et bredt spekter av bruksomr\u00e5der, alt fra milj\u00f8- og klimasp\u00f8rsm\u00e5l til geopolitiske og milit\u00e6re. I anledning ministerr\u00e5det i 2025 til den europeiske romorganisasjonen hadde vi muligheten til \u00e5 snakke om det med <strong>Simonetta Cheli<\/strong>ansvarlig for ESAs terrestriske overv\u00e5kingsprogrammer. En ting de f\u00e6rreste vet er at Europa er ledende innen denne sektoren, hovedsakelig takket v\u00e6re satellitter <strong>Sentinel<\/strong> innenfor det europeiske programmet <strong>Kopernikus<\/strong>.<\/p>\n<p><strong>Hvorfor er det viktig \u00e5 observere jorden ovenfra og hvilke applikasjoner har terrestrisk overv\u00e5king?<\/strong><\/p>\n<p>Det er viktig \u00e5 observere jorden ovenfra fordi vi trenger \u00e5 kjenne helsetilstanden til planeten v\u00e5r og forst\u00e5 hvilke indikatorer som best hjelper oss med \u00e5 h\u00e5ndtere milj\u00f8et, b\u00e6rekraft p\u00e5 land og levedyktighet p\u00e5 land. Det er viktig \u00e5 ha informasjonsdata, for eksempel om kvaliteten p\u00e5 luften vi puster inn. Vi har satellitter som m\u00e5ler luftkvaliteten hver time, ikke hver dag. Det er viktig \u00e5 observere jorden ogs\u00e5 for \u00e5 ha en bedre forst\u00e5else av utviklingen av skoger, smeltingen av isbreer, stigningen i havniv\u00e5et, men ogs\u00e5 for \u00e5 bedre administrere byplanlegging og mange aspekter av dagliglivet: fra v\u00e6rmeldinger til aktiviteter som fiske som krever \u00e5 kjenne havtemperaturen.<\/p>\n<p><strong>Europa kan skryte av driften av Sentinel-satellitter, som er blant de mest avanserte i verden for jordoverv\u00e5king. Hva observerer de og til hvilke form\u00e5l brukes de?<\/strong><\/p>\n<p>Sentinel-satellittene er romkomponenten, administrert av ESA, i det europeiske Copernicus-programmet utviklet av EU. Sentinel-prosjektet har p\u00e5g\u00e5tt i 27 \u00e5r og den f\u00f8rste \u00absentinel\u00bb ble skutt opp i 2014 og var en radarsatellitt. I begynnelsen av november lanserte vi den fjerde av denne familien av radarsatellitter, ogs\u00e5 laget av et italiensk selskap. Denne satellitten er ogs\u00e5 utstyrt med et verkt\u00f8y kalt Automated Identification Service som lar den automatisk identifisere fart\u00f8yer. Det er for eksempel viktig \u00e5 identifisere ulovlig handel til sj\u00f8s og b\u00f8r slutte seg til radaren som overv\u00e5ker havforurensning. Med disse satellittene kan vi ogs\u00e5 overv\u00e5ke utviklingen av is, avskoging, alt relatert til landsynking og hjelpe oss med \u00e5 organisere vitenskapelig arbeid med jordskjelvforutsigelser.<\/p>\n<p><strong>Det siste ESA-ministerm\u00f8tet bekreftet at Europa fokuserer sterkt p\u00e5 jordobservasjon, som representerer en av de viktigste budsjettpostene for den europeiske romfartsorganisasjonen. Hva kan vi forvente for fremtiden?<\/strong><\/p>\n<p>Bekreftelsen av medlemslandene p\u00e5 ministerm\u00f8tet var viktig, ikke bare som politisk st\u00f8tte til prioriteringen av saker som milj\u00f8, klima, motstandskraft og sikkerhet, men ogs\u00e5 for den programmatiske og \u00f8konomiske prioriteringen. Faktisk er investeringene betydelige n\u00e5r det gjelder kontinuitet i eksisterende programmer, som Copernicus, men ogs\u00e5 n\u00e5r det gjelder utvikling av nye vitenskapelige oppdrag som ogs\u00e5 har verdi som st\u00f8tte for det kommersielle perspektivet til selskaper, som i en sektor som jordobservasjon er grunnleggende. S\u00e5 er det et nytt initiativ om motstandskraft og sikkerhet: vi observerer faktisk en \u00f8kning i ekstreme hendelser knyttet til naturkatastrofer og katastrofer, dessverre, og av denne grunn er det et st\u00f8rre behov n\u00e5r det gjelder data, oppdrag og antall satellitter. Europa og ESA vil ogs\u00e5 jobbe med dette i \u00e5rene som kommer.<\/p>\n<\/p><\/div>\n","protected":false},"excerpt":{"rendered":"<p>Romaktiviteter er ikke bare \u00e5 observere rommet, men ogs\u00e5 observere jorden fra verdensrommet. Terrestrisk overv\u00e5king<\/p>\n","protected":false},"author":1,"featured_media":12259,"comment_status":"closed","ping_status":"open","sticky":false,"template":"","format":"standard","meta":{"footnotes":""},"categories":[104],"tags":[4153,2253,79,8054,4629,8053],"class_list":["post-12258","post","type-post","status-publish","format-standard","has-post-thumbnail","hentry","category-samfunn","tag-esa","tag-intervju","tag-med","tag-overvaking","tag-sjefen","tag-terrestrisk","generate-columns","tablet-grid-50","mobile-grid-100","grid-parent","grid-33","resize-featured-image"],"yoast_head":"<!-- This site is optimized with the Yoast SEO plugin v24.4 - https:\/\/yoast.com\/wordpress\/plugins\/seo\/ -->\n<title>intervju med sjefen for ESA terrestrisk overv\u00e5king - Nordnesrepublikken<\/title>\n<meta name=\"robots\" content=\"index, follow, max-snippet:-1, max-image-preview:large, max-video-preview:-1\" \/>\n<link rel=\"canonical\" href=\"https:\/\/nordnesrepublikken.no\/index.php\/2025\/11\/29\/intervju-med-sjefen-for-esa-terrestrisk-overvaking\/\" \/>\n<meta property=\"og:locale\" content=\"nb_NO\" \/>\n<meta property=\"og:type\" content=\"article\" \/>\n<meta property=\"og:title\" content=\"intervju med sjefen for ESA terrestrisk overv\u00e5king - Nordnesrepublikken\" \/>\n<meta property=\"og:description\" content=\"Romaktiviteter er ikke bare \u00e5 observere rommet, men ogs\u00e5 observere jorden fra verdensrommet. Terrestrisk overv\u00e5king\" \/>\n<meta property=\"og:url\" content=\"https:\/\/nordnesrepublikken.no\/index.php\/2025\/11\/29\/intervju-med-sjefen-for-esa-terrestrisk-overvaking\/\" \/>\n<meta property=\"og:site_name\" content=\"Nordnesrepublikken\" \/>\n<meta property=\"article:published_time\" content=\"2025-11-29T16:51:21+00:00\" \/>\n<meta property=\"article:modified_time\" content=\"2025-11-29T16:51:22+00:00\" \/>\n<meta property=\"og:image\" content=\"https:\/\/nordnesrepublikken.no\/wp-content\/uploads\/2025\/11\/1764435082_intervju-med-sjefen-for-ESA-terrestrisk-overvaking.jpg\" \/>\n\t<meta property=\"og:image:width\" content=\"1381\" \/>\n\t<meta property=\"og:image:height\" content=\"776\" \/>\n\t<meta property=\"og:image:type\" content=\"image\/jpeg\" \/>\n<meta name=\"author\" content=\"Ole Andersen\" \/>\n<meta name=\"twitter:card\" content=\"summary_large_image\" \/>\n<meta name=\"twitter:label1\" content=\"Skrevet av\" \/>\n\t<meta name=\"twitter:data1\" content=\"Ole Andersen\" \/>\n\t<meta name=\"twitter:label2\" content=\"Ansl. lesetid\" \/>\n\t<meta name=\"twitter:data2\" content=\"3 minutter\" \/>\n<script type=\"application\/ld+json\" class=\"yoast-schema-graph\">{\"@context\":\"https:\/\/schema.org\",\"@graph\":[{\"@type\":\"Article\",\"@id\":\"https:\/\/nordnesrepublikken.no\/index.php\/2025\/11\/29\/intervju-med-sjefen-for-esa-terrestrisk-overvaking\/#article\",\"isPartOf\":{\"@id\":\"https:\/\/nordnesrepublikken.no\/index.php\/2025\/11\/29\/intervju-med-sjefen-for-esa-terrestrisk-overvaking\/\"},\"author\":{\"name\":\"Ole Andersen\",\"@id\":\"https:\/\/nordnesrepublikken.no\/#\/schema\/person\/2e7e81935bab77882fffb79296240ff1\"},\"headline\":\"intervju med sjefen for ESA terrestrisk overv\u00e5king\",\"datePublished\":\"2025-11-29T16:51:21+00:00\",\"dateModified\":\"2025-11-29T16:51:22+00:00\",\"mainEntityOfPage\":{\"@id\":\"https:\/\/nordnesrepublikken.no\/index.php\/2025\/11\/29\/intervju-med-sjefen-for-esa-terrestrisk-overvaking\/\"},\"wordCount\":521,\"publisher\":{\"@id\":\"https:\/\/nordnesrepublikken.no\/#organization\"},\"image\":{\"@id\":\"https:\/\/nordnesrepublikken.no\/index.php\/2025\/11\/29\/intervju-med-sjefen-for-esa-terrestrisk-overvaking\/#primaryimage\"},\"thumbnailUrl\":\"https:\/\/nordnesrepublikken.no\/wp-content\/uploads\/2025\/11\/1764435082_intervju-med-sjefen-for-ESA-terrestrisk-overvaking.jpg\",\"keywords\":[\"ESA\",\"Intervju\",\"med\",\"overv\u00e5king\",\"sjefen\",\"terrestrisk\"],\"articleSection\":[\"Samfunn\"],\"inLanguage\":\"nb-NO\"},{\"@type\":\"WebPage\",\"@id\":\"https:\/\/nordnesrepublikken.no\/index.php\/2025\/11\/29\/intervju-med-sjefen-for-esa-terrestrisk-overvaking\/\",\"url\":\"https:\/\/nordnesrepublikken.no\/index.php\/2025\/11\/29\/intervju-med-sjefen-for-esa-terrestrisk-overvaking\/\",\"name\":\"intervju med sjefen for ESA terrestrisk overv\u00e5king - Nordnesrepublikken\",\"isPartOf\":{\"@id\":\"https:\/\/nordnesrepublikken.no\/#website\"},\"primaryImageOfPage\":{\"@id\":\"https:\/\/nordnesrepublikken.no\/index.php\/2025\/11\/29\/intervju-med-sjefen-for-esa-terrestrisk-overvaking\/#primaryimage\"},\"image\":{\"@id\":\"https:\/\/nordnesrepublikken.no\/index.php\/2025\/11\/29\/intervju-med-sjefen-for-esa-terrestrisk-overvaking\/#primaryimage\"},\"thumbnailUrl\":\"https:\/\/nordnesrepublikken.no\/wp-content\/uploads\/2025\/11\/1764435082_intervju-med-sjefen-for-ESA-terrestrisk-overvaking.jpg\",\"datePublished\":\"2025-11-29T16:51:21+00:00\",\"dateModified\":\"2025-11-29T16:51:22+00:00\",\"breadcrumb\":{\"@id\":\"https:\/\/nordnesrepublikken.no\/index.php\/2025\/11\/29\/intervju-med-sjefen-for-esa-terrestrisk-overvaking\/#breadcrumb\"},\"inLanguage\":\"nb-NO\",\"potentialAction\":[{\"@type\":\"ReadAction\",\"target\":[\"https:\/\/nordnesrepublikken.no\/index.php\/2025\/11\/29\/intervju-med-sjefen-for-esa-terrestrisk-overvaking\/\"]}]},{\"@type\":\"ImageObject\",\"inLanguage\":\"nb-NO\",\"@id\":\"https:\/\/nordnesrepublikken.no\/index.php\/2025\/11\/29\/intervju-med-sjefen-for-esa-terrestrisk-overvaking\/#primaryimage\",\"url\":\"https:\/\/nordnesrepublikken.no\/wp-content\/uploads\/2025\/11\/1764435082_intervju-med-sjefen-for-ESA-terrestrisk-overvaking.jpg\",\"contentUrl\":\"https:\/\/nordnesrepublikken.no\/wp-content\/uploads\/2025\/11\/1764435082_intervju-med-sjefen-for-ESA-terrestrisk-overvaking.jpg\",\"width\":1381,\"height\":776,\"caption\":\"intervju med sjefen for ESA terrestrisk overv\u00e5king\"},{\"@type\":\"BreadcrumbList\",\"@id\":\"https:\/\/nordnesrepublikken.no\/index.php\/2025\/11\/29\/intervju-med-sjefen-for-esa-terrestrisk-overvaking\/#breadcrumb\",\"itemListElement\":[{\"@type\":\"ListItem\",\"position\":1,\"name\":\"Home\",\"item\":\"https:\/\/nordnesrepublikken.no\/\"},{\"@type\":\"ListItem\",\"position\":2,\"name\":\"intervju med sjefen for ESA terrestrisk overv\u00e5king\"}]},{\"@type\":\"WebSite\",\"@id\":\"https:\/\/nordnesrepublikken.no\/#website\",\"url\":\"https:\/\/nordnesrepublikken.no\/\",\"name\":\"Nordnesrepublikken\",\"description\":\"Stemmer og Visjoner fra Republikkens Hjerte\",\"publisher\":{\"@id\":\"https:\/\/nordnesrepublikken.no\/#organization\"},\"potentialAction\":[{\"@type\":\"SearchAction\",\"target\":{\"@type\":\"EntryPoint\",\"urlTemplate\":\"https:\/\/nordnesrepublikken.no\/?s={search_term_string}\"},\"query-input\":{\"@type\":\"PropertyValueSpecification\",\"valueRequired\":true,\"valueName\":\"search_term_string\"}}],\"inLanguage\":\"nb-NO\"},{\"@type\":\"Organization\",\"@id\":\"https:\/\/nordnesrepublikken.no\/#organization\",\"name\":\"Nordnesrepublikken\",\"url\":\"https:\/\/nordnesrepublikken.no\/\",\"logo\":{\"@type\":\"ImageObject\",\"inLanguage\":\"nb-NO\",\"@id\":\"https:\/\/nordnesrepublikken.no\/#\/schema\/logo\/image\/\",\"url\":\"https:\/\/nordnesrepublikken.no\/wp-content\/uploads\/2025\/02\/cropped-nordnesrepublikken-2.png\",\"contentUrl\":\"https:\/\/nordnesrepublikken.no\/wp-content\/uploads\/2025\/02\/cropped-nordnesrepublikken-2.png\",\"width\":1248,\"height\":362,\"caption\":\"Nordnesrepublikken\"},\"image\":{\"@id\":\"https:\/\/nordnesrepublikken.no\/#\/schema\/logo\/image\/\"}},{\"@type\":\"Person\",\"@id\":\"https:\/\/nordnesrepublikken.no\/#\/schema\/person\/2e7e81935bab77882fffb79296240ff1\",\"name\":\"Ole Andersen\",\"image\":{\"@type\":\"ImageObject\",\"inLanguage\":\"nb-NO\",\"@id\":\"https:\/\/nordnesrepublikken.no\/#\/schema\/person\/image\/\",\"url\":\"https:\/\/nordnesrepublikken.no\/wp-content\/uploads\/2025\/02\/nordnesrepublikken-2-2-150x150.jpg\",\"contentUrl\":\"https:\/\/nordnesrepublikken.no\/wp-content\/uploads\/2025\/02\/nordnesrepublikken-2-2-150x150.jpg\",\"caption\":\"Ole Andersen\"},\"description\":\"Ettersom jeg vokste opp i Oslo, har jeg alltid v\u00e6rt fascinert av ordenes kraft og deres evne til \u00e5 skape endringer. Etter \u00e5 ha fullf\u00f8rt min utdannelse i kommunikasjon ved Universitetet i Bergen, fikk jeg muligheten til \u00e5 jobbe innen ulike medier, der jeg har s\u00f8kt \u00e5 belyse viktige samfunnssp\u00f8rsm\u00e5l. I dag, som redakt\u00f8r for Nordnesrepublikken, pr\u00f8ver jeg \u00e5 forene min kj\u00e6rlighet for journalistikk med min lidenskap for innovasjon og eventyr.\",\"sameAs\":[\"https:\/\/nordnesrepublikken.no\/\"]}]}<\/script>\n<!-- \/ Yoast SEO plugin. -->","yoast_head_json":{"title":"intervju med sjefen for ESA terrestrisk overv\u00e5king - Nordnesrepublikken","robots":{"index":"index","follow":"follow","max-snippet":"max-snippet:-1","max-image-preview":"max-image-preview:large","max-video-preview":"max-video-preview:-1"},"canonical":"https:\/\/nordnesrepublikken.no\/index.php\/2025\/11\/29\/intervju-med-sjefen-for-esa-terrestrisk-overvaking\/","og_locale":"nb_NO","og_type":"article","og_title":"intervju med sjefen for ESA terrestrisk overv\u00e5king - Nordnesrepublikken","og_description":"Romaktiviteter er ikke bare \u00e5 observere rommet, men ogs\u00e5 observere jorden fra verdensrommet. Terrestrisk overv\u00e5king","og_url":"https:\/\/nordnesrepublikken.no\/index.php\/2025\/11\/29\/intervju-med-sjefen-for-esa-terrestrisk-overvaking\/","og_site_name":"Nordnesrepublikken","article_published_time":"2025-11-29T16:51:21+00:00","article_modified_time":"2025-11-29T16:51:22+00:00","og_image":[{"width":1381,"height":776,"url":"https:\/\/nordnesrepublikken.no\/wp-content\/uploads\/2025\/11\/1764435082_intervju-med-sjefen-for-ESA-terrestrisk-overvaking.jpg","type":"image\/jpeg"}],"author":"Ole Andersen","twitter_card":"summary_large_image","twitter_misc":{"Skrevet av":"Ole Andersen","Ansl. lesetid":"3 minutter"},"schema":{"@context":"https:\/\/schema.org","@graph":[{"@type":"Article","@id":"https:\/\/nordnesrepublikken.no\/index.php\/2025\/11\/29\/intervju-med-sjefen-for-esa-terrestrisk-overvaking\/#article","isPartOf":{"@id":"https:\/\/nordnesrepublikken.no\/index.php\/2025\/11\/29\/intervju-med-sjefen-for-esa-terrestrisk-overvaking\/"},"author":{"name":"Ole Andersen","@id":"https:\/\/nordnesrepublikken.no\/#\/schema\/person\/2e7e81935bab77882fffb79296240ff1"},"headline":"intervju med sjefen for ESA terrestrisk overv\u00e5king","datePublished":"2025-11-29T16:51:21+00:00","dateModified":"2025-11-29T16:51:22+00:00","mainEntityOfPage":{"@id":"https:\/\/nordnesrepublikken.no\/index.php\/2025\/11\/29\/intervju-med-sjefen-for-esa-terrestrisk-overvaking\/"},"wordCount":521,"publisher":{"@id":"https:\/\/nordnesrepublikken.no\/#organization"},"image":{"@id":"https:\/\/nordnesrepublikken.no\/index.php\/2025\/11\/29\/intervju-med-sjefen-for-esa-terrestrisk-overvaking\/#primaryimage"},"thumbnailUrl":"https:\/\/nordnesrepublikken.no\/wp-content\/uploads\/2025\/11\/1764435082_intervju-med-sjefen-for-ESA-terrestrisk-overvaking.jpg","keywords":["ESA","Intervju","med","overv\u00e5king","sjefen","terrestrisk"],"articleSection":["Samfunn"],"inLanguage":"nb-NO"},{"@type":"WebPage","@id":"https:\/\/nordnesrepublikken.no\/index.php\/2025\/11\/29\/intervju-med-sjefen-for-esa-terrestrisk-overvaking\/","url":"https:\/\/nordnesrepublikken.no\/index.php\/2025\/11\/29\/intervju-med-sjefen-for-esa-terrestrisk-overvaking\/","name":"intervju med sjefen for ESA terrestrisk overv\u00e5king - Nordnesrepublikken","isPartOf":{"@id":"https:\/\/nordnesrepublikken.no\/#website"},"primaryImageOfPage":{"@id":"https:\/\/nordnesrepublikken.no\/index.php\/2025\/11\/29\/intervju-med-sjefen-for-esa-terrestrisk-overvaking\/#primaryimage"},"image":{"@id":"https:\/\/nordnesrepublikken.no\/index.php\/2025\/11\/29\/intervju-med-sjefen-for-esa-terrestrisk-overvaking\/#primaryimage"},"thumbnailUrl":"https:\/\/nordnesrepublikken.no\/wp-content\/uploads\/2025\/11\/1764435082_intervju-med-sjefen-for-ESA-terrestrisk-overvaking.jpg","datePublished":"2025-11-29T16:51:21+00:00","dateModified":"2025-11-29T16:51:22+00:00","breadcrumb":{"@id":"https:\/\/nordnesrepublikken.no\/index.php\/2025\/11\/29\/intervju-med-sjefen-for-esa-terrestrisk-overvaking\/#breadcrumb"},"inLanguage":"nb-NO","potentialAction":[{"@type":"ReadAction","target":["https:\/\/nordnesrepublikken.no\/index.php\/2025\/11\/29\/intervju-med-sjefen-for-esa-terrestrisk-overvaking\/"]}]},{"@type":"ImageObject","inLanguage":"nb-NO","@id":"https:\/\/nordnesrepublikken.no\/index.php\/2025\/11\/29\/intervju-med-sjefen-for-esa-terrestrisk-overvaking\/#primaryimage","url":"https:\/\/nordnesrepublikken.no\/wp-content\/uploads\/2025\/11\/1764435082_intervju-med-sjefen-for-ESA-terrestrisk-overvaking.jpg","contentUrl":"https:\/\/nordnesrepublikken.no\/wp-content\/uploads\/2025\/11\/1764435082_intervju-med-sjefen-for-ESA-terrestrisk-overvaking.jpg","width":1381,"height":776,"caption":"intervju med sjefen for ESA terrestrisk overv\u00e5king"},{"@type":"BreadcrumbList","@id":"https:\/\/nordnesrepublikken.no\/index.php\/2025\/11\/29\/intervju-med-sjefen-for-esa-terrestrisk-overvaking\/#breadcrumb","itemListElement":[{"@type":"ListItem","position":1,"name":"Home","item":"https:\/\/nordnesrepublikken.no\/"},{"@type":"ListItem","position":2,"name":"intervju med sjefen for ESA terrestrisk overv\u00e5king"}]},{"@type":"WebSite","@id":"https:\/\/nordnesrepublikken.no\/#website","url":"https:\/\/nordnesrepublikken.no\/","name":"Nordnesrepublikken","description":"Stemmer og Visjoner fra Republikkens Hjerte","publisher":{"@id":"https:\/\/nordnesrepublikken.no\/#organization"},"potentialAction":[{"@type":"SearchAction","target":{"@type":"EntryPoint","urlTemplate":"https:\/\/nordnesrepublikken.no\/?s={search_term_string}"},"query-input":{"@type":"PropertyValueSpecification","valueRequired":true,"valueName":"search_term_string"}}],"inLanguage":"nb-NO"},{"@type":"Organization","@id":"https:\/\/nordnesrepublikken.no\/#organization","name":"Nordnesrepublikken","url":"https:\/\/nordnesrepublikken.no\/","logo":{"@type":"ImageObject","inLanguage":"nb-NO","@id":"https:\/\/nordnesrepublikken.no\/#\/schema\/logo\/image\/","url":"https:\/\/nordnesrepublikken.no\/wp-content\/uploads\/2025\/02\/cropped-nordnesrepublikken-2.png","contentUrl":"https:\/\/nordnesrepublikken.no\/wp-content\/uploads\/2025\/02\/cropped-nordnesrepublikken-2.png","width":1248,"height":362,"caption":"Nordnesrepublikken"},"image":{"@id":"https:\/\/nordnesrepublikken.no\/#\/schema\/logo\/image\/"}},{"@type":"Person","@id":"https:\/\/nordnesrepublikken.no\/#\/schema\/person\/2e7e81935bab77882fffb79296240ff1","name":"Ole Andersen","image":{"@type":"ImageObject","inLanguage":"nb-NO","@id":"https:\/\/nordnesrepublikken.no\/#\/schema\/person\/image\/","url":"https:\/\/nordnesrepublikken.no\/wp-content\/uploads\/2025\/02\/nordnesrepublikken-2-2-150x150.jpg","contentUrl":"https:\/\/nordnesrepublikken.no\/wp-content\/uploads\/2025\/02\/nordnesrepublikken-2-2-150x150.jpg","caption":"Ole Andersen"},"description":"Ettersom jeg vokste opp i Oslo, har jeg alltid v\u00e6rt fascinert av ordenes kraft og deres evne til \u00e5 skape endringer. Etter \u00e5 ha fullf\u00f8rt min utdannelse i kommunikasjon ved Universitetet i Bergen, fikk jeg muligheten til \u00e5 jobbe innen ulike medier, der jeg har s\u00f8kt \u00e5 belyse viktige samfunnssp\u00f8rsm\u00e5l. I dag, som redakt\u00f8r for Nordnesrepublikken, pr\u00f8ver jeg \u00e5 forene min kj\u00e6rlighet for journalistikk med min lidenskap for innovasjon og eventyr.","sameAs":["https:\/\/nordnesrepublikken.no\/"]}]}},"_links":{"self":[{"href":"https:\/\/nordnesrepublikken.no\/index.php\/wp-json\/wp\/v2\/posts\/12258","targetHints":{"allow":["GET"]}}],"collection":[{"href":"https:\/\/nordnesrepublikken.no\/index.php\/wp-json\/wp\/v2\/posts"}],"about":[{"href":"https:\/\/nordnesrepublikken.no\/index.php\/wp-json\/wp\/v2\/types\/post"}],"author":[{"embeddable":true,"href":"https:\/\/nordnesrepublikken.no\/index.php\/wp-json\/wp\/v2\/users\/1"}],"replies":[{"embeddable":true,"href":"https:\/\/nordnesrepublikken.no\/index.php\/wp-json\/wp\/v2\/comments?post=12258"}],"version-history":[{"count":1,"href":"https:\/\/nordnesrepublikken.no\/index.php\/wp-json\/wp\/v2\/posts\/12258\/revisions"}],"predecessor-version":[{"id":12260,"href":"https:\/\/nordnesrepublikken.no\/index.php\/wp-json\/wp\/v2\/posts\/12258\/revisions\/12260"}],"wp:featuredmedia":[{"embeddable":true,"href":"https:\/\/nordnesrepublikken.no\/index.php\/wp-json\/wp\/v2\/media\/12259"}],"wp:attachment":[{"href":"https:\/\/nordnesrepublikken.no\/index.php\/wp-json\/wp\/v2\/media?parent=12258"}],"wp:term":[{"taxonomy":"category","embeddable":true,"href":"https:\/\/nordnesrepublikken.no\/index.php\/wp-json\/wp\/v2\/categories?post=12258"},{"taxonomy":"post_tag","embeddable":true,"href":"https:\/\/nordnesrepublikken.no\/index.php\/wp-json\/wp\/v2\/tags?post=12258"}],"curies":[{"name":"wp","href":"https:\/\/api.w.org\/{rel}","templated":true}]}}