{"id":12255,"date":"2025-11-29T16:51:23","date_gmt":"2025-11-29T15:51:23","guid":{"rendered":"https:\/\/nordnesrepublikken.no\/index.php\/2025\/11\/29\/spanias-farligste-motorvei-far-en-vekker-fartsgrensene-kuttes-pa-ap-7\/"},"modified":"2025-11-29T16:51:24","modified_gmt":"2025-11-29T15:51:24","slug":"spanias-farligste-motorvei-far-en-vekker-fartsgrensene-kuttes-pa-ap-7","status":"publish","type":"post","link":"https:\/\/nordnesrepublikken.no\/index.php\/2025\/11\/29\/spanias-farligste-motorvei-far-en-vekker-fartsgrensene-kuttes-pa-ap-7\/","title":{"rendered":"Spanias &#8216;farligste motorvei&#8217; f\u00e5r en vekker: Fartsgrensene kuttes p\u00e5 AP-7"},"content":{"rendered":"<p><\/p>\n<div class=\"wordpress-content\">\n                    <!-- Article Start --><\/p>\n<p>AP-7, den travle motorveien som forbinder Frankrike med Spania langs den katalanske kysten, har truffet overskriftene av alle de gale grunnene. Etter en jevn \u00f8kning i trafikken og en bekymringsfull \u00f8kning i alvorlige ulykker, har den katalanske regjeringen g\u00e5tt inn med en n\u00f8dplan for trafikksikkerhet \u2013 og sj\u00e5f\u00f8rene vil snart begynne \u00e5 f\u00f8le endringene.<\/p>\n<p>Catalonias innenriksminister, N\u00faria Parlon, har annonsert en pakke med rundt 20 hastetiltak for \u00e5 forbedre sikkerheten p\u00e5 AP-7, n\u00e5 offisielt beskrevet av myndighetene som den farligste veien i regionen. Kjernen i planen er en kraftig reduksjon av fartsgrensene p\u00e5 en spesielt farlig strekning s\u00f8r for Tarragona.<\/p>\n<h2>Trafikk\u00f8kninger etter at bompenger forsvinner<\/h2>\n<p>Siden bomavgiftene ble skrotet og AP-7 ble gratis \u00e5 bruke, har trafikkniv\u00e5et steget kraftig \u2013 og det samme har ulykkestallene.<\/p>\n<div class=\"sra_unit\"><link rel=\"stylesheet\" id=\"block-sra\" href=\"https:\/\/euroweeklynews.com\/wp-content\/plugins\/snack-related-articles\/dist\/css\/snack-related.min.css?250312-193541\" type=\"text\/css\" media=\"all\">\n<\/div>\n<p>If\u00f8lge data fra det katalanske innenriksdepartementet er den samlede trafikken opp med 3,2 prosent i \u00e5r, mens antallet tunge kj\u00f8ret\u00f8y p\u00e5 motorveien har \u00f8kt med 2,6 prosent. I Terres de l&#8217;Ebre-omr\u00e5det, som ligger i det s\u00f8rlige Catalonia, har trafikkoverv\u00e5kingsstasjoner registrert \u00f8kninger p\u00e5 s\u00e5 mye som 5 prosent for b\u00e5de kj\u00f8ret\u00f8yer og lastebiler totalt.<\/p>\n<p>Dessverre gjenspeiles disse \u00f8kende tallene i en \u00f8kende tragedie. Femten mennesker har allerede mistet livet p\u00e5 AP-7 i \u00e5r \u2013 mer enn dobbelt s\u00e5 mange som forventet for 2024, noe som gj\u00f8r den til den d\u00f8deligste veien i Catalonia. Ti av disse omkomne skjedde i provinsen Tarragona, og i sju tilfeller var tunge lastebiler involvert.<\/p>\n<p>Statistikken ga regionale tjenestemenn lite annet valg enn \u00e5 handle raskt.<\/p>\n<h2>Nye lavere fartsgrenser p\u00e5 et farepunkt<\/h2>\n<p>Den mest umiddelbare endringen for bilistene er innf\u00f8ringen av betydelig lavere fartsgrenser p\u00e5 en strekning som n\u00e5 regnes som en av motorveiens svarte flekker.<\/p>\n<p>P\u00e5 den 44 kilometer lange strekningen mellom Calafat og Amposta, nord til s\u00f8r, vil nye grenser snart gjelde:<\/p>\n<ul>\n<li>100 km\/t for biler,<\/li>\n<li>80 km\/t for vogntog, som allerede har forbikj\u00f8ringsforbud langs denne strekningen.<\/li>\n<\/ul>\n<p>Myndighetene bekreftet at disse grensene vil tre i kraft f\u00f8r slutten av \u00e5ret. For \u00f8yeblikket gjelder begrensningen bare for denne spesifikke delen av motorveien, men tjenestemenn innr\u00f8mmer at den kan forlenges andre steder hvis ulykkestallene ikke blir bedre.<\/p>\n<p>M\u00e5let er enkelt: Lavere hastighet betyr f\u00e6rre kollisjoner \u2013 og n\u00e5r ulykker skjer, er det mindre sannsynlig at de er d\u00f8delige.<\/p>\n<h2>Tiltak mot fartsovertredelse fra vei og luft<\/h2>\n<p>Endring av skilt er bare en del av planen. H\u00e5ndhevelsen \u00f8kes for \u00e5 sikre at sj\u00e5f\u00f8rene holder seg til de nye reglene.<\/p>\n<p>Det regionale politiet, Mossos d&#8217;Esquadra, vil intensivere kontrollene ved \u00e5 bruke en rekke verkt\u00f8y, inkludert:<\/p>\n<ul>\n<li>Umerkede kj\u00f8ret\u00f8y utstyrt med mobile radarer, rettet mot fart p\u00e5 tvers av alle kj\u00f8ret\u00f8ytyper.<\/li>\n<li>Seks nye mobile radarenheter skal v\u00e6re i drift innen utgangen av \u00e5ret.<\/li>\n<li>Faste fotobokser ved veien, de kjente oransje boksene plassert langs viktige deler av motorveien.<\/li>\n<li>Helikopteroverv\u00e5king, sporing av hastighet og farlig kj\u00f8ring fra luften.<\/li>\n<\/ul>\n<p>Alle kj\u00f8ret\u00f8y \u2013 fra privatbiler til tunge lastebiler \u2013 vil bli gjenstand for \u00f8kt kontroll, ettersom myndighetene pr\u00f8ver \u00e5 avskrekke fartsovertredelse og hensynsl\u00f8se man\u00f8vrer langs ruten.<\/p>\n<p>Polititiltakene er en del av den bredere handlingsplanen, som ogs\u00e5 inkluderer arbeid med trafikkstyring, bevisstgj\u00f8ringskampanjer for f\u00f8rere og tilleggsoppl\u00e6ringsprogrammer rettet mot \u00e5 redusere risikoatferd bak rattet.<\/p>\n<h2>Hva det betyr for sj\u00e5f\u00f8rer og reisende<\/h2>\n<p>AP-7 betjener ikke bare lokal trafikk \u2013 den frakter tusenvis av internasjonale reisende hver dag, spesielt feriegjester og kommersielle sj\u00e5f\u00f8rer som beveger seg mellom Frankrike og Spania. Alle som planlegger \u00e5 bruke motorveien i l\u00f8pet av de kommende m\u00e5nedene b\u00f8r forberede seg p\u00e5:<\/p>\n<ul>\n<li>Lavere fartsgrenser p\u00e5 strekningen Calafat\u2013Amposta,<\/li>\n<li>Mer synlige kontroller og veikontroller,<\/li>\n<li>Mulig langsommere reisetider i h\u00f8ye perioder.<\/li>\n<\/ul>\n<p>Myndighetene insisterer p\u00e5 at m\u00e5let ikke er \u00e5 straffe bilister, men \u00e5 stoppe det n\u00e5del\u00f8se m\u00f8nsteret av d\u00f8delige krasj.<\/p>\n<p>Forel\u00f8pig er AP-7 tydelig i s\u00f8kelyset. Med 15 liv tapt allerede i \u00e5r, sier tjenestemenn at det ikke er rom for forsinkelser \u2013 og hver sj\u00e5f\u00f8r som bruker denne viktige grenseoverskridende ruten vil n\u00e5 reise p\u00e5 en av de mest overv\u00e5kede motorveiene i Spania.<\/p>\n<p>                    <!-- Originally published at https:\/\/euroweeklynews.com\/2025\/11\/29\/spains-most-dangerous-motorway-gets-a-wake-up-call-speed-limits-slashed-on-the-ap-7\/ on 29 Nov 2025 at 12:04 by Farah Mokrani --><br \/>\n                    <!-- Article End -->\n                <\/div>\n","protected":false},"excerpt":{"rendered":"<p>AP-7, den travle motorveien som forbinder Frankrike med Spania langs den katalanske kysten, har truffet<\/p>\n","protected":false},"author":1,"featured_media":12256,"comment_status":"closed","ping_status":"open","sticky":false,"template":"","format":"standard","meta":{"footnotes":""},"categories":[105],"tags":[8052,1111,2296,8050,8051,4613,81,1892,426],"class_list":["post-12255","post","type-post","status-publish","format-standard","has-post-thumbnail","hentry","category-livsstil","tag-ap7","tag-far","tag-farligste","tag-fartsgrensene","tag-kuttes","tag-motorvei","tag-pa","tag-spanias","tag-vekker","generate-columns","tablet-grid-50","mobile-grid-100","grid-parent","grid-33","resize-featured-image"],"yoast_head":"<!-- This site is optimized with the Yoast SEO plugin v24.4 - https:\/\/yoast.com\/wordpress\/plugins\/seo\/ -->\n<title>Spanias &#039;farligste motorvei&#039; f\u00e5r en vekker: Fartsgrensene kuttes p\u00e5 AP-7 - Nordnesrepublikken<\/title>\n<meta name=\"robots\" content=\"index, follow, max-snippet:-1, max-image-preview:large, max-video-preview:-1\" \/>\n<link rel=\"canonical\" href=\"https:\/\/nordnesrepublikken.no\/index.php\/2025\/11\/29\/spanias-farligste-motorvei-far-en-vekker-fartsgrensene-kuttes-pa-ap-7\/\" \/>\n<meta property=\"og:locale\" content=\"nb_NO\" \/>\n<meta property=\"og:type\" content=\"article\" \/>\n<meta property=\"og:title\" content=\"Spanias &#039;farligste motorvei&#039; f\u00e5r en vekker: Fartsgrensene kuttes p\u00e5 AP-7 - Nordnesrepublikken\" \/>\n<meta property=\"og:description\" content=\"AP-7, den travle motorveien som forbinder Frankrike med Spania langs den katalanske kysten, har truffet\" \/>\n<meta property=\"og:url\" content=\"https:\/\/nordnesrepublikken.no\/index.php\/2025\/11\/29\/spanias-farligste-motorvei-far-en-vekker-fartsgrensene-kuttes-pa-ap-7\/\" \/>\n<meta property=\"og:site_name\" content=\"Nordnesrepublikken\" \/>\n<meta property=\"article:published_time\" content=\"2025-11-29T15:51:23+00:00\" \/>\n<meta property=\"article:modified_time\" content=\"2025-11-29T15:51:24+00:00\" \/>\n<meta property=\"og:image\" content=\"https:\/\/nordnesrepublikken.no\/wp-content\/uploads\/2025\/11\/1764431483_Spanias-farligste-motorvei-far-en-vekker-Fartsgrensene-kuttes-pa-AP-7.jpg\" \/>\n\t<meta property=\"og:image:width\" content=\"1200\" \/>\n\t<meta property=\"og:image:height\" content=\"797\" \/>\n\t<meta property=\"og:image:type\" content=\"image\/jpeg\" \/>\n<meta name=\"author\" content=\"Ole Andersen\" \/>\n<meta name=\"twitter:card\" content=\"summary_large_image\" \/>\n<meta name=\"twitter:label1\" content=\"Skrevet av\" \/>\n\t<meta name=\"twitter:data1\" content=\"Ole Andersen\" \/>\n\t<meta name=\"twitter:label2\" content=\"Ansl. lesetid\" \/>\n\t<meta name=\"twitter:data2\" content=\"3 minutter\" \/>\n<script type=\"application\/ld+json\" class=\"yoast-schema-graph\">{\"@context\":\"https:\/\/schema.org\",\"@graph\":[{\"@type\":\"Article\",\"@id\":\"https:\/\/nordnesrepublikken.no\/index.php\/2025\/11\/29\/spanias-farligste-motorvei-far-en-vekker-fartsgrensene-kuttes-pa-ap-7\/#article\",\"isPartOf\":{\"@id\":\"https:\/\/nordnesrepublikken.no\/index.php\/2025\/11\/29\/spanias-farligste-motorvei-far-en-vekker-fartsgrensene-kuttes-pa-ap-7\/\"},\"author\":{\"name\":\"Ole Andersen\",\"@id\":\"https:\/\/nordnesrepublikken.no\/#\/schema\/person\/2e7e81935bab77882fffb79296240ff1\"},\"headline\":\"Spanias &#8216;farligste motorvei&#8217; f\u00e5r en vekker: Fartsgrensene kuttes p\u00e5 AP-7\",\"datePublished\":\"2025-11-29T15:51:23+00:00\",\"dateModified\":\"2025-11-29T15:51:24+00:00\",\"mainEntityOfPage\":{\"@id\":\"https:\/\/nordnesrepublikken.no\/index.php\/2025\/11\/29\/spanias-farligste-motorvei-far-en-vekker-fartsgrensene-kuttes-pa-ap-7\/\"},\"wordCount\":694,\"publisher\":{\"@id\":\"https:\/\/nordnesrepublikken.no\/#organization\"},\"image\":{\"@id\":\"https:\/\/nordnesrepublikken.no\/index.php\/2025\/11\/29\/spanias-farligste-motorvei-far-en-vekker-fartsgrensene-kuttes-pa-ap-7\/#primaryimage\"},\"thumbnailUrl\":\"https:\/\/nordnesrepublikken.no\/wp-content\/uploads\/2025\/11\/1764431483_Spanias-farligste-motorvei-far-en-vekker-Fartsgrensene-kuttes-pa-AP-7.jpg\",\"keywords\":[\"AP7\",\"f\u00e5r\",\"farligste\",\"Fartsgrensene\",\"kuttes\",\"motorvei\",\"p\u00e5\",\"Spanias\",\"vekker\"],\"articleSection\":[\"Livsstil\"],\"inLanguage\":\"nb-NO\"},{\"@type\":\"WebPage\",\"@id\":\"https:\/\/nordnesrepublikken.no\/index.php\/2025\/11\/29\/spanias-farligste-motorvei-far-en-vekker-fartsgrensene-kuttes-pa-ap-7\/\",\"url\":\"https:\/\/nordnesrepublikken.no\/index.php\/2025\/11\/29\/spanias-farligste-motorvei-far-en-vekker-fartsgrensene-kuttes-pa-ap-7\/\",\"name\":\"Spanias 'farligste motorvei' f\u00e5r en vekker: Fartsgrensene kuttes p\u00e5 AP-7 - Nordnesrepublikken\",\"isPartOf\":{\"@id\":\"https:\/\/nordnesrepublikken.no\/#website\"},\"primaryImageOfPage\":{\"@id\":\"https:\/\/nordnesrepublikken.no\/index.php\/2025\/11\/29\/spanias-farligste-motorvei-far-en-vekker-fartsgrensene-kuttes-pa-ap-7\/#primaryimage\"},\"image\":{\"@id\":\"https:\/\/nordnesrepublikken.no\/index.php\/2025\/11\/29\/spanias-farligste-motorvei-far-en-vekker-fartsgrensene-kuttes-pa-ap-7\/#primaryimage\"},\"thumbnailUrl\":\"https:\/\/nordnesrepublikken.no\/wp-content\/uploads\/2025\/11\/1764431483_Spanias-farligste-motorvei-far-en-vekker-Fartsgrensene-kuttes-pa-AP-7.jpg\",\"datePublished\":\"2025-11-29T15:51:23+00:00\",\"dateModified\":\"2025-11-29T15:51:24+00:00\",\"breadcrumb\":{\"@id\":\"https:\/\/nordnesrepublikken.no\/index.php\/2025\/11\/29\/spanias-farligste-motorvei-far-en-vekker-fartsgrensene-kuttes-pa-ap-7\/#breadcrumb\"},\"inLanguage\":\"nb-NO\",\"potentialAction\":[{\"@type\":\"ReadAction\",\"target\":[\"https:\/\/nordnesrepublikken.no\/index.php\/2025\/11\/29\/spanias-farligste-motorvei-far-en-vekker-fartsgrensene-kuttes-pa-ap-7\/\"]}]},{\"@type\":\"ImageObject\",\"inLanguage\":\"nb-NO\",\"@id\":\"https:\/\/nordnesrepublikken.no\/index.php\/2025\/11\/29\/spanias-farligste-motorvei-far-en-vekker-fartsgrensene-kuttes-pa-ap-7\/#primaryimage\",\"url\":\"https:\/\/nordnesrepublikken.no\/wp-content\/uploads\/2025\/11\/1764431483_Spanias-farligste-motorvei-far-en-vekker-Fartsgrensene-kuttes-pa-AP-7.jpg\",\"contentUrl\":\"https:\/\/nordnesrepublikken.no\/wp-content\/uploads\/2025\/11\/1764431483_Spanias-farligste-motorvei-far-en-vekker-Fartsgrensene-kuttes-pa-AP-7.jpg\",\"width\":1200,\"height\":797,\"caption\":\"Spanias 'farligste motorvei' f\u00e5r en vekker: Fartsgrensene kuttes p\u00e5 AP-7\"},{\"@type\":\"BreadcrumbList\",\"@id\":\"https:\/\/nordnesrepublikken.no\/index.php\/2025\/11\/29\/spanias-farligste-motorvei-far-en-vekker-fartsgrensene-kuttes-pa-ap-7\/#breadcrumb\",\"itemListElement\":[{\"@type\":\"ListItem\",\"position\":1,\"name\":\"Home\",\"item\":\"https:\/\/nordnesrepublikken.no\/\"},{\"@type\":\"ListItem\",\"position\":2,\"name\":\"Spanias &#8216;farligste motorvei&#8217; f\u00e5r en vekker: Fartsgrensene kuttes p\u00e5 AP-7\"}]},{\"@type\":\"WebSite\",\"@id\":\"https:\/\/nordnesrepublikken.no\/#website\",\"url\":\"https:\/\/nordnesrepublikken.no\/\",\"name\":\"Nordnesrepublikken\",\"description\":\"Stemmer og Visjoner fra Republikkens Hjerte\",\"publisher\":{\"@id\":\"https:\/\/nordnesrepublikken.no\/#organization\"},\"potentialAction\":[{\"@type\":\"SearchAction\",\"target\":{\"@type\":\"EntryPoint\",\"urlTemplate\":\"https:\/\/nordnesrepublikken.no\/?s={search_term_string}\"},\"query-input\":{\"@type\":\"PropertyValueSpecification\",\"valueRequired\":true,\"valueName\":\"search_term_string\"}}],\"inLanguage\":\"nb-NO\"},{\"@type\":\"Organization\",\"@id\":\"https:\/\/nordnesrepublikken.no\/#organization\",\"name\":\"Nordnesrepublikken\",\"url\":\"https:\/\/nordnesrepublikken.no\/\",\"logo\":{\"@type\":\"ImageObject\",\"inLanguage\":\"nb-NO\",\"@id\":\"https:\/\/nordnesrepublikken.no\/#\/schema\/logo\/image\/\",\"url\":\"https:\/\/nordnesrepublikken.no\/wp-content\/uploads\/2025\/02\/cropped-nordnesrepublikken-2.png\",\"contentUrl\":\"https:\/\/nordnesrepublikken.no\/wp-content\/uploads\/2025\/02\/cropped-nordnesrepublikken-2.png\",\"width\":1248,\"height\":362,\"caption\":\"Nordnesrepublikken\"},\"image\":{\"@id\":\"https:\/\/nordnesrepublikken.no\/#\/schema\/logo\/image\/\"}},{\"@type\":\"Person\",\"@id\":\"https:\/\/nordnesrepublikken.no\/#\/schema\/person\/2e7e81935bab77882fffb79296240ff1\",\"name\":\"Ole Andersen\",\"image\":{\"@type\":\"ImageObject\",\"inLanguage\":\"nb-NO\",\"@id\":\"https:\/\/nordnesrepublikken.no\/#\/schema\/person\/image\/\",\"url\":\"https:\/\/nordnesrepublikken.no\/wp-content\/uploads\/2025\/02\/nordnesrepublikken-2-2-150x150.jpg\",\"contentUrl\":\"https:\/\/nordnesrepublikken.no\/wp-content\/uploads\/2025\/02\/nordnesrepublikken-2-2-150x150.jpg\",\"caption\":\"Ole Andersen\"},\"description\":\"Ettersom jeg vokste opp i Oslo, har jeg alltid v\u00e6rt fascinert av ordenes kraft og deres evne til \u00e5 skape endringer. Etter \u00e5 ha fullf\u00f8rt min utdannelse i kommunikasjon ved Universitetet i Bergen, fikk jeg muligheten til \u00e5 jobbe innen ulike medier, der jeg har s\u00f8kt \u00e5 belyse viktige samfunnssp\u00f8rsm\u00e5l. I dag, som redakt\u00f8r for Nordnesrepublikken, pr\u00f8ver jeg \u00e5 forene min kj\u00e6rlighet for journalistikk med min lidenskap for innovasjon og eventyr.\",\"sameAs\":[\"https:\/\/nordnesrepublikken.no\/\"]}]}<\/script>\n<!-- \/ Yoast SEO plugin. -->","yoast_head_json":{"title":"Spanias 'farligste motorvei' f\u00e5r en vekker: Fartsgrensene kuttes p\u00e5 AP-7 - Nordnesrepublikken","robots":{"index":"index","follow":"follow","max-snippet":"max-snippet:-1","max-image-preview":"max-image-preview:large","max-video-preview":"max-video-preview:-1"},"canonical":"https:\/\/nordnesrepublikken.no\/index.php\/2025\/11\/29\/spanias-farligste-motorvei-far-en-vekker-fartsgrensene-kuttes-pa-ap-7\/","og_locale":"nb_NO","og_type":"article","og_title":"Spanias 'farligste motorvei' f\u00e5r en vekker: Fartsgrensene kuttes p\u00e5 AP-7 - Nordnesrepublikken","og_description":"AP-7, den travle motorveien som forbinder Frankrike med Spania langs den katalanske kysten, har truffet","og_url":"https:\/\/nordnesrepublikken.no\/index.php\/2025\/11\/29\/spanias-farligste-motorvei-far-en-vekker-fartsgrensene-kuttes-pa-ap-7\/","og_site_name":"Nordnesrepublikken","article_published_time":"2025-11-29T15:51:23+00:00","article_modified_time":"2025-11-29T15:51:24+00:00","og_image":[{"width":1200,"height":797,"url":"https:\/\/nordnesrepublikken.no\/wp-content\/uploads\/2025\/11\/1764431483_Spanias-farligste-motorvei-far-en-vekker-Fartsgrensene-kuttes-pa-AP-7.jpg","type":"image\/jpeg"}],"author":"Ole Andersen","twitter_card":"summary_large_image","twitter_misc":{"Skrevet av":"Ole Andersen","Ansl. lesetid":"3 minutter"},"schema":{"@context":"https:\/\/schema.org","@graph":[{"@type":"Article","@id":"https:\/\/nordnesrepublikken.no\/index.php\/2025\/11\/29\/spanias-farligste-motorvei-far-en-vekker-fartsgrensene-kuttes-pa-ap-7\/#article","isPartOf":{"@id":"https:\/\/nordnesrepublikken.no\/index.php\/2025\/11\/29\/spanias-farligste-motorvei-far-en-vekker-fartsgrensene-kuttes-pa-ap-7\/"},"author":{"name":"Ole Andersen","@id":"https:\/\/nordnesrepublikken.no\/#\/schema\/person\/2e7e81935bab77882fffb79296240ff1"},"headline":"Spanias &#8216;farligste motorvei&#8217; f\u00e5r en vekker: Fartsgrensene kuttes p\u00e5 AP-7","datePublished":"2025-11-29T15:51:23+00:00","dateModified":"2025-11-29T15:51:24+00:00","mainEntityOfPage":{"@id":"https:\/\/nordnesrepublikken.no\/index.php\/2025\/11\/29\/spanias-farligste-motorvei-far-en-vekker-fartsgrensene-kuttes-pa-ap-7\/"},"wordCount":694,"publisher":{"@id":"https:\/\/nordnesrepublikken.no\/#organization"},"image":{"@id":"https:\/\/nordnesrepublikken.no\/index.php\/2025\/11\/29\/spanias-farligste-motorvei-far-en-vekker-fartsgrensene-kuttes-pa-ap-7\/#primaryimage"},"thumbnailUrl":"https:\/\/nordnesrepublikken.no\/wp-content\/uploads\/2025\/11\/1764431483_Spanias-farligste-motorvei-far-en-vekker-Fartsgrensene-kuttes-pa-AP-7.jpg","keywords":["AP7","f\u00e5r","farligste","Fartsgrensene","kuttes","motorvei","p\u00e5","Spanias","vekker"],"articleSection":["Livsstil"],"inLanguage":"nb-NO"},{"@type":"WebPage","@id":"https:\/\/nordnesrepublikken.no\/index.php\/2025\/11\/29\/spanias-farligste-motorvei-far-en-vekker-fartsgrensene-kuttes-pa-ap-7\/","url":"https:\/\/nordnesrepublikken.no\/index.php\/2025\/11\/29\/spanias-farligste-motorvei-far-en-vekker-fartsgrensene-kuttes-pa-ap-7\/","name":"Spanias 'farligste motorvei' f\u00e5r en vekker: Fartsgrensene kuttes p\u00e5 AP-7 - Nordnesrepublikken","isPartOf":{"@id":"https:\/\/nordnesrepublikken.no\/#website"},"primaryImageOfPage":{"@id":"https:\/\/nordnesrepublikken.no\/index.php\/2025\/11\/29\/spanias-farligste-motorvei-far-en-vekker-fartsgrensene-kuttes-pa-ap-7\/#primaryimage"},"image":{"@id":"https:\/\/nordnesrepublikken.no\/index.php\/2025\/11\/29\/spanias-farligste-motorvei-far-en-vekker-fartsgrensene-kuttes-pa-ap-7\/#primaryimage"},"thumbnailUrl":"https:\/\/nordnesrepublikken.no\/wp-content\/uploads\/2025\/11\/1764431483_Spanias-farligste-motorvei-far-en-vekker-Fartsgrensene-kuttes-pa-AP-7.jpg","datePublished":"2025-11-29T15:51:23+00:00","dateModified":"2025-11-29T15:51:24+00:00","breadcrumb":{"@id":"https:\/\/nordnesrepublikken.no\/index.php\/2025\/11\/29\/spanias-farligste-motorvei-far-en-vekker-fartsgrensene-kuttes-pa-ap-7\/#breadcrumb"},"inLanguage":"nb-NO","potentialAction":[{"@type":"ReadAction","target":["https:\/\/nordnesrepublikken.no\/index.php\/2025\/11\/29\/spanias-farligste-motorvei-far-en-vekker-fartsgrensene-kuttes-pa-ap-7\/"]}]},{"@type":"ImageObject","inLanguage":"nb-NO","@id":"https:\/\/nordnesrepublikken.no\/index.php\/2025\/11\/29\/spanias-farligste-motorvei-far-en-vekker-fartsgrensene-kuttes-pa-ap-7\/#primaryimage","url":"https:\/\/nordnesrepublikken.no\/wp-content\/uploads\/2025\/11\/1764431483_Spanias-farligste-motorvei-far-en-vekker-Fartsgrensene-kuttes-pa-AP-7.jpg","contentUrl":"https:\/\/nordnesrepublikken.no\/wp-content\/uploads\/2025\/11\/1764431483_Spanias-farligste-motorvei-far-en-vekker-Fartsgrensene-kuttes-pa-AP-7.jpg","width":1200,"height":797,"caption":"Spanias 'farligste motorvei' f\u00e5r en vekker: Fartsgrensene kuttes p\u00e5 AP-7"},{"@type":"BreadcrumbList","@id":"https:\/\/nordnesrepublikken.no\/index.php\/2025\/11\/29\/spanias-farligste-motorvei-far-en-vekker-fartsgrensene-kuttes-pa-ap-7\/#breadcrumb","itemListElement":[{"@type":"ListItem","position":1,"name":"Home","item":"https:\/\/nordnesrepublikken.no\/"},{"@type":"ListItem","position":2,"name":"Spanias &#8216;farligste motorvei&#8217; f\u00e5r en vekker: Fartsgrensene kuttes p\u00e5 AP-7"}]},{"@type":"WebSite","@id":"https:\/\/nordnesrepublikken.no\/#website","url":"https:\/\/nordnesrepublikken.no\/","name":"Nordnesrepublikken","description":"Stemmer og Visjoner fra Republikkens Hjerte","publisher":{"@id":"https:\/\/nordnesrepublikken.no\/#organization"},"potentialAction":[{"@type":"SearchAction","target":{"@type":"EntryPoint","urlTemplate":"https:\/\/nordnesrepublikken.no\/?s={search_term_string}"},"query-input":{"@type":"PropertyValueSpecification","valueRequired":true,"valueName":"search_term_string"}}],"inLanguage":"nb-NO"},{"@type":"Organization","@id":"https:\/\/nordnesrepublikken.no\/#organization","name":"Nordnesrepublikken","url":"https:\/\/nordnesrepublikken.no\/","logo":{"@type":"ImageObject","inLanguage":"nb-NO","@id":"https:\/\/nordnesrepublikken.no\/#\/schema\/logo\/image\/","url":"https:\/\/nordnesrepublikken.no\/wp-content\/uploads\/2025\/02\/cropped-nordnesrepublikken-2.png","contentUrl":"https:\/\/nordnesrepublikken.no\/wp-content\/uploads\/2025\/02\/cropped-nordnesrepublikken-2.png","width":1248,"height":362,"caption":"Nordnesrepublikken"},"image":{"@id":"https:\/\/nordnesrepublikken.no\/#\/schema\/logo\/image\/"}},{"@type":"Person","@id":"https:\/\/nordnesrepublikken.no\/#\/schema\/person\/2e7e81935bab77882fffb79296240ff1","name":"Ole Andersen","image":{"@type":"ImageObject","inLanguage":"nb-NO","@id":"https:\/\/nordnesrepublikken.no\/#\/schema\/person\/image\/","url":"https:\/\/nordnesrepublikken.no\/wp-content\/uploads\/2025\/02\/nordnesrepublikken-2-2-150x150.jpg","contentUrl":"https:\/\/nordnesrepublikken.no\/wp-content\/uploads\/2025\/02\/nordnesrepublikken-2-2-150x150.jpg","caption":"Ole Andersen"},"description":"Ettersom jeg vokste opp i Oslo, har jeg alltid v\u00e6rt fascinert av ordenes kraft og deres evne til \u00e5 skape endringer. Etter \u00e5 ha fullf\u00f8rt min utdannelse i kommunikasjon ved Universitetet i Bergen, fikk jeg muligheten til \u00e5 jobbe innen ulike medier, der jeg har s\u00f8kt \u00e5 belyse viktige samfunnssp\u00f8rsm\u00e5l. I dag, som redakt\u00f8r for Nordnesrepublikken, pr\u00f8ver jeg \u00e5 forene min kj\u00e6rlighet for journalistikk med min lidenskap for innovasjon og eventyr.","sameAs":["https:\/\/nordnesrepublikken.no\/"]}]}},"_links":{"self":[{"href":"https:\/\/nordnesrepublikken.no\/index.php\/wp-json\/wp\/v2\/posts\/12255","targetHints":{"allow":["GET"]}}],"collection":[{"href":"https:\/\/nordnesrepublikken.no\/index.php\/wp-json\/wp\/v2\/posts"}],"about":[{"href":"https:\/\/nordnesrepublikken.no\/index.php\/wp-json\/wp\/v2\/types\/post"}],"author":[{"embeddable":true,"href":"https:\/\/nordnesrepublikken.no\/index.php\/wp-json\/wp\/v2\/users\/1"}],"replies":[{"embeddable":true,"href":"https:\/\/nordnesrepublikken.no\/index.php\/wp-json\/wp\/v2\/comments?post=12255"}],"version-history":[{"count":1,"href":"https:\/\/nordnesrepublikken.no\/index.php\/wp-json\/wp\/v2\/posts\/12255\/revisions"}],"predecessor-version":[{"id":12257,"href":"https:\/\/nordnesrepublikken.no\/index.php\/wp-json\/wp\/v2\/posts\/12255\/revisions\/12257"}],"wp:featuredmedia":[{"embeddable":true,"href":"https:\/\/nordnesrepublikken.no\/index.php\/wp-json\/wp\/v2\/media\/12256"}],"wp:attachment":[{"href":"https:\/\/nordnesrepublikken.no\/index.php\/wp-json\/wp\/v2\/media?parent=12255"}],"wp:term":[{"taxonomy":"category","embeddable":true,"href":"https:\/\/nordnesrepublikken.no\/index.php\/wp-json\/wp\/v2\/categories?post=12255"},{"taxonomy":"post_tag","embeddable":true,"href":"https:\/\/nordnesrepublikken.no\/index.php\/wp-json\/wp\/v2\/tags?post=12255"}],"curies":[{"name":"wp","href":"https:\/\/api.w.org\/{rel}","templated":true}]}}