{"id":12237,"date":"2025-11-29T03:51:06","date_gmt":"2025-11-29T02:51:06","guid":{"rendered":"https:\/\/nordnesrepublikken.no\/index.php\/2025\/11\/29\/rekonstruksjon-av-ulykken-og-undersokelser\/"},"modified":"2025-11-29T03:51:07","modified_gmt":"2025-11-29T02:51:07","slug":"rekonstruksjon-av-ulykken-og-undersokelser","status":"publish","type":"post","link":"https:\/\/nordnesrepublikken.no\/index.php\/2025\/11\/29\/rekonstruksjon-av-ulykken-og-undersokelser\/","title":{"rendered":"rekonstruksjon av ulykken og unders\u00f8kelser"},"content":{"rendered":"<div>\n<div class=\"cp_wrapper cp_wrapper--fw mb-30 mb-20@tablet\">\n<figure class=\"mm\"><picture class=\"img\" style=\"padding-top:56.25%\"><source  media=\"(min-width: 1024px)\"><source  media=\"(min-width: 768px)\"><\/source><\/source><\/picture><\/figure>\n<\/p><\/div>\n<p>Det forferdelige <strong>ild<\/strong> som han har <strong>\u00f8dela skyskraperne<\/strong> i boligkomplekset til <strong>Wang Fuk Court<\/strong>i nabolaget <strong>Tai Po<\/strong> Av <strong>Hong Kong<\/strong> (Kina) for\u00e5rsaket minst 128 d\u00f8dsfall og nesten 100 skader. \u00c5rsakene til brannen er enn\u00e5 ikke avklart av myndighetene, som har \u00e5pnet etterforskning for uaktsomhet: branner var p\u00e5 gang i de 8 t\u00e5rnene, hver med 31 etasjer <strong>renoveringsarbeid<\/strong>som de ikke ville blitt brukt til <strong>brannsikre materialer<\/strong> \u2013 inkludert gr\u00f8nne plastnett og polystyren for \u00e5 dekke vinduene. Tre ledere i oppussingsselskapet ble arrestert av politiet.<\/p>\n<p>Flammene \u2013 som br\u00f8t ut rundt klokken 14.51 26. november \u2013 var <strong>tam<\/strong> av brannvesenet <strong>etter 48 timer<\/strong> siden brannutbruddet: bolighusene huset rundt 2000 leiligheter, til sammen 4600 beboere, hvorav de fleste var eldre.<\/p>\n<h2>Hvordan spredte flammene seg s\u00e5 raskt: dynamikken<\/h2>\n<p>If\u00f8lge rekonstruksjoner levert av myndighetene, brannen i boligkomplekset <b>Wang Fuk Court<\/b>i Tai Po-distriktet, br\u00f8t ut onsdag ettermiddag <strong>26. november 2025 omtrent klokken 14.51<\/strong> (lokal tid, 07:51 i Italia), tidspunktet da f\u00f8rste melding til brannvesenet ble mottatt. Flammene br\u00f8t ut i blokk F: I l\u00f8pet av de 5 minuttene det tok \u00e5 n\u00e5 stedet spredte brannen seg med en imponerende hastighet gjennom det utvendige stillaset. I ca <strong>fire timer<\/strong> flammene ble involvert <b>7 av de 8 skyskraperne <\/b>(p\u00e5 31 etasjer hver) som er en del av komplekset, som bekreftet av Tai Po-distriktsr\u00e5dmannen, <strong>Mui Siu-fung<\/strong>.<\/p>\n<p>Klokken 15.34, mindre enn en time etter at brannen startet, brakte myndighetene <strong>n\u00f8dssituasjonen<\/strong> til niv\u00e5 4, og deretter heve den<strong> p\u00e5 niv\u00e5 5 klokken 18.22<\/strong>det maksimale som er forutsatt av n\u00f8dprosedyren. Myndighetene la ogs\u00e5 merke til hvordan <strong>brannalarm har ikke fungert effektivt<\/strong> i noen av de 8 skyskraperne.<\/p>\n<p>Hastigheten som brannen spredte seg med var imponerende: de f\u00f8rste rekonstruksjonene indikerer at brannen ville ha spredt seg raskt, ikke bare p\u00e5 grunn av tilstedev\u00e6relsen av <b>bambus stillas<\/b> som omringet flere t\u00e5rn &#8211; gitt de p\u00e5g\u00e5ende renoveringsarbeidene &#8211; men ogs\u00e5 p\u00e5 grunn av <b>beskyttelsesnett og plastduker<\/b> installert p\u00e5 utsiden av bygninger.<\/p>\n<p>Flammene ble slukket mer enn 48 timer etter at brannen br\u00f8t ut. I skrivende stund har de sertifiserte ofrene steget til 128 (med rundt 200 savnede): dette er brannen <strong>mer \u00f8deleggende og d\u00f8delig<\/strong> i Hong Kongs nyere historie.<\/p>\n<h2>Hvordan redningsaksjonene foregikk: over 2.311 brannmenn<\/h2>\n<p>Totalt, if\u00f8lge offisielle data, grep flere personer inn p\u00e5 nettstedet<strong> 2.311 brannvesen<\/strong>hvorav 12 ble skadet under operasjonene, assistert av <strong>400 politifolk, 391 brannbiler og 188 ambulanser.<\/strong><\/p>\n<p>I f\u00f8lge rekonstruksjoner var inngrepet ekstremt komplisert: intensiteten av varmen forhindret brannmennene i \u00e5 komme inn i bygningene, med noen deler av bygningene som n\u00e5dde<strong> temperaturer over 200 \u00b0C.<\/strong> Hong Kong-kommandoen fremhevet hvordan kombinasjonen av h\u00f8ye temperaturer, risikoen for ytterligere stillaskollapser og det lille og overfylte interi\u00f8ret i leilighetene vanskeliggjorde redningsaksjoner.<\/p>\n<p>Skyskraperne i Wang Fuk-komplekset ble bygget i 1983 og telles totalt<strong> 1 984 leiligheter,<\/strong> for ca 4600 innbyggere. I f\u00f8lge den siste tellingen som ble utf\u00f8rt, er <strong>40 %<\/strong> av leietakere har minst<strong>eller 65 \u00e5r<\/strong> eller mer. Regjeringen sa at minst 900 innbyggere hadde blitt evakuert og omdirigert til krisesentre satt opp spesielt for form\u00e5let.<\/p>\n<h2>Fra isopor til vinduer til plastnett: unders\u00f8kelser for uaktsomhet<\/h2>\n<p>Som fremhevet av <em>Reuters<\/em>hadde innbyggerne i Wang Fuk Court-komplekset allerede uttrykt<strong> bekymring for oppussingsarbeidene<\/strong> allerede i september 2024, spesielt for <strong>potensiell brennbarhet<\/strong> av det gr\u00f8nne beskyttelsesnettet \u2013 godt synlig p\u00e5 alle bilder \u2013 som brukes av entrepren\u00f8rer til \u00e5 dekke bambusstillas rundt bygninger.<\/p>\n<p>Faktisk erkl\u00e6rte Hong Kong-politiet torsdag at ytterveggene til bygningene i komplekset \u00abvar utstyrt med beskyttelsesnett, vanntette presenninger, plastplater og<strong> andre ikke-brannsikre materialer,<\/strong> mistenkt for ikke \u00e5 overholde brannsikkerhetsstandarder.\u00bb P\u00e5 dette punktet, l\u00e6reren <strong>Raffaella Endrizzi<\/strong> (professor ved fakultetet for arkitektur ved det kinesiske universitetet i Hong Kong) forklarte til Geopop at:<\/p>\n<blockquote>\n<p><strong>De installerte nettverkene overholdt ikke brannsikkerhetsstandarder, <\/strong>som bekreftet av myndighetene. Bruk av ikke-sertifiserte eller ikke-brannsikre materialer representerer en betydelig overtredelse, fordi nettet spiller en avgj\u00f8rende rolle i spredningen eller begrenset brann. Det b\u00f8r ogs\u00e5 huskes at stillasere m\u00e5 v\u00e6re sertifisert, da bambusbygging krever sv\u00e6rt spesifikke tekniske ferdigheter.<\/p>\n<\/blockquote>\n<p>Under de f\u00f8rste inspeksjonene av boligkomplekset ble det ogs\u00e5 funnet guder <strong>ekspanderte polystyrenpaneler<\/strong> p\u00e5 utsiden av vinduene, tydeligvis ikke i samsvar med brannforskriftene: &laquo;denne ulovlige praksisen gjorde at brannen spredte seg ekstremt raskt&raquo;, avsluttet Endrizzi.<\/p>\n<p>\u00c5rsakene til brannen er imidlertid <strong>er enn\u00e5 ikke bekreftet av myndighetene<\/strong>som \u00e5pnet unders\u00f8kelser: kort tid etter ulykken, tre toppledere i renoveringsfirmaet, den <em>Prestisjekonstruksjon<\/em>ble arrestert siktet for drap.<\/p>\n<\/p><\/div>\n","protected":false},"excerpt":{"rendered":"<p>Det forferdelige ild som han har \u00f8dela skyskraperne i boligkomplekset til Wang Fuk Courti nabolaget<\/p>\n","protected":false},"author":1,"featured_media":12238,"comment_status":"closed","ping_status":"open","sticky":false,"template":"","format":"standard","meta":{"footnotes":""},"categories":[104],"tags":[1466,265,8040],"class_list":["post-12237","post","type-post","status-publish","format-standard","has-post-thumbnail","hentry","category-samfunn","tag-rekonstruksjon","tag-ulykken","tag-undersokelser","generate-columns","tablet-grid-50","mobile-grid-100","grid-parent","grid-33","resize-featured-image"],"yoast_head":"<!-- This site is optimized with the Yoast SEO plugin v24.4 - https:\/\/yoast.com\/wordpress\/plugins\/seo\/ -->\n<title>rekonstruksjon av ulykken og unders\u00f8kelser - Nordnesrepublikken<\/title>\n<meta name=\"robots\" content=\"index, follow, max-snippet:-1, max-image-preview:large, max-video-preview:-1\" \/>\n<link rel=\"canonical\" href=\"https:\/\/nordnesrepublikken.no\/index.php\/2025\/11\/29\/rekonstruksjon-av-ulykken-og-undersokelser\/\" \/>\n<meta property=\"og:locale\" content=\"nb_NO\" \/>\n<meta property=\"og:type\" content=\"article\" \/>\n<meta property=\"og:title\" content=\"rekonstruksjon av ulykken og unders\u00f8kelser - Nordnesrepublikken\" \/>\n<meta property=\"og:description\" content=\"Det forferdelige ild som han har \u00f8dela skyskraperne i boligkomplekset til Wang Fuk Courti nabolaget\" \/>\n<meta property=\"og:url\" content=\"https:\/\/nordnesrepublikken.no\/index.php\/2025\/11\/29\/rekonstruksjon-av-ulykken-og-undersokelser\/\" \/>\n<meta property=\"og:site_name\" content=\"Nordnesrepublikken\" \/>\n<meta property=\"article:published_time\" content=\"2025-11-29T02:51:06+00:00\" \/>\n<meta property=\"article:modified_time\" content=\"2025-11-29T02:51:07+00:00\" \/>\n<meta property=\"og:image\" content=\"https:\/\/nordnesrepublikken.no\/wp-content\/uploads\/2025\/11\/1764384667_rekonstruksjon-av-ulykken-og-undersokelser.jpeg\" \/>\n\t<meta property=\"og:image:width\" content=\"1200\" \/>\n\t<meta property=\"og:image:height\" content=\"800\" \/>\n\t<meta property=\"og:image:type\" content=\"image\/jpeg\" \/>\n<meta name=\"author\" content=\"Ole Andersen\" \/>\n<meta name=\"twitter:card\" content=\"summary_large_image\" \/>\n<meta name=\"twitter:label1\" content=\"Skrevet av\" \/>\n\t<meta name=\"twitter:data1\" content=\"Ole Andersen\" \/>\n\t<meta name=\"twitter:label2\" content=\"Ansl. lesetid\" \/>\n\t<meta name=\"twitter:data2\" content=\"3 minutter\" \/>\n<script type=\"application\/ld+json\" class=\"yoast-schema-graph\">{\"@context\":\"https:\/\/schema.org\",\"@graph\":[{\"@type\":\"Article\",\"@id\":\"https:\/\/nordnesrepublikken.no\/index.php\/2025\/11\/29\/rekonstruksjon-av-ulykken-og-undersokelser\/#article\",\"isPartOf\":{\"@id\":\"https:\/\/nordnesrepublikken.no\/index.php\/2025\/11\/29\/rekonstruksjon-av-ulykken-og-undersokelser\/\"},\"author\":{\"name\":\"Ole Andersen\",\"@id\":\"https:\/\/nordnesrepublikken.no\/#\/schema\/person\/2e7e81935bab77882fffb79296240ff1\"},\"headline\":\"rekonstruksjon av ulykken og unders\u00f8kelser\",\"datePublished\":\"2025-11-29T02:51:06+00:00\",\"dateModified\":\"2025-11-29T02:51:07+00:00\",\"mainEntityOfPage\":{\"@id\":\"https:\/\/nordnesrepublikken.no\/index.php\/2025\/11\/29\/rekonstruksjon-av-ulykken-og-undersokelser\/\"},\"wordCount\":698,\"publisher\":{\"@id\":\"https:\/\/nordnesrepublikken.no\/#organization\"},\"image\":{\"@id\":\"https:\/\/nordnesrepublikken.no\/index.php\/2025\/11\/29\/rekonstruksjon-av-ulykken-og-undersokelser\/#primaryimage\"},\"thumbnailUrl\":\"https:\/\/nordnesrepublikken.no\/wp-content\/uploads\/2025\/11\/1764384667_rekonstruksjon-av-ulykken-og-undersokelser.jpeg\",\"keywords\":[\"rekonstruksjon\",\"ulykken\",\"unders\u00f8kelser\"],\"articleSection\":[\"Samfunn\"],\"inLanguage\":\"nb-NO\"},{\"@type\":\"WebPage\",\"@id\":\"https:\/\/nordnesrepublikken.no\/index.php\/2025\/11\/29\/rekonstruksjon-av-ulykken-og-undersokelser\/\",\"url\":\"https:\/\/nordnesrepublikken.no\/index.php\/2025\/11\/29\/rekonstruksjon-av-ulykken-og-undersokelser\/\",\"name\":\"rekonstruksjon av ulykken og unders\u00f8kelser - Nordnesrepublikken\",\"isPartOf\":{\"@id\":\"https:\/\/nordnesrepublikken.no\/#website\"},\"primaryImageOfPage\":{\"@id\":\"https:\/\/nordnesrepublikken.no\/index.php\/2025\/11\/29\/rekonstruksjon-av-ulykken-og-undersokelser\/#primaryimage\"},\"image\":{\"@id\":\"https:\/\/nordnesrepublikken.no\/index.php\/2025\/11\/29\/rekonstruksjon-av-ulykken-og-undersokelser\/#primaryimage\"},\"thumbnailUrl\":\"https:\/\/nordnesrepublikken.no\/wp-content\/uploads\/2025\/11\/1764384667_rekonstruksjon-av-ulykken-og-undersokelser.jpeg\",\"datePublished\":\"2025-11-29T02:51:06+00:00\",\"dateModified\":\"2025-11-29T02:51:07+00:00\",\"breadcrumb\":{\"@id\":\"https:\/\/nordnesrepublikken.no\/index.php\/2025\/11\/29\/rekonstruksjon-av-ulykken-og-undersokelser\/#breadcrumb\"},\"inLanguage\":\"nb-NO\",\"potentialAction\":[{\"@type\":\"ReadAction\",\"target\":[\"https:\/\/nordnesrepublikken.no\/index.php\/2025\/11\/29\/rekonstruksjon-av-ulykken-og-undersokelser\/\"]}]},{\"@type\":\"ImageObject\",\"inLanguage\":\"nb-NO\",\"@id\":\"https:\/\/nordnesrepublikken.no\/index.php\/2025\/11\/29\/rekonstruksjon-av-ulykken-og-undersokelser\/#primaryimage\",\"url\":\"https:\/\/nordnesrepublikken.no\/wp-content\/uploads\/2025\/11\/1764384667_rekonstruksjon-av-ulykken-og-undersokelser.jpeg\",\"contentUrl\":\"https:\/\/nordnesrepublikken.no\/wp-content\/uploads\/2025\/11\/1764384667_rekonstruksjon-av-ulykken-og-undersokelser.jpeg\",\"width\":1200,\"height\":800,\"caption\":\"rekonstruksjon av ulykken og unders\u00f8kelser\"},{\"@type\":\"BreadcrumbList\",\"@id\":\"https:\/\/nordnesrepublikken.no\/index.php\/2025\/11\/29\/rekonstruksjon-av-ulykken-og-undersokelser\/#breadcrumb\",\"itemListElement\":[{\"@type\":\"ListItem\",\"position\":1,\"name\":\"Home\",\"item\":\"https:\/\/nordnesrepublikken.no\/\"},{\"@type\":\"ListItem\",\"position\":2,\"name\":\"rekonstruksjon av ulykken og unders\u00f8kelser\"}]},{\"@type\":\"WebSite\",\"@id\":\"https:\/\/nordnesrepublikken.no\/#website\",\"url\":\"https:\/\/nordnesrepublikken.no\/\",\"name\":\"Nordnesrepublikken\",\"description\":\"Stemmer og Visjoner fra Republikkens Hjerte\",\"publisher\":{\"@id\":\"https:\/\/nordnesrepublikken.no\/#organization\"},\"potentialAction\":[{\"@type\":\"SearchAction\",\"target\":{\"@type\":\"EntryPoint\",\"urlTemplate\":\"https:\/\/nordnesrepublikken.no\/?s={search_term_string}\"},\"query-input\":{\"@type\":\"PropertyValueSpecification\",\"valueRequired\":true,\"valueName\":\"search_term_string\"}}],\"inLanguage\":\"nb-NO\"},{\"@type\":\"Organization\",\"@id\":\"https:\/\/nordnesrepublikken.no\/#organization\",\"name\":\"Nordnesrepublikken\",\"url\":\"https:\/\/nordnesrepublikken.no\/\",\"logo\":{\"@type\":\"ImageObject\",\"inLanguage\":\"nb-NO\",\"@id\":\"https:\/\/nordnesrepublikken.no\/#\/schema\/logo\/image\/\",\"url\":\"https:\/\/nordnesrepublikken.no\/wp-content\/uploads\/2025\/02\/cropped-nordnesrepublikken-2.png\",\"contentUrl\":\"https:\/\/nordnesrepublikken.no\/wp-content\/uploads\/2025\/02\/cropped-nordnesrepublikken-2.png\",\"width\":1248,\"height\":362,\"caption\":\"Nordnesrepublikken\"},\"image\":{\"@id\":\"https:\/\/nordnesrepublikken.no\/#\/schema\/logo\/image\/\"}},{\"@type\":\"Person\",\"@id\":\"https:\/\/nordnesrepublikken.no\/#\/schema\/person\/2e7e81935bab77882fffb79296240ff1\",\"name\":\"Ole Andersen\",\"image\":{\"@type\":\"ImageObject\",\"inLanguage\":\"nb-NO\",\"@id\":\"https:\/\/nordnesrepublikken.no\/#\/schema\/person\/image\/\",\"url\":\"https:\/\/nordnesrepublikken.no\/wp-content\/uploads\/2025\/02\/nordnesrepublikken-2-2-150x150.jpg\",\"contentUrl\":\"https:\/\/nordnesrepublikken.no\/wp-content\/uploads\/2025\/02\/nordnesrepublikken-2-2-150x150.jpg\",\"caption\":\"Ole Andersen\"},\"description\":\"Ettersom jeg vokste opp i Oslo, har jeg alltid v\u00e6rt fascinert av ordenes kraft og deres evne til \u00e5 skape endringer. Etter \u00e5 ha fullf\u00f8rt min utdannelse i kommunikasjon ved Universitetet i Bergen, fikk jeg muligheten til \u00e5 jobbe innen ulike medier, der jeg har s\u00f8kt \u00e5 belyse viktige samfunnssp\u00f8rsm\u00e5l. I dag, som redakt\u00f8r for Nordnesrepublikken, pr\u00f8ver jeg \u00e5 forene min kj\u00e6rlighet for journalistikk med min lidenskap for innovasjon og eventyr.\",\"sameAs\":[\"https:\/\/nordnesrepublikken.no\/\"]}]}<\/script>\n<!-- \/ Yoast SEO plugin. -->","yoast_head_json":{"title":"rekonstruksjon av ulykken og unders\u00f8kelser - Nordnesrepublikken","robots":{"index":"index","follow":"follow","max-snippet":"max-snippet:-1","max-image-preview":"max-image-preview:large","max-video-preview":"max-video-preview:-1"},"canonical":"https:\/\/nordnesrepublikken.no\/index.php\/2025\/11\/29\/rekonstruksjon-av-ulykken-og-undersokelser\/","og_locale":"nb_NO","og_type":"article","og_title":"rekonstruksjon av ulykken og unders\u00f8kelser - Nordnesrepublikken","og_description":"Det forferdelige ild som han har \u00f8dela skyskraperne i boligkomplekset til Wang Fuk Courti nabolaget","og_url":"https:\/\/nordnesrepublikken.no\/index.php\/2025\/11\/29\/rekonstruksjon-av-ulykken-og-undersokelser\/","og_site_name":"Nordnesrepublikken","article_published_time":"2025-11-29T02:51:06+00:00","article_modified_time":"2025-11-29T02:51:07+00:00","og_image":[{"width":1200,"height":800,"url":"https:\/\/nordnesrepublikken.no\/wp-content\/uploads\/2025\/11\/1764384667_rekonstruksjon-av-ulykken-og-undersokelser.jpeg","type":"image\/jpeg"}],"author":"Ole Andersen","twitter_card":"summary_large_image","twitter_misc":{"Skrevet av":"Ole Andersen","Ansl. lesetid":"3 minutter"},"schema":{"@context":"https:\/\/schema.org","@graph":[{"@type":"Article","@id":"https:\/\/nordnesrepublikken.no\/index.php\/2025\/11\/29\/rekonstruksjon-av-ulykken-og-undersokelser\/#article","isPartOf":{"@id":"https:\/\/nordnesrepublikken.no\/index.php\/2025\/11\/29\/rekonstruksjon-av-ulykken-og-undersokelser\/"},"author":{"name":"Ole Andersen","@id":"https:\/\/nordnesrepublikken.no\/#\/schema\/person\/2e7e81935bab77882fffb79296240ff1"},"headline":"rekonstruksjon av ulykken og unders\u00f8kelser","datePublished":"2025-11-29T02:51:06+00:00","dateModified":"2025-11-29T02:51:07+00:00","mainEntityOfPage":{"@id":"https:\/\/nordnesrepublikken.no\/index.php\/2025\/11\/29\/rekonstruksjon-av-ulykken-og-undersokelser\/"},"wordCount":698,"publisher":{"@id":"https:\/\/nordnesrepublikken.no\/#organization"},"image":{"@id":"https:\/\/nordnesrepublikken.no\/index.php\/2025\/11\/29\/rekonstruksjon-av-ulykken-og-undersokelser\/#primaryimage"},"thumbnailUrl":"https:\/\/nordnesrepublikken.no\/wp-content\/uploads\/2025\/11\/1764384667_rekonstruksjon-av-ulykken-og-undersokelser.jpeg","keywords":["rekonstruksjon","ulykken","unders\u00f8kelser"],"articleSection":["Samfunn"],"inLanguage":"nb-NO"},{"@type":"WebPage","@id":"https:\/\/nordnesrepublikken.no\/index.php\/2025\/11\/29\/rekonstruksjon-av-ulykken-og-undersokelser\/","url":"https:\/\/nordnesrepublikken.no\/index.php\/2025\/11\/29\/rekonstruksjon-av-ulykken-og-undersokelser\/","name":"rekonstruksjon av ulykken og unders\u00f8kelser - Nordnesrepublikken","isPartOf":{"@id":"https:\/\/nordnesrepublikken.no\/#website"},"primaryImageOfPage":{"@id":"https:\/\/nordnesrepublikken.no\/index.php\/2025\/11\/29\/rekonstruksjon-av-ulykken-og-undersokelser\/#primaryimage"},"image":{"@id":"https:\/\/nordnesrepublikken.no\/index.php\/2025\/11\/29\/rekonstruksjon-av-ulykken-og-undersokelser\/#primaryimage"},"thumbnailUrl":"https:\/\/nordnesrepublikken.no\/wp-content\/uploads\/2025\/11\/1764384667_rekonstruksjon-av-ulykken-og-undersokelser.jpeg","datePublished":"2025-11-29T02:51:06+00:00","dateModified":"2025-11-29T02:51:07+00:00","breadcrumb":{"@id":"https:\/\/nordnesrepublikken.no\/index.php\/2025\/11\/29\/rekonstruksjon-av-ulykken-og-undersokelser\/#breadcrumb"},"inLanguage":"nb-NO","potentialAction":[{"@type":"ReadAction","target":["https:\/\/nordnesrepublikken.no\/index.php\/2025\/11\/29\/rekonstruksjon-av-ulykken-og-undersokelser\/"]}]},{"@type":"ImageObject","inLanguage":"nb-NO","@id":"https:\/\/nordnesrepublikken.no\/index.php\/2025\/11\/29\/rekonstruksjon-av-ulykken-og-undersokelser\/#primaryimage","url":"https:\/\/nordnesrepublikken.no\/wp-content\/uploads\/2025\/11\/1764384667_rekonstruksjon-av-ulykken-og-undersokelser.jpeg","contentUrl":"https:\/\/nordnesrepublikken.no\/wp-content\/uploads\/2025\/11\/1764384667_rekonstruksjon-av-ulykken-og-undersokelser.jpeg","width":1200,"height":800,"caption":"rekonstruksjon av ulykken og unders\u00f8kelser"},{"@type":"BreadcrumbList","@id":"https:\/\/nordnesrepublikken.no\/index.php\/2025\/11\/29\/rekonstruksjon-av-ulykken-og-undersokelser\/#breadcrumb","itemListElement":[{"@type":"ListItem","position":1,"name":"Home","item":"https:\/\/nordnesrepublikken.no\/"},{"@type":"ListItem","position":2,"name":"rekonstruksjon av ulykken og unders\u00f8kelser"}]},{"@type":"WebSite","@id":"https:\/\/nordnesrepublikken.no\/#website","url":"https:\/\/nordnesrepublikken.no\/","name":"Nordnesrepublikken","description":"Stemmer og Visjoner fra Republikkens Hjerte","publisher":{"@id":"https:\/\/nordnesrepublikken.no\/#organization"},"potentialAction":[{"@type":"SearchAction","target":{"@type":"EntryPoint","urlTemplate":"https:\/\/nordnesrepublikken.no\/?s={search_term_string}"},"query-input":{"@type":"PropertyValueSpecification","valueRequired":true,"valueName":"search_term_string"}}],"inLanguage":"nb-NO"},{"@type":"Organization","@id":"https:\/\/nordnesrepublikken.no\/#organization","name":"Nordnesrepublikken","url":"https:\/\/nordnesrepublikken.no\/","logo":{"@type":"ImageObject","inLanguage":"nb-NO","@id":"https:\/\/nordnesrepublikken.no\/#\/schema\/logo\/image\/","url":"https:\/\/nordnesrepublikken.no\/wp-content\/uploads\/2025\/02\/cropped-nordnesrepublikken-2.png","contentUrl":"https:\/\/nordnesrepublikken.no\/wp-content\/uploads\/2025\/02\/cropped-nordnesrepublikken-2.png","width":1248,"height":362,"caption":"Nordnesrepublikken"},"image":{"@id":"https:\/\/nordnesrepublikken.no\/#\/schema\/logo\/image\/"}},{"@type":"Person","@id":"https:\/\/nordnesrepublikken.no\/#\/schema\/person\/2e7e81935bab77882fffb79296240ff1","name":"Ole Andersen","image":{"@type":"ImageObject","inLanguage":"nb-NO","@id":"https:\/\/nordnesrepublikken.no\/#\/schema\/person\/image\/","url":"https:\/\/nordnesrepublikken.no\/wp-content\/uploads\/2025\/02\/nordnesrepublikken-2-2-150x150.jpg","contentUrl":"https:\/\/nordnesrepublikken.no\/wp-content\/uploads\/2025\/02\/nordnesrepublikken-2-2-150x150.jpg","caption":"Ole Andersen"},"description":"Ettersom jeg vokste opp i Oslo, har jeg alltid v\u00e6rt fascinert av ordenes kraft og deres evne til \u00e5 skape endringer. Etter \u00e5 ha fullf\u00f8rt min utdannelse i kommunikasjon ved Universitetet i Bergen, fikk jeg muligheten til \u00e5 jobbe innen ulike medier, der jeg har s\u00f8kt \u00e5 belyse viktige samfunnssp\u00f8rsm\u00e5l. I dag, som redakt\u00f8r for Nordnesrepublikken, pr\u00f8ver jeg \u00e5 forene min kj\u00e6rlighet for journalistikk med min lidenskap for innovasjon og eventyr.","sameAs":["https:\/\/nordnesrepublikken.no\/"]}]}},"_links":{"self":[{"href":"https:\/\/nordnesrepublikken.no\/index.php\/wp-json\/wp\/v2\/posts\/12237","targetHints":{"allow":["GET"]}}],"collection":[{"href":"https:\/\/nordnesrepublikken.no\/index.php\/wp-json\/wp\/v2\/posts"}],"about":[{"href":"https:\/\/nordnesrepublikken.no\/index.php\/wp-json\/wp\/v2\/types\/post"}],"author":[{"embeddable":true,"href":"https:\/\/nordnesrepublikken.no\/index.php\/wp-json\/wp\/v2\/users\/1"}],"replies":[{"embeddable":true,"href":"https:\/\/nordnesrepublikken.no\/index.php\/wp-json\/wp\/v2\/comments?post=12237"}],"version-history":[{"count":1,"href":"https:\/\/nordnesrepublikken.no\/index.php\/wp-json\/wp\/v2\/posts\/12237\/revisions"}],"predecessor-version":[{"id":12239,"href":"https:\/\/nordnesrepublikken.no\/index.php\/wp-json\/wp\/v2\/posts\/12237\/revisions\/12239"}],"wp:featuredmedia":[{"embeddable":true,"href":"https:\/\/nordnesrepublikken.no\/index.php\/wp-json\/wp\/v2\/media\/12238"}],"wp:attachment":[{"href":"https:\/\/nordnesrepublikken.no\/index.php\/wp-json\/wp\/v2\/media?parent=12237"}],"wp:term":[{"taxonomy":"category","embeddable":true,"href":"https:\/\/nordnesrepublikken.no\/index.php\/wp-json\/wp\/v2\/categories?post=12237"},{"taxonomy":"post_tag","embeddable":true,"href":"https:\/\/nordnesrepublikken.no\/index.php\/wp-json\/wp\/v2\/tags?post=12237"}],"curies":[{"name":"wp","href":"https:\/\/api.w.org\/{rel}","templated":true}]}}